{"id":6613,"date":"2021-09-22T16:48:02","date_gmt":"2021-09-22T16:48:02","guid":{"rendered":"https:\/\/noti-america.com\/site\/mexico\/?p=6613"},"modified":"2021-09-22T16:48:02","modified_gmt":"2021-09-22T16:48:02","slug":"1er-aniversario-de-balsamo-para-el-corazon-moderado-por-la-prof-patricia-escobedo","status":"publish","type":"post","link":"https:\/\/noti-america.com\/site\/mexico\/2021\/09\/22\/1er-aniversario-de-balsamo-para-el-corazon-moderado-por-la-prof-patricia-escobedo\/","title":{"rendered":"1er Aniversario de \u00abB\u00e1lsamo para el coraz\u00f3n\u00bb moderado por la Prof.Patricia Escobedo"},"content":{"rendered":"<p><strong>Noti-Am\u00e9rica M\u00e9xico<\/strong><br \/>\n<strong>Ciudad de M\u00e9xico, DF.<\/strong><\/p>\n<p>&nbsp;<\/p>\n<p style=\"text-align: justify\">Cuando nos apasiona lo que hacemos Dios nos abre puertas de bendiciones que nos permiten transmitir y aportar a otros desde nuestra esencia nos referimos a Patricia Escobedo nativa de la Ciudad de M\u00e9xico, Profesora normalista. Subdirectora de Gesti\u00f3n de la Escuela \u201cAlfredo E. Uruchurtu\u201d, Alcald\u00eda La Magdalena Contreras.<\/p>\n<p style=\"text-align: justify\">En honor a este 1er Aniversario hemos querido compartir con todos nuestros lectores lo que piensa y siente una Profesora que ama su profesi\u00f3n pero que adem\u00e1s la considera una completa bendici\u00f3n.<\/p>\n<p style=\"text-align: justify\">Eso de ser profesora es una verdadera bendici\u00f3n, pues aparte de que vas creando las habilidades para que los alumnos reconozcan sus do- nes y talentos, tambi\u00e9n vas ayudando a formar su propia magia con la colaboraci\u00f3n de sus padres en casa.<\/p>\n<p style=\"text-align: justify\">Sin temor a equivocarme, y despu\u00e9s de 36 a\u00f1os como docente, el c\u00famulo de emociones, el amor a la profesi\u00f3n, la alegr\u00eda de ense\u00f1ar y aprender todos los d\u00edas, la algarab\u00eda de saber que has dejado huellas imborrables en los alumnos que te ha tocado la suerte de conocer, la incre\u00edble coincidencia que se puede lograr con el Universo de exalum- nos con los que a\u00fan tienes contacto y cercan\u00eda de amor; la grandeza de saber que los padres de tus exalumnos tambi\u00e9n pueden coincidir contigo al paso de los a\u00f1os; la complicidad que tras tantos a\u00f1os vas reafirmando con tus compa\u00f1eros y excompa\u00f1eros de trabajo con los que a\u00fan tienes v\u00ednculos, son, sin duda, peque\u00f1os cristales de un gi- gantesco caleidoscopio al que yo llamo gratitud por la docencia, amor por la profesi\u00f3n, energ\u00eda y vocaci\u00f3n.<\/p>\n<p style=\"text-align: justify\">As\u00ed pues, es muy f\u00e1cil amar esta bell\u00edsima profesi\u00f3n y lo es m\u00e1s a\u00fan al palpar d\u00eda con d\u00eda lo que vas logrando en las mentes y los co- razones de tus alumnos; desde sus primeros trazos cuando est\u00e1n aprendiendo a escribir; sus primeras tomas de lectura cuando est\u00e1n ingresando al fascinante mundo de la lectura; sus caras de satisfacci\u00f3n cuando lograron sin ayuda realizar la secuencia de saltos y carreras en un circuito organizado por el colega de Educaci\u00f3n F\u00edsica; su alegr\u00eda cuando logr\u00f3 terminar esa manualidad con hojas de \u00e1rboles y natu- raleza muerta para crear un cuadro art\u00edstico por dem\u00e1s fascinante; el empe\u00f1o enorme que se ve recompensado en aplausos y porras tras haber terminado la coreograf\u00eda completa del villancico para la fiesta de Navidad en la que, con un poquito de nervios, pero despu\u00e9s con gran pasi\u00f3n, tu grupo de alumnos va a presentar ante un p\u00fablico euf\u00f3rico de atentos pap\u00e1s que s\u00f3lo desean ver a su hijo participar en este evento que ya se saben de memoria pues lo ensayaron mil y un veces para que quedara espl\u00e9ndido; y qu\u00e9 tal la cara de incertidumbre cuando\u00a0\u00a0 es el d\u00eda de la entrega de calificaciones y con padres reunidos y gran expectativa tus alumnos quedan complacidos pues sus evaluaciones s\u00f3lo son el reflejo de un trabajo realizado con cari\u00f1o y disciplina.<\/p>\n<p style=\"text-align: justify\">Los momentos de la profesi\u00f3n docentes son m\u00faltiples y m\u00e1gicos, abarcan un conglomerado enorme de satisfacciones, un infinito uni- verso de responsabilidades y compromisos al tener en nuestras ma- nos seres humanos en formaci\u00f3n y montones de momentos m\u00e1gicos e indescriptibles; un caudal infinito de experiencias y recuerdos que, en mi caso, se agolpan despu\u00e9s de 36 a\u00f1os de labor docente y que con- vergen en una sola palabra que resguarda una gran certeza: \u00a1AGRADE- CIMIENTO!<\/p>\n<p style=\"text-align: justify\">Yo estoy muy orgullosa de lo que hago y soy, pues es una elecci\u00f3n de vida seleccionar ser un docente y vivirlo cada d\u00eda con amor, magia y disciplina, pues sin dudarlo, el profesor es el coraz\u00f3n del sistema edu- cativo y tiene un engranaje perfecto en su sincron\u00eda con los alumnos a su cargo; juntos somos una colecci\u00f3n de alegr\u00edas y aprendizajes que se retroalimentan todos los d\u00edas y a cada instante, no importando si estamos de manera presencial en las aulas o a trav\u00e9s de una peque\u00f1a pantalla de manera virtual durante los tiempos de pandemia; la labor docente existe siempre, pues est\u00e1n cerradas las escuelas pero no los corazones y las almas de maestros y alumnos que juntos se sincroni- zan para avanzar en la labor de ense\u00f1ar y aprender.<\/p>\n<p>En eso consiste, sin duda, el amor a la profesi\u00f3n pues en mi caso<\/p>\n<p>\u00a1ser profesora despu\u00e9s de 36 a\u00f1os es una bendici\u00f3n!<\/p>\n<p style=\"text-align: justify\">Esta profesional de la Educaci\u00f3n forma parte de la Organizaci\u00f3n Met2Het2 International como Embajadora en M\u00e9xico y gracias a aceptar la invitaci\u00f3n por parte de la Presidencia de la misma desarrollo el Programa a trav\u00e9s de Facebook Live al que ha llamado \u00abB\u00e1lsamo para el Coraz\u00f3n\u00bb Trucos y claves para leer, ense\u00f1ar y vivir.<\/p>\n<p style=\"text-align: justify\">Este Programa esta cumpliendo su 1er Aniversario y ha sido de mucho aporte y aprendizaje para todos sus oyentes, enfocada en leernos reflexiones que nos motivan a ser mejores seres humanos, a educar a nuestros hijos, pero adem\u00e1s cuando la escuchamos leer esas historias su tono de voz y esa forma tan peculiar de leernos cada texto nos envuelve en la magia de cada cuento, de cada lectura, de cada reflexi\u00f3n, haci\u00e9ndonos sentir parte de esto recordando nuestra infancia pero a su vez d\u00e1ndonos un mensaje motivador.<\/p>\n<p>Esta tarde les invitamos a acceder a su Programa Aniversario desde las 4pm hora de M\u00e9xico a trav\u00e9s de\u00a0<a href=\"http:\/\/www.facebook.com\/organizacionmet2het2\">http:\/\/www.facebook.com\/organizacionmet2het2<\/a><\/p>\n<p>Instagram @paty_escobedo<\/p>\n<p><strong>\u00a0<\/strong><\/p>\n<p>&nbsp;<\/p>\n<p>&nbsp;<\/p>\n<p>&nbsp;<\/p>\n","protected":false},"excerpt":{"rendered":"<p>Noti-Am\u00e9rica M\u00e9xico Ciudad de M\u00e9xico, DF. &nbsp; Cuando nos apasiona lo que hacemos Dios nos abre puertas de bendiciones que nos permiten transmitir y aportar a otros desde nuestra esencia nos referimos a Patricia&#46;&#46;&#46;<\/p>\n","protected":false},"author":87,"featured_media":6614,"comment_status":"open","ping_status":"open","sticky":false,"template":"","format":"image","meta":{"_acf_changed":false,"om_disable_all_campaigns":false,"rop_custom_images_group":[],"rop_custom_messages_group":[],"rop_publish_now":"initial","rop_publish_now_accounts":{"twitter_242054905_242054905":""},"rop_publish_now_history":[],"rop_publish_now_status":"pending","_uf_show_specific_survey":0,"_uf_disable_surveys":false,"footnotes":""},"categories":[10,738],"tags":[],"class_list":["post-6613","post","type-post","status-publish","format-image","has-post-thumbnail","hentry","category-acturalidad","category-educacion","post_format-post-format-image"],"acf":[],"aioseo_notices":[],"yoast_head":"<!-- This site is optimized with the Yoast SEO Premium plugin v24.9 (Yoast SEO v27.2) - https:\/\/yoast.com\/product\/yoast-seo-premium-wordpress\/ -->\n<title>1er Aniversario de &quot;B\u00e1lsamo para el coraz\u00f3n&quot; moderado por la Prof.Patricia Escobedo - M\u00e9xico<\/title>\n<meta name=\"robots\" content=\"index, follow, max-snippet:-1, max-image-preview:large, max-video-preview:-1\" \/>\n<link rel=\"canonical\" href=\"https:\/\/noti-america.com\/site\/mexico\/2021\/09\/22\/1er-aniversario-de-balsamo-para-el-corazon-moderado-por-la-prof-patricia-escobedo\/\" \/>\n<meta property=\"og:locale\" content=\"es_ES\" \/>\n<meta property=\"og:type\" content=\"article\" \/>\n<meta property=\"og:title\" content=\"1er Aniversario de &quot;B\u00e1lsamo para el coraz\u00f3n&quot; moderado por la Prof.Patricia Escobedo\" \/>\n<meta property=\"og:description\" content=\"Noti-Am\u00e9rica M\u00e9xico Ciudad de M\u00e9xico, DF. &nbsp; Cuando nos apasiona lo que hacemos Dios nos abre puertas de bendiciones que nos permiten transmitir y aportar a otros desde nuestra esencia nos referimos a Patricia&#046;&#046;&#046;\" \/>\n<meta property=\"og:url\" content=\"https:\/\/noti-america.com\/site\/mexico\/2021\/09\/22\/1er-aniversario-de-balsamo-para-el-corazon-moderado-por-la-prof-patricia-escobedo\/\" \/>\n<meta property=\"og:site_name\" content=\"M\u00e9xico\" \/>\n<meta property=\"article:published_time\" content=\"2021-09-22T16:48:02+00:00\" \/>\n<meta property=\"og:image\" content=\"https:\/\/noti-america.com\/site\/mexico\/wp-content\/uploads\/sites\/13\/2021\/09\/Copia-de-Happy-Birthday-greeting-Card-Hecho-con-PosterMyWall.jpg\" \/>\n\t<meta property=\"og:image:width\" content=\"1080\" \/>\n\t<meta property=\"og:image:height\" content=\"1080\" \/>\n\t<meta property=\"og:image:type\" content=\"image\/jpeg\" \/>\n<meta name=\"author\" content=\"CAMH\" \/>\n<meta name=\"twitter:card\" content=\"summary_large_image\" \/>\n<meta name=\"twitter:label1\" content=\"Escrito por\" \/>\n\t<meta name=\"twitter:data1\" content=\"CAMH\" \/>\n\t<meta name=\"twitter:label2\" content=\"Tiempo estimado de lectura\" \/>\n\t<meta name=\"twitter:data2\" content=\"4 minutos\" \/>\n<script type=\"application\/ld+json\" class=\"yoast-schema-graph\">{\"@context\":\"https:\/\/schema.org\",\"@graph\":[{\"@type\":\"Article\",\"@id\":\"https:\/\/noti-america.com\/site\/mexico\/2021\/09\/22\/1er-aniversario-de-balsamo-para-el-corazon-moderado-por-la-prof-patricia-escobedo\/#article\",\"isPartOf\":{\"@id\":\"https:\/\/noti-america.com\/site\/mexico\/2021\/09\/22\/1er-aniversario-de-balsamo-para-el-corazon-moderado-por-la-prof-patricia-escobedo\/\"},\"author\":{\"name\":\"CAMH\",\"@id\":\"https:\/\/noti-america.com\/site\/mexico\/#\/schema\/person\/e13880b4308eea6926b271284605ef72\"},\"headline\":\"1er Aniversario de \u00abB\u00e1lsamo para el coraz\u00f3n\u00bb moderado por la Prof.Patricia Escobedo\",\"datePublished\":\"2021-09-22T16:48:02+00:00\",\"mainEntityOfPage\":{\"@id\":\"https:\/\/noti-america.com\/site\/mexico\/2021\/09\/22\/1er-aniversario-de-balsamo-para-el-corazon-moderado-por-la-prof-patricia-escobedo\/\"},\"wordCount\":1006,\"commentCount\":0,\"publisher\":{\"@id\":\"https:\/\/noti-america.com\/site\/mexico\/#organization\"},\"image\":{\"@id\":\"https:\/\/noti-america.com\/site\/mexico\/2021\/09\/22\/1er-aniversario-de-balsamo-para-el-corazon-moderado-por-la-prof-patricia-escobedo\/#primaryimage\"},\"thumbnailUrl\":\"https:\/\/noti-america.com\/site\/mexico\/wp-content\/uploads\/sites\/13\/2021\/09\/Copia-de-Happy-Birthday-greeting-Card-Hecho-con-PosterMyWall.jpg\",\"articleSection\":[\"Actualidad\",\"Educaci\u00f3n\"],\"inLanguage\":\"es\",\"potentialAction\":[{\"@type\":\"CommentAction\",\"name\":\"Comment\",\"target\":[\"https:\/\/noti-america.com\/site\/mexico\/2021\/09\/22\/1er-aniversario-de-balsamo-para-el-corazon-moderado-por-la-prof-patricia-escobedo\/#respond\"]}]},{\"@type\":\"WebPage\",\"@id\":\"https:\/\/noti-america.com\/site\/mexico\/2021\/09\/22\/1er-aniversario-de-balsamo-para-el-corazon-moderado-por-la-prof-patricia-escobedo\/\",\"url\":\"https:\/\/noti-america.com\/site\/mexico\/2021\/09\/22\/1er-aniversario-de-balsamo-para-el-corazon-moderado-por-la-prof-patricia-escobedo\/\",\"name\":\"1er Aniversario de \\\"B\u00e1lsamo para el coraz\u00f3n\\\" moderado por la Prof.Patricia Escobedo - M\u00e9xico\",\"isPartOf\":{\"@id\":\"https:\/\/noti-america.com\/site\/mexico\/#website\"},\"primaryImageOfPage\":{\"@id\":\"https:\/\/noti-america.com\/site\/mexico\/2021\/09\/22\/1er-aniversario-de-balsamo-para-el-corazon-moderado-por-la-prof-patricia-escobedo\/#primaryimage\"},\"image\":{\"@id\":\"https:\/\/noti-america.com\/site\/mexico\/2021\/09\/22\/1er-aniversario-de-balsamo-para-el-corazon-moderado-por-la-prof-patricia-escobedo\/#primaryimage\"},\"thumbnailUrl\":\"https:\/\/noti-america.com\/site\/mexico\/wp-content\/uploads\/sites\/13\/2021\/09\/Copia-de-Happy-Birthday-greeting-Card-Hecho-con-PosterMyWall.jpg\",\"datePublished\":\"2021-09-22T16:48:02+00:00\",\"breadcrumb\":{\"@id\":\"https:\/\/noti-america.com\/site\/mexico\/2021\/09\/22\/1er-aniversario-de-balsamo-para-el-corazon-moderado-por-la-prof-patricia-escobedo\/#breadcrumb\"},\"inLanguage\":\"es\",\"potentialAction\":[{\"@type\":\"ReadAction\",\"target\":[\"https:\/\/noti-america.com\/site\/mexico\/2021\/09\/22\/1er-aniversario-de-balsamo-para-el-corazon-moderado-por-la-prof-patricia-escobedo\/\"]}]},{\"@type\":\"ImageObject\",\"inLanguage\":\"es\",\"@id\":\"https:\/\/noti-america.com\/site\/mexico\/2021\/09\/22\/1er-aniversario-de-balsamo-para-el-corazon-moderado-por-la-prof-patricia-escobedo\/#primaryimage\",\"url\":\"https:\/\/noti-america.com\/site\/mexico\/wp-content\/uploads\/sites\/13\/2021\/09\/Copia-de-Happy-Birthday-greeting-Card-Hecho-con-PosterMyWall.jpg\",\"contentUrl\":\"https:\/\/noti-america.com\/site\/mexico\/wp-content\/uploads\/sites\/13\/2021\/09\/Copia-de-Happy-Birthday-greeting-Card-Hecho-con-PosterMyWall.jpg\",\"width\":1080,\"height\":1080},{\"@type\":\"BreadcrumbList\",\"@id\":\"https:\/\/noti-america.com\/site\/mexico\/2021\/09\/22\/1er-aniversario-de-balsamo-para-el-corazon-moderado-por-la-prof-patricia-escobedo\/#breadcrumb\",\"itemListElement\":[{\"@type\":\"ListItem\",\"position\":1,\"name\":\"Portada\",\"item\":\"https:\/\/noti-america.com\/site\/mexico\/\"},{\"@type\":\"ListItem\",\"position\":2,\"name\":\"1er Aniversario de \u00abB\u00e1lsamo para el coraz\u00f3n\u00bb moderado por la Prof.Patricia Escobedo\"}]},{\"@type\":\"WebSite\",\"@id\":\"https:\/\/noti-america.com\/site\/mexico\/#website\",\"url\":\"https:\/\/noti-america.com\/site\/mexico\/\",\"name\":\"M\u00e9xico | Noti-America.com\",\"description\":\"\",\"publisher\":{\"@id\":\"https:\/\/noti-america.com\/site\/mexico\/#organization\"},\"potentialAction\":[{\"@type\":\"SearchAction\",\"target\":{\"@type\":\"EntryPoint\",\"urlTemplate\":\"https:\/\/noti-america.com\/site\/mexico\/?s={search_term_string}\"},\"query-input\":{\"@type\":\"PropertyValueSpecification\",\"valueRequired\":true,\"valueName\":\"search_term_string\"}}],\"inLanguage\":\"es\"},{\"@type\":\"Organization\",\"@id\":\"https:\/\/noti-america.com\/site\/mexico\/#organization\",\"name\":\"Noti-America LLC | M\u00e9xico\",\"url\":\"https:\/\/noti-america.com\/site\/mexico\/\",\"logo\":{\"@type\":\"ImageObject\",\"inLanguage\":\"es\",\"@id\":\"https:\/\/noti-america.com\/site\/mexico\/#\/schema\/logo\/image\/\",\"url\":\"https:\/\/noti-america.com\/site\/mexico\/wp-content\/uploads\/sites\/13\/2020\/07\/LogoNA-4x3-1.jpg\",\"contentUrl\":\"https:\/\/noti-america.com\/site\/mexico\/wp-content\/uploads\/sites\/13\/2020\/07\/LogoNA-4x3-1.jpg\",\"width\":1236,\"height\":1080,\"caption\":\"Noti-America LLC | M\u00e9xico\"},\"image\":{\"@id\":\"https:\/\/noti-america.com\/site\/mexico\/#\/schema\/logo\/image\/\"}},{\"@type\":\"Person\",\"@id\":\"https:\/\/noti-america.com\/site\/mexico\/#\/schema\/person\/e13880b4308eea6926b271284605ef72\",\"name\":\"CAMH\",\"image\":{\"@type\":\"ImageObject\",\"inLanguage\":\"es\",\"@id\":\"https:\/\/secure.gravatar.com\/avatar\/82aa99c723cbed2b304797bc218a5542b5a94d7f5d0ba3b39650aef53c28ecf5?s=96&d=mm&r=g\",\"url\":\"https:\/\/secure.gravatar.com\/avatar\/82aa99c723cbed2b304797bc218a5542b5a94d7f5d0ba3b39650aef53c28ecf5?s=96&d=mm&r=g\",\"contentUrl\":\"https:\/\/secure.gravatar.com\/avatar\/82aa99c723cbed2b304797bc218a5542b5a94d7f5d0ba3b39650aef53c28ecf5?s=96&d=mm&r=g\",\"caption\":\"CAMH\"},\"url\":\"https:\/\/noti-america.com\/site\/mexico\/author\/cmitchell\/\"}]}<\/script>\n<!-- \/ Yoast SEO Premium plugin. -->","yoast_head_json":{"title":"1er Aniversario de \"B\u00e1lsamo para el coraz\u00f3n\" moderado por la Prof.Patricia Escobedo - M\u00e9xico","robots":{"index":"index","follow":"follow","max-snippet":"max-snippet:-1","max-image-preview":"max-image-preview:large","max-video-preview":"max-video-preview:-1"},"canonical":"https:\/\/noti-america.com\/site\/mexico\/2021\/09\/22\/1er-aniversario-de-balsamo-para-el-corazon-moderado-por-la-prof-patricia-escobedo\/","og_locale":"es_ES","og_type":"article","og_title":"1er Aniversario de \"B\u00e1lsamo para el coraz\u00f3n\" moderado por la Prof.Patricia Escobedo","og_description":"Noti-Am\u00e9rica M\u00e9xico Ciudad de M\u00e9xico, DF. &nbsp; Cuando nos apasiona lo que hacemos Dios nos abre puertas de bendiciones que nos permiten transmitir y aportar a otros desde nuestra esencia nos referimos a Patricia&#46;&#46;&#46;","og_url":"https:\/\/noti-america.com\/site\/mexico\/2021\/09\/22\/1er-aniversario-de-balsamo-para-el-corazon-moderado-por-la-prof-patricia-escobedo\/","og_site_name":"M\u00e9xico","article_published_time":"2021-09-22T16:48:02+00:00","og_image":[{"width":1080,"height":1080,"url":"https:\/\/noti-america.com\/site\/mexico\/wp-content\/uploads\/sites\/13\/2021\/09\/Copia-de-Happy-Birthday-greeting-Card-Hecho-con-PosterMyWall.jpg","type":"image\/jpeg"}],"author":"CAMH","twitter_card":"summary_large_image","twitter_misc":{"Escrito por":"CAMH","Tiempo estimado de lectura":"4 minutos"},"schema":{"@context":"https:\/\/schema.org","@graph":[{"@type":"Article","@id":"https:\/\/noti-america.com\/site\/mexico\/2021\/09\/22\/1er-aniversario-de-balsamo-para-el-corazon-moderado-por-la-prof-patricia-escobedo\/#article","isPartOf":{"@id":"https:\/\/noti-america.com\/site\/mexico\/2021\/09\/22\/1er-aniversario-de-balsamo-para-el-corazon-moderado-por-la-prof-patricia-escobedo\/"},"author":{"name":"CAMH","@id":"https:\/\/noti-america.com\/site\/mexico\/#\/schema\/person\/e13880b4308eea6926b271284605ef72"},"headline":"1er Aniversario de \u00abB\u00e1lsamo para el coraz\u00f3n\u00bb moderado por la Prof.Patricia Escobedo","datePublished":"2021-09-22T16:48:02+00:00","mainEntityOfPage":{"@id":"https:\/\/noti-america.com\/site\/mexico\/2021\/09\/22\/1er-aniversario-de-balsamo-para-el-corazon-moderado-por-la-prof-patricia-escobedo\/"},"wordCount":1006,"commentCount":0,"publisher":{"@id":"https:\/\/noti-america.com\/site\/mexico\/#organization"},"image":{"@id":"https:\/\/noti-america.com\/site\/mexico\/2021\/09\/22\/1er-aniversario-de-balsamo-para-el-corazon-moderado-por-la-prof-patricia-escobedo\/#primaryimage"},"thumbnailUrl":"https:\/\/noti-america.com\/site\/mexico\/wp-content\/uploads\/sites\/13\/2021\/09\/Copia-de-Happy-Birthday-greeting-Card-Hecho-con-PosterMyWall.jpg","articleSection":["Actualidad","Educaci\u00f3n"],"inLanguage":"es","potentialAction":[{"@type":"CommentAction","name":"Comment","target":["https:\/\/noti-america.com\/site\/mexico\/2021\/09\/22\/1er-aniversario-de-balsamo-para-el-corazon-moderado-por-la-prof-patricia-escobedo\/#respond"]}]},{"@type":"WebPage","@id":"https:\/\/noti-america.com\/site\/mexico\/2021\/09\/22\/1er-aniversario-de-balsamo-para-el-corazon-moderado-por-la-prof-patricia-escobedo\/","url":"https:\/\/noti-america.com\/site\/mexico\/2021\/09\/22\/1er-aniversario-de-balsamo-para-el-corazon-moderado-por-la-prof-patricia-escobedo\/","name":"1er Aniversario de \"B\u00e1lsamo para el coraz\u00f3n\" moderado por la Prof.Patricia Escobedo - M\u00e9xico","isPartOf":{"@id":"https:\/\/noti-america.com\/site\/mexico\/#website"},"primaryImageOfPage":{"@id":"https:\/\/noti-america.com\/site\/mexico\/2021\/09\/22\/1er-aniversario-de-balsamo-para-el-corazon-moderado-por-la-prof-patricia-escobedo\/#primaryimage"},"image":{"@id":"https:\/\/noti-america.com\/site\/mexico\/2021\/09\/22\/1er-aniversario-de-balsamo-para-el-corazon-moderado-por-la-prof-patricia-escobedo\/#primaryimage"},"thumbnailUrl":"https:\/\/noti-america.com\/site\/mexico\/wp-content\/uploads\/sites\/13\/2021\/09\/Copia-de-Happy-Birthday-greeting-Card-Hecho-con-PosterMyWall.jpg","datePublished":"2021-09-22T16:48:02+00:00","breadcrumb":{"@id":"https:\/\/noti-america.com\/site\/mexico\/2021\/09\/22\/1er-aniversario-de-balsamo-para-el-corazon-moderado-por-la-prof-patricia-escobedo\/#breadcrumb"},"inLanguage":"es","potentialAction":[{"@type":"ReadAction","target":["https:\/\/noti-america.com\/site\/mexico\/2021\/09\/22\/1er-aniversario-de-balsamo-para-el-corazon-moderado-por-la-prof-patricia-escobedo\/"]}]},{"@type":"ImageObject","inLanguage":"es","@id":"https:\/\/noti-america.com\/site\/mexico\/2021\/09\/22\/1er-aniversario-de-balsamo-para-el-corazon-moderado-por-la-prof-patricia-escobedo\/#primaryimage","url":"https:\/\/noti-america.com\/site\/mexico\/wp-content\/uploads\/sites\/13\/2021\/09\/Copia-de-Happy-Birthday-greeting-Card-Hecho-con-PosterMyWall.jpg","contentUrl":"https:\/\/noti-america.com\/site\/mexico\/wp-content\/uploads\/sites\/13\/2021\/09\/Copia-de-Happy-Birthday-greeting-Card-Hecho-con-PosterMyWall.jpg","width":1080,"height":1080},{"@type":"BreadcrumbList","@id":"https:\/\/noti-america.com\/site\/mexico\/2021\/09\/22\/1er-aniversario-de-balsamo-para-el-corazon-moderado-por-la-prof-patricia-escobedo\/#breadcrumb","itemListElement":[{"@type":"ListItem","position":1,"name":"Portada","item":"https:\/\/noti-america.com\/site\/mexico\/"},{"@type":"ListItem","position":2,"name":"1er Aniversario de \u00abB\u00e1lsamo para el coraz\u00f3n\u00bb moderado por la Prof.Patricia Escobedo"}]},{"@type":"WebSite","@id":"https:\/\/noti-america.com\/site\/mexico\/#website","url":"https:\/\/noti-america.com\/site\/mexico\/","name":"M\u00e9xico | Noti-America.com","description":"","publisher":{"@id":"https:\/\/noti-america.com\/site\/mexico\/#organization"},"potentialAction":[{"@type":"SearchAction","target":{"@type":"EntryPoint","urlTemplate":"https:\/\/noti-america.com\/site\/mexico\/?s={search_term_string}"},"query-input":{"@type":"PropertyValueSpecification","valueRequired":true,"valueName":"search_term_string"}}],"inLanguage":"es"},{"@type":"Organization","@id":"https:\/\/noti-america.com\/site\/mexico\/#organization","name":"Noti-America LLC | M\u00e9xico","url":"https:\/\/noti-america.com\/site\/mexico\/","logo":{"@type":"ImageObject","inLanguage":"es","@id":"https:\/\/noti-america.com\/site\/mexico\/#\/schema\/logo\/image\/","url":"https:\/\/noti-america.com\/site\/mexico\/wp-content\/uploads\/sites\/13\/2020\/07\/LogoNA-4x3-1.jpg","contentUrl":"https:\/\/noti-america.com\/site\/mexico\/wp-content\/uploads\/sites\/13\/2020\/07\/LogoNA-4x3-1.jpg","width":1236,"height":1080,"caption":"Noti-America LLC | M\u00e9xico"},"image":{"@id":"https:\/\/noti-america.com\/site\/mexico\/#\/schema\/logo\/image\/"}},{"@type":"Person","@id":"https:\/\/noti-america.com\/site\/mexico\/#\/schema\/person\/e13880b4308eea6926b271284605ef72","name":"CAMH","image":{"@type":"ImageObject","inLanguage":"es","@id":"https:\/\/secure.gravatar.com\/avatar\/82aa99c723cbed2b304797bc218a5542b5a94d7f5d0ba3b39650aef53c28ecf5?s=96&d=mm&r=g","url":"https:\/\/secure.gravatar.com\/avatar\/82aa99c723cbed2b304797bc218a5542b5a94d7f5d0ba3b39650aef53c28ecf5?s=96&d=mm&r=g","contentUrl":"https:\/\/secure.gravatar.com\/avatar\/82aa99c723cbed2b304797bc218a5542b5a94d7f5d0ba3b39650aef53c28ecf5?s=96&d=mm&r=g","caption":"CAMH"},"url":"https:\/\/noti-america.com\/site\/mexico\/author\/cmitchell\/"}]}},"_links":{"self":[{"href":"https:\/\/noti-america.com\/site\/mexico\/wp-json\/wp\/v2\/posts\/6613","targetHints":{"allow":["GET"]}}],"collection":[{"href":"https:\/\/noti-america.com\/site\/mexico\/wp-json\/wp\/v2\/posts"}],"about":[{"href":"https:\/\/noti-america.com\/site\/mexico\/wp-json\/wp\/v2\/types\/post"}],"author":[{"embeddable":true,"href":"https:\/\/noti-america.com\/site\/mexico\/wp-json\/wp\/v2\/users\/87"}],"replies":[{"embeddable":true,"href":"https:\/\/noti-america.com\/site\/mexico\/wp-json\/wp\/v2\/comments?post=6613"}],"version-history":[{"count":1,"href":"https:\/\/noti-america.com\/site\/mexico\/wp-json\/wp\/v2\/posts\/6613\/revisions"}],"predecessor-version":[{"id":6615,"href":"https:\/\/noti-america.com\/site\/mexico\/wp-json\/wp\/v2\/posts\/6613\/revisions\/6615"}],"wp:featuredmedia":[{"embeddable":true,"href":"https:\/\/noti-america.com\/site\/mexico\/wp-json\/wp\/v2\/media\/6614"}],"wp:attachment":[{"href":"https:\/\/noti-america.com\/site\/mexico\/wp-json\/wp\/v2\/media?parent=6613"}],"wp:term":[{"taxonomy":"category","embeddable":true,"href":"https:\/\/noti-america.com\/site\/mexico\/wp-json\/wp\/v2\/categories?post=6613"},{"taxonomy":"post_tag","embeddable":true,"href":"https:\/\/noti-america.com\/site\/mexico\/wp-json\/wp\/v2\/tags?post=6613"}],"curies":[{"name":"wp","href":"https:\/\/api.w.org\/{rel}","templated":true}]}}