{"id":6591,"date":"2021-09-08T03:28:27","date_gmt":"2021-09-08T03:28:27","guid":{"rendered":"https:\/\/noti-america.com\/site\/mexico\/?p=6591"},"modified":"2021-09-08T03:28:27","modified_gmt":"2021-09-08T03:28:27","slug":"un-terremoto-de-magnitud-71-sacude-el-centro-de-mexico","status":"publish","type":"post","link":"https:\/\/noti-america.com\/site\/mexico\/2021\/09\/08\/un-terremoto-de-magnitud-71-sacude-el-centro-de-mexico\/","title":{"rendered":"Un terremoto de magnitud 7,1 sacude el centro de M\u00e9xico"},"content":{"rendered":"<p><strong>Noti-Am\u00e9rica (M\u00e9xico)<\/strong><br \/>\n<strong>Ciudad de M\u00e9xico,DF.<\/strong><\/p>\n<p>&nbsp;<\/p>\n<h2 class=\"a_st font_secondary color_gray_dark \">El sismo se origin\u00f3 a 14 kil\u00f3metros al sureste de Acapulco, en el Estado sure\u00f1o de Guerrero.<\/h2>\n<p class=\"\" style=\"text-align: justify\">seguridad. \u201cSe han realizado tres sobrevuelos y no se encuentra da\u00f1o alguno. Acabo de hablar con el presidente y le di esta informaci\u00f3n. Sabemos que hay muchos lugares sin energ\u00eda el\u00e9ctrica, les pido a todos mucha tranquilidad\u201d, ha dicho.<\/p>\n<p class=\"\" style=\"text-align: justify\">Las autoridades civiles del Estado de Guerrero, el epicentro, han informado que no han registrado heridos hasta el momento, pero han alertado a los ciudadanos de deslizamientos de tierras en las carreteras. \u201cEstemos atentos a sus recomendaciones y pendientes en caso de que haya r\u00e9plicas\u201d, ha advertido el gobernador, H\u00e9ctor Astudillo, ante los medios de comunicaci\u00f3n. \u201cEstamos haciendo una revisi\u00f3n muy r\u00e1pida. De momento, en la zona de Acapulco ha generado mucha alerta, pero nada de gravedad\u201d, ha agregado. En algunas zonas costeras de esa entidad se han visto im\u00e1genes de coches aplastados por vigas. Adela Rom\u00e1n, la alcaldesa de Acapulco, ha dicho en el canal Foro 4 que no registraron da\u00f1os mayores, solo \u201capagones y fugas de gasolina que se est\u00e1n atendiendo\u201d.<\/p>\n<p class=\"\" style=\"text-align: justify\">\u201cAfortunadamente no hay da\u00f1os mayores. Piedras, ca\u00eddas de bardas. Lo mismo en Morelos, no hay da\u00f1os en Oaxaca, en Puebla, no hay da\u00f1os graves en la Ciudad de M\u00e9xico. El general Sandoval, secretario de la Defensa, ha hecho una revisi\u00f3n en todas las zonas militares\u201d, ha dicho L\u00f3pez Obrador a trav\u00e9s de un mensaje difundido en las redes sociales. El Departamento de Protecci\u00f3n Civil del Gobierno de M\u00e9xico ha hecho un relevo de la situaci\u00f3n en los diferentes Estados del pa\u00eds. En Guerrero se han activado los protocolos de sismo: evacuaci\u00f3n de edificios y hoteles. En Ciudad de M\u00e9xico \u201cse mantiene el monitoreo\u201d. Los Estados de Quer\u00e9taro, Veracruz, Tlaxcala y Puebla han comenzado a realizar recorridos de revisi\u00f3n en los edificios.<\/p>\n<p class=\"\" style=\"text-align: justify\">Vecinos de distintas colonias de la capital mexicana avisaron a las autoridades sobre posibles fugas de gas, denuncias que han sido atendidas por los bomberos. Un hombre que reside en la colonia Roma Sur coment\u00f3 a este peri\u00f3dico que sobre la calle Tehuantepec se encontraban revisando algunos edificios ante posibles p\u00e9rdidas de gas. En algunos puntos de la ciudad se registraron cortes del servicio de telefon\u00eda y de internet. Myriam Urz\u00faa, la secretaria de Gesti\u00f3n Integral de Riesgos, ha anunciado que son tres las alcald\u00edas con cortes de luz parcial, y ha asegurado que ning\u00fan hospital de la ciudad ha sufrido da\u00f1os. El director del Instituto Mexicano del Seguro Social, Zo\u00e9 Robledo, ha informado que los hospitales en los Estados afectados fueron evacuados, pero ninguno sufri\u00f3 da\u00f1os importantes.<\/p>\n<p class=\"\" style=\"text-align: justify\">Algunas personas que viajaban en la l\u00ednea uno del cableb\u00fas en la capital quedaron atrapadas por el sismo. \u201cSe hizo desalojo total de L1 de Cableb\u00fas y desalojo Bucle B de L2. Hay una falta de suministro el\u00e9ctrico en la zona del Bucle A de la L\u00ednea 2. Pedimos tranquilidad a personas en cabinas. Est\u00e1n seguros. Se est\u00e1 resolviendo el suministro el\u00e9ctrico Servicios de emergencia en camino\u201d, public\u00f3 en Twitter Andr\u00e9s Lajaous, secretario de Movilidad de la capital.<\/p>\n<p class=\"\" style=\"text-align: justify\">El terremoto de este martes se produce el mismo d\u00eda que uno de 8,2 en Oaxaca en 2017 que caus\u00f3 un centenar de muertes. 12 d\u00edas despu\u00e9s, el 19 de septiembre, otro terremoto, este de 7,1 sacudi\u00f3 la capital de M\u00e9xico, provocando la muerte de m\u00e1s de 350 personas.<\/p>\n<p>Fuente: elpais.com<\/p>\n<p>&nbsp;<\/p>\n","protected":false},"excerpt":{"rendered":"<p>Noti-Am\u00e9rica (M\u00e9xico) Ciudad de M\u00e9xico,DF. &nbsp; El sismo se origin\u00f3 a 14 kil\u00f3metros al sureste de Acapulco, en el Estado sure\u00f1o de Guerrero. seguridad. \u201cSe han realizado tres sobrevuelos y no se encuentra da\u00f1o&#46;&#46;&#46;<\/p>\n","protected":false},"author":87,"featured_media":6592,"comment_status":"open","ping_status":"open","sticky":false,"template":"","format":"image","meta":{"_acf_changed":false,"om_disable_all_campaigns":false,"rop_custom_images_group":[],"rop_custom_messages_group":[],"rop_publish_now":"initial","rop_publish_now_accounts":{"twitter_242054905_242054905":""},"rop_publish_now_history":[],"rop_publish_now_status":"pending","_uf_show_specific_survey":0,"_uf_disable_surveys":false,"footnotes":""},"categories":[10],"tags":[],"class_list":["post-6591","post","type-post","status-publish","format-image","has-post-thumbnail","hentry","category-acturalidad","post_format-post-format-image"],"acf":[],"aioseo_notices":[],"yoast_head":"<!-- This site is optimized with the Yoast SEO Premium plugin v24.9 (Yoast SEO v27.2) - https:\/\/yoast.com\/product\/yoast-seo-premium-wordpress\/ -->\n<title>Un terremoto de magnitud 7,1 sacude el centro de M\u00e9xico - M\u00e9xico<\/title>\n<meta name=\"robots\" content=\"index, follow, max-snippet:-1, max-image-preview:large, max-video-preview:-1\" \/>\n<link rel=\"canonical\" href=\"https:\/\/noti-america.com\/site\/mexico\/2021\/09\/08\/un-terremoto-de-magnitud-71-sacude-el-centro-de-mexico\/\" \/>\n<meta property=\"og:locale\" content=\"es_ES\" \/>\n<meta property=\"og:type\" content=\"article\" \/>\n<meta property=\"og:title\" content=\"Un terremoto de magnitud 7,1 sacude el centro de M\u00e9xico\" \/>\n<meta property=\"og:description\" content=\"Noti-Am\u00e9rica (M\u00e9xico) Ciudad de M\u00e9xico,DF. &nbsp; El sismo se origin\u00f3 a 14 kil\u00f3metros al sureste de Acapulco, en el Estado sure\u00f1o de Guerrero. seguridad. \u201cSe han realizado tres sobrevuelos y no se encuentra da\u00f1o&#046;&#046;&#046;\" \/>\n<meta property=\"og:url\" content=\"https:\/\/noti-america.com\/site\/mexico\/2021\/09\/08\/un-terremoto-de-magnitud-71-sacude-el-centro-de-mexico\/\" \/>\n<meta property=\"og:site_name\" content=\"M\u00e9xico\" \/>\n<meta property=\"article:published_time\" content=\"2021-09-08T03:28:27+00:00\" \/>\n<meta property=\"og:image\" content=\"https:\/\/noti-america.com\/site\/mexico\/wp-content\/uploads\/sites\/13\/2021\/09\/PJS7YF4CPYQTTC3DZMSPETLDKM.jpg\" \/>\n\t<meta property=\"og:image:width\" content=\"1960\" \/>\n\t<meta property=\"og:image:height\" content=\"1331\" \/>\n\t<meta property=\"og:image:type\" content=\"image\/jpeg\" \/>\n<meta name=\"author\" content=\"CAMH\" \/>\n<meta name=\"twitter:card\" content=\"summary_large_image\" \/>\n<meta name=\"twitter:label1\" content=\"Escrito por\" \/>\n\t<meta name=\"twitter:data1\" content=\"CAMH\" \/>\n\t<meta name=\"twitter:label2\" content=\"Tiempo estimado de lectura\" \/>\n\t<meta name=\"twitter:data2\" content=\"3 minutos\" \/>\n<script type=\"application\/ld+json\" class=\"yoast-schema-graph\">{\"@context\":\"https:\/\/schema.org\",\"@graph\":[{\"@type\":\"Article\",\"@id\":\"https:\/\/noti-america.com\/site\/mexico\/2021\/09\/08\/un-terremoto-de-magnitud-71-sacude-el-centro-de-mexico\/#article\",\"isPartOf\":{\"@id\":\"https:\/\/noti-america.com\/site\/mexico\/2021\/09\/08\/un-terremoto-de-magnitud-71-sacude-el-centro-de-mexico\/\"},\"author\":{\"name\":\"CAMH\",\"@id\":\"https:\/\/noti-america.com\/site\/mexico\/#\/schema\/person\/e13880b4308eea6926b271284605ef72\"},\"headline\":\"Un terremoto de magnitud 7,1 sacude el centro de M\u00e9xico\",\"datePublished\":\"2021-09-08T03:28:27+00:00\",\"mainEntityOfPage\":{\"@id\":\"https:\/\/noti-america.com\/site\/mexico\/2021\/09\/08\/un-terremoto-de-magnitud-71-sacude-el-centro-de-mexico\/\"},\"wordCount\":623,\"commentCount\":0,\"publisher\":{\"@id\":\"https:\/\/noti-america.com\/site\/mexico\/#organization\"},\"image\":{\"@id\":\"https:\/\/noti-america.com\/site\/mexico\/2021\/09\/08\/un-terremoto-de-magnitud-71-sacude-el-centro-de-mexico\/#primaryimage\"},\"thumbnailUrl\":\"https:\/\/noti-america.com\/site\/mexico\/wp-content\/uploads\/sites\/13\/2021\/09\/PJS7YF4CPYQTTC3DZMSPETLDKM.jpg\",\"articleSection\":[\"Actualidad\"],\"inLanguage\":\"es\",\"potentialAction\":[{\"@type\":\"CommentAction\",\"name\":\"Comment\",\"target\":[\"https:\/\/noti-america.com\/site\/mexico\/2021\/09\/08\/un-terremoto-de-magnitud-71-sacude-el-centro-de-mexico\/#respond\"]}]},{\"@type\":\"WebPage\",\"@id\":\"https:\/\/noti-america.com\/site\/mexico\/2021\/09\/08\/un-terremoto-de-magnitud-71-sacude-el-centro-de-mexico\/\",\"url\":\"https:\/\/noti-america.com\/site\/mexico\/2021\/09\/08\/un-terremoto-de-magnitud-71-sacude-el-centro-de-mexico\/\",\"name\":\"Un terremoto de magnitud 7,1 sacude el centro de M\u00e9xico - M\u00e9xico\",\"isPartOf\":{\"@id\":\"https:\/\/noti-america.com\/site\/mexico\/#website\"},\"primaryImageOfPage\":{\"@id\":\"https:\/\/noti-america.com\/site\/mexico\/2021\/09\/08\/un-terremoto-de-magnitud-71-sacude-el-centro-de-mexico\/#primaryimage\"},\"image\":{\"@id\":\"https:\/\/noti-america.com\/site\/mexico\/2021\/09\/08\/un-terremoto-de-magnitud-71-sacude-el-centro-de-mexico\/#primaryimage\"},\"thumbnailUrl\":\"https:\/\/noti-america.com\/site\/mexico\/wp-content\/uploads\/sites\/13\/2021\/09\/PJS7YF4CPYQTTC3DZMSPETLDKM.jpg\",\"datePublished\":\"2021-09-08T03:28:27+00:00\",\"breadcrumb\":{\"@id\":\"https:\/\/noti-america.com\/site\/mexico\/2021\/09\/08\/un-terremoto-de-magnitud-71-sacude-el-centro-de-mexico\/#breadcrumb\"},\"inLanguage\":\"es\",\"potentialAction\":[{\"@type\":\"ReadAction\",\"target\":[\"https:\/\/noti-america.com\/site\/mexico\/2021\/09\/08\/un-terremoto-de-magnitud-71-sacude-el-centro-de-mexico\/\"]}]},{\"@type\":\"ImageObject\",\"inLanguage\":\"es\",\"@id\":\"https:\/\/noti-america.com\/site\/mexico\/2021\/09\/08\/un-terremoto-de-magnitud-71-sacude-el-centro-de-mexico\/#primaryimage\",\"url\":\"https:\/\/noti-america.com\/site\/mexico\/wp-content\/uploads\/sites\/13\/2021\/09\/PJS7YF4CPYQTTC3DZMSPETLDKM.jpg\",\"contentUrl\":\"https:\/\/noti-america.com\/site\/mexico\/wp-content\/uploads\/sites\/13\/2021\/09\/PJS7YF4CPYQTTC3DZMSPETLDKM.jpg\",\"width\":1960,\"height\":1331},{\"@type\":\"BreadcrumbList\",\"@id\":\"https:\/\/noti-america.com\/site\/mexico\/2021\/09\/08\/un-terremoto-de-magnitud-71-sacude-el-centro-de-mexico\/#breadcrumb\",\"itemListElement\":[{\"@type\":\"ListItem\",\"position\":1,\"name\":\"Portada\",\"item\":\"https:\/\/noti-america.com\/site\/mexico\/\"},{\"@type\":\"ListItem\",\"position\":2,\"name\":\"Un terremoto de magnitud 7,1 sacude el centro de M\u00e9xico\"}]},{\"@type\":\"WebSite\",\"@id\":\"https:\/\/noti-america.com\/site\/mexico\/#website\",\"url\":\"https:\/\/noti-america.com\/site\/mexico\/\",\"name\":\"M\u00e9xico | Noti-America.com\",\"description\":\"\",\"publisher\":{\"@id\":\"https:\/\/noti-america.com\/site\/mexico\/#organization\"},\"potentialAction\":[{\"@type\":\"SearchAction\",\"target\":{\"@type\":\"EntryPoint\",\"urlTemplate\":\"https:\/\/noti-america.com\/site\/mexico\/?s={search_term_string}\"},\"query-input\":{\"@type\":\"PropertyValueSpecification\",\"valueRequired\":true,\"valueName\":\"search_term_string\"}}],\"inLanguage\":\"es\"},{\"@type\":\"Organization\",\"@id\":\"https:\/\/noti-america.com\/site\/mexico\/#organization\",\"name\":\"Noti-America LLC | M\u00e9xico\",\"url\":\"https:\/\/noti-america.com\/site\/mexico\/\",\"logo\":{\"@type\":\"ImageObject\",\"inLanguage\":\"es\",\"@id\":\"https:\/\/noti-america.com\/site\/mexico\/#\/schema\/logo\/image\/\",\"url\":\"https:\/\/noti-america.com\/site\/mexico\/wp-content\/uploads\/sites\/13\/2020\/07\/LogoNA-4x3-1.jpg\",\"contentUrl\":\"https:\/\/noti-america.com\/site\/mexico\/wp-content\/uploads\/sites\/13\/2020\/07\/LogoNA-4x3-1.jpg\",\"width\":1236,\"height\":1080,\"caption\":\"Noti-America LLC | M\u00e9xico\"},\"image\":{\"@id\":\"https:\/\/noti-america.com\/site\/mexico\/#\/schema\/logo\/image\/\"}},{\"@type\":\"Person\",\"@id\":\"https:\/\/noti-america.com\/site\/mexico\/#\/schema\/person\/e13880b4308eea6926b271284605ef72\",\"name\":\"CAMH\",\"image\":{\"@type\":\"ImageObject\",\"inLanguage\":\"es\",\"@id\":\"https:\/\/secure.gravatar.com\/avatar\/82aa99c723cbed2b304797bc218a5542b5a94d7f5d0ba3b39650aef53c28ecf5?s=96&d=mm&r=g\",\"url\":\"https:\/\/secure.gravatar.com\/avatar\/82aa99c723cbed2b304797bc218a5542b5a94d7f5d0ba3b39650aef53c28ecf5?s=96&d=mm&r=g\",\"contentUrl\":\"https:\/\/secure.gravatar.com\/avatar\/82aa99c723cbed2b304797bc218a5542b5a94d7f5d0ba3b39650aef53c28ecf5?s=96&d=mm&r=g\",\"caption\":\"CAMH\"},\"url\":\"https:\/\/noti-america.com\/site\/mexico\/author\/cmitchell\/\"}]}<\/script>\n<!-- \/ Yoast SEO Premium plugin. -->","yoast_head_json":{"title":"Un terremoto de magnitud 7,1 sacude el centro de M\u00e9xico - M\u00e9xico","robots":{"index":"index","follow":"follow","max-snippet":"max-snippet:-1","max-image-preview":"max-image-preview:large","max-video-preview":"max-video-preview:-1"},"canonical":"https:\/\/noti-america.com\/site\/mexico\/2021\/09\/08\/un-terremoto-de-magnitud-71-sacude-el-centro-de-mexico\/","og_locale":"es_ES","og_type":"article","og_title":"Un terremoto de magnitud 7,1 sacude el centro de M\u00e9xico","og_description":"Noti-Am\u00e9rica (M\u00e9xico) Ciudad de M\u00e9xico,DF. &nbsp; El sismo se origin\u00f3 a 14 kil\u00f3metros al sureste de Acapulco, en el Estado sure\u00f1o de Guerrero. seguridad. \u201cSe han realizado tres sobrevuelos y no se encuentra da\u00f1o&#46;&#46;&#46;","og_url":"https:\/\/noti-america.com\/site\/mexico\/2021\/09\/08\/un-terremoto-de-magnitud-71-sacude-el-centro-de-mexico\/","og_site_name":"M\u00e9xico","article_published_time":"2021-09-08T03:28:27+00:00","og_image":[{"width":1960,"height":1331,"url":"https:\/\/noti-america.com\/site\/mexico\/wp-content\/uploads\/sites\/13\/2021\/09\/PJS7YF4CPYQTTC3DZMSPETLDKM.jpg","type":"image\/jpeg"}],"author":"CAMH","twitter_card":"summary_large_image","twitter_misc":{"Escrito por":"CAMH","Tiempo estimado de lectura":"3 minutos"},"schema":{"@context":"https:\/\/schema.org","@graph":[{"@type":"Article","@id":"https:\/\/noti-america.com\/site\/mexico\/2021\/09\/08\/un-terremoto-de-magnitud-71-sacude-el-centro-de-mexico\/#article","isPartOf":{"@id":"https:\/\/noti-america.com\/site\/mexico\/2021\/09\/08\/un-terremoto-de-magnitud-71-sacude-el-centro-de-mexico\/"},"author":{"name":"CAMH","@id":"https:\/\/noti-america.com\/site\/mexico\/#\/schema\/person\/e13880b4308eea6926b271284605ef72"},"headline":"Un terremoto de magnitud 7,1 sacude el centro de M\u00e9xico","datePublished":"2021-09-08T03:28:27+00:00","mainEntityOfPage":{"@id":"https:\/\/noti-america.com\/site\/mexico\/2021\/09\/08\/un-terremoto-de-magnitud-71-sacude-el-centro-de-mexico\/"},"wordCount":623,"commentCount":0,"publisher":{"@id":"https:\/\/noti-america.com\/site\/mexico\/#organization"},"image":{"@id":"https:\/\/noti-america.com\/site\/mexico\/2021\/09\/08\/un-terremoto-de-magnitud-71-sacude-el-centro-de-mexico\/#primaryimage"},"thumbnailUrl":"https:\/\/noti-america.com\/site\/mexico\/wp-content\/uploads\/sites\/13\/2021\/09\/PJS7YF4CPYQTTC3DZMSPETLDKM.jpg","articleSection":["Actualidad"],"inLanguage":"es","potentialAction":[{"@type":"CommentAction","name":"Comment","target":["https:\/\/noti-america.com\/site\/mexico\/2021\/09\/08\/un-terremoto-de-magnitud-71-sacude-el-centro-de-mexico\/#respond"]}]},{"@type":"WebPage","@id":"https:\/\/noti-america.com\/site\/mexico\/2021\/09\/08\/un-terremoto-de-magnitud-71-sacude-el-centro-de-mexico\/","url":"https:\/\/noti-america.com\/site\/mexico\/2021\/09\/08\/un-terremoto-de-magnitud-71-sacude-el-centro-de-mexico\/","name":"Un terremoto de magnitud 7,1 sacude el centro de M\u00e9xico - M\u00e9xico","isPartOf":{"@id":"https:\/\/noti-america.com\/site\/mexico\/#website"},"primaryImageOfPage":{"@id":"https:\/\/noti-america.com\/site\/mexico\/2021\/09\/08\/un-terremoto-de-magnitud-71-sacude-el-centro-de-mexico\/#primaryimage"},"image":{"@id":"https:\/\/noti-america.com\/site\/mexico\/2021\/09\/08\/un-terremoto-de-magnitud-71-sacude-el-centro-de-mexico\/#primaryimage"},"thumbnailUrl":"https:\/\/noti-america.com\/site\/mexico\/wp-content\/uploads\/sites\/13\/2021\/09\/PJS7YF4CPYQTTC3DZMSPETLDKM.jpg","datePublished":"2021-09-08T03:28:27+00:00","breadcrumb":{"@id":"https:\/\/noti-america.com\/site\/mexico\/2021\/09\/08\/un-terremoto-de-magnitud-71-sacude-el-centro-de-mexico\/#breadcrumb"},"inLanguage":"es","potentialAction":[{"@type":"ReadAction","target":["https:\/\/noti-america.com\/site\/mexico\/2021\/09\/08\/un-terremoto-de-magnitud-71-sacude-el-centro-de-mexico\/"]}]},{"@type":"ImageObject","inLanguage":"es","@id":"https:\/\/noti-america.com\/site\/mexico\/2021\/09\/08\/un-terremoto-de-magnitud-71-sacude-el-centro-de-mexico\/#primaryimage","url":"https:\/\/noti-america.com\/site\/mexico\/wp-content\/uploads\/sites\/13\/2021\/09\/PJS7YF4CPYQTTC3DZMSPETLDKM.jpg","contentUrl":"https:\/\/noti-america.com\/site\/mexico\/wp-content\/uploads\/sites\/13\/2021\/09\/PJS7YF4CPYQTTC3DZMSPETLDKM.jpg","width":1960,"height":1331},{"@type":"BreadcrumbList","@id":"https:\/\/noti-america.com\/site\/mexico\/2021\/09\/08\/un-terremoto-de-magnitud-71-sacude-el-centro-de-mexico\/#breadcrumb","itemListElement":[{"@type":"ListItem","position":1,"name":"Portada","item":"https:\/\/noti-america.com\/site\/mexico\/"},{"@type":"ListItem","position":2,"name":"Un terremoto de magnitud 7,1 sacude el centro de M\u00e9xico"}]},{"@type":"WebSite","@id":"https:\/\/noti-america.com\/site\/mexico\/#website","url":"https:\/\/noti-america.com\/site\/mexico\/","name":"M\u00e9xico | Noti-America.com","description":"","publisher":{"@id":"https:\/\/noti-america.com\/site\/mexico\/#organization"},"potentialAction":[{"@type":"SearchAction","target":{"@type":"EntryPoint","urlTemplate":"https:\/\/noti-america.com\/site\/mexico\/?s={search_term_string}"},"query-input":{"@type":"PropertyValueSpecification","valueRequired":true,"valueName":"search_term_string"}}],"inLanguage":"es"},{"@type":"Organization","@id":"https:\/\/noti-america.com\/site\/mexico\/#organization","name":"Noti-America LLC | M\u00e9xico","url":"https:\/\/noti-america.com\/site\/mexico\/","logo":{"@type":"ImageObject","inLanguage":"es","@id":"https:\/\/noti-america.com\/site\/mexico\/#\/schema\/logo\/image\/","url":"https:\/\/noti-america.com\/site\/mexico\/wp-content\/uploads\/sites\/13\/2020\/07\/LogoNA-4x3-1.jpg","contentUrl":"https:\/\/noti-america.com\/site\/mexico\/wp-content\/uploads\/sites\/13\/2020\/07\/LogoNA-4x3-1.jpg","width":1236,"height":1080,"caption":"Noti-America LLC | M\u00e9xico"},"image":{"@id":"https:\/\/noti-america.com\/site\/mexico\/#\/schema\/logo\/image\/"}},{"@type":"Person","@id":"https:\/\/noti-america.com\/site\/mexico\/#\/schema\/person\/e13880b4308eea6926b271284605ef72","name":"CAMH","image":{"@type":"ImageObject","inLanguage":"es","@id":"https:\/\/secure.gravatar.com\/avatar\/82aa99c723cbed2b304797bc218a5542b5a94d7f5d0ba3b39650aef53c28ecf5?s=96&d=mm&r=g","url":"https:\/\/secure.gravatar.com\/avatar\/82aa99c723cbed2b304797bc218a5542b5a94d7f5d0ba3b39650aef53c28ecf5?s=96&d=mm&r=g","contentUrl":"https:\/\/secure.gravatar.com\/avatar\/82aa99c723cbed2b304797bc218a5542b5a94d7f5d0ba3b39650aef53c28ecf5?s=96&d=mm&r=g","caption":"CAMH"},"url":"https:\/\/noti-america.com\/site\/mexico\/author\/cmitchell\/"}]}},"_links":{"self":[{"href":"https:\/\/noti-america.com\/site\/mexico\/wp-json\/wp\/v2\/posts\/6591","targetHints":{"allow":["GET"]}}],"collection":[{"href":"https:\/\/noti-america.com\/site\/mexico\/wp-json\/wp\/v2\/posts"}],"about":[{"href":"https:\/\/noti-america.com\/site\/mexico\/wp-json\/wp\/v2\/types\/post"}],"author":[{"embeddable":true,"href":"https:\/\/noti-america.com\/site\/mexico\/wp-json\/wp\/v2\/users\/87"}],"replies":[{"embeddable":true,"href":"https:\/\/noti-america.com\/site\/mexico\/wp-json\/wp\/v2\/comments?post=6591"}],"version-history":[{"count":1,"href":"https:\/\/noti-america.com\/site\/mexico\/wp-json\/wp\/v2\/posts\/6591\/revisions"}],"predecessor-version":[{"id":6593,"href":"https:\/\/noti-america.com\/site\/mexico\/wp-json\/wp\/v2\/posts\/6591\/revisions\/6593"}],"wp:featuredmedia":[{"embeddable":true,"href":"https:\/\/noti-america.com\/site\/mexico\/wp-json\/wp\/v2\/media\/6592"}],"wp:attachment":[{"href":"https:\/\/noti-america.com\/site\/mexico\/wp-json\/wp\/v2\/media?parent=6591"}],"wp:term":[{"taxonomy":"category","embeddable":true,"href":"https:\/\/noti-america.com\/site\/mexico\/wp-json\/wp\/v2\/categories?post=6591"},{"taxonomy":"post_tag","embeddable":true,"href":"https:\/\/noti-america.com\/site\/mexico\/wp-json\/wp\/v2\/tags?post=6591"}],"curies":[{"name":"wp","href":"https:\/\/api.w.org\/{rel}","templated":true}]}}