{"id":6580,"date":"2021-09-02T13:25:01","date_gmt":"2021-09-02T13:25:01","guid":{"rendered":"https:\/\/noti-america.com\/site\/mexico\/2021\/09\/02\/del-cacao-al-chocolate-una-deliciosa-transformacion\/"},"modified":"2021-09-02T17:25:20","modified_gmt":"2021-09-02T17:25:20","slug":"del-cacao-al-chocolate-una-deliciosa-transformacion","status":"publish","type":"post","link":"https:\/\/noti-america.com\/site\/mexico\/2021\/09\/02\/del-cacao-al-chocolate-una-deliciosa-transformacion\/","title":{"rendered":"Del Cacao al Chocolate, una deliciosa transformaci\u00f3n"},"content":{"rendered":"<p style=\"text-align: justify;\">Nota de Prensa<\/p>\n<p class=\"v1MsoNormal\" style=\"text-align: justify;\"><span lang=\"ES\">Estamos iniciando una de las \u00e9pocas m\u00e1s especiales del a\u00f1o: septiembre. Este mes se caracteriza por celebrar la cultura mexicana en todo su esplendor, fechas en las que se cuenta nuestra historia y se habla a trav\u00e9s de nuestra cocina con ingredientes tradicionales como el chocolate, que, al pasar de los milenios, se mantienen dentro del gusto de la gente y los paladares m\u00e1s exigentes.<\/span><\/p>\n<p class=\"v1MsoNormal\" style=\"text-align: justify;\"><span lang=\"ES\">Cuenta la leyenda que el cacao fue un regalo del dios Quetzalc\u00f3atl al pueblo tolteca para que estuvieran bien alimentados y pudieran prosperar en los estudios y las artes. En opini\u00f3n del\u00a0<b>Maestro Chocolatero Fernando Malpica,\u00a0<\/b><\/span><b>gerente del equipo culinario de Tur\u00edn Alta Reposter\u00eda, una de las marcas ic\u00f3nicas de Mars<\/b>, el\u00a0<span lang=\"ES\">legado divino continua hasta nuestros d\u00edas, y ahora es deber de los hombres preservarlo para que las pr\u00f3ximas generaciones en el pa\u00eds sigan disfrut\u00e1ndolo a trav\u00e9s de su gastronom\u00eda y en especial, del chocolate.<\/span><\/p>\n<p class=\"v1MsoNormal\" style=\"text-align: justify;\"><span lang=\"ES\">Y aunque la gente conozca del rico sabor del chocolate y los beneficios que el cacao le otorga al cuerpo, poco se menciona sobre su proceso de creaci\u00f3n. No es una tarea f\u00e1cil se\u00f1ala el Chef, pues desde el inicio, sembrar un \u00e1rbol de cacao requiere de condiciones clim\u00e1ticas espec\u00edficas y seguir la gu\u00eda del ciclo lunar.<\/span><\/p>\n<p class=\"v1MsoNormal\" style=\"text-align: justify;\"><span lang=\"ES\">Una vez obtenida la semilla de cacao, el proceso contin\u00faa en las haciendas o plantas chocolateras donde es limpiado, rostizado, molido, mezclado con diversos ingredientes y sometido a distintas temperaturas para as\u00ed obtener los cuatro diferentes tipos de chocolate que conoces: Amargo, Semi Amargo, con Leche y Blanco.<\/span><\/p>\n<p class=\"v1MsoNormal\" style=\"text-align: justify;\"><span lang=\"ES\">Malpica asegura que la transformaci\u00f3n del cacao al chocolate sigue siendo un trabajo artesanal, en donde los chefs forman parte de la cadena final del proceso, pues en cada paso del camino, interviene la experiencia y visi\u00f3n de trabajadores que cuidan la calidad del producto hasta el m\u00ednimo detalle, ya que cualquier error puede ocasionar que el sabor o la textura no sean los adecuados.<\/span><\/p>\n<p class=\"v1MsoNormal\" style=\"text-align: justify;\"><span lang=\"ES\">As\u00ed, campesinos, recolectores, asociados de la industria chocolatera y chefs, trabajan de la mano todos los d\u00edas del a\u00f1o para garantizar que los consumidores y amantes del chocolate puedan disfrutar de un alimento rico, saludable y lleno de tradici\u00f3n mexicana.<\/span><\/p>\n<p class=\"v1MsoNormal\" style=\"text-align: justify;\"><span lang=\"ES\">Ahora que sabes c\u00f3mo se crea el chocolate, es momento de que te conviertas en un artista culinario y tengas\u00a0<\/span><b>mejores momentos y m\u00e1s sonrisas<\/b>\u00a0con esta sencilla pero deliciosa receta, que el chef recomienda para que la prepares cualquier d\u00eda de la semana y grites \u00a1Viva M\u00e9xico, Viva el CACAO y Viva el CHOCOLATE!<a name=\"_Hlk81012200\"><\/a><\/p>\n<p class=\"v1MsoNormal\" style=\"text-align: justify;\"><b>BROWNIE A LA TAZA SIN GLUTEN<br \/>\nIngredientes<\/b><\/p>\n<ul style=\"text-align: justify;\" type=\"disc\">\n<li class=\"v1MsoListParagraphCxSpFirst\">120 gr de mantequilla<\/li>\n<li class=\"v1MsoListParagraphCxSpMiddle\">100 gr de az\u00facar<\/li>\n<li class=\"v1MsoListParagraphCxSpMiddle\">180 gr de chocolate semiamargo<\/li>\n<li class=\"v1MsoListParagraphCxSpMiddle\">4 huevos<\/li>\n<li class=\"v1MsoListParagraphCxSpMiddle\">70 gr de polvo de almendras<\/li>\n<li class=\"v1MsoListParagraphCxSpLast\">Peque\u00f1os trozos del chocolate de tu preferencia.<\/li>\n<\/ul>\n<p class=\"v1MsoNormal\" style=\"text-align: justify;\"><b>Preparaci\u00f3n:<\/b><\/p>\n<ol style=\"text-align: justify;\" type=\"1\">\n<li class=\"v1MsoListParagraphCxSpFirst\">Fundir el chocolate semiamargo en el microondas en lapsos de 20 segundos.<\/li>\n<li class=\"v1MsoListParagraphCxSpMiddle\">Batir los huevos y el az\u00facar hasta incorporar todos los ingredientes.<\/li>\n<li class=\"v1MsoListParagraphCxSpMiddle\">A\u00f1adir la mantequilla a temperatura ambiente con el chocolate fundido.<\/li>\n<li class=\"v1MsoListParagraphCxSpMiddle\">Por \u00faltimo, a\u00f1adir el polvo de almendras y mezclar para incorporar correctamente los ingredientes.<\/li>\n<li class=\"v1MsoListParagraphCxSpMiddle\">Engrasar y azucarar una taza o moldes de souffl\u00e9.<\/li>\n<li class=\"v1MsoListParagraphCxSpMiddle\">Deposita la preparaci\u00f3n en una taza o moldes a 3\/4 partes.<\/li>\n<li class=\"v1MsoListParagraphCxSpMiddle\">A\u00f1adir los trozos de tu chocolate preferido*, mezclar con una cuchara.<\/li>\n<li class=\"v1MsoListParagraphCxSpMiddle\">Lleva a cocci\u00f3n en el horno de microondas por 1 minuto y 20 segundos.<\/li>\n<li class=\"v1MsoListParagraphCxSpMiddle\">Retirar del horno y decorar con az\u00facar glass.<\/li>\n<li class=\"v1MsoListParagraphCxSpMiddle\">Puedes acompa\u00f1arlo con el helado de tu preferencia.<\/li>\n<\/ol>\n<p class=\"v1MsoListParagraphCxSpLast\" style=\"text-align: justify;\"><strong>*Sugerencia del chef:<\/strong> En el paso 7 si eres fan del chocolate con leche puedes usar M&amp;M\u2019s, trocitos de Snickers y MilkyWay o un Conejo Turin. Si prefieres el chocolate amargo, Turin 70% cacao es una excelente opci\u00f3n.<\/p>\n","protected":false},"excerpt":{"rendered":"<p>Nota de Prensa Estamos iniciando una de las \u00e9pocas m\u00e1s especiales del a\u00f1o: septiembre. Este mes se caracteriza por celebrar la cultura mexicana en todo su esplendor, fechas en las que se cuenta nuestra&#46;&#46;&#46;<\/p>\n","protected":false},"author":1,"featured_media":6581,"comment_status":"open","ping_status":"open","sticky":false,"template":"","format":"image","meta":{"_acf_changed":false,"om_disable_all_campaigns":false,"rop_custom_images_group":[],"rop_custom_messages_group":[],"rop_publish_now":"initial","rop_publish_now_accounts":{"twitter_242054905_242054905":""},"rop_publish_now_history":[],"rop_publish_now_status":"pending","_uf_show_specific_survey":0,"_uf_disable_surveys":false,"footnotes":""},"categories":[722,726],"tags":[],"class_list":["post-6580","post","type-post","status-publish","format-image","has-post-thumbnail","hentry","category-actualidad","category-gastronomia","post_format-post-format-image"],"acf":[],"aioseo_notices":[],"yoast_head":"<!-- This site is optimized with the Yoast SEO Premium plugin v24.9 (Yoast SEO v27.2) - https:\/\/yoast.com\/product\/yoast-seo-premium-wordpress\/ -->\n<title>Del Cacao al Chocolate, una deliciosa transformaci\u00f3n - M\u00e9xico<\/title>\n<meta name=\"robots\" content=\"index, follow, max-snippet:-1, max-image-preview:large, max-video-preview:-1\" \/>\n<link rel=\"canonical\" href=\"https:\/\/noti-america.com\/site\/mexico\/2021\/09\/02\/del-cacao-al-chocolate-una-deliciosa-transformacion\/\" \/>\n<meta property=\"og:locale\" content=\"es_ES\" \/>\n<meta property=\"og:type\" content=\"article\" \/>\n<meta property=\"og:title\" content=\"Del Cacao al Chocolate, una deliciosa transformaci\u00f3n\" \/>\n<meta property=\"og:description\" content=\"Nota de Prensa Estamos iniciando una de las \u00e9pocas m\u00e1s especiales del a\u00f1o: septiembre. Este mes se caracteriza por celebrar la cultura mexicana en todo su esplendor, fechas en las que se cuenta nuestra&#046;&#046;&#046;\" \/>\n<meta property=\"og:url\" content=\"https:\/\/noti-america.com\/site\/mexico\/2021\/09\/02\/del-cacao-al-chocolate-una-deliciosa-transformacion\/\" \/>\n<meta property=\"og:site_name\" content=\"M\u00e9xico\" \/>\n<meta property=\"article:published_time\" content=\"2021-09-02T13:25:01+00:00\" \/>\n<meta property=\"article:modified_time\" content=\"2021-09-02T17:25:20+00:00\" \/>\n<meta property=\"og:image\" content=\"https:\/\/noti-america.com\/site\/mexico\/wp-content\/uploads\/sites\/13\/2021\/09\/Chocolate1010-1024x576-1.jpg\" \/>\n\t<meta property=\"og:image:width\" content=\"600\" \/>\n\t<meta property=\"og:image:height\" content=\"338\" \/>\n\t<meta property=\"og:image:type\" content=\"image\/jpeg\" \/>\n<meta name=\"author\" content=\"Rosmer Herrera\" \/>\n<meta name=\"twitter:card\" content=\"summary_large_image\" \/>\n<meta name=\"twitter:label1\" content=\"Escrito por\" \/>\n\t<meta name=\"twitter:data1\" content=\"Rosmer Herrera\" \/>\n\t<meta name=\"twitter:label2\" content=\"Tiempo estimado de lectura\" \/>\n\t<meta name=\"twitter:data2\" content=\"3 minutos\" \/>\n<script type=\"application\/ld+json\" class=\"yoast-schema-graph\">{\"@context\":\"https:\/\/schema.org\",\"@graph\":[{\"@type\":\"Article\",\"@id\":\"https:\/\/noti-america.com\/site\/mexico\/2021\/09\/02\/del-cacao-al-chocolate-una-deliciosa-transformacion\/#article\",\"isPartOf\":{\"@id\":\"https:\/\/noti-america.com\/site\/mexico\/2021\/09\/02\/del-cacao-al-chocolate-una-deliciosa-transformacion\/\"},\"author\":{\"name\":\"Rosmer Herrera\",\"@id\":\"https:\/\/noti-america.com\/site\/mexico\/#\/schema\/person\/fd58dbfb92a257e9dc5761bf69a855ff\"},\"headline\":\"Del Cacao al Chocolate, una deliciosa transformaci\u00f3n\",\"datePublished\":\"2021-09-02T13:25:01+00:00\",\"dateModified\":\"2021-09-02T17:25:20+00:00\",\"mainEntityOfPage\":{\"@id\":\"https:\/\/noti-america.com\/site\/mexico\/2021\/09\/02\/del-cacao-al-chocolate-una-deliciosa-transformacion\/\"},\"wordCount\":645,\"commentCount\":0,\"publisher\":{\"@id\":\"https:\/\/noti-america.com\/site\/mexico\/#organization\"},\"image\":{\"@id\":\"https:\/\/noti-america.com\/site\/mexico\/2021\/09\/02\/del-cacao-al-chocolate-una-deliciosa-transformacion\/#primaryimage\"},\"thumbnailUrl\":\"https:\/\/noti-america.com\/site\/mexico\/wp-content\/uploads\/sites\/13\/2021\/09\/Chocolate1010-1024x576-1.jpg\",\"articleSection\":[\"Actualidad\",\"Gastronom\u00eda\"],\"inLanguage\":\"es\",\"potentialAction\":[{\"@type\":\"CommentAction\",\"name\":\"Comment\",\"target\":[\"https:\/\/noti-america.com\/site\/mexico\/2021\/09\/02\/del-cacao-al-chocolate-una-deliciosa-transformacion\/#respond\"]}]},{\"@type\":\"WebPage\",\"@id\":\"https:\/\/noti-america.com\/site\/mexico\/2021\/09\/02\/del-cacao-al-chocolate-una-deliciosa-transformacion\/\",\"url\":\"https:\/\/noti-america.com\/site\/mexico\/2021\/09\/02\/del-cacao-al-chocolate-una-deliciosa-transformacion\/\",\"name\":\"Del Cacao al Chocolate, una deliciosa transformaci\u00f3n - M\u00e9xico\",\"isPartOf\":{\"@id\":\"https:\/\/noti-america.com\/site\/mexico\/#website\"},\"primaryImageOfPage\":{\"@id\":\"https:\/\/noti-america.com\/site\/mexico\/2021\/09\/02\/del-cacao-al-chocolate-una-deliciosa-transformacion\/#primaryimage\"},\"image\":{\"@id\":\"https:\/\/noti-america.com\/site\/mexico\/2021\/09\/02\/del-cacao-al-chocolate-una-deliciosa-transformacion\/#primaryimage\"},\"thumbnailUrl\":\"https:\/\/noti-america.com\/site\/mexico\/wp-content\/uploads\/sites\/13\/2021\/09\/Chocolate1010-1024x576-1.jpg\",\"datePublished\":\"2021-09-02T13:25:01+00:00\",\"dateModified\":\"2021-09-02T17:25:20+00:00\",\"breadcrumb\":{\"@id\":\"https:\/\/noti-america.com\/site\/mexico\/2021\/09\/02\/del-cacao-al-chocolate-una-deliciosa-transformacion\/#breadcrumb\"},\"inLanguage\":\"es\",\"potentialAction\":[{\"@type\":\"ReadAction\",\"target\":[\"https:\/\/noti-america.com\/site\/mexico\/2021\/09\/02\/del-cacao-al-chocolate-una-deliciosa-transformacion\/\"]}]},{\"@type\":\"ImageObject\",\"inLanguage\":\"es\",\"@id\":\"https:\/\/noti-america.com\/site\/mexico\/2021\/09\/02\/del-cacao-al-chocolate-una-deliciosa-transformacion\/#primaryimage\",\"url\":\"https:\/\/noti-america.com\/site\/mexico\/wp-content\/uploads\/sites\/13\/2021\/09\/Chocolate1010-1024x576-1.jpg\",\"contentUrl\":\"https:\/\/noti-america.com\/site\/mexico\/wp-content\/uploads\/sites\/13\/2021\/09\/Chocolate1010-1024x576-1.jpg\",\"width\":600,\"height\":338},{\"@type\":\"BreadcrumbList\",\"@id\":\"https:\/\/noti-america.com\/site\/mexico\/2021\/09\/02\/del-cacao-al-chocolate-una-deliciosa-transformacion\/#breadcrumb\",\"itemListElement\":[{\"@type\":\"ListItem\",\"position\":1,\"name\":\"Portada\",\"item\":\"https:\/\/noti-america.com\/site\/mexico\/\"},{\"@type\":\"ListItem\",\"position\":2,\"name\":\"Del Cacao al Chocolate, una deliciosa transformaci\u00f3n\"}]},{\"@type\":\"WebSite\",\"@id\":\"https:\/\/noti-america.com\/site\/mexico\/#website\",\"url\":\"https:\/\/noti-america.com\/site\/mexico\/\",\"name\":\"M\u00e9xico | Noti-America.com\",\"description\":\"\",\"publisher\":{\"@id\":\"https:\/\/noti-america.com\/site\/mexico\/#organization\"},\"potentialAction\":[{\"@type\":\"SearchAction\",\"target\":{\"@type\":\"EntryPoint\",\"urlTemplate\":\"https:\/\/noti-america.com\/site\/mexico\/?s={search_term_string}\"},\"query-input\":{\"@type\":\"PropertyValueSpecification\",\"valueRequired\":true,\"valueName\":\"search_term_string\"}}],\"inLanguage\":\"es\"},{\"@type\":\"Organization\",\"@id\":\"https:\/\/noti-america.com\/site\/mexico\/#organization\",\"name\":\"Noti-America LLC | M\u00e9xico\",\"url\":\"https:\/\/noti-america.com\/site\/mexico\/\",\"logo\":{\"@type\":\"ImageObject\",\"inLanguage\":\"es\",\"@id\":\"https:\/\/noti-america.com\/site\/mexico\/#\/schema\/logo\/image\/\",\"url\":\"https:\/\/noti-america.com\/site\/mexico\/wp-content\/uploads\/sites\/13\/2020\/07\/LogoNA-4x3-1.jpg\",\"contentUrl\":\"https:\/\/noti-america.com\/site\/mexico\/wp-content\/uploads\/sites\/13\/2020\/07\/LogoNA-4x3-1.jpg\",\"width\":1236,\"height\":1080,\"caption\":\"Noti-America LLC | M\u00e9xico\"},\"image\":{\"@id\":\"https:\/\/noti-america.com\/site\/mexico\/#\/schema\/logo\/image\/\"}},{\"@type\":\"Person\",\"@id\":\"https:\/\/noti-america.com\/site\/mexico\/#\/schema\/person\/fd58dbfb92a257e9dc5761bf69a855ff\",\"name\":\"Rosmer Herrera\",\"image\":{\"@type\":\"ImageObject\",\"inLanguage\":\"es\",\"@id\":\"https:\/\/secure.gravatar.com\/avatar\/153e75c261394dbf20ff1a1e70ea2be9494f2b40b7fc4e7704084db13220ae08?s=96&d=mm&r=g\",\"url\":\"https:\/\/secure.gravatar.com\/avatar\/153e75c261394dbf20ff1a1e70ea2be9494f2b40b7fc4e7704084db13220ae08?s=96&d=mm&r=g\",\"contentUrl\":\"https:\/\/secure.gravatar.com\/avatar\/153e75c261394dbf20ff1a1e70ea2be9494f2b40b7fc4e7704084db13220ae08?s=96&d=mm&r=g\",\"caption\":\"Rosmer Herrera\"},\"url\":\"https:\/\/noti-america.com\/site\/mexico\/author\/rosmer33\/\"}]}<\/script>\n<!-- \/ Yoast SEO Premium plugin. -->","yoast_head_json":{"title":"Del Cacao al Chocolate, una deliciosa transformaci\u00f3n - M\u00e9xico","robots":{"index":"index","follow":"follow","max-snippet":"max-snippet:-1","max-image-preview":"max-image-preview:large","max-video-preview":"max-video-preview:-1"},"canonical":"https:\/\/noti-america.com\/site\/mexico\/2021\/09\/02\/del-cacao-al-chocolate-una-deliciosa-transformacion\/","og_locale":"es_ES","og_type":"article","og_title":"Del Cacao al Chocolate, una deliciosa transformaci\u00f3n","og_description":"Nota de Prensa Estamos iniciando una de las \u00e9pocas m\u00e1s especiales del a\u00f1o: septiembre. Este mes se caracteriza por celebrar la cultura mexicana en todo su esplendor, fechas en las que se cuenta nuestra&#46;&#46;&#46;","og_url":"https:\/\/noti-america.com\/site\/mexico\/2021\/09\/02\/del-cacao-al-chocolate-una-deliciosa-transformacion\/","og_site_name":"M\u00e9xico","article_published_time":"2021-09-02T13:25:01+00:00","article_modified_time":"2021-09-02T17:25:20+00:00","og_image":[{"width":600,"height":338,"url":"https:\/\/noti-america.com\/site\/mexico\/wp-content\/uploads\/sites\/13\/2021\/09\/Chocolate1010-1024x576-1.jpg","type":"image\/jpeg"}],"author":"Rosmer Herrera","twitter_card":"summary_large_image","twitter_misc":{"Escrito por":"Rosmer Herrera","Tiempo estimado de lectura":"3 minutos"},"schema":{"@context":"https:\/\/schema.org","@graph":[{"@type":"Article","@id":"https:\/\/noti-america.com\/site\/mexico\/2021\/09\/02\/del-cacao-al-chocolate-una-deliciosa-transformacion\/#article","isPartOf":{"@id":"https:\/\/noti-america.com\/site\/mexico\/2021\/09\/02\/del-cacao-al-chocolate-una-deliciosa-transformacion\/"},"author":{"name":"Rosmer Herrera","@id":"https:\/\/noti-america.com\/site\/mexico\/#\/schema\/person\/fd58dbfb92a257e9dc5761bf69a855ff"},"headline":"Del Cacao al Chocolate, una deliciosa transformaci\u00f3n","datePublished":"2021-09-02T13:25:01+00:00","dateModified":"2021-09-02T17:25:20+00:00","mainEntityOfPage":{"@id":"https:\/\/noti-america.com\/site\/mexico\/2021\/09\/02\/del-cacao-al-chocolate-una-deliciosa-transformacion\/"},"wordCount":645,"commentCount":0,"publisher":{"@id":"https:\/\/noti-america.com\/site\/mexico\/#organization"},"image":{"@id":"https:\/\/noti-america.com\/site\/mexico\/2021\/09\/02\/del-cacao-al-chocolate-una-deliciosa-transformacion\/#primaryimage"},"thumbnailUrl":"https:\/\/noti-america.com\/site\/mexico\/wp-content\/uploads\/sites\/13\/2021\/09\/Chocolate1010-1024x576-1.jpg","articleSection":["Actualidad","Gastronom\u00eda"],"inLanguage":"es","potentialAction":[{"@type":"CommentAction","name":"Comment","target":["https:\/\/noti-america.com\/site\/mexico\/2021\/09\/02\/del-cacao-al-chocolate-una-deliciosa-transformacion\/#respond"]}]},{"@type":"WebPage","@id":"https:\/\/noti-america.com\/site\/mexico\/2021\/09\/02\/del-cacao-al-chocolate-una-deliciosa-transformacion\/","url":"https:\/\/noti-america.com\/site\/mexico\/2021\/09\/02\/del-cacao-al-chocolate-una-deliciosa-transformacion\/","name":"Del Cacao al Chocolate, una deliciosa transformaci\u00f3n - M\u00e9xico","isPartOf":{"@id":"https:\/\/noti-america.com\/site\/mexico\/#website"},"primaryImageOfPage":{"@id":"https:\/\/noti-america.com\/site\/mexico\/2021\/09\/02\/del-cacao-al-chocolate-una-deliciosa-transformacion\/#primaryimage"},"image":{"@id":"https:\/\/noti-america.com\/site\/mexico\/2021\/09\/02\/del-cacao-al-chocolate-una-deliciosa-transformacion\/#primaryimage"},"thumbnailUrl":"https:\/\/noti-america.com\/site\/mexico\/wp-content\/uploads\/sites\/13\/2021\/09\/Chocolate1010-1024x576-1.jpg","datePublished":"2021-09-02T13:25:01+00:00","dateModified":"2021-09-02T17:25:20+00:00","breadcrumb":{"@id":"https:\/\/noti-america.com\/site\/mexico\/2021\/09\/02\/del-cacao-al-chocolate-una-deliciosa-transformacion\/#breadcrumb"},"inLanguage":"es","potentialAction":[{"@type":"ReadAction","target":["https:\/\/noti-america.com\/site\/mexico\/2021\/09\/02\/del-cacao-al-chocolate-una-deliciosa-transformacion\/"]}]},{"@type":"ImageObject","inLanguage":"es","@id":"https:\/\/noti-america.com\/site\/mexico\/2021\/09\/02\/del-cacao-al-chocolate-una-deliciosa-transformacion\/#primaryimage","url":"https:\/\/noti-america.com\/site\/mexico\/wp-content\/uploads\/sites\/13\/2021\/09\/Chocolate1010-1024x576-1.jpg","contentUrl":"https:\/\/noti-america.com\/site\/mexico\/wp-content\/uploads\/sites\/13\/2021\/09\/Chocolate1010-1024x576-1.jpg","width":600,"height":338},{"@type":"BreadcrumbList","@id":"https:\/\/noti-america.com\/site\/mexico\/2021\/09\/02\/del-cacao-al-chocolate-una-deliciosa-transformacion\/#breadcrumb","itemListElement":[{"@type":"ListItem","position":1,"name":"Portada","item":"https:\/\/noti-america.com\/site\/mexico\/"},{"@type":"ListItem","position":2,"name":"Del Cacao al Chocolate, una deliciosa transformaci\u00f3n"}]},{"@type":"WebSite","@id":"https:\/\/noti-america.com\/site\/mexico\/#website","url":"https:\/\/noti-america.com\/site\/mexico\/","name":"M\u00e9xico | Noti-America.com","description":"","publisher":{"@id":"https:\/\/noti-america.com\/site\/mexico\/#organization"},"potentialAction":[{"@type":"SearchAction","target":{"@type":"EntryPoint","urlTemplate":"https:\/\/noti-america.com\/site\/mexico\/?s={search_term_string}"},"query-input":{"@type":"PropertyValueSpecification","valueRequired":true,"valueName":"search_term_string"}}],"inLanguage":"es"},{"@type":"Organization","@id":"https:\/\/noti-america.com\/site\/mexico\/#organization","name":"Noti-America LLC | M\u00e9xico","url":"https:\/\/noti-america.com\/site\/mexico\/","logo":{"@type":"ImageObject","inLanguage":"es","@id":"https:\/\/noti-america.com\/site\/mexico\/#\/schema\/logo\/image\/","url":"https:\/\/noti-america.com\/site\/mexico\/wp-content\/uploads\/sites\/13\/2020\/07\/LogoNA-4x3-1.jpg","contentUrl":"https:\/\/noti-america.com\/site\/mexico\/wp-content\/uploads\/sites\/13\/2020\/07\/LogoNA-4x3-1.jpg","width":1236,"height":1080,"caption":"Noti-America LLC | M\u00e9xico"},"image":{"@id":"https:\/\/noti-america.com\/site\/mexico\/#\/schema\/logo\/image\/"}},{"@type":"Person","@id":"https:\/\/noti-america.com\/site\/mexico\/#\/schema\/person\/fd58dbfb92a257e9dc5761bf69a855ff","name":"Rosmer Herrera","image":{"@type":"ImageObject","inLanguage":"es","@id":"https:\/\/secure.gravatar.com\/avatar\/153e75c261394dbf20ff1a1e70ea2be9494f2b40b7fc4e7704084db13220ae08?s=96&d=mm&r=g","url":"https:\/\/secure.gravatar.com\/avatar\/153e75c261394dbf20ff1a1e70ea2be9494f2b40b7fc4e7704084db13220ae08?s=96&d=mm&r=g","contentUrl":"https:\/\/secure.gravatar.com\/avatar\/153e75c261394dbf20ff1a1e70ea2be9494f2b40b7fc4e7704084db13220ae08?s=96&d=mm&r=g","caption":"Rosmer Herrera"},"url":"https:\/\/noti-america.com\/site\/mexico\/author\/rosmer33\/"}]}},"_links":{"self":[{"href":"https:\/\/noti-america.com\/site\/mexico\/wp-json\/wp\/v2\/posts\/6580","targetHints":{"allow":["GET"]}}],"collection":[{"href":"https:\/\/noti-america.com\/site\/mexico\/wp-json\/wp\/v2\/posts"}],"about":[{"href":"https:\/\/noti-america.com\/site\/mexico\/wp-json\/wp\/v2\/types\/post"}],"author":[{"embeddable":true,"href":"https:\/\/noti-america.com\/site\/mexico\/wp-json\/wp\/v2\/users\/1"}],"replies":[{"embeddable":true,"href":"https:\/\/noti-america.com\/site\/mexico\/wp-json\/wp\/v2\/comments?post=6580"}],"version-history":[{"count":1,"href":"https:\/\/noti-america.com\/site\/mexico\/wp-json\/wp\/v2\/posts\/6580\/revisions"}],"predecessor-version":[{"id":6582,"href":"https:\/\/noti-america.com\/site\/mexico\/wp-json\/wp\/v2\/posts\/6580\/revisions\/6582"}],"wp:featuredmedia":[{"embeddable":true,"href":"https:\/\/noti-america.com\/site\/mexico\/wp-json\/wp\/v2\/media\/6581"}],"wp:attachment":[{"href":"https:\/\/noti-america.com\/site\/mexico\/wp-json\/wp\/v2\/media?parent=6580"}],"wp:term":[{"taxonomy":"category","embeddable":true,"href":"https:\/\/noti-america.com\/site\/mexico\/wp-json\/wp\/v2\/categories?post=6580"},{"taxonomy":"post_tag","embeddable":true,"href":"https:\/\/noti-america.com\/site\/mexico\/wp-json\/wp\/v2\/tags?post=6580"}],"curies":[{"name":"wp","href":"https:\/\/api.w.org\/{rel}","templated":true}]}}