{"id":6577,"date":"2021-09-02T05:08:25","date_gmt":"2021-09-02T05:08:25","guid":{"rendered":"https:\/\/noti-america.com\/site\/mexico\/?p=6577"},"modified":"2021-09-03T20:52:18","modified_gmt":"2021-09-03T20:52:18","slug":"finalmente-el-gol-numero-111-de-cristiano-ronaldo","status":"publish","type":"post","link":"https:\/\/noti-america.com\/site\/mexico\/2021\/09\/02\/finalmente-el-gol-numero-111-de-cristiano-ronaldo\/","title":{"rendered":"Finalmente el gol n\u00famero 111 de Cristiano Ronaldo"},"content":{"rendered":"<p><strong>Noti-Am\u00e9rica (M\u00e9xico)<\/strong><br \/>\n<strong>Ciudad de M\u00e9xico,DF.<\/strong><\/p>\n<p style=\"text-align: justify\"><a href=\"https:\/\/us.marca.com\/claro\/futbol\/mundial\/2021\/09\/01\/612fe77ae2704e32a88b4600.html\">Cristiano Ronaldo se convirti\u00f3 en el m\u00e1ximo anotador de la historia en una selecci\u00f3n\u00a0<\/a>despu\u00e9s de anotar un par de goles para darle el triunfo a Portugal frente a Irlanda en las eliminatorias de la UEFA rumbo al Mundial de Qatar 2022.<\/p>\n<p style=\"text-align: justify\">Siempre existir\u00e1 el\u00a0<strong>debate sobre qui\u00e9n es el mejor jugador de la historia entre Pel\u00e9 y Maradona<\/strong>, pero en los \u00faltimos a\u00f1os Lionel Messi est\u00e1 cada vez m\u00e1s al acecho y, aunque\u00a0<strong>CR7 muchas veces no figura en la terna, el lusitano tiene las estad\u00edsticas<\/strong>\u00a0en sus espaldas para acrecentar la pol\u00e9mica.<\/p>\n<p style=\"text-align: justify\">El portugu\u00e9s registra m\u00e1s de un r\u00e9cord a lo largo de su carrera como profesional y a sus 36 a\u00f1os parece que el tiempo no pasa gracias a su trabajo f\u00edsico a nivel de cualquier atleta de alto rendimiento.<\/p>\n<p style=\"text-align: justify\"><strong>Cristiano inici\u00f3 como extremo en el Sporting CP y el Manchester United,<\/strong>\u00a0a veces para arrancar desde media cancha donde era notorio que le gustaba driblar a los rivales para despu\u00e9s dar carreras a una velocidad envidiable, aunque con el paso del tiempo\u00a0<strong>el luso termin\u00f3 por adaptarse a una posici\u00f3n m\u00e1s de centro delantero debido a que le gust\u00f3 el gol desde su etapa con el Real Madrid.<\/strong><\/p>\n<p style=\"text-align: justify\">El atacante que regres\u00f3 al Manchester United esta temporada<strong>\u00a0tiene 783 goles en su carrera.<\/strong>\u00a0Tal como lo dec\u00edamos en\u00a0<a href=\"https:\/\/www.marca.com\/claro-mx\/futbol-internacional\/liga-italiana\/2021\/02\/02\/6019bc00e2704e3f418b463a.html\">MARCA, Cristiano Ronaldo es el m\u00e1ximo goleador de toda la historia desde principios de a\u00f1o al superar a Pel\u00e9 y Josef Bican.<\/a><\/p>\n<p style=\"text-align: justify\">Pero la historia no termina ah\u00ed,\u00a0<strong>CR7 tambi\u00e9n cuenta con el r\u00e9cord de m\u00e1ximo anotador en la Champions League con 134 dianas<\/strong>, incluso es el que\u00a0<strong>ha metido m\u00e1s goles en una edici\u00f3n con 17 tantos<\/strong>\u00a0en la temporada 2013\/2014.<\/p>\n<p style=\"text-align: justify\">Dentro de las instancias continentales, no hay que olvidar que el ex merengue lleva 1<strong>4 goles en Eurocopas,<\/strong>\u00a0todo un r\u00e9cord tras ser el jugador con\u00a0<strong>m\u00e1s partidos dentro de la competencia con 25 de ellos<\/strong>\u00a0y una Euro en su palmar\u00e9s, adem\u00e1s de ser el\u00a0<strong>\u00fanico que ha participado en cinco diferentes torneos.<\/strong><\/p>\n<p style=\"text-align: justify\">Dentro del camino como seleccionado igual es el jugador con\u00a0<strong>m\u00e1s tantos en Eliminatorias para la Euro con 31 goles<\/strong>, as\u00ed como el futbolista con\u00a0<strong>m\u00e1s marcos vencidos en Eliminatorias Mundialistas.<\/strong><\/p>\n<p style=\"text-align: justify\">En consecuencia, el portugu\u00e9s tiene\u00a0<strong>111 goles con la camiseta de su pa\u00eds, dos por encima de Ali Daei\u00a0<\/strong>quien argument\u00f3 que posee la misma cantidad de goles, pero la FIFA le resta dos tantos de competencias ol\u00edmpicas.<\/p>\n<p style=\"text-align: justify\">Tampoco hay que olvidar la etapa como blanco por parte de Cristiano Ronaldo, momento en el que se convirti\u00f3 en uno de los mejores deportistas del balompi\u00e9 de la historia, m\u00e1s que nada por sus<strong>\u00a0451 goles con el Real Madrid.\u00a0<\/strong>No queda nada m\u00e1s por decir al mencionar que Ra\u00fal tiene 324 goles, as\u00ed que\u00a0<strong>el lusitano rompi\u00f3 por completo la marca<\/strong>\u00a0del espa\u00f1ol.<\/p>\n<p style=\"text-align: justify\">Despu\u00e9s de las cuatro Champions con el Madrid y una con el United, Cristiano lleg\u00f3 a los\u00a0<strong>Mundiales de Clubes donde meti\u00f3 7 goles y ostenta el primer lugar contra el m\u00edtico Pel\u00e9<\/strong>, aunque no jug\u00f3 la \u00faltima porque fue transferido con la Juventus.<\/p>\n<p style=\"text-align: justify\">En premios individuales,\u00a0<strong>CR7 alz\u00f3 cinco Balones de Oro,<\/strong>\u00a0uno por debajo de Messi pero tambi\u00e9n es\u00a0<strong>el \u00fanico con dos premios The Best de la FIFA<\/strong>\u00a0y no s\u00f3lo eso, el luso es el \u00fanico que meti\u00f3\u00a0<strong>m\u00e1s de 50 goles en las tres ligas m\u00e1s importantes del mundo: Inglaterra, Italia y Espa\u00f1a<\/strong>, gracias a sus m\u00e1s de 50 goles por a\u00f1o de forma consecutiva desde el 2010\/2011 hasta el 2015\/2016.<\/p>\n","protected":false},"excerpt":{"rendered":"<p>Noti-Am\u00e9rica (M\u00e9xico) Ciudad de M\u00e9xico,DF. Cristiano Ronaldo se convirti\u00f3 en el m\u00e1ximo anotador de la historia en una selecci\u00f3n\u00a0despu\u00e9s de anotar un par de goles para darle el triunfo a Portugal frente a Irlanda&#46;&#46;&#46;<\/p>\n","protected":false},"author":87,"featured_media":6578,"comment_status":"open","ping_status":"open","sticky":false,"template":"","format":"image","meta":{"_acf_changed":false,"om_disable_all_campaigns":false,"rop_custom_images_group":[],"rop_custom_messages_group":[],"rop_publish_now":"initial","rop_publish_now_accounts":{"twitter_242054905_242054905":""},"rop_publish_now_history":[],"rop_publish_now_status":"pending","_uf_show_specific_survey":0,"_uf_disable_surveys":false,"footnotes":""},"categories":[16,4],"tags":[],"class_list":["post-6577","post","type-post","status-publish","format-image","has-post-thumbnail","hentry","category-deportes","category-internacionales","post_format-post-format-image"],"acf":[],"aioseo_notices":[],"yoast_head":"<!-- This site is optimized with the Yoast SEO Premium plugin v24.9 (Yoast SEO v27.2) - https:\/\/yoast.com\/product\/yoast-seo-premium-wordpress\/ -->\n<title>Finalmente el gol n\u00famero 111 de Cristiano Ronaldo - M\u00e9xico<\/title>\n<meta name=\"robots\" content=\"index, follow, max-snippet:-1, max-image-preview:large, max-video-preview:-1\" \/>\n<link rel=\"canonical\" href=\"https:\/\/noti-america.com\/site\/mexico\/2021\/09\/02\/finalmente-el-gol-numero-111-de-cristiano-ronaldo\/\" \/>\n<meta property=\"og:locale\" content=\"es_ES\" \/>\n<meta property=\"og:type\" content=\"article\" \/>\n<meta property=\"og:title\" content=\"Finalmente el gol n\u00famero 111 de Cristiano Ronaldo\" \/>\n<meta property=\"og:description\" content=\"Noti-Am\u00e9rica (M\u00e9xico) Ciudad de M\u00e9xico,DF. Cristiano Ronaldo se convirti\u00f3 en el m\u00e1ximo anotador de la historia en una selecci\u00f3n\u00a0despu\u00e9s de anotar un par de goles para darle el triunfo a Portugal frente a Irlanda&#046;&#046;&#046;\" \/>\n<meta property=\"og:url\" content=\"https:\/\/noti-america.com\/site\/mexico\/2021\/09\/02\/finalmente-el-gol-numero-111-de-cristiano-ronaldo\/\" \/>\n<meta property=\"og:site_name\" content=\"M\u00e9xico\" \/>\n<meta property=\"article:published_time\" content=\"2021-09-02T05:08:25+00:00\" \/>\n<meta property=\"article:modified_time\" content=\"2021-09-03T20:52:18+00:00\" \/>\n<meta property=\"og:image\" content=\"https:\/\/noti-america.com\/site\/mexico\/wp-content\/uploads\/sites\/13\/2021\/09\/16305496948361.png\" \/>\n\t<meta property=\"og:image:width\" content=\"990\" \/>\n\t<meta property=\"og:image:height\" content=\"557\" \/>\n\t<meta property=\"og:image:type\" content=\"image\/png\" \/>\n<meta name=\"author\" content=\"CAMH\" \/>\n<meta name=\"twitter:card\" content=\"summary_large_image\" \/>\n<meta name=\"twitter:label1\" content=\"Escrito por\" \/>\n\t<meta name=\"twitter:data1\" content=\"CAMH\" \/>\n\t<meta name=\"twitter:label2\" content=\"Tiempo estimado de lectura\" \/>\n\t<meta name=\"twitter:data2\" content=\"3 minutos\" \/>\n<script type=\"application\/ld+json\" class=\"yoast-schema-graph\">{\"@context\":\"https:\/\/schema.org\",\"@graph\":[{\"@type\":\"Article\",\"@id\":\"https:\/\/noti-america.com\/site\/mexico\/2021\/09\/02\/finalmente-el-gol-numero-111-de-cristiano-ronaldo\/#article\",\"isPartOf\":{\"@id\":\"https:\/\/noti-america.com\/site\/mexico\/2021\/09\/02\/finalmente-el-gol-numero-111-de-cristiano-ronaldo\/\"},\"author\":{\"name\":\"CAMH\",\"@id\":\"https:\/\/noti-america.com\/site\/mexico\/#\/schema\/person\/e13880b4308eea6926b271284605ef72\"},\"headline\":\"Finalmente el gol n\u00famero 111 de Cristiano Ronaldo\",\"datePublished\":\"2021-09-02T05:08:25+00:00\",\"dateModified\":\"2021-09-03T20:52:18+00:00\",\"mainEntityOfPage\":{\"@id\":\"https:\/\/noti-america.com\/site\/mexico\/2021\/09\/02\/finalmente-el-gol-numero-111-de-cristiano-ronaldo\/\"},\"wordCount\":634,\"commentCount\":0,\"publisher\":{\"@id\":\"https:\/\/noti-america.com\/site\/mexico\/#organization\"},\"image\":{\"@id\":\"https:\/\/noti-america.com\/site\/mexico\/2021\/09\/02\/finalmente-el-gol-numero-111-de-cristiano-ronaldo\/#primaryimage\"},\"thumbnailUrl\":\"https:\/\/noti-america.com\/site\/mexico\/wp-content\/uploads\/sites\/13\/2021\/09\/16305496948361.png\",\"articleSection\":[\"Deportes\",\"Internacionales\"],\"inLanguage\":\"es\",\"potentialAction\":[{\"@type\":\"CommentAction\",\"name\":\"Comment\",\"target\":[\"https:\/\/noti-america.com\/site\/mexico\/2021\/09\/02\/finalmente-el-gol-numero-111-de-cristiano-ronaldo\/#respond\"]}]},{\"@type\":\"WebPage\",\"@id\":\"https:\/\/noti-america.com\/site\/mexico\/2021\/09\/02\/finalmente-el-gol-numero-111-de-cristiano-ronaldo\/\",\"url\":\"https:\/\/noti-america.com\/site\/mexico\/2021\/09\/02\/finalmente-el-gol-numero-111-de-cristiano-ronaldo\/\",\"name\":\"Finalmente el gol n\u00famero 111 de Cristiano Ronaldo - M\u00e9xico\",\"isPartOf\":{\"@id\":\"https:\/\/noti-america.com\/site\/mexico\/#website\"},\"primaryImageOfPage\":{\"@id\":\"https:\/\/noti-america.com\/site\/mexico\/2021\/09\/02\/finalmente-el-gol-numero-111-de-cristiano-ronaldo\/#primaryimage\"},\"image\":{\"@id\":\"https:\/\/noti-america.com\/site\/mexico\/2021\/09\/02\/finalmente-el-gol-numero-111-de-cristiano-ronaldo\/#primaryimage\"},\"thumbnailUrl\":\"https:\/\/noti-america.com\/site\/mexico\/wp-content\/uploads\/sites\/13\/2021\/09\/16305496948361.png\",\"datePublished\":\"2021-09-02T05:08:25+00:00\",\"dateModified\":\"2021-09-03T20:52:18+00:00\",\"breadcrumb\":{\"@id\":\"https:\/\/noti-america.com\/site\/mexico\/2021\/09\/02\/finalmente-el-gol-numero-111-de-cristiano-ronaldo\/#breadcrumb\"},\"inLanguage\":\"es\",\"potentialAction\":[{\"@type\":\"ReadAction\",\"target\":[\"https:\/\/noti-america.com\/site\/mexico\/2021\/09\/02\/finalmente-el-gol-numero-111-de-cristiano-ronaldo\/\"]}]},{\"@type\":\"ImageObject\",\"inLanguage\":\"es\",\"@id\":\"https:\/\/noti-america.com\/site\/mexico\/2021\/09\/02\/finalmente-el-gol-numero-111-de-cristiano-ronaldo\/#primaryimage\",\"url\":\"https:\/\/noti-america.com\/site\/mexico\/wp-content\/uploads\/sites\/13\/2021\/09\/16305496948361.png\",\"contentUrl\":\"https:\/\/noti-america.com\/site\/mexico\/wp-content\/uploads\/sites\/13\/2021\/09\/16305496948361.png\",\"width\":990,\"height\":557},{\"@type\":\"BreadcrumbList\",\"@id\":\"https:\/\/noti-america.com\/site\/mexico\/2021\/09\/02\/finalmente-el-gol-numero-111-de-cristiano-ronaldo\/#breadcrumb\",\"itemListElement\":[{\"@type\":\"ListItem\",\"position\":1,\"name\":\"Portada\",\"item\":\"https:\/\/noti-america.com\/site\/mexico\/\"},{\"@type\":\"ListItem\",\"position\":2,\"name\":\"Finalmente el gol n\u00famero 111 de Cristiano Ronaldo\"}]},{\"@type\":\"WebSite\",\"@id\":\"https:\/\/noti-america.com\/site\/mexico\/#website\",\"url\":\"https:\/\/noti-america.com\/site\/mexico\/\",\"name\":\"M\u00e9xico | Noti-America.com\",\"description\":\"\",\"publisher\":{\"@id\":\"https:\/\/noti-america.com\/site\/mexico\/#organization\"},\"potentialAction\":[{\"@type\":\"SearchAction\",\"target\":{\"@type\":\"EntryPoint\",\"urlTemplate\":\"https:\/\/noti-america.com\/site\/mexico\/?s={search_term_string}\"},\"query-input\":{\"@type\":\"PropertyValueSpecification\",\"valueRequired\":true,\"valueName\":\"search_term_string\"}}],\"inLanguage\":\"es\"},{\"@type\":\"Organization\",\"@id\":\"https:\/\/noti-america.com\/site\/mexico\/#organization\",\"name\":\"Noti-America LLC | M\u00e9xico\",\"url\":\"https:\/\/noti-america.com\/site\/mexico\/\",\"logo\":{\"@type\":\"ImageObject\",\"inLanguage\":\"es\",\"@id\":\"https:\/\/noti-america.com\/site\/mexico\/#\/schema\/logo\/image\/\",\"url\":\"https:\/\/noti-america.com\/site\/mexico\/wp-content\/uploads\/sites\/13\/2020\/07\/LogoNA-4x3-1.jpg\",\"contentUrl\":\"https:\/\/noti-america.com\/site\/mexico\/wp-content\/uploads\/sites\/13\/2020\/07\/LogoNA-4x3-1.jpg\",\"width\":1236,\"height\":1080,\"caption\":\"Noti-America LLC | M\u00e9xico\"},\"image\":{\"@id\":\"https:\/\/noti-america.com\/site\/mexico\/#\/schema\/logo\/image\/\"}},{\"@type\":\"Person\",\"@id\":\"https:\/\/noti-america.com\/site\/mexico\/#\/schema\/person\/e13880b4308eea6926b271284605ef72\",\"name\":\"CAMH\",\"image\":{\"@type\":\"ImageObject\",\"inLanguage\":\"es\",\"@id\":\"https:\/\/secure.gravatar.com\/avatar\/82aa99c723cbed2b304797bc218a5542b5a94d7f5d0ba3b39650aef53c28ecf5?s=96&d=mm&r=g\",\"url\":\"https:\/\/secure.gravatar.com\/avatar\/82aa99c723cbed2b304797bc218a5542b5a94d7f5d0ba3b39650aef53c28ecf5?s=96&d=mm&r=g\",\"contentUrl\":\"https:\/\/secure.gravatar.com\/avatar\/82aa99c723cbed2b304797bc218a5542b5a94d7f5d0ba3b39650aef53c28ecf5?s=96&d=mm&r=g\",\"caption\":\"CAMH\"},\"url\":\"https:\/\/noti-america.com\/site\/mexico\/author\/cmitchell\/\"}]}<\/script>\n<!-- \/ Yoast SEO Premium plugin. -->","yoast_head_json":{"title":"Finalmente el gol n\u00famero 111 de Cristiano Ronaldo - M\u00e9xico","robots":{"index":"index","follow":"follow","max-snippet":"max-snippet:-1","max-image-preview":"max-image-preview:large","max-video-preview":"max-video-preview:-1"},"canonical":"https:\/\/noti-america.com\/site\/mexico\/2021\/09\/02\/finalmente-el-gol-numero-111-de-cristiano-ronaldo\/","og_locale":"es_ES","og_type":"article","og_title":"Finalmente el gol n\u00famero 111 de Cristiano Ronaldo","og_description":"Noti-Am\u00e9rica (M\u00e9xico) Ciudad de M\u00e9xico,DF. Cristiano Ronaldo se convirti\u00f3 en el m\u00e1ximo anotador de la historia en una selecci\u00f3n\u00a0despu\u00e9s de anotar un par de goles para darle el triunfo a Portugal frente a Irlanda&#46;&#46;&#46;","og_url":"https:\/\/noti-america.com\/site\/mexico\/2021\/09\/02\/finalmente-el-gol-numero-111-de-cristiano-ronaldo\/","og_site_name":"M\u00e9xico","article_published_time":"2021-09-02T05:08:25+00:00","article_modified_time":"2021-09-03T20:52:18+00:00","og_image":[{"width":990,"height":557,"url":"https:\/\/noti-america.com\/site\/mexico\/wp-content\/uploads\/sites\/13\/2021\/09\/16305496948361.png","type":"image\/png"}],"author":"CAMH","twitter_card":"summary_large_image","twitter_misc":{"Escrito por":"CAMH","Tiempo estimado de lectura":"3 minutos"},"schema":{"@context":"https:\/\/schema.org","@graph":[{"@type":"Article","@id":"https:\/\/noti-america.com\/site\/mexico\/2021\/09\/02\/finalmente-el-gol-numero-111-de-cristiano-ronaldo\/#article","isPartOf":{"@id":"https:\/\/noti-america.com\/site\/mexico\/2021\/09\/02\/finalmente-el-gol-numero-111-de-cristiano-ronaldo\/"},"author":{"name":"CAMH","@id":"https:\/\/noti-america.com\/site\/mexico\/#\/schema\/person\/e13880b4308eea6926b271284605ef72"},"headline":"Finalmente el gol n\u00famero 111 de Cristiano Ronaldo","datePublished":"2021-09-02T05:08:25+00:00","dateModified":"2021-09-03T20:52:18+00:00","mainEntityOfPage":{"@id":"https:\/\/noti-america.com\/site\/mexico\/2021\/09\/02\/finalmente-el-gol-numero-111-de-cristiano-ronaldo\/"},"wordCount":634,"commentCount":0,"publisher":{"@id":"https:\/\/noti-america.com\/site\/mexico\/#organization"},"image":{"@id":"https:\/\/noti-america.com\/site\/mexico\/2021\/09\/02\/finalmente-el-gol-numero-111-de-cristiano-ronaldo\/#primaryimage"},"thumbnailUrl":"https:\/\/noti-america.com\/site\/mexico\/wp-content\/uploads\/sites\/13\/2021\/09\/16305496948361.png","articleSection":["Deportes","Internacionales"],"inLanguage":"es","potentialAction":[{"@type":"CommentAction","name":"Comment","target":["https:\/\/noti-america.com\/site\/mexico\/2021\/09\/02\/finalmente-el-gol-numero-111-de-cristiano-ronaldo\/#respond"]}]},{"@type":"WebPage","@id":"https:\/\/noti-america.com\/site\/mexico\/2021\/09\/02\/finalmente-el-gol-numero-111-de-cristiano-ronaldo\/","url":"https:\/\/noti-america.com\/site\/mexico\/2021\/09\/02\/finalmente-el-gol-numero-111-de-cristiano-ronaldo\/","name":"Finalmente el gol n\u00famero 111 de Cristiano Ronaldo - M\u00e9xico","isPartOf":{"@id":"https:\/\/noti-america.com\/site\/mexico\/#website"},"primaryImageOfPage":{"@id":"https:\/\/noti-america.com\/site\/mexico\/2021\/09\/02\/finalmente-el-gol-numero-111-de-cristiano-ronaldo\/#primaryimage"},"image":{"@id":"https:\/\/noti-america.com\/site\/mexico\/2021\/09\/02\/finalmente-el-gol-numero-111-de-cristiano-ronaldo\/#primaryimage"},"thumbnailUrl":"https:\/\/noti-america.com\/site\/mexico\/wp-content\/uploads\/sites\/13\/2021\/09\/16305496948361.png","datePublished":"2021-09-02T05:08:25+00:00","dateModified":"2021-09-03T20:52:18+00:00","breadcrumb":{"@id":"https:\/\/noti-america.com\/site\/mexico\/2021\/09\/02\/finalmente-el-gol-numero-111-de-cristiano-ronaldo\/#breadcrumb"},"inLanguage":"es","potentialAction":[{"@type":"ReadAction","target":["https:\/\/noti-america.com\/site\/mexico\/2021\/09\/02\/finalmente-el-gol-numero-111-de-cristiano-ronaldo\/"]}]},{"@type":"ImageObject","inLanguage":"es","@id":"https:\/\/noti-america.com\/site\/mexico\/2021\/09\/02\/finalmente-el-gol-numero-111-de-cristiano-ronaldo\/#primaryimage","url":"https:\/\/noti-america.com\/site\/mexico\/wp-content\/uploads\/sites\/13\/2021\/09\/16305496948361.png","contentUrl":"https:\/\/noti-america.com\/site\/mexico\/wp-content\/uploads\/sites\/13\/2021\/09\/16305496948361.png","width":990,"height":557},{"@type":"BreadcrumbList","@id":"https:\/\/noti-america.com\/site\/mexico\/2021\/09\/02\/finalmente-el-gol-numero-111-de-cristiano-ronaldo\/#breadcrumb","itemListElement":[{"@type":"ListItem","position":1,"name":"Portada","item":"https:\/\/noti-america.com\/site\/mexico\/"},{"@type":"ListItem","position":2,"name":"Finalmente el gol n\u00famero 111 de Cristiano Ronaldo"}]},{"@type":"WebSite","@id":"https:\/\/noti-america.com\/site\/mexico\/#website","url":"https:\/\/noti-america.com\/site\/mexico\/","name":"M\u00e9xico | Noti-America.com","description":"","publisher":{"@id":"https:\/\/noti-america.com\/site\/mexico\/#organization"},"potentialAction":[{"@type":"SearchAction","target":{"@type":"EntryPoint","urlTemplate":"https:\/\/noti-america.com\/site\/mexico\/?s={search_term_string}"},"query-input":{"@type":"PropertyValueSpecification","valueRequired":true,"valueName":"search_term_string"}}],"inLanguage":"es"},{"@type":"Organization","@id":"https:\/\/noti-america.com\/site\/mexico\/#organization","name":"Noti-America LLC | M\u00e9xico","url":"https:\/\/noti-america.com\/site\/mexico\/","logo":{"@type":"ImageObject","inLanguage":"es","@id":"https:\/\/noti-america.com\/site\/mexico\/#\/schema\/logo\/image\/","url":"https:\/\/noti-america.com\/site\/mexico\/wp-content\/uploads\/sites\/13\/2020\/07\/LogoNA-4x3-1.jpg","contentUrl":"https:\/\/noti-america.com\/site\/mexico\/wp-content\/uploads\/sites\/13\/2020\/07\/LogoNA-4x3-1.jpg","width":1236,"height":1080,"caption":"Noti-America LLC | M\u00e9xico"},"image":{"@id":"https:\/\/noti-america.com\/site\/mexico\/#\/schema\/logo\/image\/"}},{"@type":"Person","@id":"https:\/\/noti-america.com\/site\/mexico\/#\/schema\/person\/e13880b4308eea6926b271284605ef72","name":"CAMH","image":{"@type":"ImageObject","inLanguage":"es","@id":"https:\/\/secure.gravatar.com\/avatar\/82aa99c723cbed2b304797bc218a5542b5a94d7f5d0ba3b39650aef53c28ecf5?s=96&d=mm&r=g","url":"https:\/\/secure.gravatar.com\/avatar\/82aa99c723cbed2b304797bc218a5542b5a94d7f5d0ba3b39650aef53c28ecf5?s=96&d=mm&r=g","contentUrl":"https:\/\/secure.gravatar.com\/avatar\/82aa99c723cbed2b304797bc218a5542b5a94d7f5d0ba3b39650aef53c28ecf5?s=96&d=mm&r=g","caption":"CAMH"},"url":"https:\/\/noti-america.com\/site\/mexico\/author\/cmitchell\/"}]}},"_links":{"self":[{"href":"https:\/\/noti-america.com\/site\/mexico\/wp-json\/wp\/v2\/posts\/6577","targetHints":{"allow":["GET"]}}],"collection":[{"href":"https:\/\/noti-america.com\/site\/mexico\/wp-json\/wp\/v2\/posts"}],"about":[{"href":"https:\/\/noti-america.com\/site\/mexico\/wp-json\/wp\/v2\/types\/post"}],"author":[{"embeddable":true,"href":"https:\/\/noti-america.com\/site\/mexico\/wp-json\/wp\/v2\/users\/87"}],"replies":[{"embeddable":true,"href":"https:\/\/noti-america.com\/site\/mexico\/wp-json\/wp\/v2\/comments?post=6577"}],"version-history":[{"count":2,"href":"https:\/\/noti-america.com\/site\/mexico\/wp-json\/wp\/v2\/posts\/6577\/revisions"}],"predecessor-version":[{"id":6587,"href":"https:\/\/noti-america.com\/site\/mexico\/wp-json\/wp\/v2\/posts\/6577\/revisions\/6587"}],"wp:featuredmedia":[{"embeddable":true,"href":"https:\/\/noti-america.com\/site\/mexico\/wp-json\/wp\/v2\/media\/6578"}],"wp:attachment":[{"href":"https:\/\/noti-america.com\/site\/mexico\/wp-json\/wp\/v2\/media?parent=6577"}],"wp:term":[{"taxonomy":"category","embeddable":true,"href":"https:\/\/noti-america.com\/site\/mexico\/wp-json\/wp\/v2\/categories?post=6577"},{"taxonomy":"post_tag","embeddable":true,"href":"https:\/\/noti-america.com\/site\/mexico\/wp-json\/wp\/v2\/tags?post=6577"}],"curies":[{"name":"wp","href":"https:\/\/api.w.org\/{rel}","templated":true}]}}