{"id":6564,"date":"2021-08-25T15:12:09","date_gmt":"2021-08-25T15:12:09","guid":{"rendered":"https:\/\/noti-america.com\/site\/mexico\/?p=6564"},"modified":"2021-08-25T15:12:09","modified_gmt":"2021-08-25T15:12:09","slug":"fabio-mosc-nominado-como-artista-digital-a-los-premios-pepsi","status":"publish","type":"post","link":"https:\/\/noti-america.com\/site\/mexico\/2021\/08\/25\/fabio-mosc-nominado-como-artista-digital-a-los-premios-pepsi\/","title":{"rendered":"Fabio Mosc nominado como artista digital  a los Premios Pepsi"},"content":{"rendered":"<p><strong>Noti-Am\u00e9rica (M\u00e9xico)<\/strong><br \/>\n<strong>Ciudad de M\u00e9xico,DF.<\/strong><\/p>\n<p>&nbsp;<\/p>\n<div style=\"text-align: justify\">El tiktoker Fabio Mosc, anunci\u00f3 hace unos d\u00edas que se encontraba nominado a la novena edici\u00f3n de los Premios Pepsi en la categor\u00eda \u201cArtista Digital\u201d, los cuales se desarrollaran en los pr\u00f3ximos meses, el criollo invito a sus fans a apoyarlo con los votos para llevarse este importante premio, esta academia reconoce el trabajo de cada artista nacional dentro y fuera de las fronteras.<\/div>\n<div><\/div>\n<div><a id=\"m_2469807959191541596LPlnk\" href=\"https:\/\/www.instagram.com\/p\/CSIiMmUt1E0\/\" target=\"_blank\" rel=\"noopener\" data-saferedirecturl=\"https:\/\/www.google.com\/url?q=https:\/\/www.instagram.com\/p\/CSIiMmUt1E0\/&amp;source=gmail&amp;ust=1629906320081000&amp;usg=AFQjCNG8Lto6p-FeHBzysxVv8o1-ziajVA\">https:\/\/www.instagram.com\/p\/CSIiMmUt1E0\/ <\/a><\/div>\n<div><\/div>\n<div>\n<div>\n<div style=\"text-align: justify\">Desde Venezuela el criollo no para de grabar y generar contenido para su p\u00fablico que siempre lo viene apoyando, desde su crecimiento nunca pens\u00f3 que en tan corto tiempo se ganar\u00eda el cari\u00f1o del mundo 2.0, semanas atr\u00e1s hab\u00eda anunciado que los Premios Ocammys le hab\u00eda otorgado la menci\u00f3n \u201cTiktoker Revelaci\u00f3n del A\u00f1o\u201d. Mosc no para de cosechar \u00e9xitos y se mantiene creciendo como la espuma.<\/div>\n<div dir=\"ltr\" style=\"text-align: justify\"><\/div>\n<p>Desde sus diferentes plataformas digitales, viene mostrando todo lo que ha estado realizando, en los pr\u00f3ximos meses Fabio estar\u00e1 dando a conocer importantes noticias en la que m\u00e1s de uno quedar\u00e1 con la boca abierta.<\/p><\/div>\n<\/div>\n<div><\/div>\n<div>Fuente: Yoel D\u00edaz<\/div>\n<div><\/div>\n<div>\n<div>\n<div id=\"m_2469807959191541596x_Signature\">\n<div>\n<div id=\"m_2469807959191541596x_divtagdefaultwrapper\" dir=\"ltr\">\n<div>\n<div><\/div>\n<\/div>\n<\/div>\n<\/div>\n<\/div>\n<\/div>\n<\/div>\n","protected":false},"excerpt":{"rendered":"<p>Noti-Am\u00e9rica (M\u00e9xico) Ciudad de M\u00e9xico,DF. &nbsp; El tiktoker Fabio Mosc, anunci\u00f3 hace unos d\u00edas que se encontraba nominado a la novena edici\u00f3n de los Premios Pepsi en la categor\u00eda \u201cArtista Digital\u201d, los cuales se&#46;&#46;&#46;<\/p>\n","protected":false},"author":87,"featured_media":6565,"comment_status":"open","ping_status":"open","sticky":false,"template":"","format":"gallery","meta":{"_acf_changed":false,"om_disable_all_campaigns":false,"rop_custom_images_group":[],"rop_custom_messages_group":[],"rop_publish_now":"initial","rop_publish_now_accounts":{"twitter_242054905_242054905":""},"rop_publish_now_history":[],"rop_publish_now_status":"pending","_uf_show_specific_survey":0,"_uf_disable_surveys":false,"footnotes":""},"categories":[10,705,4],"tags":[],"class_list":["post-6564","post","type-post","status-publish","format-gallery","has-post-thumbnail","hentry","category-acturalidad","category-entretenimiento","category-internacionales","post_format-post-format-gallery"],"acf":[],"aioseo_notices":[],"yoast_head":"<!-- This site is optimized with the Yoast SEO Premium plugin v24.9 (Yoast SEO v27.2) - https:\/\/yoast.com\/product\/yoast-seo-premium-wordpress\/ -->\n<title>Fabio Mosc nominado como artista digital a los Premios Pepsi - M\u00e9xico<\/title>\n<meta name=\"robots\" content=\"index, follow, max-snippet:-1, max-image-preview:large, max-video-preview:-1\" \/>\n<link rel=\"canonical\" href=\"https:\/\/noti-america.com\/site\/mexico\/2021\/08\/25\/fabio-mosc-nominado-como-artista-digital-a-los-premios-pepsi\/\" \/>\n<meta property=\"og:locale\" content=\"es_ES\" \/>\n<meta property=\"og:type\" content=\"article\" \/>\n<meta property=\"og:title\" content=\"Fabio Mosc nominado como artista digital a los Premios Pepsi\" \/>\n<meta property=\"og:description\" content=\"Noti-Am\u00e9rica (M\u00e9xico) Ciudad de M\u00e9xico,DF. &nbsp; El tiktoker Fabio Mosc, anunci\u00f3 hace unos d\u00edas que se encontraba nominado a la novena edici\u00f3n de los Premios Pepsi en la categor\u00eda \u201cArtista Digital\u201d, los cuales se&#046;&#046;&#046;\" \/>\n<meta property=\"og:url\" content=\"https:\/\/noti-america.com\/site\/mexico\/2021\/08\/25\/fabio-mosc-nominado-como-artista-digital-a-los-premios-pepsi\/\" \/>\n<meta property=\"og:site_name\" content=\"M\u00e9xico\" \/>\n<meta property=\"article:published_time\" content=\"2021-08-25T15:12:09+00:00\" \/>\n<meta property=\"og:image\" content=\"https:\/\/noti-america.com\/site\/mexico\/wp-content\/uploads\/sites\/13\/2021\/08\/thumbnail_DSC_2284-2.jpg\" \/>\n\t<meta property=\"og:image:width\" content=\"1023\" \/>\n\t<meta property=\"og:image:height\" content=\"1280\" \/>\n\t<meta property=\"og:image:type\" content=\"image\/jpeg\" \/>\n<meta name=\"author\" content=\"CAMH\" \/>\n<meta name=\"twitter:card\" content=\"summary_large_image\" \/>\n<meta name=\"twitter:label1\" content=\"Escrito por\" \/>\n\t<meta name=\"twitter:data1\" content=\"CAMH\" \/>\n\t<meta name=\"twitter:label2\" content=\"Tiempo estimado de lectura\" \/>\n\t<meta name=\"twitter:data2\" content=\"1 minuto\" \/>\n<script type=\"application\/ld+json\" class=\"yoast-schema-graph\">{\"@context\":\"https:\/\/schema.org\",\"@graph\":[{\"@type\":\"Article\",\"@id\":\"https:\/\/noti-america.com\/site\/mexico\/2021\/08\/25\/fabio-mosc-nominado-como-artista-digital-a-los-premios-pepsi\/#article\",\"isPartOf\":{\"@id\":\"https:\/\/noti-america.com\/site\/mexico\/2021\/08\/25\/fabio-mosc-nominado-como-artista-digital-a-los-premios-pepsi\/\"},\"author\":{\"name\":\"CAMH\",\"@id\":\"https:\/\/noti-america.com\/site\/mexico\/#\/schema\/person\/e13880b4308eea6926b271284605ef72\"},\"headline\":\"Fabio Mosc nominado como artista digital a los Premios Pepsi\",\"datePublished\":\"2021-08-25T15:12:09+00:00\",\"mainEntityOfPage\":{\"@id\":\"https:\/\/noti-america.com\/site\/mexico\/2021\/08\/25\/fabio-mosc-nominado-como-artista-digital-a-los-premios-pepsi\/\"},\"wordCount\":210,\"commentCount\":0,\"publisher\":{\"@id\":\"https:\/\/noti-america.com\/site\/mexico\/#organization\"},\"image\":{\"@id\":\"https:\/\/noti-america.com\/site\/mexico\/2021\/08\/25\/fabio-mosc-nominado-como-artista-digital-a-los-premios-pepsi\/#primaryimage\"},\"thumbnailUrl\":\"https:\/\/noti-america.com\/site\/mexico\/wp-content\/uploads\/sites\/13\/2021\/08\/thumbnail_DSC_2284-2.jpg\",\"articleSection\":[\"Actualidad\",\"Entretenimiento\",\"Internacionales\"],\"inLanguage\":\"es\",\"potentialAction\":[{\"@type\":\"CommentAction\",\"name\":\"Comment\",\"target\":[\"https:\/\/noti-america.com\/site\/mexico\/2021\/08\/25\/fabio-mosc-nominado-como-artista-digital-a-los-premios-pepsi\/#respond\"]}]},{\"@type\":\"WebPage\",\"@id\":\"https:\/\/noti-america.com\/site\/mexico\/2021\/08\/25\/fabio-mosc-nominado-como-artista-digital-a-los-premios-pepsi\/\",\"url\":\"https:\/\/noti-america.com\/site\/mexico\/2021\/08\/25\/fabio-mosc-nominado-como-artista-digital-a-los-premios-pepsi\/\",\"name\":\"Fabio Mosc nominado como artista digital a los Premios Pepsi - M\u00e9xico\",\"isPartOf\":{\"@id\":\"https:\/\/noti-america.com\/site\/mexico\/#website\"},\"primaryImageOfPage\":{\"@id\":\"https:\/\/noti-america.com\/site\/mexico\/2021\/08\/25\/fabio-mosc-nominado-como-artista-digital-a-los-premios-pepsi\/#primaryimage\"},\"image\":{\"@id\":\"https:\/\/noti-america.com\/site\/mexico\/2021\/08\/25\/fabio-mosc-nominado-como-artista-digital-a-los-premios-pepsi\/#primaryimage\"},\"thumbnailUrl\":\"https:\/\/noti-america.com\/site\/mexico\/wp-content\/uploads\/sites\/13\/2021\/08\/thumbnail_DSC_2284-2.jpg\",\"datePublished\":\"2021-08-25T15:12:09+00:00\",\"breadcrumb\":{\"@id\":\"https:\/\/noti-america.com\/site\/mexico\/2021\/08\/25\/fabio-mosc-nominado-como-artista-digital-a-los-premios-pepsi\/#breadcrumb\"},\"inLanguage\":\"es\",\"potentialAction\":[{\"@type\":\"ReadAction\",\"target\":[\"https:\/\/noti-america.com\/site\/mexico\/2021\/08\/25\/fabio-mosc-nominado-como-artista-digital-a-los-premios-pepsi\/\"]}]},{\"@type\":\"ImageObject\",\"inLanguage\":\"es\",\"@id\":\"https:\/\/noti-america.com\/site\/mexico\/2021\/08\/25\/fabio-mosc-nominado-como-artista-digital-a-los-premios-pepsi\/#primaryimage\",\"url\":\"https:\/\/noti-america.com\/site\/mexico\/wp-content\/uploads\/sites\/13\/2021\/08\/thumbnail_DSC_2284-2.jpg\",\"contentUrl\":\"https:\/\/noti-america.com\/site\/mexico\/wp-content\/uploads\/sites\/13\/2021\/08\/thumbnail_DSC_2284-2.jpg\",\"width\":1023,\"height\":1280},{\"@type\":\"BreadcrumbList\",\"@id\":\"https:\/\/noti-america.com\/site\/mexico\/2021\/08\/25\/fabio-mosc-nominado-como-artista-digital-a-los-premios-pepsi\/#breadcrumb\",\"itemListElement\":[{\"@type\":\"ListItem\",\"position\":1,\"name\":\"Portada\",\"item\":\"https:\/\/noti-america.com\/site\/mexico\/\"},{\"@type\":\"ListItem\",\"position\":2,\"name\":\"Fabio Mosc nominado como artista digital a los Premios Pepsi\"}]},{\"@type\":\"WebSite\",\"@id\":\"https:\/\/noti-america.com\/site\/mexico\/#website\",\"url\":\"https:\/\/noti-america.com\/site\/mexico\/\",\"name\":\"M\u00e9xico | Noti-America.com\",\"description\":\"\",\"publisher\":{\"@id\":\"https:\/\/noti-america.com\/site\/mexico\/#organization\"},\"potentialAction\":[{\"@type\":\"SearchAction\",\"target\":{\"@type\":\"EntryPoint\",\"urlTemplate\":\"https:\/\/noti-america.com\/site\/mexico\/?s={search_term_string}\"},\"query-input\":{\"@type\":\"PropertyValueSpecification\",\"valueRequired\":true,\"valueName\":\"search_term_string\"}}],\"inLanguage\":\"es\"},{\"@type\":\"Organization\",\"@id\":\"https:\/\/noti-america.com\/site\/mexico\/#organization\",\"name\":\"Noti-America LLC | M\u00e9xico\",\"url\":\"https:\/\/noti-america.com\/site\/mexico\/\",\"logo\":{\"@type\":\"ImageObject\",\"inLanguage\":\"es\",\"@id\":\"https:\/\/noti-america.com\/site\/mexico\/#\/schema\/logo\/image\/\",\"url\":\"https:\/\/noti-america.com\/site\/mexico\/wp-content\/uploads\/sites\/13\/2020\/07\/LogoNA-4x3-1.jpg\",\"contentUrl\":\"https:\/\/noti-america.com\/site\/mexico\/wp-content\/uploads\/sites\/13\/2020\/07\/LogoNA-4x3-1.jpg\",\"width\":1236,\"height\":1080,\"caption\":\"Noti-America LLC | M\u00e9xico\"},\"image\":{\"@id\":\"https:\/\/noti-america.com\/site\/mexico\/#\/schema\/logo\/image\/\"}},{\"@type\":\"Person\",\"@id\":\"https:\/\/noti-america.com\/site\/mexico\/#\/schema\/person\/e13880b4308eea6926b271284605ef72\",\"name\":\"CAMH\",\"image\":{\"@type\":\"ImageObject\",\"inLanguage\":\"es\",\"@id\":\"https:\/\/secure.gravatar.com\/avatar\/82aa99c723cbed2b304797bc218a5542b5a94d7f5d0ba3b39650aef53c28ecf5?s=96&d=mm&r=g\",\"url\":\"https:\/\/secure.gravatar.com\/avatar\/82aa99c723cbed2b304797bc218a5542b5a94d7f5d0ba3b39650aef53c28ecf5?s=96&d=mm&r=g\",\"contentUrl\":\"https:\/\/secure.gravatar.com\/avatar\/82aa99c723cbed2b304797bc218a5542b5a94d7f5d0ba3b39650aef53c28ecf5?s=96&d=mm&r=g\",\"caption\":\"CAMH\"},\"url\":\"https:\/\/noti-america.com\/site\/mexico\/author\/cmitchell\/\"}]}<\/script>\n<!-- \/ Yoast SEO Premium plugin. -->","yoast_head_json":{"title":"Fabio Mosc nominado como artista digital a los Premios Pepsi - M\u00e9xico","robots":{"index":"index","follow":"follow","max-snippet":"max-snippet:-1","max-image-preview":"max-image-preview:large","max-video-preview":"max-video-preview:-1"},"canonical":"https:\/\/noti-america.com\/site\/mexico\/2021\/08\/25\/fabio-mosc-nominado-como-artista-digital-a-los-premios-pepsi\/","og_locale":"es_ES","og_type":"article","og_title":"Fabio Mosc nominado como artista digital a los Premios Pepsi","og_description":"Noti-Am\u00e9rica (M\u00e9xico) Ciudad de M\u00e9xico,DF. &nbsp; El tiktoker Fabio Mosc, anunci\u00f3 hace unos d\u00edas que se encontraba nominado a la novena edici\u00f3n de los Premios Pepsi en la categor\u00eda \u201cArtista Digital\u201d, los cuales se&#46;&#46;&#46;","og_url":"https:\/\/noti-america.com\/site\/mexico\/2021\/08\/25\/fabio-mosc-nominado-como-artista-digital-a-los-premios-pepsi\/","og_site_name":"M\u00e9xico","article_published_time":"2021-08-25T15:12:09+00:00","og_image":[{"width":1023,"height":1280,"url":"https:\/\/noti-america.com\/site\/mexico\/wp-content\/uploads\/sites\/13\/2021\/08\/thumbnail_DSC_2284-2.jpg","type":"image\/jpeg"}],"author":"CAMH","twitter_card":"summary_large_image","twitter_misc":{"Escrito por":"CAMH","Tiempo estimado de lectura":"1 minuto"},"schema":{"@context":"https:\/\/schema.org","@graph":[{"@type":"Article","@id":"https:\/\/noti-america.com\/site\/mexico\/2021\/08\/25\/fabio-mosc-nominado-como-artista-digital-a-los-premios-pepsi\/#article","isPartOf":{"@id":"https:\/\/noti-america.com\/site\/mexico\/2021\/08\/25\/fabio-mosc-nominado-como-artista-digital-a-los-premios-pepsi\/"},"author":{"name":"CAMH","@id":"https:\/\/noti-america.com\/site\/mexico\/#\/schema\/person\/e13880b4308eea6926b271284605ef72"},"headline":"Fabio Mosc nominado como artista digital a los Premios Pepsi","datePublished":"2021-08-25T15:12:09+00:00","mainEntityOfPage":{"@id":"https:\/\/noti-america.com\/site\/mexico\/2021\/08\/25\/fabio-mosc-nominado-como-artista-digital-a-los-premios-pepsi\/"},"wordCount":210,"commentCount":0,"publisher":{"@id":"https:\/\/noti-america.com\/site\/mexico\/#organization"},"image":{"@id":"https:\/\/noti-america.com\/site\/mexico\/2021\/08\/25\/fabio-mosc-nominado-como-artista-digital-a-los-premios-pepsi\/#primaryimage"},"thumbnailUrl":"https:\/\/noti-america.com\/site\/mexico\/wp-content\/uploads\/sites\/13\/2021\/08\/thumbnail_DSC_2284-2.jpg","articleSection":["Actualidad","Entretenimiento","Internacionales"],"inLanguage":"es","potentialAction":[{"@type":"CommentAction","name":"Comment","target":["https:\/\/noti-america.com\/site\/mexico\/2021\/08\/25\/fabio-mosc-nominado-como-artista-digital-a-los-premios-pepsi\/#respond"]}]},{"@type":"WebPage","@id":"https:\/\/noti-america.com\/site\/mexico\/2021\/08\/25\/fabio-mosc-nominado-como-artista-digital-a-los-premios-pepsi\/","url":"https:\/\/noti-america.com\/site\/mexico\/2021\/08\/25\/fabio-mosc-nominado-como-artista-digital-a-los-premios-pepsi\/","name":"Fabio Mosc nominado como artista digital a los Premios Pepsi - M\u00e9xico","isPartOf":{"@id":"https:\/\/noti-america.com\/site\/mexico\/#website"},"primaryImageOfPage":{"@id":"https:\/\/noti-america.com\/site\/mexico\/2021\/08\/25\/fabio-mosc-nominado-como-artista-digital-a-los-premios-pepsi\/#primaryimage"},"image":{"@id":"https:\/\/noti-america.com\/site\/mexico\/2021\/08\/25\/fabio-mosc-nominado-como-artista-digital-a-los-premios-pepsi\/#primaryimage"},"thumbnailUrl":"https:\/\/noti-america.com\/site\/mexico\/wp-content\/uploads\/sites\/13\/2021\/08\/thumbnail_DSC_2284-2.jpg","datePublished":"2021-08-25T15:12:09+00:00","breadcrumb":{"@id":"https:\/\/noti-america.com\/site\/mexico\/2021\/08\/25\/fabio-mosc-nominado-como-artista-digital-a-los-premios-pepsi\/#breadcrumb"},"inLanguage":"es","potentialAction":[{"@type":"ReadAction","target":["https:\/\/noti-america.com\/site\/mexico\/2021\/08\/25\/fabio-mosc-nominado-como-artista-digital-a-los-premios-pepsi\/"]}]},{"@type":"ImageObject","inLanguage":"es","@id":"https:\/\/noti-america.com\/site\/mexico\/2021\/08\/25\/fabio-mosc-nominado-como-artista-digital-a-los-premios-pepsi\/#primaryimage","url":"https:\/\/noti-america.com\/site\/mexico\/wp-content\/uploads\/sites\/13\/2021\/08\/thumbnail_DSC_2284-2.jpg","contentUrl":"https:\/\/noti-america.com\/site\/mexico\/wp-content\/uploads\/sites\/13\/2021\/08\/thumbnail_DSC_2284-2.jpg","width":1023,"height":1280},{"@type":"BreadcrumbList","@id":"https:\/\/noti-america.com\/site\/mexico\/2021\/08\/25\/fabio-mosc-nominado-como-artista-digital-a-los-premios-pepsi\/#breadcrumb","itemListElement":[{"@type":"ListItem","position":1,"name":"Portada","item":"https:\/\/noti-america.com\/site\/mexico\/"},{"@type":"ListItem","position":2,"name":"Fabio Mosc nominado como artista digital a los Premios Pepsi"}]},{"@type":"WebSite","@id":"https:\/\/noti-america.com\/site\/mexico\/#website","url":"https:\/\/noti-america.com\/site\/mexico\/","name":"M\u00e9xico | Noti-America.com","description":"","publisher":{"@id":"https:\/\/noti-america.com\/site\/mexico\/#organization"},"potentialAction":[{"@type":"SearchAction","target":{"@type":"EntryPoint","urlTemplate":"https:\/\/noti-america.com\/site\/mexico\/?s={search_term_string}"},"query-input":{"@type":"PropertyValueSpecification","valueRequired":true,"valueName":"search_term_string"}}],"inLanguage":"es"},{"@type":"Organization","@id":"https:\/\/noti-america.com\/site\/mexico\/#organization","name":"Noti-America LLC | M\u00e9xico","url":"https:\/\/noti-america.com\/site\/mexico\/","logo":{"@type":"ImageObject","inLanguage":"es","@id":"https:\/\/noti-america.com\/site\/mexico\/#\/schema\/logo\/image\/","url":"https:\/\/noti-america.com\/site\/mexico\/wp-content\/uploads\/sites\/13\/2020\/07\/LogoNA-4x3-1.jpg","contentUrl":"https:\/\/noti-america.com\/site\/mexico\/wp-content\/uploads\/sites\/13\/2020\/07\/LogoNA-4x3-1.jpg","width":1236,"height":1080,"caption":"Noti-America LLC | M\u00e9xico"},"image":{"@id":"https:\/\/noti-america.com\/site\/mexico\/#\/schema\/logo\/image\/"}},{"@type":"Person","@id":"https:\/\/noti-america.com\/site\/mexico\/#\/schema\/person\/e13880b4308eea6926b271284605ef72","name":"CAMH","image":{"@type":"ImageObject","inLanguage":"es","@id":"https:\/\/secure.gravatar.com\/avatar\/82aa99c723cbed2b304797bc218a5542b5a94d7f5d0ba3b39650aef53c28ecf5?s=96&d=mm&r=g","url":"https:\/\/secure.gravatar.com\/avatar\/82aa99c723cbed2b304797bc218a5542b5a94d7f5d0ba3b39650aef53c28ecf5?s=96&d=mm&r=g","contentUrl":"https:\/\/secure.gravatar.com\/avatar\/82aa99c723cbed2b304797bc218a5542b5a94d7f5d0ba3b39650aef53c28ecf5?s=96&d=mm&r=g","caption":"CAMH"},"url":"https:\/\/noti-america.com\/site\/mexico\/author\/cmitchell\/"}]}},"_links":{"self":[{"href":"https:\/\/noti-america.com\/site\/mexico\/wp-json\/wp\/v2\/posts\/6564","targetHints":{"allow":["GET"]}}],"collection":[{"href":"https:\/\/noti-america.com\/site\/mexico\/wp-json\/wp\/v2\/posts"}],"about":[{"href":"https:\/\/noti-america.com\/site\/mexico\/wp-json\/wp\/v2\/types\/post"}],"author":[{"embeddable":true,"href":"https:\/\/noti-america.com\/site\/mexico\/wp-json\/wp\/v2\/users\/87"}],"replies":[{"embeddable":true,"href":"https:\/\/noti-america.com\/site\/mexico\/wp-json\/wp\/v2\/comments?post=6564"}],"version-history":[{"count":1,"href":"https:\/\/noti-america.com\/site\/mexico\/wp-json\/wp\/v2\/posts\/6564\/revisions"}],"predecessor-version":[{"id":6567,"href":"https:\/\/noti-america.com\/site\/mexico\/wp-json\/wp\/v2\/posts\/6564\/revisions\/6567"}],"wp:featuredmedia":[{"embeddable":true,"href":"https:\/\/noti-america.com\/site\/mexico\/wp-json\/wp\/v2\/media\/6565"}],"wp:attachment":[{"href":"https:\/\/noti-america.com\/site\/mexico\/wp-json\/wp\/v2\/media?parent=6564"}],"wp:term":[{"taxonomy":"category","embeddable":true,"href":"https:\/\/noti-america.com\/site\/mexico\/wp-json\/wp\/v2\/categories?post=6564"},{"taxonomy":"post_tag","embeddable":true,"href":"https:\/\/noti-america.com\/site\/mexico\/wp-json\/wp\/v2\/tags?post=6564"}],"curies":[{"name":"wp","href":"https:\/\/api.w.org\/{rel}","templated":true}]}}