{"id":6523,"date":"2021-08-06T16:20:30","date_gmt":"2021-08-06T16:20:30","guid":{"rendered":"https:\/\/noti-america.com\/site\/mexico\/?p=6523"},"modified":"2021-08-06T16:23:21","modified_gmt":"2021-08-06T16:23:21","slug":"victor-gamez-quiere-comerse-a-mexico-con-ideas-abstractas","status":"publish","type":"post","link":"https:\/\/noti-america.com\/site\/mexico\/2021\/08\/06\/victor-gamez-quiere-comerse-a-mexico-con-ideas-abstractas\/","title":{"rendered":"V\u00edctor G\u00e1mez quiere comerse a M\u00e9xico con Ideas Abstractas"},"content":{"rendered":"<p><strong>Noti-Am\u00e9rica (M\u00e9xico)<\/strong><br \/>\n<strong>Ciudad de M\u00e9xico,DF.<\/strong><\/p>\n<p>&nbsp;<\/p>\n<div dir=\"auto\" style=\"text-align: justify\">El venezolano V\u00edctor G\u00e1mez, mejor conocido en las plataformas 2.0 como \u201cIdeas Abstractas\u201d est\u00e1 conquistando M\u00e9xico con su talento. Desde alg\u00fan tiempo atr\u00e1s el criollo agarro sus maletas para radicarse en el pa\u00eds azteca debido a la fuerte crisis que atravesaba su tierra natal y fue as\u00ed como se instal\u00f3 al norte para seguir trabajando para representar muy bien su tricolor patrio.<\/div>\n<div dir=\"auto\"><\/div>\n<div dir=\"auto\"><a id=\"m_8922208702609322535LPlnk\" href=\"https:\/\/www.instagram.com\/p\/B0SDEUpnAwT\/\" target=\"_blank\" rel=\"noopener\" data-saferedirecturl=\"https:\/\/www.google.com\/url?q=https:\/\/www.instagram.com\/p\/B0SDEUpnAwT\/&amp;source=gmail&amp;ust=1628349277884000&amp;usg=AFQjCNFR1sd_X0QDRTSf3ZQMHOUfibv07Q\">https:\/\/www.instagram.com\/p\/B0SDEUpnAwT\/\u00a0\u00a0<\/a><\/div>\n<div dir=\"auto\"><\/div>\n<div dir=\"auto\">\n<div dir=\"auto\" style=\"text-align: justify\">El influencer ha obtenido 53 millones de reproducciones en su canal de YouTube \u201cIdeas Abstractas\u201d llegando el mill\u00f3n de suscritores en esta plataforma digital, en la que agradece a sus seguidores del mundo por tanto apoyo que ha recibido, se espera que anuncie un importante proyecto a trav\u00e9s de su cuenta en la red social de Instagram.<\/div>\n<div dir=\"auto\" style=\"text-align: justify\"><\/div>\n<div dir=\"auto\" style=\"text-align: justify\">V\u00edctor es un criollo que se caracteriza por su humor irreverente, en una entrevista se\u00f1al\u00f3 \u201cNunca pens\u00e9 el impacto que iba a tener en M\u00e9xico, iniciar desde cero no es f\u00e1cil pero aqu\u00ed estamos generando contenido para ustedes\u201d, tambi\u00e9n agreg\u00f3 que le gustar\u00eda visitar de nuevo su pa\u00eds.<\/div>\n<div dir=\"auto\" style=\"text-align: justify\"><\/div>\n<div dir=\"auto\" style=\"text-align: justify\">Aunque el mundo se mantiene en un sube y baja por el Covid-19, G\u00e1mez no ha parado de grabar y subir contenido para sus internautas, asimismo agradece a M\u00e9xico su segunda casa y por todas las oportunidades que le ha dado para seguir creciendo profesional.<\/div>\n<\/div>\n<div dir=\"auto\"><\/div>\n","protected":false},"excerpt":{"rendered":"<p>Noti-Am\u00e9rica (M\u00e9xico) Ciudad de M\u00e9xico,DF. &nbsp; El venezolano V\u00edctor G\u00e1mez, mejor conocido en las plataformas 2.0 como \u201cIdeas Abstractas\u201d est\u00e1 conquistando M\u00e9xico con su talento. Desde alg\u00fan tiempo atr\u00e1s el criollo agarro sus maletas&#46;&#46;&#46;<\/p>\n","protected":false},"author":87,"featured_media":6526,"comment_status":"open","ping_status":"open","sticky":false,"template":"","format":"image","meta":{"_acf_changed":false,"om_disable_all_campaigns":false,"rop_custom_images_group":[],"rop_custom_messages_group":[],"rop_publish_now":"initial","rop_publish_now_accounts":{"twitter_242054905_242054905":""},"rop_publish_now_history":[],"rop_publish_now_status":"pending","_uf_show_specific_survey":0,"_uf_disable_surveys":false,"footnotes":""},"categories":[705,4],"tags":[],"class_list":["post-6523","post","type-post","status-publish","format-image","has-post-thumbnail","hentry","category-entretenimiento","category-internacionales","post_format-post-format-image"],"acf":[],"aioseo_notices":[],"yoast_head":"<!-- This site is optimized with the Yoast SEO Premium plugin v24.9 (Yoast SEO v27.2) - https:\/\/yoast.com\/product\/yoast-seo-premium-wordpress\/ -->\n<title>V\u00edctor G\u00e1mez quiere comerse a M\u00e9xico con Ideas Abstractas - M\u00e9xico<\/title>\n<meta name=\"robots\" content=\"index, follow, max-snippet:-1, max-image-preview:large, max-video-preview:-1\" \/>\n<link rel=\"canonical\" href=\"https:\/\/noti-america.com\/site\/mexico\/2021\/08\/06\/victor-gamez-quiere-comerse-a-mexico-con-ideas-abstractas\/\" \/>\n<meta property=\"og:locale\" content=\"es_ES\" \/>\n<meta property=\"og:type\" content=\"article\" \/>\n<meta property=\"og:title\" content=\"V\u00edctor G\u00e1mez quiere comerse a M\u00e9xico con Ideas Abstractas\" \/>\n<meta property=\"og:description\" content=\"Noti-Am\u00e9rica (M\u00e9xico) Ciudad de M\u00e9xico,DF. &nbsp; El venezolano V\u00edctor G\u00e1mez, mejor conocido en las plataformas 2.0 como \u201cIdeas Abstractas\u201d est\u00e1 conquistando M\u00e9xico con su talento. Desde alg\u00fan tiempo atr\u00e1s el criollo agarro sus maletas&#046;&#046;&#046;\" \/>\n<meta property=\"og:url\" content=\"https:\/\/noti-america.com\/site\/mexico\/2021\/08\/06\/victor-gamez-quiere-comerse-a-mexico-con-ideas-abstractas\/\" \/>\n<meta property=\"og:site_name\" content=\"M\u00e9xico\" \/>\n<meta property=\"article:published_time\" content=\"2021-08-06T16:20:30+00:00\" \/>\n<meta property=\"article:modified_time\" content=\"2021-08-06T16:23:21+00:00\" \/>\n<meta property=\"og:image\" content=\"https:\/\/noti-america.com\/site\/mexico\/wp-content\/uploads\/sites\/13\/2021\/08\/Screenshot_20210630-093746_Outlook.jpg\" \/>\n\t<meta property=\"og:image:width\" content=\"916\" \/>\n\t<meta property=\"og:image:height\" content=\"1165\" \/>\n\t<meta property=\"og:image:type\" content=\"image\/jpeg\" \/>\n<meta name=\"author\" content=\"CAMH\" \/>\n<meta name=\"twitter:card\" content=\"summary_large_image\" \/>\n<meta name=\"twitter:label1\" content=\"Escrito por\" \/>\n\t<meta name=\"twitter:data1\" content=\"CAMH\" \/>\n\t<meta name=\"twitter:label2\" content=\"Tiempo estimado de lectura\" \/>\n\t<meta name=\"twitter:data2\" content=\"1 minuto\" \/>\n<script type=\"application\/ld+json\" class=\"yoast-schema-graph\">{\"@context\":\"https:\/\/schema.org\",\"@graph\":[{\"@type\":\"Article\",\"@id\":\"https:\/\/noti-america.com\/site\/mexico\/2021\/08\/06\/victor-gamez-quiere-comerse-a-mexico-con-ideas-abstractas\/#article\",\"isPartOf\":{\"@id\":\"https:\/\/noti-america.com\/site\/mexico\/2021\/08\/06\/victor-gamez-quiere-comerse-a-mexico-con-ideas-abstractas\/\"},\"author\":{\"name\":\"CAMH\",\"@id\":\"https:\/\/noti-america.com\/site\/mexico\/#\/schema\/person\/e13880b4308eea6926b271284605ef72\"},\"headline\":\"V\u00edctor G\u00e1mez quiere comerse a M\u00e9xico con Ideas Abstractas\",\"datePublished\":\"2021-08-06T16:20:30+00:00\",\"dateModified\":\"2021-08-06T16:23:21+00:00\",\"mainEntityOfPage\":{\"@id\":\"https:\/\/noti-america.com\/site\/mexico\/2021\/08\/06\/victor-gamez-quiere-comerse-a-mexico-con-ideas-abstractas\/\"},\"wordCount\":256,\"commentCount\":0,\"publisher\":{\"@id\":\"https:\/\/noti-america.com\/site\/mexico\/#organization\"},\"image\":{\"@id\":\"https:\/\/noti-america.com\/site\/mexico\/2021\/08\/06\/victor-gamez-quiere-comerse-a-mexico-con-ideas-abstractas\/#primaryimage\"},\"thumbnailUrl\":\"https:\/\/noti-america.com\/site\/mexico\/wp-content\/uploads\/sites\/13\/2021\/08\/Screenshot_20210630-093746_Outlook.jpg\",\"articleSection\":[\"Entretenimiento\",\"Internacionales\"],\"inLanguage\":\"es\",\"potentialAction\":[{\"@type\":\"CommentAction\",\"name\":\"Comment\",\"target\":[\"https:\/\/noti-america.com\/site\/mexico\/2021\/08\/06\/victor-gamez-quiere-comerse-a-mexico-con-ideas-abstractas\/#respond\"]}]},{\"@type\":\"WebPage\",\"@id\":\"https:\/\/noti-america.com\/site\/mexico\/2021\/08\/06\/victor-gamez-quiere-comerse-a-mexico-con-ideas-abstractas\/\",\"url\":\"https:\/\/noti-america.com\/site\/mexico\/2021\/08\/06\/victor-gamez-quiere-comerse-a-mexico-con-ideas-abstractas\/\",\"name\":\"V\u00edctor G\u00e1mez quiere comerse a M\u00e9xico con Ideas Abstractas - M\u00e9xico\",\"isPartOf\":{\"@id\":\"https:\/\/noti-america.com\/site\/mexico\/#website\"},\"primaryImageOfPage\":{\"@id\":\"https:\/\/noti-america.com\/site\/mexico\/2021\/08\/06\/victor-gamez-quiere-comerse-a-mexico-con-ideas-abstractas\/#primaryimage\"},\"image\":{\"@id\":\"https:\/\/noti-america.com\/site\/mexico\/2021\/08\/06\/victor-gamez-quiere-comerse-a-mexico-con-ideas-abstractas\/#primaryimage\"},\"thumbnailUrl\":\"https:\/\/noti-america.com\/site\/mexico\/wp-content\/uploads\/sites\/13\/2021\/08\/Screenshot_20210630-093746_Outlook.jpg\",\"datePublished\":\"2021-08-06T16:20:30+00:00\",\"dateModified\":\"2021-08-06T16:23:21+00:00\",\"breadcrumb\":{\"@id\":\"https:\/\/noti-america.com\/site\/mexico\/2021\/08\/06\/victor-gamez-quiere-comerse-a-mexico-con-ideas-abstractas\/#breadcrumb\"},\"inLanguage\":\"es\",\"potentialAction\":[{\"@type\":\"ReadAction\",\"target\":[\"https:\/\/noti-america.com\/site\/mexico\/2021\/08\/06\/victor-gamez-quiere-comerse-a-mexico-con-ideas-abstractas\/\"]}]},{\"@type\":\"ImageObject\",\"inLanguage\":\"es\",\"@id\":\"https:\/\/noti-america.com\/site\/mexico\/2021\/08\/06\/victor-gamez-quiere-comerse-a-mexico-con-ideas-abstractas\/#primaryimage\",\"url\":\"https:\/\/noti-america.com\/site\/mexico\/wp-content\/uploads\/sites\/13\/2021\/08\/Screenshot_20210630-093746_Outlook.jpg\",\"contentUrl\":\"https:\/\/noti-america.com\/site\/mexico\/wp-content\/uploads\/sites\/13\/2021\/08\/Screenshot_20210630-093746_Outlook.jpg\",\"width\":916,\"height\":1165},{\"@type\":\"BreadcrumbList\",\"@id\":\"https:\/\/noti-america.com\/site\/mexico\/2021\/08\/06\/victor-gamez-quiere-comerse-a-mexico-con-ideas-abstractas\/#breadcrumb\",\"itemListElement\":[{\"@type\":\"ListItem\",\"position\":1,\"name\":\"Portada\",\"item\":\"https:\/\/noti-america.com\/site\/mexico\/\"},{\"@type\":\"ListItem\",\"position\":2,\"name\":\"V\u00edctor G\u00e1mez quiere comerse a M\u00e9xico con Ideas Abstractas\"}]},{\"@type\":\"WebSite\",\"@id\":\"https:\/\/noti-america.com\/site\/mexico\/#website\",\"url\":\"https:\/\/noti-america.com\/site\/mexico\/\",\"name\":\"M\u00e9xico | Noti-America.com\",\"description\":\"\",\"publisher\":{\"@id\":\"https:\/\/noti-america.com\/site\/mexico\/#organization\"},\"potentialAction\":[{\"@type\":\"SearchAction\",\"target\":{\"@type\":\"EntryPoint\",\"urlTemplate\":\"https:\/\/noti-america.com\/site\/mexico\/?s={search_term_string}\"},\"query-input\":{\"@type\":\"PropertyValueSpecification\",\"valueRequired\":true,\"valueName\":\"search_term_string\"}}],\"inLanguage\":\"es\"},{\"@type\":\"Organization\",\"@id\":\"https:\/\/noti-america.com\/site\/mexico\/#organization\",\"name\":\"Noti-America LLC | M\u00e9xico\",\"url\":\"https:\/\/noti-america.com\/site\/mexico\/\",\"logo\":{\"@type\":\"ImageObject\",\"inLanguage\":\"es\",\"@id\":\"https:\/\/noti-america.com\/site\/mexico\/#\/schema\/logo\/image\/\",\"url\":\"https:\/\/noti-america.com\/site\/mexico\/wp-content\/uploads\/sites\/13\/2020\/07\/LogoNA-4x3-1.jpg\",\"contentUrl\":\"https:\/\/noti-america.com\/site\/mexico\/wp-content\/uploads\/sites\/13\/2020\/07\/LogoNA-4x3-1.jpg\",\"width\":1236,\"height\":1080,\"caption\":\"Noti-America LLC | M\u00e9xico\"},\"image\":{\"@id\":\"https:\/\/noti-america.com\/site\/mexico\/#\/schema\/logo\/image\/\"}},{\"@type\":\"Person\",\"@id\":\"https:\/\/noti-america.com\/site\/mexico\/#\/schema\/person\/e13880b4308eea6926b271284605ef72\",\"name\":\"CAMH\",\"image\":{\"@type\":\"ImageObject\",\"inLanguage\":\"es\",\"@id\":\"https:\/\/secure.gravatar.com\/avatar\/82aa99c723cbed2b304797bc218a5542b5a94d7f5d0ba3b39650aef53c28ecf5?s=96&d=mm&r=g\",\"url\":\"https:\/\/secure.gravatar.com\/avatar\/82aa99c723cbed2b304797bc218a5542b5a94d7f5d0ba3b39650aef53c28ecf5?s=96&d=mm&r=g\",\"contentUrl\":\"https:\/\/secure.gravatar.com\/avatar\/82aa99c723cbed2b304797bc218a5542b5a94d7f5d0ba3b39650aef53c28ecf5?s=96&d=mm&r=g\",\"caption\":\"CAMH\"},\"url\":\"https:\/\/noti-america.com\/site\/mexico\/author\/cmitchell\/\"}]}<\/script>\n<!-- \/ Yoast SEO Premium plugin. -->","yoast_head_json":{"title":"V\u00edctor G\u00e1mez quiere comerse a M\u00e9xico con Ideas Abstractas - M\u00e9xico","robots":{"index":"index","follow":"follow","max-snippet":"max-snippet:-1","max-image-preview":"max-image-preview:large","max-video-preview":"max-video-preview:-1"},"canonical":"https:\/\/noti-america.com\/site\/mexico\/2021\/08\/06\/victor-gamez-quiere-comerse-a-mexico-con-ideas-abstractas\/","og_locale":"es_ES","og_type":"article","og_title":"V\u00edctor G\u00e1mez quiere comerse a M\u00e9xico con Ideas Abstractas","og_description":"Noti-Am\u00e9rica (M\u00e9xico) Ciudad de M\u00e9xico,DF. &nbsp; El venezolano V\u00edctor G\u00e1mez, mejor conocido en las plataformas 2.0 como \u201cIdeas Abstractas\u201d est\u00e1 conquistando M\u00e9xico con su talento. Desde alg\u00fan tiempo atr\u00e1s el criollo agarro sus maletas&#46;&#46;&#46;","og_url":"https:\/\/noti-america.com\/site\/mexico\/2021\/08\/06\/victor-gamez-quiere-comerse-a-mexico-con-ideas-abstractas\/","og_site_name":"M\u00e9xico","article_published_time":"2021-08-06T16:20:30+00:00","article_modified_time":"2021-08-06T16:23:21+00:00","og_image":[{"width":916,"height":1165,"url":"https:\/\/noti-america.com\/site\/mexico\/wp-content\/uploads\/sites\/13\/2021\/08\/Screenshot_20210630-093746_Outlook.jpg","type":"image\/jpeg"}],"author":"CAMH","twitter_card":"summary_large_image","twitter_misc":{"Escrito por":"CAMH","Tiempo estimado de lectura":"1 minuto"},"schema":{"@context":"https:\/\/schema.org","@graph":[{"@type":"Article","@id":"https:\/\/noti-america.com\/site\/mexico\/2021\/08\/06\/victor-gamez-quiere-comerse-a-mexico-con-ideas-abstractas\/#article","isPartOf":{"@id":"https:\/\/noti-america.com\/site\/mexico\/2021\/08\/06\/victor-gamez-quiere-comerse-a-mexico-con-ideas-abstractas\/"},"author":{"name":"CAMH","@id":"https:\/\/noti-america.com\/site\/mexico\/#\/schema\/person\/e13880b4308eea6926b271284605ef72"},"headline":"V\u00edctor G\u00e1mez quiere comerse a M\u00e9xico con Ideas Abstractas","datePublished":"2021-08-06T16:20:30+00:00","dateModified":"2021-08-06T16:23:21+00:00","mainEntityOfPage":{"@id":"https:\/\/noti-america.com\/site\/mexico\/2021\/08\/06\/victor-gamez-quiere-comerse-a-mexico-con-ideas-abstractas\/"},"wordCount":256,"commentCount":0,"publisher":{"@id":"https:\/\/noti-america.com\/site\/mexico\/#organization"},"image":{"@id":"https:\/\/noti-america.com\/site\/mexico\/2021\/08\/06\/victor-gamez-quiere-comerse-a-mexico-con-ideas-abstractas\/#primaryimage"},"thumbnailUrl":"https:\/\/noti-america.com\/site\/mexico\/wp-content\/uploads\/sites\/13\/2021\/08\/Screenshot_20210630-093746_Outlook.jpg","articleSection":["Entretenimiento","Internacionales"],"inLanguage":"es","potentialAction":[{"@type":"CommentAction","name":"Comment","target":["https:\/\/noti-america.com\/site\/mexico\/2021\/08\/06\/victor-gamez-quiere-comerse-a-mexico-con-ideas-abstractas\/#respond"]}]},{"@type":"WebPage","@id":"https:\/\/noti-america.com\/site\/mexico\/2021\/08\/06\/victor-gamez-quiere-comerse-a-mexico-con-ideas-abstractas\/","url":"https:\/\/noti-america.com\/site\/mexico\/2021\/08\/06\/victor-gamez-quiere-comerse-a-mexico-con-ideas-abstractas\/","name":"V\u00edctor G\u00e1mez quiere comerse a M\u00e9xico con Ideas Abstractas - M\u00e9xico","isPartOf":{"@id":"https:\/\/noti-america.com\/site\/mexico\/#website"},"primaryImageOfPage":{"@id":"https:\/\/noti-america.com\/site\/mexico\/2021\/08\/06\/victor-gamez-quiere-comerse-a-mexico-con-ideas-abstractas\/#primaryimage"},"image":{"@id":"https:\/\/noti-america.com\/site\/mexico\/2021\/08\/06\/victor-gamez-quiere-comerse-a-mexico-con-ideas-abstractas\/#primaryimage"},"thumbnailUrl":"https:\/\/noti-america.com\/site\/mexico\/wp-content\/uploads\/sites\/13\/2021\/08\/Screenshot_20210630-093746_Outlook.jpg","datePublished":"2021-08-06T16:20:30+00:00","dateModified":"2021-08-06T16:23:21+00:00","breadcrumb":{"@id":"https:\/\/noti-america.com\/site\/mexico\/2021\/08\/06\/victor-gamez-quiere-comerse-a-mexico-con-ideas-abstractas\/#breadcrumb"},"inLanguage":"es","potentialAction":[{"@type":"ReadAction","target":["https:\/\/noti-america.com\/site\/mexico\/2021\/08\/06\/victor-gamez-quiere-comerse-a-mexico-con-ideas-abstractas\/"]}]},{"@type":"ImageObject","inLanguage":"es","@id":"https:\/\/noti-america.com\/site\/mexico\/2021\/08\/06\/victor-gamez-quiere-comerse-a-mexico-con-ideas-abstractas\/#primaryimage","url":"https:\/\/noti-america.com\/site\/mexico\/wp-content\/uploads\/sites\/13\/2021\/08\/Screenshot_20210630-093746_Outlook.jpg","contentUrl":"https:\/\/noti-america.com\/site\/mexico\/wp-content\/uploads\/sites\/13\/2021\/08\/Screenshot_20210630-093746_Outlook.jpg","width":916,"height":1165},{"@type":"BreadcrumbList","@id":"https:\/\/noti-america.com\/site\/mexico\/2021\/08\/06\/victor-gamez-quiere-comerse-a-mexico-con-ideas-abstractas\/#breadcrumb","itemListElement":[{"@type":"ListItem","position":1,"name":"Portada","item":"https:\/\/noti-america.com\/site\/mexico\/"},{"@type":"ListItem","position":2,"name":"V\u00edctor G\u00e1mez quiere comerse a M\u00e9xico con Ideas Abstractas"}]},{"@type":"WebSite","@id":"https:\/\/noti-america.com\/site\/mexico\/#website","url":"https:\/\/noti-america.com\/site\/mexico\/","name":"M\u00e9xico | Noti-America.com","description":"","publisher":{"@id":"https:\/\/noti-america.com\/site\/mexico\/#organization"},"potentialAction":[{"@type":"SearchAction","target":{"@type":"EntryPoint","urlTemplate":"https:\/\/noti-america.com\/site\/mexico\/?s={search_term_string}"},"query-input":{"@type":"PropertyValueSpecification","valueRequired":true,"valueName":"search_term_string"}}],"inLanguage":"es"},{"@type":"Organization","@id":"https:\/\/noti-america.com\/site\/mexico\/#organization","name":"Noti-America LLC | M\u00e9xico","url":"https:\/\/noti-america.com\/site\/mexico\/","logo":{"@type":"ImageObject","inLanguage":"es","@id":"https:\/\/noti-america.com\/site\/mexico\/#\/schema\/logo\/image\/","url":"https:\/\/noti-america.com\/site\/mexico\/wp-content\/uploads\/sites\/13\/2020\/07\/LogoNA-4x3-1.jpg","contentUrl":"https:\/\/noti-america.com\/site\/mexico\/wp-content\/uploads\/sites\/13\/2020\/07\/LogoNA-4x3-1.jpg","width":1236,"height":1080,"caption":"Noti-America LLC | M\u00e9xico"},"image":{"@id":"https:\/\/noti-america.com\/site\/mexico\/#\/schema\/logo\/image\/"}},{"@type":"Person","@id":"https:\/\/noti-america.com\/site\/mexico\/#\/schema\/person\/e13880b4308eea6926b271284605ef72","name":"CAMH","image":{"@type":"ImageObject","inLanguage":"es","@id":"https:\/\/secure.gravatar.com\/avatar\/82aa99c723cbed2b304797bc218a5542b5a94d7f5d0ba3b39650aef53c28ecf5?s=96&d=mm&r=g","url":"https:\/\/secure.gravatar.com\/avatar\/82aa99c723cbed2b304797bc218a5542b5a94d7f5d0ba3b39650aef53c28ecf5?s=96&d=mm&r=g","contentUrl":"https:\/\/secure.gravatar.com\/avatar\/82aa99c723cbed2b304797bc218a5542b5a94d7f5d0ba3b39650aef53c28ecf5?s=96&d=mm&r=g","caption":"CAMH"},"url":"https:\/\/noti-america.com\/site\/mexico\/author\/cmitchell\/"}]}},"_links":{"self":[{"href":"https:\/\/noti-america.com\/site\/mexico\/wp-json\/wp\/v2\/posts\/6523","targetHints":{"allow":["GET"]}}],"collection":[{"href":"https:\/\/noti-america.com\/site\/mexico\/wp-json\/wp\/v2\/posts"}],"about":[{"href":"https:\/\/noti-america.com\/site\/mexico\/wp-json\/wp\/v2\/types\/post"}],"author":[{"embeddable":true,"href":"https:\/\/noti-america.com\/site\/mexico\/wp-json\/wp\/v2\/users\/87"}],"replies":[{"embeddable":true,"href":"https:\/\/noti-america.com\/site\/mexico\/wp-json\/wp\/v2\/comments?post=6523"}],"version-history":[{"count":1,"href":"https:\/\/noti-america.com\/site\/mexico\/wp-json\/wp\/v2\/posts\/6523\/revisions"}],"predecessor-version":[{"id":6525,"href":"https:\/\/noti-america.com\/site\/mexico\/wp-json\/wp\/v2\/posts\/6523\/revisions\/6525"}],"wp:featuredmedia":[{"embeddable":true,"href":"https:\/\/noti-america.com\/site\/mexico\/wp-json\/wp\/v2\/media\/6526"}],"wp:attachment":[{"href":"https:\/\/noti-america.com\/site\/mexico\/wp-json\/wp\/v2\/media?parent=6523"}],"wp:term":[{"taxonomy":"category","embeddable":true,"href":"https:\/\/noti-america.com\/site\/mexico\/wp-json\/wp\/v2\/categories?post=6523"},{"taxonomy":"post_tag","embeddable":true,"href":"https:\/\/noti-america.com\/site\/mexico\/wp-json\/wp\/v2\/tags?post=6523"}],"curies":[{"name":"wp","href":"https:\/\/api.w.org\/{rel}","templated":true}]}}