{"id":6516,"date":"2021-08-03T20:01:40","date_gmt":"2021-08-03T20:01:40","guid":{"rendered":"https:\/\/noti-america.com\/site\/mexico\/2021\/08\/03\/industria-automotriz-latinoamericana-logistica-resiliente-e-integrada-en-la-nueva-normalidad\/"},"modified":"2021-08-04T00:01:46","modified_gmt":"2021-08-04T00:01:46","slug":"industria-automotriz-latinoamericana-logistica-resiliente-e-integrada-en-la-nueva-normalidad","status":"publish","type":"post","link":"https:\/\/noti-america.com\/site\/mexico\/2021\/08\/03\/industria-automotriz-latinoamericana-logistica-resiliente-e-integrada-en-la-nueva-normalidad\/","title":{"rendered":"Industria automotriz latinoamericana: log\u00edstica resiliente e integrada en la nueva normalidad"},"content":{"rendered":"<p>NOTI-AMERICA.COM | MEXICO<\/p>\n<p style=\"text-align: center;\"><strong>Industria automotriz latinoamericana: log\u00edstica resiliente e integrada en la nueva normalidad<\/strong><\/p>\n<p><img loading=\"lazy\" decoding=\"async\" class=\"alignnone size-full wp-image-6517\" src=\"https:\/\/noti-america.com\/site\/mexico\/wp-content\/uploads\/sites\/13\/2021\/08\/automotive.jpg\" alt=\"\" width=\"240\" height=\"180\" \/><\/p>\n<p>La pandemia y la escasez de microcomponentes afecta seriamente a la industria automotriz latinoamericana. El panorama actual transforma las cadenas log\u00edsticas haciendo cada vez m\u00e1s importante avanzar de un modelo <em>Just in Time<\/em> al de la industria automotriz 4.0. En este escenario cambiante, una log\u00edstica integrada y resiliente es esencial para ganar en un sector tan importante para el mercado latinoamericano.<\/p>\n<p>&nbsp;<\/p>\n<p>La pandemia del COVID-19 est\u00e1 teniendo un gran impacto en nuestra vida diaria, en c\u00f3mo consumimos, c\u00f3mo trabajamos y nos relacionamos; impulsando, adem\u00e1s, una sobredemanda de art\u00edculos tecnol\u00f3gicos y plataformas digitales para poder enfrentar estos desaf\u00edos y sostener las econom\u00edas locales y regionales.<\/p>\n<p>&nbsp;<\/p>\n<p>Esto obliga a las empresas de equipos electr\u00f3nicos a aumentar su stock, afectando la capacidad de producci\u00f3n y abastecimiento de los fabricantes de semiconductores, situaci\u00f3n que impacta profundamente a los fabricantes de autom\u00f3viles, ya que la parte electr\u00f3nica puede representar hasta 47% del costo y la participaci\u00f3n de la composici\u00f3n total de un auto.<\/p>\n<p>&nbsp;<\/p>\n<p><strong>El contexto de la industria automotriz Latinoamericana<\/strong><\/p>\n<p>Seg\u00fan la C\u00e1mara de la Industria y Comercio Argentino-Alemana, m\u00e1s de 80% de la cadena de suministro de autom\u00f3viles del mundo est\u00e1 conectada a China, por lo que el cierre del mercado de componentes automotrices de dicho pa\u00eds est\u00e1 impactando la capacidad de importaci\u00f3n de carga desde la zona Asia-Pac\u00edfico hacia Latinoam\u00e9rica.<\/p>\n<p>&nbsp;<\/p>\n<p>Asimismo, el mercado mar\u00edtimo se encuentra en un momento de contracci\u00f3n de espacios, que afecta la confiabilidad de los itinerarios y tiempos de tr\u00e1nsito, lo cual ocasiona inestabilidad en la planeaci\u00f3n y el incremento en la demanda de servicios. Esto se traduce en una desestabilizaci\u00f3n del presupuesto log\u00edstico y tiempos de producci\u00f3n.<\/p>\n<p>&nbsp;<\/p>\n<p>Otro de los desaf\u00edos a los que se enfrentan los fabricantes de veh\u00edculos ligeros como secuela de la pandemia es la escasez de semiconductores, que desde fines del a\u00f1o pasado viene impactando las l\u00edneas de producci\u00f3n y adem\u00e1s copando la capacidad de los puertos de Estados Unidos, lo que ha alterado las cadenas de suministro de componentes acostumbradas a una log\u00edstica de tipo <em>Just in Time<\/em>, donde las partes son entregadas a las f\u00e1bricas en la medida de sus necesidades de producci\u00f3n e inventario.<\/p>\n<p>&nbsp;<\/p>\n<p>Estos cambios est\u00e1n llevando a las empresas de la industria automotriz a buscar nuevas soluciones para gestionar sus cadenas de suministros, as\u00ed sea para acelerar o desacelerar el abastecimiento y buscar alternativas desde transporte intermodal hasta servicios de almacenaje.<\/p>\n<p>&nbsp;<\/p>\n<p>\u201cEl sector automotriz, como un gran ejemplo de la transformaci\u00f3n que impuls\u00f3 la pandemia, enfrenta hoy el enorme desaf\u00edo de implementar soluciones y estrategias innovadoras que le permitan integrar los diversos puntos en su cadena de abastecimiento. Esto est\u00e1 siendo un importante impulso para todas aquellas soluciones 4PL en donde se busca una respuesta certera, un mayor control de stock y visibilidad a la hora de potenciar la cadena de suministros de cara a las demandas actuales\u201d, afirm\u00f3 Karina Mar\u00edn, Gerente de sector Automotriz para Maersk M\u00e9xico y Am\u00e9rica Central.<\/p>\n<p>&nbsp;<\/p>\n<p><strong>Los desaf\u00edos de la reactivaci\u00f3n del sector<\/strong><\/p>\n<p>Un autom\u00f3vil promedio est\u00e1 compuesto por entre 60 mil y 90 mil piezas. De \u00e9stas, s\u00f3lo algunas son producidas directamente por el fabricante, mientras que otras son enviadas por proveedores directos que, a su vez, pueden tener otros proveedores.<\/p>\n<p>&nbsp;<\/p>\n<p>As\u00ed, en la \u00faltima d\u00e9cada las empresas del rubro automotriz han extendido sus cadenas de suministros por todo el mundo, haci\u00e9ndolas cada vez m\u00e1s complejas y de cobertura geogr\u00e1fica m\u00e1s amplia, proceso que dificulta la visibilidad, transparencia y efectividad de la log\u00edstica.<\/p>\n<p>&nbsp;<\/p>\n<p>El reto est\u00e1 en integrar un sistema de log\u00edstica resiliente que se ajuste a las complejidades de la cadena de suministros de la industria automotriz y que permita a los OEMs (Original Equipment Manufacturer) anticiparse ante eventos disruptivos, minimizar los impactos econ\u00f3micos y aumentar su competitividad.<\/p>\n<p>&nbsp;<\/p>\n<p><strong>El camino hacia la integraci\u00f3n en la cadena de suministro<\/strong><\/p>\n<p>Lograr la integraci\u00f3n de m\u00faltiples proveedores en una cadena log\u00edstica es un desaf\u00edo importante para la industria automotriz latinoamericana, considerando tanto las distancias de los productores como las particularidades de la pandemia global.<\/p>\n<p>&nbsp;<\/p>\n<p>Por esto, integrar todos sus procesos en un solo operador log\u00edstico supone una soluci\u00f3n que puede optimizar tiempos, inventarios y recursos. Las soluciones <u><a href=\"https:\/\/www.maersk.com\/supply-chain-logistics\/4pl\">4PL<\/a><\/u> que hoy Maersk ofrece se ajustan a las necesidades de la industria automotriz, gestionando los inventarios y el stock de partes con una estrategia de suministros secuencial en l\u00ednea, capaz de acelerar o ralentizar la entrega de su inventario en funci\u00f3n de las necesidades de cada OEM.<\/p>\n<p>&nbsp;<\/p>\n<p>Esta soluci\u00f3n 4PL, construida junto con las capacidades de E2Open, est\u00e1 dise\u00f1ada para transformar la informaci\u00f3n en bruto a lo largo de la cadena de suministro en conocimientos pr\u00e1cticos para una toma de decisiones \u00e1gil. Esto significa que incluso si surgen interrupciones log\u00edsticas, se dise\u00f1an opciones intermodales alternativas como el transporte ferroviario o a\u00e9reo, para generar m\u00e1s resiliencia. Todo, para asegurar que los componentes lleguen a sus mercados globales a tiempo y seg\u00fan lo planeado.<\/p>\n<p>Siguenos en:<\/p>\n<p>Twitter: @notiamerica<\/p>\n<p>Instagram: @notiamerica<\/p>\n","protected":false},"excerpt":{"rendered":"<p>NOTI-AMERICA.COM | MEXICO Industria automotriz latinoamericana: log\u00edstica resiliente e integrada en la nueva normalidad La pandemia y la escasez de microcomponentes afecta seriamente a la industria automotriz latinoamericana. El panorama actual transforma las cadenas&#46;&#46;&#46;<\/p>\n","protected":false},"author":2,"featured_media":6517,"comment_status":"open","ping_status":"open","sticky":false,"template":"","format":"standard","meta":{"_acf_changed":false,"om_disable_all_campaigns":false,"rop_custom_images_group":[],"rop_custom_messages_group":[],"rop_publish_now":"initial","rop_publish_now_accounts":{"twitter_242054905_242054905":""},"rop_publish_now_history":[],"rop_publish_now_status":"pending","_uf_show_specific_survey":0,"_uf_disable_surveys":false,"footnotes":""},"categories":[722],"tags":[],"class_list":["post-6516","post","type-post","status-publish","format-standard","has-post-thumbnail","hentry","category-actualidad"],"acf":[],"aioseo_notices":[],"yoast_head":"<!-- This site is optimized with the Yoast SEO Premium plugin v24.9 (Yoast SEO v27.2) - https:\/\/yoast.com\/product\/yoast-seo-premium-wordpress\/ -->\n<title>Industria automotriz latinoamericana: log\u00edstica resiliente e integrada en la nueva normalidad - M\u00e9xico<\/title>\n<meta name=\"robots\" content=\"index, follow, max-snippet:-1, max-image-preview:large, max-video-preview:-1\" \/>\n<link rel=\"canonical\" href=\"https:\/\/noti-america.com\/site\/mexico\/2021\/08\/03\/industria-automotriz-latinoamericana-logistica-resiliente-e-integrada-en-la-nueva-normalidad\/\" \/>\n<meta property=\"og:locale\" content=\"es_ES\" \/>\n<meta property=\"og:type\" content=\"article\" \/>\n<meta property=\"og:title\" content=\"Industria automotriz latinoamericana: log\u00edstica resiliente e integrada en la nueva normalidad\" \/>\n<meta property=\"og:description\" content=\"NOTI-AMERICA.COM | MEXICO Industria automotriz latinoamericana: log\u00edstica resiliente e integrada en la nueva normalidad La pandemia y la escasez de microcomponentes afecta seriamente a la industria automotriz latinoamericana. El panorama actual transforma las cadenas&#046;&#046;&#046;\" \/>\n<meta property=\"og:url\" content=\"https:\/\/noti-america.com\/site\/mexico\/2021\/08\/03\/industria-automotriz-latinoamericana-logistica-resiliente-e-integrada-en-la-nueva-normalidad\/\" \/>\n<meta property=\"og:site_name\" content=\"M\u00e9xico\" \/>\n<meta property=\"article:published_time\" content=\"2021-08-03T20:01:40+00:00\" \/>\n<meta property=\"article:modified_time\" content=\"2021-08-04T00:01:46+00:00\" \/>\n<meta property=\"og:image\" content=\"https:\/\/noti-america.com\/site\/mexico\/wp-content\/uploads\/sites\/13\/2021\/08\/automotive.jpg\" \/>\n\t<meta property=\"og:image:width\" content=\"240\" \/>\n\t<meta property=\"og:image:height\" content=\"180\" \/>\n\t<meta property=\"og:image:type\" content=\"image\/jpeg\" \/>\n<meta name=\"author\" content=\"rloaiza\" \/>\n<meta name=\"twitter:card\" content=\"summary_large_image\" \/>\n<meta name=\"twitter:label1\" content=\"Escrito por\" \/>\n\t<meta name=\"twitter:data1\" content=\"rloaiza\" \/>\n\t<meta name=\"twitter:label2\" content=\"Tiempo estimado de lectura\" \/>\n\t<meta name=\"twitter:data2\" content=\"5 minutos\" \/>\n<script type=\"application\/ld+json\" class=\"yoast-schema-graph\">{\"@context\":\"https:\/\/schema.org\",\"@graph\":[{\"@type\":\"Article\",\"@id\":\"https:\/\/noti-america.com\/site\/mexico\/2021\/08\/03\/industria-automotriz-latinoamericana-logistica-resiliente-e-integrada-en-la-nueva-normalidad\/#article\",\"isPartOf\":{\"@id\":\"https:\/\/noti-america.com\/site\/mexico\/2021\/08\/03\/industria-automotriz-latinoamericana-logistica-resiliente-e-integrada-en-la-nueva-normalidad\/\"},\"author\":{\"name\":\"rloaiza\",\"@id\":\"https:\/\/noti-america.com\/site\/mexico\/#\/schema\/person\/a2e478ba496331ce89bcd0c731cd6533\"},\"headline\":\"Industria automotriz latinoamericana: log\u00edstica resiliente e integrada en la nueva normalidad\",\"datePublished\":\"2021-08-03T20:01:40+00:00\",\"dateModified\":\"2021-08-04T00:01:46+00:00\",\"mainEntityOfPage\":{\"@id\":\"https:\/\/noti-america.com\/site\/mexico\/2021\/08\/03\/industria-automotriz-latinoamericana-logistica-resiliente-e-integrada-en-la-nueva-normalidad\/\"},\"wordCount\":924,\"commentCount\":0,\"publisher\":{\"@id\":\"https:\/\/noti-america.com\/site\/mexico\/#organization\"},\"image\":{\"@id\":\"https:\/\/noti-america.com\/site\/mexico\/2021\/08\/03\/industria-automotriz-latinoamericana-logistica-resiliente-e-integrada-en-la-nueva-normalidad\/#primaryimage\"},\"thumbnailUrl\":\"https:\/\/noti-america.com\/site\/mexico\/wp-content\/uploads\/sites\/13\/2021\/08\/automotive.jpg\",\"articleSection\":[\"Actualidad\"],\"inLanguage\":\"es\",\"potentialAction\":[{\"@type\":\"CommentAction\",\"name\":\"Comment\",\"target\":[\"https:\/\/noti-america.com\/site\/mexico\/2021\/08\/03\/industria-automotriz-latinoamericana-logistica-resiliente-e-integrada-en-la-nueva-normalidad\/#respond\"]}]},{\"@type\":\"WebPage\",\"@id\":\"https:\/\/noti-america.com\/site\/mexico\/2021\/08\/03\/industria-automotriz-latinoamericana-logistica-resiliente-e-integrada-en-la-nueva-normalidad\/\",\"url\":\"https:\/\/noti-america.com\/site\/mexico\/2021\/08\/03\/industria-automotriz-latinoamericana-logistica-resiliente-e-integrada-en-la-nueva-normalidad\/\",\"name\":\"Industria automotriz latinoamericana: log\u00edstica resiliente e integrada en la nueva normalidad - M\u00e9xico\",\"isPartOf\":{\"@id\":\"https:\/\/noti-america.com\/site\/mexico\/#website\"},\"primaryImageOfPage\":{\"@id\":\"https:\/\/noti-america.com\/site\/mexico\/2021\/08\/03\/industria-automotriz-latinoamericana-logistica-resiliente-e-integrada-en-la-nueva-normalidad\/#primaryimage\"},\"image\":{\"@id\":\"https:\/\/noti-america.com\/site\/mexico\/2021\/08\/03\/industria-automotriz-latinoamericana-logistica-resiliente-e-integrada-en-la-nueva-normalidad\/#primaryimage\"},\"thumbnailUrl\":\"https:\/\/noti-america.com\/site\/mexico\/wp-content\/uploads\/sites\/13\/2021\/08\/automotive.jpg\",\"datePublished\":\"2021-08-03T20:01:40+00:00\",\"dateModified\":\"2021-08-04T00:01:46+00:00\",\"breadcrumb\":{\"@id\":\"https:\/\/noti-america.com\/site\/mexico\/2021\/08\/03\/industria-automotriz-latinoamericana-logistica-resiliente-e-integrada-en-la-nueva-normalidad\/#breadcrumb\"},\"inLanguage\":\"es\",\"potentialAction\":[{\"@type\":\"ReadAction\",\"target\":[\"https:\/\/noti-america.com\/site\/mexico\/2021\/08\/03\/industria-automotriz-latinoamericana-logistica-resiliente-e-integrada-en-la-nueva-normalidad\/\"]}]},{\"@type\":\"ImageObject\",\"inLanguage\":\"es\",\"@id\":\"https:\/\/noti-america.com\/site\/mexico\/2021\/08\/03\/industria-automotriz-latinoamericana-logistica-resiliente-e-integrada-en-la-nueva-normalidad\/#primaryimage\",\"url\":\"https:\/\/noti-america.com\/site\/mexico\/wp-content\/uploads\/sites\/13\/2021\/08\/automotive.jpg\",\"contentUrl\":\"https:\/\/noti-america.com\/site\/mexico\/wp-content\/uploads\/sites\/13\/2021\/08\/automotive.jpg\",\"width\":240,\"height\":180},{\"@type\":\"BreadcrumbList\",\"@id\":\"https:\/\/noti-america.com\/site\/mexico\/2021\/08\/03\/industria-automotriz-latinoamericana-logistica-resiliente-e-integrada-en-la-nueva-normalidad\/#breadcrumb\",\"itemListElement\":[{\"@type\":\"ListItem\",\"position\":1,\"name\":\"Portada\",\"item\":\"https:\/\/noti-america.com\/site\/mexico\/\"},{\"@type\":\"ListItem\",\"position\":2,\"name\":\"Industria automotriz latinoamericana: log\u00edstica resiliente e integrada en la nueva normalidad\"}]},{\"@type\":\"WebSite\",\"@id\":\"https:\/\/noti-america.com\/site\/mexico\/#website\",\"url\":\"https:\/\/noti-america.com\/site\/mexico\/\",\"name\":\"M\u00e9xico | Noti-America.com\",\"description\":\"\",\"publisher\":{\"@id\":\"https:\/\/noti-america.com\/site\/mexico\/#organization\"},\"potentialAction\":[{\"@type\":\"SearchAction\",\"target\":{\"@type\":\"EntryPoint\",\"urlTemplate\":\"https:\/\/noti-america.com\/site\/mexico\/?s={search_term_string}\"},\"query-input\":{\"@type\":\"PropertyValueSpecification\",\"valueRequired\":true,\"valueName\":\"search_term_string\"}}],\"inLanguage\":\"es\"},{\"@type\":\"Organization\",\"@id\":\"https:\/\/noti-america.com\/site\/mexico\/#organization\",\"name\":\"Noti-America LLC | M\u00e9xico\",\"url\":\"https:\/\/noti-america.com\/site\/mexico\/\",\"logo\":{\"@type\":\"ImageObject\",\"inLanguage\":\"es\",\"@id\":\"https:\/\/noti-america.com\/site\/mexico\/#\/schema\/logo\/image\/\",\"url\":\"https:\/\/noti-america.com\/site\/mexico\/wp-content\/uploads\/sites\/13\/2020\/07\/LogoNA-4x3-1.jpg\",\"contentUrl\":\"https:\/\/noti-america.com\/site\/mexico\/wp-content\/uploads\/sites\/13\/2020\/07\/LogoNA-4x3-1.jpg\",\"width\":1236,\"height\":1080,\"caption\":\"Noti-America LLC | M\u00e9xico\"},\"image\":{\"@id\":\"https:\/\/noti-america.com\/site\/mexico\/#\/schema\/logo\/image\/\"}},{\"@type\":\"Person\",\"@id\":\"https:\/\/noti-america.com\/site\/mexico\/#\/schema\/person\/a2e478ba496331ce89bcd0c731cd6533\",\"name\":\"rloaiza\",\"image\":{\"@type\":\"ImageObject\",\"inLanguage\":\"es\",\"@id\":\"https:\/\/secure.gravatar.com\/avatar\/190058e5d4427934610b99c45aa7a6558806850adedd53ddeddd194b04773e22?s=96&d=mm&r=g\",\"url\":\"https:\/\/secure.gravatar.com\/avatar\/190058e5d4427934610b99c45aa7a6558806850adedd53ddeddd194b04773e22?s=96&d=mm&r=g\",\"contentUrl\":\"https:\/\/secure.gravatar.com\/avatar\/190058e5d4427934610b99c45aa7a6558806850adedd53ddeddd194b04773e22?s=96&d=mm&r=g\",\"caption\":\"rloaiza\"},\"url\":\"https:\/\/noti-america.com\/site\/mexico\/author\/rloaiza\/\"}]}<\/script>\n<!-- \/ Yoast SEO Premium plugin. -->","yoast_head_json":{"title":"Industria automotriz latinoamericana: log\u00edstica resiliente e integrada en la nueva normalidad - M\u00e9xico","robots":{"index":"index","follow":"follow","max-snippet":"max-snippet:-1","max-image-preview":"max-image-preview:large","max-video-preview":"max-video-preview:-1"},"canonical":"https:\/\/noti-america.com\/site\/mexico\/2021\/08\/03\/industria-automotriz-latinoamericana-logistica-resiliente-e-integrada-en-la-nueva-normalidad\/","og_locale":"es_ES","og_type":"article","og_title":"Industria automotriz latinoamericana: log\u00edstica resiliente e integrada en la nueva normalidad","og_description":"NOTI-AMERICA.COM | MEXICO Industria automotriz latinoamericana: log\u00edstica resiliente e integrada en la nueva normalidad La pandemia y la escasez de microcomponentes afecta seriamente a la industria automotriz latinoamericana. El panorama actual transforma las cadenas&#46;&#46;&#46;","og_url":"https:\/\/noti-america.com\/site\/mexico\/2021\/08\/03\/industria-automotriz-latinoamericana-logistica-resiliente-e-integrada-en-la-nueva-normalidad\/","og_site_name":"M\u00e9xico","article_published_time":"2021-08-03T20:01:40+00:00","article_modified_time":"2021-08-04T00:01:46+00:00","og_image":[{"width":240,"height":180,"url":"https:\/\/noti-america.com\/site\/mexico\/wp-content\/uploads\/sites\/13\/2021\/08\/automotive.jpg","type":"image\/jpeg"}],"author":"rloaiza","twitter_card":"summary_large_image","twitter_misc":{"Escrito por":"rloaiza","Tiempo estimado de lectura":"5 minutos"},"schema":{"@context":"https:\/\/schema.org","@graph":[{"@type":"Article","@id":"https:\/\/noti-america.com\/site\/mexico\/2021\/08\/03\/industria-automotriz-latinoamericana-logistica-resiliente-e-integrada-en-la-nueva-normalidad\/#article","isPartOf":{"@id":"https:\/\/noti-america.com\/site\/mexico\/2021\/08\/03\/industria-automotriz-latinoamericana-logistica-resiliente-e-integrada-en-la-nueva-normalidad\/"},"author":{"name":"rloaiza","@id":"https:\/\/noti-america.com\/site\/mexico\/#\/schema\/person\/a2e478ba496331ce89bcd0c731cd6533"},"headline":"Industria automotriz latinoamericana: log\u00edstica resiliente e integrada en la nueva normalidad","datePublished":"2021-08-03T20:01:40+00:00","dateModified":"2021-08-04T00:01:46+00:00","mainEntityOfPage":{"@id":"https:\/\/noti-america.com\/site\/mexico\/2021\/08\/03\/industria-automotriz-latinoamericana-logistica-resiliente-e-integrada-en-la-nueva-normalidad\/"},"wordCount":924,"commentCount":0,"publisher":{"@id":"https:\/\/noti-america.com\/site\/mexico\/#organization"},"image":{"@id":"https:\/\/noti-america.com\/site\/mexico\/2021\/08\/03\/industria-automotriz-latinoamericana-logistica-resiliente-e-integrada-en-la-nueva-normalidad\/#primaryimage"},"thumbnailUrl":"https:\/\/noti-america.com\/site\/mexico\/wp-content\/uploads\/sites\/13\/2021\/08\/automotive.jpg","articleSection":["Actualidad"],"inLanguage":"es","potentialAction":[{"@type":"CommentAction","name":"Comment","target":["https:\/\/noti-america.com\/site\/mexico\/2021\/08\/03\/industria-automotriz-latinoamericana-logistica-resiliente-e-integrada-en-la-nueva-normalidad\/#respond"]}]},{"@type":"WebPage","@id":"https:\/\/noti-america.com\/site\/mexico\/2021\/08\/03\/industria-automotriz-latinoamericana-logistica-resiliente-e-integrada-en-la-nueva-normalidad\/","url":"https:\/\/noti-america.com\/site\/mexico\/2021\/08\/03\/industria-automotriz-latinoamericana-logistica-resiliente-e-integrada-en-la-nueva-normalidad\/","name":"Industria automotriz latinoamericana: log\u00edstica resiliente e integrada en la nueva normalidad - M\u00e9xico","isPartOf":{"@id":"https:\/\/noti-america.com\/site\/mexico\/#website"},"primaryImageOfPage":{"@id":"https:\/\/noti-america.com\/site\/mexico\/2021\/08\/03\/industria-automotriz-latinoamericana-logistica-resiliente-e-integrada-en-la-nueva-normalidad\/#primaryimage"},"image":{"@id":"https:\/\/noti-america.com\/site\/mexico\/2021\/08\/03\/industria-automotriz-latinoamericana-logistica-resiliente-e-integrada-en-la-nueva-normalidad\/#primaryimage"},"thumbnailUrl":"https:\/\/noti-america.com\/site\/mexico\/wp-content\/uploads\/sites\/13\/2021\/08\/automotive.jpg","datePublished":"2021-08-03T20:01:40+00:00","dateModified":"2021-08-04T00:01:46+00:00","breadcrumb":{"@id":"https:\/\/noti-america.com\/site\/mexico\/2021\/08\/03\/industria-automotriz-latinoamericana-logistica-resiliente-e-integrada-en-la-nueva-normalidad\/#breadcrumb"},"inLanguage":"es","potentialAction":[{"@type":"ReadAction","target":["https:\/\/noti-america.com\/site\/mexico\/2021\/08\/03\/industria-automotriz-latinoamericana-logistica-resiliente-e-integrada-en-la-nueva-normalidad\/"]}]},{"@type":"ImageObject","inLanguage":"es","@id":"https:\/\/noti-america.com\/site\/mexico\/2021\/08\/03\/industria-automotriz-latinoamericana-logistica-resiliente-e-integrada-en-la-nueva-normalidad\/#primaryimage","url":"https:\/\/noti-america.com\/site\/mexico\/wp-content\/uploads\/sites\/13\/2021\/08\/automotive.jpg","contentUrl":"https:\/\/noti-america.com\/site\/mexico\/wp-content\/uploads\/sites\/13\/2021\/08\/automotive.jpg","width":240,"height":180},{"@type":"BreadcrumbList","@id":"https:\/\/noti-america.com\/site\/mexico\/2021\/08\/03\/industria-automotriz-latinoamericana-logistica-resiliente-e-integrada-en-la-nueva-normalidad\/#breadcrumb","itemListElement":[{"@type":"ListItem","position":1,"name":"Portada","item":"https:\/\/noti-america.com\/site\/mexico\/"},{"@type":"ListItem","position":2,"name":"Industria automotriz latinoamericana: log\u00edstica resiliente e integrada en la nueva normalidad"}]},{"@type":"WebSite","@id":"https:\/\/noti-america.com\/site\/mexico\/#website","url":"https:\/\/noti-america.com\/site\/mexico\/","name":"M\u00e9xico | Noti-America.com","description":"","publisher":{"@id":"https:\/\/noti-america.com\/site\/mexico\/#organization"},"potentialAction":[{"@type":"SearchAction","target":{"@type":"EntryPoint","urlTemplate":"https:\/\/noti-america.com\/site\/mexico\/?s={search_term_string}"},"query-input":{"@type":"PropertyValueSpecification","valueRequired":true,"valueName":"search_term_string"}}],"inLanguage":"es"},{"@type":"Organization","@id":"https:\/\/noti-america.com\/site\/mexico\/#organization","name":"Noti-America LLC | M\u00e9xico","url":"https:\/\/noti-america.com\/site\/mexico\/","logo":{"@type":"ImageObject","inLanguage":"es","@id":"https:\/\/noti-america.com\/site\/mexico\/#\/schema\/logo\/image\/","url":"https:\/\/noti-america.com\/site\/mexico\/wp-content\/uploads\/sites\/13\/2020\/07\/LogoNA-4x3-1.jpg","contentUrl":"https:\/\/noti-america.com\/site\/mexico\/wp-content\/uploads\/sites\/13\/2020\/07\/LogoNA-4x3-1.jpg","width":1236,"height":1080,"caption":"Noti-America LLC | M\u00e9xico"},"image":{"@id":"https:\/\/noti-america.com\/site\/mexico\/#\/schema\/logo\/image\/"}},{"@type":"Person","@id":"https:\/\/noti-america.com\/site\/mexico\/#\/schema\/person\/a2e478ba496331ce89bcd0c731cd6533","name":"rloaiza","image":{"@type":"ImageObject","inLanguage":"es","@id":"https:\/\/secure.gravatar.com\/avatar\/190058e5d4427934610b99c45aa7a6558806850adedd53ddeddd194b04773e22?s=96&d=mm&r=g","url":"https:\/\/secure.gravatar.com\/avatar\/190058e5d4427934610b99c45aa7a6558806850adedd53ddeddd194b04773e22?s=96&d=mm&r=g","contentUrl":"https:\/\/secure.gravatar.com\/avatar\/190058e5d4427934610b99c45aa7a6558806850adedd53ddeddd194b04773e22?s=96&d=mm&r=g","caption":"rloaiza"},"url":"https:\/\/noti-america.com\/site\/mexico\/author\/rloaiza\/"}]}},"_links":{"self":[{"href":"https:\/\/noti-america.com\/site\/mexico\/wp-json\/wp\/v2\/posts\/6516","targetHints":{"allow":["GET"]}}],"collection":[{"href":"https:\/\/noti-america.com\/site\/mexico\/wp-json\/wp\/v2\/posts"}],"about":[{"href":"https:\/\/noti-america.com\/site\/mexico\/wp-json\/wp\/v2\/types\/post"}],"author":[{"embeddable":true,"href":"https:\/\/noti-america.com\/site\/mexico\/wp-json\/wp\/v2\/users\/2"}],"replies":[{"embeddable":true,"href":"https:\/\/noti-america.com\/site\/mexico\/wp-json\/wp\/v2\/comments?post=6516"}],"version-history":[{"count":1,"href":"https:\/\/noti-america.com\/site\/mexico\/wp-json\/wp\/v2\/posts\/6516\/revisions"}],"predecessor-version":[{"id":6518,"href":"https:\/\/noti-america.com\/site\/mexico\/wp-json\/wp\/v2\/posts\/6516\/revisions\/6518"}],"wp:featuredmedia":[{"embeddable":true,"href":"https:\/\/noti-america.com\/site\/mexico\/wp-json\/wp\/v2\/media\/6517"}],"wp:attachment":[{"href":"https:\/\/noti-america.com\/site\/mexico\/wp-json\/wp\/v2\/media?parent=6516"}],"wp:term":[{"taxonomy":"category","embeddable":true,"href":"https:\/\/noti-america.com\/site\/mexico\/wp-json\/wp\/v2\/categories?post=6516"},{"taxonomy":"post_tag","embeddable":true,"href":"https:\/\/noti-america.com\/site\/mexico\/wp-json\/wp\/v2\/tags?post=6516"}],"curies":[{"name":"wp","href":"https:\/\/api.w.org\/{rel}","templated":true}]}}