{"id":6359,"date":"2021-07-17T03:57:02","date_gmt":"2021-07-17T03:57:02","guid":{"rendered":"https:\/\/noti-america.com\/site\/mexico\/?p=6359"},"modified":"2021-07-18T00:07:45","modified_gmt":"2021-07-18T00:07:45","slug":"el-empoderamiento-en-la-mujer-actual","status":"publish","type":"post","link":"https:\/\/noti-america.com\/site\/mexico\/2021\/07\/17\/el-empoderamiento-en-la-mujer-actual\/","title":{"rendered":"El Empoderamiento en la mujer actual"},"content":{"rendered":"<p><strong>Noti-Am\u00e9rica (M\u00e9xico)<\/strong><br \/>\n<strong>Ciudad de M\u00e9xico,DF.<\/strong><\/p>\n<p>&nbsp;<\/p>\n<p style=\"text-align: justify\">La mujer de hoy ha desarrollado un liderazgo y unas ganas de salir adelante a pesar de las adversidades en cualquier pa\u00eds del mundo, sentimos que es una necesidad global.<\/p>\n<p style=\"text-align: justify\">Este pr\u00f3ximo Domingo 18 y Lunes 19 de Julio se est\u00e1 efectuando un evento online que dejar\u00e1 huellas y un gran valor para todas las mujeres es el \u201cInternational Net Connection Woman\u201d desarrollado para generar un espacio de actualizaci\u00f3n e impulso de marcas personales de Mujeres reconocidas con una trayectoria de excelencia, en donde estar\u00e1n participando Coach, Escritoras, L\u00edderes de comunidades, Conferencistas Internacionales, Mentoras, entre otras.<\/p>\n<p>Creemos en el Empoderamiento y Liderazgo Femenino como factor clave en la sociedad actual.<\/p>\n<p><strong><u>\u00bfD\u00f3nde se lleva a cabo?<\/u><\/strong><\/p>\n<p>El evento se realiza en formato online en 2 jornadas a trav\u00e9s de las siguientes Fans page oficiales (se usar\u00e1 Streamyard.com como plataforma enlace).<\/p>\n<p><a href=\"http:\/\/www.facebook.com\/carberymitchelloficial\" target=\"_blank\" rel=\"noopener\">www.facebook.com\/carberymitchelloficial<\/a><\/p>\n<p><a href=\"http:\/\/www.facebook.com\/neoexitstv\" target=\"_blank\" rel=\"noopener\">www.facebook.com\/neoexitstv<\/a><\/p>\n<p><a href=\"http:\/\/www.facebook.com\/emprendiendoymas\" target=\"_blank\" rel=\"noopener\">www.facebook.com\/emprendiendoymas<\/a><\/p>\n<p><strong>Domingo 18 de Julio de 10am a 1:00pm\/2:00pm a 7:30pm<\/strong><br \/>\n<strong>Lunes 19 de Julio de 10am a 1:00pm\/2:00pm a 7:30pm<\/strong><\/p>\n<p style=\"text-align: justify\">El evento est\u00e1 conformado con la participaci\u00f3n de 23 speakers de diversos pa\u00edses como Holanda, Rep\u00fablica Dominicana, M\u00e9xico, Argentina, USA, Rep\u00fablica Dominicana, Venezuela, quienes adem\u00e1s de lograr posicionamiento de marca personal han dado un donativo para la Fundaci\u00f3n Misi\u00f3n Felicidad #payasosdehospital.<\/p>\n<p>La moderaci\u00f3n oficial estar\u00e1 a cargo de la Profesora Patricia Escobedo qui\u00e9n desde la Ciudad de M\u00e9xico ejercer\u00e1 esta importante misi\u00f3n.<\/p>\n<p><strong>Deseamos compartir con ustedes las conferencias:<\/strong><\/p>\n<p><strong>Domingo 18 de Julio<\/strong><\/p>\n<p>Coach Fanny Escalante desde Venezuela con el tema \u201cA qu\u00e9 te acostumbraste\u201d @fannycoach<\/p>\n<p>Las Coaches Adriana Gonz\u00e1lez e Ivelisse Encarnaci\u00f3n desde USA con el tema \u201cSoy Mujer, Soy Poder: Retos en nuestro mundo actual\u201d @adrianagonzalezcoach\/ @ivelissecoaching<\/p>\n<p>Coach Rita Dalz\u00edn desde Argentina con el tema \u201cLa Vocaci\u00f3n como motor\u201d @coachingparapoder<\/p>\n<p>Mar\u00eda Ysabel D\u00edaz desde Venezuela con el tema \u201cMe Empodero de mi Mundo\u2026Disfruto del Universo\u201d @universoconmari<\/p>\n<p>Coach Mar\u00eda Elena Ferm\u00edn desde Holanda con el tema \u201cLa Depresi\u00f3n\u201d @coachdecostureras<\/p>\n<p>Coach Caridad D\u00edaz desde Espa\u00f1a con el tema \u201cComprom\u00e9tete contigo y atr\u00e9vete a sentir\u201d @karypiloto_coach<\/p>\n<p>Coach Clarice Farina desde USA con el tema \u201cDescubre tu prop\u00f3sito de vida\u201d @coachclaricefarina<\/p>\n<p>Experta en Marca Marianela Hurtado desde USA con el tema \u201cMarca personal y Linkedln\u201d @mhstorytelling<\/p>\n<p>Coach Danise Lacruz desde Venezuela con el tema \u201cModelo de negocios CANVAS \u00bfQu\u00e9 es,c\u00f3mo hacerlo y qu\u00e9 beneficios nos deja\u201d. @daniselacruz<\/p>\n<p>Coach Tecenvi Abreu desde Venezuela con el tema \u201cReconociendo mi teclado emocional\u201d @soymujersamadhi<\/p>\n<p>Coach Lourdes Soto desde Venezuela con el tema \u201cDescubre la Mujer Resiliente que hay en ti y Transforma tu mundo\u201d. @lourdessotooficial<\/p>\n<p>L\u00edder tecnol\u00f3gica Erika Moreno desde Venezuela con el tema \u201cLos desaf\u00edos de la Transformaci\u00f3n Digital\u201d @yosoycybermujer<\/p>\n<p>Coach Narda Velarde desde Per\u00fa con el tema \u201cAlcanzando el cielo, Rompiendo techos de cristal\u201d. @nvnarda<\/p>\n<p>Coach Oda Gonz\u00e1lez desde Venezuela con el tema \u201cMujer vive feliz dentro de t\u00ed\u201d @oda_coach<\/p>\n<p>Psic\u00f3loga Victoria Peraza desde Ecuador con el tema \u00bfC\u00f3mo iniciar una relaci\u00f3n de pareja exitosa? @psicovictoriaperaza<\/p>\n<p>Sheila D\u00edaz desde Rep\u00fablica Dominicana con el tema \u201cIdentidad y Autoestima: Claves del Empoderamiento\u201d @sheila.diaz.delossantos<\/p>\n<p>Comunicadora Addys Arias desde Rep\u00fablica Dominicana con el tema \u201cMujer Todo Terreno 4\u00d74\u201d @pastoraaddyssoliman<\/p>\n<p><strong>Lunes 19 de Julio<\/strong><\/p>\n<p>Consultora Yfigenia Moreno desde Venezuela con el tema \u201cCreando cultura de servicio\u201d @yfigeniaconsultor<\/p>\n<p>Coach Kenia Montero desde Rep\u00fablica Dominicana con el tema \u201cPotenciando tu Liderazgo\u201d @keniamonterom<\/p>\n<p>Coach Paola Vera desde Venezuela con el tema Mujer Enmujerada\u201d @paolaverabracho<\/p>\n<p>Coach Lackshmir Ann desde Venezuela con el tema \u201cCree en t\u00ed misma\u201d @coach_lackshmirann<\/p>\n<p>Coach Daniela Gonz\u00e1lez desde Argentina con el tema \u201cLa importancia de la Escucha en la Autoestima\u201d @dannygonzalezcoach<\/p>\n<p>Coach Mirna Deborah Mari\u00f1o desde Argentina con el tema \u201cSalud,Poder y Bienestar\u201d. @mirna_deby<\/p>\n<p>Coach Rogmira Qui\u00f1ones desde Ecuador con el tema \u00abGu\u00eda pr\u00e1ctica para gestionar tus emociones\u00bb @tualiadaesencial<\/p>\n<p style=\"text-align: justify\">Es vital asegurar que las mujeres tengan voz y voto en todas las instituciones del gobierno, desde el poder judicial a la funci\u00f3n p\u00fablica, as\u00ed como en el sector privado y la sociedad civil, para que puedan participar en igualdad en el di\u00e1logo p\u00fablico y la toma de decisiones, e influir en las decisiones que determinar\u00e1n el futuro de sus familias y pa\u00edses.<\/p>\n<p>Instagram<br \/>\n@carberymitchell<br \/>\n@neoxits<br \/>\n@emprendiendoymas<\/p>\n","protected":false},"excerpt":{"rendered":"<p>Noti-Am\u00e9rica (M\u00e9xico) Ciudad de M\u00e9xico,DF. &nbsp; La mujer de hoy ha desarrollado un liderazgo y unas ganas de salir adelante a pesar de las adversidades en cualquier pa\u00eds del mundo, sentimos que es una&#46;&#46;&#46;<\/p>\n","protected":false},"author":87,"featured_media":6355,"comment_status":"open","ping_status":"open","sticky":false,"template":"","format":"gallery","meta":{"_acf_changed":false,"om_disable_all_campaigns":false,"rop_custom_images_group":[],"rop_custom_messages_group":[],"rop_publish_now":"initial","rop_publish_now_accounts":{"twitter_242054905_242054905":""},"rop_publish_now_history":[],"rop_publish_now_status":"pending","_uf_show_specific_survey":0,"_uf_disable_surveys":false,"footnotes":""},"categories":[708,699,700,4],"tags":[],"class_list":["post-6359","post","type-post","status-publish","format-gallery","has-post-thumbnail","hentry","category-coaches","category-emprendimiento","category-empresarios","category-internacionales","post_format-post-format-gallery"],"acf":[],"aioseo_notices":[],"yoast_head":"<!-- This site is optimized with the Yoast SEO Premium plugin v24.9 (Yoast SEO v27.2) - https:\/\/yoast.com\/product\/yoast-seo-premium-wordpress\/ -->\n<title>El Empoderamiento en la mujer actual - M\u00e9xico<\/title>\n<meta name=\"robots\" content=\"index, follow, max-snippet:-1, max-image-preview:large, max-video-preview:-1\" \/>\n<link rel=\"canonical\" href=\"https:\/\/noti-america.com\/site\/mexico\/2021\/07\/17\/el-empoderamiento-en-la-mujer-actual\/\" \/>\n<meta property=\"og:locale\" content=\"es_ES\" \/>\n<meta property=\"og:type\" content=\"article\" \/>\n<meta property=\"og:title\" content=\"El Empoderamiento en la mujer actual\" \/>\n<meta property=\"og:description\" content=\"Noti-Am\u00e9rica (M\u00e9xico) Ciudad de M\u00e9xico,DF. &nbsp; La mujer de hoy ha desarrollado un liderazgo y unas ganas de salir adelante a pesar de las adversidades en cualquier pa\u00eds del mundo, sentimos que es una&#046;&#046;&#046;\" \/>\n<meta property=\"og:url\" content=\"https:\/\/noti-america.com\/site\/mexico\/2021\/07\/17\/el-empoderamiento-en-la-mujer-actual\/\" \/>\n<meta property=\"og:site_name\" content=\"M\u00e9xico\" \/>\n<meta property=\"article:published_time\" content=\"2021-07-17T03:57:02+00:00\" \/>\n<meta property=\"article:modified_time\" content=\"2021-07-18T00:07:45+00:00\" \/>\n<meta property=\"og:image\" content=\"https:\/\/noti-america.com\/site\/mexico\/wp-content\/uploads\/sites\/13\/2021\/07\/020202.jpg\" \/>\n\t<meta property=\"og:image:width\" content=\"1200\" \/>\n\t<meta property=\"og:image:height\" content=\"630\" \/>\n\t<meta property=\"og:image:type\" content=\"image\/jpeg\" \/>\n<meta name=\"author\" content=\"CAMH\" \/>\n<meta name=\"twitter:card\" content=\"summary_large_image\" \/>\n<meta name=\"twitter:label1\" content=\"Escrito por\" \/>\n\t<meta name=\"twitter:data1\" content=\"CAMH\" \/>\n\t<meta name=\"twitter:label2\" content=\"Tiempo estimado de lectura\" \/>\n\t<meta name=\"twitter:data2\" content=\"4 minutos\" \/>\n<script type=\"application\/ld+json\" class=\"yoast-schema-graph\">{\"@context\":\"https:\/\/schema.org\",\"@graph\":[{\"@type\":\"Article\",\"@id\":\"https:\/\/noti-america.com\/site\/mexico\/2021\/07\/17\/el-empoderamiento-en-la-mujer-actual\/#article\",\"isPartOf\":{\"@id\":\"https:\/\/noti-america.com\/site\/mexico\/2021\/07\/17\/el-empoderamiento-en-la-mujer-actual\/\"},\"author\":{\"name\":\"CAMH\",\"@id\":\"https:\/\/noti-america.com\/site\/mexico\/#\/schema\/person\/e13880b4308eea6926b271284605ef72\"},\"headline\":\"El Empoderamiento en la mujer actual\",\"datePublished\":\"2021-07-17T03:57:02+00:00\",\"dateModified\":\"2021-07-18T00:07:45+00:00\",\"mainEntityOfPage\":{\"@id\":\"https:\/\/noti-america.com\/site\/mexico\/2021\/07\/17\/el-empoderamiento-en-la-mujer-actual\/\"},\"wordCount\":753,\"commentCount\":0,\"publisher\":{\"@id\":\"https:\/\/noti-america.com\/site\/mexico\/#organization\"},\"image\":{\"@id\":\"https:\/\/noti-america.com\/site\/mexico\/2021\/07\/17\/el-empoderamiento-en-la-mujer-actual\/#primaryimage\"},\"thumbnailUrl\":\"https:\/\/noti-america.com\/site\/mexico\/wp-content\/uploads\/sites\/13\/2021\/07\/020202.jpg\",\"articleSection\":[\"Coaches\",\"Emprendimiento\",\"Empresarios\",\"Internacionales\"],\"inLanguage\":\"es\",\"potentialAction\":[{\"@type\":\"CommentAction\",\"name\":\"Comment\",\"target\":[\"https:\/\/noti-america.com\/site\/mexico\/2021\/07\/17\/el-empoderamiento-en-la-mujer-actual\/#respond\"]}]},{\"@type\":\"WebPage\",\"@id\":\"https:\/\/noti-america.com\/site\/mexico\/2021\/07\/17\/el-empoderamiento-en-la-mujer-actual\/\",\"url\":\"https:\/\/noti-america.com\/site\/mexico\/2021\/07\/17\/el-empoderamiento-en-la-mujer-actual\/\",\"name\":\"El Empoderamiento en la mujer actual - M\u00e9xico\",\"isPartOf\":{\"@id\":\"https:\/\/noti-america.com\/site\/mexico\/#website\"},\"primaryImageOfPage\":{\"@id\":\"https:\/\/noti-america.com\/site\/mexico\/2021\/07\/17\/el-empoderamiento-en-la-mujer-actual\/#primaryimage\"},\"image\":{\"@id\":\"https:\/\/noti-america.com\/site\/mexico\/2021\/07\/17\/el-empoderamiento-en-la-mujer-actual\/#primaryimage\"},\"thumbnailUrl\":\"https:\/\/noti-america.com\/site\/mexico\/wp-content\/uploads\/sites\/13\/2021\/07\/020202.jpg\",\"datePublished\":\"2021-07-17T03:57:02+00:00\",\"dateModified\":\"2021-07-18T00:07:45+00:00\",\"breadcrumb\":{\"@id\":\"https:\/\/noti-america.com\/site\/mexico\/2021\/07\/17\/el-empoderamiento-en-la-mujer-actual\/#breadcrumb\"},\"inLanguage\":\"es\",\"potentialAction\":[{\"@type\":\"ReadAction\",\"target\":[\"https:\/\/noti-america.com\/site\/mexico\/2021\/07\/17\/el-empoderamiento-en-la-mujer-actual\/\"]}]},{\"@type\":\"ImageObject\",\"inLanguage\":\"es\",\"@id\":\"https:\/\/noti-america.com\/site\/mexico\/2021\/07\/17\/el-empoderamiento-en-la-mujer-actual\/#primaryimage\",\"url\":\"https:\/\/noti-america.com\/site\/mexico\/wp-content\/uploads\/sites\/13\/2021\/07\/020202.jpg\",\"contentUrl\":\"https:\/\/noti-america.com\/site\/mexico\/wp-content\/uploads\/sites\/13\/2021\/07\/020202.jpg\",\"width\":1200,\"height\":630},{\"@type\":\"BreadcrumbList\",\"@id\":\"https:\/\/noti-america.com\/site\/mexico\/2021\/07\/17\/el-empoderamiento-en-la-mujer-actual\/#breadcrumb\",\"itemListElement\":[{\"@type\":\"ListItem\",\"position\":1,\"name\":\"Portada\",\"item\":\"https:\/\/noti-america.com\/site\/mexico\/\"},{\"@type\":\"ListItem\",\"position\":2,\"name\":\"El Empoderamiento en la mujer actual\"}]},{\"@type\":\"WebSite\",\"@id\":\"https:\/\/noti-america.com\/site\/mexico\/#website\",\"url\":\"https:\/\/noti-america.com\/site\/mexico\/\",\"name\":\"M\u00e9xico | Noti-America.com\",\"description\":\"\",\"publisher\":{\"@id\":\"https:\/\/noti-america.com\/site\/mexico\/#organization\"},\"potentialAction\":[{\"@type\":\"SearchAction\",\"target\":{\"@type\":\"EntryPoint\",\"urlTemplate\":\"https:\/\/noti-america.com\/site\/mexico\/?s={search_term_string}\"},\"query-input\":{\"@type\":\"PropertyValueSpecification\",\"valueRequired\":true,\"valueName\":\"search_term_string\"}}],\"inLanguage\":\"es\"},{\"@type\":\"Organization\",\"@id\":\"https:\/\/noti-america.com\/site\/mexico\/#organization\",\"name\":\"Noti-America LLC | M\u00e9xico\",\"url\":\"https:\/\/noti-america.com\/site\/mexico\/\",\"logo\":{\"@type\":\"ImageObject\",\"inLanguage\":\"es\",\"@id\":\"https:\/\/noti-america.com\/site\/mexico\/#\/schema\/logo\/image\/\",\"url\":\"https:\/\/noti-america.com\/site\/mexico\/wp-content\/uploads\/sites\/13\/2020\/07\/LogoNA-4x3-1.jpg\",\"contentUrl\":\"https:\/\/noti-america.com\/site\/mexico\/wp-content\/uploads\/sites\/13\/2020\/07\/LogoNA-4x3-1.jpg\",\"width\":1236,\"height\":1080,\"caption\":\"Noti-America LLC | M\u00e9xico\"},\"image\":{\"@id\":\"https:\/\/noti-america.com\/site\/mexico\/#\/schema\/logo\/image\/\"}},{\"@type\":\"Person\",\"@id\":\"https:\/\/noti-america.com\/site\/mexico\/#\/schema\/person\/e13880b4308eea6926b271284605ef72\",\"name\":\"CAMH\",\"image\":{\"@type\":\"ImageObject\",\"inLanguage\":\"es\",\"@id\":\"https:\/\/secure.gravatar.com\/avatar\/82aa99c723cbed2b304797bc218a5542b5a94d7f5d0ba3b39650aef53c28ecf5?s=96&d=mm&r=g\",\"url\":\"https:\/\/secure.gravatar.com\/avatar\/82aa99c723cbed2b304797bc218a5542b5a94d7f5d0ba3b39650aef53c28ecf5?s=96&d=mm&r=g\",\"contentUrl\":\"https:\/\/secure.gravatar.com\/avatar\/82aa99c723cbed2b304797bc218a5542b5a94d7f5d0ba3b39650aef53c28ecf5?s=96&d=mm&r=g\",\"caption\":\"CAMH\"},\"url\":\"https:\/\/noti-america.com\/site\/mexico\/author\/cmitchell\/\"}]}<\/script>\n<!-- \/ Yoast SEO Premium plugin. -->","yoast_head_json":{"title":"El Empoderamiento en la mujer actual - M\u00e9xico","robots":{"index":"index","follow":"follow","max-snippet":"max-snippet:-1","max-image-preview":"max-image-preview:large","max-video-preview":"max-video-preview:-1"},"canonical":"https:\/\/noti-america.com\/site\/mexico\/2021\/07\/17\/el-empoderamiento-en-la-mujer-actual\/","og_locale":"es_ES","og_type":"article","og_title":"El Empoderamiento en la mujer actual","og_description":"Noti-Am\u00e9rica (M\u00e9xico) Ciudad de M\u00e9xico,DF. &nbsp; La mujer de hoy ha desarrollado un liderazgo y unas ganas de salir adelante a pesar de las adversidades en cualquier pa\u00eds del mundo, sentimos que es una&#46;&#46;&#46;","og_url":"https:\/\/noti-america.com\/site\/mexico\/2021\/07\/17\/el-empoderamiento-en-la-mujer-actual\/","og_site_name":"M\u00e9xico","article_published_time":"2021-07-17T03:57:02+00:00","article_modified_time":"2021-07-18T00:07:45+00:00","og_image":[{"width":1200,"height":630,"url":"https:\/\/noti-america.com\/site\/mexico\/wp-content\/uploads\/sites\/13\/2021\/07\/020202.jpg","type":"image\/jpeg"}],"author":"CAMH","twitter_card":"summary_large_image","twitter_misc":{"Escrito por":"CAMH","Tiempo estimado de lectura":"4 minutos"},"schema":{"@context":"https:\/\/schema.org","@graph":[{"@type":"Article","@id":"https:\/\/noti-america.com\/site\/mexico\/2021\/07\/17\/el-empoderamiento-en-la-mujer-actual\/#article","isPartOf":{"@id":"https:\/\/noti-america.com\/site\/mexico\/2021\/07\/17\/el-empoderamiento-en-la-mujer-actual\/"},"author":{"name":"CAMH","@id":"https:\/\/noti-america.com\/site\/mexico\/#\/schema\/person\/e13880b4308eea6926b271284605ef72"},"headline":"El Empoderamiento en la mujer actual","datePublished":"2021-07-17T03:57:02+00:00","dateModified":"2021-07-18T00:07:45+00:00","mainEntityOfPage":{"@id":"https:\/\/noti-america.com\/site\/mexico\/2021\/07\/17\/el-empoderamiento-en-la-mujer-actual\/"},"wordCount":753,"commentCount":0,"publisher":{"@id":"https:\/\/noti-america.com\/site\/mexico\/#organization"},"image":{"@id":"https:\/\/noti-america.com\/site\/mexico\/2021\/07\/17\/el-empoderamiento-en-la-mujer-actual\/#primaryimage"},"thumbnailUrl":"https:\/\/noti-america.com\/site\/mexico\/wp-content\/uploads\/sites\/13\/2021\/07\/020202.jpg","articleSection":["Coaches","Emprendimiento","Empresarios","Internacionales"],"inLanguage":"es","potentialAction":[{"@type":"CommentAction","name":"Comment","target":["https:\/\/noti-america.com\/site\/mexico\/2021\/07\/17\/el-empoderamiento-en-la-mujer-actual\/#respond"]}]},{"@type":"WebPage","@id":"https:\/\/noti-america.com\/site\/mexico\/2021\/07\/17\/el-empoderamiento-en-la-mujer-actual\/","url":"https:\/\/noti-america.com\/site\/mexico\/2021\/07\/17\/el-empoderamiento-en-la-mujer-actual\/","name":"El Empoderamiento en la mujer actual - M\u00e9xico","isPartOf":{"@id":"https:\/\/noti-america.com\/site\/mexico\/#website"},"primaryImageOfPage":{"@id":"https:\/\/noti-america.com\/site\/mexico\/2021\/07\/17\/el-empoderamiento-en-la-mujer-actual\/#primaryimage"},"image":{"@id":"https:\/\/noti-america.com\/site\/mexico\/2021\/07\/17\/el-empoderamiento-en-la-mujer-actual\/#primaryimage"},"thumbnailUrl":"https:\/\/noti-america.com\/site\/mexico\/wp-content\/uploads\/sites\/13\/2021\/07\/020202.jpg","datePublished":"2021-07-17T03:57:02+00:00","dateModified":"2021-07-18T00:07:45+00:00","breadcrumb":{"@id":"https:\/\/noti-america.com\/site\/mexico\/2021\/07\/17\/el-empoderamiento-en-la-mujer-actual\/#breadcrumb"},"inLanguage":"es","potentialAction":[{"@type":"ReadAction","target":["https:\/\/noti-america.com\/site\/mexico\/2021\/07\/17\/el-empoderamiento-en-la-mujer-actual\/"]}]},{"@type":"ImageObject","inLanguage":"es","@id":"https:\/\/noti-america.com\/site\/mexico\/2021\/07\/17\/el-empoderamiento-en-la-mujer-actual\/#primaryimage","url":"https:\/\/noti-america.com\/site\/mexico\/wp-content\/uploads\/sites\/13\/2021\/07\/020202.jpg","contentUrl":"https:\/\/noti-america.com\/site\/mexico\/wp-content\/uploads\/sites\/13\/2021\/07\/020202.jpg","width":1200,"height":630},{"@type":"BreadcrumbList","@id":"https:\/\/noti-america.com\/site\/mexico\/2021\/07\/17\/el-empoderamiento-en-la-mujer-actual\/#breadcrumb","itemListElement":[{"@type":"ListItem","position":1,"name":"Portada","item":"https:\/\/noti-america.com\/site\/mexico\/"},{"@type":"ListItem","position":2,"name":"El Empoderamiento en la mujer actual"}]},{"@type":"WebSite","@id":"https:\/\/noti-america.com\/site\/mexico\/#website","url":"https:\/\/noti-america.com\/site\/mexico\/","name":"M\u00e9xico | Noti-America.com","description":"","publisher":{"@id":"https:\/\/noti-america.com\/site\/mexico\/#organization"},"potentialAction":[{"@type":"SearchAction","target":{"@type":"EntryPoint","urlTemplate":"https:\/\/noti-america.com\/site\/mexico\/?s={search_term_string}"},"query-input":{"@type":"PropertyValueSpecification","valueRequired":true,"valueName":"search_term_string"}}],"inLanguage":"es"},{"@type":"Organization","@id":"https:\/\/noti-america.com\/site\/mexico\/#organization","name":"Noti-America LLC | M\u00e9xico","url":"https:\/\/noti-america.com\/site\/mexico\/","logo":{"@type":"ImageObject","inLanguage":"es","@id":"https:\/\/noti-america.com\/site\/mexico\/#\/schema\/logo\/image\/","url":"https:\/\/noti-america.com\/site\/mexico\/wp-content\/uploads\/sites\/13\/2020\/07\/LogoNA-4x3-1.jpg","contentUrl":"https:\/\/noti-america.com\/site\/mexico\/wp-content\/uploads\/sites\/13\/2020\/07\/LogoNA-4x3-1.jpg","width":1236,"height":1080,"caption":"Noti-America LLC | M\u00e9xico"},"image":{"@id":"https:\/\/noti-america.com\/site\/mexico\/#\/schema\/logo\/image\/"}},{"@type":"Person","@id":"https:\/\/noti-america.com\/site\/mexico\/#\/schema\/person\/e13880b4308eea6926b271284605ef72","name":"CAMH","image":{"@type":"ImageObject","inLanguage":"es","@id":"https:\/\/secure.gravatar.com\/avatar\/82aa99c723cbed2b304797bc218a5542b5a94d7f5d0ba3b39650aef53c28ecf5?s=96&d=mm&r=g","url":"https:\/\/secure.gravatar.com\/avatar\/82aa99c723cbed2b304797bc218a5542b5a94d7f5d0ba3b39650aef53c28ecf5?s=96&d=mm&r=g","contentUrl":"https:\/\/secure.gravatar.com\/avatar\/82aa99c723cbed2b304797bc218a5542b5a94d7f5d0ba3b39650aef53c28ecf5?s=96&d=mm&r=g","caption":"CAMH"},"url":"https:\/\/noti-america.com\/site\/mexico\/author\/cmitchell\/"}]}},"_links":{"self":[{"href":"https:\/\/noti-america.com\/site\/mexico\/wp-json\/wp\/v2\/posts\/6359","targetHints":{"allow":["GET"]}}],"collection":[{"href":"https:\/\/noti-america.com\/site\/mexico\/wp-json\/wp\/v2\/posts"}],"about":[{"href":"https:\/\/noti-america.com\/site\/mexico\/wp-json\/wp\/v2\/types\/post"}],"author":[{"embeddable":true,"href":"https:\/\/noti-america.com\/site\/mexico\/wp-json\/wp\/v2\/users\/87"}],"replies":[{"embeddable":true,"href":"https:\/\/noti-america.com\/site\/mexico\/wp-json\/wp\/v2\/comments?post=6359"}],"version-history":[{"count":4,"href":"https:\/\/noti-america.com\/site\/mexico\/wp-json\/wp\/v2\/posts\/6359\/revisions"}],"predecessor-version":[{"id":6386,"href":"https:\/\/noti-america.com\/site\/mexico\/wp-json\/wp\/v2\/posts\/6359\/revisions\/6386"}],"wp:featuredmedia":[{"embeddable":true,"href":"https:\/\/noti-america.com\/site\/mexico\/wp-json\/wp\/v2\/media\/6355"}],"wp:attachment":[{"href":"https:\/\/noti-america.com\/site\/mexico\/wp-json\/wp\/v2\/media?parent=6359"}],"wp:term":[{"taxonomy":"category","embeddable":true,"href":"https:\/\/noti-america.com\/site\/mexico\/wp-json\/wp\/v2\/categories?post=6359"},{"taxonomy":"post_tag","embeddable":true,"href":"https:\/\/noti-america.com\/site\/mexico\/wp-json\/wp\/v2\/tags?post=6359"}],"curies":[{"name":"wp","href":"https:\/\/api.w.org\/{rel}","templated":true}]}}