{"id":6326,"date":"2021-07-14T18:31:42","date_gmt":"2021-07-14T18:31:42","guid":{"rendered":"https:\/\/noti-america.com\/site\/mexico\/2021\/07\/14\/las-nenis-la-nueva-cara-del-microemprendimiento-y-su-transformacion\/"},"modified":"2021-07-14T22:31:51","modified_gmt":"2021-07-14T22:31:51","slug":"las-nenis-la-nueva-cara-del-microemprendimiento-y-su-transformacion","status":"publish","type":"post","link":"https:\/\/noti-america.com\/site\/mexico\/2021\/07\/14\/las-nenis-la-nueva-cara-del-microemprendimiento-y-su-transformacion\/","title":{"rendered":"Las Nenis: la nueva cara del microemprendimiento y su transformaci\u00f3n"},"content":{"rendered":"<p>NOTI-AMERICA.COM | MEXICO<\/p>\n<p style=\"text-align: center;\">Las Nenis: la nueva cara del microemprendimiento y su transformaci\u00f3n<\/p>\n<p><img loading=\"lazy\" decoding=\"async\" class=\"alignnone size-medium wp-image-6327 aligncenter\" src=\"https:\/\/noti-america.com\/site\/mexico\/wp-content\/uploads\/sites\/13\/2021\/07\/LAS-NENIS-300x300.png\" alt=\"\" width=\"300\" height=\"300\" srcset=\"https:\/\/noti-america.com\/site\/mexico\/wp-content\/uploads\/sites\/13\/2021\/07\/LAS-NENIS-300x300.png 300w, https:\/\/noti-america.com\/site\/mexico\/wp-content\/uploads\/sites\/13\/2021\/07\/LAS-NENIS-150x150.png 150w, https:\/\/noti-america.com\/site\/mexico\/wp-content\/uploads\/sites\/13\/2021\/07\/LAS-NENIS-80x80.png 80w, https:\/\/noti-america.com\/site\/mexico\/wp-content\/uploads\/sites\/13\/2021\/07\/LAS-NENIS-320x320.png 320w, https:\/\/noti-america.com\/site\/mexico\/wp-content\/uploads\/sites\/13\/2021\/07\/LAS-NENIS.png 400w\" sizes=\"auto, (max-width: 300px) 100vw, 300px\" \/><\/p>\n<p>\u2022 El rol de las Nenis es fundamental para la recuperaci\u00f3n econ\u00f3mica a nivel micro y macro<br \/>\n\u2022 Tala, Estafeta y Metrics coinciden en que es imperativo respaldar este sector, la inclusi\u00f3n financiera y la asesor\u00eda log\u00edstica, puntos clave.<br \/>\n\u2022 Estafeta lanza Centro de Desarrollo Log\u00edstico PYME para impulsar el emprendimiento.<\/p>\n<p>Ciudad de M\u00e9xico\u00a0 julio de 2021. El d\u00eda de hoy en una sesi\u00f3n virtual se dio a conocer el primer an\u00e1lisis de las conversaciones en redes y medios sociales de y sobre las Nenis. Apalancados en la escucha social, la ciencia de datos y la inteligencia artificial se han extra\u00eddo de manera colectiva el entorno, aspiraciones, temores y sentimientos, que caracterizan a las Nuevas Emprendedoras de Negocios por Internet (Nenis)<\/p>\n<p>Este evento se lleva a cabo en el marco de una incipiente reactivaci\u00f3n econ\u00f3mica del pa\u00eds a la cual el sector de Nuevas Empresarias de Negocios en Internet o Nenis han jugado un rol especial. \u201cA medida que fue avanzando la crisis de la pandemia nos fuimos dando cuenta de la existencia de este sector de mujeres dentro de nuestra cartera de clientes. Su surgimiento durante los meses de pandemia nos tom\u00f3 por sorpresa inicialmente, pero hoy en d\u00eda representan un segmento clave para Tala. Es un imperativo respaldar a las Nenis derribando barreras, ofreciendo apoyos y fomentando su supervivencia y crecimiento.\u201d Comenta David Lask, Director General de Tala Mobile una plataforma de servicios financieros digitales con m\u00e1s de 6 millones de clientes en cuatro pa\u00edses.<\/p>\n<p>Griselda Hern\u00e1ndez, CMO de Estafeta, coincide, \u201cDebido a la importancia de la entrega dentro del ecosistema de microemprendimiento,y el contacto intensivo con nuestros clientes detectamos el crecimiento del sector, para atenderlo de forma m\u00e1s \u00e1gil estamos ampliando nuestra oferta de valor\u201d<br \/>\nLa tienda en l\u00ednea de Estafeta est\u00e1 implementando motores de pago y venta de gu\u00edas desde un env\u00edo a precios accesibles. Estamos lanzando nuestro Centro de Desarrollo Log\u00edstico PYME con el que ofrecemos a los emprendedores un entorno de atenci\u00f3n exclusivo para sus caracter\u00edsticas y necesidades.<br \/>\nBuscamos la profesionalizaci\u00f3n de las emprendedoras en l\u00ednea, ampliar su panorama de negocio al brindarles opciones de entrega a nivel nacional e internacional a trav\u00e9s de un asesor que les ayude a dise\u00f1ar la operaci\u00f3n log\u00edstica de sus negocios.<\/p>\n<p>Ximena C\u00e9spedes, comparti\u00f3 datos que muestran el nivel de impacto social del fen\u00f3meno Neni, resaltando que las conversaciones respecto a las Nenis en medios sociales son nutridas, din\u00e1micas y contundentemente positivas.<\/p>\n<p>Conversaciones sobre las Nenis<\/p>\n<p>&nbsp;<\/p>\n<p>Conversaciones de las Nenis<br \/>\nLas conversaciones propias extra\u00eddas de manera colectiva muestran l\u00edneas discursivas divergentes. Si bien ellas se destacan como orgullosas( 40%), fuertes ante la pandemia ( 25%) y agradecidas de ser fuente de sustento para sus familias(10%), lidian con preocupaciones importantes.<\/p>\n<p>&nbsp;<\/p>\n<p>Contrario al promedio de clientes que buscan financiamientos para enfrentar emergencias o imprevistos, el segmento Neni planea los financiamientos de manera ordenada y progresiva para poder realizar compras de inventario o pagos a proveedores. Por otro lado, a pesar de la crisis de la pandemia, s\u00f3lo 20% de las Nenis reportan haber tenido problemas para pagar sus deudas.<\/p>\n<p>No obstante, lo anterior, Griselda Hern\u00e1ndez agrega que a pesar de ser un elemento clave, las Nenis rara vez consideran la log\u00edstica y las entregas al lanzar su microemprendimiento. \u201cAl intentar hacer sus entregas solas, se exponen innecesariamente a peligros de todo tipo, adem\u00e1s, contar con un brazo log\u00edstico y de entregas \u00faltima milla les permite enfocarse en crear y promover sus mercanc\u00edas y servicios, queremos apoyarlas en este proceso de profesionalizaci\u00f3n. \u201cEstafeta, est\u00e1 profundamente comprometida con el fomento a las Nenis.<\/p>\n<p>Empresas que forman parte de la cadena de valor como Tala y Estafeta, deben esforzarse por apoyar a las Nenis. \u201cSi bien ha sido la crisis financiera y la p\u00e9rdida de fuentes de ingreso durante la pandemia lo que ha impulsado a las microemprendedoras a la adopci\u00f3n digital, podemos extraer con ciencia de datos, sentimientos de gran esperanza y coraje entre las Nenis. Ellas ven en esta nueva modalidad un mecanismo de realizaci\u00f3n y progreso para ellas, sus familias y sus comunidades.\u201d<\/p>\n","protected":false},"excerpt":{"rendered":"<p>NOTI-AMERICA.COM | MEXICO Las Nenis: la nueva cara del microemprendimiento y su transformaci\u00f3n \u2022 El rol de las Nenis es fundamental para la recuperaci\u00f3n econ\u00f3mica a nivel micro y macro \u2022 Tala, Estafeta y&#46;&#46;&#46;<\/p>\n","protected":false},"author":2,"featured_media":6327,"comment_status":"open","ping_status":"open","sticky":false,"template":"","format":"standard","meta":{"_acf_changed":false,"om_disable_all_campaigns":false,"rop_custom_images_group":[],"rop_custom_messages_group":[],"rop_publish_now":"initial","rop_publish_now_accounts":{"twitter_242054905_242054905":""},"rop_publish_now_history":[],"rop_publish_now_status":"pending","_uf_show_specific_survey":0,"_uf_disable_surveys":false,"footnotes":""},"categories":[722],"tags":[],"class_list":["post-6326","post","type-post","status-publish","format-standard","has-post-thumbnail","hentry","category-actualidad"],"acf":[],"aioseo_notices":[],"yoast_head":"<!-- This site is optimized with the Yoast SEO Premium plugin v24.9 (Yoast SEO v27.2) - https:\/\/yoast.com\/product\/yoast-seo-premium-wordpress\/ -->\n<title>Las Nenis: la nueva cara del microemprendimiento y su transformaci\u00f3n - M\u00e9xico<\/title>\n<meta name=\"robots\" content=\"index, follow, max-snippet:-1, max-image-preview:large, max-video-preview:-1\" \/>\n<link rel=\"canonical\" href=\"https:\/\/noti-america.com\/site\/mexico\/2021\/07\/14\/las-nenis-la-nueva-cara-del-microemprendimiento-y-su-transformacion\/\" \/>\n<meta property=\"og:locale\" content=\"es_ES\" \/>\n<meta property=\"og:type\" content=\"article\" \/>\n<meta property=\"og:title\" content=\"Las Nenis: la nueva cara del microemprendimiento y su transformaci\u00f3n\" \/>\n<meta property=\"og:description\" content=\"NOTI-AMERICA.COM | MEXICO Las Nenis: la nueva cara del microemprendimiento y su transformaci\u00f3n \u2022 El rol de las Nenis es fundamental para la recuperaci\u00f3n econ\u00f3mica a nivel micro y macro \u2022 Tala, Estafeta y&#046;&#046;&#046;\" \/>\n<meta property=\"og:url\" content=\"https:\/\/noti-america.com\/site\/mexico\/2021\/07\/14\/las-nenis-la-nueva-cara-del-microemprendimiento-y-su-transformacion\/\" \/>\n<meta property=\"og:site_name\" content=\"M\u00e9xico\" \/>\n<meta property=\"article:published_time\" content=\"2021-07-14T18:31:42+00:00\" \/>\n<meta property=\"article:modified_time\" content=\"2021-07-14T22:31:51+00:00\" \/>\n<meta property=\"og:image\" content=\"https:\/\/noti-america.com\/site\/mexico\/wp-content\/uploads\/sites\/13\/2021\/07\/LAS-NENIS.png\" \/>\n\t<meta property=\"og:image:width\" content=\"400\" \/>\n\t<meta property=\"og:image:height\" content=\"400\" \/>\n\t<meta property=\"og:image:type\" content=\"image\/png\" \/>\n<meta name=\"author\" content=\"rloaiza\" \/>\n<meta name=\"twitter:card\" content=\"summary_large_image\" \/>\n<meta name=\"twitter:label1\" content=\"Escrito por\" \/>\n\t<meta name=\"twitter:data1\" content=\"rloaiza\" \/>\n\t<meta name=\"twitter:label2\" content=\"Tiempo estimado de lectura\" \/>\n\t<meta name=\"twitter:data2\" content=\"4 minutos\" \/>\n<script type=\"application\/ld+json\" class=\"yoast-schema-graph\">{\"@context\":\"https:\/\/schema.org\",\"@graph\":[{\"@type\":\"Article\",\"@id\":\"https:\/\/noti-america.com\/site\/mexico\/2021\/07\/14\/las-nenis-la-nueva-cara-del-microemprendimiento-y-su-transformacion\/#article\",\"isPartOf\":{\"@id\":\"https:\/\/noti-america.com\/site\/mexico\/2021\/07\/14\/las-nenis-la-nueva-cara-del-microemprendimiento-y-su-transformacion\/\"},\"author\":{\"name\":\"rloaiza\",\"@id\":\"https:\/\/noti-america.com\/site\/mexico\/#\/schema\/person\/a2e478ba496331ce89bcd0c731cd6533\"},\"headline\":\"Las Nenis: la nueva cara del microemprendimiento y su transformaci\u00f3n\",\"datePublished\":\"2021-07-14T18:31:42+00:00\",\"dateModified\":\"2021-07-14T22:31:51+00:00\",\"mainEntityOfPage\":{\"@id\":\"https:\/\/noti-america.com\/site\/mexico\/2021\/07\/14\/las-nenis-la-nueva-cara-del-microemprendimiento-y-su-transformacion\/\"},\"wordCount\":738,\"commentCount\":0,\"publisher\":{\"@id\":\"https:\/\/noti-america.com\/site\/mexico\/#organization\"},\"image\":{\"@id\":\"https:\/\/noti-america.com\/site\/mexico\/2021\/07\/14\/las-nenis-la-nueva-cara-del-microemprendimiento-y-su-transformacion\/#primaryimage\"},\"thumbnailUrl\":\"https:\/\/noti-america.com\/site\/mexico\/wp-content\/uploads\/sites\/13\/2021\/07\/LAS-NENIS.png\",\"articleSection\":[\"Actualidad\"],\"inLanguage\":\"es\",\"potentialAction\":[{\"@type\":\"CommentAction\",\"name\":\"Comment\",\"target\":[\"https:\/\/noti-america.com\/site\/mexico\/2021\/07\/14\/las-nenis-la-nueva-cara-del-microemprendimiento-y-su-transformacion\/#respond\"]}]},{\"@type\":\"WebPage\",\"@id\":\"https:\/\/noti-america.com\/site\/mexico\/2021\/07\/14\/las-nenis-la-nueva-cara-del-microemprendimiento-y-su-transformacion\/\",\"url\":\"https:\/\/noti-america.com\/site\/mexico\/2021\/07\/14\/las-nenis-la-nueva-cara-del-microemprendimiento-y-su-transformacion\/\",\"name\":\"Las Nenis: la nueva cara del microemprendimiento y su transformaci\u00f3n - M\u00e9xico\",\"isPartOf\":{\"@id\":\"https:\/\/noti-america.com\/site\/mexico\/#website\"},\"primaryImageOfPage\":{\"@id\":\"https:\/\/noti-america.com\/site\/mexico\/2021\/07\/14\/las-nenis-la-nueva-cara-del-microemprendimiento-y-su-transformacion\/#primaryimage\"},\"image\":{\"@id\":\"https:\/\/noti-america.com\/site\/mexico\/2021\/07\/14\/las-nenis-la-nueva-cara-del-microemprendimiento-y-su-transformacion\/#primaryimage\"},\"thumbnailUrl\":\"https:\/\/noti-america.com\/site\/mexico\/wp-content\/uploads\/sites\/13\/2021\/07\/LAS-NENIS.png\",\"datePublished\":\"2021-07-14T18:31:42+00:00\",\"dateModified\":\"2021-07-14T22:31:51+00:00\",\"breadcrumb\":{\"@id\":\"https:\/\/noti-america.com\/site\/mexico\/2021\/07\/14\/las-nenis-la-nueva-cara-del-microemprendimiento-y-su-transformacion\/#breadcrumb\"},\"inLanguage\":\"es\",\"potentialAction\":[{\"@type\":\"ReadAction\",\"target\":[\"https:\/\/noti-america.com\/site\/mexico\/2021\/07\/14\/las-nenis-la-nueva-cara-del-microemprendimiento-y-su-transformacion\/\"]}]},{\"@type\":\"ImageObject\",\"inLanguage\":\"es\",\"@id\":\"https:\/\/noti-america.com\/site\/mexico\/2021\/07\/14\/las-nenis-la-nueva-cara-del-microemprendimiento-y-su-transformacion\/#primaryimage\",\"url\":\"https:\/\/noti-america.com\/site\/mexico\/wp-content\/uploads\/sites\/13\/2021\/07\/LAS-NENIS.png\",\"contentUrl\":\"https:\/\/noti-america.com\/site\/mexico\/wp-content\/uploads\/sites\/13\/2021\/07\/LAS-NENIS.png\",\"width\":400,\"height\":400},{\"@type\":\"BreadcrumbList\",\"@id\":\"https:\/\/noti-america.com\/site\/mexico\/2021\/07\/14\/las-nenis-la-nueva-cara-del-microemprendimiento-y-su-transformacion\/#breadcrumb\",\"itemListElement\":[{\"@type\":\"ListItem\",\"position\":1,\"name\":\"Portada\",\"item\":\"https:\/\/noti-america.com\/site\/mexico\/\"},{\"@type\":\"ListItem\",\"position\":2,\"name\":\"Las Nenis: la nueva cara del microemprendimiento y su transformaci\u00f3n\"}]},{\"@type\":\"WebSite\",\"@id\":\"https:\/\/noti-america.com\/site\/mexico\/#website\",\"url\":\"https:\/\/noti-america.com\/site\/mexico\/\",\"name\":\"M\u00e9xico | Noti-America.com\",\"description\":\"\",\"publisher\":{\"@id\":\"https:\/\/noti-america.com\/site\/mexico\/#organization\"},\"potentialAction\":[{\"@type\":\"SearchAction\",\"target\":{\"@type\":\"EntryPoint\",\"urlTemplate\":\"https:\/\/noti-america.com\/site\/mexico\/?s={search_term_string}\"},\"query-input\":{\"@type\":\"PropertyValueSpecification\",\"valueRequired\":true,\"valueName\":\"search_term_string\"}}],\"inLanguage\":\"es\"},{\"@type\":\"Organization\",\"@id\":\"https:\/\/noti-america.com\/site\/mexico\/#organization\",\"name\":\"Noti-America LLC | M\u00e9xico\",\"url\":\"https:\/\/noti-america.com\/site\/mexico\/\",\"logo\":{\"@type\":\"ImageObject\",\"inLanguage\":\"es\",\"@id\":\"https:\/\/noti-america.com\/site\/mexico\/#\/schema\/logo\/image\/\",\"url\":\"https:\/\/noti-america.com\/site\/mexico\/wp-content\/uploads\/sites\/13\/2020\/07\/LogoNA-4x3-1.jpg\",\"contentUrl\":\"https:\/\/noti-america.com\/site\/mexico\/wp-content\/uploads\/sites\/13\/2020\/07\/LogoNA-4x3-1.jpg\",\"width\":1236,\"height\":1080,\"caption\":\"Noti-America LLC | M\u00e9xico\"},\"image\":{\"@id\":\"https:\/\/noti-america.com\/site\/mexico\/#\/schema\/logo\/image\/\"}},{\"@type\":\"Person\",\"@id\":\"https:\/\/noti-america.com\/site\/mexico\/#\/schema\/person\/a2e478ba496331ce89bcd0c731cd6533\",\"name\":\"rloaiza\",\"image\":{\"@type\":\"ImageObject\",\"inLanguage\":\"es\",\"@id\":\"https:\/\/secure.gravatar.com\/avatar\/190058e5d4427934610b99c45aa7a6558806850adedd53ddeddd194b04773e22?s=96&d=mm&r=g\",\"url\":\"https:\/\/secure.gravatar.com\/avatar\/190058e5d4427934610b99c45aa7a6558806850adedd53ddeddd194b04773e22?s=96&d=mm&r=g\",\"contentUrl\":\"https:\/\/secure.gravatar.com\/avatar\/190058e5d4427934610b99c45aa7a6558806850adedd53ddeddd194b04773e22?s=96&d=mm&r=g\",\"caption\":\"rloaiza\"},\"url\":\"https:\/\/noti-america.com\/site\/mexico\/author\/rloaiza\/\"}]}<\/script>\n<!-- \/ Yoast SEO Premium plugin. -->","yoast_head_json":{"title":"Las Nenis: la nueva cara del microemprendimiento y su transformaci\u00f3n - M\u00e9xico","robots":{"index":"index","follow":"follow","max-snippet":"max-snippet:-1","max-image-preview":"max-image-preview:large","max-video-preview":"max-video-preview:-1"},"canonical":"https:\/\/noti-america.com\/site\/mexico\/2021\/07\/14\/las-nenis-la-nueva-cara-del-microemprendimiento-y-su-transformacion\/","og_locale":"es_ES","og_type":"article","og_title":"Las Nenis: la nueva cara del microemprendimiento y su transformaci\u00f3n","og_description":"NOTI-AMERICA.COM | MEXICO Las Nenis: la nueva cara del microemprendimiento y su transformaci\u00f3n \u2022 El rol de las Nenis es fundamental para la recuperaci\u00f3n econ\u00f3mica a nivel micro y macro \u2022 Tala, Estafeta y&#46;&#46;&#46;","og_url":"https:\/\/noti-america.com\/site\/mexico\/2021\/07\/14\/las-nenis-la-nueva-cara-del-microemprendimiento-y-su-transformacion\/","og_site_name":"M\u00e9xico","article_published_time":"2021-07-14T18:31:42+00:00","article_modified_time":"2021-07-14T22:31:51+00:00","og_image":[{"width":400,"height":400,"url":"https:\/\/noti-america.com\/site\/mexico\/wp-content\/uploads\/sites\/13\/2021\/07\/LAS-NENIS.png","type":"image\/png"}],"author":"rloaiza","twitter_card":"summary_large_image","twitter_misc":{"Escrito por":"rloaiza","Tiempo estimado de lectura":"4 minutos"},"schema":{"@context":"https:\/\/schema.org","@graph":[{"@type":"Article","@id":"https:\/\/noti-america.com\/site\/mexico\/2021\/07\/14\/las-nenis-la-nueva-cara-del-microemprendimiento-y-su-transformacion\/#article","isPartOf":{"@id":"https:\/\/noti-america.com\/site\/mexico\/2021\/07\/14\/las-nenis-la-nueva-cara-del-microemprendimiento-y-su-transformacion\/"},"author":{"name":"rloaiza","@id":"https:\/\/noti-america.com\/site\/mexico\/#\/schema\/person\/a2e478ba496331ce89bcd0c731cd6533"},"headline":"Las Nenis: la nueva cara del microemprendimiento y su transformaci\u00f3n","datePublished":"2021-07-14T18:31:42+00:00","dateModified":"2021-07-14T22:31:51+00:00","mainEntityOfPage":{"@id":"https:\/\/noti-america.com\/site\/mexico\/2021\/07\/14\/las-nenis-la-nueva-cara-del-microemprendimiento-y-su-transformacion\/"},"wordCount":738,"commentCount":0,"publisher":{"@id":"https:\/\/noti-america.com\/site\/mexico\/#organization"},"image":{"@id":"https:\/\/noti-america.com\/site\/mexico\/2021\/07\/14\/las-nenis-la-nueva-cara-del-microemprendimiento-y-su-transformacion\/#primaryimage"},"thumbnailUrl":"https:\/\/noti-america.com\/site\/mexico\/wp-content\/uploads\/sites\/13\/2021\/07\/LAS-NENIS.png","articleSection":["Actualidad"],"inLanguage":"es","potentialAction":[{"@type":"CommentAction","name":"Comment","target":["https:\/\/noti-america.com\/site\/mexico\/2021\/07\/14\/las-nenis-la-nueva-cara-del-microemprendimiento-y-su-transformacion\/#respond"]}]},{"@type":"WebPage","@id":"https:\/\/noti-america.com\/site\/mexico\/2021\/07\/14\/las-nenis-la-nueva-cara-del-microemprendimiento-y-su-transformacion\/","url":"https:\/\/noti-america.com\/site\/mexico\/2021\/07\/14\/las-nenis-la-nueva-cara-del-microemprendimiento-y-su-transformacion\/","name":"Las Nenis: la nueva cara del microemprendimiento y su transformaci\u00f3n - M\u00e9xico","isPartOf":{"@id":"https:\/\/noti-america.com\/site\/mexico\/#website"},"primaryImageOfPage":{"@id":"https:\/\/noti-america.com\/site\/mexico\/2021\/07\/14\/las-nenis-la-nueva-cara-del-microemprendimiento-y-su-transformacion\/#primaryimage"},"image":{"@id":"https:\/\/noti-america.com\/site\/mexico\/2021\/07\/14\/las-nenis-la-nueva-cara-del-microemprendimiento-y-su-transformacion\/#primaryimage"},"thumbnailUrl":"https:\/\/noti-america.com\/site\/mexico\/wp-content\/uploads\/sites\/13\/2021\/07\/LAS-NENIS.png","datePublished":"2021-07-14T18:31:42+00:00","dateModified":"2021-07-14T22:31:51+00:00","breadcrumb":{"@id":"https:\/\/noti-america.com\/site\/mexico\/2021\/07\/14\/las-nenis-la-nueva-cara-del-microemprendimiento-y-su-transformacion\/#breadcrumb"},"inLanguage":"es","potentialAction":[{"@type":"ReadAction","target":["https:\/\/noti-america.com\/site\/mexico\/2021\/07\/14\/las-nenis-la-nueva-cara-del-microemprendimiento-y-su-transformacion\/"]}]},{"@type":"ImageObject","inLanguage":"es","@id":"https:\/\/noti-america.com\/site\/mexico\/2021\/07\/14\/las-nenis-la-nueva-cara-del-microemprendimiento-y-su-transformacion\/#primaryimage","url":"https:\/\/noti-america.com\/site\/mexico\/wp-content\/uploads\/sites\/13\/2021\/07\/LAS-NENIS.png","contentUrl":"https:\/\/noti-america.com\/site\/mexico\/wp-content\/uploads\/sites\/13\/2021\/07\/LAS-NENIS.png","width":400,"height":400},{"@type":"BreadcrumbList","@id":"https:\/\/noti-america.com\/site\/mexico\/2021\/07\/14\/las-nenis-la-nueva-cara-del-microemprendimiento-y-su-transformacion\/#breadcrumb","itemListElement":[{"@type":"ListItem","position":1,"name":"Portada","item":"https:\/\/noti-america.com\/site\/mexico\/"},{"@type":"ListItem","position":2,"name":"Las Nenis: la nueva cara del microemprendimiento y su transformaci\u00f3n"}]},{"@type":"WebSite","@id":"https:\/\/noti-america.com\/site\/mexico\/#website","url":"https:\/\/noti-america.com\/site\/mexico\/","name":"M\u00e9xico | Noti-America.com","description":"","publisher":{"@id":"https:\/\/noti-america.com\/site\/mexico\/#organization"},"potentialAction":[{"@type":"SearchAction","target":{"@type":"EntryPoint","urlTemplate":"https:\/\/noti-america.com\/site\/mexico\/?s={search_term_string}"},"query-input":{"@type":"PropertyValueSpecification","valueRequired":true,"valueName":"search_term_string"}}],"inLanguage":"es"},{"@type":"Organization","@id":"https:\/\/noti-america.com\/site\/mexico\/#organization","name":"Noti-America LLC | M\u00e9xico","url":"https:\/\/noti-america.com\/site\/mexico\/","logo":{"@type":"ImageObject","inLanguage":"es","@id":"https:\/\/noti-america.com\/site\/mexico\/#\/schema\/logo\/image\/","url":"https:\/\/noti-america.com\/site\/mexico\/wp-content\/uploads\/sites\/13\/2020\/07\/LogoNA-4x3-1.jpg","contentUrl":"https:\/\/noti-america.com\/site\/mexico\/wp-content\/uploads\/sites\/13\/2020\/07\/LogoNA-4x3-1.jpg","width":1236,"height":1080,"caption":"Noti-America LLC | M\u00e9xico"},"image":{"@id":"https:\/\/noti-america.com\/site\/mexico\/#\/schema\/logo\/image\/"}},{"@type":"Person","@id":"https:\/\/noti-america.com\/site\/mexico\/#\/schema\/person\/a2e478ba496331ce89bcd0c731cd6533","name":"rloaiza","image":{"@type":"ImageObject","inLanguage":"es","@id":"https:\/\/secure.gravatar.com\/avatar\/190058e5d4427934610b99c45aa7a6558806850adedd53ddeddd194b04773e22?s=96&d=mm&r=g","url":"https:\/\/secure.gravatar.com\/avatar\/190058e5d4427934610b99c45aa7a6558806850adedd53ddeddd194b04773e22?s=96&d=mm&r=g","contentUrl":"https:\/\/secure.gravatar.com\/avatar\/190058e5d4427934610b99c45aa7a6558806850adedd53ddeddd194b04773e22?s=96&d=mm&r=g","caption":"rloaiza"},"url":"https:\/\/noti-america.com\/site\/mexico\/author\/rloaiza\/"}]}},"_links":{"self":[{"href":"https:\/\/noti-america.com\/site\/mexico\/wp-json\/wp\/v2\/posts\/6326","targetHints":{"allow":["GET"]}}],"collection":[{"href":"https:\/\/noti-america.com\/site\/mexico\/wp-json\/wp\/v2\/posts"}],"about":[{"href":"https:\/\/noti-america.com\/site\/mexico\/wp-json\/wp\/v2\/types\/post"}],"author":[{"embeddable":true,"href":"https:\/\/noti-america.com\/site\/mexico\/wp-json\/wp\/v2\/users\/2"}],"replies":[{"embeddable":true,"href":"https:\/\/noti-america.com\/site\/mexico\/wp-json\/wp\/v2\/comments?post=6326"}],"version-history":[{"count":1,"href":"https:\/\/noti-america.com\/site\/mexico\/wp-json\/wp\/v2\/posts\/6326\/revisions"}],"predecessor-version":[{"id":6328,"href":"https:\/\/noti-america.com\/site\/mexico\/wp-json\/wp\/v2\/posts\/6326\/revisions\/6328"}],"wp:featuredmedia":[{"embeddable":true,"href":"https:\/\/noti-america.com\/site\/mexico\/wp-json\/wp\/v2\/media\/6327"}],"wp:attachment":[{"href":"https:\/\/noti-america.com\/site\/mexico\/wp-json\/wp\/v2\/media?parent=6326"}],"wp:term":[{"taxonomy":"category","embeddable":true,"href":"https:\/\/noti-america.com\/site\/mexico\/wp-json\/wp\/v2\/categories?post=6326"},{"taxonomy":"post_tag","embeddable":true,"href":"https:\/\/noti-america.com\/site\/mexico\/wp-json\/wp\/v2\/tags?post=6326"}],"curies":[{"name":"wp","href":"https:\/\/api.w.org\/{rel}","templated":true}]}}