{"id":6230,"date":"2021-06-01T15:33:12","date_gmt":"2021-06-01T15:33:12","guid":{"rendered":"https:\/\/noti-america.com\/site\/mexico\/2021\/06\/01\/ciencia-activismo-luminico-sustentabilidad-y-tecnologia-aplicada-a-la-iluminacion-lo-mejor-de-lit-fest-2-0\/"},"modified":"2021-06-01T19:33:21","modified_gmt":"2021-06-01T19:33:21","slug":"ciencia-activismo-luminico-sustentabilidad-y-tecnologia-aplicada-a-la-iluminacion-lo-mejor-de-lit-fest-2-0","status":"publish","type":"post","link":"https:\/\/noti-america.com\/site\/mexico\/2021\/06\/01\/ciencia-activismo-luminico-sustentabilidad-y-tecnologia-aplicada-a-la-iluminacion-lo-mejor-de-lit-fest-2-0\/","title":{"rendered":"Ciencia, activismo lum\u00ednico, sustentabilidad y tecnolog\u00eda aplicada a la iluminaci\u00f3n, lo mejor de LIT Fest 2.0"},"content":{"rendered":"<p>NOTI-AMERICA.COM | MEXICO<\/p>\n<p style=\"text-align: center;\">Ciencia, activismo lum\u00ednico, sustentabilidad y tecnolog\u00eda aplicada a la iluminaci\u00f3n, lo mejor de LIT Fest 2.0<\/p>\n<p><img loading=\"lazy\" decoding=\"async\" class=\"alignnone size-medium wp-image-6231 aligncenter\" src=\"https:\/\/noti-america.com\/site\/mexico\/wp-content\/uploads\/sites\/13\/2021\/06\/Imagen-cortesia-de-Expo-Lighting-America-300x172.jpeg\" alt=\"\" width=\"300\" height=\"172\" srcset=\"https:\/\/noti-america.com\/site\/mexico\/wp-content\/uploads\/sites\/13\/2021\/06\/Imagen-cortesia-de-Expo-Lighting-America-300x172.jpeg 300w, https:\/\/noti-america.com\/site\/mexico\/wp-content\/uploads\/sites\/13\/2021\/06\/Imagen-cortesia-de-Expo-Lighting-America.jpeg 750w\" sizes=\"auto, (max-width: 300px) 100vw, 300px\" \/><\/p>\n<p>La segunda edici\u00f3n del\u00a0primer festival digital de la cultura de la luz, organizado por Expo Lighting America para celebrar la luz, cont\u00f3 con la voz de m\u00e1s de 30 expertos de Chile, Colombia, Guatemala, Per\u00fa, Espa\u00f1a, y M\u00e9xico, quienes de manera din\u00e1mica compartieron su experiencia trabajando con la luz en todas partes del mundo y aqu\u00ed te compartimos lo m\u00e1s relevante que vivimos <strong>del 17 al 27 de mayo de manera gratuita.<\/strong><\/p>\n<p>&nbsp;<\/p>\n<p>Esta edici\u00f3n comenz\u00f3 con el pie derecho con la presencia de la f\u00edsica mexicana y principal promotora del D\u00eda Internacional de la Luz, Dra. Ana Mar\u00eda Cetto, quien junto con el Dr. Alfonso Valiente hablaron <strong>de la importancia de la luz natural para la vida de los seres vivos,<\/strong> incluidas las plantas y de c\u00f3mo debemos trabajar en conjunto para aprovecharla al m\u00e1ximo y complementarla con la artificial de manera amigable para todos.<\/p>\n<p>&nbsp;<\/p>\n<p>Respecto al <strong>uso de la tecnolog\u00eda en la iluminaci\u00f3n<\/strong> y de acuerdo con TUYA: uno de los principales retos es trasladar el ciclo de la luz natural a espacios cerrados, pues \u00e9sta tambi\u00e9n tiene efecto en nuestras emociones y esto se logra a trav\u00e9s de la democratizaci\u00f3n de nuevos dispositivos que permiten tener hogares inteligentes a un costo accesible que pueden manipularse mediante asistentes de voz y que, al mismo tiempo, favorece el ahorro de energ\u00eda.<\/p>\n<p>&nbsp;<\/p>\n<p>Y ya que hablamos de <strong>sostenibilidad,<\/strong> este tema estuvo cubierto desde la visi\u00f3n y experiencia de las empresas mexicanas, con Rafael \u00c1lvarez, Gerente de investigaci\u00f3n y desarrollo de Construlita, y con la Comisi\u00f3n Nacional para el Uso Eficiente de la Energ\u00eda (CONUEE) con Od\u00f3n de Buen, ambos coincidieron en que uno de los principales retos de la iluminaci\u00f3n urbana inteligente es que cubra las necesidades de los peatones y los automovilistas, y que se tomen en cuenta las reglamentaciones internacionales para su ejecuci\u00f3n, es decir, que se direccione de manera correcta la luz para que no afecte a los seres vivos, tanto seres humanos como animales.<\/p>\n<p>&nbsp;<\/p>\n<p>La <strong>representatividad en la industria de la iluminaci\u00f3n<\/strong> fue sin duda una charla relevante en esta edici\u00f3n y encabezadas por Magali M\u00e9ndez, embajadora de Women in Lighting M\u00e9xico, mujeres que trabajan en diversos pelda\u00f1os de esta industria pusieron sobre la mesa lo indispensable de tejer redes para visibilizar su trabajo en Am\u00e9rica Latina y en su propio idioma. Por eso, pronto se crear\u00e1 la secci\u00f3n de Women in Lighting en esta regi\u00f3n.<\/p>\n<p>&nbsp;<\/p>\n<p>Para finalizar, pero no menos importante es el arte, el cual siempre est\u00e1 presente en LIT Fest y en esta edici\u00f3n estuvo representado por los chilenos Andrea y Octavio Gana y el mexicano, Hugo J\u00e1uregui, juntos abordaron un tema relevante para Am\u00e9rica Latina y se trata del <strong>activismo lum\u00ednico,<\/strong> en otras palabras, c\u00f3mo lograr a trav\u00e9s de la luz hacer un llamado social y ambiental de manera \u201camigable\u201d con las construcciones, pero sin dejar de lado el poder del mensaje y el uso de materiales, que incluso, siendo an\u00e1logos, logran grandes efectos en los espectadores.<\/p>\n<p><strong>Los escenarios que conformaron esta edici\u00f3n de LIT Fest fueron:<\/strong><\/p>\n<p><strong>\u00a0<\/strong><\/p>\n<p><strong>Trends Hub: <\/strong>Una serie de\u00a0conversatorios sobre las pr\u00f3ximas tendencias y la forma en la que \u00e9stas impactan el dise\u00f1o y especificaci\u00f3n de los proyectos. El objetivo de estas sesiones es conocer de primera mano y en voz de los expertos, los productos, proyectos y servicios que est\u00e1n transformando la industria de la iluminaci\u00f3n.<\/p>\n<p><strong>\u00a0<\/strong><\/p>\n<p><strong>Beyond Specs:<\/strong> Sabemos que la iluminaci\u00f3n va m\u00e1s all\u00e1 de las especificaciones t\u00e9cnicas. Es por ello que, con la experiencia de un profesional podr\u00e1s descubrir los secretos de cada producto, de esta manera, podr\u00e1s entenderlo mejor y tomar mejores decisiones en un proyecto.<\/p>\n<p><strong>\u00a0<\/strong><\/p>\n<p><strong>The Interview:<\/strong> Se trata de una serie de\u00a0documentales\u00a0creados para compartir la experiencia y el conocimiento de figuras relevantes en la industria de la iluminaci\u00f3n en M\u00e9xico.<\/p>\n<p><strong>\u00a0<\/strong><\/p>\n<p><strong>Cineplex ELA:<\/strong> Un acercamiento a la cultura de la luz internacional mediante proyecciones en l\u00ednea, adem\u00e1s, podr\u00e1s charlar en vivo con el equipo que realiz\u00f3 estos documentales.<\/p>\n<p>&nbsp;<\/p>\n<p>&nbsp;<\/p>\n<p>Esperamos que hayas disfrutado tanto como nosotros de esta edici\u00f3n. Seguimos leyendo tus comentarios en nuestras redes sociales como @ExpoLightingAmerica y en Twitter como @ExpoLightingA. Nos vemos pronto en #ELA2021; estamos muy entusiasmados de poder celebrar el d\u00e9cimo aniversario de <strong>Expo Lighting Ame<\/strong><strong>rica del 9 al 11 de noviembre de 2021 en Centro Citibanamex<\/strong>. Desde ahora, convocamos a entusiastas, especialistas y marcas l\u00edderes de iluminaci\u00f3n en M\u00e9xico a reunirnos en nuestro <em>hub<\/em> y compartir nuestra pasi\u00f3n por la luz.<\/p>\n","protected":false},"excerpt":{"rendered":"<p>NOTI-AMERICA.COM | MEXICO Ciencia, activismo lum\u00ednico, sustentabilidad y tecnolog\u00eda aplicada a la iluminaci\u00f3n, lo mejor de LIT Fest 2.0 La segunda edici\u00f3n del\u00a0primer festival digital de la cultura de la luz, organizado por Expo&#46;&#46;&#46;<\/p>\n","protected":false},"author":2,"featured_media":6231,"comment_status":"open","ping_status":"open","sticky":false,"template":"","format":"standard","meta":{"_acf_changed":false,"om_disable_all_campaigns":false,"rop_custom_images_group":[],"rop_custom_messages_group":[],"rop_publish_now":"initial","rop_publish_now_accounts":{"twitter_242054905_242054905":""},"rop_publish_now_history":[],"rop_publish_now_status":"pending","_uf_show_specific_survey":0,"_uf_disable_surveys":false,"footnotes":""},"categories":[337],"tags":[],"class_list":["post-6230","post","type-post","status-publish","format-standard","has-post-thumbnail","hentry","category-noticias"],"acf":[],"aioseo_notices":[],"yoast_head":"<!-- This site is optimized with the Yoast SEO Premium plugin v24.9 (Yoast SEO v27.2) - https:\/\/yoast.com\/product\/yoast-seo-premium-wordpress\/ -->\n<title>Ciencia, activismo lum\u00ednico, sustentabilidad y tecnolog\u00eda aplicada a la iluminaci\u00f3n, lo mejor de LIT Fest 2.0 - M\u00e9xico<\/title>\n<meta name=\"robots\" content=\"index, follow, max-snippet:-1, max-image-preview:large, max-video-preview:-1\" \/>\n<link rel=\"canonical\" href=\"https:\/\/noti-america.com\/site\/mexico\/2021\/06\/01\/ciencia-activismo-luminico-sustentabilidad-y-tecnologia-aplicada-a-la-iluminacion-lo-mejor-de-lit-fest-2-0\/\" \/>\n<meta property=\"og:locale\" content=\"es_ES\" \/>\n<meta property=\"og:type\" content=\"article\" \/>\n<meta property=\"og:title\" content=\"Ciencia, activismo lum\u00ednico, sustentabilidad y tecnolog\u00eda aplicada a la iluminaci\u00f3n, lo mejor de LIT Fest 2.0\" \/>\n<meta property=\"og:description\" content=\"NOTI-AMERICA.COM | MEXICO Ciencia, activismo lum\u00ednico, sustentabilidad y tecnolog\u00eda aplicada a la iluminaci\u00f3n, lo mejor de LIT Fest 2.0 La segunda edici\u00f3n del\u00a0primer festival digital de la cultura de la luz, organizado por Expo&#046;&#046;&#046;\" \/>\n<meta property=\"og:url\" content=\"https:\/\/noti-america.com\/site\/mexico\/2021\/06\/01\/ciencia-activismo-luminico-sustentabilidad-y-tecnologia-aplicada-a-la-iluminacion-lo-mejor-de-lit-fest-2-0\/\" \/>\n<meta property=\"og:site_name\" content=\"M\u00e9xico\" \/>\n<meta property=\"article:published_time\" content=\"2021-06-01T15:33:12+00:00\" \/>\n<meta property=\"article:modified_time\" content=\"2021-06-01T19:33:21+00:00\" \/>\n<meta property=\"og:image\" content=\"https:\/\/noti-america.com\/site\/mexico\/wp-content\/uploads\/sites\/13\/2021\/06\/Imagen-cortesia-de-Expo-Lighting-America.jpeg\" \/>\n\t<meta property=\"og:image:width\" content=\"750\" \/>\n\t<meta property=\"og:image:height\" content=\"430\" \/>\n\t<meta property=\"og:image:type\" content=\"image\/jpeg\" \/>\n<meta name=\"author\" content=\"rloaiza\" \/>\n<meta name=\"twitter:card\" content=\"summary_large_image\" \/>\n<meta name=\"twitter:label1\" content=\"Escrito por\" \/>\n\t<meta name=\"twitter:data1\" content=\"rloaiza\" \/>\n\t<meta name=\"twitter:label2\" content=\"Tiempo estimado de lectura\" \/>\n\t<meta name=\"twitter:data2\" content=\"4 minutos\" \/>\n<script type=\"application\/ld+json\" class=\"yoast-schema-graph\">{\"@context\":\"https:\/\/schema.org\",\"@graph\":[{\"@type\":\"Article\",\"@id\":\"https:\/\/noti-america.com\/site\/mexico\/2021\/06\/01\/ciencia-activismo-luminico-sustentabilidad-y-tecnologia-aplicada-a-la-iluminacion-lo-mejor-de-lit-fest-2-0\/#article\",\"isPartOf\":{\"@id\":\"https:\/\/noti-america.com\/site\/mexico\/2021\/06\/01\/ciencia-activismo-luminico-sustentabilidad-y-tecnologia-aplicada-a-la-iluminacion-lo-mejor-de-lit-fest-2-0\/\"},\"author\":{\"name\":\"rloaiza\",\"@id\":\"https:\/\/noti-america.com\/site\/mexico\/#\/schema\/person\/a2e478ba496331ce89bcd0c731cd6533\"},\"headline\":\"Ciencia, activismo lum\u00ednico, sustentabilidad y tecnolog\u00eda aplicada a la iluminaci\u00f3n, lo mejor de LIT Fest 2.0\",\"datePublished\":\"2021-06-01T15:33:12+00:00\",\"dateModified\":\"2021-06-01T19:33:21+00:00\",\"mainEntityOfPage\":{\"@id\":\"https:\/\/noti-america.com\/site\/mexico\/2021\/06\/01\/ciencia-activismo-luminico-sustentabilidad-y-tecnologia-aplicada-a-la-iluminacion-lo-mejor-de-lit-fest-2-0\/\"},\"wordCount\":839,\"commentCount\":0,\"publisher\":{\"@id\":\"https:\/\/noti-america.com\/site\/mexico\/#organization\"},\"image\":{\"@id\":\"https:\/\/noti-america.com\/site\/mexico\/2021\/06\/01\/ciencia-activismo-luminico-sustentabilidad-y-tecnologia-aplicada-a-la-iluminacion-lo-mejor-de-lit-fest-2-0\/#primaryimage\"},\"thumbnailUrl\":\"https:\/\/noti-america.com\/site\/mexico\/wp-content\/uploads\/sites\/13\/2021\/06\/Imagen-cortesia-de-Expo-Lighting-America.jpeg\",\"articleSection\":[\"Noticias\"],\"inLanguage\":\"es\",\"potentialAction\":[{\"@type\":\"CommentAction\",\"name\":\"Comment\",\"target\":[\"https:\/\/noti-america.com\/site\/mexico\/2021\/06\/01\/ciencia-activismo-luminico-sustentabilidad-y-tecnologia-aplicada-a-la-iluminacion-lo-mejor-de-lit-fest-2-0\/#respond\"]}]},{\"@type\":\"WebPage\",\"@id\":\"https:\/\/noti-america.com\/site\/mexico\/2021\/06\/01\/ciencia-activismo-luminico-sustentabilidad-y-tecnologia-aplicada-a-la-iluminacion-lo-mejor-de-lit-fest-2-0\/\",\"url\":\"https:\/\/noti-america.com\/site\/mexico\/2021\/06\/01\/ciencia-activismo-luminico-sustentabilidad-y-tecnologia-aplicada-a-la-iluminacion-lo-mejor-de-lit-fest-2-0\/\",\"name\":\"Ciencia, activismo lum\u00ednico, sustentabilidad y tecnolog\u00eda aplicada a la iluminaci\u00f3n, lo mejor de LIT Fest 2.0 - M\u00e9xico\",\"isPartOf\":{\"@id\":\"https:\/\/noti-america.com\/site\/mexico\/#website\"},\"primaryImageOfPage\":{\"@id\":\"https:\/\/noti-america.com\/site\/mexico\/2021\/06\/01\/ciencia-activismo-luminico-sustentabilidad-y-tecnologia-aplicada-a-la-iluminacion-lo-mejor-de-lit-fest-2-0\/#primaryimage\"},\"image\":{\"@id\":\"https:\/\/noti-america.com\/site\/mexico\/2021\/06\/01\/ciencia-activismo-luminico-sustentabilidad-y-tecnologia-aplicada-a-la-iluminacion-lo-mejor-de-lit-fest-2-0\/#primaryimage\"},\"thumbnailUrl\":\"https:\/\/noti-america.com\/site\/mexico\/wp-content\/uploads\/sites\/13\/2021\/06\/Imagen-cortesia-de-Expo-Lighting-America.jpeg\",\"datePublished\":\"2021-06-01T15:33:12+00:00\",\"dateModified\":\"2021-06-01T19:33:21+00:00\",\"breadcrumb\":{\"@id\":\"https:\/\/noti-america.com\/site\/mexico\/2021\/06\/01\/ciencia-activismo-luminico-sustentabilidad-y-tecnologia-aplicada-a-la-iluminacion-lo-mejor-de-lit-fest-2-0\/#breadcrumb\"},\"inLanguage\":\"es\",\"potentialAction\":[{\"@type\":\"ReadAction\",\"target\":[\"https:\/\/noti-america.com\/site\/mexico\/2021\/06\/01\/ciencia-activismo-luminico-sustentabilidad-y-tecnologia-aplicada-a-la-iluminacion-lo-mejor-de-lit-fest-2-0\/\"]}]},{\"@type\":\"ImageObject\",\"inLanguage\":\"es\",\"@id\":\"https:\/\/noti-america.com\/site\/mexico\/2021\/06\/01\/ciencia-activismo-luminico-sustentabilidad-y-tecnologia-aplicada-a-la-iluminacion-lo-mejor-de-lit-fest-2-0\/#primaryimage\",\"url\":\"https:\/\/noti-america.com\/site\/mexico\/wp-content\/uploads\/sites\/13\/2021\/06\/Imagen-cortesia-de-Expo-Lighting-America.jpeg\",\"contentUrl\":\"https:\/\/noti-america.com\/site\/mexico\/wp-content\/uploads\/sites\/13\/2021\/06\/Imagen-cortesia-de-Expo-Lighting-America.jpeg\",\"width\":750,\"height\":430},{\"@type\":\"BreadcrumbList\",\"@id\":\"https:\/\/noti-america.com\/site\/mexico\/2021\/06\/01\/ciencia-activismo-luminico-sustentabilidad-y-tecnologia-aplicada-a-la-iluminacion-lo-mejor-de-lit-fest-2-0\/#breadcrumb\",\"itemListElement\":[{\"@type\":\"ListItem\",\"position\":1,\"name\":\"Portada\",\"item\":\"https:\/\/noti-america.com\/site\/mexico\/\"},{\"@type\":\"ListItem\",\"position\":2,\"name\":\"Ciencia, activismo lum\u00ednico, sustentabilidad y tecnolog\u00eda aplicada a la iluminaci\u00f3n, lo mejor de LIT Fest 2.0\"}]},{\"@type\":\"WebSite\",\"@id\":\"https:\/\/noti-america.com\/site\/mexico\/#website\",\"url\":\"https:\/\/noti-america.com\/site\/mexico\/\",\"name\":\"M\u00e9xico | Noti-America.com\",\"description\":\"\",\"publisher\":{\"@id\":\"https:\/\/noti-america.com\/site\/mexico\/#organization\"},\"potentialAction\":[{\"@type\":\"SearchAction\",\"target\":{\"@type\":\"EntryPoint\",\"urlTemplate\":\"https:\/\/noti-america.com\/site\/mexico\/?s={search_term_string}\"},\"query-input\":{\"@type\":\"PropertyValueSpecification\",\"valueRequired\":true,\"valueName\":\"search_term_string\"}}],\"inLanguage\":\"es\"},{\"@type\":\"Organization\",\"@id\":\"https:\/\/noti-america.com\/site\/mexico\/#organization\",\"name\":\"Noti-America LLC | M\u00e9xico\",\"url\":\"https:\/\/noti-america.com\/site\/mexico\/\",\"logo\":{\"@type\":\"ImageObject\",\"inLanguage\":\"es\",\"@id\":\"https:\/\/noti-america.com\/site\/mexico\/#\/schema\/logo\/image\/\",\"url\":\"https:\/\/noti-america.com\/site\/mexico\/wp-content\/uploads\/sites\/13\/2020\/07\/LogoNA-4x3-1.jpg\",\"contentUrl\":\"https:\/\/noti-america.com\/site\/mexico\/wp-content\/uploads\/sites\/13\/2020\/07\/LogoNA-4x3-1.jpg\",\"width\":1236,\"height\":1080,\"caption\":\"Noti-America LLC | M\u00e9xico\"},\"image\":{\"@id\":\"https:\/\/noti-america.com\/site\/mexico\/#\/schema\/logo\/image\/\"}},{\"@type\":\"Person\",\"@id\":\"https:\/\/noti-america.com\/site\/mexico\/#\/schema\/person\/a2e478ba496331ce89bcd0c731cd6533\",\"name\":\"rloaiza\",\"image\":{\"@type\":\"ImageObject\",\"inLanguage\":\"es\",\"@id\":\"https:\/\/secure.gravatar.com\/avatar\/190058e5d4427934610b99c45aa7a6558806850adedd53ddeddd194b04773e22?s=96&d=mm&r=g\",\"url\":\"https:\/\/secure.gravatar.com\/avatar\/190058e5d4427934610b99c45aa7a6558806850adedd53ddeddd194b04773e22?s=96&d=mm&r=g\",\"contentUrl\":\"https:\/\/secure.gravatar.com\/avatar\/190058e5d4427934610b99c45aa7a6558806850adedd53ddeddd194b04773e22?s=96&d=mm&r=g\",\"caption\":\"rloaiza\"},\"url\":\"https:\/\/noti-america.com\/site\/mexico\/author\/rloaiza\/\"}]}<\/script>\n<!-- \/ Yoast SEO Premium plugin. -->","yoast_head_json":{"title":"Ciencia, activismo lum\u00ednico, sustentabilidad y tecnolog\u00eda aplicada a la iluminaci\u00f3n, lo mejor de LIT Fest 2.0 - M\u00e9xico","robots":{"index":"index","follow":"follow","max-snippet":"max-snippet:-1","max-image-preview":"max-image-preview:large","max-video-preview":"max-video-preview:-1"},"canonical":"https:\/\/noti-america.com\/site\/mexico\/2021\/06\/01\/ciencia-activismo-luminico-sustentabilidad-y-tecnologia-aplicada-a-la-iluminacion-lo-mejor-de-lit-fest-2-0\/","og_locale":"es_ES","og_type":"article","og_title":"Ciencia, activismo lum\u00ednico, sustentabilidad y tecnolog\u00eda aplicada a la iluminaci\u00f3n, lo mejor de LIT Fest 2.0","og_description":"NOTI-AMERICA.COM | MEXICO Ciencia, activismo lum\u00ednico, sustentabilidad y tecnolog\u00eda aplicada a la iluminaci\u00f3n, lo mejor de LIT Fest 2.0 La segunda edici\u00f3n del\u00a0primer festival digital de la cultura de la luz, organizado por Expo&#46;&#46;&#46;","og_url":"https:\/\/noti-america.com\/site\/mexico\/2021\/06\/01\/ciencia-activismo-luminico-sustentabilidad-y-tecnologia-aplicada-a-la-iluminacion-lo-mejor-de-lit-fest-2-0\/","og_site_name":"M\u00e9xico","article_published_time":"2021-06-01T15:33:12+00:00","article_modified_time":"2021-06-01T19:33:21+00:00","og_image":[{"width":750,"height":430,"url":"https:\/\/noti-america.com\/site\/mexico\/wp-content\/uploads\/sites\/13\/2021\/06\/Imagen-cortesia-de-Expo-Lighting-America.jpeg","type":"image\/jpeg"}],"author":"rloaiza","twitter_card":"summary_large_image","twitter_misc":{"Escrito por":"rloaiza","Tiempo estimado de lectura":"4 minutos"},"schema":{"@context":"https:\/\/schema.org","@graph":[{"@type":"Article","@id":"https:\/\/noti-america.com\/site\/mexico\/2021\/06\/01\/ciencia-activismo-luminico-sustentabilidad-y-tecnologia-aplicada-a-la-iluminacion-lo-mejor-de-lit-fest-2-0\/#article","isPartOf":{"@id":"https:\/\/noti-america.com\/site\/mexico\/2021\/06\/01\/ciencia-activismo-luminico-sustentabilidad-y-tecnologia-aplicada-a-la-iluminacion-lo-mejor-de-lit-fest-2-0\/"},"author":{"name":"rloaiza","@id":"https:\/\/noti-america.com\/site\/mexico\/#\/schema\/person\/a2e478ba496331ce89bcd0c731cd6533"},"headline":"Ciencia, activismo lum\u00ednico, sustentabilidad y tecnolog\u00eda aplicada a la iluminaci\u00f3n, lo mejor de LIT Fest 2.0","datePublished":"2021-06-01T15:33:12+00:00","dateModified":"2021-06-01T19:33:21+00:00","mainEntityOfPage":{"@id":"https:\/\/noti-america.com\/site\/mexico\/2021\/06\/01\/ciencia-activismo-luminico-sustentabilidad-y-tecnologia-aplicada-a-la-iluminacion-lo-mejor-de-lit-fest-2-0\/"},"wordCount":839,"commentCount":0,"publisher":{"@id":"https:\/\/noti-america.com\/site\/mexico\/#organization"},"image":{"@id":"https:\/\/noti-america.com\/site\/mexico\/2021\/06\/01\/ciencia-activismo-luminico-sustentabilidad-y-tecnologia-aplicada-a-la-iluminacion-lo-mejor-de-lit-fest-2-0\/#primaryimage"},"thumbnailUrl":"https:\/\/noti-america.com\/site\/mexico\/wp-content\/uploads\/sites\/13\/2021\/06\/Imagen-cortesia-de-Expo-Lighting-America.jpeg","articleSection":["Noticias"],"inLanguage":"es","potentialAction":[{"@type":"CommentAction","name":"Comment","target":["https:\/\/noti-america.com\/site\/mexico\/2021\/06\/01\/ciencia-activismo-luminico-sustentabilidad-y-tecnologia-aplicada-a-la-iluminacion-lo-mejor-de-lit-fest-2-0\/#respond"]}]},{"@type":"WebPage","@id":"https:\/\/noti-america.com\/site\/mexico\/2021\/06\/01\/ciencia-activismo-luminico-sustentabilidad-y-tecnologia-aplicada-a-la-iluminacion-lo-mejor-de-lit-fest-2-0\/","url":"https:\/\/noti-america.com\/site\/mexico\/2021\/06\/01\/ciencia-activismo-luminico-sustentabilidad-y-tecnologia-aplicada-a-la-iluminacion-lo-mejor-de-lit-fest-2-0\/","name":"Ciencia, activismo lum\u00ednico, sustentabilidad y tecnolog\u00eda aplicada a la iluminaci\u00f3n, lo mejor de LIT Fest 2.0 - M\u00e9xico","isPartOf":{"@id":"https:\/\/noti-america.com\/site\/mexico\/#website"},"primaryImageOfPage":{"@id":"https:\/\/noti-america.com\/site\/mexico\/2021\/06\/01\/ciencia-activismo-luminico-sustentabilidad-y-tecnologia-aplicada-a-la-iluminacion-lo-mejor-de-lit-fest-2-0\/#primaryimage"},"image":{"@id":"https:\/\/noti-america.com\/site\/mexico\/2021\/06\/01\/ciencia-activismo-luminico-sustentabilidad-y-tecnologia-aplicada-a-la-iluminacion-lo-mejor-de-lit-fest-2-0\/#primaryimage"},"thumbnailUrl":"https:\/\/noti-america.com\/site\/mexico\/wp-content\/uploads\/sites\/13\/2021\/06\/Imagen-cortesia-de-Expo-Lighting-America.jpeg","datePublished":"2021-06-01T15:33:12+00:00","dateModified":"2021-06-01T19:33:21+00:00","breadcrumb":{"@id":"https:\/\/noti-america.com\/site\/mexico\/2021\/06\/01\/ciencia-activismo-luminico-sustentabilidad-y-tecnologia-aplicada-a-la-iluminacion-lo-mejor-de-lit-fest-2-0\/#breadcrumb"},"inLanguage":"es","potentialAction":[{"@type":"ReadAction","target":["https:\/\/noti-america.com\/site\/mexico\/2021\/06\/01\/ciencia-activismo-luminico-sustentabilidad-y-tecnologia-aplicada-a-la-iluminacion-lo-mejor-de-lit-fest-2-0\/"]}]},{"@type":"ImageObject","inLanguage":"es","@id":"https:\/\/noti-america.com\/site\/mexico\/2021\/06\/01\/ciencia-activismo-luminico-sustentabilidad-y-tecnologia-aplicada-a-la-iluminacion-lo-mejor-de-lit-fest-2-0\/#primaryimage","url":"https:\/\/noti-america.com\/site\/mexico\/wp-content\/uploads\/sites\/13\/2021\/06\/Imagen-cortesia-de-Expo-Lighting-America.jpeg","contentUrl":"https:\/\/noti-america.com\/site\/mexico\/wp-content\/uploads\/sites\/13\/2021\/06\/Imagen-cortesia-de-Expo-Lighting-America.jpeg","width":750,"height":430},{"@type":"BreadcrumbList","@id":"https:\/\/noti-america.com\/site\/mexico\/2021\/06\/01\/ciencia-activismo-luminico-sustentabilidad-y-tecnologia-aplicada-a-la-iluminacion-lo-mejor-de-lit-fest-2-0\/#breadcrumb","itemListElement":[{"@type":"ListItem","position":1,"name":"Portada","item":"https:\/\/noti-america.com\/site\/mexico\/"},{"@type":"ListItem","position":2,"name":"Ciencia, activismo lum\u00ednico, sustentabilidad y tecnolog\u00eda aplicada a la iluminaci\u00f3n, lo mejor de LIT Fest 2.0"}]},{"@type":"WebSite","@id":"https:\/\/noti-america.com\/site\/mexico\/#website","url":"https:\/\/noti-america.com\/site\/mexico\/","name":"M\u00e9xico | Noti-America.com","description":"","publisher":{"@id":"https:\/\/noti-america.com\/site\/mexico\/#organization"},"potentialAction":[{"@type":"SearchAction","target":{"@type":"EntryPoint","urlTemplate":"https:\/\/noti-america.com\/site\/mexico\/?s={search_term_string}"},"query-input":{"@type":"PropertyValueSpecification","valueRequired":true,"valueName":"search_term_string"}}],"inLanguage":"es"},{"@type":"Organization","@id":"https:\/\/noti-america.com\/site\/mexico\/#organization","name":"Noti-America LLC | M\u00e9xico","url":"https:\/\/noti-america.com\/site\/mexico\/","logo":{"@type":"ImageObject","inLanguage":"es","@id":"https:\/\/noti-america.com\/site\/mexico\/#\/schema\/logo\/image\/","url":"https:\/\/noti-america.com\/site\/mexico\/wp-content\/uploads\/sites\/13\/2020\/07\/LogoNA-4x3-1.jpg","contentUrl":"https:\/\/noti-america.com\/site\/mexico\/wp-content\/uploads\/sites\/13\/2020\/07\/LogoNA-4x3-1.jpg","width":1236,"height":1080,"caption":"Noti-America LLC | M\u00e9xico"},"image":{"@id":"https:\/\/noti-america.com\/site\/mexico\/#\/schema\/logo\/image\/"}},{"@type":"Person","@id":"https:\/\/noti-america.com\/site\/mexico\/#\/schema\/person\/a2e478ba496331ce89bcd0c731cd6533","name":"rloaiza","image":{"@type":"ImageObject","inLanguage":"es","@id":"https:\/\/secure.gravatar.com\/avatar\/190058e5d4427934610b99c45aa7a6558806850adedd53ddeddd194b04773e22?s=96&d=mm&r=g","url":"https:\/\/secure.gravatar.com\/avatar\/190058e5d4427934610b99c45aa7a6558806850adedd53ddeddd194b04773e22?s=96&d=mm&r=g","contentUrl":"https:\/\/secure.gravatar.com\/avatar\/190058e5d4427934610b99c45aa7a6558806850adedd53ddeddd194b04773e22?s=96&d=mm&r=g","caption":"rloaiza"},"url":"https:\/\/noti-america.com\/site\/mexico\/author\/rloaiza\/"}]}},"_links":{"self":[{"href":"https:\/\/noti-america.com\/site\/mexico\/wp-json\/wp\/v2\/posts\/6230","targetHints":{"allow":["GET"]}}],"collection":[{"href":"https:\/\/noti-america.com\/site\/mexico\/wp-json\/wp\/v2\/posts"}],"about":[{"href":"https:\/\/noti-america.com\/site\/mexico\/wp-json\/wp\/v2\/types\/post"}],"author":[{"embeddable":true,"href":"https:\/\/noti-america.com\/site\/mexico\/wp-json\/wp\/v2\/users\/2"}],"replies":[{"embeddable":true,"href":"https:\/\/noti-america.com\/site\/mexico\/wp-json\/wp\/v2\/comments?post=6230"}],"version-history":[{"count":1,"href":"https:\/\/noti-america.com\/site\/mexico\/wp-json\/wp\/v2\/posts\/6230\/revisions"}],"predecessor-version":[{"id":6232,"href":"https:\/\/noti-america.com\/site\/mexico\/wp-json\/wp\/v2\/posts\/6230\/revisions\/6232"}],"wp:featuredmedia":[{"embeddable":true,"href":"https:\/\/noti-america.com\/site\/mexico\/wp-json\/wp\/v2\/media\/6231"}],"wp:attachment":[{"href":"https:\/\/noti-america.com\/site\/mexico\/wp-json\/wp\/v2\/media?parent=6230"}],"wp:term":[{"taxonomy":"category","embeddable":true,"href":"https:\/\/noti-america.com\/site\/mexico\/wp-json\/wp\/v2\/categories?post=6230"},{"taxonomy":"post_tag","embeddable":true,"href":"https:\/\/noti-america.com\/site\/mexico\/wp-json\/wp\/v2\/tags?post=6230"}],"curies":[{"name":"wp","href":"https:\/\/api.w.org\/{rel}","templated":true}]}}