{"id":6224,"date":"2021-05-25T19:24:07","date_gmt":"2021-05-25T19:24:07","guid":{"rendered":"https:\/\/noti-america.com\/site\/mexico\/?p=6224"},"modified":"2021-05-25T19:24:07","modified_gmt":"2021-05-25T19:24:07","slug":"estas-consciente-del-poder-que-tienes-dentro-ti","status":"publish","type":"post","link":"https:\/\/noti-america.com\/site\/mexico\/2021\/05\/25\/estas-consciente-del-poder-que-tienes-dentro-ti\/","title":{"rendered":"\u00bfEst\u00e1s consciente del poder que tienes dentro t\u00ed?"},"content":{"rendered":"<p><strong>Noti-Am\u00e9rica (M\u00e9xico)<\/strong><br \/>\n<strong>Ciudad de M\u00e9xico,DF.<\/strong><\/p>\n<p>&nbsp;<\/p>\n<p style=\"text-align: justify\">Aunque te parezca extra\u00f1o, si el poder de lograr esta dentro de nosotros mismos, el gran detalle es darnos cuenta de eso y estar conscientes del poder que nuestros pensamientos tienen en nuestro d\u00eda a d\u00eda.<\/p>\n<p style=\"text-align: justify\">All\u00ed en nuestros pensamientos \u00a0es donde empieza todo y si no pensamos de forma consciente de lo que realmente nos hace felices nunca jam\u00e1s lo vamos a tener y mucho menos a \u00a0disfrutar.<\/p>\n<p style=\"text-align: justify\">Por eso la reflexi\u00f3n es\u2026tus pensamientos como son?<\/p>\n<p style=\"text-align: justify\">Son positivos o son constantemente negativos, o son saboteadores de los objetivos y metas que te propones?<\/p>\n<p style=\"text-align: justify\">Estas preguntas son un tanto complicadas de responder para esas personas que no se han tomado un tiempo para s\u00ed mismos \u00a0y para conocerse un poco m\u00e1s de lo normal y darse la oportunidad de trabajar para ser feliz desde todos los \u00e1mbitos de su vida.<\/p>\n<p style=\"text-align: justify\">El poder infinito que tienen los pensamientos es extraordinario y mucho m\u00e1s espectacular es vivir los resultados de esos pensamientos que de manera consientes creamos en nuestra mente.<\/p>\n<p style=\"text-align: justify\">A trav\u00e9s de nuestros pensamientos conscientes podemos obtener y tener una buena salud, las personas que deseamos est\u00e9n cerca de nosotros, crear una vida plena en cuerpo mente y alma.<\/p>\n<p style=\"text-align: justify\">Ciertamente es un proceso que no todos est\u00e1n preparados para dar inicio, pero solo debes\u00a0 estar despierto \u00a0a lo que deseas en esta vida para que desde all\u00ed partas a trabajar en esas \u00e1reas de tu vida que necesitan un cambio a lo positivo\u00a0 que el final ser\u00e1 una felicidad construida \u00a0por ti misma y desde tu mente por tus propios pensamientos.<\/p>\n<p style=\"text-align: justify\">Int\u00e9ntalo!!! Solo por unos d\u00edas\u2026\u201cNO DIGAS QUE NO SI NO LO HAZ PROBADO\u201d<\/p>\n<p style=\"text-align: justify\">Solo antes de hacerlo debes tener una conversaci\u00f3n contigo misma \u00a0para saber en realidad que \u00e1rea de tu vida deseas trabajar hacia lo positivo y cuando tengas claro eso, empieza a buscar dentro de ti que necesitas para lograr ese cambio positivo en esa \u00e1rea y luego de tener eso claro, empieza a formular pensamientos acordes y coherentes a eso que deseas lograr y\u00a0 d\u00e9jate fluir\u2026<\/p>\n<p style=\"text-align: justify\">Por aqu\u00ed te dejo mis redes sociales por si te animas a comentarme los resultados de esa experiencia de pensar conscientemente.<\/p>\n<p style=\"text-align: justify\"><strong>Lesmi Rodr\u00edguez<\/strong><\/p>\n<p><strong>Mentor\u00a0 Professional Internacional<\/strong><\/p>\n<p><strong>Coach Integral Internacional<\/strong><\/p>\n<p><strong>@lesmicoach<\/strong><br \/>\n<strong>@lesmi_rodriguez<\/strong><\/p>\n<p><strong>\u00a0\u00a0\u00a0\u00a0\u00a0\u00a0\u00a0\u00a0\u00a0\u00a0\u00a0\u00a0\u00a0\u00a0\u00a0\u00a0\u00a0\u00a0\u00a0\u00a0\u00a0\u00a0\u00a0\u00a0\u00a0\u00a0\u00a0\u00a0\u00a0\u00a0\u00a0\u00a0\u00a0\u00a0\u00a0\u00a0\u00a0\u00a0\u00a0\u00a0\u00a0\u00a0\u00a0\u00a0\u00a0\u00a0<\/strong><\/p>\n","protected":false},"excerpt":{"rendered":"<p>Noti-Am\u00e9rica (M\u00e9xico) Ciudad de M\u00e9xico,DF. &nbsp; Aunque te parezca extra\u00f1o, si el poder de lograr esta dentro de nosotros mismos, el gran detalle es darnos cuenta de eso y estar conscientes del poder que&#46;&#46;&#46;<\/p>\n","protected":false},"author":87,"featured_media":6225,"comment_status":"open","ping_status":"open","sticky":false,"template":"","format":"image","meta":{"_acf_changed":false,"om_disable_all_campaigns":false,"rop_custom_images_group":[],"rop_custom_messages_group":[],"rop_publish_now":"initial","rop_publish_now_accounts":{"twitter_242054905_242054905":""},"rop_publish_now_history":[],"rop_publish_now_status":"pending","_uf_show_specific_survey":0,"_uf_disable_surveys":false,"footnotes":""},"categories":[704,12],"tags":[],"class_list":["post-6224","post","type-post","status-publish","format-image","has-post-thumbnail","hentry","category-belleza","category-opinion","post_format-post-format-image"],"acf":[],"aioseo_notices":[],"yoast_head":"<!-- This site is optimized with the Yoast SEO Premium plugin v24.9 (Yoast SEO v27.2) - https:\/\/yoast.com\/product\/yoast-seo-premium-wordpress\/ -->\n<title>\u00bfEst\u00e1s consciente del poder que tienes dentro t\u00ed? - M\u00e9xico<\/title>\n<meta name=\"robots\" content=\"index, follow, max-snippet:-1, max-image-preview:large, max-video-preview:-1\" \/>\n<link rel=\"canonical\" href=\"https:\/\/noti-america.com\/site\/mexico\/2021\/05\/25\/estas-consciente-del-poder-que-tienes-dentro-ti\/\" \/>\n<meta property=\"og:locale\" content=\"es_ES\" \/>\n<meta property=\"og:type\" content=\"article\" \/>\n<meta property=\"og:title\" content=\"\u00bfEst\u00e1s consciente del poder que tienes dentro t\u00ed?\" \/>\n<meta property=\"og:description\" content=\"Noti-Am\u00e9rica (M\u00e9xico) Ciudad de M\u00e9xico,DF. &nbsp; Aunque te parezca extra\u00f1o, si el poder de lograr esta dentro de nosotros mismos, el gran detalle es darnos cuenta de eso y estar conscientes del poder que&#046;&#046;&#046;\" \/>\n<meta property=\"og:url\" content=\"https:\/\/noti-america.com\/site\/mexico\/2021\/05\/25\/estas-consciente-del-poder-que-tienes-dentro-ti\/\" \/>\n<meta property=\"og:site_name\" content=\"M\u00e9xico\" \/>\n<meta property=\"article:published_time\" content=\"2021-05-25T19:24:07+00:00\" \/>\n<meta property=\"og:image\" content=\"https:\/\/noti-america.com\/site\/mexico\/wp-content\/uploads\/sites\/13\/2021\/05\/lesmi.jpg\" \/>\n\t<meta property=\"og:image:width\" content=\"603\" \/>\n\t<meta property=\"og:image:height\" content=\"452\" \/>\n\t<meta property=\"og:image:type\" content=\"image\/jpeg\" \/>\n<meta name=\"author\" content=\"CAMH\" \/>\n<meta name=\"twitter:card\" content=\"summary_large_image\" \/>\n<meta name=\"twitter:label1\" content=\"Escrito por\" \/>\n\t<meta name=\"twitter:data1\" content=\"CAMH\" \/>\n\t<meta name=\"twitter:label2\" content=\"Tiempo estimado de lectura\" \/>\n\t<meta name=\"twitter:data2\" content=\"2 minutos\" \/>\n<script type=\"application\/ld+json\" class=\"yoast-schema-graph\">{\"@context\":\"https:\/\/schema.org\",\"@graph\":[{\"@type\":\"Article\",\"@id\":\"https:\/\/noti-america.com\/site\/mexico\/2021\/05\/25\/estas-consciente-del-poder-que-tienes-dentro-ti\/#article\",\"isPartOf\":{\"@id\":\"https:\/\/noti-america.com\/site\/mexico\/2021\/05\/25\/estas-consciente-del-poder-que-tienes-dentro-ti\/\"},\"author\":{\"name\":\"CAMH\",\"@id\":\"https:\/\/noti-america.com\/site\/mexico\/#\/schema\/person\/e13880b4308eea6926b271284605ef72\"},\"headline\":\"\u00bfEst\u00e1s consciente del poder que tienes dentro t\u00ed?\",\"datePublished\":\"2021-05-25T19:24:07+00:00\",\"mainEntityOfPage\":{\"@id\":\"https:\/\/noti-america.com\/site\/mexico\/2021\/05\/25\/estas-consciente-del-poder-que-tienes-dentro-ti\/\"},\"wordCount\":407,\"commentCount\":0,\"publisher\":{\"@id\":\"https:\/\/noti-america.com\/site\/mexico\/#organization\"},\"image\":{\"@id\":\"https:\/\/noti-america.com\/site\/mexico\/2021\/05\/25\/estas-consciente-del-poder-que-tienes-dentro-ti\/#primaryimage\"},\"thumbnailUrl\":\"https:\/\/noti-america.com\/site\/mexico\/wp-content\/uploads\/sites\/13\/2021\/05\/lesmi.jpg\",\"articleSection\":[\"Belleza\",\"Opini\u00f3n\"],\"inLanguage\":\"es\",\"potentialAction\":[{\"@type\":\"CommentAction\",\"name\":\"Comment\",\"target\":[\"https:\/\/noti-america.com\/site\/mexico\/2021\/05\/25\/estas-consciente-del-poder-que-tienes-dentro-ti\/#respond\"]}]},{\"@type\":\"WebPage\",\"@id\":\"https:\/\/noti-america.com\/site\/mexico\/2021\/05\/25\/estas-consciente-del-poder-que-tienes-dentro-ti\/\",\"url\":\"https:\/\/noti-america.com\/site\/mexico\/2021\/05\/25\/estas-consciente-del-poder-que-tienes-dentro-ti\/\",\"name\":\"\u00bfEst\u00e1s consciente del poder que tienes dentro t\u00ed? - M\u00e9xico\",\"isPartOf\":{\"@id\":\"https:\/\/noti-america.com\/site\/mexico\/#website\"},\"primaryImageOfPage\":{\"@id\":\"https:\/\/noti-america.com\/site\/mexico\/2021\/05\/25\/estas-consciente-del-poder-que-tienes-dentro-ti\/#primaryimage\"},\"image\":{\"@id\":\"https:\/\/noti-america.com\/site\/mexico\/2021\/05\/25\/estas-consciente-del-poder-que-tienes-dentro-ti\/#primaryimage\"},\"thumbnailUrl\":\"https:\/\/noti-america.com\/site\/mexico\/wp-content\/uploads\/sites\/13\/2021\/05\/lesmi.jpg\",\"datePublished\":\"2021-05-25T19:24:07+00:00\",\"breadcrumb\":{\"@id\":\"https:\/\/noti-america.com\/site\/mexico\/2021\/05\/25\/estas-consciente-del-poder-que-tienes-dentro-ti\/#breadcrumb\"},\"inLanguage\":\"es\",\"potentialAction\":[{\"@type\":\"ReadAction\",\"target\":[\"https:\/\/noti-america.com\/site\/mexico\/2021\/05\/25\/estas-consciente-del-poder-que-tienes-dentro-ti\/\"]}]},{\"@type\":\"ImageObject\",\"inLanguage\":\"es\",\"@id\":\"https:\/\/noti-america.com\/site\/mexico\/2021\/05\/25\/estas-consciente-del-poder-que-tienes-dentro-ti\/#primaryimage\",\"url\":\"https:\/\/noti-america.com\/site\/mexico\/wp-content\/uploads\/sites\/13\/2021\/05\/lesmi.jpg\",\"contentUrl\":\"https:\/\/noti-america.com\/site\/mexico\/wp-content\/uploads\/sites\/13\/2021\/05\/lesmi.jpg\",\"width\":603,\"height\":452},{\"@type\":\"BreadcrumbList\",\"@id\":\"https:\/\/noti-america.com\/site\/mexico\/2021\/05\/25\/estas-consciente-del-poder-que-tienes-dentro-ti\/#breadcrumb\",\"itemListElement\":[{\"@type\":\"ListItem\",\"position\":1,\"name\":\"Portada\",\"item\":\"https:\/\/noti-america.com\/site\/mexico\/\"},{\"@type\":\"ListItem\",\"position\":2,\"name\":\"\u00bfEst\u00e1s consciente del poder que tienes dentro t\u00ed?\"}]},{\"@type\":\"WebSite\",\"@id\":\"https:\/\/noti-america.com\/site\/mexico\/#website\",\"url\":\"https:\/\/noti-america.com\/site\/mexico\/\",\"name\":\"M\u00e9xico | Noti-America.com\",\"description\":\"\",\"publisher\":{\"@id\":\"https:\/\/noti-america.com\/site\/mexico\/#organization\"},\"potentialAction\":[{\"@type\":\"SearchAction\",\"target\":{\"@type\":\"EntryPoint\",\"urlTemplate\":\"https:\/\/noti-america.com\/site\/mexico\/?s={search_term_string}\"},\"query-input\":{\"@type\":\"PropertyValueSpecification\",\"valueRequired\":true,\"valueName\":\"search_term_string\"}}],\"inLanguage\":\"es\"},{\"@type\":\"Organization\",\"@id\":\"https:\/\/noti-america.com\/site\/mexico\/#organization\",\"name\":\"Noti-America LLC | M\u00e9xico\",\"url\":\"https:\/\/noti-america.com\/site\/mexico\/\",\"logo\":{\"@type\":\"ImageObject\",\"inLanguage\":\"es\",\"@id\":\"https:\/\/noti-america.com\/site\/mexico\/#\/schema\/logo\/image\/\",\"url\":\"https:\/\/noti-america.com\/site\/mexico\/wp-content\/uploads\/sites\/13\/2020\/07\/LogoNA-4x3-1.jpg\",\"contentUrl\":\"https:\/\/noti-america.com\/site\/mexico\/wp-content\/uploads\/sites\/13\/2020\/07\/LogoNA-4x3-1.jpg\",\"width\":1236,\"height\":1080,\"caption\":\"Noti-America LLC | M\u00e9xico\"},\"image\":{\"@id\":\"https:\/\/noti-america.com\/site\/mexico\/#\/schema\/logo\/image\/\"}},{\"@type\":\"Person\",\"@id\":\"https:\/\/noti-america.com\/site\/mexico\/#\/schema\/person\/e13880b4308eea6926b271284605ef72\",\"name\":\"CAMH\",\"image\":{\"@type\":\"ImageObject\",\"inLanguage\":\"es\",\"@id\":\"https:\/\/secure.gravatar.com\/avatar\/82aa99c723cbed2b304797bc218a5542b5a94d7f5d0ba3b39650aef53c28ecf5?s=96&d=mm&r=g\",\"url\":\"https:\/\/secure.gravatar.com\/avatar\/82aa99c723cbed2b304797bc218a5542b5a94d7f5d0ba3b39650aef53c28ecf5?s=96&d=mm&r=g\",\"contentUrl\":\"https:\/\/secure.gravatar.com\/avatar\/82aa99c723cbed2b304797bc218a5542b5a94d7f5d0ba3b39650aef53c28ecf5?s=96&d=mm&r=g\",\"caption\":\"CAMH\"},\"url\":\"https:\/\/noti-america.com\/site\/mexico\/author\/cmitchell\/\"}]}<\/script>\n<!-- \/ Yoast SEO Premium plugin. -->","yoast_head_json":{"title":"\u00bfEst\u00e1s consciente del poder que tienes dentro t\u00ed? - M\u00e9xico","robots":{"index":"index","follow":"follow","max-snippet":"max-snippet:-1","max-image-preview":"max-image-preview:large","max-video-preview":"max-video-preview:-1"},"canonical":"https:\/\/noti-america.com\/site\/mexico\/2021\/05\/25\/estas-consciente-del-poder-que-tienes-dentro-ti\/","og_locale":"es_ES","og_type":"article","og_title":"\u00bfEst\u00e1s consciente del poder que tienes dentro t\u00ed?","og_description":"Noti-Am\u00e9rica (M\u00e9xico) Ciudad de M\u00e9xico,DF. &nbsp; Aunque te parezca extra\u00f1o, si el poder de lograr esta dentro de nosotros mismos, el gran detalle es darnos cuenta de eso y estar conscientes del poder que&#46;&#46;&#46;","og_url":"https:\/\/noti-america.com\/site\/mexico\/2021\/05\/25\/estas-consciente-del-poder-que-tienes-dentro-ti\/","og_site_name":"M\u00e9xico","article_published_time":"2021-05-25T19:24:07+00:00","og_image":[{"width":603,"height":452,"url":"https:\/\/noti-america.com\/site\/mexico\/wp-content\/uploads\/sites\/13\/2021\/05\/lesmi.jpg","type":"image\/jpeg"}],"author":"CAMH","twitter_card":"summary_large_image","twitter_misc":{"Escrito por":"CAMH","Tiempo estimado de lectura":"2 minutos"},"schema":{"@context":"https:\/\/schema.org","@graph":[{"@type":"Article","@id":"https:\/\/noti-america.com\/site\/mexico\/2021\/05\/25\/estas-consciente-del-poder-que-tienes-dentro-ti\/#article","isPartOf":{"@id":"https:\/\/noti-america.com\/site\/mexico\/2021\/05\/25\/estas-consciente-del-poder-que-tienes-dentro-ti\/"},"author":{"name":"CAMH","@id":"https:\/\/noti-america.com\/site\/mexico\/#\/schema\/person\/e13880b4308eea6926b271284605ef72"},"headline":"\u00bfEst\u00e1s consciente del poder que tienes dentro t\u00ed?","datePublished":"2021-05-25T19:24:07+00:00","mainEntityOfPage":{"@id":"https:\/\/noti-america.com\/site\/mexico\/2021\/05\/25\/estas-consciente-del-poder-que-tienes-dentro-ti\/"},"wordCount":407,"commentCount":0,"publisher":{"@id":"https:\/\/noti-america.com\/site\/mexico\/#organization"},"image":{"@id":"https:\/\/noti-america.com\/site\/mexico\/2021\/05\/25\/estas-consciente-del-poder-que-tienes-dentro-ti\/#primaryimage"},"thumbnailUrl":"https:\/\/noti-america.com\/site\/mexico\/wp-content\/uploads\/sites\/13\/2021\/05\/lesmi.jpg","articleSection":["Belleza","Opini\u00f3n"],"inLanguage":"es","potentialAction":[{"@type":"CommentAction","name":"Comment","target":["https:\/\/noti-america.com\/site\/mexico\/2021\/05\/25\/estas-consciente-del-poder-que-tienes-dentro-ti\/#respond"]}]},{"@type":"WebPage","@id":"https:\/\/noti-america.com\/site\/mexico\/2021\/05\/25\/estas-consciente-del-poder-que-tienes-dentro-ti\/","url":"https:\/\/noti-america.com\/site\/mexico\/2021\/05\/25\/estas-consciente-del-poder-que-tienes-dentro-ti\/","name":"\u00bfEst\u00e1s consciente del poder que tienes dentro t\u00ed? - M\u00e9xico","isPartOf":{"@id":"https:\/\/noti-america.com\/site\/mexico\/#website"},"primaryImageOfPage":{"@id":"https:\/\/noti-america.com\/site\/mexico\/2021\/05\/25\/estas-consciente-del-poder-que-tienes-dentro-ti\/#primaryimage"},"image":{"@id":"https:\/\/noti-america.com\/site\/mexico\/2021\/05\/25\/estas-consciente-del-poder-que-tienes-dentro-ti\/#primaryimage"},"thumbnailUrl":"https:\/\/noti-america.com\/site\/mexico\/wp-content\/uploads\/sites\/13\/2021\/05\/lesmi.jpg","datePublished":"2021-05-25T19:24:07+00:00","breadcrumb":{"@id":"https:\/\/noti-america.com\/site\/mexico\/2021\/05\/25\/estas-consciente-del-poder-que-tienes-dentro-ti\/#breadcrumb"},"inLanguage":"es","potentialAction":[{"@type":"ReadAction","target":["https:\/\/noti-america.com\/site\/mexico\/2021\/05\/25\/estas-consciente-del-poder-que-tienes-dentro-ti\/"]}]},{"@type":"ImageObject","inLanguage":"es","@id":"https:\/\/noti-america.com\/site\/mexico\/2021\/05\/25\/estas-consciente-del-poder-que-tienes-dentro-ti\/#primaryimage","url":"https:\/\/noti-america.com\/site\/mexico\/wp-content\/uploads\/sites\/13\/2021\/05\/lesmi.jpg","contentUrl":"https:\/\/noti-america.com\/site\/mexico\/wp-content\/uploads\/sites\/13\/2021\/05\/lesmi.jpg","width":603,"height":452},{"@type":"BreadcrumbList","@id":"https:\/\/noti-america.com\/site\/mexico\/2021\/05\/25\/estas-consciente-del-poder-que-tienes-dentro-ti\/#breadcrumb","itemListElement":[{"@type":"ListItem","position":1,"name":"Portada","item":"https:\/\/noti-america.com\/site\/mexico\/"},{"@type":"ListItem","position":2,"name":"\u00bfEst\u00e1s consciente del poder que tienes dentro t\u00ed?"}]},{"@type":"WebSite","@id":"https:\/\/noti-america.com\/site\/mexico\/#website","url":"https:\/\/noti-america.com\/site\/mexico\/","name":"M\u00e9xico | Noti-America.com","description":"","publisher":{"@id":"https:\/\/noti-america.com\/site\/mexico\/#organization"},"potentialAction":[{"@type":"SearchAction","target":{"@type":"EntryPoint","urlTemplate":"https:\/\/noti-america.com\/site\/mexico\/?s={search_term_string}"},"query-input":{"@type":"PropertyValueSpecification","valueRequired":true,"valueName":"search_term_string"}}],"inLanguage":"es"},{"@type":"Organization","@id":"https:\/\/noti-america.com\/site\/mexico\/#organization","name":"Noti-America LLC | M\u00e9xico","url":"https:\/\/noti-america.com\/site\/mexico\/","logo":{"@type":"ImageObject","inLanguage":"es","@id":"https:\/\/noti-america.com\/site\/mexico\/#\/schema\/logo\/image\/","url":"https:\/\/noti-america.com\/site\/mexico\/wp-content\/uploads\/sites\/13\/2020\/07\/LogoNA-4x3-1.jpg","contentUrl":"https:\/\/noti-america.com\/site\/mexico\/wp-content\/uploads\/sites\/13\/2020\/07\/LogoNA-4x3-1.jpg","width":1236,"height":1080,"caption":"Noti-America LLC | M\u00e9xico"},"image":{"@id":"https:\/\/noti-america.com\/site\/mexico\/#\/schema\/logo\/image\/"}},{"@type":"Person","@id":"https:\/\/noti-america.com\/site\/mexico\/#\/schema\/person\/e13880b4308eea6926b271284605ef72","name":"CAMH","image":{"@type":"ImageObject","inLanguage":"es","@id":"https:\/\/secure.gravatar.com\/avatar\/82aa99c723cbed2b304797bc218a5542b5a94d7f5d0ba3b39650aef53c28ecf5?s=96&d=mm&r=g","url":"https:\/\/secure.gravatar.com\/avatar\/82aa99c723cbed2b304797bc218a5542b5a94d7f5d0ba3b39650aef53c28ecf5?s=96&d=mm&r=g","contentUrl":"https:\/\/secure.gravatar.com\/avatar\/82aa99c723cbed2b304797bc218a5542b5a94d7f5d0ba3b39650aef53c28ecf5?s=96&d=mm&r=g","caption":"CAMH"},"url":"https:\/\/noti-america.com\/site\/mexico\/author\/cmitchell\/"}]}},"_links":{"self":[{"href":"https:\/\/noti-america.com\/site\/mexico\/wp-json\/wp\/v2\/posts\/6224","targetHints":{"allow":["GET"]}}],"collection":[{"href":"https:\/\/noti-america.com\/site\/mexico\/wp-json\/wp\/v2\/posts"}],"about":[{"href":"https:\/\/noti-america.com\/site\/mexico\/wp-json\/wp\/v2\/types\/post"}],"author":[{"embeddable":true,"href":"https:\/\/noti-america.com\/site\/mexico\/wp-json\/wp\/v2\/users\/87"}],"replies":[{"embeddable":true,"href":"https:\/\/noti-america.com\/site\/mexico\/wp-json\/wp\/v2\/comments?post=6224"}],"version-history":[{"count":1,"href":"https:\/\/noti-america.com\/site\/mexico\/wp-json\/wp\/v2\/posts\/6224\/revisions"}],"predecessor-version":[{"id":6226,"href":"https:\/\/noti-america.com\/site\/mexico\/wp-json\/wp\/v2\/posts\/6224\/revisions\/6226"}],"wp:featuredmedia":[{"embeddable":true,"href":"https:\/\/noti-america.com\/site\/mexico\/wp-json\/wp\/v2\/media\/6225"}],"wp:attachment":[{"href":"https:\/\/noti-america.com\/site\/mexico\/wp-json\/wp\/v2\/media?parent=6224"}],"wp:term":[{"taxonomy":"category","embeddable":true,"href":"https:\/\/noti-america.com\/site\/mexico\/wp-json\/wp\/v2\/categories?post=6224"},{"taxonomy":"post_tag","embeddable":true,"href":"https:\/\/noti-america.com\/site\/mexico\/wp-json\/wp\/v2\/tags?post=6224"}],"curies":[{"name":"wp","href":"https:\/\/api.w.org\/{rel}","templated":true}]}}