{"id":6216,"date":"2021-05-18T20:50:15","date_gmt":"2021-05-18T20:50:15","guid":{"rendered":"https:\/\/noti-america.com\/site\/mexico\/2021\/05\/18\/ciudad-de-mexico-esta-perfectamente-preparada-para-recibir-turistas\/"},"modified":"2021-05-18T20:50:15","modified_gmt":"2021-05-18T20:50:15","slug":"ciudad-de-mexico-esta-perfectamente-preparada-para-recibir-turistas","status":"publish","type":"post","link":"https:\/\/noti-america.com\/site\/mexico\/2021\/05\/18\/ciudad-de-mexico-esta-perfectamente-preparada-para-recibir-turistas\/","title":{"rendered":"Ciudad de M\u00e9xico est\u00e1 perfectamente preparada para recibir turistas"},"content":{"rendered":"<p>MEXICO | NOTI-AMERICA.COM<\/p>\n<p>www.atalayar.com<\/p>\n<div class=\"post-top\">\n<h1 class=\"post-title\">Ciudad de M\u00e9xico est\u00e1 perfectamente preparada para recibir turistas<\/h1>\n<div class=\"field field--name-field-subtitulo field--type-string field--label-hidden field__item\">Paola F\u00e9lix D\u00edaz, directora general del Fondo Mixto de Promoci\u00f3n Tur\u00edstica de Ciudad de M\u00e9xico, habl\u00f3 en Atalayar Radio sobre la importancia de reactivar el turismo en la zona<\/div>\n<div class=\"field field--name-field-autor field--type-entity-reference field--label-hidden field__item\"><a href=\"https:\/\/atalayar.com\/taxonomy\/term\/1484\" hreflang=\"es\">Claudia Kumpel Fierro<\/a><\/div>\n<\/div>\n<div class=\"post-thumbnail\">\n<div class=\"field field--name-field-image field--type-image field--label-hidden field__item\"><img decoding=\"async\" src=\"https:\/\/atalayar.com\/sites\/default\/files\/styles\/foto_\/public\/noticias\/Atalayar_Ciudad%20de%20M%C3%A9xico_1.jpg?itok=FqNZTTCD\" alt=\"Atalayar_Ciudad de M\u00e9xico\" \/><\/div>\n<div class=\"pie-foto\">\n<p>\u00a0&#8211;<\/p>\n<\/div>\n<\/div>\n<div class=\"post-content\">\n<div class=\"node__content clearfix\">\n<div class=\"field field--name-body field--type-text-with-summary field--label-hidden field__item\">\n<p>Paola F\u00e9lix D\u00edaz, pol\u00edtica, cantante y activista mejicana, ha sido diputada federal y desde 2018 es la directora general del Fondo Mixto de Promoci\u00f3n Tur\u00edstica de la Ciudad de M\u00e9xico.\u00a0<strong>Estuvo en el programa Atalayar de Capital Radio, con motivo de la participaci\u00f3n en la feria FITUR, y expuso la importancia de reactivar el turismo en M\u00e9xico, especialmente en Ciudad de M\u00e9xico ya que es seguro viajar desde Espa\u00f1a.<\/strong>\u00a0Ciudad de M\u00e9xico cuenta con el sello de turismo seguro del WTTC y est\u00e1 preparada para recibir turistas.<\/p>\n<p><strong>El objetivo primordial ahora es recuperar el sector tur\u00edstico.<\/strong><\/p>\n<p>Es importante lo que estamos viviendo en el sector tur\u00edstico despu\u00e9s de esta gran crisis, de los problemas que se han presentado a nivel internacional, el reto que representa implementar la nueva forma en la que el turismo evolucion\u00f3 y evoluciona conforme van avanzando las cosas. Nosotros como capital de M\u00e9xico, somos la capital de la Ciudad de M\u00e9xico, tenemos un gran reto y nos emociona y nos alegra poder estar el mi\u00e9rcoles en la inauguraci\u00f3n formal de FITUR 20-21, estar como una de las ciudades m\u00e1s importantes en el top 10 del mundo. \u00bfY qu\u00e9 buscamos con esto? Pues nuevamente posicionarnos, generar acuerdos, convenios de colaboraci\u00f3n, ver las tendencias, trabajar con los tour-operadores, con las aerol\u00edneas\u2026 Sabemos que todav\u00eda, sobre todo Espa\u00f1a, ha emitido la alerta por COVID y para viajar de M\u00e9xico a Espa\u00f1a pues se necesitan ciertas medidas como una invitaci\u00f3n, en fin, todav\u00eda hay limitaciones, pero sin duda alguna es una gran noticia que podamos estar aqu\u00ed y como otros destinos y sobre todo hablando de otros estados de la Rep\u00fablica, que tambi\u00e9n se encuentran aqu\u00ed, buscan y buscamos poder pues estar en la actividad tur\u00edstica nuevamente porque esto representa empleo de rama econ\u00f3mica, intercambio econ\u00f3mico\u2026<\/p>\n<p><strong><img decoding=\"async\" src=\"https:\/\/atalayar.com\/sites\/default\/files\/inline-images\/Atalayar_Paola%20F%C3%A9lix%20D%C3%ADaz%2C%20%281%29.jpeg\" alt=\"Atalayar_Paola F\u00e9lix D\u00edaz\" data-entity-type=\"file\" data-entity-uuid=\"a98979b9-570f-4cf8-8951-67646154f9b7\" \/><\/strong><\/p>\n<p><strong>Ahora mismo se puede viajar desde Espa\u00f1a hasta M\u00e9xico por motivos tur\u00edsticos, \u00bfno? Lo digo porque por ejemplo en Estados Unidos aun no se ha permitido esa circunstancia. \u00bfDesde Espa\u00f1a podemos viajar por turismo a Ciudad de M\u00e9xico por ejemplo?<\/strong><\/p>\n<p>Sin ning\u00fan problema. Quien quiera viajar de Espa\u00f1a a la Ciudad de M\u00e9xico lo puede hacer. Quiero dar este dato, la Ciudad de M\u00e9xico cuenta con el sello de turismo seguro que otorga el Consejo Mundial de Turismo que es el WTTC se llama \u201csafe travel stamp\u201d esto significa que la Ciudad de M\u00e9xico cuenta con los protocolos de sanidad que dicta la organizaci\u00f3n mundial de salud que tiene que ver con lo que ya he visto que ustedes tienen aqu\u00ed en Madrid, pues protocolos: el cubrebocas, usar gel, las pruebas de COVID\u2026 son m\u00e1s de 15 protocolos que se implementan en la Ciudad de M\u00e9xico y que hacen que la ciudad est\u00e9 lista para recibir al turismo. En este momento estamos en el sem\u00e1foro amarillo, esto significa que estamos a un paso del estar en el verde. Pero esto no significa que relajemos las medidas, lo que significa es que hay ocupaci\u00f3n hotelera, que los restaurantes est\u00e1n abiertos, que hay teatros, que hay cines, que hay cartelera de museos\u2026 Que la ciudad tiene actividades tur\u00edsticas y que tambi\u00e9n las empresas del sector, que tiene que ver con las c\u00e1maras de restaurantes, hoteleros, tour-operadores, agencias de viajes\u2026 est\u00e1n preparadas para recibir al turista internacional.<\/p>\n<p><strong>FITUR es la gran cita que Espa\u00f1a espera todos los a\u00f1os. M\u00e9xico es una parte siempre importante en FITUR.\u00a0<\/strong><\/p>\n<p>Es extraordinario; hemos generado colaboraci\u00f3n con los propios estados de la Rep\u00fablica y los destinos de playa, para que la primera visita sea la Ciudad de M\u00e9xico donde encuentras toda la tradici\u00f3n, la gastronom\u00eda, la cultura que compartimos. Estamos hermanados, Espa\u00f1a y M\u00e9xico est\u00e1n hermanados, compartimos una historia. Y en la Ciudad de M\u00e9xico puedes encontrar la parte colonial, la parte prehisp\u00e1nica, y despu\u00e9s de estar 4-5 d\u00edas en la Ciudad de M\u00e9xico puedes llegar a uno de estos destinos que puede ser Riviera Maya, que puede ser Tulum\u2026 ya mencionaban algunos los destinos que en verdad son lugares extraordinarios, pero que al final pueda haber una continuidad y el turismo se empiece a reactivar. Yo s\u00e9 que ustedes mejor que nadie saben la importancia del turismo y lo que representa la Ciudad de M\u00e9xico, representa el 8% del PIB y bueno, todo el 2020 que pr\u00e1cticamente estuvo detenido pues fue un golpe muy grande para todos desde los micros, medianos, grandes empresarios y ahora con esta reactivaci\u00f3n poco a poco vamos saliendo.<\/p>\n<p><strong><img decoding=\"async\" src=\"https:\/\/atalayar.com\/sites\/default\/files\/inline-images\/Atalayar_Paola%20F%C3%A9lix%20D%C3%ADaz%2C%20%282%29.jpeg\" alt=\"Atalayar_Paola F\u00e9lix D\u00edaz\" data-entity-type=\"file\" data-entity-uuid=\"9f6b70cd-1cc2-4da5-9b2c-9e9d188fd487\" \/><\/strong><\/p>\n<p><strong>Y lo que es la hospitalidad mejicana Paola\u2026 Los lazos familiares, hist\u00f3ricos entre Espa\u00f1a y M\u00e9xico son fant\u00e1sticos y la hospitalidad de los mexicanos cuando viajas all\u00ed es una maravilla.<\/strong><\/p>\n<p>Qu\u00e9 maravilla, la verdad es que s\u00ed. Una de las cosas que nos distingue es justamente eso, la hospitalidad, la calidez que tienen que tenemos los mexicanos, las mexicanas y bueno, sin duda alguna uno de los retos que me gustar\u00eda compartirles, que tiene la jefa de Gobierno, la doctora Claudia Sheinbaum, ha sido impulsar una campa\u00f1a de \u201cM\u00e9xico Tenochtitlan\u201d que son estos siete siglos de historia, de la historia de M\u00e9xico precolonial y las ra\u00edces de nuestro origen desde los Aztecas y todo lo que fue la parte de este gran imperio donde hab\u00eda un sistema econ\u00f3mico, hidr\u00e1ulico, de salud, pero que aparte va con este atractivo. Cuando t\u00fa llegas a la Ciudad de M\u00e9xico te encuentras un mundo, pero hay 16 Alcald\u00edas y en estas Alcald\u00edas te puedes encontrar lo que ahora va a ser un eje rector, el turismo de naturaleza. Espacios al aire libre, estos grandes parques, estas galer\u00edas, estos lugares de exposici\u00f3n con vistas extraordinarias y con un recorrido de rutas gastron\u00f3micas que se est\u00e1 inaugurando tambi\u00e9n que permite al turista experimentar algo totalmente nuevo y que va de la mano de la parte tambi\u00e9n digital que esa es, yo creo, uno de los principales \u201cpunch\u201d, de las cosas m\u00e1s fuertes que vamos a tener para promover a nuestros destinos.<\/p>\n<\/div>\n<\/div>\n<\/div>\n","protected":false},"excerpt":{"rendered":"<p>MEXICO | NOTI-AMERICA.COM www.atalayar.com Ciudad de M\u00e9xico est\u00e1 perfectamente preparada para recibir turistas Paola F\u00e9lix D\u00edaz, directora general del Fondo Mixto de Promoci\u00f3n Tur\u00edstica de Ciudad de M\u00e9xico, habl\u00f3 en Atalayar Radio sobre la&#46;&#46;&#46;<\/p>\n","protected":false},"author":2,"featured_media":6217,"comment_status":"open","ping_status":"open","sticky":false,"template":"","format":"standard","meta":{"_acf_changed":false,"om_disable_all_campaigns":false,"rop_custom_images_group":[],"rop_custom_messages_group":[],"rop_publish_now":"initial","rop_publish_now_accounts":{"twitter_242054905_242054905":""},"rop_publish_now_history":[],"rop_publish_now_status":"pending","_uf_show_specific_survey":0,"_uf_disable_surveys":false,"footnotes":""},"categories":[5],"tags":[],"class_list":["post-6216","post","type-post","status-publish","format-standard","has-post-thumbnail","hentry","category-economia"],"acf":[],"aioseo_notices":[],"yoast_head":"<!-- This site is optimized with the Yoast SEO Premium plugin v24.9 (Yoast SEO v27.2) - https:\/\/yoast.com\/product\/yoast-seo-premium-wordpress\/ -->\n<title>Ciudad de M\u00e9xico est\u00e1 perfectamente preparada para recibir turistas - M\u00e9xico<\/title>\n<meta name=\"robots\" content=\"index, follow, max-snippet:-1, max-image-preview:large, max-video-preview:-1\" \/>\n<link rel=\"canonical\" href=\"https:\/\/noti-america.com\/site\/mexico\/2021\/05\/18\/ciudad-de-mexico-esta-perfectamente-preparada-para-recibir-turistas\/\" \/>\n<meta property=\"og:locale\" content=\"es_ES\" \/>\n<meta property=\"og:type\" content=\"article\" \/>\n<meta property=\"og:title\" content=\"Ciudad de M\u00e9xico est\u00e1 perfectamente preparada para recibir turistas\" \/>\n<meta property=\"og:description\" content=\"MEXICO | NOTI-AMERICA.COM www.atalayar.com Ciudad de M\u00e9xico est\u00e1 perfectamente preparada para recibir turistas Paola F\u00e9lix D\u00edaz, directora general del Fondo Mixto de Promoci\u00f3n Tur\u00edstica de Ciudad de M\u00e9xico, habl\u00f3 en Atalayar Radio sobre la&#046;&#046;&#046;\" \/>\n<meta property=\"og:url\" content=\"https:\/\/noti-america.com\/site\/mexico\/2021\/05\/18\/ciudad-de-mexico-esta-perfectamente-preparada-para-recibir-turistas\/\" \/>\n<meta property=\"og:site_name\" content=\"M\u00e9xico\" \/>\n<meta property=\"article:published_time\" content=\"2021-05-18T20:50:15+00:00\" \/>\n<meta property=\"og:image\" content=\"https:\/\/noti-america.com\/site\/mexico\/wp-content\/uploads\/sites\/13\/2021\/05\/Atalayar_Ciudad-de-Mexico_1.jpg\" \/>\n\t<meta property=\"og:image:width\" content=\"813\" \/>\n\t<meta property=\"og:image:height\" content=\"558\" \/>\n\t<meta property=\"og:image:type\" content=\"image\/jpeg\" \/>\n<meta name=\"author\" content=\"rloaiza\" \/>\n<meta name=\"twitter:card\" content=\"summary_large_image\" \/>\n<meta name=\"twitter:label1\" content=\"Escrito por\" \/>\n\t<meta name=\"twitter:data1\" content=\"rloaiza\" \/>\n\t<meta name=\"twitter:label2\" content=\"Tiempo estimado de lectura\" \/>\n\t<meta name=\"twitter:data2\" content=\"6 minutos\" \/>\n<script type=\"application\/ld+json\" class=\"yoast-schema-graph\">{\"@context\":\"https:\/\/schema.org\",\"@graph\":[{\"@type\":\"Article\",\"@id\":\"https:\/\/noti-america.com\/site\/mexico\/2021\/05\/18\/ciudad-de-mexico-esta-perfectamente-preparada-para-recibir-turistas\/#article\",\"isPartOf\":{\"@id\":\"https:\/\/noti-america.com\/site\/mexico\/2021\/05\/18\/ciudad-de-mexico-esta-perfectamente-preparada-para-recibir-turistas\/\"},\"author\":{\"name\":\"rloaiza\",\"@id\":\"https:\/\/noti-america.com\/site\/mexico\/#\/schema\/person\/a2e478ba496331ce89bcd0c731cd6533\"},\"headline\":\"Ciudad de M\u00e9xico est\u00e1 perfectamente preparada para recibir turistas\",\"datePublished\":\"2021-05-18T20:50:15+00:00\",\"mainEntityOfPage\":{\"@id\":\"https:\/\/noti-america.com\/site\/mexico\/2021\/05\/18\/ciudad-de-mexico-esta-perfectamente-preparada-para-recibir-turistas\/\"},\"wordCount\":1127,\"commentCount\":0,\"publisher\":{\"@id\":\"https:\/\/noti-america.com\/site\/mexico\/#organization\"},\"image\":{\"@id\":\"https:\/\/noti-america.com\/site\/mexico\/2021\/05\/18\/ciudad-de-mexico-esta-perfectamente-preparada-para-recibir-turistas\/#primaryimage\"},\"thumbnailUrl\":\"https:\/\/noti-america.com\/site\/mexico\/wp-content\/uploads\/sites\/13\/2021\/05\/Atalayar_Ciudad-de-Mexico_1.jpg\",\"articleSection\":[\"Econom\u00eda\"],\"inLanguage\":\"es\",\"potentialAction\":[{\"@type\":\"CommentAction\",\"name\":\"Comment\",\"target\":[\"https:\/\/noti-america.com\/site\/mexico\/2021\/05\/18\/ciudad-de-mexico-esta-perfectamente-preparada-para-recibir-turistas\/#respond\"]}]},{\"@type\":\"WebPage\",\"@id\":\"https:\/\/noti-america.com\/site\/mexico\/2021\/05\/18\/ciudad-de-mexico-esta-perfectamente-preparada-para-recibir-turistas\/\",\"url\":\"https:\/\/noti-america.com\/site\/mexico\/2021\/05\/18\/ciudad-de-mexico-esta-perfectamente-preparada-para-recibir-turistas\/\",\"name\":\"Ciudad de M\u00e9xico est\u00e1 perfectamente preparada para recibir turistas - M\u00e9xico\",\"isPartOf\":{\"@id\":\"https:\/\/noti-america.com\/site\/mexico\/#website\"},\"primaryImageOfPage\":{\"@id\":\"https:\/\/noti-america.com\/site\/mexico\/2021\/05\/18\/ciudad-de-mexico-esta-perfectamente-preparada-para-recibir-turistas\/#primaryimage\"},\"image\":{\"@id\":\"https:\/\/noti-america.com\/site\/mexico\/2021\/05\/18\/ciudad-de-mexico-esta-perfectamente-preparada-para-recibir-turistas\/#primaryimage\"},\"thumbnailUrl\":\"https:\/\/noti-america.com\/site\/mexico\/wp-content\/uploads\/sites\/13\/2021\/05\/Atalayar_Ciudad-de-Mexico_1.jpg\",\"datePublished\":\"2021-05-18T20:50:15+00:00\",\"breadcrumb\":{\"@id\":\"https:\/\/noti-america.com\/site\/mexico\/2021\/05\/18\/ciudad-de-mexico-esta-perfectamente-preparada-para-recibir-turistas\/#breadcrumb\"},\"inLanguage\":\"es\",\"potentialAction\":[{\"@type\":\"ReadAction\",\"target\":[\"https:\/\/noti-america.com\/site\/mexico\/2021\/05\/18\/ciudad-de-mexico-esta-perfectamente-preparada-para-recibir-turistas\/\"]}]},{\"@type\":\"ImageObject\",\"inLanguage\":\"es\",\"@id\":\"https:\/\/noti-america.com\/site\/mexico\/2021\/05\/18\/ciudad-de-mexico-esta-perfectamente-preparada-para-recibir-turistas\/#primaryimage\",\"url\":\"https:\/\/noti-america.com\/site\/mexico\/wp-content\/uploads\/sites\/13\/2021\/05\/Atalayar_Ciudad-de-Mexico_1.jpg\",\"contentUrl\":\"https:\/\/noti-america.com\/site\/mexico\/wp-content\/uploads\/sites\/13\/2021\/05\/Atalayar_Ciudad-de-Mexico_1.jpg\",\"width\":813,\"height\":558},{\"@type\":\"BreadcrumbList\",\"@id\":\"https:\/\/noti-america.com\/site\/mexico\/2021\/05\/18\/ciudad-de-mexico-esta-perfectamente-preparada-para-recibir-turistas\/#breadcrumb\",\"itemListElement\":[{\"@type\":\"ListItem\",\"position\":1,\"name\":\"Portada\",\"item\":\"https:\/\/noti-america.com\/site\/mexico\/\"},{\"@type\":\"ListItem\",\"position\":2,\"name\":\"Ciudad de M\u00e9xico est\u00e1 perfectamente preparada para recibir turistas\"}]},{\"@type\":\"WebSite\",\"@id\":\"https:\/\/noti-america.com\/site\/mexico\/#website\",\"url\":\"https:\/\/noti-america.com\/site\/mexico\/\",\"name\":\"M\u00e9xico | Noti-America.com\",\"description\":\"\",\"publisher\":{\"@id\":\"https:\/\/noti-america.com\/site\/mexico\/#organization\"},\"potentialAction\":[{\"@type\":\"SearchAction\",\"target\":{\"@type\":\"EntryPoint\",\"urlTemplate\":\"https:\/\/noti-america.com\/site\/mexico\/?s={search_term_string}\"},\"query-input\":{\"@type\":\"PropertyValueSpecification\",\"valueRequired\":true,\"valueName\":\"search_term_string\"}}],\"inLanguage\":\"es\"},{\"@type\":\"Organization\",\"@id\":\"https:\/\/noti-america.com\/site\/mexico\/#organization\",\"name\":\"Noti-America LLC | M\u00e9xico\",\"url\":\"https:\/\/noti-america.com\/site\/mexico\/\",\"logo\":{\"@type\":\"ImageObject\",\"inLanguage\":\"es\",\"@id\":\"https:\/\/noti-america.com\/site\/mexico\/#\/schema\/logo\/image\/\",\"url\":\"https:\/\/noti-america.com\/site\/mexico\/wp-content\/uploads\/sites\/13\/2020\/07\/LogoNA-4x3-1.jpg\",\"contentUrl\":\"https:\/\/noti-america.com\/site\/mexico\/wp-content\/uploads\/sites\/13\/2020\/07\/LogoNA-4x3-1.jpg\",\"width\":1236,\"height\":1080,\"caption\":\"Noti-America LLC | M\u00e9xico\"},\"image\":{\"@id\":\"https:\/\/noti-america.com\/site\/mexico\/#\/schema\/logo\/image\/\"}},{\"@type\":\"Person\",\"@id\":\"https:\/\/noti-america.com\/site\/mexico\/#\/schema\/person\/a2e478ba496331ce89bcd0c731cd6533\",\"name\":\"rloaiza\",\"image\":{\"@type\":\"ImageObject\",\"inLanguage\":\"es\",\"@id\":\"https:\/\/secure.gravatar.com\/avatar\/190058e5d4427934610b99c45aa7a6558806850adedd53ddeddd194b04773e22?s=96&d=mm&r=g\",\"url\":\"https:\/\/secure.gravatar.com\/avatar\/190058e5d4427934610b99c45aa7a6558806850adedd53ddeddd194b04773e22?s=96&d=mm&r=g\",\"contentUrl\":\"https:\/\/secure.gravatar.com\/avatar\/190058e5d4427934610b99c45aa7a6558806850adedd53ddeddd194b04773e22?s=96&d=mm&r=g\",\"caption\":\"rloaiza\"},\"url\":\"https:\/\/noti-america.com\/site\/mexico\/author\/rloaiza\/\"}]}<\/script>\n<!-- \/ Yoast SEO Premium plugin. -->","yoast_head_json":{"title":"Ciudad de M\u00e9xico est\u00e1 perfectamente preparada para recibir turistas - M\u00e9xico","robots":{"index":"index","follow":"follow","max-snippet":"max-snippet:-1","max-image-preview":"max-image-preview:large","max-video-preview":"max-video-preview:-1"},"canonical":"https:\/\/noti-america.com\/site\/mexico\/2021\/05\/18\/ciudad-de-mexico-esta-perfectamente-preparada-para-recibir-turistas\/","og_locale":"es_ES","og_type":"article","og_title":"Ciudad de M\u00e9xico est\u00e1 perfectamente preparada para recibir turistas","og_description":"MEXICO | NOTI-AMERICA.COM www.atalayar.com Ciudad de M\u00e9xico est\u00e1 perfectamente preparada para recibir turistas Paola F\u00e9lix D\u00edaz, directora general del Fondo Mixto de Promoci\u00f3n Tur\u00edstica de Ciudad de M\u00e9xico, habl\u00f3 en Atalayar Radio sobre la&#46;&#46;&#46;","og_url":"https:\/\/noti-america.com\/site\/mexico\/2021\/05\/18\/ciudad-de-mexico-esta-perfectamente-preparada-para-recibir-turistas\/","og_site_name":"M\u00e9xico","article_published_time":"2021-05-18T20:50:15+00:00","og_image":[{"width":813,"height":558,"url":"https:\/\/noti-america.com\/site\/mexico\/wp-content\/uploads\/sites\/13\/2021\/05\/Atalayar_Ciudad-de-Mexico_1.jpg","type":"image\/jpeg"}],"author":"rloaiza","twitter_card":"summary_large_image","twitter_misc":{"Escrito por":"rloaiza","Tiempo estimado de lectura":"6 minutos"},"schema":{"@context":"https:\/\/schema.org","@graph":[{"@type":"Article","@id":"https:\/\/noti-america.com\/site\/mexico\/2021\/05\/18\/ciudad-de-mexico-esta-perfectamente-preparada-para-recibir-turistas\/#article","isPartOf":{"@id":"https:\/\/noti-america.com\/site\/mexico\/2021\/05\/18\/ciudad-de-mexico-esta-perfectamente-preparada-para-recibir-turistas\/"},"author":{"name":"rloaiza","@id":"https:\/\/noti-america.com\/site\/mexico\/#\/schema\/person\/a2e478ba496331ce89bcd0c731cd6533"},"headline":"Ciudad de M\u00e9xico est\u00e1 perfectamente preparada para recibir turistas","datePublished":"2021-05-18T20:50:15+00:00","mainEntityOfPage":{"@id":"https:\/\/noti-america.com\/site\/mexico\/2021\/05\/18\/ciudad-de-mexico-esta-perfectamente-preparada-para-recibir-turistas\/"},"wordCount":1127,"commentCount":0,"publisher":{"@id":"https:\/\/noti-america.com\/site\/mexico\/#organization"},"image":{"@id":"https:\/\/noti-america.com\/site\/mexico\/2021\/05\/18\/ciudad-de-mexico-esta-perfectamente-preparada-para-recibir-turistas\/#primaryimage"},"thumbnailUrl":"https:\/\/noti-america.com\/site\/mexico\/wp-content\/uploads\/sites\/13\/2021\/05\/Atalayar_Ciudad-de-Mexico_1.jpg","articleSection":["Econom\u00eda"],"inLanguage":"es","potentialAction":[{"@type":"CommentAction","name":"Comment","target":["https:\/\/noti-america.com\/site\/mexico\/2021\/05\/18\/ciudad-de-mexico-esta-perfectamente-preparada-para-recibir-turistas\/#respond"]}]},{"@type":"WebPage","@id":"https:\/\/noti-america.com\/site\/mexico\/2021\/05\/18\/ciudad-de-mexico-esta-perfectamente-preparada-para-recibir-turistas\/","url":"https:\/\/noti-america.com\/site\/mexico\/2021\/05\/18\/ciudad-de-mexico-esta-perfectamente-preparada-para-recibir-turistas\/","name":"Ciudad de M\u00e9xico est\u00e1 perfectamente preparada para recibir turistas - M\u00e9xico","isPartOf":{"@id":"https:\/\/noti-america.com\/site\/mexico\/#website"},"primaryImageOfPage":{"@id":"https:\/\/noti-america.com\/site\/mexico\/2021\/05\/18\/ciudad-de-mexico-esta-perfectamente-preparada-para-recibir-turistas\/#primaryimage"},"image":{"@id":"https:\/\/noti-america.com\/site\/mexico\/2021\/05\/18\/ciudad-de-mexico-esta-perfectamente-preparada-para-recibir-turistas\/#primaryimage"},"thumbnailUrl":"https:\/\/noti-america.com\/site\/mexico\/wp-content\/uploads\/sites\/13\/2021\/05\/Atalayar_Ciudad-de-Mexico_1.jpg","datePublished":"2021-05-18T20:50:15+00:00","breadcrumb":{"@id":"https:\/\/noti-america.com\/site\/mexico\/2021\/05\/18\/ciudad-de-mexico-esta-perfectamente-preparada-para-recibir-turistas\/#breadcrumb"},"inLanguage":"es","potentialAction":[{"@type":"ReadAction","target":["https:\/\/noti-america.com\/site\/mexico\/2021\/05\/18\/ciudad-de-mexico-esta-perfectamente-preparada-para-recibir-turistas\/"]}]},{"@type":"ImageObject","inLanguage":"es","@id":"https:\/\/noti-america.com\/site\/mexico\/2021\/05\/18\/ciudad-de-mexico-esta-perfectamente-preparada-para-recibir-turistas\/#primaryimage","url":"https:\/\/noti-america.com\/site\/mexico\/wp-content\/uploads\/sites\/13\/2021\/05\/Atalayar_Ciudad-de-Mexico_1.jpg","contentUrl":"https:\/\/noti-america.com\/site\/mexico\/wp-content\/uploads\/sites\/13\/2021\/05\/Atalayar_Ciudad-de-Mexico_1.jpg","width":813,"height":558},{"@type":"BreadcrumbList","@id":"https:\/\/noti-america.com\/site\/mexico\/2021\/05\/18\/ciudad-de-mexico-esta-perfectamente-preparada-para-recibir-turistas\/#breadcrumb","itemListElement":[{"@type":"ListItem","position":1,"name":"Portada","item":"https:\/\/noti-america.com\/site\/mexico\/"},{"@type":"ListItem","position":2,"name":"Ciudad de M\u00e9xico est\u00e1 perfectamente preparada para recibir turistas"}]},{"@type":"WebSite","@id":"https:\/\/noti-america.com\/site\/mexico\/#website","url":"https:\/\/noti-america.com\/site\/mexico\/","name":"M\u00e9xico | Noti-America.com","description":"","publisher":{"@id":"https:\/\/noti-america.com\/site\/mexico\/#organization"},"potentialAction":[{"@type":"SearchAction","target":{"@type":"EntryPoint","urlTemplate":"https:\/\/noti-america.com\/site\/mexico\/?s={search_term_string}"},"query-input":{"@type":"PropertyValueSpecification","valueRequired":true,"valueName":"search_term_string"}}],"inLanguage":"es"},{"@type":"Organization","@id":"https:\/\/noti-america.com\/site\/mexico\/#organization","name":"Noti-America LLC | M\u00e9xico","url":"https:\/\/noti-america.com\/site\/mexico\/","logo":{"@type":"ImageObject","inLanguage":"es","@id":"https:\/\/noti-america.com\/site\/mexico\/#\/schema\/logo\/image\/","url":"https:\/\/noti-america.com\/site\/mexico\/wp-content\/uploads\/sites\/13\/2020\/07\/LogoNA-4x3-1.jpg","contentUrl":"https:\/\/noti-america.com\/site\/mexico\/wp-content\/uploads\/sites\/13\/2020\/07\/LogoNA-4x3-1.jpg","width":1236,"height":1080,"caption":"Noti-America LLC | M\u00e9xico"},"image":{"@id":"https:\/\/noti-america.com\/site\/mexico\/#\/schema\/logo\/image\/"}},{"@type":"Person","@id":"https:\/\/noti-america.com\/site\/mexico\/#\/schema\/person\/a2e478ba496331ce89bcd0c731cd6533","name":"rloaiza","image":{"@type":"ImageObject","inLanguage":"es","@id":"https:\/\/secure.gravatar.com\/avatar\/190058e5d4427934610b99c45aa7a6558806850adedd53ddeddd194b04773e22?s=96&d=mm&r=g","url":"https:\/\/secure.gravatar.com\/avatar\/190058e5d4427934610b99c45aa7a6558806850adedd53ddeddd194b04773e22?s=96&d=mm&r=g","contentUrl":"https:\/\/secure.gravatar.com\/avatar\/190058e5d4427934610b99c45aa7a6558806850adedd53ddeddd194b04773e22?s=96&d=mm&r=g","caption":"rloaiza"},"url":"https:\/\/noti-america.com\/site\/mexico\/author\/rloaiza\/"}]}},"_links":{"self":[{"href":"https:\/\/noti-america.com\/site\/mexico\/wp-json\/wp\/v2\/posts\/6216","targetHints":{"allow":["GET"]}}],"collection":[{"href":"https:\/\/noti-america.com\/site\/mexico\/wp-json\/wp\/v2\/posts"}],"about":[{"href":"https:\/\/noti-america.com\/site\/mexico\/wp-json\/wp\/v2\/types\/post"}],"author":[{"embeddable":true,"href":"https:\/\/noti-america.com\/site\/mexico\/wp-json\/wp\/v2\/users\/2"}],"replies":[{"embeddable":true,"href":"https:\/\/noti-america.com\/site\/mexico\/wp-json\/wp\/v2\/comments?post=6216"}],"version-history":[{"count":0,"href":"https:\/\/noti-america.com\/site\/mexico\/wp-json\/wp\/v2\/posts\/6216\/revisions"}],"wp:featuredmedia":[{"embeddable":true,"href":"https:\/\/noti-america.com\/site\/mexico\/wp-json\/wp\/v2\/media\/6217"}],"wp:attachment":[{"href":"https:\/\/noti-america.com\/site\/mexico\/wp-json\/wp\/v2\/media?parent=6216"}],"wp:term":[{"taxonomy":"category","embeddable":true,"href":"https:\/\/noti-america.com\/site\/mexico\/wp-json\/wp\/v2\/categories?post=6216"},{"taxonomy":"post_tag","embeddable":true,"href":"https:\/\/noti-america.com\/site\/mexico\/wp-json\/wp\/v2\/tags?post=6216"}],"curies":[{"name":"wp","href":"https:\/\/api.w.org\/{rel}","templated":true}]}}