{"id":6166,"date":"2021-05-02T13:36:30","date_gmt":"2021-05-02T13:36:30","guid":{"rendered":"https:\/\/noti-america.com\/site\/mexico\/2021\/05\/02\/la-sequia-en-mexico-se-extiende-y-podria-acabar-con-la-produccion-agraria-en-pocas-semanas\/"},"modified":"2021-05-02T13:36:30","modified_gmt":"2021-05-02T13:36:30","slug":"la-sequia-en-mexico-se-extiende-y-podria-acabar-con-la-produccion-agraria-en-pocas-semanas","status":"publish","type":"post","link":"https:\/\/noti-america.com\/site\/mexico\/2021\/05\/02\/la-sequia-en-mexico-se-extiende-y-podria-acabar-con-la-produccion-agraria-en-pocas-semanas\/","title":{"rendered":"La sequ\u00eda en M\u00e9xico se extiende y podr\u00eda acabar con la producci\u00f3n agraria en pocas semanas"},"content":{"rendered":"<p>NOTI-AMERICA | MEXICO<\/p>\n<div class=\"post-top\">\n<h1 class=\"post-title\">La sequ\u00eda en M\u00e9xico se extiende y podr\u00eda acabar con la producci\u00f3n agraria en pocas semanas<\/h1>\n<div class=\"field field--name-field-subtitulo field--type-string field--label-hidden field__item\">La econom\u00eda del pa\u00eds centroamericano se encuentra en una situaci\u00f3n cr\u00edtica por las altas temperaturas y la escasez de lluvia<\/div>\n<div class=\"field field--name-field-autor field--type-entity-reference field--label-hidden field__item\"><a href=\"https:\/\/atalayar.com\/taxonomy\/term\/1368\" hreflang=\"es\">Christian Griot<\/a><\/div>\n<\/div>\n<div class=\"post-thumbnail\">\n<div class=\"field field--name-field-image field--type-image field--label-hidden field__item\"><img decoding=\"async\" src=\"https:\/\/atalayar.com\/sites\/default\/files\/styles\/foto_\/public\/noticias\/PORTADA_67.jpg?itok=aOkTbZ-z\" alt=\"Tierra agrietada recubre las orillas de la presa Villa Victoria, el principal suministro de agua para los residentes de la Ciudad de M\u00e9xico, en las afueras de Toluca, M\u00e9xico, el 22 de abril de 2021 AP\/FERNANDO LLANO\" \/><\/div>\n<div class=\"pie-foto\">\n<p><strong>AP\/FERNANDO LLANO\u00a0<\/strong>\u00a0&#8211; \u00a0 Tierra agrietada recubre las orillas de la presa Villa Victoria, el principal suministro de agua para los residentes de la Ciudad de M\u00e9xico, en las afueras de Toluca, M\u00e9xico, el 22 de abril de 2021<\/p>\n<\/div>\n<\/div>\n<div class=\"post-content\">\n<div class=\"node__content clearfix\">\n<div class=\"field field--name-body field--type-text-with-summary field--label-hidden field__item\">\n<p>Las faltas de lluvias, el cambio topogr\u00e1fico y la poca capacidad de respuestas de las instituciones del Estado est\u00e1n condenando a M\u00e9xico a tener una p\u00e9rdida en el sector de la agricultura y unas consecuencias sociales devastadoras.\u00a0<strong>El 84% del territorio nacional mexicano est\u00e1 siendo afectado por esta sequ\u00eda, las producciones agr\u00edcolas podr\u00edan sobrevivir dependiendo de la cantidad de agua que se pueda acumular en lo que queda de a\u00f1o.<\/strong>\u00a0El a\u00f1o pasado, las lluvias no pudieron abastecer a todo el conjunto de presas, provocando que m\u00e1s de 200 presas se encontraran por debajo del 50% de acumulaci\u00f3n de agua, y 61 de ellas se encuentran en estado cr\u00edtico con un menos de un 25%.<\/p>\n<p>El Estado mexicano, no ha podido evolucionar con respecto a c\u00f3mo resolver este tipo de problemas.\u00a0<strong>En 2011, la sequ\u00eda provoc\u00f3 una hambruna en el estado de Chihuahua, durante ese momento M\u00e9xico ten\u00eda un 95% de afectaci\u00f3n en todo el territorio nacional, hoy en d\u00eda hay un 84%, tan solo a 10 puntos del peor escenario<\/strong>. Seg\u00fan los datos del Grupo Consultor de Mercados Agr\u00edcolas (GCMA), se establece que siete de los 32 estados del pa\u00eds se encuentran en condiciones desfavorables; \u201clos niveles en muchas de las presas del pa\u00eds son muy bajos, principalmente en los estados de Sinaloa, Tamaulipas y Chihuahua y tambi\u00e9n en la regi\u00f3n del Baj\u00edo; la falta de agua en las zonas de riego es un tema muy preocupante\u201d, dijo Juan Carlos Anaya, presidente de la GCMA, a la agencia EFE.<\/p>\n<figure role=\"group\"><img decoding=\"async\" src=\"https:\/\/atalayar.com\/sites\/default\/files\/inline-images\/Atalayar_Mexico%20sequia%20%281%29.jpg\" alt=\"Una embarcaci\u00f3n permanece inactiva en las orillas de la presa Villa Victoria, el principal suministro de agua para los habitantes de la Ciudad de M\u00e9xico, en las afueras de Toluca, M\u00e9xico, el 22 de abril de 2021 AP\/FERNANDO LLANO\" data-entity-type=\"file\" data-entity-uuid=\"43b77192-3745-4013-a463-742b167ca5d0\" \/><figcaption>AP\/FERNANDO LLANO-Una embarcaci\u00f3n permanece inactiva en las orillas de la presa Villa Victoria, el principal suministro de agua para los habitantes de la Ciudad de M\u00e9xico, en las afueras de Toluca, M\u00e9xico, el 22 de abril de 2021<\/figcaption><\/figure>\n<p><strong>El fen\u00f3meno \u2018La Ni\u00f1a\u2019 es el efecto clim\u00e1tico que ha ocasionado la escasez de lluvia en estas zonas del planeta, que afecta de manera directa a las econ\u00f3micas de los estados, ya que tienen una pol\u00edtica econ\u00f3mica con un sector primario muy fuerte<\/strong>. \u2018La Ni\u00f1a\u2019 afect\u00f3 a Brasil, Argentina, Estados Unidos y M\u00e9xico. \u201cLa sequ\u00eda afectar\u00e1 la producci\u00f3n de granos b\u00e1sicos, pero tambi\u00e9n a la ca\u00f1a de az\u00facar y otros productos agr\u00edcolas. Adem\u00e1s de ganaderos, lo que provocar\u00e1 un da\u00f1o a los productores, \u2026. vamos a tener un fuerte impacto en el sector y por estados ser\u00e1 menos o m\u00e1s grave, pero en un 70% del territorio vemos situaciones que no ve\u00edamos desde hace una d\u00e9cada\u201d, dijo Anaya.<\/p>\n<p>Blanca Jim\u00e9nez, directora de CONAGUA, la instituci\u00f3n p\u00fablica encargada de las distribuciones de aguas, explic\u00f3 que<strong>\u00a0el problema de la sequ\u00eda proviene del d\u00e9ficit de lluvias en 2020, que representa un 3% \u00a0menos que en el 2019<\/strong>, y que durante la pandemia se gener\u00f3 una demanda adicional de suministro de agua, dentro de las grandes ciudades que tienen una alta demanda, \u201cel almacenamiento de las presas m\u00e1s importantes del pa\u00eds se vio afectado; una sequ\u00eda en un desierto es normal y no es un problema pero una sequ\u00eda en zonas altamente pobladas o agr\u00edcolas es preocupante\u201d, dijo Jim\u00e9nez a la agencia EFE.<\/p>\n<figure role=\"group\"><img decoding=\"async\" src=\"https:\/\/atalayar.com\/sites\/default\/files\/inline-images\/Atalayar_Mexico%20sequia%20%285%29.jpg\" alt=\"Un hombre llena un tanque de agua dentro de una casa para el uso diario, ya que la Ciudad de M\u00e9xico y el \u00e1rea metropolitana se est\u00e1 quedando sin agua mientras la sequ\u00eda se apodera de la ciudad de casi 22 millones de personas en Ecatepec, Estado de M\u00e9xico, M\u00e9xico 21 de abril de 2021 REUTERS\/CARLOS JASSO\" data-entity-type=\"file\" data-entity-uuid=\"8996bc9d-a74b-4ef7-a872-018ec4e484fa\" \/><figcaption>REUTERS\/CARLOS JASSO-Un hombre llena un tanque de agua dentro de una casa para el uso diario, ya que la Ciudad de M\u00e9xico y el \u00e1rea metropolitana se est\u00e1 quedando sin agua mientras la sequ\u00eda se apodera de la ciudad de casi 22 millones de personas en Ecatepec, Estado de M\u00e9xico, M\u00e9xico 21 de abril de 2021<\/figcaption><\/figure>\n<p><strong>El monitoreo de este fen\u00f3meno indica que unos 1.295 municipios en el pa\u00eds sufrir\u00e1n una \u201csequ\u00eda moderada\u201c, mientras unos 488 tendr\u00e1n una situaci\u00f3n \u201canormal seca\u201c.<\/strong>\u00a0\u00a0Este problema se podr\u00eda empeorar, M\u00e9xico debe buscar medidas de prevenci\u00f3n y mitigaci\u00f3n como el ahorro del l\u00edquido, y c\u00f3mo se debe prevenir el despilfarro de agua en los hogares. Las regiones m\u00e1s afectadas ser\u00e1n en la zona del noroeste y noreste del pa\u00eds, como Guanajuato, Michoac\u00e1n, Guerrero y la costa de Oaxaca. Actualmente se han registrado 80 incendios forestales, afectando 17.524 hect\u00e1reas.<\/p>\n<p>El 76% del uso del agua en M\u00e9xico se destina, al uso agr\u00edcola, el 14% para el uso domestico, y el resto para la industria y electricidad, el acceso a este recurso no es sostenible en el tiempo si no se cambia el modelo. Judith Dom\u00ednguez, coordinadora del Observatorio de Seguridad H\u00eddrica, le comento al diario El Pa\u00eds:<strong>\u00a0\u201cEstamos mejor preparados con informaci\u00f3n, pero al final todo est\u00e1 sujeto a decisiones pol\u00edticas y espont\u00e1neas cuando tendr\u00edan que ser decisiones preventivas con criterios t\u00e9cnicos\u201d.<\/strong>\u00a0Ella sugiere que se debe prever la sequ\u00eda con anticipaci\u00f3n, y, de esta manera, se podr\u00eda reducir el consumo de agua domestico y agr\u00edcola para poder ahorrar para los momentos mas dif\u00edciles.<\/p>\n<p><em>Coordinador Am\u00e9rica Latina:\u00a0<strong>Jos\u00e9 Antonio Sierra<\/strong><\/em><\/p>\n<\/div>\n<\/div>\n<\/div>\n","protected":false},"excerpt":{"rendered":"<p>NOTI-AMERICA | MEXICO La sequ\u00eda en M\u00e9xico se extiende y podr\u00eda acabar con la producci\u00f3n agraria en pocas semanas La econom\u00eda del pa\u00eds centroamericano se encuentra en una situaci\u00f3n cr\u00edtica por las altas temperaturas&#46;&#46;&#46;<\/p>\n","protected":false},"author":2,"featured_media":6167,"comment_status":"open","ping_status":"open","sticky":false,"template":"","format":"standard","meta":{"_acf_changed":false,"om_disable_all_campaigns":false,"rop_custom_images_group":[],"rop_custom_messages_group":[],"rop_publish_now":"initial","rop_publish_now_accounts":{"twitter_242054905_242054905":""},"rop_publish_now_history":[],"rop_publish_now_status":"pending","_uf_show_specific_survey":0,"_uf_disable_surveys":false,"footnotes":""},"categories":[5],"tags":[],"class_list":["post-6166","post","type-post","status-publish","format-standard","has-post-thumbnail","hentry","category-economia"],"acf":[],"aioseo_notices":[],"yoast_head":"<!-- This site is optimized with the Yoast SEO Premium plugin v24.9 (Yoast SEO v27.2) - https:\/\/yoast.com\/product\/yoast-seo-premium-wordpress\/ -->\n<title>La sequ\u00eda en M\u00e9xico se extiende y podr\u00eda acabar con la producci\u00f3n agraria en pocas semanas - M\u00e9xico<\/title>\n<meta name=\"robots\" content=\"index, follow, max-snippet:-1, max-image-preview:large, max-video-preview:-1\" \/>\n<link rel=\"canonical\" href=\"https:\/\/noti-america.com\/site\/mexico\/2021\/05\/02\/la-sequia-en-mexico-se-extiende-y-podria-acabar-con-la-produccion-agraria-en-pocas-semanas\/\" \/>\n<meta property=\"og:locale\" content=\"es_ES\" \/>\n<meta property=\"og:type\" content=\"article\" \/>\n<meta property=\"og:title\" content=\"La sequ\u00eda en M\u00e9xico se extiende y podr\u00eda acabar con la producci\u00f3n agraria en pocas semanas\" \/>\n<meta property=\"og:description\" content=\"NOTI-AMERICA | MEXICO La sequ\u00eda en M\u00e9xico se extiende y podr\u00eda acabar con la producci\u00f3n agraria en pocas semanas La econom\u00eda del pa\u00eds centroamericano se encuentra en una situaci\u00f3n cr\u00edtica por las altas temperaturas&#046;&#046;&#046;\" \/>\n<meta property=\"og:url\" content=\"https:\/\/noti-america.com\/site\/mexico\/2021\/05\/02\/la-sequia-en-mexico-se-extiende-y-podria-acabar-con-la-produccion-agraria-en-pocas-semanas\/\" \/>\n<meta property=\"og:site_name\" content=\"M\u00e9xico\" \/>\n<meta property=\"article:published_time\" content=\"2021-05-02T13:36:30+00:00\" \/>\n<meta property=\"og:image\" content=\"https:\/\/noti-america.com\/site\/mexico\/wp-content\/uploads\/sites\/13\/2021\/05\/SEQUIA.jpg\" \/>\n\t<meta property=\"og:image:width\" content=\"813\" \/>\n\t<meta property=\"og:image:height\" content=\"558\" \/>\n\t<meta property=\"og:image:type\" content=\"image\/jpeg\" \/>\n<meta name=\"author\" content=\"rloaiza\" \/>\n<meta name=\"twitter:card\" content=\"summary_large_image\" \/>\n<meta name=\"twitter:label1\" content=\"Escrito por\" \/>\n\t<meta name=\"twitter:data1\" content=\"rloaiza\" \/>\n\t<meta name=\"twitter:label2\" content=\"Tiempo estimado de lectura\" \/>\n\t<meta name=\"twitter:data2\" content=\"5 minutos\" \/>\n<script type=\"application\/ld+json\" class=\"yoast-schema-graph\">{\"@context\":\"https:\/\/schema.org\",\"@graph\":[{\"@type\":\"Article\",\"@id\":\"https:\/\/noti-america.com\/site\/mexico\/2021\/05\/02\/la-sequia-en-mexico-se-extiende-y-podria-acabar-con-la-produccion-agraria-en-pocas-semanas\/#article\",\"isPartOf\":{\"@id\":\"https:\/\/noti-america.com\/site\/mexico\/2021\/05\/02\/la-sequia-en-mexico-se-extiende-y-podria-acabar-con-la-produccion-agraria-en-pocas-semanas\/\"},\"author\":{\"name\":\"rloaiza\",\"@id\":\"https:\/\/noti-america.com\/site\/mexico\/#\/schema\/person\/a2e478ba496331ce89bcd0c731cd6533\"},\"headline\":\"La sequ\u00eda en M\u00e9xico se extiende y podr\u00eda acabar con la producci\u00f3n agraria en pocas semanas\",\"datePublished\":\"2021-05-02T13:36:30+00:00\",\"mainEntityOfPage\":{\"@id\":\"https:\/\/noti-america.com\/site\/mexico\/2021\/05\/02\/la-sequia-en-mexico-se-extiende-y-podria-acabar-con-la-produccion-agraria-en-pocas-semanas\/\"},\"wordCount\":952,\"commentCount\":0,\"publisher\":{\"@id\":\"https:\/\/noti-america.com\/site\/mexico\/#organization\"},\"image\":{\"@id\":\"https:\/\/noti-america.com\/site\/mexico\/2021\/05\/02\/la-sequia-en-mexico-se-extiende-y-podria-acabar-con-la-produccion-agraria-en-pocas-semanas\/#primaryimage\"},\"thumbnailUrl\":\"https:\/\/noti-america.com\/site\/mexico\/wp-content\/uploads\/sites\/13\/2021\/05\/SEQUIA.jpg\",\"articleSection\":[\"Econom\u00eda\"],\"inLanguage\":\"es\",\"potentialAction\":[{\"@type\":\"CommentAction\",\"name\":\"Comment\",\"target\":[\"https:\/\/noti-america.com\/site\/mexico\/2021\/05\/02\/la-sequia-en-mexico-se-extiende-y-podria-acabar-con-la-produccion-agraria-en-pocas-semanas\/#respond\"]}]},{\"@type\":\"WebPage\",\"@id\":\"https:\/\/noti-america.com\/site\/mexico\/2021\/05\/02\/la-sequia-en-mexico-se-extiende-y-podria-acabar-con-la-produccion-agraria-en-pocas-semanas\/\",\"url\":\"https:\/\/noti-america.com\/site\/mexico\/2021\/05\/02\/la-sequia-en-mexico-se-extiende-y-podria-acabar-con-la-produccion-agraria-en-pocas-semanas\/\",\"name\":\"La sequ\u00eda en M\u00e9xico se extiende y podr\u00eda acabar con la producci\u00f3n agraria en pocas semanas - M\u00e9xico\",\"isPartOf\":{\"@id\":\"https:\/\/noti-america.com\/site\/mexico\/#website\"},\"primaryImageOfPage\":{\"@id\":\"https:\/\/noti-america.com\/site\/mexico\/2021\/05\/02\/la-sequia-en-mexico-se-extiende-y-podria-acabar-con-la-produccion-agraria-en-pocas-semanas\/#primaryimage\"},\"image\":{\"@id\":\"https:\/\/noti-america.com\/site\/mexico\/2021\/05\/02\/la-sequia-en-mexico-se-extiende-y-podria-acabar-con-la-produccion-agraria-en-pocas-semanas\/#primaryimage\"},\"thumbnailUrl\":\"https:\/\/noti-america.com\/site\/mexico\/wp-content\/uploads\/sites\/13\/2021\/05\/SEQUIA.jpg\",\"datePublished\":\"2021-05-02T13:36:30+00:00\",\"breadcrumb\":{\"@id\":\"https:\/\/noti-america.com\/site\/mexico\/2021\/05\/02\/la-sequia-en-mexico-se-extiende-y-podria-acabar-con-la-produccion-agraria-en-pocas-semanas\/#breadcrumb\"},\"inLanguage\":\"es\",\"potentialAction\":[{\"@type\":\"ReadAction\",\"target\":[\"https:\/\/noti-america.com\/site\/mexico\/2021\/05\/02\/la-sequia-en-mexico-se-extiende-y-podria-acabar-con-la-produccion-agraria-en-pocas-semanas\/\"]}]},{\"@type\":\"ImageObject\",\"inLanguage\":\"es\",\"@id\":\"https:\/\/noti-america.com\/site\/mexico\/2021\/05\/02\/la-sequia-en-mexico-se-extiende-y-podria-acabar-con-la-produccion-agraria-en-pocas-semanas\/#primaryimage\",\"url\":\"https:\/\/noti-america.com\/site\/mexico\/wp-content\/uploads\/sites\/13\/2021\/05\/SEQUIA.jpg\",\"contentUrl\":\"https:\/\/noti-america.com\/site\/mexico\/wp-content\/uploads\/sites\/13\/2021\/05\/SEQUIA.jpg\",\"width\":813,\"height\":558},{\"@type\":\"BreadcrumbList\",\"@id\":\"https:\/\/noti-america.com\/site\/mexico\/2021\/05\/02\/la-sequia-en-mexico-se-extiende-y-podria-acabar-con-la-produccion-agraria-en-pocas-semanas\/#breadcrumb\",\"itemListElement\":[{\"@type\":\"ListItem\",\"position\":1,\"name\":\"Portada\",\"item\":\"https:\/\/noti-america.com\/site\/mexico\/\"},{\"@type\":\"ListItem\",\"position\":2,\"name\":\"La sequ\u00eda en M\u00e9xico se extiende y podr\u00eda acabar con la producci\u00f3n agraria en pocas semanas\"}]},{\"@type\":\"WebSite\",\"@id\":\"https:\/\/noti-america.com\/site\/mexico\/#website\",\"url\":\"https:\/\/noti-america.com\/site\/mexico\/\",\"name\":\"M\u00e9xico | Noti-America.com\",\"description\":\"\",\"publisher\":{\"@id\":\"https:\/\/noti-america.com\/site\/mexico\/#organization\"},\"potentialAction\":[{\"@type\":\"SearchAction\",\"target\":{\"@type\":\"EntryPoint\",\"urlTemplate\":\"https:\/\/noti-america.com\/site\/mexico\/?s={search_term_string}\"},\"query-input\":{\"@type\":\"PropertyValueSpecification\",\"valueRequired\":true,\"valueName\":\"search_term_string\"}}],\"inLanguage\":\"es\"},{\"@type\":\"Organization\",\"@id\":\"https:\/\/noti-america.com\/site\/mexico\/#organization\",\"name\":\"Noti-America LLC | M\u00e9xico\",\"url\":\"https:\/\/noti-america.com\/site\/mexico\/\",\"logo\":{\"@type\":\"ImageObject\",\"inLanguage\":\"es\",\"@id\":\"https:\/\/noti-america.com\/site\/mexico\/#\/schema\/logo\/image\/\",\"url\":\"https:\/\/noti-america.com\/site\/mexico\/wp-content\/uploads\/sites\/13\/2020\/07\/LogoNA-4x3-1.jpg\",\"contentUrl\":\"https:\/\/noti-america.com\/site\/mexico\/wp-content\/uploads\/sites\/13\/2020\/07\/LogoNA-4x3-1.jpg\",\"width\":1236,\"height\":1080,\"caption\":\"Noti-America LLC | M\u00e9xico\"},\"image\":{\"@id\":\"https:\/\/noti-america.com\/site\/mexico\/#\/schema\/logo\/image\/\"}},{\"@type\":\"Person\",\"@id\":\"https:\/\/noti-america.com\/site\/mexico\/#\/schema\/person\/a2e478ba496331ce89bcd0c731cd6533\",\"name\":\"rloaiza\",\"image\":{\"@type\":\"ImageObject\",\"inLanguage\":\"es\",\"@id\":\"https:\/\/secure.gravatar.com\/avatar\/190058e5d4427934610b99c45aa7a6558806850adedd53ddeddd194b04773e22?s=96&d=mm&r=g\",\"url\":\"https:\/\/secure.gravatar.com\/avatar\/190058e5d4427934610b99c45aa7a6558806850adedd53ddeddd194b04773e22?s=96&d=mm&r=g\",\"contentUrl\":\"https:\/\/secure.gravatar.com\/avatar\/190058e5d4427934610b99c45aa7a6558806850adedd53ddeddd194b04773e22?s=96&d=mm&r=g\",\"caption\":\"rloaiza\"},\"url\":\"https:\/\/noti-america.com\/site\/mexico\/author\/rloaiza\/\"}]}<\/script>\n<!-- \/ Yoast SEO Premium plugin. -->","yoast_head_json":{"title":"La sequ\u00eda en M\u00e9xico se extiende y podr\u00eda acabar con la producci\u00f3n agraria en pocas semanas - M\u00e9xico","robots":{"index":"index","follow":"follow","max-snippet":"max-snippet:-1","max-image-preview":"max-image-preview:large","max-video-preview":"max-video-preview:-1"},"canonical":"https:\/\/noti-america.com\/site\/mexico\/2021\/05\/02\/la-sequia-en-mexico-se-extiende-y-podria-acabar-con-la-produccion-agraria-en-pocas-semanas\/","og_locale":"es_ES","og_type":"article","og_title":"La sequ\u00eda en M\u00e9xico se extiende y podr\u00eda acabar con la producci\u00f3n agraria en pocas semanas","og_description":"NOTI-AMERICA | MEXICO La sequ\u00eda en M\u00e9xico se extiende y podr\u00eda acabar con la producci\u00f3n agraria en pocas semanas La econom\u00eda del pa\u00eds centroamericano se encuentra en una situaci\u00f3n cr\u00edtica por las altas temperaturas&#46;&#46;&#46;","og_url":"https:\/\/noti-america.com\/site\/mexico\/2021\/05\/02\/la-sequia-en-mexico-se-extiende-y-podria-acabar-con-la-produccion-agraria-en-pocas-semanas\/","og_site_name":"M\u00e9xico","article_published_time":"2021-05-02T13:36:30+00:00","og_image":[{"width":813,"height":558,"url":"https:\/\/noti-america.com\/site\/mexico\/wp-content\/uploads\/sites\/13\/2021\/05\/SEQUIA.jpg","type":"image\/jpeg"}],"author":"rloaiza","twitter_card":"summary_large_image","twitter_misc":{"Escrito por":"rloaiza","Tiempo estimado de lectura":"5 minutos"},"schema":{"@context":"https:\/\/schema.org","@graph":[{"@type":"Article","@id":"https:\/\/noti-america.com\/site\/mexico\/2021\/05\/02\/la-sequia-en-mexico-se-extiende-y-podria-acabar-con-la-produccion-agraria-en-pocas-semanas\/#article","isPartOf":{"@id":"https:\/\/noti-america.com\/site\/mexico\/2021\/05\/02\/la-sequia-en-mexico-se-extiende-y-podria-acabar-con-la-produccion-agraria-en-pocas-semanas\/"},"author":{"name":"rloaiza","@id":"https:\/\/noti-america.com\/site\/mexico\/#\/schema\/person\/a2e478ba496331ce89bcd0c731cd6533"},"headline":"La sequ\u00eda en M\u00e9xico se extiende y podr\u00eda acabar con la producci\u00f3n agraria en pocas semanas","datePublished":"2021-05-02T13:36:30+00:00","mainEntityOfPage":{"@id":"https:\/\/noti-america.com\/site\/mexico\/2021\/05\/02\/la-sequia-en-mexico-se-extiende-y-podria-acabar-con-la-produccion-agraria-en-pocas-semanas\/"},"wordCount":952,"commentCount":0,"publisher":{"@id":"https:\/\/noti-america.com\/site\/mexico\/#organization"},"image":{"@id":"https:\/\/noti-america.com\/site\/mexico\/2021\/05\/02\/la-sequia-en-mexico-se-extiende-y-podria-acabar-con-la-produccion-agraria-en-pocas-semanas\/#primaryimage"},"thumbnailUrl":"https:\/\/noti-america.com\/site\/mexico\/wp-content\/uploads\/sites\/13\/2021\/05\/SEQUIA.jpg","articleSection":["Econom\u00eda"],"inLanguage":"es","potentialAction":[{"@type":"CommentAction","name":"Comment","target":["https:\/\/noti-america.com\/site\/mexico\/2021\/05\/02\/la-sequia-en-mexico-se-extiende-y-podria-acabar-con-la-produccion-agraria-en-pocas-semanas\/#respond"]}]},{"@type":"WebPage","@id":"https:\/\/noti-america.com\/site\/mexico\/2021\/05\/02\/la-sequia-en-mexico-se-extiende-y-podria-acabar-con-la-produccion-agraria-en-pocas-semanas\/","url":"https:\/\/noti-america.com\/site\/mexico\/2021\/05\/02\/la-sequia-en-mexico-se-extiende-y-podria-acabar-con-la-produccion-agraria-en-pocas-semanas\/","name":"La sequ\u00eda en M\u00e9xico se extiende y podr\u00eda acabar con la producci\u00f3n agraria en pocas semanas - M\u00e9xico","isPartOf":{"@id":"https:\/\/noti-america.com\/site\/mexico\/#website"},"primaryImageOfPage":{"@id":"https:\/\/noti-america.com\/site\/mexico\/2021\/05\/02\/la-sequia-en-mexico-se-extiende-y-podria-acabar-con-la-produccion-agraria-en-pocas-semanas\/#primaryimage"},"image":{"@id":"https:\/\/noti-america.com\/site\/mexico\/2021\/05\/02\/la-sequia-en-mexico-se-extiende-y-podria-acabar-con-la-produccion-agraria-en-pocas-semanas\/#primaryimage"},"thumbnailUrl":"https:\/\/noti-america.com\/site\/mexico\/wp-content\/uploads\/sites\/13\/2021\/05\/SEQUIA.jpg","datePublished":"2021-05-02T13:36:30+00:00","breadcrumb":{"@id":"https:\/\/noti-america.com\/site\/mexico\/2021\/05\/02\/la-sequia-en-mexico-se-extiende-y-podria-acabar-con-la-produccion-agraria-en-pocas-semanas\/#breadcrumb"},"inLanguage":"es","potentialAction":[{"@type":"ReadAction","target":["https:\/\/noti-america.com\/site\/mexico\/2021\/05\/02\/la-sequia-en-mexico-se-extiende-y-podria-acabar-con-la-produccion-agraria-en-pocas-semanas\/"]}]},{"@type":"ImageObject","inLanguage":"es","@id":"https:\/\/noti-america.com\/site\/mexico\/2021\/05\/02\/la-sequia-en-mexico-se-extiende-y-podria-acabar-con-la-produccion-agraria-en-pocas-semanas\/#primaryimage","url":"https:\/\/noti-america.com\/site\/mexico\/wp-content\/uploads\/sites\/13\/2021\/05\/SEQUIA.jpg","contentUrl":"https:\/\/noti-america.com\/site\/mexico\/wp-content\/uploads\/sites\/13\/2021\/05\/SEQUIA.jpg","width":813,"height":558},{"@type":"BreadcrumbList","@id":"https:\/\/noti-america.com\/site\/mexico\/2021\/05\/02\/la-sequia-en-mexico-se-extiende-y-podria-acabar-con-la-produccion-agraria-en-pocas-semanas\/#breadcrumb","itemListElement":[{"@type":"ListItem","position":1,"name":"Portada","item":"https:\/\/noti-america.com\/site\/mexico\/"},{"@type":"ListItem","position":2,"name":"La sequ\u00eda en M\u00e9xico se extiende y podr\u00eda acabar con la producci\u00f3n agraria en pocas semanas"}]},{"@type":"WebSite","@id":"https:\/\/noti-america.com\/site\/mexico\/#website","url":"https:\/\/noti-america.com\/site\/mexico\/","name":"M\u00e9xico | Noti-America.com","description":"","publisher":{"@id":"https:\/\/noti-america.com\/site\/mexico\/#organization"},"potentialAction":[{"@type":"SearchAction","target":{"@type":"EntryPoint","urlTemplate":"https:\/\/noti-america.com\/site\/mexico\/?s={search_term_string}"},"query-input":{"@type":"PropertyValueSpecification","valueRequired":true,"valueName":"search_term_string"}}],"inLanguage":"es"},{"@type":"Organization","@id":"https:\/\/noti-america.com\/site\/mexico\/#organization","name":"Noti-America LLC | M\u00e9xico","url":"https:\/\/noti-america.com\/site\/mexico\/","logo":{"@type":"ImageObject","inLanguage":"es","@id":"https:\/\/noti-america.com\/site\/mexico\/#\/schema\/logo\/image\/","url":"https:\/\/noti-america.com\/site\/mexico\/wp-content\/uploads\/sites\/13\/2020\/07\/LogoNA-4x3-1.jpg","contentUrl":"https:\/\/noti-america.com\/site\/mexico\/wp-content\/uploads\/sites\/13\/2020\/07\/LogoNA-4x3-1.jpg","width":1236,"height":1080,"caption":"Noti-America LLC | M\u00e9xico"},"image":{"@id":"https:\/\/noti-america.com\/site\/mexico\/#\/schema\/logo\/image\/"}},{"@type":"Person","@id":"https:\/\/noti-america.com\/site\/mexico\/#\/schema\/person\/a2e478ba496331ce89bcd0c731cd6533","name":"rloaiza","image":{"@type":"ImageObject","inLanguage":"es","@id":"https:\/\/secure.gravatar.com\/avatar\/190058e5d4427934610b99c45aa7a6558806850adedd53ddeddd194b04773e22?s=96&d=mm&r=g","url":"https:\/\/secure.gravatar.com\/avatar\/190058e5d4427934610b99c45aa7a6558806850adedd53ddeddd194b04773e22?s=96&d=mm&r=g","contentUrl":"https:\/\/secure.gravatar.com\/avatar\/190058e5d4427934610b99c45aa7a6558806850adedd53ddeddd194b04773e22?s=96&d=mm&r=g","caption":"rloaiza"},"url":"https:\/\/noti-america.com\/site\/mexico\/author\/rloaiza\/"}]}},"_links":{"self":[{"href":"https:\/\/noti-america.com\/site\/mexico\/wp-json\/wp\/v2\/posts\/6166","targetHints":{"allow":["GET"]}}],"collection":[{"href":"https:\/\/noti-america.com\/site\/mexico\/wp-json\/wp\/v2\/posts"}],"about":[{"href":"https:\/\/noti-america.com\/site\/mexico\/wp-json\/wp\/v2\/types\/post"}],"author":[{"embeddable":true,"href":"https:\/\/noti-america.com\/site\/mexico\/wp-json\/wp\/v2\/users\/2"}],"replies":[{"embeddable":true,"href":"https:\/\/noti-america.com\/site\/mexico\/wp-json\/wp\/v2\/comments?post=6166"}],"version-history":[{"count":0,"href":"https:\/\/noti-america.com\/site\/mexico\/wp-json\/wp\/v2\/posts\/6166\/revisions"}],"wp:featuredmedia":[{"embeddable":true,"href":"https:\/\/noti-america.com\/site\/mexico\/wp-json\/wp\/v2\/media\/6167"}],"wp:attachment":[{"href":"https:\/\/noti-america.com\/site\/mexico\/wp-json\/wp\/v2\/media?parent=6166"}],"wp:term":[{"taxonomy":"category","embeddable":true,"href":"https:\/\/noti-america.com\/site\/mexico\/wp-json\/wp\/v2\/categories?post=6166"},{"taxonomy":"post_tag","embeddable":true,"href":"https:\/\/noti-america.com\/site\/mexico\/wp-json\/wp\/v2\/tags?post=6166"}],"curies":[{"name":"wp","href":"https:\/\/api.w.org\/{rel}","templated":true}]}}