{"id":6127,"date":"2021-04-21T01:10:05","date_gmt":"2021-04-21T01:10:05","guid":{"rendered":"https:\/\/noti-america.com\/site\/mexico\/?p=6127"},"modified":"2021-04-21T01:11:53","modified_gmt":"2021-04-21T01:11:53","slug":"el-adn-del-emprendedorempresario-o-dueno-de-proyectos","status":"publish","type":"post","link":"https:\/\/noti-america.com\/site\/mexico\/2021\/04\/21\/el-adn-del-emprendedorempresario-o-dueno-de-proyectos\/","title":{"rendered":"El ADN del emprendedor,empresario o due\u00f1o de proyectos"},"content":{"rendered":"<p><strong>Noti-Am\u00e9rica (M\u00e9xico)<\/strong><br \/>\n<strong>Ciudad de M\u00e9xico,DF.<\/strong><\/p>\n<p>&nbsp;<\/p>\n<p style=\"text-align: justify\">Creo que me gustar\u00eda empezar por la idea que tengo de &#8216;identidad&#8217;. Considero que es el ADN de la persona, emprendedor,\u00a0 empresario o el due\u00f1o del proyecto; estoy hablando de qui\u00e9nes somos m\u00e1s all\u00e1 de lo que hacemos.<br \/>\nDeber\u00edamos en este momento separar a lo que nos estamos dedicando (en qu\u00e9 consiste concretamente nuestro proyecto o cu\u00e1l es nuestra empresa o giro de negocio) y concentrarnos en el due\u00f1o del proyecto, el principal de la empresa o emprendedor que est\u00e1 construyendo. Nos dedicamos a entender qu\u00e9 me define a m\u00ed desde mis propias caracter\u00edsticas y mis propios deseos o desde mis b\u00fasquedas.<\/p>\n<p style=\"text-align: justify\">\u00a0\u00c9sta es una pregunta dif\u00edcil,\u00a0 no estamos hablando ni de visi\u00f3n, misi\u00f3n ni prop\u00f3sito pero s\u00ed complementa con estos conceptos. \u00bfPor qu\u00e9\u00a0 es dif\u00edcil? Porque requiere de\u00a0 mucha introspecci\u00f3n y el due\u00f1o de esta pregunta tiene que poder expresar realmente su sentir y su ser, lo que decimos en general con m\u00ed equipo de trabajo, en cada proceso de desarrollo, de emprendimiento o empresa o marca personal,\u00a0 necesitamos mucha \u00abterapia\u00bb propia, decimos que el que m\u00e1s se conoce o es m\u00e1s transparente a ser conocido por otro que le pueda opinar, m\u00e1s f\u00e1cil se nos hace el trabajo de identidad.<\/p>\n<p style=\"text-align: justify\">Notamos que se nos hace m\u00e1s f\u00e1cil y exitoso el proceso de an\u00e1lisis de su negocio cuando encontramos una persona con este ejercicio ya realizado de trabajo interno.<\/p>\n<p style=\"text-align: justify\">Hay gente que lo encuentra a trav\u00e9s de la pregunta hacia otros, temas como: \u00abqu\u00e9 ves de m\u00ed?\u00bb,\u00bb qu\u00e9 encontr\u00e1s en m\u00ed accionar?\u00bb o \u00abpor d\u00f3nde pens\u00e1s que pasa mi marca personal?\u00bb En cambio,\u00a0 otros prefieren hacer ejercicios de introspecci\u00f3n a trav\u00e9s de trabajos terap\u00e9uticos o trabajos conductistas que ayudan a complementar la mirada que uno tiene sobre uno mismo.<\/p>\n<p style=\"text-align: justify\">Hay veces que podemos hablar de ADN, a veces resulta m\u00e1s f\u00e1cil llamarlo marca personal, otros momentos hablamos de hilo conductor, pareciera que es m\u00e1s po\u00e9tico pero puede ayudar a encontrar esta b\u00fasqueda interesante que planteamos. Y si fu\u00e9ramos a algo m\u00e1s t\u00e9cnico podr\u00edamos tambi\u00e9n llamarlo com\u00fan denominador, lo que se repite en todo nuestro accionar.<\/p>\n<p style=\"text-align: justify\">En alg\u00fan momento de este historial de trabajo con proyectos e identidades, surge la necesidad de armar una especie de algoritmo, c\u00e1lculo o f\u00f3rmula que nos asegure entender que los conceptos que est\u00e1n surgiendo realmente caen dentro de la categor\u00eda de identidad. Est\u00e1bamos seguros que un primer momento es asegurarnos que el concepto que haya surgido de la forma que sea es l\u00f3gico para nosotros para el que lo est\u00e1 implementando o el que lo va a vivir, que realmente se sienta c\u00f3modo con lo que se est\u00e1 diciendo y nombrando. Que le hace un buen gui\u00f1o y genera un cierto gesto de alegr\u00eda al decirlo e identificarlo m\u00e1s all\u00e1 de que haya sido complejo descubrirlo, es una de las batallas ganadas en el proceso de definir la identidad. Es decir, la identidad, valga la redundancia, tiene que identificarnos.<\/p>\n<p style=\"text-align: justify\">Por otro lado, podemos decir que una identidad robustecida fuerte y contundente es la que nos permite diferenciarnos de otros proyectos empresas o emprendimientos que tengan una actividad similar a la nuestra. Tender a ser \u00fanicos y que podamos encontrar elementos que hagan que nuestra propuesta sea\u00a0 en alguna variable distinta o en su completitud diferente a lo que proponen otros, es el segundo ejercicio a tener en cuenta. Identidad igual a lo que nos diferencia de otros.<\/p>\n<p style=\"text-align: justify\">Por otro lado, entender que este concepto tiene que ser generoso con nosotros y con nuestro alrededor y tiene que permitirnos darnos crecimiento y fortalecernos para los nuevos caminos y pasos que tomemos, el momento de construir nuestras empresas y proyectos podr\u00eda ser el tercer concepto a considerar. Una identidad es la que nos permite crecer o dar los pr\u00f3ximos pasos.<\/p>\n<p style=\"text-align: justify\">En resumidas cuentas, <strong>una identidad te identifica, te diferencia y te permite crecer.<\/strong> Algunas observaciones que valen la pena considerar, el que se para en una identidad que no le queda c\u00f3moda tiene poco futuro. Identidad que no te identifica porque es un cuento marketinero, es un concepto que me queda grande o chico o inc\u00f3modo, mejor descartar. Tambi\u00e9n considerar que esa identidad pareciera que es diferenciadora porque otros a pesar que lo dicen lo expresan o lo comunican, no lo est\u00e1n viviendo, podemos considerar que es una identidad que no me diferencia. \u00c9sto significa que a pesar de que yo diga que mi identidad como elemento diferenciador es la calidad como eje conceptual porque \u00abmis competidores\u00bb no son de calidad a pesar de que lo comunican no es raz\u00f3n suficiente para considerarlo elemento diferenciador. Qu\u00e9 los dem\u00e1s digan que son de calidad aunque no lo sean ya no me alcanzar\u00eda para considerarlo elemento diferenciador. Porque llegar\u00e1 en alg\u00fan momento alguien que plantee realmente ese concepto de calidad como ejemplo y realmente lo sea cuando consideramos que para cualquier proyecto, producto o servicio el concepto de calidad es obligatorio y no es un elemento diferenciador. As\u00ed que no podemos esa identidad que realmente no nos diferencie.<\/p>\n<p style=\"text-align: justify\">Por \u00faltimo, la idea de una identidad que queda estanca, que tiene una connotaci\u00f3n negativa que realmente va a ser muy dif\u00edcil de generar po\u00e9tica para poder entender nuevos pasos, nuevos destinos, nuevos clientes o nuevas oportunidades hace que esta identidad no me permita crecer, me quede reducida a un espacio peque\u00f1o me achica y no permite que yo tenga vuelo creativo y de construcci\u00f3n dej\u00e1ndome reducido y no siendo generoso con mi proyecto y mi empresa ya que no me da herramientas a la hora de planificar estrat\u00e9gicamente nuevos futuros, pasos de mediano y largo plazo. Es decir, una identidad que no es generosa y voluminosa, que tiene aristas y es interesante e incentivadora al crecimiento no nos permite crecer y tambi\u00e9n descarta en este juego del algoritmo que decido plantearles.<\/p>\n<p style=\"text-align: justify\">\u00a0La idea de ecosistema nos da una fantas\u00eda de pertenencia, de l\u00f3gica y de interacci\u00f3n. Por eso nos result\u00f3 tan c\u00f3modo e interesante entender estas variables para poder ayudar a que ese emprendedor o empresario o due\u00f1o de proyecto pueda tomar estos conceptos identitarios y atravesarlos fuertemente con contundencia en sus organizaciones y proyectos.<\/p>\n<p style=\"text-align: justify\">Desde la identidad podr\u00edamos entender un destino claro, un contenido claro, un p\u00fablico claro, un colaborador contundente y alineado a nuestro ADN, una comunicaci\u00f3n validada, veros\u00edmil con nuestro estilo de proyecto y un producto o servicio que nos identifica y nos da sentido para poder construir una oferta interesante. Muchas veces me preguntan porqu\u00e9 es importante esto y yo contesto que la idea de armar empresas o proyectos sustentables est\u00e1 \u00edntimamente relacionado con la construcci\u00f3n de un ecosistema identitario que est\u00e9 \u00edntimamente relacionado con nuestro ADN como due\u00f1o de proyecto.<\/p>\n<p style=\"text-align: justify\">No que hablar de entender nuevos verticales de negocio desde la Identidad y no desde la actividad constante u obviando hablar de Plan B sino de Plan C. Pero es para otro momento de esta historia.<\/p>\n<p>Por: Diego Bresler<br \/>\nConsultor de Emprendimiento<\/p>\n<p>&nbsp;<\/p>\n","protected":false},"excerpt":{"rendered":"<p>Noti-Am\u00e9rica (M\u00e9xico) Ciudad de M\u00e9xico,DF. &nbsp; Creo que me gustar\u00eda empezar por la idea que tengo de &#8216;identidad&#8217;. Considero que es el ADN de la persona, emprendedor,\u00a0 empresario o el due\u00f1o del proyecto; estoy&#46;&#46;&#46;<\/p>\n","protected":false},"author":87,"featured_media":6128,"comment_status":"open","ping_status":"open","sticky":false,"template":"","format":"image","meta":{"_acf_changed":false,"om_disable_all_campaigns":false,"rop_custom_images_group":[],"rop_custom_messages_group":[],"rop_publish_now":"initial","rop_publish_now_accounts":{"twitter_242054905_242054905":""},"rop_publish_now_history":[],"rop_publish_now_status":"pending","_uf_show_specific_survey":0,"_uf_disable_surveys":false,"footnotes":""},"categories":[699],"tags":[],"class_list":["post-6127","post","type-post","status-publish","format-image","has-post-thumbnail","hentry","category-emprendimiento","post_format-post-format-image"],"acf":[],"aioseo_notices":[],"yoast_head":"<!-- This site is optimized with the Yoast SEO Premium plugin v24.9 (Yoast SEO v27.2) - https:\/\/yoast.com\/product\/yoast-seo-premium-wordpress\/ -->\n<title>El ADN del emprendedor,empresario o due\u00f1o de proyectos - M\u00e9xico<\/title>\n<meta name=\"robots\" content=\"index, follow, max-snippet:-1, max-image-preview:large, max-video-preview:-1\" \/>\n<link rel=\"canonical\" href=\"https:\/\/noti-america.com\/site\/mexico\/2021\/04\/21\/el-adn-del-emprendedorempresario-o-dueno-de-proyectos\/\" \/>\n<meta property=\"og:locale\" content=\"es_ES\" \/>\n<meta property=\"og:type\" content=\"article\" \/>\n<meta property=\"og:title\" content=\"El ADN del emprendedor,empresario o due\u00f1o de proyectos\" \/>\n<meta property=\"og:description\" content=\"Noti-Am\u00e9rica (M\u00e9xico) Ciudad de M\u00e9xico,DF. &nbsp; Creo que me gustar\u00eda empezar por la idea que tengo de &#8216;identidad&#8217;. Considero que es el ADN de la persona, emprendedor,\u00a0 empresario o el due\u00f1o del proyecto; estoy&#046;&#046;&#046;\" \/>\n<meta property=\"og:url\" content=\"https:\/\/noti-america.com\/site\/mexico\/2021\/04\/21\/el-adn-del-emprendedorempresario-o-dueno-de-proyectos\/\" \/>\n<meta property=\"og:site_name\" content=\"M\u00e9xico\" \/>\n<meta property=\"article:published_time\" content=\"2021-04-21T01:10:05+00:00\" \/>\n<meta property=\"article:modified_time\" content=\"2021-04-21T01:11:53+00:00\" \/>\n<meta property=\"og:image\" content=\"https:\/\/noti-america.com\/site\/mexico\/wp-content\/uploads\/sites\/13\/2021\/04\/121578918_1991917910939800_5693250439501905860_n-removebg-preview.png\" \/>\n\t<meta property=\"og:image:width\" content=\"502\" \/>\n\t<meta property=\"og:image:height\" content=\"497\" \/>\n\t<meta property=\"og:image:type\" content=\"image\/png\" \/>\n<meta name=\"author\" content=\"CAMH\" \/>\n<meta name=\"twitter:card\" content=\"summary_large_image\" \/>\n<meta name=\"twitter:label1\" content=\"Escrito por\" \/>\n\t<meta name=\"twitter:data1\" content=\"CAMH\" \/>\n\t<meta name=\"twitter:label2\" content=\"Tiempo estimado de lectura\" \/>\n\t<meta name=\"twitter:data2\" content=\"6 minutos\" \/>\n<script type=\"application\/ld+json\" class=\"yoast-schema-graph\">{\"@context\":\"https:\/\/schema.org\",\"@graph\":[{\"@type\":\"Article\",\"@id\":\"https:\/\/noti-america.com\/site\/mexico\/2021\/04\/21\/el-adn-del-emprendedorempresario-o-dueno-de-proyectos\/#article\",\"isPartOf\":{\"@id\":\"https:\/\/noti-america.com\/site\/mexico\/2021\/04\/21\/el-adn-del-emprendedorempresario-o-dueno-de-proyectos\/\"},\"author\":{\"name\":\"CAMH\",\"@id\":\"https:\/\/noti-america.com\/site\/mexico\/#\/schema\/person\/e13880b4308eea6926b271284605ef72\"},\"headline\":\"El ADN del emprendedor,empresario o due\u00f1o de proyectos\",\"datePublished\":\"2021-04-21T01:10:05+00:00\",\"dateModified\":\"2021-04-21T01:11:53+00:00\",\"mainEntityOfPage\":{\"@id\":\"https:\/\/noti-america.com\/site\/mexico\/2021\/04\/21\/el-adn-del-emprendedorempresario-o-dueno-de-proyectos\/\"},\"wordCount\":1250,\"commentCount\":0,\"publisher\":{\"@id\":\"https:\/\/noti-america.com\/site\/mexico\/#organization\"},\"image\":{\"@id\":\"https:\/\/noti-america.com\/site\/mexico\/2021\/04\/21\/el-adn-del-emprendedorempresario-o-dueno-de-proyectos\/#primaryimage\"},\"thumbnailUrl\":\"https:\/\/noti-america.com\/site\/mexico\/wp-content\/uploads\/sites\/13\/2021\/04\/121578918_1991917910939800_5693250439501905860_n-removebg-preview.png\",\"articleSection\":[\"Emprendimiento\"],\"inLanguage\":\"es\",\"potentialAction\":[{\"@type\":\"CommentAction\",\"name\":\"Comment\",\"target\":[\"https:\/\/noti-america.com\/site\/mexico\/2021\/04\/21\/el-adn-del-emprendedorempresario-o-dueno-de-proyectos\/#respond\"]}]},{\"@type\":\"WebPage\",\"@id\":\"https:\/\/noti-america.com\/site\/mexico\/2021\/04\/21\/el-adn-del-emprendedorempresario-o-dueno-de-proyectos\/\",\"url\":\"https:\/\/noti-america.com\/site\/mexico\/2021\/04\/21\/el-adn-del-emprendedorempresario-o-dueno-de-proyectos\/\",\"name\":\"El ADN del emprendedor,empresario o due\u00f1o de proyectos - M\u00e9xico\",\"isPartOf\":{\"@id\":\"https:\/\/noti-america.com\/site\/mexico\/#website\"},\"primaryImageOfPage\":{\"@id\":\"https:\/\/noti-america.com\/site\/mexico\/2021\/04\/21\/el-adn-del-emprendedorempresario-o-dueno-de-proyectos\/#primaryimage\"},\"image\":{\"@id\":\"https:\/\/noti-america.com\/site\/mexico\/2021\/04\/21\/el-adn-del-emprendedorempresario-o-dueno-de-proyectos\/#primaryimage\"},\"thumbnailUrl\":\"https:\/\/noti-america.com\/site\/mexico\/wp-content\/uploads\/sites\/13\/2021\/04\/121578918_1991917910939800_5693250439501905860_n-removebg-preview.png\",\"datePublished\":\"2021-04-21T01:10:05+00:00\",\"dateModified\":\"2021-04-21T01:11:53+00:00\",\"breadcrumb\":{\"@id\":\"https:\/\/noti-america.com\/site\/mexico\/2021\/04\/21\/el-adn-del-emprendedorempresario-o-dueno-de-proyectos\/#breadcrumb\"},\"inLanguage\":\"es\",\"potentialAction\":[{\"@type\":\"ReadAction\",\"target\":[\"https:\/\/noti-america.com\/site\/mexico\/2021\/04\/21\/el-adn-del-emprendedorempresario-o-dueno-de-proyectos\/\"]}]},{\"@type\":\"ImageObject\",\"inLanguage\":\"es\",\"@id\":\"https:\/\/noti-america.com\/site\/mexico\/2021\/04\/21\/el-adn-del-emprendedorempresario-o-dueno-de-proyectos\/#primaryimage\",\"url\":\"https:\/\/noti-america.com\/site\/mexico\/wp-content\/uploads\/sites\/13\/2021\/04\/121578918_1991917910939800_5693250439501905860_n-removebg-preview.png\",\"contentUrl\":\"https:\/\/noti-america.com\/site\/mexico\/wp-content\/uploads\/sites\/13\/2021\/04\/121578918_1991917910939800_5693250439501905860_n-removebg-preview.png\",\"width\":502,\"height\":497},{\"@type\":\"BreadcrumbList\",\"@id\":\"https:\/\/noti-america.com\/site\/mexico\/2021\/04\/21\/el-adn-del-emprendedorempresario-o-dueno-de-proyectos\/#breadcrumb\",\"itemListElement\":[{\"@type\":\"ListItem\",\"position\":1,\"name\":\"Portada\",\"item\":\"https:\/\/noti-america.com\/site\/mexico\/\"},{\"@type\":\"ListItem\",\"position\":2,\"name\":\"El ADN del emprendedor,empresario o due\u00f1o de proyectos\"}]},{\"@type\":\"WebSite\",\"@id\":\"https:\/\/noti-america.com\/site\/mexico\/#website\",\"url\":\"https:\/\/noti-america.com\/site\/mexico\/\",\"name\":\"M\u00e9xico | Noti-America.com\",\"description\":\"\",\"publisher\":{\"@id\":\"https:\/\/noti-america.com\/site\/mexico\/#organization\"},\"potentialAction\":[{\"@type\":\"SearchAction\",\"target\":{\"@type\":\"EntryPoint\",\"urlTemplate\":\"https:\/\/noti-america.com\/site\/mexico\/?s={search_term_string}\"},\"query-input\":{\"@type\":\"PropertyValueSpecification\",\"valueRequired\":true,\"valueName\":\"search_term_string\"}}],\"inLanguage\":\"es\"},{\"@type\":\"Organization\",\"@id\":\"https:\/\/noti-america.com\/site\/mexico\/#organization\",\"name\":\"Noti-America LLC | M\u00e9xico\",\"url\":\"https:\/\/noti-america.com\/site\/mexico\/\",\"logo\":{\"@type\":\"ImageObject\",\"inLanguage\":\"es\",\"@id\":\"https:\/\/noti-america.com\/site\/mexico\/#\/schema\/logo\/image\/\",\"url\":\"https:\/\/noti-america.com\/site\/mexico\/wp-content\/uploads\/sites\/13\/2020\/07\/LogoNA-4x3-1.jpg\",\"contentUrl\":\"https:\/\/noti-america.com\/site\/mexico\/wp-content\/uploads\/sites\/13\/2020\/07\/LogoNA-4x3-1.jpg\",\"width\":1236,\"height\":1080,\"caption\":\"Noti-America LLC | M\u00e9xico\"},\"image\":{\"@id\":\"https:\/\/noti-america.com\/site\/mexico\/#\/schema\/logo\/image\/\"}},{\"@type\":\"Person\",\"@id\":\"https:\/\/noti-america.com\/site\/mexico\/#\/schema\/person\/e13880b4308eea6926b271284605ef72\",\"name\":\"CAMH\",\"image\":{\"@type\":\"ImageObject\",\"inLanguage\":\"es\",\"@id\":\"https:\/\/secure.gravatar.com\/avatar\/82aa99c723cbed2b304797bc218a5542b5a94d7f5d0ba3b39650aef53c28ecf5?s=96&d=mm&r=g\",\"url\":\"https:\/\/secure.gravatar.com\/avatar\/82aa99c723cbed2b304797bc218a5542b5a94d7f5d0ba3b39650aef53c28ecf5?s=96&d=mm&r=g\",\"contentUrl\":\"https:\/\/secure.gravatar.com\/avatar\/82aa99c723cbed2b304797bc218a5542b5a94d7f5d0ba3b39650aef53c28ecf5?s=96&d=mm&r=g\",\"caption\":\"CAMH\"},\"url\":\"https:\/\/noti-america.com\/site\/mexico\/author\/cmitchell\/\"}]}<\/script>\n<!-- \/ Yoast SEO Premium plugin. -->","yoast_head_json":{"title":"El ADN del emprendedor,empresario o due\u00f1o de proyectos - M\u00e9xico","robots":{"index":"index","follow":"follow","max-snippet":"max-snippet:-1","max-image-preview":"max-image-preview:large","max-video-preview":"max-video-preview:-1"},"canonical":"https:\/\/noti-america.com\/site\/mexico\/2021\/04\/21\/el-adn-del-emprendedorempresario-o-dueno-de-proyectos\/","og_locale":"es_ES","og_type":"article","og_title":"El ADN del emprendedor,empresario o due\u00f1o de proyectos","og_description":"Noti-Am\u00e9rica (M\u00e9xico) Ciudad de M\u00e9xico,DF. &nbsp; Creo que me gustar\u00eda empezar por la idea que tengo de &#8216;identidad&#8217;. Considero que es el ADN de la persona, emprendedor,\u00a0 empresario o el due\u00f1o del proyecto; estoy&#46;&#46;&#46;","og_url":"https:\/\/noti-america.com\/site\/mexico\/2021\/04\/21\/el-adn-del-emprendedorempresario-o-dueno-de-proyectos\/","og_site_name":"M\u00e9xico","article_published_time":"2021-04-21T01:10:05+00:00","article_modified_time":"2021-04-21T01:11:53+00:00","og_image":[{"width":502,"height":497,"url":"https:\/\/noti-america.com\/site\/mexico\/wp-content\/uploads\/sites\/13\/2021\/04\/121578918_1991917910939800_5693250439501905860_n-removebg-preview.png","type":"image\/png"}],"author":"CAMH","twitter_card":"summary_large_image","twitter_misc":{"Escrito por":"CAMH","Tiempo estimado de lectura":"6 minutos"},"schema":{"@context":"https:\/\/schema.org","@graph":[{"@type":"Article","@id":"https:\/\/noti-america.com\/site\/mexico\/2021\/04\/21\/el-adn-del-emprendedorempresario-o-dueno-de-proyectos\/#article","isPartOf":{"@id":"https:\/\/noti-america.com\/site\/mexico\/2021\/04\/21\/el-adn-del-emprendedorempresario-o-dueno-de-proyectos\/"},"author":{"name":"CAMH","@id":"https:\/\/noti-america.com\/site\/mexico\/#\/schema\/person\/e13880b4308eea6926b271284605ef72"},"headline":"El ADN del emprendedor,empresario o due\u00f1o de proyectos","datePublished":"2021-04-21T01:10:05+00:00","dateModified":"2021-04-21T01:11:53+00:00","mainEntityOfPage":{"@id":"https:\/\/noti-america.com\/site\/mexico\/2021\/04\/21\/el-adn-del-emprendedorempresario-o-dueno-de-proyectos\/"},"wordCount":1250,"commentCount":0,"publisher":{"@id":"https:\/\/noti-america.com\/site\/mexico\/#organization"},"image":{"@id":"https:\/\/noti-america.com\/site\/mexico\/2021\/04\/21\/el-adn-del-emprendedorempresario-o-dueno-de-proyectos\/#primaryimage"},"thumbnailUrl":"https:\/\/noti-america.com\/site\/mexico\/wp-content\/uploads\/sites\/13\/2021\/04\/121578918_1991917910939800_5693250439501905860_n-removebg-preview.png","articleSection":["Emprendimiento"],"inLanguage":"es","potentialAction":[{"@type":"CommentAction","name":"Comment","target":["https:\/\/noti-america.com\/site\/mexico\/2021\/04\/21\/el-adn-del-emprendedorempresario-o-dueno-de-proyectos\/#respond"]}]},{"@type":"WebPage","@id":"https:\/\/noti-america.com\/site\/mexico\/2021\/04\/21\/el-adn-del-emprendedorempresario-o-dueno-de-proyectos\/","url":"https:\/\/noti-america.com\/site\/mexico\/2021\/04\/21\/el-adn-del-emprendedorempresario-o-dueno-de-proyectos\/","name":"El ADN del emprendedor,empresario o due\u00f1o de proyectos - M\u00e9xico","isPartOf":{"@id":"https:\/\/noti-america.com\/site\/mexico\/#website"},"primaryImageOfPage":{"@id":"https:\/\/noti-america.com\/site\/mexico\/2021\/04\/21\/el-adn-del-emprendedorempresario-o-dueno-de-proyectos\/#primaryimage"},"image":{"@id":"https:\/\/noti-america.com\/site\/mexico\/2021\/04\/21\/el-adn-del-emprendedorempresario-o-dueno-de-proyectos\/#primaryimage"},"thumbnailUrl":"https:\/\/noti-america.com\/site\/mexico\/wp-content\/uploads\/sites\/13\/2021\/04\/121578918_1991917910939800_5693250439501905860_n-removebg-preview.png","datePublished":"2021-04-21T01:10:05+00:00","dateModified":"2021-04-21T01:11:53+00:00","breadcrumb":{"@id":"https:\/\/noti-america.com\/site\/mexico\/2021\/04\/21\/el-adn-del-emprendedorempresario-o-dueno-de-proyectos\/#breadcrumb"},"inLanguage":"es","potentialAction":[{"@type":"ReadAction","target":["https:\/\/noti-america.com\/site\/mexico\/2021\/04\/21\/el-adn-del-emprendedorempresario-o-dueno-de-proyectos\/"]}]},{"@type":"ImageObject","inLanguage":"es","@id":"https:\/\/noti-america.com\/site\/mexico\/2021\/04\/21\/el-adn-del-emprendedorempresario-o-dueno-de-proyectos\/#primaryimage","url":"https:\/\/noti-america.com\/site\/mexico\/wp-content\/uploads\/sites\/13\/2021\/04\/121578918_1991917910939800_5693250439501905860_n-removebg-preview.png","contentUrl":"https:\/\/noti-america.com\/site\/mexico\/wp-content\/uploads\/sites\/13\/2021\/04\/121578918_1991917910939800_5693250439501905860_n-removebg-preview.png","width":502,"height":497},{"@type":"BreadcrumbList","@id":"https:\/\/noti-america.com\/site\/mexico\/2021\/04\/21\/el-adn-del-emprendedorempresario-o-dueno-de-proyectos\/#breadcrumb","itemListElement":[{"@type":"ListItem","position":1,"name":"Portada","item":"https:\/\/noti-america.com\/site\/mexico\/"},{"@type":"ListItem","position":2,"name":"El ADN del emprendedor,empresario o due\u00f1o de proyectos"}]},{"@type":"WebSite","@id":"https:\/\/noti-america.com\/site\/mexico\/#website","url":"https:\/\/noti-america.com\/site\/mexico\/","name":"M\u00e9xico | Noti-America.com","description":"","publisher":{"@id":"https:\/\/noti-america.com\/site\/mexico\/#organization"},"potentialAction":[{"@type":"SearchAction","target":{"@type":"EntryPoint","urlTemplate":"https:\/\/noti-america.com\/site\/mexico\/?s={search_term_string}"},"query-input":{"@type":"PropertyValueSpecification","valueRequired":true,"valueName":"search_term_string"}}],"inLanguage":"es"},{"@type":"Organization","@id":"https:\/\/noti-america.com\/site\/mexico\/#organization","name":"Noti-America LLC | M\u00e9xico","url":"https:\/\/noti-america.com\/site\/mexico\/","logo":{"@type":"ImageObject","inLanguage":"es","@id":"https:\/\/noti-america.com\/site\/mexico\/#\/schema\/logo\/image\/","url":"https:\/\/noti-america.com\/site\/mexico\/wp-content\/uploads\/sites\/13\/2020\/07\/LogoNA-4x3-1.jpg","contentUrl":"https:\/\/noti-america.com\/site\/mexico\/wp-content\/uploads\/sites\/13\/2020\/07\/LogoNA-4x3-1.jpg","width":1236,"height":1080,"caption":"Noti-America LLC | M\u00e9xico"},"image":{"@id":"https:\/\/noti-america.com\/site\/mexico\/#\/schema\/logo\/image\/"}},{"@type":"Person","@id":"https:\/\/noti-america.com\/site\/mexico\/#\/schema\/person\/e13880b4308eea6926b271284605ef72","name":"CAMH","image":{"@type":"ImageObject","inLanguage":"es","@id":"https:\/\/secure.gravatar.com\/avatar\/82aa99c723cbed2b304797bc218a5542b5a94d7f5d0ba3b39650aef53c28ecf5?s=96&d=mm&r=g","url":"https:\/\/secure.gravatar.com\/avatar\/82aa99c723cbed2b304797bc218a5542b5a94d7f5d0ba3b39650aef53c28ecf5?s=96&d=mm&r=g","contentUrl":"https:\/\/secure.gravatar.com\/avatar\/82aa99c723cbed2b304797bc218a5542b5a94d7f5d0ba3b39650aef53c28ecf5?s=96&d=mm&r=g","caption":"CAMH"},"url":"https:\/\/noti-america.com\/site\/mexico\/author\/cmitchell\/"}]}},"_links":{"self":[{"href":"https:\/\/noti-america.com\/site\/mexico\/wp-json\/wp\/v2\/posts\/6127","targetHints":{"allow":["GET"]}}],"collection":[{"href":"https:\/\/noti-america.com\/site\/mexico\/wp-json\/wp\/v2\/posts"}],"about":[{"href":"https:\/\/noti-america.com\/site\/mexico\/wp-json\/wp\/v2\/types\/post"}],"author":[{"embeddable":true,"href":"https:\/\/noti-america.com\/site\/mexico\/wp-json\/wp\/v2\/users\/87"}],"replies":[{"embeddable":true,"href":"https:\/\/noti-america.com\/site\/mexico\/wp-json\/wp\/v2\/comments?post=6127"}],"version-history":[{"count":2,"href":"https:\/\/noti-america.com\/site\/mexico\/wp-json\/wp\/v2\/posts\/6127\/revisions"}],"predecessor-version":[{"id":6130,"href":"https:\/\/noti-america.com\/site\/mexico\/wp-json\/wp\/v2\/posts\/6127\/revisions\/6130"}],"wp:featuredmedia":[{"embeddable":true,"href":"https:\/\/noti-america.com\/site\/mexico\/wp-json\/wp\/v2\/media\/6128"}],"wp:attachment":[{"href":"https:\/\/noti-america.com\/site\/mexico\/wp-json\/wp\/v2\/media?parent=6127"}],"wp:term":[{"taxonomy":"category","embeddable":true,"href":"https:\/\/noti-america.com\/site\/mexico\/wp-json\/wp\/v2\/categories?post=6127"},{"taxonomy":"post_tag","embeddable":true,"href":"https:\/\/noti-america.com\/site\/mexico\/wp-json\/wp\/v2\/tags?post=6127"}],"curies":[{"name":"wp","href":"https:\/\/api.w.org\/{rel}","templated":true}]}}