{"id":612,"date":"2017-11-26T00:13:51","date_gmt":"2017-11-26T00:13:51","guid":{"rendered":"http:\/\/noti-america.com\/site\/mexico\/?p=612"},"modified":"2017-11-26T20:45:55","modified_gmt":"2017-11-26T20:45:55","slug":"endeudamiento-para-crecer","status":"publish","type":"post","link":"https:\/\/noti-america.com\/site\/mexico\/2017\/11\/26\/endeudamiento-para-crecer\/","title":{"rendered":"ENDEUDAMIENTO PARA CRECER"},"content":{"rendered":"<p>REDACCION NOTI-AMERICA (M\u00c9XICO). Seg\u00fan el vocero de la presidencia, Eduardo S\u00e1nches, el endeudamiento del 50% de la actual administraci\u00f3n no es problema porque se hace para impulsar el crecimiento, pero si ser\u00eda un problema si se endeudara para pagar,\u00a0interesado en destacar aquellos datos con los cuales la gesti\u00f3n del presidente Enrique Pe\u00f1a Nieto dice tener documentado el acierto de concretar las reformas estructurales, puntualiza: en estos cinco a\u00f1os, 13 millones de personas tienen mejores condiciones de vida.<\/p>\n<p>Asegura, hoy M\u00e9xico est\u00e1\u00a0<q>en ascenso, con mejores condiciones de las que ten\u00eda. El crecimiento exponencial en muchos de los indicadores econ\u00f3micos tiene que ver\u00a0 con las reformas que se aprobaron a partir de 2013, y nos costaron much\u00edsimo trabajo, desde luego encabezados por el presidente Pe\u00f1a, pero es un esfuerzo de todos<\/q><\/p>\n<p>Culminando comento: \u00abEl Presidente tiene muy claro que la corrupci\u00f3n lastima a la sociedad\u2026 desde hace muchas d\u00e9cadas este es un c\u00e1ncer que est\u00e1 entre los mexicanos\u00bb. Sin embargo, es la primera vez que en M\u00e9xico pasan tres cosas que no hab\u00edan ocurrido: se crearon instituciones\u00a0 para atenderlo en sus dimensiones de prevenci\u00f3n y castigo, existen instituciones independientes que cuentan con la participaci\u00f3n directa de los ciudadanos y se incorporaron las mejores pr\u00e1cticas a escala internacional para atacar la corrupci\u00f3n.<\/p>\n<p>&nbsp;<\/p>\n<p>Comentario.<br \/>\nPero el gobierno no nos informa cu\u00e1l es el monto total de la deuda externa y cuanto se paga anualmente de intereses. Adem\u00e1s el supuesto impulso del crecimiento anualmente no supera el crecimiento demogr\u00e1fico del pa\u00eds<\/p>\n","protected":false},"excerpt":{"rendered":"<p>REDACCION NOTI-AMERICA (M\u00c9XICO). Seg\u00fan el vocero de la presidencia, Eduardo S\u00e1nches, el endeudamiento del 50% de la actual administraci\u00f3n no es problema porque se hace para impulsar el crecimiento, pero si ser\u00eda un problema&#46;&#46;&#46;<\/p>\n","protected":false},"author":16,"featured_media":613,"comment_status":"open","ping_status":"open","sticky":false,"template":"","format":"status","meta":{"_acf_changed":false,"om_disable_all_campaigns":false,"rop_custom_images_group":[],"rop_custom_messages_group":[],"rop_publish_now":"initial","rop_publish_now_accounts":{"twitter_242054905_242054905":""},"rop_publish_now_history":[],"rop_publish_now_status":"pending","_uf_show_specific_survey":0,"_uf_disable_surveys":false,"footnotes":""},"categories":[1],"tags":[],"class_list":["post-612","post","type-post","status-publish","format-status","has-post-thumbnail","hentry","category-uncategorized","post_format-post-format-status"],"acf":[],"aioseo_notices":[],"yoast_head":"<!-- This site is optimized with the Yoast SEO Premium plugin v24.9 (Yoast SEO v27.2) - https:\/\/yoast.com\/product\/yoast-seo-premium-wordpress\/ -->\n<title>ENDEUDAMIENTO PARA CRECER - M\u00e9xico<\/title>\n<meta name=\"robots\" content=\"index, follow, max-snippet:-1, max-image-preview:large, max-video-preview:-1\" \/>\n<link rel=\"canonical\" href=\"https:\/\/noti-america.com\/site\/mexico\/2017\/11\/26\/endeudamiento-para-crecer\/\" \/>\n<meta property=\"og:locale\" content=\"es_ES\" \/>\n<meta property=\"og:type\" content=\"article\" \/>\n<meta property=\"og:title\" content=\"ENDEUDAMIENTO PARA CRECER\" \/>\n<meta property=\"og:description\" content=\"REDACCION NOTI-AMERICA (M\u00c9XICO). Seg\u00fan el vocero de la presidencia, Eduardo S\u00e1nches, el endeudamiento del 50% de la actual administraci\u00f3n no es problema porque se hace para impulsar el crecimiento, pero si ser\u00eda un problema&#046;&#046;&#046;\" \/>\n<meta property=\"og:url\" content=\"https:\/\/noti-america.com\/site\/mexico\/2017\/11\/26\/endeudamiento-para-crecer\/\" \/>\n<meta property=\"og:site_name\" content=\"M\u00e9xico\" \/>\n<meta property=\"article:published_time\" content=\"2017-11-26T00:13:51+00:00\" \/>\n<meta property=\"article:modified_time\" content=\"2017-11-26T20:45:55+00:00\" \/>\n<meta property=\"og:image\" content=\"https:\/\/noti-america.com\/site\/mexico\/wp-content\/uploads\/sites\/13\/2017\/11\/Eduardo-Sanchez.jpg\" \/>\n\t<meta property=\"og:image:width\" content=\"1024\" \/>\n\t<meta property=\"og:image:height\" content=\"682\" \/>\n\t<meta property=\"og:image:type\" content=\"image\/jpeg\" \/>\n<meta name=\"author\" content=\"Paloma Olachea\" \/>\n<meta name=\"twitter:card\" content=\"summary_large_image\" \/>\n<meta name=\"twitter:label1\" content=\"Escrito por\" \/>\n\t<meta name=\"twitter:data1\" content=\"Paloma Olachea\" \/>\n\t<meta name=\"twitter:label2\" content=\"Tiempo estimado de lectura\" \/>\n\t<meta name=\"twitter:data2\" content=\"1 minuto\" \/>\n<script type=\"application\/ld+json\" class=\"yoast-schema-graph\">{\"@context\":\"https:\/\/schema.org\",\"@graph\":[{\"@type\":\"Article\",\"@id\":\"https:\/\/noti-america.com\/site\/mexico\/2017\/11\/26\/endeudamiento-para-crecer\/#article\",\"isPartOf\":{\"@id\":\"https:\/\/noti-america.com\/site\/mexico\/2017\/11\/26\/endeudamiento-para-crecer\/\"},\"author\":{\"name\":\"Paloma Olachea\",\"@id\":\"https:\/\/noti-america.com\/site\/mexico\/#\/schema\/person\/0055de23daadb69055b7fe942f37dcf3\"},\"headline\":\"ENDEUDAMIENTO PARA CRECER\",\"datePublished\":\"2017-11-26T00:13:51+00:00\",\"dateModified\":\"2017-11-26T20:45:55+00:00\",\"mainEntityOfPage\":{\"@id\":\"https:\/\/noti-america.com\/site\/mexico\/2017\/11\/26\/endeudamiento-para-crecer\/\"},\"wordCount\":275,\"commentCount\":0,\"publisher\":{\"@id\":\"https:\/\/noti-america.com\/site\/mexico\/#organization\"},\"image\":{\"@id\":\"https:\/\/noti-america.com\/site\/mexico\/2017\/11\/26\/endeudamiento-para-crecer\/#primaryimage\"},\"thumbnailUrl\":\"https:\/\/noti-america.com\/site\/mexico\/wp-content\/uploads\/sites\/13\/2017\/11\/Eduardo-Sanchez.jpg\",\"articleSection\":[\"Uncategorized\"],\"inLanguage\":\"es\",\"potentialAction\":[{\"@type\":\"CommentAction\",\"name\":\"Comment\",\"target\":[\"https:\/\/noti-america.com\/site\/mexico\/2017\/11\/26\/endeudamiento-para-crecer\/#respond\"]}]},{\"@type\":\"WebPage\",\"@id\":\"https:\/\/noti-america.com\/site\/mexico\/2017\/11\/26\/endeudamiento-para-crecer\/\",\"url\":\"https:\/\/noti-america.com\/site\/mexico\/2017\/11\/26\/endeudamiento-para-crecer\/\",\"name\":\"ENDEUDAMIENTO PARA CRECER - M\u00e9xico\",\"isPartOf\":{\"@id\":\"https:\/\/noti-america.com\/site\/mexico\/#website\"},\"primaryImageOfPage\":{\"@id\":\"https:\/\/noti-america.com\/site\/mexico\/2017\/11\/26\/endeudamiento-para-crecer\/#primaryimage\"},\"image\":{\"@id\":\"https:\/\/noti-america.com\/site\/mexico\/2017\/11\/26\/endeudamiento-para-crecer\/#primaryimage\"},\"thumbnailUrl\":\"https:\/\/noti-america.com\/site\/mexico\/wp-content\/uploads\/sites\/13\/2017\/11\/Eduardo-Sanchez.jpg\",\"datePublished\":\"2017-11-26T00:13:51+00:00\",\"dateModified\":\"2017-11-26T20:45:55+00:00\",\"breadcrumb\":{\"@id\":\"https:\/\/noti-america.com\/site\/mexico\/2017\/11\/26\/endeudamiento-para-crecer\/#breadcrumb\"},\"inLanguage\":\"es\",\"potentialAction\":[{\"@type\":\"ReadAction\",\"target\":[\"https:\/\/noti-america.com\/site\/mexico\/2017\/11\/26\/endeudamiento-para-crecer\/\"]}]},{\"@type\":\"ImageObject\",\"inLanguage\":\"es\",\"@id\":\"https:\/\/noti-america.com\/site\/mexico\/2017\/11\/26\/endeudamiento-para-crecer\/#primaryimage\",\"url\":\"https:\/\/noti-america.com\/site\/mexico\/wp-content\/uploads\/sites\/13\/2017\/11\/Eduardo-Sanchez.jpg\",\"contentUrl\":\"https:\/\/noti-america.com\/site\/mexico\/wp-content\/uploads\/sites\/13\/2017\/11\/Eduardo-Sanchez.jpg\",\"width\":1024,\"height\":682},{\"@type\":\"BreadcrumbList\",\"@id\":\"https:\/\/noti-america.com\/site\/mexico\/2017\/11\/26\/endeudamiento-para-crecer\/#breadcrumb\",\"itemListElement\":[{\"@type\":\"ListItem\",\"position\":1,\"name\":\"Portada\",\"item\":\"https:\/\/noti-america.com\/site\/mexico\/\"},{\"@type\":\"ListItem\",\"position\":2,\"name\":\"ENDEUDAMIENTO PARA CRECER\"}]},{\"@type\":\"WebSite\",\"@id\":\"https:\/\/noti-america.com\/site\/mexico\/#website\",\"url\":\"https:\/\/noti-america.com\/site\/mexico\/\",\"name\":\"M\u00e9xico | Noti-America.com\",\"description\":\"\",\"publisher\":{\"@id\":\"https:\/\/noti-america.com\/site\/mexico\/#organization\"},\"potentialAction\":[{\"@type\":\"SearchAction\",\"target\":{\"@type\":\"EntryPoint\",\"urlTemplate\":\"https:\/\/noti-america.com\/site\/mexico\/?s={search_term_string}\"},\"query-input\":{\"@type\":\"PropertyValueSpecification\",\"valueRequired\":true,\"valueName\":\"search_term_string\"}}],\"inLanguage\":\"es\"},{\"@type\":\"Organization\",\"@id\":\"https:\/\/noti-america.com\/site\/mexico\/#organization\",\"name\":\"Noti-America LLC | M\u00e9xico\",\"url\":\"https:\/\/noti-america.com\/site\/mexico\/\",\"logo\":{\"@type\":\"ImageObject\",\"inLanguage\":\"es\",\"@id\":\"https:\/\/noti-america.com\/site\/mexico\/#\/schema\/logo\/image\/\",\"url\":\"https:\/\/noti-america.com\/site\/mexico\/wp-content\/uploads\/sites\/13\/2020\/07\/LogoNA-4x3-1.jpg\",\"contentUrl\":\"https:\/\/noti-america.com\/site\/mexico\/wp-content\/uploads\/sites\/13\/2020\/07\/LogoNA-4x3-1.jpg\",\"width\":1236,\"height\":1080,\"caption\":\"Noti-America LLC | M\u00e9xico\"},\"image\":{\"@id\":\"https:\/\/noti-america.com\/site\/mexico\/#\/schema\/logo\/image\/\"}},{\"@type\":\"Person\",\"@id\":\"https:\/\/noti-america.com\/site\/mexico\/#\/schema\/person\/0055de23daadb69055b7fe942f37dcf3\",\"name\":\"Paloma Olachea\",\"image\":{\"@type\":\"ImageObject\",\"inLanguage\":\"es\",\"@id\":\"https:\/\/secure.gravatar.com\/avatar\/bdea3a4c796d2085779e77a5d654205f160117a0245752e5d3a2230b2f1e9cce?s=96&d=mm&r=g\",\"url\":\"https:\/\/secure.gravatar.com\/avatar\/bdea3a4c796d2085779e77a5d654205f160117a0245752e5d3a2230b2f1e9cce?s=96&d=mm&r=g\",\"contentUrl\":\"https:\/\/secure.gravatar.com\/avatar\/bdea3a4c796d2085779e77a5d654205f160117a0245752e5d3a2230b2f1e9cce?s=96&d=mm&r=g\",\"caption\":\"Paloma Olachea\"},\"description\":\"Egresada de La Universidad Aut\u00f3noma de Baja California Sur, en la Licenciatura de Comunicaci\u00f3n, donde aprendi\u00f3 de los grandes maestros de esta M\u00e1xima Casa de Estudios como lo son: La Maestra Brenda Ramirez, Maestra Rossana Almada, Aletxe Almada, Lic. Francisco Fuentes, Profr. Carrillo de Fotograf\u00eda, Dr. Ruben Olachea , critica cinematogr\u00e1fica en Diplomados, Padre Juan Gom\u00e9z, en el cual desarrollo los temas mas importantes de comunicaci\u00f3n Social y sus teor\u00edas, en el transcurso de estudios, realizo su servicio y practicas profesionales, en la Unidad de Atenci\u00f3n Ciudadana del Gobierno del Estado de Baja California Sur, como asistente de la Lic. Nilda Moreno Armenta, Jefa de departamento de control y gesti\u00f3n Gubernamental en el tiempo de el Lic. Sergio Barron Pinto quien era el Director de la instituci\u00f3n gubernamental. Directora de Click Fotograf\u00eda explica con detalle que ha trabajado para grandes industrias como La Revista Bajacalifornianos.net con el Empresario Edgar Barrag\u00e1n, donde se formo por primera vez en el \u00e1mbito Fotogr\u00e1fico en la Secci\u00f3n Sociales y Ciencia BCS, en la Empresa Metamorphosis de Lic. Yamel Arti\u00f1o, mercadologa, aprendi\u00f3 los diversos temas y t\u00e9cnicas en el ramo de la Mercadotecnia para diferentes empresas y la mas importante para la compa\u00f1\u00eda Telcel, contratada por la Gran Mujer Lic. Cristina Flores, propietaria de Anuncios y Letreros el autodominio, fortaleza y emprendedora al activarse con una comunicaci\u00f3n eficaz, una gran maestra y a la vez una mujer que no se limita a ning\u00fan trabajo publicitario, El Ing. Gerardo Valenzuela de la Empresa Radiof\u00f3nica Radio Mochis Sinaloa y Director de la Revista ABC, el cual tiene un gran aprecio aparte de maestro, Padrino, en el cual ella aprendi\u00f3 a desarrollarse en el \u00e1mbito period\u00edstico, a conocer mas a los grandes ilustres y corresponsales de diferentes medios, en otro punto importante le ha permitido desarrollarse durante 7 a\u00f1os en el \u00e1mbito de programas de edici\u00f3n publicitaria y ahora forma parte de la Asociaci\u00f3n Radio Pace\u00f1ita, Realiza el dise\u00f1o actual de la Revista La Discapacidad en Acci\u00f3n de el C. Francisco Diaz Zu\u00f1iga, entre otras trabajar en el \u00e1rea de ventas con la Dise\u00f1adora Gr\u00e1fica Carmen Wences, en el cual tambi\u00e9n obtuvo asesoramiento y preparaci\u00f3n, entre los medios period\u00edsticos laboro para Mauricio Diaz anterior Director Peninsular Digital, en diversas notas y obtuvo el cambio al \u00e1rea de estad\u00edstica. En la Delegaci\u00f3n de Cabo San Lucas Trabajo con el C. Lucio Chavira propietario de Los Cabos Tve el cual ve como su padre quien le dio apoyo, familia y le dio capacitaci\u00f3n en fotogr\u00e1fica La C. Julia Ruiz de Chavira, ademas de laborar con el Lic. Ricardo del Rio en diversos trabajos de video y edici\u00f3n. Entre sus tantas Actividades labora para La Secretaria de Educaci\u00f3n Publica, primeramente en el Subsistema de Escuelas T\u00e9cnicas y as\u00ed pasado al Subsistema de Telesecundaria, En el DIF Estatal de Baja California Sur, como tallerista y en los Negocios de Banner Publicitario, Alder Dise\u00f1o y Casa Productora Pitahaya Productions como Propietaria, de antemano destacamos una opci\u00f3n mas laboral en el Medio Digital Noti America en el cual su Jefe Rafael Pi\u00f1a Loaiza le da la oportunidad de dar a conocer las noticias a nivel internacional destacando primordial mente su pa\u00eds natal Mexico.\",\"url\":\"https:\/\/noti-america.com\/site\/mexico\/author\/polachea\/\"}]}<\/script>\n<!-- \/ Yoast SEO Premium plugin. -->","yoast_head_json":{"title":"ENDEUDAMIENTO PARA CRECER - M\u00e9xico","robots":{"index":"index","follow":"follow","max-snippet":"max-snippet:-1","max-image-preview":"max-image-preview:large","max-video-preview":"max-video-preview:-1"},"canonical":"https:\/\/noti-america.com\/site\/mexico\/2017\/11\/26\/endeudamiento-para-crecer\/","og_locale":"es_ES","og_type":"article","og_title":"ENDEUDAMIENTO PARA CRECER","og_description":"REDACCION NOTI-AMERICA (M\u00c9XICO). Seg\u00fan el vocero de la presidencia, Eduardo S\u00e1nches, el endeudamiento del 50% de la actual administraci\u00f3n no es problema porque se hace para impulsar el crecimiento, pero si ser\u00eda un problema&#46;&#46;&#46;","og_url":"https:\/\/noti-america.com\/site\/mexico\/2017\/11\/26\/endeudamiento-para-crecer\/","og_site_name":"M\u00e9xico","article_published_time":"2017-11-26T00:13:51+00:00","article_modified_time":"2017-11-26T20:45:55+00:00","og_image":[{"width":1024,"height":682,"url":"https:\/\/noti-america.com\/site\/mexico\/wp-content\/uploads\/sites\/13\/2017\/11\/Eduardo-Sanchez.jpg","type":"image\/jpeg"}],"author":"Paloma Olachea","twitter_card":"summary_large_image","twitter_misc":{"Escrito por":"Paloma Olachea","Tiempo estimado de lectura":"1 minuto"},"schema":{"@context":"https:\/\/schema.org","@graph":[{"@type":"Article","@id":"https:\/\/noti-america.com\/site\/mexico\/2017\/11\/26\/endeudamiento-para-crecer\/#article","isPartOf":{"@id":"https:\/\/noti-america.com\/site\/mexico\/2017\/11\/26\/endeudamiento-para-crecer\/"},"author":{"name":"Paloma Olachea","@id":"https:\/\/noti-america.com\/site\/mexico\/#\/schema\/person\/0055de23daadb69055b7fe942f37dcf3"},"headline":"ENDEUDAMIENTO PARA CRECER","datePublished":"2017-11-26T00:13:51+00:00","dateModified":"2017-11-26T20:45:55+00:00","mainEntityOfPage":{"@id":"https:\/\/noti-america.com\/site\/mexico\/2017\/11\/26\/endeudamiento-para-crecer\/"},"wordCount":275,"commentCount":0,"publisher":{"@id":"https:\/\/noti-america.com\/site\/mexico\/#organization"},"image":{"@id":"https:\/\/noti-america.com\/site\/mexico\/2017\/11\/26\/endeudamiento-para-crecer\/#primaryimage"},"thumbnailUrl":"https:\/\/noti-america.com\/site\/mexico\/wp-content\/uploads\/sites\/13\/2017\/11\/Eduardo-Sanchez.jpg","articleSection":["Uncategorized"],"inLanguage":"es","potentialAction":[{"@type":"CommentAction","name":"Comment","target":["https:\/\/noti-america.com\/site\/mexico\/2017\/11\/26\/endeudamiento-para-crecer\/#respond"]}]},{"@type":"WebPage","@id":"https:\/\/noti-america.com\/site\/mexico\/2017\/11\/26\/endeudamiento-para-crecer\/","url":"https:\/\/noti-america.com\/site\/mexico\/2017\/11\/26\/endeudamiento-para-crecer\/","name":"ENDEUDAMIENTO PARA CRECER - M\u00e9xico","isPartOf":{"@id":"https:\/\/noti-america.com\/site\/mexico\/#website"},"primaryImageOfPage":{"@id":"https:\/\/noti-america.com\/site\/mexico\/2017\/11\/26\/endeudamiento-para-crecer\/#primaryimage"},"image":{"@id":"https:\/\/noti-america.com\/site\/mexico\/2017\/11\/26\/endeudamiento-para-crecer\/#primaryimage"},"thumbnailUrl":"https:\/\/noti-america.com\/site\/mexico\/wp-content\/uploads\/sites\/13\/2017\/11\/Eduardo-Sanchez.jpg","datePublished":"2017-11-26T00:13:51+00:00","dateModified":"2017-11-26T20:45:55+00:00","breadcrumb":{"@id":"https:\/\/noti-america.com\/site\/mexico\/2017\/11\/26\/endeudamiento-para-crecer\/#breadcrumb"},"inLanguage":"es","potentialAction":[{"@type":"ReadAction","target":["https:\/\/noti-america.com\/site\/mexico\/2017\/11\/26\/endeudamiento-para-crecer\/"]}]},{"@type":"ImageObject","inLanguage":"es","@id":"https:\/\/noti-america.com\/site\/mexico\/2017\/11\/26\/endeudamiento-para-crecer\/#primaryimage","url":"https:\/\/noti-america.com\/site\/mexico\/wp-content\/uploads\/sites\/13\/2017\/11\/Eduardo-Sanchez.jpg","contentUrl":"https:\/\/noti-america.com\/site\/mexico\/wp-content\/uploads\/sites\/13\/2017\/11\/Eduardo-Sanchez.jpg","width":1024,"height":682},{"@type":"BreadcrumbList","@id":"https:\/\/noti-america.com\/site\/mexico\/2017\/11\/26\/endeudamiento-para-crecer\/#breadcrumb","itemListElement":[{"@type":"ListItem","position":1,"name":"Portada","item":"https:\/\/noti-america.com\/site\/mexico\/"},{"@type":"ListItem","position":2,"name":"ENDEUDAMIENTO PARA CRECER"}]},{"@type":"WebSite","@id":"https:\/\/noti-america.com\/site\/mexico\/#website","url":"https:\/\/noti-america.com\/site\/mexico\/","name":"M\u00e9xico | Noti-America.com","description":"","publisher":{"@id":"https:\/\/noti-america.com\/site\/mexico\/#organization"},"potentialAction":[{"@type":"SearchAction","target":{"@type":"EntryPoint","urlTemplate":"https:\/\/noti-america.com\/site\/mexico\/?s={search_term_string}"},"query-input":{"@type":"PropertyValueSpecification","valueRequired":true,"valueName":"search_term_string"}}],"inLanguage":"es"},{"@type":"Organization","@id":"https:\/\/noti-america.com\/site\/mexico\/#organization","name":"Noti-America LLC | M\u00e9xico","url":"https:\/\/noti-america.com\/site\/mexico\/","logo":{"@type":"ImageObject","inLanguage":"es","@id":"https:\/\/noti-america.com\/site\/mexico\/#\/schema\/logo\/image\/","url":"https:\/\/noti-america.com\/site\/mexico\/wp-content\/uploads\/sites\/13\/2020\/07\/LogoNA-4x3-1.jpg","contentUrl":"https:\/\/noti-america.com\/site\/mexico\/wp-content\/uploads\/sites\/13\/2020\/07\/LogoNA-4x3-1.jpg","width":1236,"height":1080,"caption":"Noti-America LLC | M\u00e9xico"},"image":{"@id":"https:\/\/noti-america.com\/site\/mexico\/#\/schema\/logo\/image\/"}},{"@type":"Person","@id":"https:\/\/noti-america.com\/site\/mexico\/#\/schema\/person\/0055de23daadb69055b7fe942f37dcf3","name":"Paloma Olachea","image":{"@type":"ImageObject","inLanguage":"es","@id":"https:\/\/secure.gravatar.com\/avatar\/bdea3a4c796d2085779e77a5d654205f160117a0245752e5d3a2230b2f1e9cce?s=96&d=mm&r=g","url":"https:\/\/secure.gravatar.com\/avatar\/bdea3a4c796d2085779e77a5d654205f160117a0245752e5d3a2230b2f1e9cce?s=96&d=mm&r=g","contentUrl":"https:\/\/secure.gravatar.com\/avatar\/bdea3a4c796d2085779e77a5d654205f160117a0245752e5d3a2230b2f1e9cce?s=96&d=mm&r=g","caption":"Paloma Olachea"},"description":"Egresada de La Universidad Aut\u00f3noma de Baja California Sur, en la Licenciatura de Comunicaci\u00f3n, donde aprendi\u00f3 de los grandes maestros de esta M\u00e1xima Casa de Estudios como lo son: La Maestra Brenda Ramirez, Maestra Rossana Almada, Aletxe Almada, Lic. Francisco Fuentes, Profr. Carrillo de Fotograf\u00eda, Dr. Ruben Olachea , critica cinematogr\u00e1fica en Diplomados, Padre Juan Gom\u00e9z, en el cual desarrollo los temas mas importantes de comunicaci\u00f3n Social y sus teor\u00edas, en el transcurso de estudios, realizo su servicio y practicas profesionales, en la Unidad de Atenci\u00f3n Ciudadana del Gobierno del Estado de Baja California Sur, como asistente de la Lic. Nilda Moreno Armenta, Jefa de departamento de control y gesti\u00f3n Gubernamental en el tiempo de el Lic. Sergio Barron Pinto quien era el Director de la instituci\u00f3n gubernamental. Directora de Click Fotograf\u00eda explica con detalle que ha trabajado para grandes industrias como La Revista Bajacalifornianos.net con el Empresario Edgar Barrag\u00e1n, donde se formo por primera vez en el \u00e1mbito Fotogr\u00e1fico en la Secci\u00f3n Sociales y Ciencia BCS, en la Empresa Metamorphosis de Lic. Yamel Arti\u00f1o, mercadologa, aprendi\u00f3 los diversos temas y t\u00e9cnicas en el ramo de la Mercadotecnia para diferentes empresas y la mas importante para la compa\u00f1\u00eda Telcel, contratada por la Gran Mujer Lic. Cristina Flores, propietaria de Anuncios y Letreros el autodominio, fortaleza y emprendedora al activarse con una comunicaci\u00f3n eficaz, una gran maestra y a la vez una mujer que no se limita a ning\u00fan trabajo publicitario, El Ing. Gerardo Valenzuela de la Empresa Radiof\u00f3nica Radio Mochis Sinaloa y Director de la Revista ABC, el cual tiene un gran aprecio aparte de maestro, Padrino, en el cual ella aprendi\u00f3 a desarrollarse en el \u00e1mbito period\u00edstico, a conocer mas a los grandes ilustres y corresponsales de diferentes medios, en otro punto importante le ha permitido desarrollarse durante 7 a\u00f1os en el \u00e1mbito de programas de edici\u00f3n publicitaria y ahora forma parte de la Asociaci\u00f3n Radio Pace\u00f1ita, Realiza el dise\u00f1o actual de la Revista La Discapacidad en Acci\u00f3n de el C. Francisco Diaz Zu\u00f1iga, entre otras trabajar en el \u00e1rea de ventas con la Dise\u00f1adora Gr\u00e1fica Carmen Wences, en el cual tambi\u00e9n obtuvo asesoramiento y preparaci\u00f3n, entre los medios period\u00edsticos laboro para Mauricio Diaz anterior Director Peninsular Digital, en diversas notas y obtuvo el cambio al \u00e1rea de estad\u00edstica. En la Delegaci\u00f3n de Cabo San Lucas Trabajo con el C. Lucio Chavira propietario de Los Cabos Tve el cual ve como su padre quien le dio apoyo, familia y le dio capacitaci\u00f3n en fotogr\u00e1fica La C. Julia Ruiz de Chavira, ademas de laborar con el Lic. Ricardo del Rio en diversos trabajos de video y edici\u00f3n. Entre sus tantas Actividades labora para La Secretaria de Educaci\u00f3n Publica, primeramente en el Subsistema de Escuelas T\u00e9cnicas y as\u00ed pasado al Subsistema de Telesecundaria, En el DIF Estatal de Baja California Sur, como tallerista y en los Negocios de Banner Publicitario, Alder Dise\u00f1o y Casa Productora Pitahaya Productions como Propietaria, de antemano destacamos una opci\u00f3n mas laboral en el Medio Digital Noti America en el cual su Jefe Rafael Pi\u00f1a Loaiza le da la oportunidad de dar a conocer las noticias a nivel internacional destacando primordial mente su pa\u00eds natal Mexico.","url":"https:\/\/noti-america.com\/site\/mexico\/author\/polachea\/"}]}},"_links":{"self":[{"href":"https:\/\/noti-america.com\/site\/mexico\/wp-json\/wp\/v2\/posts\/612","targetHints":{"allow":["GET"]}}],"collection":[{"href":"https:\/\/noti-america.com\/site\/mexico\/wp-json\/wp\/v2\/posts"}],"about":[{"href":"https:\/\/noti-america.com\/site\/mexico\/wp-json\/wp\/v2\/types\/post"}],"author":[{"embeddable":true,"href":"https:\/\/noti-america.com\/site\/mexico\/wp-json\/wp\/v2\/users\/16"}],"replies":[{"embeddable":true,"href":"https:\/\/noti-america.com\/site\/mexico\/wp-json\/wp\/v2\/comments?post=612"}],"version-history":[{"count":2,"href":"https:\/\/noti-america.com\/site\/mexico\/wp-json\/wp\/v2\/posts\/612\/revisions"}],"predecessor-version":[{"id":619,"href":"https:\/\/noti-america.com\/site\/mexico\/wp-json\/wp\/v2\/posts\/612\/revisions\/619"}],"wp:featuredmedia":[{"embeddable":true,"href":"https:\/\/noti-america.com\/site\/mexico\/wp-json\/wp\/v2\/media\/613"}],"wp:attachment":[{"href":"https:\/\/noti-america.com\/site\/mexico\/wp-json\/wp\/v2\/media?parent=612"}],"wp:term":[{"taxonomy":"category","embeddable":true,"href":"https:\/\/noti-america.com\/site\/mexico\/wp-json\/wp\/v2\/categories?post=612"},{"taxonomy":"post_tag","embeddable":true,"href":"https:\/\/noti-america.com\/site\/mexico\/wp-json\/wp\/v2\/tags?post=612"}],"curies":[{"name":"wp","href":"https:\/\/api.w.org\/{rel}","templated":true}]}}