{"id":6110,"date":"2021-04-17T03:59:23","date_gmt":"2021-04-17T03:59:23","guid":{"rendered":"https:\/\/noti-america.com\/site\/mexico\/?p=6110"},"modified":"2021-04-17T03:59:23","modified_gmt":"2021-04-17T03:59:23","slug":"nuevo-emprendimiento-local-orientado-a-emprendedores-en-uruguay","status":"publish","type":"post","link":"https:\/\/noti-america.com\/site\/mexico\/2021\/04\/17\/nuevo-emprendimiento-local-orientado-a-emprendedores-en-uruguay\/","title":{"rendered":"Nuevo emprendimiento local orientado a Emprendedores en Uruguay"},"content":{"rendered":"<p><strong>Noti-Am\u00e9rica (M\u00e9xico)<\/strong><br \/>\n<strong>Ciudad de M\u00e9xico<\/strong><\/p>\n<p>&nbsp;<\/p>\n<p><strong>Entrevista a Giovanna Fern\u00e1ndez y C\u00e9sar Berni sobre su proyecto \u201cEmprendo con Poder\u201d<\/strong><\/p>\n<p>\u00bfDe qu\u00e9 se trata este proyecto \u201cEmprendo con Poder\u201d?<\/p>\n<p style=\"text-align: justify\">C\u00e9sar: Es un proyecto que nace como apoyo a los emprendedores que desean impulsar su negocio por internet. Vemos que se encuentran ante una realidad m\u00e1s desafiante que lo acostumbrado, teniendo que reinventarse o adaptarse a nuevas formas de consumo y de venta, debido a la pandemia. Dado que nosotros contamos con una experiencia de 12 a\u00f1os desarrollando diferentes negocios de venta de productos y servicios por internet, decidimos aportar todo ese conocimiento a la comunidad de emprendedores.<\/p>\n<p style=\"text-align: justify\">\u00bfPero esto de ayudar a emprendedores, no es nuevo para ustedes verdad?<\/p>\n<p style=\"text-align: justify\">Giovanna: Exactamente, no es algo que surge de ah\u00f3ra sino que en los \u00faltimos a\u00f1os, hemos realizado este tipo de apoyo. Las personas se contactaban viendo mi evoluci\u00f3n a trav\u00e9s de los medios de comunicaci\u00f3n como radio y televisi\u00f3n, seminarios internacionales, conferencias y nuesta reciente linea de productos Alma Feng Shui. Nos ped\u00edan ayuda como mentores, para poder impulsar sus negocios y llevarlos al siguiente nivel.<\/p>\n<p>\u00bfEntonces, si soy un emprendedor, c\u00f3mo me pueden ayudar?<\/p>\n<p style=\"text-align: justify\">C\u00e9sar: Todo el que desee lanzarse al mundo online con su negocio dispondr\u00e1 de capacitaciones gratuitas, un canal de Youtube en d\u00f3nde se compartir\u00e1n ideas de negocios, estrategias y creaci\u00f3n de productos. Tambi\u00e9n estar\u00e9mos brindando talleres orientados a la formaci\u00f3n empresarial desde lo financiero, planificaci\u00f3n estrat\u00e9gica, marketing, empoderamiento empresarial, atenci\u00f3n al cliente, desarrollo de Marca, etc. Tambi\u00e9n ofreceremos servicios de Mentor\u00eda personalizada, d\u00f3nde atenderemos la necesidad de acuerdo a la problem\u00e1tica de cada negocio.<\/p>\n<p>Giovanna: En definitiva, es un apoyo integral, ya que emprender consta de diferentes desaf\u00edos que van m\u00e1s all\u00e1 de crear un producto y venderlo.<\/p>\n<p style=\"text-align: justify\">Por ejemplo, hemos trabajado con personas que cuentan con un gran producto o servicio, pero no saben c\u00f3mo venderlo, o no saben cu\u00e1nto cobrar, o no conf\u00edan en que lo que est\u00e1n haciendo puede tener un verdadero \u00e9xito. Nuestra misi\u00f3n, en definitiva, es capacitarlos, acortar el camino hacia el \u00e9xito y empoderarlos en el proceso.<\/p>\n<p>\u00bfEn qu\u00e9 se diferencia el proyecto \u201cEmprendo con Poder\u201d de cursos de Marketing y negocios?<\/p>\n<p style=\"text-align: justify\">Giovanna: Emprendo con poder es un servicio \u00fanico, aqu\u00ed estamos formando nuevos emprendedores capaces de crear negocios de mayor alcance, validando sus productos de forma m\u00e1s adecuada, abri\u00e9ndose paso en el mercado con mayor fluidez, siendo ellos mismos quienes creen sus estrategias de acuerdo a su negocio y por sobre todo que en ese proceso vayan potenciando sus habilidades y confianza en si mismos.<\/p>\n<p style=\"text-align: justify\">Para lograr esto, el emprendedor necesita trabajar en su empoderamiento mental y emocional. Esta es la clave y aqu\u00ed nosotros somos expertos para guiarlos. Esto nos diferencia de los dem\u00e1s, el abordaje es mucho m\u00e1s profundo que un curso t\u00e9cnico. Aqui saldr\u00e1s potenciado en todos los aspectos.<\/p>\n<p>\u00bfQu\u00e9 estar\u00e1n lanzando el 20 de Abril?<\/p>\n<p>C\u00e9sar: Estar\u00e9mos ofreciendo una capacitaci\u00f3n online en vivo y totalmente gratuita que denominamos \u201cEmprende con mayor \u00e9xtito este 2021\u201d orientada a todo aquel que desee crear o potenciar su negocio por internet.<\/p>\n<p>En esta capacitaci\u00f3n aprender\u00e1s las claves para emprender con mayor \u00e9xito en este 2021.<\/p>\n<ul>\n<li>Nuevas modalidades de negocios<\/li>\n<li>C\u00f3mo generar m\u00e1s ingresos<\/li>\n<li>C\u00f3mo diferenciarte de la competencia y llegar a los clientes<\/li>\n<\/ul>\n<p>Para participar de este taller gratuito, deben comunicarse WhatsApp 094191375<\/p>\n<p>o ingresar al canal de Telegram: Emprendo con Poder<\/p>\n<p>\u00bfCu\u00e1les son las redes sociales d\u00f3nde podemos seguirlos? Facebook: @emprendoconpoder<\/p>\n<p>Instagram: @emprendoconpoder<\/p>\n<p>YouTube (se lanzar\u00e1 el 20 de Abril): Emprendo con Poder<\/p>\n","protected":false},"excerpt":{"rendered":"<p>Noti-Am\u00e9rica (M\u00e9xico) Ciudad de M\u00e9xico &nbsp; Entrevista a Giovanna Fern\u00e1ndez y C\u00e9sar Berni sobre su proyecto \u201cEmprendo con Poder\u201d \u00bfDe qu\u00e9 se trata este proyecto \u201cEmprendo con Poder\u201d? C\u00e9sar: Es un proyecto que nace&#46;&#46;&#46;<\/p>\n","protected":false},"author":87,"featured_media":6111,"comment_status":"open","ping_status":"open","sticky":false,"template":"","format":"gallery","meta":{"_acf_changed":false,"om_disable_all_campaigns":false,"rop_custom_images_group":[],"rop_custom_messages_group":[],"rop_publish_now":"initial","rop_publish_now_accounts":{"twitter_242054905_242054905":""},"rop_publish_now_history":[],"rop_publish_now_status":"pending","_uf_show_specific_survey":0,"_uf_disable_surveys":false,"footnotes":""},"categories":[699,4],"tags":[],"class_list":["post-6110","post","type-post","status-publish","format-gallery","has-post-thumbnail","hentry","category-emprendimiento","category-internacionales","post_format-post-format-gallery"],"acf":[],"aioseo_notices":[],"yoast_head":"<!-- This site is optimized with the Yoast SEO Premium plugin v24.9 (Yoast SEO v27.2) - https:\/\/yoast.com\/product\/yoast-seo-premium-wordpress\/ -->\n<title>Nuevo emprendimiento local orientado a Emprendedores en Uruguay - M\u00e9xico<\/title>\n<meta name=\"robots\" content=\"index, follow, max-snippet:-1, max-image-preview:large, max-video-preview:-1\" \/>\n<link rel=\"canonical\" href=\"https:\/\/noti-america.com\/site\/mexico\/2021\/04\/17\/nuevo-emprendimiento-local-orientado-a-emprendedores-en-uruguay\/\" \/>\n<meta property=\"og:locale\" content=\"es_ES\" \/>\n<meta property=\"og:type\" content=\"article\" \/>\n<meta property=\"og:title\" content=\"Nuevo emprendimiento local orientado a Emprendedores en Uruguay\" \/>\n<meta property=\"og:description\" content=\"Noti-Am\u00e9rica (M\u00e9xico) Ciudad de M\u00e9xico &nbsp; Entrevista a Giovanna Fern\u00e1ndez y C\u00e9sar Berni sobre su proyecto \u201cEmprendo con Poder\u201d \u00bfDe qu\u00e9 se trata este proyecto \u201cEmprendo con Poder\u201d? C\u00e9sar: Es un proyecto que nace&#046;&#046;&#046;\" \/>\n<meta property=\"og:url\" content=\"https:\/\/noti-america.com\/site\/mexico\/2021\/04\/17\/nuevo-emprendimiento-local-orientado-a-emprendedores-en-uruguay\/\" \/>\n<meta property=\"og:site_name\" content=\"M\u00e9xico\" \/>\n<meta property=\"article:published_time\" content=\"2021-04-17T03:59:23+00:00\" \/>\n<meta property=\"og:image\" content=\"https:\/\/noti-america.com\/site\/mexico\/wp-content\/uploads\/sites\/13\/2021\/04\/2_20210413_134747_0001.png\" \/>\n\t<meta property=\"og:image:width\" content=\"1080\" \/>\n\t<meta property=\"og:image:height\" content=\"1080\" \/>\n\t<meta property=\"og:image:type\" content=\"image\/png\" \/>\n<meta name=\"author\" content=\"CAMH\" \/>\n<meta name=\"twitter:card\" content=\"summary_large_image\" \/>\n<meta name=\"twitter:label1\" content=\"Escrito por\" \/>\n\t<meta name=\"twitter:data1\" content=\"CAMH\" \/>\n\t<meta name=\"twitter:label2\" content=\"Tiempo estimado de lectura\" \/>\n\t<meta name=\"twitter:data2\" content=\"3 minutos\" \/>\n<script type=\"application\/ld+json\" class=\"yoast-schema-graph\">{\"@context\":\"https:\/\/schema.org\",\"@graph\":[{\"@type\":\"Article\",\"@id\":\"https:\/\/noti-america.com\/site\/mexico\/2021\/04\/17\/nuevo-emprendimiento-local-orientado-a-emprendedores-en-uruguay\/#article\",\"isPartOf\":{\"@id\":\"https:\/\/noti-america.com\/site\/mexico\/2021\/04\/17\/nuevo-emprendimiento-local-orientado-a-emprendedores-en-uruguay\/\"},\"author\":{\"name\":\"CAMH\",\"@id\":\"https:\/\/noti-america.com\/site\/mexico\/#\/schema\/person\/e13880b4308eea6926b271284605ef72\"},\"headline\":\"Nuevo emprendimiento local orientado a Emprendedores en Uruguay\",\"datePublished\":\"2021-04-17T03:59:23+00:00\",\"mainEntityOfPage\":{\"@id\":\"https:\/\/noti-america.com\/site\/mexico\/2021\/04\/17\/nuevo-emprendimiento-local-orientado-a-emprendedores-en-uruguay\/\"},\"wordCount\":640,\"commentCount\":0,\"publisher\":{\"@id\":\"https:\/\/noti-america.com\/site\/mexico\/#organization\"},\"image\":{\"@id\":\"https:\/\/noti-america.com\/site\/mexico\/2021\/04\/17\/nuevo-emprendimiento-local-orientado-a-emprendedores-en-uruguay\/#primaryimage\"},\"thumbnailUrl\":\"https:\/\/noti-america.com\/site\/mexico\/wp-content\/uploads\/sites\/13\/2021\/04\/2_20210413_134747_0001.png\",\"articleSection\":[\"Emprendimiento\",\"Internacionales\"],\"inLanguage\":\"es\",\"potentialAction\":[{\"@type\":\"CommentAction\",\"name\":\"Comment\",\"target\":[\"https:\/\/noti-america.com\/site\/mexico\/2021\/04\/17\/nuevo-emprendimiento-local-orientado-a-emprendedores-en-uruguay\/#respond\"]}]},{\"@type\":\"WebPage\",\"@id\":\"https:\/\/noti-america.com\/site\/mexico\/2021\/04\/17\/nuevo-emprendimiento-local-orientado-a-emprendedores-en-uruguay\/\",\"url\":\"https:\/\/noti-america.com\/site\/mexico\/2021\/04\/17\/nuevo-emprendimiento-local-orientado-a-emprendedores-en-uruguay\/\",\"name\":\"Nuevo emprendimiento local orientado a Emprendedores en Uruguay - M\u00e9xico\",\"isPartOf\":{\"@id\":\"https:\/\/noti-america.com\/site\/mexico\/#website\"},\"primaryImageOfPage\":{\"@id\":\"https:\/\/noti-america.com\/site\/mexico\/2021\/04\/17\/nuevo-emprendimiento-local-orientado-a-emprendedores-en-uruguay\/#primaryimage\"},\"image\":{\"@id\":\"https:\/\/noti-america.com\/site\/mexico\/2021\/04\/17\/nuevo-emprendimiento-local-orientado-a-emprendedores-en-uruguay\/#primaryimage\"},\"thumbnailUrl\":\"https:\/\/noti-america.com\/site\/mexico\/wp-content\/uploads\/sites\/13\/2021\/04\/2_20210413_134747_0001.png\",\"datePublished\":\"2021-04-17T03:59:23+00:00\",\"breadcrumb\":{\"@id\":\"https:\/\/noti-america.com\/site\/mexico\/2021\/04\/17\/nuevo-emprendimiento-local-orientado-a-emprendedores-en-uruguay\/#breadcrumb\"},\"inLanguage\":\"es\",\"potentialAction\":[{\"@type\":\"ReadAction\",\"target\":[\"https:\/\/noti-america.com\/site\/mexico\/2021\/04\/17\/nuevo-emprendimiento-local-orientado-a-emprendedores-en-uruguay\/\"]}]},{\"@type\":\"ImageObject\",\"inLanguage\":\"es\",\"@id\":\"https:\/\/noti-america.com\/site\/mexico\/2021\/04\/17\/nuevo-emprendimiento-local-orientado-a-emprendedores-en-uruguay\/#primaryimage\",\"url\":\"https:\/\/noti-america.com\/site\/mexico\/wp-content\/uploads\/sites\/13\/2021\/04\/2_20210413_134747_0001.png\",\"contentUrl\":\"https:\/\/noti-america.com\/site\/mexico\/wp-content\/uploads\/sites\/13\/2021\/04\/2_20210413_134747_0001.png\",\"width\":1080,\"height\":1080},{\"@type\":\"BreadcrumbList\",\"@id\":\"https:\/\/noti-america.com\/site\/mexico\/2021\/04\/17\/nuevo-emprendimiento-local-orientado-a-emprendedores-en-uruguay\/#breadcrumb\",\"itemListElement\":[{\"@type\":\"ListItem\",\"position\":1,\"name\":\"Portada\",\"item\":\"https:\/\/noti-america.com\/site\/mexico\/\"},{\"@type\":\"ListItem\",\"position\":2,\"name\":\"Nuevo emprendimiento local orientado a Emprendedores en Uruguay\"}]},{\"@type\":\"WebSite\",\"@id\":\"https:\/\/noti-america.com\/site\/mexico\/#website\",\"url\":\"https:\/\/noti-america.com\/site\/mexico\/\",\"name\":\"M\u00e9xico | Noti-America.com\",\"description\":\"\",\"publisher\":{\"@id\":\"https:\/\/noti-america.com\/site\/mexico\/#organization\"},\"potentialAction\":[{\"@type\":\"SearchAction\",\"target\":{\"@type\":\"EntryPoint\",\"urlTemplate\":\"https:\/\/noti-america.com\/site\/mexico\/?s={search_term_string}\"},\"query-input\":{\"@type\":\"PropertyValueSpecification\",\"valueRequired\":true,\"valueName\":\"search_term_string\"}}],\"inLanguage\":\"es\"},{\"@type\":\"Organization\",\"@id\":\"https:\/\/noti-america.com\/site\/mexico\/#organization\",\"name\":\"Noti-America LLC | M\u00e9xico\",\"url\":\"https:\/\/noti-america.com\/site\/mexico\/\",\"logo\":{\"@type\":\"ImageObject\",\"inLanguage\":\"es\",\"@id\":\"https:\/\/noti-america.com\/site\/mexico\/#\/schema\/logo\/image\/\",\"url\":\"https:\/\/noti-america.com\/site\/mexico\/wp-content\/uploads\/sites\/13\/2020\/07\/LogoNA-4x3-1.jpg\",\"contentUrl\":\"https:\/\/noti-america.com\/site\/mexico\/wp-content\/uploads\/sites\/13\/2020\/07\/LogoNA-4x3-1.jpg\",\"width\":1236,\"height\":1080,\"caption\":\"Noti-America LLC | M\u00e9xico\"},\"image\":{\"@id\":\"https:\/\/noti-america.com\/site\/mexico\/#\/schema\/logo\/image\/\"}},{\"@type\":\"Person\",\"@id\":\"https:\/\/noti-america.com\/site\/mexico\/#\/schema\/person\/e13880b4308eea6926b271284605ef72\",\"name\":\"CAMH\",\"image\":{\"@type\":\"ImageObject\",\"inLanguage\":\"es\",\"@id\":\"https:\/\/secure.gravatar.com\/avatar\/82aa99c723cbed2b304797bc218a5542b5a94d7f5d0ba3b39650aef53c28ecf5?s=96&d=mm&r=g\",\"url\":\"https:\/\/secure.gravatar.com\/avatar\/82aa99c723cbed2b304797bc218a5542b5a94d7f5d0ba3b39650aef53c28ecf5?s=96&d=mm&r=g\",\"contentUrl\":\"https:\/\/secure.gravatar.com\/avatar\/82aa99c723cbed2b304797bc218a5542b5a94d7f5d0ba3b39650aef53c28ecf5?s=96&d=mm&r=g\",\"caption\":\"CAMH\"},\"url\":\"https:\/\/noti-america.com\/site\/mexico\/author\/cmitchell\/\"}]}<\/script>\n<!-- \/ Yoast SEO Premium plugin. -->","yoast_head_json":{"title":"Nuevo emprendimiento local orientado a Emprendedores en Uruguay - M\u00e9xico","robots":{"index":"index","follow":"follow","max-snippet":"max-snippet:-1","max-image-preview":"max-image-preview:large","max-video-preview":"max-video-preview:-1"},"canonical":"https:\/\/noti-america.com\/site\/mexico\/2021\/04\/17\/nuevo-emprendimiento-local-orientado-a-emprendedores-en-uruguay\/","og_locale":"es_ES","og_type":"article","og_title":"Nuevo emprendimiento local orientado a Emprendedores en Uruguay","og_description":"Noti-Am\u00e9rica (M\u00e9xico) Ciudad de M\u00e9xico &nbsp; Entrevista a Giovanna Fern\u00e1ndez y C\u00e9sar Berni sobre su proyecto \u201cEmprendo con Poder\u201d \u00bfDe qu\u00e9 se trata este proyecto \u201cEmprendo con Poder\u201d? C\u00e9sar: Es un proyecto que nace&#46;&#46;&#46;","og_url":"https:\/\/noti-america.com\/site\/mexico\/2021\/04\/17\/nuevo-emprendimiento-local-orientado-a-emprendedores-en-uruguay\/","og_site_name":"M\u00e9xico","article_published_time":"2021-04-17T03:59:23+00:00","og_image":[{"width":1080,"height":1080,"url":"https:\/\/noti-america.com\/site\/mexico\/wp-content\/uploads\/sites\/13\/2021\/04\/2_20210413_134747_0001.png","type":"image\/png"}],"author":"CAMH","twitter_card":"summary_large_image","twitter_misc":{"Escrito por":"CAMH","Tiempo estimado de lectura":"3 minutos"},"schema":{"@context":"https:\/\/schema.org","@graph":[{"@type":"Article","@id":"https:\/\/noti-america.com\/site\/mexico\/2021\/04\/17\/nuevo-emprendimiento-local-orientado-a-emprendedores-en-uruguay\/#article","isPartOf":{"@id":"https:\/\/noti-america.com\/site\/mexico\/2021\/04\/17\/nuevo-emprendimiento-local-orientado-a-emprendedores-en-uruguay\/"},"author":{"name":"CAMH","@id":"https:\/\/noti-america.com\/site\/mexico\/#\/schema\/person\/e13880b4308eea6926b271284605ef72"},"headline":"Nuevo emprendimiento local orientado a Emprendedores en Uruguay","datePublished":"2021-04-17T03:59:23+00:00","mainEntityOfPage":{"@id":"https:\/\/noti-america.com\/site\/mexico\/2021\/04\/17\/nuevo-emprendimiento-local-orientado-a-emprendedores-en-uruguay\/"},"wordCount":640,"commentCount":0,"publisher":{"@id":"https:\/\/noti-america.com\/site\/mexico\/#organization"},"image":{"@id":"https:\/\/noti-america.com\/site\/mexico\/2021\/04\/17\/nuevo-emprendimiento-local-orientado-a-emprendedores-en-uruguay\/#primaryimage"},"thumbnailUrl":"https:\/\/noti-america.com\/site\/mexico\/wp-content\/uploads\/sites\/13\/2021\/04\/2_20210413_134747_0001.png","articleSection":["Emprendimiento","Internacionales"],"inLanguage":"es","potentialAction":[{"@type":"CommentAction","name":"Comment","target":["https:\/\/noti-america.com\/site\/mexico\/2021\/04\/17\/nuevo-emprendimiento-local-orientado-a-emprendedores-en-uruguay\/#respond"]}]},{"@type":"WebPage","@id":"https:\/\/noti-america.com\/site\/mexico\/2021\/04\/17\/nuevo-emprendimiento-local-orientado-a-emprendedores-en-uruguay\/","url":"https:\/\/noti-america.com\/site\/mexico\/2021\/04\/17\/nuevo-emprendimiento-local-orientado-a-emprendedores-en-uruguay\/","name":"Nuevo emprendimiento local orientado a Emprendedores en Uruguay - M\u00e9xico","isPartOf":{"@id":"https:\/\/noti-america.com\/site\/mexico\/#website"},"primaryImageOfPage":{"@id":"https:\/\/noti-america.com\/site\/mexico\/2021\/04\/17\/nuevo-emprendimiento-local-orientado-a-emprendedores-en-uruguay\/#primaryimage"},"image":{"@id":"https:\/\/noti-america.com\/site\/mexico\/2021\/04\/17\/nuevo-emprendimiento-local-orientado-a-emprendedores-en-uruguay\/#primaryimage"},"thumbnailUrl":"https:\/\/noti-america.com\/site\/mexico\/wp-content\/uploads\/sites\/13\/2021\/04\/2_20210413_134747_0001.png","datePublished":"2021-04-17T03:59:23+00:00","breadcrumb":{"@id":"https:\/\/noti-america.com\/site\/mexico\/2021\/04\/17\/nuevo-emprendimiento-local-orientado-a-emprendedores-en-uruguay\/#breadcrumb"},"inLanguage":"es","potentialAction":[{"@type":"ReadAction","target":["https:\/\/noti-america.com\/site\/mexico\/2021\/04\/17\/nuevo-emprendimiento-local-orientado-a-emprendedores-en-uruguay\/"]}]},{"@type":"ImageObject","inLanguage":"es","@id":"https:\/\/noti-america.com\/site\/mexico\/2021\/04\/17\/nuevo-emprendimiento-local-orientado-a-emprendedores-en-uruguay\/#primaryimage","url":"https:\/\/noti-america.com\/site\/mexico\/wp-content\/uploads\/sites\/13\/2021\/04\/2_20210413_134747_0001.png","contentUrl":"https:\/\/noti-america.com\/site\/mexico\/wp-content\/uploads\/sites\/13\/2021\/04\/2_20210413_134747_0001.png","width":1080,"height":1080},{"@type":"BreadcrumbList","@id":"https:\/\/noti-america.com\/site\/mexico\/2021\/04\/17\/nuevo-emprendimiento-local-orientado-a-emprendedores-en-uruguay\/#breadcrumb","itemListElement":[{"@type":"ListItem","position":1,"name":"Portada","item":"https:\/\/noti-america.com\/site\/mexico\/"},{"@type":"ListItem","position":2,"name":"Nuevo emprendimiento local orientado a Emprendedores en Uruguay"}]},{"@type":"WebSite","@id":"https:\/\/noti-america.com\/site\/mexico\/#website","url":"https:\/\/noti-america.com\/site\/mexico\/","name":"M\u00e9xico | Noti-America.com","description":"","publisher":{"@id":"https:\/\/noti-america.com\/site\/mexico\/#organization"},"potentialAction":[{"@type":"SearchAction","target":{"@type":"EntryPoint","urlTemplate":"https:\/\/noti-america.com\/site\/mexico\/?s={search_term_string}"},"query-input":{"@type":"PropertyValueSpecification","valueRequired":true,"valueName":"search_term_string"}}],"inLanguage":"es"},{"@type":"Organization","@id":"https:\/\/noti-america.com\/site\/mexico\/#organization","name":"Noti-America LLC | M\u00e9xico","url":"https:\/\/noti-america.com\/site\/mexico\/","logo":{"@type":"ImageObject","inLanguage":"es","@id":"https:\/\/noti-america.com\/site\/mexico\/#\/schema\/logo\/image\/","url":"https:\/\/noti-america.com\/site\/mexico\/wp-content\/uploads\/sites\/13\/2020\/07\/LogoNA-4x3-1.jpg","contentUrl":"https:\/\/noti-america.com\/site\/mexico\/wp-content\/uploads\/sites\/13\/2020\/07\/LogoNA-4x3-1.jpg","width":1236,"height":1080,"caption":"Noti-America LLC | M\u00e9xico"},"image":{"@id":"https:\/\/noti-america.com\/site\/mexico\/#\/schema\/logo\/image\/"}},{"@type":"Person","@id":"https:\/\/noti-america.com\/site\/mexico\/#\/schema\/person\/e13880b4308eea6926b271284605ef72","name":"CAMH","image":{"@type":"ImageObject","inLanguage":"es","@id":"https:\/\/secure.gravatar.com\/avatar\/82aa99c723cbed2b304797bc218a5542b5a94d7f5d0ba3b39650aef53c28ecf5?s=96&d=mm&r=g","url":"https:\/\/secure.gravatar.com\/avatar\/82aa99c723cbed2b304797bc218a5542b5a94d7f5d0ba3b39650aef53c28ecf5?s=96&d=mm&r=g","contentUrl":"https:\/\/secure.gravatar.com\/avatar\/82aa99c723cbed2b304797bc218a5542b5a94d7f5d0ba3b39650aef53c28ecf5?s=96&d=mm&r=g","caption":"CAMH"},"url":"https:\/\/noti-america.com\/site\/mexico\/author\/cmitchell\/"}]}},"_links":{"self":[{"href":"https:\/\/noti-america.com\/site\/mexico\/wp-json\/wp\/v2\/posts\/6110","targetHints":{"allow":["GET"]}}],"collection":[{"href":"https:\/\/noti-america.com\/site\/mexico\/wp-json\/wp\/v2\/posts"}],"about":[{"href":"https:\/\/noti-america.com\/site\/mexico\/wp-json\/wp\/v2\/types\/post"}],"author":[{"embeddable":true,"href":"https:\/\/noti-america.com\/site\/mexico\/wp-json\/wp\/v2\/users\/87"}],"replies":[{"embeddable":true,"href":"https:\/\/noti-america.com\/site\/mexico\/wp-json\/wp\/v2\/comments?post=6110"}],"version-history":[{"count":1,"href":"https:\/\/noti-america.com\/site\/mexico\/wp-json\/wp\/v2\/posts\/6110\/revisions"}],"predecessor-version":[{"id":6113,"href":"https:\/\/noti-america.com\/site\/mexico\/wp-json\/wp\/v2\/posts\/6110\/revisions\/6113"}],"wp:featuredmedia":[{"embeddable":true,"href":"https:\/\/noti-america.com\/site\/mexico\/wp-json\/wp\/v2\/media\/6111"}],"wp:attachment":[{"href":"https:\/\/noti-america.com\/site\/mexico\/wp-json\/wp\/v2\/media?parent=6110"}],"wp:term":[{"taxonomy":"category","embeddable":true,"href":"https:\/\/noti-america.com\/site\/mexico\/wp-json\/wp\/v2\/categories?post=6110"},{"taxonomy":"post_tag","embeddable":true,"href":"https:\/\/noti-america.com\/site\/mexico\/wp-json\/wp\/v2\/tags?post=6110"}],"curies":[{"name":"wp","href":"https:\/\/api.w.org\/{rel}","templated":true}]}}