{"id":6037,"date":"2021-01-23T17:18:59","date_gmt":"2021-01-23T17:18:59","guid":{"rendered":"https:\/\/noti-america.com\/site\/mexico\/2021\/01\/23\/lopez-obrador-y-biden-mantienen-primera-conversacion-como-jefes-de-estado\/"},"modified":"2021-01-23T17:18:59","modified_gmt":"2021-01-23T17:18:59","slug":"lopez-obrador-y-biden-mantienen-primera-conversacion-como-jefes-de-estado","status":"publish","type":"post","link":"https:\/\/noti-america.com\/site\/mexico\/2021\/01\/23\/lopez-obrador-y-biden-mantienen-primera-conversacion-como-jefes-de-estado\/","title":{"rendered":"L\u00f3pez Obrador y Biden mantienen primera conversaci\u00f3n como jefes de Estado"},"content":{"rendered":"<p>TEXAS | Noti-America.com<\/p>\n<div class=\"post-top\">\n<h1 class=\"post-title\">L\u00f3pez Obrador y Biden mantienen primera conversaci\u00f3n como jefes de Estado<\/h1>\n<div class=\"field field--name-field-subtitulo field--type-string field--label-hidden field__item\">Mientras empieza el segundo juicio pol\u00edtico contra\u00a0 Donald Trump por \u00abincitar a la insurrecci\u00f3n\u00bb con el asalto al Capitolio<\/div>\n<div class=\"field field--name-field-autor field--type-entity-reference field--label-hidden field__item\"><a href=\"https:\/\/atalayar.com\/taxonomy\/term\/1183\" hreflang=\"es\">EFE\u00a0<\/a><\/div>\n<\/div>\n<div class=\"post-thumbnail\">\n<div class=\"field field--name-field-image field--type-image field--label-hidden field__item\"><img decoding=\"async\" src=\"https:\/\/atalayar.com\/sites\/default\/files\/styles\/foto_\/public\/noticias\/CARRUSEL_304_0.jpg?itok=zTdPlV4F\" alt=\"L\u00f3pez Obrador y Biden mantienen primera conversaci\u00f3n como jefes de Estado\u00a0\" \/><\/div>\n<div class=\"pie-foto\">\n<p>\u00a0&#8211;<\/p>\n<\/div>\n<\/div>\n<div class=\"post-content\">\n<div class=\"node__content clearfix\">\n<div class=\"field field--name-body field--type-text-with-summary field--label-hidden field__item\">\n<p><strong>El presidente de M\u00e9xico, Andr\u00e9s Manuel L\u00f3pez Obrador, mantuvo este viernes con el nuevo presidente de Estados Unidos, Joe Biden, su primera conversaci\u00f3n como jefes de Estado,<\/strong>\u00a0en la que trataron temas como la migraci\u00f3n, la pandemia de la covid-19 y la cooperaci\u00f3n para el desarrollo.<\/p>\n<p>\u00abConversamos con el presidente Biden, fue amable y respetuoso. Tratamos asuntos relacionados con la migraci\u00f3n, el #COVID19 y la cooperaci\u00f3n para el desarrollo y el bienestar\u00bb, dijo L\u00f3pez Obrador en un mensaje.<\/p>\n<p><strong>\u00abTodo indica que ser\u00e1n buenas las relaciones por el bien de nuestros pueblos y naciones\u00bb<\/strong>, a\u00f1adi\u00f3 el mandatario mexicano, quien comparti\u00f3 una fotograf\u00eda en la que estaba acompa\u00f1ado por el canciller Marcelo Ebrard y el exjefe de la oficina de la presidencia, Alfonso Romo.<\/p>\n<p>En un comunicado, la Secretar\u00eda de Relaciones Exteriores de M\u00e9xico inform\u00f3 que la llamada ocurri\u00f3 desde la ciudad de Monterrey, al norte del pa\u00eds y, en ella, L\u00f3pez Obrador felicit\u00f3 al presidente Biden por su reciente toma de protesta, le expres\u00f3 sus mejores deseos para su gesti\u00f3n y le manifest\u00f3 la voluntad de su gobierno de trabajar conjuntamente en la amplia agenda bilateral.<\/p>\n<p><strong>La nota indic\u00f3 que durante la conversaci\u00f3n, el mandatario mexicano celebr\u00f3 el reconocimiento a las aportaciones de la comunidad migrante mexicana en EE.UU<\/strong>. y reiter\u00f3 la tesis de M\u00e9xico, seg\u00fan la cual la soluci\u00f3n de fondo al fen\u00f3meno de la migraci\u00f3n pasa por la promoci\u00f3n del desarrollo en las comunidades de origen.<\/p>\n<p>Ambos presidentes acordaron que los equipos de ambos pa\u00edses trabajar\u00e1n en conjunto para avanzar en un planteamiento com\u00fan de desarrollo y bienestar.<\/p>\n<p><img decoding=\"async\" src=\"https:\/\/atalayar.com\/sites\/default\/files\/inline-images\/Atalayar_Protestas%20inmigraci%C3%B3n_0.jpg\" alt=\"Immigrantes mexicanos \" data-entity-type=\"file\" data-entity-uuid=\"15b17441-6f1a-4af9-828a-1f7c89dde28c\" \/><\/p>\n<p><strong>Adem\u00e1s, conversaron sobre el desaf\u00edo que representa la pandemia de Covid-19\u00a0<\/strong>y subrayaron que se requiere de una cooperaci\u00f3n efectiva entre las naciones para combatirla.<\/p>\n<p>La llamada de Biden con L\u00f3pez Obrador ocurri\u00f3 tras hablar con el primer ministro canadiense, Justin Trudeau, que fue el primer l\u00edder extranjero al que llam\u00f3 desde que lleg\u00f3 al poder el pasado mi\u00e9rcoles.<\/p>\n<p><strong>El contacto telef\u00f3nico se dio un d\u00eda despu\u00e9s de que L\u00f3pez Obrador asegur\u00f3 en su conferencia de prensa matutina que no hac\u00eda falta una llamada entre mandatarios<\/strong>\u00a0dado que funcionarios de alto nivel de ambos Gobiernos \u00abya est\u00e1n enlazados\u00bb.<\/p>\n<p>\u00abNo hace falta, le deseamos lo mejor y con nosotros no va a haber problema. Lo sabe y nosotros sabemos que no vamos a tener ning\u00fan problema con su Gobierno\u00bb, expres\u00f3 el mexicano.<\/p>\n<p>L\u00f3pez Obrador, que conoci\u00f3 a Biden en 2012 cuando este era vicepresidente de Estados Unidos, ya habl\u00f3 por tel\u00e9fono con el dem\u00f3crata el pasado 19 de diciembre despu\u00e9s de que fuera declarado presidente electo.<\/p>\n<p><strong>\u00abReafirmamos el compromiso de trabajar juntos por el bienestar de nuestros pueblos y naciones\u00bb<\/strong>, revel\u00f3 entonces L\u00f3pez Obrador en sus redes.<\/p>\n<p>Desde que Biden asumi\u00f3 el poder, L\u00f3pez Obrador ha expresado en varias ocasiones que coincide con los \u00abplanteamientos principales\u00bb del dem\u00f3crata, especialmente en materia migratoria, y ha celebrado la suspensi\u00f3n de la construcci\u00f3n del muro fronterizo.<\/p>\n<\/div>\n<\/div>\n<\/div>\n","protected":false},"excerpt":{"rendered":"<p>TEXAS | Noti-America.com L\u00f3pez Obrador y Biden mantienen primera conversaci\u00f3n como jefes de Estado Mientras empieza el segundo juicio pol\u00edtico contra\u00a0 Donald Trump por \u00abincitar a la insurrecci\u00f3n\u00bb con el asalto al Capitolio EFE\u00a0&#46;&#46;&#46;<\/p>\n","protected":false},"author":2,"featured_media":6038,"comment_status":"open","ping_status":"open","sticky":false,"template":"","format":"standard","meta":{"_acf_changed":false,"om_disable_all_campaigns":false,"rop_custom_images_group":[],"rop_custom_messages_group":[],"rop_publish_now":"initial","rop_publish_now_accounts":{"twitter_242054905_242054905":""},"rop_publish_now_history":[],"rop_publish_now_status":"pending","_uf_show_specific_survey":0,"_uf_disable_surveys":false,"footnotes":""},"categories":[3],"tags":[],"class_list":["post-6037","post","type-post","status-publish","format-standard","has-post-thumbnail","hentry","category-politica"],"acf":[],"aioseo_notices":[],"yoast_head":"<!-- This site is optimized with the Yoast SEO Premium plugin v24.9 (Yoast SEO v27.2) - https:\/\/yoast.com\/product\/yoast-seo-premium-wordpress\/ -->\n<title>L\u00f3pez Obrador y Biden mantienen primera conversaci\u00f3n como jefes de Estado - M\u00e9xico<\/title>\n<meta name=\"robots\" content=\"index, follow, max-snippet:-1, max-image-preview:large, max-video-preview:-1\" \/>\n<link rel=\"canonical\" href=\"https:\/\/noti-america.com\/site\/mexico\/2021\/01\/23\/lopez-obrador-y-biden-mantienen-primera-conversacion-como-jefes-de-estado\/\" \/>\n<meta property=\"og:locale\" content=\"es_ES\" \/>\n<meta property=\"og:type\" content=\"article\" \/>\n<meta property=\"og:title\" content=\"L\u00f3pez Obrador y Biden mantienen primera conversaci\u00f3n como jefes de Estado\" \/>\n<meta property=\"og:description\" content=\"TEXAS | Noti-America.com L\u00f3pez Obrador y Biden mantienen primera conversaci\u00f3n como jefes de Estado Mientras empieza el segundo juicio pol\u00edtico contra\u00a0 Donald Trump por \u00abincitar a la insurrecci\u00f3n\u00bb con el asalto al Capitolio EFE\u00a0&#046;&#046;&#046;\" \/>\n<meta property=\"og:url\" content=\"https:\/\/noti-america.com\/site\/mexico\/2021\/01\/23\/lopez-obrador-y-biden-mantienen-primera-conversacion-como-jefes-de-estado\/\" \/>\n<meta property=\"og:site_name\" content=\"M\u00e9xico\" \/>\n<meta property=\"article:published_time\" content=\"2021-01-23T17:18:59+00:00\" \/>\n<meta property=\"og:image\" content=\"https:\/\/noti-america.com\/site\/mexico\/wp-content\/uploads\/sites\/13\/2021\/01\/CARRUSEL_304_0.jpg\" \/>\n\t<meta property=\"og:image:width\" content=\"813\" \/>\n\t<meta property=\"og:image:height\" content=\"558\" \/>\n\t<meta property=\"og:image:type\" content=\"image\/jpeg\" \/>\n<meta name=\"author\" content=\"rloaiza\" \/>\n<meta name=\"twitter:card\" content=\"summary_large_image\" \/>\n<meta name=\"twitter:label1\" content=\"Escrito por\" \/>\n\t<meta name=\"twitter:data1\" content=\"rloaiza\" \/>\n\t<meta name=\"twitter:label2\" content=\"Tiempo estimado de lectura\" \/>\n\t<meta name=\"twitter:data2\" content=\"3 minutos\" \/>\n<script type=\"application\/ld+json\" class=\"yoast-schema-graph\">{\"@context\":\"https:\/\/schema.org\",\"@graph\":[{\"@type\":\"Article\",\"@id\":\"https:\/\/noti-america.com\/site\/mexico\/2021\/01\/23\/lopez-obrador-y-biden-mantienen-primera-conversacion-como-jefes-de-estado\/#article\",\"isPartOf\":{\"@id\":\"https:\/\/noti-america.com\/site\/mexico\/2021\/01\/23\/lopez-obrador-y-biden-mantienen-primera-conversacion-como-jefes-de-estado\/\"},\"author\":{\"name\":\"rloaiza\",\"@id\":\"https:\/\/noti-america.com\/site\/mexico\/#\/schema\/person\/a2e478ba496331ce89bcd0c731cd6533\"},\"headline\":\"L\u00f3pez Obrador y Biden mantienen primera conversaci\u00f3n como jefes de Estado\",\"datePublished\":\"2021-01-23T17:18:59+00:00\",\"mainEntityOfPage\":{\"@id\":\"https:\/\/noti-america.com\/site\/mexico\/2021\/01\/23\/lopez-obrador-y-biden-mantienen-primera-conversacion-como-jefes-de-estado\/\"},\"wordCount\":582,\"commentCount\":0,\"publisher\":{\"@id\":\"https:\/\/noti-america.com\/site\/mexico\/#organization\"},\"image\":{\"@id\":\"https:\/\/noti-america.com\/site\/mexico\/2021\/01\/23\/lopez-obrador-y-biden-mantienen-primera-conversacion-como-jefes-de-estado\/#primaryimage\"},\"thumbnailUrl\":\"https:\/\/noti-america.com\/site\/mexico\/wp-content\/uploads\/sites\/13\/2021\/01\/CARRUSEL_304_0.jpg\",\"articleSection\":[\"Pol\u00edtica\"],\"inLanguage\":\"es\",\"potentialAction\":[{\"@type\":\"CommentAction\",\"name\":\"Comment\",\"target\":[\"https:\/\/noti-america.com\/site\/mexico\/2021\/01\/23\/lopez-obrador-y-biden-mantienen-primera-conversacion-como-jefes-de-estado\/#respond\"]}]},{\"@type\":\"WebPage\",\"@id\":\"https:\/\/noti-america.com\/site\/mexico\/2021\/01\/23\/lopez-obrador-y-biden-mantienen-primera-conversacion-como-jefes-de-estado\/\",\"url\":\"https:\/\/noti-america.com\/site\/mexico\/2021\/01\/23\/lopez-obrador-y-biden-mantienen-primera-conversacion-como-jefes-de-estado\/\",\"name\":\"L\u00f3pez Obrador y Biden mantienen primera conversaci\u00f3n como jefes de Estado - M\u00e9xico\",\"isPartOf\":{\"@id\":\"https:\/\/noti-america.com\/site\/mexico\/#website\"},\"primaryImageOfPage\":{\"@id\":\"https:\/\/noti-america.com\/site\/mexico\/2021\/01\/23\/lopez-obrador-y-biden-mantienen-primera-conversacion-como-jefes-de-estado\/#primaryimage\"},\"image\":{\"@id\":\"https:\/\/noti-america.com\/site\/mexico\/2021\/01\/23\/lopez-obrador-y-biden-mantienen-primera-conversacion-como-jefes-de-estado\/#primaryimage\"},\"thumbnailUrl\":\"https:\/\/noti-america.com\/site\/mexico\/wp-content\/uploads\/sites\/13\/2021\/01\/CARRUSEL_304_0.jpg\",\"datePublished\":\"2021-01-23T17:18:59+00:00\",\"breadcrumb\":{\"@id\":\"https:\/\/noti-america.com\/site\/mexico\/2021\/01\/23\/lopez-obrador-y-biden-mantienen-primera-conversacion-como-jefes-de-estado\/#breadcrumb\"},\"inLanguage\":\"es\",\"potentialAction\":[{\"@type\":\"ReadAction\",\"target\":[\"https:\/\/noti-america.com\/site\/mexico\/2021\/01\/23\/lopez-obrador-y-biden-mantienen-primera-conversacion-como-jefes-de-estado\/\"]}]},{\"@type\":\"ImageObject\",\"inLanguage\":\"es\",\"@id\":\"https:\/\/noti-america.com\/site\/mexico\/2021\/01\/23\/lopez-obrador-y-biden-mantienen-primera-conversacion-como-jefes-de-estado\/#primaryimage\",\"url\":\"https:\/\/noti-america.com\/site\/mexico\/wp-content\/uploads\/sites\/13\/2021\/01\/CARRUSEL_304_0.jpg\",\"contentUrl\":\"https:\/\/noti-america.com\/site\/mexico\/wp-content\/uploads\/sites\/13\/2021\/01\/CARRUSEL_304_0.jpg\",\"width\":813,\"height\":558},{\"@type\":\"BreadcrumbList\",\"@id\":\"https:\/\/noti-america.com\/site\/mexico\/2021\/01\/23\/lopez-obrador-y-biden-mantienen-primera-conversacion-como-jefes-de-estado\/#breadcrumb\",\"itemListElement\":[{\"@type\":\"ListItem\",\"position\":1,\"name\":\"Portada\",\"item\":\"https:\/\/noti-america.com\/site\/mexico\/\"},{\"@type\":\"ListItem\",\"position\":2,\"name\":\"L\u00f3pez Obrador y Biden mantienen primera conversaci\u00f3n como jefes de Estado\"}]},{\"@type\":\"WebSite\",\"@id\":\"https:\/\/noti-america.com\/site\/mexico\/#website\",\"url\":\"https:\/\/noti-america.com\/site\/mexico\/\",\"name\":\"M\u00e9xico | Noti-America.com\",\"description\":\"\",\"publisher\":{\"@id\":\"https:\/\/noti-america.com\/site\/mexico\/#organization\"},\"potentialAction\":[{\"@type\":\"SearchAction\",\"target\":{\"@type\":\"EntryPoint\",\"urlTemplate\":\"https:\/\/noti-america.com\/site\/mexico\/?s={search_term_string}\"},\"query-input\":{\"@type\":\"PropertyValueSpecification\",\"valueRequired\":true,\"valueName\":\"search_term_string\"}}],\"inLanguage\":\"es\"},{\"@type\":\"Organization\",\"@id\":\"https:\/\/noti-america.com\/site\/mexico\/#organization\",\"name\":\"Noti-America LLC | M\u00e9xico\",\"url\":\"https:\/\/noti-america.com\/site\/mexico\/\",\"logo\":{\"@type\":\"ImageObject\",\"inLanguage\":\"es\",\"@id\":\"https:\/\/noti-america.com\/site\/mexico\/#\/schema\/logo\/image\/\",\"url\":\"https:\/\/noti-america.com\/site\/mexico\/wp-content\/uploads\/sites\/13\/2020\/07\/LogoNA-4x3-1.jpg\",\"contentUrl\":\"https:\/\/noti-america.com\/site\/mexico\/wp-content\/uploads\/sites\/13\/2020\/07\/LogoNA-4x3-1.jpg\",\"width\":1236,\"height\":1080,\"caption\":\"Noti-America LLC | M\u00e9xico\"},\"image\":{\"@id\":\"https:\/\/noti-america.com\/site\/mexico\/#\/schema\/logo\/image\/\"}},{\"@type\":\"Person\",\"@id\":\"https:\/\/noti-america.com\/site\/mexico\/#\/schema\/person\/a2e478ba496331ce89bcd0c731cd6533\",\"name\":\"rloaiza\",\"image\":{\"@type\":\"ImageObject\",\"inLanguage\":\"es\",\"@id\":\"https:\/\/secure.gravatar.com\/avatar\/190058e5d4427934610b99c45aa7a6558806850adedd53ddeddd194b04773e22?s=96&d=mm&r=g\",\"url\":\"https:\/\/secure.gravatar.com\/avatar\/190058e5d4427934610b99c45aa7a6558806850adedd53ddeddd194b04773e22?s=96&d=mm&r=g\",\"contentUrl\":\"https:\/\/secure.gravatar.com\/avatar\/190058e5d4427934610b99c45aa7a6558806850adedd53ddeddd194b04773e22?s=96&d=mm&r=g\",\"caption\":\"rloaiza\"},\"url\":\"https:\/\/noti-america.com\/site\/mexico\/author\/rloaiza\/\"}]}<\/script>\n<!-- \/ Yoast SEO Premium plugin. -->","yoast_head_json":{"title":"L\u00f3pez Obrador y Biden mantienen primera conversaci\u00f3n como jefes de Estado - M\u00e9xico","robots":{"index":"index","follow":"follow","max-snippet":"max-snippet:-1","max-image-preview":"max-image-preview:large","max-video-preview":"max-video-preview:-1"},"canonical":"https:\/\/noti-america.com\/site\/mexico\/2021\/01\/23\/lopez-obrador-y-biden-mantienen-primera-conversacion-como-jefes-de-estado\/","og_locale":"es_ES","og_type":"article","og_title":"L\u00f3pez Obrador y Biden mantienen primera conversaci\u00f3n como jefes de Estado","og_description":"TEXAS | Noti-America.com L\u00f3pez Obrador y Biden mantienen primera conversaci\u00f3n como jefes de Estado Mientras empieza el segundo juicio pol\u00edtico contra\u00a0 Donald Trump por \u00abincitar a la insurrecci\u00f3n\u00bb con el asalto al Capitolio EFE\u00a0&#46;&#46;&#46;","og_url":"https:\/\/noti-america.com\/site\/mexico\/2021\/01\/23\/lopez-obrador-y-biden-mantienen-primera-conversacion-como-jefes-de-estado\/","og_site_name":"M\u00e9xico","article_published_time":"2021-01-23T17:18:59+00:00","og_image":[{"width":813,"height":558,"url":"https:\/\/noti-america.com\/site\/mexico\/wp-content\/uploads\/sites\/13\/2021\/01\/CARRUSEL_304_0.jpg","type":"image\/jpeg"}],"author":"rloaiza","twitter_card":"summary_large_image","twitter_misc":{"Escrito por":"rloaiza","Tiempo estimado de lectura":"3 minutos"},"schema":{"@context":"https:\/\/schema.org","@graph":[{"@type":"Article","@id":"https:\/\/noti-america.com\/site\/mexico\/2021\/01\/23\/lopez-obrador-y-biden-mantienen-primera-conversacion-como-jefes-de-estado\/#article","isPartOf":{"@id":"https:\/\/noti-america.com\/site\/mexico\/2021\/01\/23\/lopez-obrador-y-biden-mantienen-primera-conversacion-como-jefes-de-estado\/"},"author":{"name":"rloaiza","@id":"https:\/\/noti-america.com\/site\/mexico\/#\/schema\/person\/a2e478ba496331ce89bcd0c731cd6533"},"headline":"L\u00f3pez Obrador y Biden mantienen primera conversaci\u00f3n como jefes de Estado","datePublished":"2021-01-23T17:18:59+00:00","mainEntityOfPage":{"@id":"https:\/\/noti-america.com\/site\/mexico\/2021\/01\/23\/lopez-obrador-y-biden-mantienen-primera-conversacion-como-jefes-de-estado\/"},"wordCount":582,"commentCount":0,"publisher":{"@id":"https:\/\/noti-america.com\/site\/mexico\/#organization"},"image":{"@id":"https:\/\/noti-america.com\/site\/mexico\/2021\/01\/23\/lopez-obrador-y-biden-mantienen-primera-conversacion-como-jefes-de-estado\/#primaryimage"},"thumbnailUrl":"https:\/\/noti-america.com\/site\/mexico\/wp-content\/uploads\/sites\/13\/2021\/01\/CARRUSEL_304_0.jpg","articleSection":["Pol\u00edtica"],"inLanguage":"es","potentialAction":[{"@type":"CommentAction","name":"Comment","target":["https:\/\/noti-america.com\/site\/mexico\/2021\/01\/23\/lopez-obrador-y-biden-mantienen-primera-conversacion-como-jefes-de-estado\/#respond"]}]},{"@type":"WebPage","@id":"https:\/\/noti-america.com\/site\/mexico\/2021\/01\/23\/lopez-obrador-y-biden-mantienen-primera-conversacion-como-jefes-de-estado\/","url":"https:\/\/noti-america.com\/site\/mexico\/2021\/01\/23\/lopez-obrador-y-biden-mantienen-primera-conversacion-como-jefes-de-estado\/","name":"L\u00f3pez Obrador y Biden mantienen primera conversaci\u00f3n como jefes de Estado - M\u00e9xico","isPartOf":{"@id":"https:\/\/noti-america.com\/site\/mexico\/#website"},"primaryImageOfPage":{"@id":"https:\/\/noti-america.com\/site\/mexico\/2021\/01\/23\/lopez-obrador-y-biden-mantienen-primera-conversacion-como-jefes-de-estado\/#primaryimage"},"image":{"@id":"https:\/\/noti-america.com\/site\/mexico\/2021\/01\/23\/lopez-obrador-y-biden-mantienen-primera-conversacion-como-jefes-de-estado\/#primaryimage"},"thumbnailUrl":"https:\/\/noti-america.com\/site\/mexico\/wp-content\/uploads\/sites\/13\/2021\/01\/CARRUSEL_304_0.jpg","datePublished":"2021-01-23T17:18:59+00:00","breadcrumb":{"@id":"https:\/\/noti-america.com\/site\/mexico\/2021\/01\/23\/lopez-obrador-y-biden-mantienen-primera-conversacion-como-jefes-de-estado\/#breadcrumb"},"inLanguage":"es","potentialAction":[{"@type":"ReadAction","target":["https:\/\/noti-america.com\/site\/mexico\/2021\/01\/23\/lopez-obrador-y-biden-mantienen-primera-conversacion-como-jefes-de-estado\/"]}]},{"@type":"ImageObject","inLanguage":"es","@id":"https:\/\/noti-america.com\/site\/mexico\/2021\/01\/23\/lopez-obrador-y-biden-mantienen-primera-conversacion-como-jefes-de-estado\/#primaryimage","url":"https:\/\/noti-america.com\/site\/mexico\/wp-content\/uploads\/sites\/13\/2021\/01\/CARRUSEL_304_0.jpg","contentUrl":"https:\/\/noti-america.com\/site\/mexico\/wp-content\/uploads\/sites\/13\/2021\/01\/CARRUSEL_304_0.jpg","width":813,"height":558},{"@type":"BreadcrumbList","@id":"https:\/\/noti-america.com\/site\/mexico\/2021\/01\/23\/lopez-obrador-y-biden-mantienen-primera-conversacion-como-jefes-de-estado\/#breadcrumb","itemListElement":[{"@type":"ListItem","position":1,"name":"Portada","item":"https:\/\/noti-america.com\/site\/mexico\/"},{"@type":"ListItem","position":2,"name":"L\u00f3pez Obrador y Biden mantienen primera conversaci\u00f3n como jefes de Estado"}]},{"@type":"WebSite","@id":"https:\/\/noti-america.com\/site\/mexico\/#website","url":"https:\/\/noti-america.com\/site\/mexico\/","name":"M\u00e9xico | Noti-America.com","description":"","publisher":{"@id":"https:\/\/noti-america.com\/site\/mexico\/#organization"},"potentialAction":[{"@type":"SearchAction","target":{"@type":"EntryPoint","urlTemplate":"https:\/\/noti-america.com\/site\/mexico\/?s={search_term_string}"},"query-input":{"@type":"PropertyValueSpecification","valueRequired":true,"valueName":"search_term_string"}}],"inLanguage":"es"},{"@type":"Organization","@id":"https:\/\/noti-america.com\/site\/mexico\/#organization","name":"Noti-America LLC | M\u00e9xico","url":"https:\/\/noti-america.com\/site\/mexico\/","logo":{"@type":"ImageObject","inLanguage":"es","@id":"https:\/\/noti-america.com\/site\/mexico\/#\/schema\/logo\/image\/","url":"https:\/\/noti-america.com\/site\/mexico\/wp-content\/uploads\/sites\/13\/2020\/07\/LogoNA-4x3-1.jpg","contentUrl":"https:\/\/noti-america.com\/site\/mexico\/wp-content\/uploads\/sites\/13\/2020\/07\/LogoNA-4x3-1.jpg","width":1236,"height":1080,"caption":"Noti-America LLC | M\u00e9xico"},"image":{"@id":"https:\/\/noti-america.com\/site\/mexico\/#\/schema\/logo\/image\/"}},{"@type":"Person","@id":"https:\/\/noti-america.com\/site\/mexico\/#\/schema\/person\/a2e478ba496331ce89bcd0c731cd6533","name":"rloaiza","image":{"@type":"ImageObject","inLanguage":"es","@id":"https:\/\/secure.gravatar.com\/avatar\/190058e5d4427934610b99c45aa7a6558806850adedd53ddeddd194b04773e22?s=96&d=mm&r=g","url":"https:\/\/secure.gravatar.com\/avatar\/190058e5d4427934610b99c45aa7a6558806850adedd53ddeddd194b04773e22?s=96&d=mm&r=g","contentUrl":"https:\/\/secure.gravatar.com\/avatar\/190058e5d4427934610b99c45aa7a6558806850adedd53ddeddd194b04773e22?s=96&d=mm&r=g","caption":"rloaiza"},"url":"https:\/\/noti-america.com\/site\/mexico\/author\/rloaiza\/"}]}},"_links":{"self":[{"href":"https:\/\/noti-america.com\/site\/mexico\/wp-json\/wp\/v2\/posts\/6037","targetHints":{"allow":["GET"]}}],"collection":[{"href":"https:\/\/noti-america.com\/site\/mexico\/wp-json\/wp\/v2\/posts"}],"about":[{"href":"https:\/\/noti-america.com\/site\/mexico\/wp-json\/wp\/v2\/types\/post"}],"author":[{"embeddable":true,"href":"https:\/\/noti-america.com\/site\/mexico\/wp-json\/wp\/v2\/users\/2"}],"replies":[{"embeddable":true,"href":"https:\/\/noti-america.com\/site\/mexico\/wp-json\/wp\/v2\/comments?post=6037"}],"version-history":[{"count":0,"href":"https:\/\/noti-america.com\/site\/mexico\/wp-json\/wp\/v2\/posts\/6037\/revisions"}],"wp:featuredmedia":[{"embeddable":true,"href":"https:\/\/noti-america.com\/site\/mexico\/wp-json\/wp\/v2\/media\/6038"}],"wp:attachment":[{"href":"https:\/\/noti-america.com\/site\/mexico\/wp-json\/wp\/v2\/media?parent=6037"}],"wp:term":[{"taxonomy":"category","embeddable":true,"href":"https:\/\/noti-america.com\/site\/mexico\/wp-json\/wp\/v2\/categories?post=6037"},{"taxonomy":"post_tag","embeddable":true,"href":"https:\/\/noti-america.com\/site\/mexico\/wp-json\/wp\/v2\/tags?post=6037"}],"curies":[{"name":"wp","href":"https:\/\/api.w.org\/{rel}","templated":true}]}}