{"id":6026,"date":"2021-01-21T03:46:50","date_gmt":"2021-01-21T03:46:50","guid":{"rendered":"https:\/\/noti-america.com\/site\/mexico\/?p=6026"},"modified":"2021-01-21T03:47:25","modified_gmt":"2021-01-21T03:47:25","slug":"mexico-suma-144371-muertes-por-covid-y-un-millon-688-mil-contagios","status":"publish","type":"post","link":"https:\/\/noti-america.com\/site\/mexico\/2021\/01\/21\/mexico-suma-144371-muertes-por-covid-y-un-millon-688-mil-contagios\/","title":{"rendered":"M\u00e9xico suma 144,371 muertes por Covid y un mill\u00f3n 688 mil contagios"},"content":{"rendered":"<p><strong>Noti-Am\u00e9rica (M\u00e9xico)<\/strong><br \/>\n<strong>Ciudad de M\u00e9xico,DF.<\/strong><\/p>\n<h2 class=\"h2\">En las \u00faltimas 24 horas, M\u00e9xico report\u00f3 mil 539 muertes, la segunda cifra m\u00e1s alta durante la pandemia, y 20 mil 548 nuevos contagios.<\/h2>\n<p style=\"text-align: justify\"><strong>M\u00e9xico<\/strong>\u00a0report\u00f3 mil 539 nuevas muertes por el coronavirus en las \u00faltimas 24 horas, la segunda cifra m\u00e1s alta durante la pandemia, con lo que el n\u00famero de<strong>\u00a0v\u00edctimas mortales<\/strong>\u00a0lleg\u00f3 a 144 mil 371, informaron este martes autoridades de la\u00a0<strong>Secretar\u00eda de Salud<\/strong>. La cifra m\u00e1xima es de mil 584 decesos reportada este martes.<\/p>\n<p style=\"text-align: justify\">Adem\u00e1s, se contabilizaron 20 mil 548 nuevos\u00a0<strong>contagios de Covid-19<\/strong>, el segundo m\u00e1s alto, tras los 21 mil 366 del pasado viernes, para un total de 1,688,944 casos confirmados.<\/p>\n<p style=\"text-align: justify\">Con estos datos, M\u00e9xico ocupa el decimotercer lugar mundial en n\u00famero de contagios y se mantiene como el cuarto pa\u00eds del orbe con m\u00e1s decesos por la pandemia, detr\u00e1s de Estados Unidos, Brasil e India, seg\u00fan la Universidad estadounidense Johns Hopkins.<\/p>\n<p>Desde el inicio de la pandemia en M\u00e9xico han sido estudiados 4,244,955 pacientes con un \u00edndice de positividad del 45 %, inform\u00f3 el director de Informaci\u00f3n Epidemiol\u00f3gica, Christian Zaragoza, en conferencia de prensa en<strong>\u00a0Palacio Nacional.<\/strong><\/p>\n<p style=\"text-align: justify\">Entre los pacientes estudiados se tienen 1,688,944 que tuvieron un positivo a la infecci\u00f3n viral, 2,130,111 con un resultado negativo y 425 mil 900 que se mantienen como casos sospechosos.<\/p>\n<p style=\"text-align: justify\">Adem\u00e1s, el funcionario destac\u00f3 que 1,264,780 pacientes son clasificados como personas recuperadas.<\/p>\n<p style=\"text-align: justify\">Las proyecciones de las<strong>\u00a0autoridades mexicanas\u00a0<\/strong>indican que en el pa\u00eds existen 1,884,272 casos estimados y que el 6 % de ellos, 108 mil 991 son los que representan la epidemia activa en M\u00e9xico, al ser pacientes que desarrollaron sus s\u00edntomas en los \u00faltimos 14 d\u00edas.<\/p>\n<p style=\"text-align: justify\">La ocupaci\u00f3n nacional de camas de hospitalizaci\u00f3n general es del 61 % y los estados con mayores \u00edndices son Ciudad de M\u00e9xico (89 %) y Guanajuato (87 %) y Estado de M\u00e9xico (85 %).<\/p>\n<h2 style=\"text-align: justify\">Plan de vacunaci\u00f3n<\/h2>\n<p style=\"text-align: justify\">En la conferencia, el subsecretario de Prevenci\u00f3n y Promoci\u00f3n de la Salud de M\u00e9xico,<strong>\u00a0Hugo L\u00f3pez-Gatell<\/strong>, inform\u00f3 que en el pa\u00eds hasta este d\u00eda se hab\u00edan aplicado un total de 501 mil 030 dosis de vacuna contra Covid-19, todas ellas a personal m\u00e9dico.<\/p>\n<p style=\"text-align: justify\">De las personas vacunadas, 11 mil 402 ya han recibido el tratamiento completo, es decir, dos dosis.<\/p>\n<p style=\"text-align: justify\">Por la ma\u00f1ana, L\u00f3pez-Gatell se\u00f1al\u00f3 que durante las primera horas de este d\u00eda lleg\u00f3 a\u00a0<strong>M\u00e9xico<\/strong>\u00a0un embarque del granel, desde Argentina, de la vacuna de AstraZeneca.<\/p>\n<p style=\"text-align: justify\">\u00abEste granel es un volumen l\u00edquido de 5 mil 230 litros del producto, de la sustancia activa de la vacuna\u00bb y aclar\u00f3 que \u00abno es para aplicaci\u00f3n inmediata\u00bb.<\/p>\n<p style=\"text-align: justify\">Record\u00f3 que el prop\u00f3sito de este granel es que llegue a la planta de la empresa farmac\u00e9utica mexicana\u00a0<strong>Liomont<\/strong>, en el Estado de M\u00e9xico, \u00abdonde seguir\u00e1 el proceso de puesta en marcha de la l\u00ednea de envasado y se espera que a finales del mes de marzo ya este el producto listo para su uso en p\u00fablico\u00bb.<\/p>\n<p>El funcionario dijo que la planta mexicana producir\u00e1 200 millones de dosis para el mercado de\u00a0<strong>Am\u00e9rica Latina.<\/strong><\/p>\n<p style=\"text-align: justify\">M\u00e9xico busca vacunar a sus casi 130 millones de habitantes con un plan que ya est\u00e1 en marcha y cuya culminaci\u00f3n est\u00e1 prevista para marzo de 2022, con una inversi\u00f3n de 32 mil 000 millones de pesos (unos 1 mil 600 millones de d\u00f3lares).<\/p>\n<p style=\"text-align: justify\">En la primera etapa pretende vacunar al personal sanitario y en la segunda a unos 15 millones de personas de la tercera edad.<\/p>\n<p style=\"text-align: justify\">M\u00e9xico tiene acuerdos por 34.4 millones de dosis de\u00a0<strong>Pfizer<\/strong>, 77.4 millones de la brit\u00e1nica AstraZeneca, 35 millones de CanSino y 34.4 millones de la plataforma Covax de la Organizaci\u00f3n Mundial de la Salud (OMS). Adem\u00e1s la posible compra de 24 millones de dosis de la rusa Sputnik V.<\/p>\n<p style=\"text-align: justify\">Fuente: www.eluniversal.com.mx<\/p>\n","protected":false},"excerpt":{"rendered":"<p>Noti-Am\u00e9rica (M\u00e9xico) Ciudad de M\u00e9xico,DF. En las \u00faltimas 24 horas, M\u00e9xico report\u00f3 mil 539 muertes, la segunda cifra m\u00e1s alta durante la pandemia, y 20 mil 548 nuevos contagios. M\u00e9xico\u00a0report\u00f3 mil 539 nuevas muertes&#46;&#46;&#46;<\/p>\n","protected":false},"author":87,"featured_media":6027,"comment_status":"open","ping_status":"open","sticky":false,"template":"","format":"image","meta":{"_acf_changed":false,"om_disable_all_campaigns":false,"rop_custom_images_group":[],"rop_custom_messages_group":[],"rop_publish_now":"initial","rop_publish_now_accounts":{"twitter_242054905_242054905":""},"rop_publish_now_history":[],"rop_publish_now_status":"pending","_uf_show_specific_survey":0,"_uf_disable_surveys":false,"footnotes":""},"categories":[10,337],"tags":[],"class_list":["post-6026","post","type-post","status-publish","format-image","has-post-thumbnail","hentry","category-acturalidad","category-noticias","post_format-post-format-image"],"acf":[],"aioseo_notices":[],"yoast_head":"<!-- This site is optimized with the Yoast SEO Premium plugin v24.9 (Yoast SEO v27.2) - https:\/\/yoast.com\/product\/yoast-seo-premium-wordpress\/ -->\n<title>M\u00e9xico suma 144,371 muertes por Covid y un mill\u00f3n 688 mil contagios - M\u00e9xico<\/title>\n<meta name=\"robots\" content=\"index, follow, max-snippet:-1, max-image-preview:large, max-video-preview:-1\" \/>\n<link rel=\"canonical\" href=\"https:\/\/noti-america.com\/site\/mexico\/2021\/01\/21\/mexico-suma-144371-muertes-por-covid-y-un-millon-688-mil-contagios\/\" \/>\n<meta property=\"og:locale\" content=\"es_ES\" \/>\n<meta property=\"og:type\" content=\"article\" \/>\n<meta property=\"og:title\" content=\"M\u00e9xico suma 144,371 muertes por Covid y un mill\u00f3n 688 mil contagios\" \/>\n<meta property=\"og:description\" content=\"Noti-Am\u00e9rica (M\u00e9xico) Ciudad de M\u00e9xico,DF. En las \u00faltimas 24 horas, M\u00e9xico report\u00f3 mil 539 muertes, la segunda cifra m\u00e1s alta durante la pandemia, y 20 mil 548 nuevos contagios. M\u00e9xico\u00a0report\u00f3 mil 539 nuevas muertes&#046;&#046;&#046;\" \/>\n<meta property=\"og:url\" content=\"https:\/\/noti-america.com\/site\/mexico\/2021\/01\/21\/mexico-suma-144371-muertes-por-covid-y-un-millon-688-mil-contagios\/\" \/>\n<meta property=\"og:site_name\" content=\"M\u00e9xico\" \/>\n<meta property=\"article:published_time\" content=\"2021-01-21T03:46:50+00:00\" \/>\n<meta property=\"article:modified_time\" content=\"2021-01-21T03:47:25+00:00\" \/>\n<meta property=\"og:image\" content=\"https:\/\/noti-america.com\/site\/mexico\/wp-content\/uploads\/sites\/13\/2021\/01\/3-8.png\" \/>\n\t<meta property=\"og:image:width\" content=\"741\" \/>\n\t<meta property=\"og:image:height\" content=\"430\" \/>\n\t<meta property=\"og:image:type\" content=\"image\/png\" \/>\n<meta name=\"author\" content=\"CAMH\" \/>\n<meta name=\"twitter:card\" content=\"summary_large_image\" \/>\n<meta name=\"twitter:label1\" content=\"Escrito por\" \/>\n\t<meta name=\"twitter:data1\" content=\"CAMH\" \/>\n\t<meta name=\"twitter:label2\" content=\"Tiempo estimado de lectura\" \/>\n\t<meta name=\"twitter:data2\" content=\"3 minutos\" \/>\n<script type=\"application\/ld+json\" class=\"yoast-schema-graph\">{\"@context\":\"https:\/\/schema.org\",\"@graph\":[{\"@type\":\"Article\",\"@id\":\"https:\/\/noti-america.com\/site\/mexico\/2021\/01\/21\/mexico-suma-144371-muertes-por-covid-y-un-millon-688-mil-contagios\/#article\",\"isPartOf\":{\"@id\":\"https:\/\/noti-america.com\/site\/mexico\/2021\/01\/21\/mexico-suma-144371-muertes-por-covid-y-un-millon-688-mil-contagios\/\"},\"author\":{\"name\":\"CAMH\",\"@id\":\"https:\/\/noti-america.com\/site\/mexico\/#\/schema\/person\/e13880b4308eea6926b271284605ef72\"},\"headline\":\"M\u00e9xico suma 144,371 muertes por Covid y un mill\u00f3n 688 mil contagios\",\"datePublished\":\"2021-01-21T03:46:50+00:00\",\"dateModified\":\"2021-01-21T03:47:25+00:00\",\"mainEntityOfPage\":{\"@id\":\"https:\/\/noti-america.com\/site\/mexico\/2021\/01\/21\/mexico-suma-144371-muertes-por-covid-y-un-millon-688-mil-contagios\/\"},\"wordCount\":646,\"commentCount\":0,\"publisher\":{\"@id\":\"https:\/\/noti-america.com\/site\/mexico\/#organization\"},\"image\":{\"@id\":\"https:\/\/noti-america.com\/site\/mexico\/2021\/01\/21\/mexico-suma-144371-muertes-por-covid-y-un-millon-688-mil-contagios\/#primaryimage\"},\"thumbnailUrl\":\"https:\/\/noti-america.com\/site\/mexico\/wp-content\/uploads\/sites\/13\/2021\/01\/3-8.png\",\"articleSection\":[\"Actualidad\",\"Noticias\"],\"inLanguage\":\"es\",\"potentialAction\":[{\"@type\":\"CommentAction\",\"name\":\"Comment\",\"target\":[\"https:\/\/noti-america.com\/site\/mexico\/2021\/01\/21\/mexico-suma-144371-muertes-por-covid-y-un-millon-688-mil-contagios\/#respond\"]}]},{\"@type\":\"WebPage\",\"@id\":\"https:\/\/noti-america.com\/site\/mexico\/2021\/01\/21\/mexico-suma-144371-muertes-por-covid-y-un-millon-688-mil-contagios\/\",\"url\":\"https:\/\/noti-america.com\/site\/mexico\/2021\/01\/21\/mexico-suma-144371-muertes-por-covid-y-un-millon-688-mil-contagios\/\",\"name\":\"M\u00e9xico suma 144,371 muertes por Covid y un mill\u00f3n 688 mil contagios - M\u00e9xico\",\"isPartOf\":{\"@id\":\"https:\/\/noti-america.com\/site\/mexico\/#website\"},\"primaryImageOfPage\":{\"@id\":\"https:\/\/noti-america.com\/site\/mexico\/2021\/01\/21\/mexico-suma-144371-muertes-por-covid-y-un-millon-688-mil-contagios\/#primaryimage\"},\"image\":{\"@id\":\"https:\/\/noti-america.com\/site\/mexico\/2021\/01\/21\/mexico-suma-144371-muertes-por-covid-y-un-millon-688-mil-contagios\/#primaryimage\"},\"thumbnailUrl\":\"https:\/\/noti-america.com\/site\/mexico\/wp-content\/uploads\/sites\/13\/2021\/01\/3-8.png\",\"datePublished\":\"2021-01-21T03:46:50+00:00\",\"dateModified\":\"2021-01-21T03:47:25+00:00\",\"breadcrumb\":{\"@id\":\"https:\/\/noti-america.com\/site\/mexico\/2021\/01\/21\/mexico-suma-144371-muertes-por-covid-y-un-millon-688-mil-contagios\/#breadcrumb\"},\"inLanguage\":\"es\",\"potentialAction\":[{\"@type\":\"ReadAction\",\"target\":[\"https:\/\/noti-america.com\/site\/mexico\/2021\/01\/21\/mexico-suma-144371-muertes-por-covid-y-un-millon-688-mil-contagios\/\"]}]},{\"@type\":\"ImageObject\",\"inLanguage\":\"es\",\"@id\":\"https:\/\/noti-america.com\/site\/mexico\/2021\/01\/21\/mexico-suma-144371-muertes-por-covid-y-un-millon-688-mil-contagios\/#primaryimage\",\"url\":\"https:\/\/noti-america.com\/site\/mexico\/wp-content\/uploads\/sites\/13\/2021\/01\/3-8.png\",\"contentUrl\":\"https:\/\/noti-america.com\/site\/mexico\/wp-content\/uploads\/sites\/13\/2021\/01\/3-8.png\",\"width\":741,\"height\":430},{\"@type\":\"BreadcrumbList\",\"@id\":\"https:\/\/noti-america.com\/site\/mexico\/2021\/01\/21\/mexico-suma-144371-muertes-por-covid-y-un-millon-688-mil-contagios\/#breadcrumb\",\"itemListElement\":[{\"@type\":\"ListItem\",\"position\":1,\"name\":\"Portada\",\"item\":\"https:\/\/noti-america.com\/site\/mexico\/\"},{\"@type\":\"ListItem\",\"position\":2,\"name\":\"M\u00e9xico suma 144,371 muertes por Covid y un mill\u00f3n 688 mil contagios\"}]},{\"@type\":\"WebSite\",\"@id\":\"https:\/\/noti-america.com\/site\/mexico\/#website\",\"url\":\"https:\/\/noti-america.com\/site\/mexico\/\",\"name\":\"M\u00e9xico | Noti-America.com\",\"description\":\"\",\"publisher\":{\"@id\":\"https:\/\/noti-america.com\/site\/mexico\/#organization\"},\"potentialAction\":[{\"@type\":\"SearchAction\",\"target\":{\"@type\":\"EntryPoint\",\"urlTemplate\":\"https:\/\/noti-america.com\/site\/mexico\/?s={search_term_string}\"},\"query-input\":{\"@type\":\"PropertyValueSpecification\",\"valueRequired\":true,\"valueName\":\"search_term_string\"}}],\"inLanguage\":\"es\"},{\"@type\":\"Organization\",\"@id\":\"https:\/\/noti-america.com\/site\/mexico\/#organization\",\"name\":\"Noti-America LLC | M\u00e9xico\",\"url\":\"https:\/\/noti-america.com\/site\/mexico\/\",\"logo\":{\"@type\":\"ImageObject\",\"inLanguage\":\"es\",\"@id\":\"https:\/\/noti-america.com\/site\/mexico\/#\/schema\/logo\/image\/\",\"url\":\"https:\/\/noti-america.com\/site\/mexico\/wp-content\/uploads\/sites\/13\/2020\/07\/LogoNA-4x3-1.jpg\",\"contentUrl\":\"https:\/\/noti-america.com\/site\/mexico\/wp-content\/uploads\/sites\/13\/2020\/07\/LogoNA-4x3-1.jpg\",\"width\":1236,\"height\":1080,\"caption\":\"Noti-America LLC | M\u00e9xico\"},\"image\":{\"@id\":\"https:\/\/noti-america.com\/site\/mexico\/#\/schema\/logo\/image\/\"}},{\"@type\":\"Person\",\"@id\":\"https:\/\/noti-america.com\/site\/mexico\/#\/schema\/person\/e13880b4308eea6926b271284605ef72\",\"name\":\"CAMH\",\"image\":{\"@type\":\"ImageObject\",\"inLanguage\":\"es\",\"@id\":\"https:\/\/secure.gravatar.com\/avatar\/82aa99c723cbed2b304797bc218a5542b5a94d7f5d0ba3b39650aef53c28ecf5?s=96&d=mm&r=g\",\"url\":\"https:\/\/secure.gravatar.com\/avatar\/82aa99c723cbed2b304797bc218a5542b5a94d7f5d0ba3b39650aef53c28ecf5?s=96&d=mm&r=g\",\"contentUrl\":\"https:\/\/secure.gravatar.com\/avatar\/82aa99c723cbed2b304797bc218a5542b5a94d7f5d0ba3b39650aef53c28ecf5?s=96&d=mm&r=g\",\"caption\":\"CAMH\"},\"url\":\"https:\/\/noti-america.com\/site\/mexico\/author\/cmitchell\/\"}]}<\/script>\n<!-- \/ Yoast SEO Premium plugin. -->","yoast_head_json":{"title":"M\u00e9xico suma 144,371 muertes por Covid y un mill\u00f3n 688 mil contagios - M\u00e9xico","robots":{"index":"index","follow":"follow","max-snippet":"max-snippet:-1","max-image-preview":"max-image-preview:large","max-video-preview":"max-video-preview:-1"},"canonical":"https:\/\/noti-america.com\/site\/mexico\/2021\/01\/21\/mexico-suma-144371-muertes-por-covid-y-un-millon-688-mil-contagios\/","og_locale":"es_ES","og_type":"article","og_title":"M\u00e9xico suma 144,371 muertes por Covid y un mill\u00f3n 688 mil contagios","og_description":"Noti-Am\u00e9rica (M\u00e9xico) Ciudad de M\u00e9xico,DF. En las \u00faltimas 24 horas, M\u00e9xico report\u00f3 mil 539 muertes, la segunda cifra m\u00e1s alta durante la pandemia, y 20 mil 548 nuevos contagios. M\u00e9xico\u00a0report\u00f3 mil 539 nuevas muertes&#46;&#46;&#46;","og_url":"https:\/\/noti-america.com\/site\/mexico\/2021\/01\/21\/mexico-suma-144371-muertes-por-covid-y-un-millon-688-mil-contagios\/","og_site_name":"M\u00e9xico","article_published_time":"2021-01-21T03:46:50+00:00","article_modified_time":"2021-01-21T03:47:25+00:00","og_image":[{"width":741,"height":430,"url":"https:\/\/noti-america.com\/site\/mexico\/wp-content\/uploads\/sites\/13\/2021\/01\/3-8.png","type":"image\/png"}],"author":"CAMH","twitter_card":"summary_large_image","twitter_misc":{"Escrito por":"CAMH","Tiempo estimado de lectura":"3 minutos"},"schema":{"@context":"https:\/\/schema.org","@graph":[{"@type":"Article","@id":"https:\/\/noti-america.com\/site\/mexico\/2021\/01\/21\/mexico-suma-144371-muertes-por-covid-y-un-millon-688-mil-contagios\/#article","isPartOf":{"@id":"https:\/\/noti-america.com\/site\/mexico\/2021\/01\/21\/mexico-suma-144371-muertes-por-covid-y-un-millon-688-mil-contagios\/"},"author":{"name":"CAMH","@id":"https:\/\/noti-america.com\/site\/mexico\/#\/schema\/person\/e13880b4308eea6926b271284605ef72"},"headline":"M\u00e9xico suma 144,371 muertes por Covid y un mill\u00f3n 688 mil contagios","datePublished":"2021-01-21T03:46:50+00:00","dateModified":"2021-01-21T03:47:25+00:00","mainEntityOfPage":{"@id":"https:\/\/noti-america.com\/site\/mexico\/2021\/01\/21\/mexico-suma-144371-muertes-por-covid-y-un-millon-688-mil-contagios\/"},"wordCount":646,"commentCount":0,"publisher":{"@id":"https:\/\/noti-america.com\/site\/mexico\/#organization"},"image":{"@id":"https:\/\/noti-america.com\/site\/mexico\/2021\/01\/21\/mexico-suma-144371-muertes-por-covid-y-un-millon-688-mil-contagios\/#primaryimage"},"thumbnailUrl":"https:\/\/noti-america.com\/site\/mexico\/wp-content\/uploads\/sites\/13\/2021\/01\/3-8.png","articleSection":["Actualidad","Noticias"],"inLanguage":"es","potentialAction":[{"@type":"CommentAction","name":"Comment","target":["https:\/\/noti-america.com\/site\/mexico\/2021\/01\/21\/mexico-suma-144371-muertes-por-covid-y-un-millon-688-mil-contagios\/#respond"]}]},{"@type":"WebPage","@id":"https:\/\/noti-america.com\/site\/mexico\/2021\/01\/21\/mexico-suma-144371-muertes-por-covid-y-un-millon-688-mil-contagios\/","url":"https:\/\/noti-america.com\/site\/mexico\/2021\/01\/21\/mexico-suma-144371-muertes-por-covid-y-un-millon-688-mil-contagios\/","name":"M\u00e9xico suma 144,371 muertes por Covid y un mill\u00f3n 688 mil contagios - M\u00e9xico","isPartOf":{"@id":"https:\/\/noti-america.com\/site\/mexico\/#website"},"primaryImageOfPage":{"@id":"https:\/\/noti-america.com\/site\/mexico\/2021\/01\/21\/mexico-suma-144371-muertes-por-covid-y-un-millon-688-mil-contagios\/#primaryimage"},"image":{"@id":"https:\/\/noti-america.com\/site\/mexico\/2021\/01\/21\/mexico-suma-144371-muertes-por-covid-y-un-millon-688-mil-contagios\/#primaryimage"},"thumbnailUrl":"https:\/\/noti-america.com\/site\/mexico\/wp-content\/uploads\/sites\/13\/2021\/01\/3-8.png","datePublished":"2021-01-21T03:46:50+00:00","dateModified":"2021-01-21T03:47:25+00:00","breadcrumb":{"@id":"https:\/\/noti-america.com\/site\/mexico\/2021\/01\/21\/mexico-suma-144371-muertes-por-covid-y-un-millon-688-mil-contagios\/#breadcrumb"},"inLanguage":"es","potentialAction":[{"@type":"ReadAction","target":["https:\/\/noti-america.com\/site\/mexico\/2021\/01\/21\/mexico-suma-144371-muertes-por-covid-y-un-millon-688-mil-contagios\/"]}]},{"@type":"ImageObject","inLanguage":"es","@id":"https:\/\/noti-america.com\/site\/mexico\/2021\/01\/21\/mexico-suma-144371-muertes-por-covid-y-un-millon-688-mil-contagios\/#primaryimage","url":"https:\/\/noti-america.com\/site\/mexico\/wp-content\/uploads\/sites\/13\/2021\/01\/3-8.png","contentUrl":"https:\/\/noti-america.com\/site\/mexico\/wp-content\/uploads\/sites\/13\/2021\/01\/3-8.png","width":741,"height":430},{"@type":"BreadcrumbList","@id":"https:\/\/noti-america.com\/site\/mexico\/2021\/01\/21\/mexico-suma-144371-muertes-por-covid-y-un-millon-688-mil-contagios\/#breadcrumb","itemListElement":[{"@type":"ListItem","position":1,"name":"Portada","item":"https:\/\/noti-america.com\/site\/mexico\/"},{"@type":"ListItem","position":2,"name":"M\u00e9xico suma 144,371 muertes por Covid y un mill\u00f3n 688 mil contagios"}]},{"@type":"WebSite","@id":"https:\/\/noti-america.com\/site\/mexico\/#website","url":"https:\/\/noti-america.com\/site\/mexico\/","name":"M\u00e9xico | Noti-America.com","description":"","publisher":{"@id":"https:\/\/noti-america.com\/site\/mexico\/#organization"},"potentialAction":[{"@type":"SearchAction","target":{"@type":"EntryPoint","urlTemplate":"https:\/\/noti-america.com\/site\/mexico\/?s={search_term_string}"},"query-input":{"@type":"PropertyValueSpecification","valueRequired":true,"valueName":"search_term_string"}}],"inLanguage":"es"},{"@type":"Organization","@id":"https:\/\/noti-america.com\/site\/mexico\/#organization","name":"Noti-America LLC | M\u00e9xico","url":"https:\/\/noti-america.com\/site\/mexico\/","logo":{"@type":"ImageObject","inLanguage":"es","@id":"https:\/\/noti-america.com\/site\/mexico\/#\/schema\/logo\/image\/","url":"https:\/\/noti-america.com\/site\/mexico\/wp-content\/uploads\/sites\/13\/2020\/07\/LogoNA-4x3-1.jpg","contentUrl":"https:\/\/noti-america.com\/site\/mexico\/wp-content\/uploads\/sites\/13\/2020\/07\/LogoNA-4x3-1.jpg","width":1236,"height":1080,"caption":"Noti-America LLC | M\u00e9xico"},"image":{"@id":"https:\/\/noti-america.com\/site\/mexico\/#\/schema\/logo\/image\/"}},{"@type":"Person","@id":"https:\/\/noti-america.com\/site\/mexico\/#\/schema\/person\/e13880b4308eea6926b271284605ef72","name":"CAMH","image":{"@type":"ImageObject","inLanguage":"es","@id":"https:\/\/secure.gravatar.com\/avatar\/82aa99c723cbed2b304797bc218a5542b5a94d7f5d0ba3b39650aef53c28ecf5?s=96&d=mm&r=g","url":"https:\/\/secure.gravatar.com\/avatar\/82aa99c723cbed2b304797bc218a5542b5a94d7f5d0ba3b39650aef53c28ecf5?s=96&d=mm&r=g","contentUrl":"https:\/\/secure.gravatar.com\/avatar\/82aa99c723cbed2b304797bc218a5542b5a94d7f5d0ba3b39650aef53c28ecf5?s=96&d=mm&r=g","caption":"CAMH"},"url":"https:\/\/noti-america.com\/site\/mexico\/author\/cmitchell\/"}]}},"_links":{"self":[{"href":"https:\/\/noti-america.com\/site\/mexico\/wp-json\/wp\/v2\/posts\/6026","targetHints":{"allow":["GET"]}}],"collection":[{"href":"https:\/\/noti-america.com\/site\/mexico\/wp-json\/wp\/v2\/posts"}],"about":[{"href":"https:\/\/noti-america.com\/site\/mexico\/wp-json\/wp\/v2\/types\/post"}],"author":[{"embeddable":true,"href":"https:\/\/noti-america.com\/site\/mexico\/wp-json\/wp\/v2\/users\/87"}],"replies":[{"embeddable":true,"href":"https:\/\/noti-america.com\/site\/mexico\/wp-json\/wp\/v2\/comments?post=6026"}],"version-history":[{"count":2,"href":"https:\/\/noti-america.com\/site\/mexico\/wp-json\/wp\/v2\/posts\/6026\/revisions"}],"predecessor-version":[{"id":6029,"href":"https:\/\/noti-america.com\/site\/mexico\/wp-json\/wp\/v2\/posts\/6026\/revisions\/6029"}],"wp:featuredmedia":[{"embeddable":true,"href":"https:\/\/noti-america.com\/site\/mexico\/wp-json\/wp\/v2\/media\/6027"}],"wp:attachment":[{"href":"https:\/\/noti-america.com\/site\/mexico\/wp-json\/wp\/v2\/media?parent=6026"}],"wp:term":[{"taxonomy":"category","embeddable":true,"href":"https:\/\/noti-america.com\/site\/mexico\/wp-json\/wp\/v2\/categories?post=6026"},{"taxonomy":"post_tag","embeddable":true,"href":"https:\/\/noti-america.com\/site\/mexico\/wp-json\/wp\/v2\/tags?post=6026"}],"curies":[{"name":"wp","href":"https:\/\/api.w.org\/{rel}","templated":true}]}}