{"id":5996,"date":"2021-01-06T20:53:42","date_gmt":"2021-01-06T20:53:42","guid":{"rendered":"https:\/\/noti-america.com\/site\/mexico\/2021\/01\/06\/usa-adopta-el-modelo-de-latinoamerica-el-principio-del-fin-del-imperio-por-luis-e-sanders\/"},"modified":"2021-01-07T00:53:57","modified_gmt":"2021-01-07T00:53:57","slug":"usa-adopta-el-modelo-de-latinoamerica-el-principio-del-fin-del-imperio-por-luis-e-sanders","status":"publish","type":"post","link":"https:\/\/noti-america.com\/site\/mexico\/2021\/01\/06\/usa-adopta-el-modelo-de-latinoamerica-el-principio-del-fin-del-imperio-por-luis-e-sanders\/","title":{"rendered":"USA adopta el modelo de Latinoam\u00e9rica, \u00bfEl principio del Fin del Imperio? Por: Luis E. Sanders"},"content":{"rendered":"<p>NOTI-AMERICA.COM MEXICO<\/p>\n<p style=\"text-align: center;\">USA adopta el modelo de Latinoam\u00e9rica, \u00bfEl principio del Fin del Imperio?<\/p>\n<p style=\"text-align: center;\"><img loading=\"lazy\" decoding=\"async\" class=\"alignnone size-medium wp-image-5997\" src=\"https:\/\/noti-america.com\/site\/mexico\/wp-content\/uploads\/sites\/13\/2021\/01\/luis-sanders-203x300.jpg\" alt=\"\" width=\"203\" height=\"300\" srcset=\"https:\/\/noti-america.com\/site\/mexico\/wp-content\/uploads\/sites\/13\/2021\/01\/luis-sanders-203x300.jpg 203w, https:\/\/noti-america.com\/site\/mexico\/wp-content\/uploads\/sites\/13\/2021\/01\/luis-sanders-693x1024.jpg 693w, https:\/\/noti-america.com\/site\/mexico\/wp-content\/uploads\/sites\/13\/2021\/01\/luis-sanders-768x1135.jpg 768w, https:\/\/noti-america.com\/site\/mexico\/wp-content\/uploads\/sites\/13\/2021\/01\/luis-sanders-1040x1536.jpg 1040w, https:\/\/noti-america.com\/site\/mexico\/wp-content\/uploads\/sites\/13\/2021\/01\/luis-sanders.jpg 1079w\" sizes=\"auto, (max-width: 203px) 100vw, 203px\" \/><\/p>\n<p>No es raro encontrar en las ciudades latinoamericanas un claro descontrol y un descontento que lleva a las masas a diversos movimientos de protesta que lleva a un desgobierno radical&#8230; Y eso pas\u00f3 hoy en los Estados Unidos.<\/p>\n<p>Usualmente dec\u00edamos los latinos \u00abEsto nunca hubiera pasado en Estados Unidos\u00bb, \u00abLos gringos no lo permitir\u00edan\u00bb o \u00abAll\u00e1 si hay una ley que respetan\u00bb. Pues hoy fue la excepci\u00f3n a la regla al encontrar un Capitolio tomado en la Capital del a\u00fan imperio norteamericano por simpatizantes del todav\u00eda Presidente Donald Trump.<\/p>\n<p>Tristes exposiciones de carencia de control abundan en nuestra regi\u00f3n, c\u00f3mo los casos del actual Presidente L\u00f3pez en M\u00e9xico al tomar en m\u00faltiples ocasiones el Z\u00f3calo o la Avenida Reforma como protesta por perder elecciones. Hemos visto lo mismo en Brasil, Chile, Argentina y varias veces en Venezuela.<\/p>\n<p>Frecuentemente la imagen populista de l\u00edderes como L\u00f3pez, Maduro, Lula y Evo son alimentadas diariamente por discursos que buscan enaltecer sus causas al momento de desprestigiar a las opiniones que difieren con sus formas de ver el mundo y que llevan a un separamirnto quiz\u00e1 irreconciliable del mismo pueblo al que dirigen.<\/p>\n<p>Los Estados Unidos son -o eran&#8230;- reconocidos mundialmente en temas electorales por unirse bajo una misma bandera al momento de terminar la selecci\u00f3n de sus representantes p\u00fablicos, incluyendo al Presidente. Pero parece que esto ha llegado a su fin al llegar el Trumpismo con altas influencias del populismo latinoamericano.<\/p>\n<p>El reto para USA est\u00e1 en reconciliar sus diferencias y unirse como pueblo, guste o no guste el personaje, pero sosteniendo a la Naci\u00f3n. Caso contrario no solo se estar\u00eda replicando el mal ejemplo latino, pero tambi\u00e9n seguir\u00edan el camino que el imperio Romano sufri\u00f3 al dividirse el Gran Imperio por sus intratables diferencias en la Separaci\u00f3n en el Imperio Occidental y Oriental de Roma.<\/p>\n<p>\u00abEl que no conoce la historia, est\u00e1 condenado a repetirla\u00bb<\/p>\n<p>Luis E. Sanders<br \/>\nCEO InterXtra<\/p>\n","protected":false},"excerpt":{"rendered":"<p>NOTI-AMERICA.COM MEXICO USA adopta el modelo de Latinoam\u00e9rica, \u00bfEl principio del Fin del Imperio? No es raro encontrar en las ciudades latinoamericanas un claro descontrol y un descontento que lleva a las masas a&#46;&#46;&#46;<\/p>\n","protected":false},"author":2,"featured_media":5997,"comment_status":"open","ping_status":"open","sticky":false,"template":"","format":"standard","meta":{"_acf_changed":false,"om_disable_all_campaigns":false,"rop_custom_images_group":[],"rop_custom_messages_group":[],"rop_publish_now":"initial","rop_publish_now_accounts":{"twitter_242054905_242054905":""},"rop_publish_now_history":[],"rop_publish_now_status":"pending","_uf_show_specific_survey":0,"_uf_disable_surveys":false,"footnotes":""},"categories":[3],"tags":[],"class_list":["post-5996","post","type-post","status-publish","format-standard","has-post-thumbnail","hentry","category-politica"],"acf":[],"aioseo_notices":[],"yoast_head":"<!-- This site is optimized with the Yoast SEO Premium plugin v24.9 (Yoast SEO v27.2) - https:\/\/yoast.com\/product\/yoast-seo-premium-wordpress\/ -->\n<title>USA adopta el modelo de Latinoam\u00e9rica, \u00bfEl principio del Fin del Imperio? Por: Luis E. Sanders - M\u00e9xico<\/title>\n<meta name=\"robots\" content=\"index, follow, max-snippet:-1, max-image-preview:large, max-video-preview:-1\" \/>\n<link rel=\"canonical\" href=\"https:\/\/noti-america.com\/site\/mexico\/2021\/01\/06\/usa-adopta-el-modelo-de-latinoamerica-el-principio-del-fin-del-imperio-por-luis-e-sanders\/\" \/>\n<meta property=\"og:locale\" content=\"es_ES\" \/>\n<meta property=\"og:type\" content=\"article\" \/>\n<meta property=\"og:title\" content=\"USA adopta el modelo de Latinoam\u00e9rica, \u00bfEl principio del Fin del Imperio? Por: Luis E. Sanders\" \/>\n<meta property=\"og:description\" content=\"NOTI-AMERICA.COM MEXICO USA adopta el modelo de Latinoam\u00e9rica, \u00bfEl principio del Fin del Imperio? No es raro encontrar en las ciudades latinoamericanas un claro descontrol y un descontento que lleva a las masas a&#046;&#046;&#046;\" \/>\n<meta property=\"og:url\" content=\"https:\/\/noti-america.com\/site\/mexico\/2021\/01\/06\/usa-adopta-el-modelo-de-latinoamerica-el-principio-del-fin-del-imperio-por-luis-e-sanders\/\" \/>\n<meta property=\"og:site_name\" content=\"M\u00e9xico\" \/>\n<meta property=\"article:published_time\" content=\"2021-01-06T20:53:42+00:00\" \/>\n<meta property=\"article:modified_time\" content=\"2021-01-07T00:53:57+00:00\" \/>\n<meta property=\"og:image\" content=\"https:\/\/noti-america.com\/site\/mexico\/wp-content\/uploads\/sites\/13\/2021\/01\/luis-sanders.jpg\" \/>\n\t<meta property=\"og:image:width\" content=\"1079\" \/>\n\t<meta property=\"og:image:height\" content=\"1594\" \/>\n\t<meta property=\"og:image:type\" content=\"image\/jpeg\" \/>\n<meta name=\"author\" content=\"rloaiza\" \/>\n<meta name=\"twitter:card\" content=\"summary_large_image\" \/>\n<meta name=\"twitter:label1\" content=\"Escrito por\" \/>\n\t<meta name=\"twitter:data1\" content=\"rloaiza\" \/>\n\t<meta name=\"twitter:label2\" content=\"Tiempo estimado de lectura\" \/>\n\t<meta name=\"twitter:data2\" content=\"2 minutos\" \/>\n<script type=\"application\/ld+json\" class=\"yoast-schema-graph\">{\"@context\":\"https:\/\/schema.org\",\"@graph\":[{\"@type\":\"Article\",\"@id\":\"https:\/\/noti-america.com\/site\/mexico\/2021\/01\/06\/usa-adopta-el-modelo-de-latinoamerica-el-principio-del-fin-del-imperio-por-luis-e-sanders\/#article\",\"isPartOf\":{\"@id\":\"https:\/\/noti-america.com\/site\/mexico\/2021\/01\/06\/usa-adopta-el-modelo-de-latinoamerica-el-principio-del-fin-del-imperio-por-luis-e-sanders\/\"},\"author\":{\"name\":\"rloaiza\",\"@id\":\"https:\/\/noti-america.com\/site\/mexico\/#\/schema\/person\/a2e478ba496331ce89bcd0c731cd6533\"},\"headline\":\"USA adopta el modelo de Latinoam\u00e9rica, \u00bfEl principio del Fin del Imperio? Por: Luis E. Sanders\",\"datePublished\":\"2021-01-06T20:53:42+00:00\",\"dateModified\":\"2021-01-07T00:53:57+00:00\",\"mainEntityOfPage\":{\"@id\":\"https:\/\/noti-america.com\/site\/mexico\/2021\/01\/06\/usa-adopta-el-modelo-de-latinoamerica-el-principio-del-fin-del-imperio-por-luis-e-sanders\/\"},\"wordCount\":372,\"commentCount\":0,\"publisher\":{\"@id\":\"https:\/\/noti-america.com\/site\/mexico\/#organization\"},\"image\":{\"@id\":\"https:\/\/noti-america.com\/site\/mexico\/2021\/01\/06\/usa-adopta-el-modelo-de-latinoamerica-el-principio-del-fin-del-imperio-por-luis-e-sanders\/#primaryimage\"},\"thumbnailUrl\":\"https:\/\/noti-america.com\/site\/mexico\/wp-content\/uploads\/sites\/13\/2021\/01\/luis-sanders.jpg\",\"articleSection\":[\"Pol\u00edtica\"],\"inLanguage\":\"es\",\"potentialAction\":[{\"@type\":\"CommentAction\",\"name\":\"Comment\",\"target\":[\"https:\/\/noti-america.com\/site\/mexico\/2021\/01\/06\/usa-adopta-el-modelo-de-latinoamerica-el-principio-del-fin-del-imperio-por-luis-e-sanders\/#respond\"]}]},{\"@type\":\"WebPage\",\"@id\":\"https:\/\/noti-america.com\/site\/mexico\/2021\/01\/06\/usa-adopta-el-modelo-de-latinoamerica-el-principio-del-fin-del-imperio-por-luis-e-sanders\/\",\"url\":\"https:\/\/noti-america.com\/site\/mexico\/2021\/01\/06\/usa-adopta-el-modelo-de-latinoamerica-el-principio-del-fin-del-imperio-por-luis-e-sanders\/\",\"name\":\"USA adopta el modelo de Latinoam\u00e9rica, \u00bfEl principio del Fin del Imperio? Por: Luis E. Sanders - M\u00e9xico\",\"isPartOf\":{\"@id\":\"https:\/\/noti-america.com\/site\/mexico\/#website\"},\"primaryImageOfPage\":{\"@id\":\"https:\/\/noti-america.com\/site\/mexico\/2021\/01\/06\/usa-adopta-el-modelo-de-latinoamerica-el-principio-del-fin-del-imperio-por-luis-e-sanders\/#primaryimage\"},\"image\":{\"@id\":\"https:\/\/noti-america.com\/site\/mexico\/2021\/01\/06\/usa-adopta-el-modelo-de-latinoamerica-el-principio-del-fin-del-imperio-por-luis-e-sanders\/#primaryimage\"},\"thumbnailUrl\":\"https:\/\/noti-america.com\/site\/mexico\/wp-content\/uploads\/sites\/13\/2021\/01\/luis-sanders.jpg\",\"datePublished\":\"2021-01-06T20:53:42+00:00\",\"dateModified\":\"2021-01-07T00:53:57+00:00\",\"breadcrumb\":{\"@id\":\"https:\/\/noti-america.com\/site\/mexico\/2021\/01\/06\/usa-adopta-el-modelo-de-latinoamerica-el-principio-del-fin-del-imperio-por-luis-e-sanders\/#breadcrumb\"},\"inLanguage\":\"es\",\"potentialAction\":[{\"@type\":\"ReadAction\",\"target\":[\"https:\/\/noti-america.com\/site\/mexico\/2021\/01\/06\/usa-adopta-el-modelo-de-latinoamerica-el-principio-del-fin-del-imperio-por-luis-e-sanders\/\"]}]},{\"@type\":\"ImageObject\",\"inLanguage\":\"es\",\"@id\":\"https:\/\/noti-america.com\/site\/mexico\/2021\/01\/06\/usa-adopta-el-modelo-de-latinoamerica-el-principio-del-fin-del-imperio-por-luis-e-sanders\/#primaryimage\",\"url\":\"https:\/\/noti-america.com\/site\/mexico\/wp-content\/uploads\/sites\/13\/2021\/01\/luis-sanders.jpg\",\"contentUrl\":\"https:\/\/noti-america.com\/site\/mexico\/wp-content\/uploads\/sites\/13\/2021\/01\/luis-sanders.jpg\",\"width\":1079,\"height\":1594},{\"@type\":\"BreadcrumbList\",\"@id\":\"https:\/\/noti-america.com\/site\/mexico\/2021\/01\/06\/usa-adopta-el-modelo-de-latinoamerica-el-principio-del-fin-del-imperio-por-luis-e-sanders\/#breadcrumb\",\"itemListElement\":[{\"@type\":\"ListItem\",\"position\":1,\"name\":\"Portada\",\"item\":\"https:\/\/noti-america.com\/site\/mexico\/\"},{\"@type\":\"ListItem\",\"position\":2,\"name\":\"USA adopta el modelo de Latinoam\u00e9rica, \u00bfEl principio del Fin del Imperio? Por: Luis E. Sanders\"}]},{\"@type\":\"WebSite\",\"@id\":\"https:\/\/noti-america.com\/site\/mexico\/#website\",\"url\":\"https:\/\/noti-america.com\/site\/mexico\/\",\"name\":\"M\u00e9xico | Noti-America.com\",\"description\":\"\",\"publisher\":{\"@id\":\"https:\/\/noti-america.com\/site\/mexico\/#organization\"},\"potentialAction\":[{\"@type\":\"SearchAction\",\"target\":{\"@type\":\"EntryPoint\",\"urlTemplate\":\"https:\/\/noti-america.com\/site\/mexico\/?s={search_term_string}\"},\"query-input\":{\"@type\":\"PropertyValueSpecification\",\"valueRequired\":true,\"valueName\":\"search_term_string\"}}],\"inLanguage\":\"es\"},{\"@type\":\"Organization\",\"@id\":\"https:\/\/noti-america.com\/site\/mexico\/#organization\",\"name\":\"Noti-America LLC | M\u00e9xico\",\"url\":\"https:\/\/noti-america.com\/site\/mexico\/\",\"logo\":{\"@type\":\"ImageObject\",\"inLanguage\":\"es\",\"@id\":\"https:\/\/noti-america.com\/site\/mexico\/#\/schema\/logo\/image\/\",\"url\":\"https:\/\/noti-america.com\/site\/mexico\/wp-content\/uploads\/sites\/13\/2020\/07\/LogoNA-4x3-1.jpg\",\"contentUrl\":\"https:\/\/noti-america.com\/site\/mexico\/wp-content\/uploads\/sites\/13\/2020\/07\/LogoNA-4x3-1.jpg\",\"width\":1236,\"height\":1080,\"caption\":\"Noti-America LLC | M\u00e9xico\"},\"image\":{\"@id\":\"https:\/\/noti-america.com\/site\/mexico\/#\/schema\/logo\/image\/\"}},{\"@type\":\"Person\",\"@id\":\"https:\/\/noti-america.com\/site\/mexico\/#\/schema\/person\/a2e478ba496331ce89bcd0c731cd6533\",\"name\":\"rloaiza\",\"image\":{\"@type\":\"ImageObject\",\"inLanguage\":\"es\",\"@id\":\"https:\/\/secure.gravatar.com\/avatar\/190058e5d4427934610b99c45aa7a6558806850adedd53ddeddd194b04773e22?s=96&d=mm&r=g\",\"url\":\"https:\/\/secure.gravatar.com\/avatar\/190058e5d4427934610b99c45aa7a6558806850adedd53ddeddd194b04773e22?s=96&d=mm&r=g\",\"contentUrl\":\"https:\/\/secure.gravatar.com\/avatar\/190058e5d4427934610b99c45aa7a6558806850adedd53ddeddd194b04773e22?s=96&d=mm&r=g\",\"caption\":\"rloaiza\"},\"url\":\"https:\/\/noti-america.com\/site\/mexico\/author\/rloaiza\/\"}]}<\/script>\n<!-- \/ Yoast SEO Premium plugin. -->","yoast_head_json":{"title":"USA adopta el modelo de Latinoam\u00e9rica, \u00bfEl principio del Fin del Imperio? Por: Luis E. Sanders - M\u00e9xico","robots":{"index":"index","follow":"follow","max-snippet":"max-snippet:-1","max-image-preview":"max-image-preview:large","max-video-preview":"max-video-preview:-1"},"canonical":"https:\/\/noti-america.com\/site\/mexico\/2021\/01\/06\/usa-adopta-el-modelo-de-latinoamerica-el-principio-del-fin-del-imperio-por-luis-e-sanders\/","og_locale":"es_ES","og_type":"article","og_title":"USA adopta el modelo de Latinoam\u00e9rica, \u00bfEl principio del Fin del Imperio? Por: Luis E. Sanders","og_description":"NOTI-AMERICA.COM MEXICO USA adopta el modelo de Latinoam\u00e9rica, \u00bfEl principio del Fin del Imperio? No es raro encontrar en las ciudades latinoamericanas un claro descontrol y un descontento que lleva a las masas a&#46;&#46;&#46;","og_url":"https:\/\/noti-america.com\/site\/mexico\/2021\/01\/06\/usa-adopta-el-modelo-de-latinoamerica-el-principio-del-fin-del-imperio-por-luis-e-sanders\/","og_site_name":"M\u00e9xico","article_published_time":"2021-01-06T20:53:42+00:00","article_modified_time":"2021-01-07T00:53:57+00:00","og_image":[{"width":1079,"height":1594,"url":"https:\/\/noti-america.com\/site\/mexico\/wp-content\/uploads\/sites\/13\/2021\/01\/luis-sanders.jpg","type":"image\/jpeg"}],"author":"rloaiza","twitter_card":"summary_large_image","twitter_misc":{"Escrito por":"rloaiza","Tiempo estimado de lectura":"2 minutos"},"schema":{"@context":"https:\/\/schema.org","@graph":[{"@type":"Article","@id":"https:\/\/noti-america.com\/site\/mexico\/2021\/01\/06\/usa-adopta-el-modelo-de-latinoamerica-el-principio-del-fin-del-imperio-por-luis-e-sanders\/#article","isPartOf":{"@id":"https:\/\/noti-america.com\/site\/mexico\/2021\/01\/06\/usa-adopta-el-modelo-de-latinoamerica-el-principio-del-fin-del-imperio-por-luis-e-sanders\/"},"author":{"name":"rloaiza","@id":"https:\/\/noti-america.com\/site\/mexico\/#\/schema\/person\/a2e478ba496331ce89bcd0c731cd6533"},"headline":"USA adopta el modelo de Latinoam\u00e9rica, \u00bfEl principio del Fin del Imperio? Por: Luis E. Sanders","datePublished":"2021-01-06T20:53:42+00:00","dateModified":"2021-01-07T00:53:57+00:00","mainEntityOfPage":{"@id":"https:\/\/noti-america.com\/site\/mexico\/2021\/01\/06\/usa-adopta-el-modelo-de-latinoamerica-el-principio-del-fin-del-imperio-por-luis-e-sanders\/"},"wordCount":372,"commentCount":0,"publisher":{"@id":"https:\/\/noti-america.com\/site\/mexico\/#organization"},"image":{"@id":"https:\/\/noti-america.com\/site\/mexico\/2021\/01\/06\/usa-adopta-el-modelo-de-latinoamerica-el-principio-del-fin-del-imperio-por-luis-e-sanders\/#primaryimage"},"thumbnailUrl":"https:\/\/noti-america.com\/site\/mexico\/wp-content\/uploads\/sites\/13\/2021\/01\/luis-sanders.jpg","articleSection":["Pol\u00edtica"],"inLanguage":"es","potentialAction":[{"@type":"CommentAction","name":"Comment","target":["https:\/\/noti-america.com\/site\/mexico\/2021\/01\/06\/usa-adopta-el-modelo-de-latinoamerica-el-principio-del-fin-del-imperio-por-luis-e-sanders\/#respond"]}]},{"@type":"WebPage","@id":"https:\/\/noti-america.com\/site\/mexico\/2021\/01\/06\/usa-adopta-el-modelo-de-latinoamerica-el-principio-del-fin-del-imperio-por-luis-e-sanders\/","url":"https:\/\/noti-america.com\/site\/mexico\/2021\/01\/06\/usa-adopta-el-modelo-de-latinoamerica-el-principio-del-fin-del-imperio-por-luis-e-sanders\/","name":"USA adopta el modelo de Latinoam\u00e9rica, \u00bfEl principio del Fin del Imperio? Por: Luis E. Sanders - M\u00e9xico","isPartOf":{"@id":"https:\/\/noti-america.com\/site\/mexico\/#website"},"primaryImageOfPage":{"@id":"https:\/\/noti-america.com\/site\/mexico\/2021\/01\/06\/usa-adopta-el-modelo-de-latinoamerica-el-principio-del-fin-del-imperio-por-luis-e-sanders\/#primaryimage"},"image":{"@id":"https:\/\/noti-america.com\/site\/mexico\/2021\/01\/06\/usa-adopta-el-modelo-de-latinoamerica-el-principio-del-fin-del-imperio-por-luis-e-sanders\/#primaryimage"},"thumbnailUrl":"https:\/\/noti-america.com\/site\/mexico\/wp-content\/uploads\/sites\/13\/2021\/01\/luis-sanders.jpg","datePublished":"2021-01-06T20:53:42+00:00","dateModified":"2021-01-07T00:53:57+00:00","breadcrumb":{"@id":"https:\/\/noti-america.com\/site\/mexico\/2021\/01\/06\/usa-adopta-el-modelo-de-latinoamerica-el-principio-del-fin-del-imperio-por-luis-e-sanders\/#breadcrumb"},"inLanguage":"es","potentialAction":[{"@type":"ReadAction","target":["https:\/\/noti-america.com\/site\/mexico\/2021\/01\/06\/usa-adopta-el-modelo-de-latinoamerica-el-principio-del-fin-del-imperio-por-luis-e-sanders\/"]}]},{"@type":"ImageObject","inLanguage":"es","@id":"https:\/\/noti-america.com\/site\/mexico\/2021\/01\/06\/usa-adopta-el-modelo-de-latinoamerica-el-principio-del-fin-del-imperio-por-luis-e-sanders\/#primaryimage","url":"https:\/\/noti-america.com\/site\/mexico\/wp-content\/uploads\/sites\/13\/2021\/01\/luis-sanders.jpg","contentUrl":"https:\/\/noti-america.com\/site\/mexico\/wp-content\/uploads\/sites\/13\/2021\/01\/luis-sanders.jpg","width":1079,"height":1594},{"@type":"BreadcrumbList","@id":"https:\/\/noti-america.com\/site\/mexico\/2021\/01\/06\/usa-adopta-el-modelo-de-latinoamerica-el-principio-del-fin-del-imperio-por-luis-e-sanders\/#breadcrumb","itemListElement":[{"@type":"ListItem","position":1,"name":"Portada","item":"https:\/\/noti-america.com\/site\/mexico\/"},{"@type":"ListItem","position":2,"name":"USA adopta el modelo de Latinoam\u00e9rica, \u00bfEl principio del Fin del Imperio? Por: Luis E. Sanders"}]},{"@type":"WebSite","@id":"https:\/\/noti-america.com\/site\/mexico\/#website","url":"https:\/\/noti-america.com\/site\/mexico\/","name":"M\u00e9xico | Noti-America.com","description":"","publisher":{"@id":"https:\/\/noti-america.com\/site\/mexico\/#organization"},"potentialAction":[{"@type":"SearchAction","target":{"@type":"EntryPoint","urlTemplate":"https:\/\/noti-america.com\/site\/mexico\/?s={search_term_string}"},"query-input":{"@type":"PropertyValueSpecification","valueRequired":true,"valueName":"search_term_string"}}],"inLanguage":"es"},{"@type":"Organization","@id":"https:\/\/noti-america.com\/site\/mexico\/#organization","name":"Noti-America LLC | M\u00e9xico","url":"https:\/\/noti-america.com\/site\/mexico\/","logo":{"@type":"ImageObject","inLanguage":"es","@id":"https:\/\/noti-america.com\/site\/mexico\/#\/schema\/logo\/image\/","url":"https:\/\/noti-america.com\/site\/mexico\/wp-content\/uploads\/sites\/13\/2020\/07\/LogoNA-4x3-1.jpg","contentUrl":"https:\/\/noti-america.com\/site\/mexico\/wp-content\/uploads\/sites\/13\/2020\/07\/LogoNA-4x3-1.jpg","width":1236,"height":1080,"caption":"Noti-America LLC | M\u00e9xico"},"image":{"@id":"https:\/\/noti-america.com\/site\/mexico\/#\/schema\/logo\/image\/"}},{"@type":"Person","@id":"https:\/\/noti-america.com\/site\/mexico\/#\/schema\/person\/a2e478ba496331ce89bcd0c731cd6533","name":"rloaiza","image":{"@type":"ImageObject","inLanguage":"es","@id":"https:\/\/secure.gravatar.com\/avatar\/190058e5d4427934610b99c45aa7a6558806850adedd53ddeddd194b04773e22?s=96&d=mm&r=g","url":"https:\/\/secure.gravatar.com\/avatar\/190058e5d4427934610b99c45aa7a6558806850adedd53ddeddd194b04773e22?s=96&d=mm&r=g","contentUrl":"https:\/\/secure.gravatar.com\/avatar\/190058e5d4427934610b99c45aa7a6558806850adedd53ddeddd194b04773e22?s=96&d=mm&r=g","caption":"rloaiza"},"url":"https:\/\/noti-america.com\/site\/mexico\/author\/rloaiza\/"}]}},"_links":{"self":[{"href":"https:\/\/noti-america.com\/site\/mexico\/wp-json\/wp\/v2\/posts\/5996","targetHints":{"allow":["GET"]}}],"collection":[{"href":"https:\/\/noti-america.com\/site\/mexico\/wp-json\/wp\/v2\/posts"}],"about":[{"href":"https:\/\/noti-america.com\/site\/mexico\/wp-json\/wp\/v2\/types\/post"}],"author":[{"embeddable":true,"href":"https:\/\/noti-america.com\/site\/mexico\/wp-json\/wp\/v2\/users\/2"}],"replies":[{"embeddable":true,"href":"https:\/\/noti-america.com\/site\/mexico\/wp-json\/wp\/v2\/comments?post=5996"}],"version-history":[{"count":1,"href":"https:\/\/noti-america.com\/site\/mexico\/wp-json\/wp\/v2\/posts\/5996\/revisions"}],"predecessor-version":[{"id":5998,"href":"https:\/\/noti-america.com\/site\/mexico\/wp-json\/wp\/v2\/posts\/5996\/revisions\/5998"}],"wp:featuredmedia":[{"embeddable":true,"href":"https:\/\/noti-america.com\/site\/mexico\/wp-json\/wp\/v2\/media\/5997"}],"wp:attachment":[{"href":"https:\/\/noti-america.com\/site\/mexico\/wp-json\/wp\/v2\/media?parent=5996"}],"wp:term":[{"taxonomy":"category","embeddable":true,"href":"https:\/\/noti-america.com\/site\/mexico\/wp-json\/wp\/v2\/categories?post=5996"},{"taxonomy":"post_tag","embeddable":true,"href":"https:\/\/noti-america.com\/site\/mexico\/wp-json\/wp\/v2\/tags?post=5996"}],"curies":[{"name":"wp","href":"https:\/\/api.w.org\/{rel}","templated":true}]}}