{"id":5957,"date":"2020-12-13T15:54:32","date_gmt":"2020-12-13T15:54:32","guid":{"rendered":"https:\/\/noti-america.com\/site\/mexico\/2020\/12\/13\/una-revision-del-ano-los-avances-y-desafios-de-la-economia-circular-en-2020\/"},"modified":"2020-12-13T19:55:16","modified_gmt":"2020-12-13T19:55:16","slug":"una-revision-del-ano-los-avances-y-desafios-de-la-economia-circular-en-2020","status":"publish","type":"post","link":"https:\/\/noti-america.com\/site\/mexico\/2020\/12\/13\/una-revision-del-ano-los-avances-y-desafios-de-la-economia-circular-en-2020\/","title":{"rendered":"Una revisi\u00f3n del a\u00f1o: los avances y desaf\u00edos de la econom\u00eda circular en 2020"},"content":{"rendered":"<p>NOTI-AMERICA.COM MEXICO<\/p>\n<p style=\"text-align: center;\"><strong>Una revisi\u00f3n del a\u00f1o: los avances y desaf\u00edos de la econom\u00eda circular en 2020<\/strong><\/p>\n<p style=\"text-align: center;\"><em> <img loading=\"lazy\" decoding=\"async\" class=\"alignnone size-medium wp-image-5958\" src=\"https:\/\/noti-america.com\/site\/mexico\/wp-content\/uploads\/sites\/13\/2020\/12\/CE-Principles-Graphic-ES-300x259.png\" alt=\"\" width=\"300\" height=\"259\" srcset=\"https:\/\/noti-america.com\/site\/mexico\/wp-content\/uploads\/sites\/13\/2020\/12\/CE-Principles-Graphic-ES-300x259.png 300w, https:\/\/noti-america.com\/site\/mexico\/wp-content\/uploads\/sites\/13\/2020\/12\/CE-Principles-Graphic-ES-1024x884.png 1024w, https:\/\/noti-america.com\/site\/mexico\/wp-content\/uploads\/sites\/13\/2020\/12\/CE-Principles-Graphic-ES-768x663.png 768w\" sizes=\"auto, (max-width: 300px) 100vw, 300px\" \/><\/em><\/p>\n<ul>\n<li><em>En el marco de su 5\u00b0 aniversario en la regi\u00f3n, la Fundaci\u00f3n Ellen MacArthur ha visibilizado el impacto de la econom\u00eda circular como una soluci\u00f3n que ofrece beneficios a la sociedad, las empresas y el medio ambiente.<\/em><\/li>\n<li><em>En M\u00e9xico empresas como Unilever, Walmart, Soluplastic y ABInbev \/ Corona, entre otras, son ejemplos de c\u00f3mo la econom\u00eda circular es una alternativa que les permite ser m\u00e1s sostenibles y rentables.<\/em><\/li>\n<li><em>Asimismo, empresas y gobiernos latinoamericanos que se han adherido a objetivos ambiciosos para construir una econom\u00eda circular para los pl\u00e1sticos, est\u00e1n pasando de la visi\u00f3n a la acci\u00f3n, a trav\u00e9s del Compromiso Global de la Nueva Econom\u00eda del Pl\u00e1stico.<\/em><\/li>\n<\/ul>\n<p><strong>M\u00e9xico, diciembre de 2020<\/strong>.- Este a\u00f1o 2020 ha sido un a\u00f1o diferente en el que, en medio de una pandemia, la humanidad ha hecho un alto en el camino para entender la importancia de adoptar pr\u00e1cticas mucho m\u00e1s sostenibles que permitan asegurar la preservaci\u00f3n, adem\u00e1s de respetar y proteger esos recursos naturales que est\u00e1n en riesgo. Dentro de esta nueva realidad, la <strong><u><a href=\"https:\/\/www.ellenmacarthurfoundation.org\/es\/resources\/reports-and-books\">econom\u00eda circular<\/a><\/u><\/strong> ha tomado cada vez m\u00e1s fuerza para resaltar el enorme beneficio que trae no solo para los gobiernos y las empresas, sino para todas las personas.<\/p>\n<p>Para cerrar este a\u00f1o, la <strong>Fundaci\u00f3n Ellen MacArthur<\/strong>, principal impulsora de la transici\u00f3n a la econom\u00eda circular en el mundo, resalta los aspectos m\u00e1s relevantes en la adopci\u00f3n de este modelo en Am\u00e9rica Latina y el inmenso beneficio que deja para la econom\u00eda sostenible y el trabajo en conjunto con Gobiernos, empresa y la academia.<\/p>\n<p>En los \u00faltimo cinco a\u00f1os, Am\u00e9rica Latina ha tenido un gran avance en lo relacionado a la econom\u00eda circular y queda claro que \u00e9sta ofrece nuevas y mejores oportunidades de crecimiento y aborda algunos de los mayores desaf\u00edos actuales, como el desperdicio, la contaminaci\u00f3n, el cambio clim\u00e1tico y la p\u00e9rdida de biodiversidad, bas\u00e1ndose en los principios de eliminar los desechos y la contaminaci\u00f3n, as\u00ed como mantener todos los productos y materiales en uso y regenerar los sistemas naturales, lo que genera beneficios para la sociedad, el medio ambiente y la econom\u00eda.<\/p>\n<p>No es un secreto que el Covid-19 supuso una gran disrupci\u00f3n en la econom\u00eda mundial y reforz\u00f3 la relevancia y urgencia de una transici\u00f3n a una econom\u00eda circular, que ofrezca nuevas y mejores oportunidades de crecimiento, reto que asumieron importantes compa\u00f1\u00edas en M\u00e9xico como Unilever, Walmart, Soluplastic y ABInbev \/ Corona, entre otras, las cuales decidieron ponerse la camiseta para remar en conjunto y as\u00ed lograr los objetivos trazados. Asimismo, la <strong>Ciudad de M\u00e9xico<\/strong> se ha sumado a ciudades como Sao Paulo, R\u00edo de Janeiro, Bogot\u00e1 y Salvador para una transici\u00f3n hacia sistemas alimentarios regenerativos de econom\u00eda circular.<\/p>\n<p>A trav\u00e9s de la misi\u00f3n de la Fundaci\u00f3n se ha podido identificar c\u00f3mo est\u00e1 la regi\u00f3n actualmente en materia de sostenibilidad, as\u00ed como los retos y oportunidades que se deben abordar para cumplir los objetivos planteados para el 2025 en lo relacionado al uso de pl\u00e1sticos de un solo uso y a la econom\u00eda circular en la industria alimentaria.<\/p>\n<p>Este 2020 cierra con interesantes cifras por parte del <u><a href=\"https:\/\/www.ellenmacarthurfoundation.org\/resources\/apply\/global-commitment-progress-report\">Informe de Progreso 2020 sobre el Compromiso Global de Pl\u00e1sticos<\/a><\/u>, que se\u00f1ala que el consumo de pl\u00e1stico de un solo uso disminuy\u00f3 un porcentaje, que aunque todav\u00eda es bajo, muestra que la tendencia est\u00e1 creciendo en el mundo entero y que hoy en d\u00eda entre las 500 empresas signatarias que participan de esta iniciativa, al menos un 25% disminuy\u00f3 su consumo de pl\u00e1stico y al menos un 22% de los envases que se utilizan hoy en d\u00eda son de material reciclable. Adem\u00e1s, se han reportado cuantiosas inversiones para lograr los objetivos de 2025, lo que eleva el monto total comprometido p\u00fablicamente por signatarios del Compromiso Global, en m\u00e1s de $10,000 millones de d\u00f3lares.<\/p>\n<p>En este tenor, recientemente la Fundaci\u00f3n Ellen MacArthur lanz\u00f3 <u><a href=\"https:\/\/www.ellenmacarthurfoundation.org\/es\/noticias\/gu%C3%ADa-de-innovaci%C3%B3n-en-el-or%C3%ADgen\">\u201cInnovaci\u00f3n desde el origen: una gu\u00eda de soluciones de empaque\u201d<\/a><\/u>, una gu\u00eda pr\u00e1ctica para eliminar la contaminaci\u00f3n pl\u00e1stica mediante soluciones de econom\u00eda circular que contiene directrices y ejemplos reales para profesionales de la comercializaci\u00f3n, dise\u00f1adores de productos e ingenieros de empaquetado.<\/p>\n<p>En materia de alimentaci\u00f3n, actualmente se desperdicia un tercio de los alimentos que se producen en el mundo, una cifra alarmante cuando un 9% de la poblaci\u00f3n mundial sufre de desnutrici\u00f3n. Para disminuir este impacto, durante 2020 la Fundaci\u00f3n continu\u00f3 su trabajo con ciudades pioneras, l\u00edderes de\u00a0 la industria y socios filantr\u00f3picos para desencadenar una transformaci\u00f3n del\u00a0 sistema alimentario en donde nada se convierta en desperdicio y que las empresas en toda la cadena de valor alimentaria puedan prosperar. Adem\u00e1s de integrarse a un modelo circular desde las pr\u00e1cticas agr\u00edcolas, ayudar\u00e1 a obtener beneficios de hasta 10.5 billones de d\u00f3lares por a\u00f1o para 2050.<\/p>\n<p>\u201cEste a\u00f1o, con todas las dificultades que se han presentado,\u00a0 podemos decir que ha quedado m\u00e1s que claro que la econom\u00eda circular ofrece la oportunidad de repensar la forma en que consumimos recursos y generamos desechos y c\u00f3mo impacta esto al planeta. Por eso, desde la Fundaci\u00f3n Ellen MacArthur queremos hacer un llamado a Gobiernos y empresas para que apoyen la transici\u00f3n a este modelo que promete crear nuevas y mejores oportunidades de crecimiento, adem\u00e1s de impulsar el cumplimiento de los principios de la ODS y los objetivos clim\u00e1ticos de 2030.\u201d se\u00f1ala <strong>Lu\u00edsa Santiago, L\u00edder de la Fundaci\u00f3n Ellen MacArthur para Latinoam\u00e9rica<\/strong>.<\/p>\n<p><strong>\u00a0<\/strong><\/p>\n","protected":false},"excerpt":{"rendered":"<p>NOTI-AMERICA.COM MEXICO Una revisi\u00f3n del a\u00f1o: los avances y desaf\u00edos de la econom\u00eda circular en 2020 En el marco de su 5\u00b0 aniversario en la regi\u00f3n, la Fundaci\u00f3n Ellen MacArthur ha visibilizado el impacto&#46;&#46;&#46;<\/p>\n","protected":false},"author":2,"featured_media":51768,"comment_status":"open","ping_status":"open","sticky":false,"template":"","format":"standard","meta":{"_acf_changed":false,"om_disable_all_campaigns":false,"rop_custom_images_group":[],"rop_custom_messages_group":[],"rop_publish_now":"initial","rop_publish_now_accounts":{"twitter_242054905_242054905":""},"rop_publish_now_history":[],"rop_publish_now_status":"pending","_uf_show_specific_survey":0,"_uf_disable_surveys":false,"footnotes":""},"categories":[1],"tags":[],"class_list":["post-5957","post","type-post","status-publish","format-standard","has-post-thumbnail","hentry","category-uncategorized"],"acf":[],"aioseo_notices":[],"yoast_head":"<!-- This site is optimized with the Yoast SEO Premium plugin v24.9 (Yoast SEO v27.2) - https:\/\/yoast.com\/product\/yoast-seo-premium-wordpress\/ -->\n<title>Una revisi\u00f3n del a\u00f1o: los avances y desaf\u00edos de la econom\u00eda circular en 2020 - M\u00e9xico<\/title>\n<meta name=\"robots\" content=\"index, follow, max-snippet:-1, max-image-preview:large, max-video-preview:-1\" \/>\n<link rel=\"canonical\" href=\"https:\/\/noti-america.com\/site\/mexico\/2020\/12\/13\/una-revision-del-ano-los-avances-y-desafios-de-la-economia-circular-en-2020\/\" \/>\n<meta property=\"og:locale\" content=\"es_ES\" \/>\n<meta property=\"og:type\" content=\"article\" \/>\n<meta property=\"og:title\" content=\"Una revisi\u00f3n del a\u00f1o: los avances y desaf\u00edos de la econom\u00eda circular en 2020\" \/>\n<meta property=\"og:description\" content=\"NOTI-AMERICA.COM MEXICO Una revisi\u00f3n del a\u00f1o: los avances y desaf\u00edos de la econom\u00eda circular en 2020 En el marco de su 5\u00b0 aniversario en la regi\u00f3n, la Fundaci\u00f3n Ellen MacArthur ha visibilizado el impacto&#046;&#046;&#046;\" \/>\n<meta property=\"og:url\" content=\"https:\/\/noti-america.com\/site\/mexico\/2020\/12\/13\/una-revision-del-ano-los-avances-y-desafios-de-la-economia-circular-en-2020\/\" \/>\n<meta property=\"og:site_name\" content=\"M\u00e9xico\" \/>\n<meta property=\"article:published_time\" content=\"2020-12-13T15:54:32+00:00\" \/>\n<meta property=\"article:modified_time\" content=\"2020-12-13T19:55:16+00:00\" \/>\n<meta name=\"author\" content=\"rloaiza\" \/>\n<meta name=\"twitter:card\" content=\"summary_large_image\" \/>\n<meta name=\"twitter:label1\" content=\"Escrito por\" \/>\n\t<meta name=\"twitter:data1\" content=\"rloaiza\" \/>\n\t<meta name=\"twitter:label2\" content=\"Tiempo estimado de lectura\" \/>\n\t<meta name=\"twitter:data2\" content=\"5 minutos\" \/>\n<script type=\"application\/ld+json\" class=\"yoast-schema-graph\">{\"@context\":\"https:\/\/schema.org\",\"@graph\":[{\"@type\":\"Article\",\"@id\":\"https:\/\/noti-america.com\/site\/mexico\/2020\/12\/13\/una-revision-del-ano-los-avances-y-desafios-de-la-economia-circular-en-2020\/#article\",\"isPartOf\":{\"@id\":\"https:\/\/noti-america.com\/site\/mexico\/2020\/12\/13\/una-revision-del-ano-los-avances-y-desafios-de-la-economia-circular-en-2020\/\"},\"author\":{\"name\":\"rloaiza\",\"@id\":\"https:\/\/noti-america.com\/site\/mexico\/#\/schema\/person\/a2e478ba496331ce89bcd0c731cd6533\"},\"headline\":\"Una revisi\u00f3n del a\u00f1o: los avances y desaf\u00edos de la econom\u00eda circular en 2020\",\"datePublished\":\"2020-12-13T15:54:32+00:00\",\"dateModified\":\"2020-12-13T19:55:16+00:00\",\"mainEntityOfPage\":{\"@id\":\"https:\/\/noti-america.com\/site\/mexico\/2020\/12\/13\/una-revision-del-ano-los-avances-y-desafios-de-la-economia-circular-en-2020\/\"},\"wordCount\":1005,\"commentCount\":0,\"publisher\":{\"@id\":\"https:\/\/noti-america.com\/site\/mexico\/#organization\"},\"image\":{\"@id\":\"https:\/\/noti-america.com\/site\/mexico\/2020\/12\/13\/una-revision-del-ano-los-avances-y-desafios-de-la-economia-circular-en-2020\/#primaryimage\"},\"thumbnailUrl\":\"\",\"articleSection\":[\"Uncategorized\"],\"inLanguage\":\"es\",\"potentialAction\":[{\"@type\":\"CommentAction\",\"name\":\"Comment\",\"target\":[\"https:\/\/noti-america.com\/site\/mexico\/2020\/12\/13\/una-revision-del-ano-los-avances-y-desafios-de-la-economia-circular-en-2020\/#respond\"]}]},{\"@type\":\"WebPage\",\"@id\":\"https:\/\/noti-america.com\/site\/mexico\/2020\/12\/13\/una-revision-del-ano-los-avances-y-desafios-de-la-economia-circular-en-2020\/\",\"url\":\"https:\/\/noti-america.com\/site\/mexico\/2020\/12\/13\/una-revision-del-ano-los-avances-y-desafios-de-la-economia-circular-en-2020\/\",\"name\":\"Una revisi\u00f3n del a\u00f1o: los avances y desaf\u00edos de la econom\u00eda circular en 2020 - M\u00e9xico\",\"isPartOf\":{\"@id\":\"https:\/\/noti-america.com\/site\/mexico\/#website\"},\"primaryImageOfPage\":{\"@id\":\"https:\/\/noti-america.com\/site\/mexico\/2020\/12\/13\/una-revision-del-ano-los-avances-y-desafios-de-la-economia-circular-en-2020\/#primaryimage\"},\"image\":{\"@id\":\"https:\/\/noti-america.com\/site\/mexico\/2020\/12\/13\/una-revision-del-ano-los-avances-y-desafios-de-la-economia-circular-en-2020\/#primaryimage\"},\"thumbnailUrl\":\"\",\"datePublished\":\"2020-12-13T15:54:32+00:00\",\"dateModified\":\"2020-12-13T19:55:16+00:00\",\"breadcrumb\":{\"@id\":\"https:\/\/noti-america.com\/site\/mexico\/2020\/12\/13\/una-revision-del-ano-los-avances-y-desafios-de-la-economia-circular-en-2020\/#breadcrumb\"},\"inLanguage\":\"es\",\"potentialAction\":[{\"@type\":\"ReadAction\",\"target\":[\"https:\/\/noti-america.com\/site\/mexico\/2020\/12\/13\/una-revision-del-ano-los-avances-y-desafios-de-la-economia-circular-en-2020\/\"]}]},{\"@type\":\"ImageObject\",\"inLanguage\":\"es\",\"@id\":\"https:\/\/noti-america.com\/site\/mexico\/2020\/12\/13\/una-revision-del-ano-los-avances-y-desafios-de-la-economia-circular-en-2020\/#primaryimage\",\"url\":\"\",\"contentUrl\":\"\"},{\"@type\":\"BreadcrumbList\",\"@id\":\"https:\/\/noti-america.com\/site\/mexico\/2020\/12\/13\/una-revision-del-ano-los-avances-y-desafios-de-la-economia-circular-en-2020\/#breadcrumb\",\"itemListElement\":[{\"@type\":\"ListItem\",\"position\":1,\"name\":\"Portada\",\"item\":\"https:\/\/noti-america.com\/site\/mexico\/\"},{\"@type\":\"ListItem\",\"position\":2,\"name\":\"Una revisi\u00f3n del a\u00f1o: los avances y desaf\u00edos de la econom\u00eda circular en 2020\"}]},{\"@type\":\"WebSite\",\"@id\":\"https:\/\/noti-america.com\/site\/mexico\/#website\",\"url\":\"https:\/\/noti-america.com\/site\/mexico\/\",\"name\":\"M\u00e9xico | Noti-America.com\",\"description\":\"\",\"publisher\":{\"@id\":\"https:\/\/noti-america.com\/site\/mexico\/#organization\"},\"potentialAction\":[{\"@type\":\"SearchAction\",\"target\":{\"@type\":\"EntryPoint\",\"urlTemplate\":\"https:\/\/noti-america.com\/site\/mexico\/?s={search_term_string}\"},\"query-input\":{\"@type\":\"PropertyValueSpecification\",\"valueRequired\":true,\"valueName\":\"search_term_string\"}}],\"inLanguage\":\"es\"},{\"@type\":\"Organization\",\"@id\":\"https:\/\/noti-america.com\/site\/mexico\/#organization\",\"name\":\"Noti-America LLC | M\u00e9xico\",\"url\":\"https:\/\/noti-america.com\/site\/mexico\/\",\"logo\":{\"@type\":\"ImageObject\",\"inLanguage\":\"es\",\"@id\":\"https:\/\/noti-america.com\/site\/mexico\/#\/schema\/logo\/image\/\",\"url\":\"https:\/\/noti-america.com\/site\/mexico\/wp-content\/uploads\/sites\/13\/2020\/07\/LogoNA-4x3-1.jpg\",\"contentUrl\":\"https:\/\/noti-america.com\/site\/mexico\/wp-content\/uploads\/sites\/13\/2020\/07\/LogoNA-4x3-1.jpg\",\"width\":1236,\"height\":1080,\"caption\":\"Noti-America LLC | M\u00e9xico\"},\"image\":{\"@id\":\"https:\/\/noti-america.com\/site\/mexico\/#\/schema\/logo\/image\/\"}},{\"@type\":\"Person\",\"@id\":\"https:\/\/noti-america.com\/site\/mexico\/#\/schema\/person\/a2e478ba496331ce89bcd0c731cd6533\",\"name\":\"rloaiza\",\"image\":{\"@type\":\"ImageObject\",\"inLanguage\":\"es\",\"@id\":\"https:\/\/secure.gravatar.com\/avatar\/190058e5d4427934610b99c45aa7a6558806850adedd53ddeddd194b04773e22?s=96&d=mm&r=g\",\"url\":\"https:\/\/secure.gravatar.com\/avatar\/190058e5d4427934610b99c45aa7a6558806850adedd53ddeddd194b04773e22?s=96&d=mm&r=g\",\"contentUrl\":\"https:\/\/secure.gravatar.com\/avatar\/190058e5d4427934610b99c45aa7a6558806850adedd53ddeddd194b04773e22?s=96&d=mm&r=g\",\"caption\":\"rloaiza\"},\"url\":\"https:\/\/noti-america.com\/site\/mexico\/author\/rloaiza\/\"}]}<\/script>\n<!-- \/ Yoast SEO Premium plugin. -->","yoast_head_json":{"title":"Una revisi\u00f3n del a\u00f1o: los avances y desaf\u00edos de la econom\u00eda circular en 2020 - M\u00e9xico","robots":{"index":"index","follow":"follow","max-snippet":"max-snippet:-1","max-image-preview":"max-image-preview:large","max-video-preview":"max-video-preview:-1"},"canonical":"https:\/\/noti-america.com\/site\/mexico\/2020\/12\/13\/una-revision-del-ano-los-avances-y-desafios-de-la-economia-circular-en-2020\/","og_locale":"es_ES","og_type":"article","og_title":"Una revisi\u00f3n del a\u00f1o: los avances y desaf\u00edos de la econom\u00eda circular en 2020","og_description":"NOTI-AMERICA.COM MEXICO Una revisi\u00f3n del a\u00f1o: los avances y desaf\u00edos de la econom\u00eda circular en 2020 En el marco de su 5\u00b0 aniversario en la regi\u00f3n, la Fundaci\u00f3n Ellen MacArthur ha visibilizado el impacto&#46;&#46;&#46;","og_url":"https:\/\/noti-america.com\/site\/mexico\/2020\/12\/13\/una-revision-del-ano-los-avances-y-desafios-de-la-economia-circular-en-2020\/","og_site_name":"M\u00e9xico","article_published_time":"2020-12-13T15:54:32+00:00","article_modified_time":"2020-12-13T19:55:16+00:00","author":"rloaiza","twitter_card":"summary_large_image","twitter_misc":{"Escrito por":"rloaiza","Tiempo estimado de lectura":"5 minutos"},"schema":{"@context":"https:\/\/schema.org","@graph":[{"@type":"Article","@id":"https:\/\/noti-america.com\/site\/mexico\/2020\/12\/13\/una-revision-del-ano-los-avances-y-desafios-de-la-economia-circular-en-2020\/#article","isPartOf":{"@id":"https:\/\/noti-america.com\/site\/mexico\/2020\/12\/13\/una-revision-del-ano-los-avances-y-desafios-de-la-economia-circular-en-2020\/"},"author":{"name":"rloaiza","@id":"https:\/\/noti-america.com\/site\/mexico\/#\/schema\/person\/a2e478ba496331ce89bcd0c731cd6533"},"headline":"Una revisi\u00f3n del a\u00f1o: los avances y desaf\u00edos de la econom\u00eda circular en 2020","datePublished":"2020-12-13T15:54:32+00:00","dateModified":"2020-12-13T19:55:16+00:00","mainEntityOfPage":{"@id":"https:\/\/noti-america.com\/site\/mexico\/2020\/12\/13\/una-revision-del-ano-los-avances-y-desafios-de-la-economia-circular-en-2020\/"},"wordCount":1005,"commentCount":0,"publisher":{"@id":"https:\/\/noti-america.com\/site\/mexico\/#organization"},"image":{"@id":"https:\/\/noti-america.com\/site\/mexico\/2020\/12\/13\/una-revision-del-ano-los-avances-y-desafios-de-la-economia-circular-en-2020\/#primaryimage"},"thumbnailUrl":"","articleSection":["Uncategorized"],"inLanguage":"es","potentialAction":[{"@type":"CommentAction","name":"Comment","target":["https:\/\/noti-america.com\/site\/mexico\/2020\/12\/13\/una-revision-del-ano-los-avances-y-desafios-de-la-economia-circular-en-2020\/#respond"]}]},{"@type":"WebPage","@id":"https:\/\/noti-america.com\/site\/mexico\/2020\/12\/13\/una-revision-del-ano-los-avances-y-desafios-de-la-economia-circular-en-2020\/","url":"https:\/\/noti-america.com\/site\/mexico\/2020\/12\/13\/una-revision-del-ano-los-avances-y-desafios-de-la-economia-circular-en-2020\/","name":"Una revisi\u00f3n del a\u00f1o: los avances y desaf\u00edos de la econom\u00eda circular en 2020 - M\u00e9xico","isPartOf":{"@id":"https:\/\/noti-america.com\/site\/mexico\/#website"},"primaryImageOfPage":{"@id":"https:\/\/noti-america.com\/site\/mexico\/2020\/12\/13\/una-revision-del-ano-los-avances-y-desafios-de-la-economia-circular-en-2020\/#primaryimage"},"image":{"@id":"https:\/\/noti-america.com\/site\/mexico\/2020\/12\/13\/una-revision-del-ano-los-avances-y-desafios-de-la-economia-circular-en-2020\/#primaryimage"},"thumbnailUrl":"","datePublished":"2020-12-13T15:54:32+00:00","dateModified":"2020-12-13T19:55:16+00:00","breadcrumb":{"@id":"https:\/\/noti-america.com\/site\/mexico\/2020\/12\/13\/una-revision-del-ano-los-avances-y-desafios-de-la-economia-circular-en-2020\/#breadcrumb"},"inLanguage":"es","potentialAction":[{"@type":"ReadAction","target":["https:\/\/noti-america.com\/site\/mexico\/2020\/12\/13\/una-revision-del-ano-los-avances-y-desafios-de-la-economia-circular-en-2020\/"]}]},{"@type":"ImageObject","inLanguage":"es","@id":"https:\/\/noti-america.com\/site\/mexico\/2020\/12\/13\/una-revision-del-ano-los-avances-y-desafios-de-la-economia-circular-en-2020\/#primaryimage","url":"","contentUrl":""},{"@type":"BreadcrumbList","@id":"https:\/\/noti-america.com\/site\/mexico\/2020\/12\/13\/una-revision-del-ano-los-avances-y-desafios-de-la-economia-circular-en-2020\/#breadcrumb","itemListElement":[{"@type":"ListItem","position":1,"name":"Portada","item":"https:\/\/noti-america.com\/site\/mexico\/"},{"@type":"ListItem","position":2,"name":"Una revisi\u00f3n del a\u00f1o: los avances y desaf\u00edos de la econom\u00eda circular en 2020"}]},{"@type":"WebSite","@id":"https:\/\/noti-america.com\/site\/mexico\/#website","url":"https:\/\/noti-america.com\/site\/mexico\/","name":"M\u00e9xico | Noti-America.com","description":"","publisher":{"@id":"https:\/\/noti-america.com\/site\/mexico\/#organization"},"potentialAction":[{"@type":"SearchAction","target":{"@type":"EntryPoint","urlTemplate":"https:\/\/noti-america.com\/site\/mexico\/?s={search_term_string}"},"query-input":{"@type":"PropertyValueSpecification","valueRequired":true,"valueName":"search_term_string"}}],"inLanguage":"es"},{"@type":"Organization","@id":"https:\/\/noti-america.com\/site\/mexico\/#organization","name":"Noti-America LLC | M\u00e9xico","url":"https:\/\/noti-america.com\/site\/mexico\/","logo":{"@type":"ImageObject","inLanguage":"es","@id":"https:\/\/noti-america.com\/site\/mexico\/#\/schema\/logo\/image\/","url":"https:\/\/noti-america.com\/site\/mexico\/wp-content\/uploads\/sites\/13\/2020\/07\/LogoNA-4x3-1.jpg","contentUrl":"https:\/\/noti-america.com\/site\/mexico\/wp-content\/uploads\/sites\/13\/2020\/07\/LogoNA-4x3-1.jpg","width":1236,"height":1080,"caption":"Noti-America LLC | M\u00e9xico"},"image":{"@id":"https:\/\/noti-america.com\/site\/mexico\/#\/schema\/logo\/image\/"}},{"@type":"Person","@id":"https:\/\/noti-america.com\/site\/mexico\/#\/schema\/person\/a2e478ba496331ce89bcd0c731cd6533","name":"rloaiza","image":{"@type":"ImageObject","inLanguage":"es","@id":"https:\/\/secure.gravatar.com\/avatar\/190058e5d4427934610b99c45aa7a6558806850adedd53ddeddd194b04773e22?s=96&d=mm&r=g","url":"https:\/\/secure.gravatar.com\/avatar\/190058e5d4427934610b99c45aa7a6558806850adedd53ddeddd194b04773e22?s=96&d=mm&r=g","contentUrl":"https:\/\/secure.gravatar.com\/avatar\/190058e5d4427934610b99c45aa7a6558806850adedd53ddeddd194b04773e22?s=96&d=mm&r=g","caption":"rloaiza"},"url":"https:\/\/noti-america.com\/site\/mexico\/author\/rloaiza\/"}]}},"_links":{"self":[{"href":"https:\/\/noti-america.com\/site\/mexico\/wp-json\/wp\/v2\/posts\/5957","targetHints":{"allow":["GET"]}}],"collection":[{"href":"https:\/\/noti-america.com\/site\/mexico\/wp-json\/wp\/v2\/posts"}],"about":[{"href":"https:\/\/noti-america.com\/site\/mexico\/wp-json\/wp\/v2\/types\/post"}],"author":[{"embeddable":true,"href":"https:\/\/noti-america.com\/site\/mexico\/wp-json\/wp\/v2\/users\/2"}],"replies":[{"embeddable":true,"href":"https:\/\/noti-america.com\/site\/mexico\/wp-json\/wp\/v2\/comments?post=5957"}],"version-history":[{"count":1,"href":"https:\/\/noti-america.com\/site\/mexico\/wp-json\/wp\/v2\/posts\/5957\/revisions"}],"predecessor-version":[{"id":5959,"href":"https:\/\/noti-america.com\/site\/mexico\/wp-json\/wp\/v2\/posts\/5957\/revisions\/5959"}],"wp:featuredmedia":[{"embeddable":true,"href":"https:\/\/noti-america.com\/site\/mexico\/wp-json\/"}],"wp:attachment":[{"href":"https:\/\/noti-america.com\/site\/mexico\/wp-json\/wp\/v2\/media?parent=5957"}],"wp:term":[{"taxonomy":"category","embeddable":true,"href":"https:\/\/noti-america.com\/site\/mexico\/wp-json\/wp\/v2\/categories?post=5957"},{"taxonomy":"post_tag","embeddable":true,"href":"https:\/\/noti-america.com\/site\/mexico\/wp-json\/wp\/v2\/tags?post=5957"}],"curies":[{"name":"wp","href":"https:\/\/api.w.org\/{rel}","templated":true}]}}