{"id":5903,"date":"2020-11-25T00:50:47","date_gmt":"2020-11-25T00:50:47","guid":{"rendered":"https:\/\/noti-america.com\/site\/mexico\/?p=5903"},"modified":"2020-11-25T00:55:22","modified_gmt":"2020-11-25T00:55:22","slug":"equipo-de-colaboradores","status":"publish","type":"post","link":"https:\/\/noti-america.com\/site\/mexico\/2020\/11\/25\/equipo-de-colaboradores\/","title":{"rendered":"Equipo de colaboradores"},"content":{"rendered":"<p><strong>Noti-Am\u00e9rica (M\u00e9xico)<\/strong><br \/>\n<strong>Ciudad de M\u00e9xico,DF.<\/strong><\/p>\n<p>&nbsp;<\/p>\n<p style=\"text-align: justify\"><span style=\"font-weight: 400\">Los emprendedores construyen sus proyectos en base a una idea, un producto, un concepto.\u00a0 Existen necesidades a resolver en el proceso de construcci\u00f3n de un proyecto. En todo sentido, para eso se necesita una lista de funciones a cumplir.<\/span><\/p>\n<p style=\"text-align: justify\"><span style=\"font-weight: 400\">Esas funciones requieren una implementaci\u00f3n y se plantea la necesidad de entender qui\u00e9nes son los encargados de realizarlo.<\/span><\/p>\n<p style=\"text-align: justify\"><span style=\"font-weight: 400\">El emprendedor tiene una inclinaci\u00f3n a resolver todas las funciones solo. Pero NO deber\u00eda ser as\u00ed. Deber\u00eda armar equipo.<\/span><\/p>\n<p style=\"text-align: justify\"><span style=\"font-weight: 400\">Es muy f\u00e1cil encontrar razones para considerar que no se puede armar equipo. El desaf\u00edo es poder revertir ese planteo. Es necesario convocar a profesionales que efect\u00faen lo que el due\u00f1o del proyecto no desea, no puede o no le corresponde hacer.<\/span><\/p>\n<p style=\"text-align: justify\"><span style=\"font-weight: 400\">No es f\u00e1cil encontrar a los profesionales indicados y se debe analizar de qu\u00e9 forma ser\u00e1 el modo de retribuirle. Hay veces que se paga con dinero y otras veces que se deben encontrar otras formas de pago.<\/span><\/p>\n<p>&nbsp;<\/p>\n<p><strong>\u00bfQU\u00c9 ES UN COLABORADOR?<\/strong><\/p>\n<p style=\"text-align: justify\"><span style=\"font-weight: 400\">Los proyectos requieren equipos de trabajo.\u00a0 Algunas veces pueden depender del mismo emprendimiento. Contratados o en relaci\u00f3n de dependencia para funciones que tienen una continuidad.\u00a0 Otras veces se necesitan profesionales para funciones que no requieren un trabajo continuo. Es decir, se utilizan para proyectos especiales.<\/span><\/p>\n<p style=\"text-align: justify\"><span style=\"font-weight: 400\">Todos ellos son colaboradores. Con diferentes funciones, con diferentes conocimientos y experiencias. Pero siempre se pueden considerar del equipo del emprendimiento.<\/span><\/p>\n<p style=\"text-align: justify\"><span style=\"font-weight: 400\">La idea es construir equipos equilibrados. Profesiona<\/span><span style=\"font-weight: 400\">l<\/span><span style=\"font-weight: 400\">es para funciones frecuentes, equipo para funciones espor\u00e1dicas. Algunos para actividades relacionadas con el centro del proyecto y otras que son para actividades no troncales.<\/span><\/p>\n<p><span style=\"font-weight: 400\">As\u00ed podemos identificar los colaboradores de:<\/span><\/p>\n<p><span style=\"font-weight: 400\">Relaci\u00f3n directa con el producto\/servicio del proyecto<\/span><\/p>\n<p><span style=\"font-weight: 400\">Relaci\u00f3n con las funciones operativas y circuitos del proyecto.<\/span><\/p>\n<p><span style=\"font-weight: 400\">Relaci\u00f3n con las funciones de comunicaci\u00f3n y ventas.<\/span><\/p>\n<p><strong>PRODUCTO.<\/strong><\/p>\n<p style=\"text-align: justify\"><span style=\"font-weight: 400\">Los primeros colaboradores a considerar son los que est\u00e1n relacionados con las funciones directas del proyecto.<\/span><\/p>\n<p style=\"text-align: justify\"><span style=\"font-weight: 400\">Si hablamos por ejemplo de un restaurant, podemos asegurar que los cocineros y camareros son colaboradores que est\u00e1n directamente relacionados con el circuito de la preparaci\u00f3n de la comida o de la atenci\u00f3n de los clientes, comensales.<\/span><\/p>\n<p style=\"text-align: justify\"><span style=\"font-weight: 400\">Estos profesionales pueden depender directamente del proyecto o pueden funcionar en forma externa pero cooperando con dicho proyecto.<\/span><\/p>\n<p style=\"text-align: justify\"><span style=\"font-weight: 400\">En todo sentido, este equipo representa el centro de la actividad real del proyecto.<\/span><\/p>\n<p style=\"text-align: justify\"><span style=\"font-weight: 400\">Los colaboradores saben de la actividad en cuesti\u00f3n, poseen alg\u00fan grado de especialidad y pueden ser retribuidos tambi\u00e9n como a los mismos due\u00f1os del proyecto ya que gracias a ellos el proyecto tambi\u00e9n funciona.<\/span><\/p>\n<p style=\"text-align: justify\"><strong>ADMINSTRACION<\/strong><\/p>\n<p style=\"text-align: justify\"><span style=\"font-weight: 400\">En lo circuitos de soporte a la actividad central, se encuentra la lista de actividades que est\u00e1 relacionadas con los sistemas que sirven como andamiaje de la funci\u00f3n principal.<\/span><\/p>\n<p style=\"text-align: justify\"><strong>Temas como:<\/strong><\/p>\n<p><span style=\"font-weight: 400\">LEGALES<\/span><\/p>\n<p><span style=\"font-weight: 400\">CONTABLES<\/span><\/p>\n<p><span style=\"font-weight: 400\">SISTEMAS<\/span><\/p>\n<p><span style=\"font-weight: 400\">ADMINISTRATIVAS<\/span><\/p>\n<p><span style=\"font-weight: 400\">COMPRAS<\/span><\/p>\n<p><span style=\"font-weight: 400\">MANTENIMIENTO<\/span><\/p>\n<p><span style=\"font-weight: 400\">\u00a0Se requieren expertos de los diferentes temas. Saben de sus temas en cuesti\u00f3n.<\/span><\/p>\n<p><span style=\"font-weight: 400\">Pueden complementar las funciones espec\u00edficas del proyecto pero se dedican a las funciones de soporte.<\/span><\/p>\n<p><span style=\"font-weight: 400\">Son las \u00e1reas menos factibles para que los due\u00f1os de los proyectos se involucren.\u00a0<\/span><\/p>\n<p><strong>COMUNICACI\u00d3N Y VENTA<\/strong><\/p>\n<p><span style=\"font-weight: 400\">Por \u00faltimo tenemos las \u00e1reas que menos se consideran en la construcci\u00f3n de los proyectos.\u00a0<\/span><\/p>\n<p><span style=\"font-weight: 400\">Poca intenci\u00f3n de comunicaci\u00f3n y de venta cuando es important\u00edsimo incluir en los equipos profesionales que se dediquen a estas funciones.<\/span><\/p>\n<p><span style=\"font-weight: 400\">Dise\u00f1adores, comunicadores, asesores, figuras de prensa, arquitectos, desarrolladores web. Todos funcionan como equipo de comunicaci\u00f3n.<\/span><\/p>\n<p style=\"text-align: justify\"><span style=\"font-weight: 400\">En los temas comerciales, se cuenta con profesionales de la venta. Vendedores, comercializadores, gente de las relaciones p\u00fablicas que realizan funciones de relacionamiento. Todos ellos forman equipos m\u00e1s o menos profesionales que cooperan con la necesidad de generar ingresos genuinos dentro de los proyectos.<\/span><\/p>\n<p><strong>Autor: Diego Bresler<\/strong><br \/>\n<strong>Pa\u00eds: Argentina<\/strong><br \/>\n<strong>www.diegobresler.com<\/strong><br \/>\n<strong>Instagram: diego_bresler<\/strong><\/p>\n<p>&nbsp;<\/p>\n","protected":false},"excerpt":{"rendered":"<p>Noti-Am\u00e9rica (M\u00e9xico) Ciudad de M\u00e9xico,DF. &nbsp; Los emprendedores construyen sus proyectos en base a una idea, un producto, un concepto.\u00a0 Existen necesidades a resolver en el proceso de construcci\u00f3n de un proyecto. En todo&#46;&#46;&#46;<\/p>\n","protected":false},"author":87,"featured_media":5904,"comment_status":"open","ping_status":"open","sticky":false,"template":"","format":"image","meta":{"_acf_changed":false,"om_disable_all_campaigns":false,"rop_custom_images_group":[],"rop_custom_messages_group":[],"rop_publish_now":"initial","rop_publish_now_accounts":{"twitter_242054905_242054905":""},"rop_publish_now_history":[],"rop_publish_now_status":"pending","_uf_show_specific_survey":0,"_uf_disable_surveys":false,"footnotes":""},"categories":[699,4,12],"tags":[],"class_list":["post-5903","post","type-post","status-publish","format-image","has-post-thumbnail","hentry","category-emprendimiento","category-internacionales","category-opinion","post_format-post-format-image"],"acf":[],"aioseo_notices":[],"yoast_head":"<!-- This site is optimized with the Yoast SEO Premium plugin v24.9 (Yoast SEO v27.2) - https:\/\/yoast.com\/product\/yoast-seo-premium-wordpress\/ -->\n<title>Equipo de colaboradores - M\u00e9xico<\/title>\n<meta name=\"robots\" content=\"index, follow, max-snippet:-1, max-image-preview:large, max-video-preview:-1\" \/>\n<link rel=\"canonical\" href=\"https:\/\/noti-america.com\/site\/mexico\/2020\/11\/25\/equipo-de-colaboradores\/\" \/>\n<meta property=\"og:locale\" content=\"es_ES\" \/>\n<meta property=\"og:type\" content=\"article\" \/>\n<meta property=\"og:title\" content=\"Equipo de colaboradores\" \/>\n<meta property=\"og:description\" content=\"Noti-Am\u00e9rica (M\u00e9xico) Ciudad de M\u00e9xico,DF. &nbsp; Los emprendedores construyen sus proyectos en base a una idea, un producto, un concepto.\u00a0 Existen necesidades a resolver en el proceso de construcci\u00f3n de un proyecto. En todo&#046;&#046;&#046;\" \/>\n<meta property=\"og:url\" content=\"https:\/\/noti-america.com\/site\/mexico\/2020\/11\/25\/equipo-de-colaboradores\/\" \/>\n<meta property=\"og:site_name\" content=\"M\u00e9xico\" \/>\n<meta property=\"article:published_time\" content=\"2020-11-25T00:50:47+00:00\" \/>\n<meta property=\"article:modified_time\" content=\"2020-11-25T00:55:22+00:00\" \/>\n<meta property=\"og:image\" content=\"https:\/\/noti-america.com\/site\/mexico\/wp-content\/uploads\/sites\/13\/2020\/11\/121588267_395885055133333_5158968944079606870_n-scaled.jpg\" \/>\n\t<meta property=\"og:image:width\" content=\"2560\" \/>\n\t<meta property=\"og:image:height\" content=\"1740\" \/>\n\t<meta property=\"og:image:type\" content=\"image\/jpeg\" \/>\n<meta name=\"author\" content=\"CAMH\" \/>\n<meta name=\"twitter:card\" content=\"summary_large_image\" \/>\n<meta name=\"twitter:label1\" content=\"Escrito por\" \/>\n\t<meta name=\"twitter:data1\" content=\"CAMH\" \/>\n\t<meta name=\"twitter:label2\" content=\"Tiempo estimado de lectura\" \/>\n\t<meta name=\"twitter:data2\" content=\"3 minutos\" \/>\n<script type=\"application\/ld+json\" class=\"yoast-schema-graph\">{\"@context\":\"https:\/\/schema.org\",\"@graph\":[{\"@type\":\"Article\",\"@id\":\"https:\/\/noti-america.com\/site\/mexico\/2020\/11\/25\/equipo-de-colaboradores\/#article\",\"isPartOf\":{\"@id\":\"https:\/\/noti-america.com\/site\/mexico\/2020\/11\/25\/equipo-de-colaboradores\/\"},\"author\":{\"name\":\"CAMH\",\"@id\":\"https:\/\/noti-america.com\/site\/mexico\/#\/schema\/person\/e13880b4308eea6926b271284605ef72\"},\"headline\":\"Equipo de colaboradores\",\"datePublished\":\"2020-11-25T00:50:47+00:00\",\"dateModified\":\"2020-11-25T00:55:22+00:00\",\"mainEntityOfPage\":{\"@id\":\"https:\/\/noti-america.com\/site\/mexico\/2020\/11\/25\/equipo-de-colaboradores\/\"},\"wordCount\":654,\"commentCount\":0,\"publisher\":{\"@id\":\"https:\/\/noti-america.com\/site\/mexico\/#organization\"},\"image\":{\"@id\":\"https:\/\/noti-america.com\/site\/mexico\/2020\/11\/25\/equipo-de-colaboradores\/#primaryimage\"},\"thumbnailUrl\":\"https:\/\/noti-america.com\/site\/mexico\/wp-content\/uploads\/sites\/13\/2020\/11\/121588267_395885055133333_5158968944079606870_n-scaled.jpg\",\"articleSection\":[\"Emprendimiento\",\"Internacionales\",\"Opini\u00f3n\"],\"inLanguage\":\"es\",\"potentialAction\":[{\"@type\":\"CommentAction\",\"name\":\"Comment\",\"target\":[\"https:\/\/noti-america.com\/site\/mexico\/2020\/11\/25\/equipo-de-colaboradores\/#respond\"]}]},{\"@type\":\"WebPage\",\"@id\":\"https:\/\/noti-america.com\/site\/mexico\/2020\/11\/25\/equipo-de-colaboradores\/\",\"url\":\"https:\/\/noti-america.com\/site\/mexico\/2020\/11\/25\/equipo-de-colaboradores\/\",\"name\":\"Equipo de colaboradores - M\u00e9xico\",\"isPartOf\":{\"@id\":\"https:\/\/noti-america.com\/site\/mexico\/#website\"},\"primaryImageOfPage\":{\"@id\":\"https:\/\/noti-america.com\/site\/mexico\/2020\/11\/25\/equipo-de-colaboradores\/#primaryimage\"},\"image\":{\"@id\":\"https:\/\/noti-america.com\/site\/mexico\/2020\/11\/25\/equipo-de-colaboradores\/#primaryimage\"},\"thumbnailUrl\":\"https:\/\/noti-america.com\/site\/mexico\/wp-content\/uploads\/sites\/13\/2020\/11\/121588267_395885055133333_5158968944079606870_n-scaled.jpg\",\"datePublished\":\"2020-11-25T00:50:47+00:00\",\"dateModified\":\"2020-11-25T00:55:22+00:00\",\"breadcrumb\":{\"@id\":\"https:\/\/noti-america.com\/site\/mexico\/2020\/11\/25\/equipo-de-colaboradores\/#breadcrumb\"},\"inLanguage\":\"es\",\"potentialAction\":[{\"@type\":\"ReadAction\",\"target\":[\"https:\/\/noti-america.com\/site\/mexico\/2020\/11\/25\/equipo-de-colaboradores\/\"]}]},{\"@type\":\"ImageObject\",\"inLanguage\":\"es\",\"@id\":\"https:\/\/noti-america.com\/site\/mexico\/2020\/11\/25\/equipo-de-colaboradores\/#primaryimage\",\"url\":\"https:\/\/noti-america.com\/site\/mexico\/wp-content\/uploads\/sites\/13\/2020\/11\/121588267_395885055133333_5158968944079606870_n-scaled.jpg\",\"contentUrl\":\"https:\/\/noti-america.com\/site\/mexico\/wp-content\/uploads\/sites\/13\/2020\/11\/121588267_395885055133333_5158968944079606870_n-scaled.jpg\",\"width\":2560,\"height\":1740},{\"@type\":\"BreadcrumbList\",\"@id\":\"https:\/\/noti-america.com\/site\/mexico\/2020\/11\/25\/equipo-de-colaboradores\/#breadcrumb\",\"itemListElement\":[{\"@type\":\"ListItem\",\"position\":1,\"name\":\"Portada\",\"item\":\"https:\/\/noti-america.com\/site\/mexico\/\"},{\"@type\":\"ListItem\",\"position\":2,\"name\":\"Equipo de colaboradores\"}]},{\"@type\":\"WebSite\",\"@id\":\"https:\/\/noti-america.com\/site\/mexico\/#website\",\"url\":\"https:\/\/noti-america.com\/site\/mexico\/\",\"name\":\"M\u00e9xico | Noti-America.com\",\"description\":\"\",\"publisher\":{\"@id\":\"https:\/\/noti-america.com\/site\/mexico\/#organization\"},\"potentialAction\":[{\"@type\":\"SearchAction\",\"target\":{\"@type\":\"EntryPoint\",\"urlTemplate\":\"https:\/\/noti-america.com\/site\/mexico\/?s={search_term_string}\"},\"query-input\":{\"@type\":\"PropertyValueSpecification\",\"valueRequired\":true,\"valueName\":\"search_term_string\"}}],\"inLanguage\":\"es\"},{\"@type\":\"Organization\",\"@id\":\"https:\/\/noti-america.com\/site\/mexico\/#organization\",\"name\":\"Noti-America LLC | M\u00e9xico\",\"url\":\"https:\/\/noti-america.com\/site\/mexico\/\",\"logo\":{\"@type\":\"ImageObject\",\"inLanguage\":\"es\",\"@id\":\"https:\/\/noti-america.com\/site\/mexico\/#\/schema\/logo\/image\/\",\"url\":\"https:\/\/noti-america.com\/site\/mexico\/wp-content\/uploads\/sites\/13\/2020\/07\/LogoNA-4x3-1.jpg\",\"contentUrl\":\"https:\/\/noti-america.com\/site\/mexico\/wp-content\/uploads\/sites\/13\/2020\/07\/LogoNA-4x3-1.jpg\",\"width\":1236,\"height\":1080,\"caption\":\"Noti-America LLC | M\u00e9xico\"},\"image\":{\"@id\":\"https:\/\/noti-america.com\/site\/mexico\/#\/schema\/logo\/image\/\"}},{\"@type\":\"Person\",\"@id\":\"https:\/\/noti-america.com\/site\/mexico\/#\/schema\/person\/e13880b4308eea6926b271284605ef72\",\"name\":\"CAMH\",\"image\":{\"@type\":\"ImageObject\",\"inLanguage\":\"es\",\"@id\":\"https:\/\/secure.gravatar.com\/avatar\/82aa99c723cbed2b304797bc218a5542b5a94d7f5d0ba3b39650aef53c28ecf5?s=96&d=mm&r=g\",\"url\":\"https:\/\/secure.gravatar.com\/avatar\/82aa99c723cbed2b304797bc218a5542b5a94d7f5d0ba3b39650aef53c28ecf5?s=96&d=mm&r=g\",\"contentUrl\":\"https:\/\/secure.gravatar.com\/avatar\/82aa99c723cbed2b304797bc218a5542b5a94d7f5d0ba3b39650aef53c28ecf5?s=96&d=mm&r=g\",\"caption\":\"CAMH\"},\"url\":\"https:\/\/noti-america.com\/site\/mexico\/author\/cmitchell\/\"}]}<\/script>\n<!-- \/ Yoast SEO Premium plugin. -->","yoast_head_json":{"title":"Equipo de colaboradores - M\u00e9xico","robots":{"index":"index","follow":"follow","max-snippet":"max-snippet:-1","max-image-preview":"max-image-preview:large","max-video-preview":"max-video-preview:-1"},"canonical":"https:\/\/noti-america.com\/site\/mexico\/2020\/11\/25\/equipo-de-colaboradores\/","og_locale":"es_ES","og_type":"article","og_title":"Equipo de colaboradores","og_description":"Noti-Am\u00e9rica (M\u00e9xico) Ciudad de M\u00e9xico,DF. &nbsp; Los emprendedores construyen sus proyectos en base a una idea, un producto, un concepto.\u00a0 Existen necesidades a resolver en el proceso de construcci\u00f3n de un proyecto. En todo&#46;&#46;&#46;","og_url":"https:\/\/noti-america.com\/site\/mexico\/2020\/11\/25\/equipo-de-colaboradores\/","og_site_name":"M\u00e9xico","article_published_time":"2020-11-25T00:50:47+00:00","article_modified_time":"2020-11-25T00:55:22+00:00","og_image":[{"width":2560,"height":1740,"url":"https:\/\/noti-america.com\/site\/mexico\/wp-content\/uploads\/sites\/13\/2020\/11\/121588267_395885055133333_5158968944079606870_n-scaled.jpg","type":"image\/jpeg"}],"author":"CAMH","twitter_card":"summary_large_image","twitter_misc":{"Escrito por":"CAMH","Tiempo estimado de lectura":"3 minutos"},"schema":{"@context":"https:\/\/schema.org","@graph":[{"@type":"Article","@id":"https:\/\/noti-america.com\/site\/mexico\/2020\/11\/25\/equipo-de-colaboradores\/#article","isPartOf":{"@id":"https:\/\/noti-america.com\/site\/mexico\/2020\/11\/25\/equipo-de-colaboradores\/"},"author":{"name":"CAMH","@id":"https:\/\/noti-america.com\/site\/mexico\/#\/schema\/person\/e13880b4308eea6926b271284605ef72"},"headline":"Equipo de colaboradores","datePublished":"2020-11-25T00:50:47+00:00","dateModified":"2020-11-25T00:55:22+00:00","mainEntityOfPage":{"@id":"https:\/\/noti-america.com\/site\/mexico\/2020\/11\/25\/equipo-de-colaboradores\/"},"wordCount":654,"commentCount":0,"publisher":{"@id":"https:\/\/noti-america.com\/site\/mexico\/#organization"},"image":{"@id":"https:\/\/noti-america.com\/site\/mexico\/2020\/11\/25\/equipo-de-colaboradores\/#primaryimage"},"thumbnailUrl":"https:\/\/noti-america.com\/site\/mexico\/wp-content\/uploads\/sites\/13\/2020\/11\/121588267_395885055133333_5158968944079606870_n-scaled.jpg","articleSection":["Emprendimiento","Internacionales","Opini\u00f3n"],"inLanguage":"es","potentialAction":[{"@type":"CommentAction","name":"Comment","target":["https:\/\/noti-america.com\/site\/mexico\/2020\/11\/25\/equipo-de-colaboradores\/#respond"]}]},{"@type":"WebPage","@id":"https:\/\/noti-america.com\/site\/mexico\/2020\/11\/25\/equipo-de-colaboradores\/","url":"https:\/\/noti-america.com\/site\/mexico\/2020\/11\/25\/equipo-de-colaboradores\/","name":"Equipo de colaboradores - M\u00e9xico","isPartOf":{"@id":"https:\/\/noti-america.com\/site\/mexico\/#website"},"primaryImageOfPage":{"@id":"https:\/\/noti-america.com\/site\/mexico\/2020\/11\/25\/equipo-de-colaboradores\/#primaryimage"},"image":{"@id":"https:\/\/noti-america.com\/site\/mexico\/2020\/11\/25\/equipo-de-colaboradores\/#primaryimage"},"thumbnailUrl":"https:\/\/noti-america.com\/site\/mexico\/wp-content\/uploads\/sites\/13\/2020\/11\/121588267_395885055133333_5158968944079606870_n-scaled.jpg","datePublished":"2020-11-25T00:50:47+00:00","dateModified":"2020-11-25T00:55:22+00:00","breadcrumb":{"@id":"https:\/\/noti-america.com\/site\/mexico\/2020\/11\/25\/equipo-de-colaboradores\/#breadcrumb"},"inLanguage":"es","potentialAction":[{"@type":"ReadAction","target":["https:\/\/noti-america.com\/site\/mexico\/2020\/11\/25\/equipo-de-colaboradores\/"]}]},{"@type":"ImageObject","inLanguage":"es","@id":"https:\/\/noti-america.com\/site\/mexico\/2020\/11\/25\/equipo-de-colaboradores\/#primaryimage","url":"https:\/\/noti-america.com\/site\/mexico\/wp-content\/uploads\/sites\/13\/2020\/11\/121588267_395885055133333_5158968944079606870_n-scaled.jpg","contentUrl":"https:\/\/noti-america.com\/site\/mexico\/wp-content\/uploads\/sites\/13\/2020\/11\/121588267_395885055133333_5158968944079606870_n-scaled.jpg","width":2560,"height":1740},{"@type":"BreadcrumbList","@id":"https:\/\/noti-america.com\/site\/mexico\/2020\/11\/25\/equipo-de-colaboradores\/#breadcrumb","itemListElement":[{"@type":"ListItem","position":1,"name":"Portada","item":"https:\/\/noti-america.com\/site\/mexico\/"},{"@type":"ListItem","position":2,"name":"Equipo de colaboradores"}]},{"@type":"WebSite","@id":"https:\/\/noti-america.com\/site\/mexico\/#website","url":"https:\/\/noti-america.com\/site\/mexico\/","name":"M\u00e9xico | Noti-America.com","description":"","publisher":{"@id":"https:\/\/noti-america.com\/site\/mexico\/#organization"},"potentialAction":[{"@type":"SearchAction","target":{"@type":"EntryPoint","urlTemplate":"https:\/\/noti-america.com\/site\/mexico\/?s={search_term_string}"},"query-input":{"@type":"PropertyValueSpecification","valueRequired":true,"valueName":"search_term_string"}}],"inLanguage":"es"},{"@type":"Organization","@id":"https:\/\/noti-america.com\/site\/mexico\/#organization","name":"Noti-America LLC | M\u00e9xico","url":"https:\/\/noti-america.com\/site\/mexico\/","logo":{"@type":"ImageObject","inLanguage":"es","@id":"https:\/\/noti-america.com\/site\/mexico\/#\/schema\/logo\/image\/","url":"https:\/\/noti-america.com\/site\/mexico\/wp-content\/uploads\/sites\/13\/2020\/07\/LogoNA-4x3-1.jpg","contentUrl":"https:\/\/noti-america.com\/site\/mexico\/wp-content\/uploads\/sites\/13\/2020\/07\/LogoNA-4x3-1.jpg","width":1236,"height":1080,"caption":"Noti-America LLC | M\u00e9xico"},"image":{"@id":"https:\/\/noti-america.com\/site\/mexico\/#\/schema\/logo\/image\/"}},{"@type":"Person","@id":"https:\/\/noti-america.com\/site\/mexico\/#\/schema\/person\/e13880b4308eea6926b271284605ef72","name":"CAMH","image":{"@type":"ImageObject","inLanguage":"es","@id":"https:\/\/secure.gravatar.com\/avatar\/82aa99c723cbed2b304797bc218a5542b5a94d7f5d0ba3b39650aef53c28ecf5?s=96&d=mm&r=g","url":"https:\/\/secure.gravatar.com\/avatar\/82aa99c723cbed2b304797bc218a5542b5a94d7f5d0ba3b39650aef53c28ecf5?s=96&d=mm&r=g","contentUrl":"https:\/\/secure.gravatar.com\/avatar\/82aa99c723cbed2b304797bc218a5542b5a94d7f5d0ba3b39650aef53c28ecf5?s=96&d=mm&r=g","caption":"CAMH"},"url":"https:\/\/noti-america.com\/site\/mexico\/author\/cmitchell\/"}]}},"_links":{"self":[{"href":"https:\/\/noti-america.com\/site\/mexico\/wp-json\/wp\/v2\/posts\/5903","targetHints":{"allow":["GET"]}}],"collection":[{"href":"https:\/\/noti-america.com\/site\/mexico\/wp-json\/wp\/v2\/posts"}],"about":[{"href":"https:\/\/noti-america.com\/site\/mexico\/wp-json\/wp\/v2\/types\/post"}],"author":[{"embeddable":true,"href":"https:\/\/noti-america.com\/site\/mexico\/wp-json\/wp\/v2\/users\/87"}],"replies":[{"embeddable":true,"href":"https:\/\/noti-america.com\/site\/mexico\/wp-json\/wp\/v2\/comments?post=5903"}],"version-history":[{"count":1,"href":"https:\/\/noti-america.com\/site\/mexico\/wp-json\/wp\/v2\/posts\/5903\/revisions"}],"predecessor-version":[{"id":5905,"href":"https:\/\/noti-america.com\/site\/mexico\/wp-json\/wp\/v2\/posts\/5903\/revisions\/5905"}],"wp:featuredmedia":[{"embeddable":true,"href":"https:\/\/noti-america.com\/site\/mexico\/wp-json\/wp\/v2\/media\/5904"}],"wp:attachment":[{"href":"https:\/\/noti-america.com\/site\/mexico\/wp-json\/wp\/v2\/media?parent=5903"}],"wp:term":[{"taxonomy":"category","embeddable":true,"href":"https:\/\/noti-america.com\/site\/mexico\/wp-json\/wp\/v2\/categories?post=5903"},{"taxonomy":"post_tag","embeddable":true,"href":"https:\/\/noti-america.com\/site\/mexico\/wp-json\/wp\/v2\/tags?post=5903"}],"curies":[{"name":"wp","href":"https:\/\/api.w.org\/{rel}","templated":true}]}}