{"id":5880,"date":"2020-11-18T15:47:39","date_gmt":"2020-11-18T15:47:39","guid":{"rendered":"https:\/\/noti-america.com\/site\/mexico\/?p=5880"},"modified":"2020-11-18T15:56:28","modified_gmt":"2020-11-18T15:56:28","slug":"proceso-del-duelo","status":"publish","type":"post","link":"https:\/\/noti-america.com\/site\/mexico\/2020\/11\/18\/proceso-del-duelo\/","title":{"rendered":"Proceso del duelo"},"content":{"rendered":"<p><strong>Noti-Am\u00e9rica (M\u00e9xico)<\/strong><\/p>\n<p style=\"text-align: justify\"><strong>Ciudad de M\u00e9xico,DF.<\/strong><\/p>\n<p style=\"text-align: justify\">Una frase muy popular \u00a8Te acompa\u00f1\u00f3 en tus sentimientos\u00a8 Con esta frase ya deb\u00ed haber respondido la pregunta con la que inicio este art\u00edculo muchas personas dicen estas palabras a la hora de dar un p\u00e9same.<\/p>\n<p style=\"text-align: justify\">Pero una pregunta \u00bfC\u00f3mo me vas a acompa\u00f1ar en mis sentimientos? si me siento en un abismo sin mi ser amado, que se ha marchado y me ha dejado con ese vac\u00edo en mi coraz\u00f3n y mi vida, no hay algo tan triste como ver a quien no quieres ver marchar y no puedes ayudarme con mi dolor.<\/p>\n<p style=\"text-align: justify\">Seg\u00fan la Psic\u00f3loga Bianca D\u00edaz, el duelo es el proceso psicol\u00f3gico que se produce tras una p\u00e9rdida, una ausencia, una muerte o un abandono. Es diferente para cada persona. Se pueden sufrir diferentes s\u00edntomas emocionales y f\u00edsicos como:<\/p>\n<ul>\n<li><strong>Ansiedad<\/strong><\/li>\n<li><strong>Miedo<\/strong><\/li>\n<li><strong>Culpa <\/strong><\/li>\n<li><strong>Confusi\u00f3n<\/strong><\/li>\n<li><strong>Negaci\u00f3n<\/strong><\/li>\n<li><strong>Depresi\u00f3n<\/strong><\/li>\n<li><strong>Tristeza<\/strong><\/li>\n<li><strong>Shock emocional, etc. <\/strong><\/li>\n<\/ul>\n<p style=\"text-align: justify\">Este sentimiento tan profundo e intenso, en este proceso para nuestra vida, un momento crucial, que nos tocar\u00e1 en alg\u00fan momento de nuestras vidas, preservar en su mente y coraz\u00f3n los momentos m\u00e1s bonitos vividos, ser en vida las mejores personas y demostrar el amor por quienes queremos y sobre todo perdonar, los malentendidos, para que cuando al partir no haya frustraci\u00f3n o remordimientos, con el paso del tiempo se aprende a vivir con ese dolor.<\/p>\n<p style=\"text-align: justify\"><strong>Los procesos m\u00e1s relevantes durante del duelo son: <\/strong><\/p>\n<p style=\"text-align: justify\">Negaci\u00f3n, Enfado, Miedo o Depresi\u00f3n, Aceptaci\u00f3n. Cuando no aceptamos la realidad, de lo que est\u00e1 sucediendo un golpe de sorpresa, el enfado, me sent\u00eda impotente y furiosa con el mundo, con Dios, porque a m\u00ed, miedo o depresi\u00f3n por la ausencia y pensar en todo lo sucedido, la aceptaci\u00f3n es el \u00faltimo paso para seguir adelante con la realidad.<\/p>\n<p style=\"text-align: justify\">Es muy importante desarrollar actividades e involucrarse en cosas que los motive a seguir viviendo, no olvidar, pero poder subsanar las penas del coraz\u00f3n.<\/p>\n<p><strong>Soy Paula Castillo y te invito a seguirme en mi Instagram @catherineclalk<\/strong><\/p>\n<p>&nbsp;<\/p>\n","protected":false},"excerpt":{"rendered":"<p>Noti-Am\u00e9rica (M\u00e9xico) Ciudad de M\u00e9xico,DF. Una frase muy popular \u00a8Te acompa\u00f1\u00f3 en tus sentimientos\u00a8 Con esta frase ya deb\u00ed haber respondido la pregunta con la que inicio este art\u00edculo muchas personas dicen estas palabras&#46;&#46;&#46;<\/p>\n","protected":false},"author":87,"featured_media":5881,"comment_status":"open","ping_status":"open","sticky":false,"template":"","format":"image","meta":{"_acf_changed":false,"om_disable_all_campaigns":false,"rop_custom_images_group":[],"rop_custom_messages_group":[],"rop_publish_now":"initial","rop_publish_now_accounts":{"twitter_242054905_242054905":""},"rop_publish_now_history":[],"rop_publish_now_status":"pending","_uf_show_specific_survey":0,"_uf_disable_surveys":false,"footnotes":""},"categories":[4,12],"tags":[],"class_list":["post-5880","post","type-post","status-publish","format-image","has-post-thumbnail","hentry","category-internacionales","category-opinion","post_format-post-format-image"],"acf":[],"aioseo_notices":[],"yoast_head":"<!-- This site is optimized with the Yoast SEO Premium plugin v24.9 (Yoast SEO v27.2) - https:\/\/yoast.com\/product\/yoast-seo-premium-wordpress\/ -->\n<title>Proceso del duelo - M\u00e9xico<\/title>\n<meta name=\"robots\" content=\"index, follow, max-snippet:-1, max-image-preview:large, max-video-preview:-1\" \/>\n<link rel=\"canonical\" href=\"https:\/\/noti-america.com\/site\/mexico\/2020\/11\/18\/proceso-del-duelo\/\" \/>\n<meta property=\"og:locale\" content=\"es_ES\" \/>\n<meta property=\"og:type\" content=\"article\" \/>\n<meta property=\"og:title\" content=\"Proceso del duelo\" \/>\n<meta property=\"og:description\" content=\"Noti-Am\u00e9rica (M\u00e9xico) Ciudad de M\u00e9xico,DF. Una frase muy popular \u00a8Te acompa\u00f1\u00f3 en tus sentimientos\u00a8 Con esta frase ya deb\u00ed haber respondido la pregunta con la que inicio este art\u00edculo muchas personas dicen estas palabras&#046;&#046;&#046;\" \/>\n<meta property=\"og:url\" content=\"https:\/\/noti-america.com\/site\/mexico\/2020\/11\/18\/proceso-del-duelo\/\" \/>\n<meta property=\"og:site_name\" content=\"M\u00e9xico\" \/>\n<meta property=\"article:published_time\" content=\"2020-11-18T15:47:39+00:00\" \/>\n<meta property=\"article:modified_time\" content=\"2020-11-18T15:56:28+00:00\" \/>\n<meta property=\"og:image\" content=\"https:\/\/noti-america.com\/site\/mexico\/wp-content\/uploads\/sites\/13\/2020\/11\/que-es-el-duelo-psicologia.jpg\" \/>\n\t<meta property=\"og:image:width\" content=\"795\" \/>\n\t<meta property=\"og:image:height\" content=\"337\" \/>\n\t<meta property=\"og:image:type\" content=\"image\/jpeg\" \/>\n<meta name=\"author\" content=\"CAMH\" \/>\n<meta name=\"twitter:card\" content=\"summary_large_image\" \/>\n<meta name=\"twitter:label1\" content=\"Escrito por\" \/>\n\t<meta name=\"twitter:data1\" content=\"CAMH\" \/>\n\t<meta name=\"twitter:label2\" content=\"Tiempo estimado de lectura\" \/>\n\t<meta name=\"twitter:data2\" content=\"2 minutos\" \/>\n<script type=\"application\/ld+json\" class=\"yoast-schema-graph\">{\"@context\":\"https:\/\/schema.org\",\"@graph\":[{\"@type\":\"Article\",\"@id\":\"https:\/\/noti-america.com\/site\/mexico\/2020\/11\/18\/proceso-del-duelo\/#article\",\"isPartOf\":{\"@id\":\"https:\/\/noti-america.com\/site\/mexico\/2020\/11\/18\/proceso-del-duelo\/\"},\"author\":{\"name\":\"CAMH\",\"@id\":\"https:\/\/noti-america.com\/site\/mexico\/#\/schema\/person\/e13880b4308eea6926b271284605ef72\"},\"headline\":\"Proceso del duelo\",\"datePublished\":\"2020-11-18T15:47:39+00:00\",\"dateModified\":\"2020-11-18T15:56:28+00:00\",\"mainEntityOfPage\":{\"@id\":\"https:\/\/noti-america.com\/site\/mexico\/2020\/11\/18\/proceso-del-duelo\/\"},\"wordCount\":362,\"commentCount\":0,\"publisher\":{\"@id\":\"https:\/\/noti-america.com\/site\/mexico\/#organization\"},\"image\":{\"@id\":\"https:\/\/noti-america.com\/site\/mexico\/2020\/11\/18\/proceso-del-duelo\/#primaryimage\"},\"thumbnailUrl\":\"https:\/\/noti-america.com\/site\/mexico\/wp-content\/uploads\/sites\/13\/2020\/11\/que-es-el-duelo-psicologia.jpg\",\"articleSection\":[\"Internacionales\",\"Opini\u00f3n\"],\"inLanguage\":\"es\",\"potentialAction\":[{\"@type\":\"CommentAction\",\"name\":\"Comment\",\"target\":[\"https:\/\/noti-america.com\/site\/mexico\/2020\/11\/18\/proceso-del-duelo\/#respond\"]}]},{\"@type\":\"WebPage\",\"@id\":\"https:\/\/noti-america.com\/site\/mexico\/2020\/11\/18\/proceso-del-duelo\/\",\"url\":\"https:\/\/noti-america.com\/site\/mexico\/2020\/11\/18\/proceso-del-duelo\/\",\"name\":\"Proceso del duelo - M\u00e9xico\",\"isPartOf\":{\"@id\":\"https:\/\/noti-america.com\/site\/mexico\/#website\"},\"primaryImageOfPage\":{\"@id\":\"https:\/\/noti-america.com\/site\/mexico\/2020\/11\/18\/proceso-del-duelo\/#primaryimage\"},\"image\":{\"@id\":\"https:\/\/noti-america.com\/site\/mexico\/2020\/11\/18\/proceso-del-duelo\/#primaryimage\"},\"thumbnailUrl\":\"https:\/\/noti-america.com\/site\/mexico\/wp-content\/uploads\/sites\/13\/2020\/11\/que-es-el-duelo-psicologia.jpg\",\"datePublished\":\"2020-11-18T15:47:39+00:00\",\"dateModified\":\"2020-11-18T15:56:28+00:00\",\"breadcrumb\":{\"@id\":\"https:\/\/noti-america.com\/site\/mexico\/2020\/11\/18\/proceso-del-duelo\/#breadcrumb\"},\"inLanguage\":\"es\",\"potentialAction\":[{\"@type\":\"ReadAction\",\"target\":[\"https:\/\/noti-america.com\/site\/mexico\/2020\/11\/18\/proceso-del-duelo\/\"]}]},{\"@type\":\"ImageObject\",\"inLanguage\":\"es\",\"@id\":\"https:\/\/noti-america.com\/site\/mexico\/2020\/11\/18\/proceso-del-duelo\/#primaryimage\",\"url\":\"https:\/\/noti-america.com\/site\/mexico\/wp-content\/uploads\/sites\/13\/2020\/11\/que-es-el-duelo-psicologia.jpg\",\"contentUrl\":\"https:\/\/noti-america.com\/site\/mexico\/wp-content\/uploads\/sites\/13\/2020\/11\/que-es-el-duelo-psicologia.jpg\",\"width\":795,\"height\":337},{\"@type\":\"BreadcrumbList\",\"@id\":\"https:\/\/noti-america.com\/site\/mexico\/2020\/11\/18\/proceso-del-duelo\/#breadcrumb\",\"itemListElement\":[{\"@type\":\"ListItem\",\"position\":1,\"name\":\"Portada\",\"item\":\"https:\/\/noti-america.com\/site\/mexico\/\"},{\"@type\":\"ListItem\",\"position\":2,\"name\":\"Proceso del duelo\"}]},{\"@type\":\"WebSite\",\"@id\":\"https:\/\/noti-america.com\/site\/mexico\/#website\",\"url\":\"https:\/\/noti-america.com\/site\/mexico\/\",\"name\":\"M\u00e9xico | Noti-America.com\",\"description\":\"\",\"publisher\":{\"@id\":\"https:\/\/noti-america.com\/site\/mexico\/#organization\"},\"potentialAction\":[{\"@type\":\"SearchAction\",\"target\":{\"@type\":\"EntryPoint\",\"urlTemplate\":\"https:\/\/noti-america.com\/site\/mexico\/?s={search_term_string}\"},\"query-input\":{\"@type\":\"PropertyValueSpecification\",\"valueRequired\":true,\"valueName\":\"search_term_string\"}}],\"inLanguage\":\"es\"},{\"@type\":\"Organization\",\"@id\":\"https:\/\/noti-america.com\/site\/mexico\/#organization\",\"name\":\"Noti-America LLC | M\u00e9xico\",\"url\":\"https:\/\/noti-america.com\/site\/mexico\/\",\"logo\":{\"@type\":\"ImageObject\",\"inLanguage\":\"es\",\"@id\":\"https:\/\/noti-america.com\/site\/mexico\/#\/schema\/logo\/image\/\",\"url\":\"https:\/\/noti-america.com\/site\/mexico\/wp-content\/uploads\/sites\/13\/2020\/07\/LogoNA-4x3-1.jpg\",\"contentUrl\":\"https:\/\/noti-america.com\/site\/mexico\/wp-content\/uploads\/sites\/13\/2020\/07\/LogoNA-4x3-1.jpg\",\"width\":1236,\"height\":1080,\"caption\":\"Noti-America LLC | M\u00e9xico\"},\"image\":{\"@id\":\"https:\/\/noti-america.com\/site\/mexico\/#\/schema\/logo\/image\/\"}},{\"@type\":\"Person\",\"@id\":\"https:\/\/noti-america.com\/site\/mexico\/#\/schema\/person\/e13880b4308eea6926b271284605ef72\",\"name\":\"CAMH\",\"image\":{\"@type\":\"ImageObject\",\"inLanguage\":\"es\",\"@id\":\"https:\/\/secure.gravatar.com\/avatar\/82aa99c723cbed2b304797bc218a5542b5a94d7f5d0ba3b39650aef53c28ecf5?s=96&d=mm&r=g\",\"url\":\"https:\/\/secure.gravatar.com\/avatar\/82aa99c723cbed2b304797bc218a5542b5a94d7f5d0ba3b39650aef53c28ecf5?s=96&d=mm&r=g\",\"contentUrl\":\"https:\/\/secure.gravatar.com\/avatar\/82aa99c723cbed2b304797bc218a5542b5a94d7f5d0ba3b39650aef53c28ecf5?s=96&d=mm&r=g\",\"caption\":\"CAMH\"},\"url\":\"https:\/\/noti-america.com\/site\/mexico\/author\/cmitchell\/\"}]}<\/script>\n<!-- \/ Yoast SEO Premium plugin. -->","yoast_head_json":{"title":"Proceso del duelo - M\u00e9xico","robots":{"index":"index","follow":"follow","max-snippet":"max-snippet:-1","max-image-preview":"max-image-preview:large","max-video-preview":"max-video-preview:-1"},"canonical":"https:\/\/noti-america.com\/site\/mexico\/2020\/11\/18\/proceso-del-duelo\/","og_locale":"es_ES","og_type":"article","og_title":"Proceso del duelo","og_description":"Noti-Am\u00e9rica (M\u00e9xico) Ciudad de M\u00e9xico,DF. Una frase muy popular \u00a8Te acompa\u00f1\u00f3 en tus sentimientos\u00a8 Con esta frase ya deb\u00ed haber respondido la pregunta con la que inicio este art\u00edculo muchas personas dicen estas palabras&#46;&#46;&#46;","og_url":"https:\/\/noti-america.com\/site\/mexico\/2020\/11\/18\/proceso-del-duelo\/","og_site_name":"M\u00e9xico","article_published_time":"2020-11-18T15:47:39+00:00","article_modified_time":"2020-11-18T15:56:28+00:00","og_image":[{"width":795,"height":337,"url":"https:\/\/noti-america.com\/site\/mexico\/wp-content\/uploads\/sites\/13\/2020\/11\/que-es-el-duelo-psicologia.jpg","type":"image\/jpeg"}],"author":"CAMH","twitter_card":"summary_large_image","twitter_misc":{"Escrito por":"CAMH","Tiempo estimado de lectura":"2 minutos"},"schema":{"@context":"https:\/\/schema.org","@graph":[{"@type":"Article","@id":"https:\/\/noti-america.com\/site\/mexico\/2020\/11\/18\/proceso-del-duelo\/#article","isPartOf":{"@id":"https:\/\/noti-america.com\/site\/mexico\/2020\/11\/18\/proceso-del-duelo\/"},"author":{"name":"CAMH","@id":"https:\/\/noti-america.com\/site\/mexico\/#\/schema\/person\/e13880b4308eea6926b271284605ef72"},"headline":"Proceso del duelo","datePublished":"2020-11-18T15:47:39+00:00","dateModified":"2020-11-18T15:56:28+00:00","mainEntityOfPage":{"@id":"https:\/\/noti-america.com\/site\/mexico\/2020\/11\/18\/proceso-del-duelo\/"},"wordCount":362,"commentCount":0,"publisher":{"@id":"https:\/\/noti-america.com\/site\/mexico\/#organization"},"image":{"@id":"https:\/\/noti-america.com\/site\/mexico\/2020\/11\/18\/proceso-del-duelo\/#primaryimage"},"thumbnailUrl":"https:\/\/noti-america.com\/site\/mexico\/wp-content\/uploads\/sites\/13\/2020\/11\/que-es-el-duelo-psicologia.jpg","articleSection":["Internacionales","Opini\u00f3n"],"inLanguage":"es","potentialAction":[{"@type":"CommentAction","name":"Comment","target":["https:\/\/noti-america.com\/site\/mexico\/2020\/11\/18\/proceso-del-duelo\/#respond"]}]},{"@type":"WebPage","@id":"https:\/\/noti-america.com\/site\/mexico\/2020\/11\/18\/proceso-del-duelo\/","url":"https:\/\/noti-america.com\/site\/mexico\/2020\/11\/18\/proceso-del-duelo\/","name":"Proceso del duelo - M\u00e9xico","isPartOf":{"@id":"https:\/\/noti-america.com\/site\/mexico\/#website"},"primaryImageOfPage":{"@id":"https:\/\/noti-america.com\/site\/mexico\/2020\/11\/18\/proceso-del-duelo\/#primaryimage"},"image":{"@id":"https:\/\/noti-america.com\/site\/mexico\/2020\/11\/18\/proceso-del-duelo\/#primaryimage"},"thumbnailUrl":"https:\/\/noti-america.com\/site\/mexico\/wp-content\/uploads\/sites\/13\/2020\/11\/que-es-el-duelo-psicologia.jpg","datePublished":"2020-11-18T15:47:39+00:00","dateModified":"2020-11-18T15:56:28+00:00","breadcrumb":{"@id":"https:\/\/noti-america.com\/site\/mexico\/2020\/11\/18\/proceso-del-duelo\/#breadcrumb"},"inLanguage":"es","potentialAction":[{"@type":"ReadAction","target":["https:\/\/noti-america.com\/site\/mexico\/2020\/11\/18\/proceso-del-duelo\/"]}]},{"@type":"ImageObject","inLanguage":"es","@id":"https:\/\/noti-america.com\/site\/mexico\/2020\/11\/18\/proceso-del-duelo\/#primaryimage","url":"https:\/\/noti-america.com\/site\/mexico\/wp-content\/uploads\/sites\/13\/2020\/11\/que-es-el-duelo-psicologia.jpg","contentUrl":"https:\/\/noti-america.com\/site\/mexico\/wp-content\/uploads\/sites\/13\/2020\/11\/que-es-el-duelo-psicologia.jpg","width":795,"height":337},{"@type":"BreadcrumbList","@id":"https:\/\/noti-america.com\/site\/mexico\/2020\/11\/18\/proceso-del-duelo\/#breadcrumb","itemListElement":[{"@type":"ListItem","position":1,"name":"Portada","item":"https:\/\/noti-america.com\/site\/mexico\/"},{"@type":"ListItem","position":2,"name":"Proceso del duelo"}]},{"@type":"WebSite","@id":"https:\/\/noti-america.com\/site\/mexico\/#website","url":"https:\/\/noti-america.com\/site\/mexico\/","name":"M\u00e9xico | Noti-America.com","description":"","publisher":{"@id":"https:\/\/noti-america.com\/site\/mexico\/#organization"},"potentialAction":[{"@type":"SearchAction","target":{"@type":"EntryPoint","urlTemplate":"https:\/\/noti-america.com\/site\/mexico\/?s={search_term_string}"},"query-input":{"@type":"PropertyValueSpecification","valueRequired":true,"valueName":"search_term_string"}}],"inLanguage":"es"},{"@type":"Organization","@id":"https:\/\/noti-america.com\/site\/mexico\/#organization","name":"Noti-America LLC | M\u00e9xico","url":"https:\/\/noti-america.com\/site\/mexico\/","logo":{"@type":"ImageObject","inLanguage":"es","@id":"https:\/\/noti-america.com\/site\/mexico\/#\/schema\/logo\/image\/","url":"https:\/\/noti-america.com\/site\/mexico\/wp-content\/uploads\/sites\/13\/2020\/07\/LogoNA-4x3-1.jpg","contentUrl":"https:\/\/noti-america.com\/site\/mexico\/wp-content\/uploads\/sites\/13\/2020\/07\/LogoNA-4x3-1.jpg","width":1236,"height":1080,"caption":"Noti-America LLC | M\u00e9xico"},"image":{"@id":"https:\/\/noti-america.com\/site\/mexico\/#\/schema\/logo\/image\/"}},{"@type":"Person","@id":"https:\/\/noti-america.com\/site\/mexico\/#\/schema\/person\/e13880b4308eea6926b271284605ef72","name":"CAMH","image":{"@type":"ImageObject","inLanguage":"es","@id":"https:\/\/secure.gravatar.com\/avatar\/82aa99c723cbed2b304797bc218a5542b5a94d7f5d0ba3b39650aef53c28ecf5?s=96&d=mm&r=g","url":"https:\/\/secure.gravatar.com\/avatar\/82aa99c723cbed2b304797bc218a5542b5a94d7f5d0ba3b39650aef53c28ecf5?s=96&d=mm&r=g","contentUrl":"https:\/\/secure.gravatar.com\/avatar\/82aa99c723cbed2b304797bc218a5542b5a94d7f5d0ba3b39650aef53c28ecf5?s=96&d=mm&r=g","caption":"CAMH"},"url":"https:\/\/noti-america.com\/site\/mexico\/author\/cmitchell\/"}]}},"_links":{"self":[{"href":"https:\/\/noti-america.com\/site\/mexico\/wp-json\/wp\/v2\/posts\/5880","targetHints":{"allow":["GET"]}}],"collection":[{"href":"https:\/\/noti-america.com\/site\/mexico\/wp-json\/wp\/v2\/posts"}],"about":[{"href":"https:\/\/noti-america.com\/site\/mexico\/wp-json\/wp\/v2\/types\/post"}],"author":[{"embeddable":true,"href":"https:\/\/noti-america.com\/site\/mexico\/wp-json\/wp\/v2\/users\/87"}],"replies":[{"embeddable":true,"href":"https:\/\/noti-america.com\/site\/mexico\/wp-json\/wp\/v2\/comments?post=5880"}],"version-history":[{"count":3,"href":"https:\/\/noti-america.com\/site\/mexico\/wp-json\/wp\/v2\/posts\/5880\/revisions"}],"predecessor-version":[{"id":5884,"href":"https:\/\/noti-america.com\/site\/mexico\/wp-json\/wp\/v2\/posts\/5880\/revisions\/5884"}],"wp:featuredmedia":[{"embeddable":true,"href":"https:\/\/noti-america.com\/site\/mexico\/wp-json\/wp\/v2\/media\/5881"}],"wp:attachment":[{"href":"https:\/\/noti-america.com\/site\/mexico\/wp-json\/wp\/v2\/media?parent=5880"}],"wp:term":[{"taxonomy":"category","embeddable":true,"href":"https:\/\/noti-america.com\/site\/mexico\/wp-json\/wp\/v2\/categories?post=5880"},{"taxonomy":"post_tag","embeddable":true,"href":"https:\/\/noti-america.com\/site\/mexico\/wp-json\/wp\/v2\/tags?post=5880"}],"curies":[{"name":"wp","href":"https:\/\/api.w.org\/{rel}","templated":true}]}}