{"id":585,"date":"2017-10-27T05:26:21","date_gmt":"2017-10-27T05:26:21","guid":{"rendered":"http:\/\/noti-america.com\/site\/mexico\/?p=585"},"modified":"2017-10-27T05:26:21","modified_gmt":"2017-10-27T05:26:21","slug":"foros-de-consulta-ciudadana-para-mejorar-la-movilidad-en-bcs","status":"publish","type":"post","link":"https:\/\/noti-america.com\/site\/mexico\/2017\/10\/27\/foros-de-consulta-ciudadana-para-mejorar-la-movilidad-en-bcs\/","title":{"rendered":"FOROS DE CONSULTA CIUDADANA PARA MEJORAR LA MOVILIDAD EN BCS"},"content":{"rendered":"<div class=\"textos-destacados\">\n<ul>\n<li>Espacio de libre expresi\u00f3n para aportar ideas y soluciones en cuanto a movilidad, transporte y seguridad vial.<\/li>\n<li>Se llev\u00f3 a cabo el primero de cinco foros municipales.<\/li>\n<\/ul>\n<\/div>\n<p>El Gobierno del Estado de Baja California Sur, a trav\u00e9s de la Secretar\u00eda de Planeaci\u00f3n Urbana, Infraestructura y Transporte (SEPUIT), llev\u00f3 a cabo la inauguraci\u00f3n del primero de cinco foros municipales de Consulta Ciudadana sobre Movilidad Urbana, inform\u00f3 Jos\u00e9 Luis Escalera Morf\u00edn, titular de dicha dependencia.<\/p>\n<p>El funcionario, indic\u00f3 que en este foro organizado en la ciudad de La Paz participaron m\u00e1s de 120 personas entre operadores, transportistas, taxistas, sociedad civil organizada y usuarios, quienes presentaron ponencias acerca de movilidad, transporte y seguridad vial, entre otros temas recibidos en el sitio de internet www.bcsenmovimiento.org.mx que el Gobierno del Estado abri\u00f3 para dar cauce a las ideas y planteamientos de la sociedad para mejorar la movilidad de todos en Baja California Sur. Se cont\u00f3 tambi\u00e9n con la participaci\u00f3n de los diputados Rodolfo Davis Osuna y Joel Vargas Aguiar, as\u00ed como de\u00a0 Francisco Miguel Parra, director de Servicios Prioritarios de la Comisi\u00f3n Federal de Mejora Regulatoria.<\/p>\n<p>Los trabajos se desarrollaron a trav\u00e9s de tres mesas de an\u00e1lisis y participaci\u00f3n. La primera con el tema sociedad, movilidad y transporte; la segunda sobre influencia y efectos de la movilidad en la econom\u00eda y el desarrollo, y la tercera abord\u00f3 los aspectos normativos de la movilidad y del servicio de transporte.<\/p>\n<p>\u201cEs alentadora la participaci\u00f3n de los diferentes sectores de la sociedad que, interesados en contribuir en el desarrollo y planeaci\u00f3n urbana, han dejado importantes conclusiones que nos guiar\u00e1n en el trazado de un plan de movilidad sustentable para Baja California Sur, que incluya aspectos de infraestructura accesible y segura para todos, entre otros temas\u201d, expres\u00f3 Escalera Morf\u00edn.<\/p>\n<p>Puso ejemplo de participaciones como la de Jes\u00fas Flores Santana, docente del Instituto Tecnol\u00f3gico de La Paz, quien plante\u00f3 la reingenier\u00eda de rutas y adecuaci\u00f3n de la infraestructura para uso peatonal, seguridad para los ciclistas, vialidades, banquetas y semaforizaci\u00f3n; la de Sara Barocio, representante de la C\u00e1mara Nacional de Comercio en Peque\u00f1o, quien habl\u00f3 sobre la tecnificaci\u00f3n del transporte a trav\u00e9s del uso de tecnolog\u00edas y de servicios auxiliares y conexos al transporte, derechos y obligaciones de los usuarios y choferes, as\u00ed como la del Ing. Jorge Moore, Presidente de la C\u00e1mara Mexicana de la Industria de la Construcci\u00f3n, quien refiri\u00f3\u00a0 que las concesiones de materiales para la construcci\u00f3n sean de car\u00e1cter estatal, y que los constructores puedan utilizar sus propios veh\u00edculos, cuando efect\u00faen obras propias de su actividad comercial.<\/p>\n<p>El titular de la SEPUIT refiri\u00f3 que la importancia de estos los foros es captar aspectos t\u00e9cnicos, jur\u00eddicos y operacionales, que ayuden a contribuir a la mejora de la movilidad urbana en el Estado y a dar soluciones a los problemas actuales del transporte. Se\u00f1al\u00f3 que todav\u00eda se pueden captar ideas y ponencias a trav\u00e9s del sitio www.bcsenmovimiento.org.mx y que al concluir estos ejercicios municipales, todas las participaciones de la gente ser\u00e1n p\u00fablicas.<\/p>\n<p>Finalmente, Escalera Morf\u00edn invit\u00f3 a los ciudadanos a participar en el siguiente foro a realizarse del municipio de Los Cabos el 24 de octubre, en el sal\u00f3n Monroy en San Jos\u00e9 del Cabo. A ese le seguir\u00e1n los foros en los municipios de Comond\u00fa, Loreto y Muleg\u00e9.<\/p>\n","protected":false},"excerpt":{"rendered":"<p>Espacio de libre expresi\u00f3n para aportar ideas y soluciones en cuanto a movilidad, transporte y seguridad vial. Se llev\u00f3 a cabo el primero de cinco foros municipales. El Gobierno del Estado de Baja California&#46;&#46;&#46;<\/p>\n","protected":false},"author":16,"featured_media":586,"comment_status":"open","ping_status":"open","sticky":false,"template":"","format":"standard","meta":{"_acf_changed":false,"om_disable_all_campaigns":false,"rop_custom_images_group":[],"rop_custom_messages_group":[],"rop_publish_now":"initial","rop_publish_now_accounts":{"twitter_242054905_242054905":""},"rop_publish_now_history":[],"rop_publish_now_status":"pending","_uf_show_specific_survey":0,"_uf_disable_surveys":false,"footnotes":""},"categories":[1],"tags":[],"class_list":["post-585","post","type-post","status-publish","format-standard","has-post-thumbnail","hentry","category-uncategorized"],"acf":[],"aioseo_notices":[],"yoast_head":"<!-- This site is optimized with the Yoast SEO Premium plugin v24.9 (Yoast SEO v27.2) - https:\/\/yoast.com\/product\/yoast-seo-premium-wordpress\/ -->\n<title>FOROS DE CONSULTA CIUDADANA PARA MEJORAR LA MOVILIDAD EN BCS - M\u00e9xico<\/title>\n<meta name=\"robots\" content=\"index, follow, max-snippet:-1, max-image-preview:large, max-video-preview:-1\" \/>\n<link rel=\"canonical\" href=\"https:\/\/noti-america.com\/site\/mexico\/2017\/10\/27\/foros-de-consulta-ciudadana-para-mejorar-la-movilidad-en-bcs\/\" \/>\n<meta property=\"og:locale\" content=\"es_ES\" \/>\n<meta property=\"og:type\" content=\"article\" \/>\n<meta property=\"og:title\" content=\"FOROS DE CONSULTA CIUDADANA PARA MEJORAR LA MOVILIDAD EN BCS\" \/>\n<meta property=\"og:description\" content=\"Espacio de libre expresi\u00f3n para aportar ideas y soluciones en cuanto a movilidad, transporte y seguridad vial. Se llev\u00f3 a cabo el primero de cinco foros municipales. El Gobierno del Estado de Baja California&#046;&#046;&#046;\" \/>\n<meta property=\"og:url\" content=\"https:\/\/noti-america.com\/site\/mexico\/2017\/10\/27\/foros-de-consulta-ciudadana-para-mejorar-la-movilidad-en-bcs\/\" \/>\n<meta property=\"og:site_name\" content=\"M\u00e9xico\" \/>\n<meta property=\"article:published_time\" content=\"2017-10-27T05:26:21+00:00\" \/>\n<meta property=\"og:image\" content=\"https:\/\/noti-america.com\/site\/mexico\/wp-content\/uploads\/sites\/13\/2017\/10\/inician-foros-movilidad-800x533.jpg\" \/>\n\t<meta property=\"og:image:width\" content=\"800\" \/>\n\t<meta property=\"og:image:height\" content=\"533\" \/>\n\t<meta property=\"og:image:type\" content=\"image\/jpeg\" \/>\n<meta name=\"author\" content=\"Paloma Olachea\" \/>\n<meta name=\"twitter:card\" content=\"summary_large_image\" \/>\n<meta name=\"twitter:label1\" content=\"Escrito por\" \/>\n\t<meta name=\"twitter:data1\" content=\"Paloma Olachea\" \/>\n\t<meta name=\"twitter:label2\" content=\"Tiempo estimado de lectura\" \/>\n\t<meta name=\"twitter:data2\" content=\"3 minutos\" \/>\n<script type=\"application\/ld+json\" class=\"yoast-schema-graph\">{\"@context\":\"https:\/\/schema.org\",\"@graph\":[{\"@type\":\"Article\",\"@id\":\"https:\/\/noti-america.com\/site\/mexico\/2017\/10\/27\/foros-de-consulta-ciudadana-para-mejorar-la-movilidad-en-bcs\/#article\",\"isPartOf\":{\"@id\":\"https:\/\/noti-america.com\/site\/mexico\/2017\/10\/27\/foros-de-consulta-ciudadana-para-mejorar-la-movilidad-en-bcs\/\"},\"author\":{\"name\":\"Paloma Olachea\",\"@id\":\"https:\/\/noti-america.com\/site\/mexico\/#\/schema\/person\/0055de23daadb69055b7fe942f37dcf3\"},\"headline\":\"FOROS DE CONSULTA CIUDADANA PARA MEJORAR LA MOVILIDAD EN BCS\",\"datePublished\":\"2017-10-27T05:26:21+00:00\",\"mainEntityOfPage\":{\"@id\":\"https:\/\/noti-america.com\/site\/mexico\/2017\/10\/27\/foros-de-consulta-ciudadana-para-mejorar-la-movilidad-en-bcs\/\"},\"wordCount\":598,\"commentCount\":0,\"publisher\":{\"@id\":\"https:\/\/noti-america.com\/site\/mexico\/#organization\"},\"image\":{\"@id\":\"https:\/\/noti-america.com\/site\/mexico\/2017\/10\/27\/foros-de-consulta-ciudadana-para-mejorar-la-movilidad-en-bcs\/#primaryimage\"},\"thumbnailUrl\":\"https:\/\/noti-america.com\/site\/mexico\/wp-content\/uploads\/sites\/13\/2017\/10\/inician-foros-movilidad-800x533.jpg\",\"articleSection\":[\"Uncategorized\"],\"inLanguage\":\"es\",\"potentialAction\":[{\"@type\":\"CommentAction\",\"name\":\"Comment\",\"target\":[\"https:\/\/noti-america.com\/site\/mexico\/2017\/10\/27\/foros-de-consulta-ciudadana-para-mejorar-la-movilidad-en-bcs\/#respond\"]}]},{\"@type\":\"WebPage\",\"@id\":\"https:\/\/noti-america.com\/site\/mexico\/2017\/10\/27\/foros-de-consulta-ciudadana-para-mejorar-la-movilidad-en-bcs\/\",\"url\":\"https:\/\/noti-america.com\/site\/mexico\/2017\/10\/27\/foros-de-consulta-ciudadana-para-mejorar-la-movilidad-en-bcs\/\",\"name\":\"FOROS DE CONSULTA CIUDADANA PARA MEJORAR LA MOVILIDAD EN BCS - M\u00e9xico\",\"isPartOf\":{\"@id\":\"https:\/\/noti-america.com\/site\/mexico\/#website\"},\"primaryImageOfPage\":{\"@id\":\"https:\/\/noti-america.com\/site\/mexico\/2017\/10\/27\/foros-de-consulta-ciudadana-para-mejorar-la-movilidad-en-bcs\/#primaryimage\"},\"image\":{\"@id\":\"https:\/\/noti-america.com\/site\/mexico\/2017\/10\/27\/foros-de-consulta-ciudadana-para-mejorar-la-movilidad-en-bcs\/#primaryimage\"},\"thumbnailUrl\":\"https:\/\/noti-america.com\/site\/mexico\/wp-content\/uploads\/sites\/13\/2017\/10\/inician-foros-movilidad-800x533.jpg\",\"datePublished\":\"2017-10-27T05:26:21+00:00\",\"breadcrumb\":{\"@id\":\"https:\/\/noti-america.com\/site\/mexico\/2017\/10\/27\/foros-de-consulta-ciudadana-para-mejorar-la-movilidad-en-bcs\/#breadcrumb\"},\"inLanguage\":\"es\",\"potentialAction\":[{\"@type\":\"ReadAction\",\"target\":[\"https:\/\/noti-america.com\/site\/mexico\/2017\/10\/27\/foros-de-consulta-ciudadana-para-mejorar-la-movilidad-en-bcs\/\"]}]},{\"@type\":\"ImageObject\",\"inLanguage\":\"es\",\"@id\":\"https:\/\/noti-america.com\/site\/mexico\/2017\/10\/27\/foros-de-consulta-ciudadana-para-mejorar-la-movilidad-en-bcs\/#primaryimage\",\"url\":\"https:\/\/noti-america.com\/site\/mexico\/wp-content\/uploads\/sites\/13\/2017\/10\/inician-foros-movilidad-800x533.jpg\",\"contentUrl\":\"https:\/\/noti-america.com\/site\/mexico\/wp-content\/uploads\/sites\/13\/2017\/10\/inician-foros-movilidad-800x533.jpg\",\"width\":800,\"height\":533},{\"@type\":\"BreadcrumbList\",\"@id\":\"https:\/\/noti-america.com\/site\/mexico\/2017\/10\/27\/foros-de-consulta-ciudadana-para-mejorar-la-movilidad-en-bcs\/#breadcrumb\",\"itemListElement\":[{\"@type\":\"ListItem\",\"position\":1,\"name\":\"Portada\",\"item\":\"https:\/\/noti-america.com\/site\/mexico\/\"},{\"@type\":\"ListItem\",\"position\":2,\"name\":\"FOROS DE CONSULTA CIUDADANA PARA MEJORAR LA MOVILIDAD EN BCS\"}]},{\"@type\":\"WebSite\",\"@id\":\"https:\/\/noti-america.com\/site\/mexico\/#website\",\"url\":\"https:\/\/noti-america.com\/site\/mexico\/\",\"name\":\"M\u00e9xico | Noti-America.com\",\"description\":\"\",\"publisher\":{\"@id\":\"https:\/\/noti-america.com\/site\/mexico\/#organization\"},\"potentialAction\":[{\"@type\":\"SearchAction\",\"target\":{\"@type\":\"EntryPoint\",\"urlTemplate\":\"https:\/\/noti-america.com\/site\/mexico\/?s={search_term_string}\"},\"query-input\":{\"@type\":\"PropertyValueSpecification\",\"valueRequired\":true,\"valueName\":\"search_term_string\"}}],\"inLanguage\":\"es\"},{\"@type\":\"Organization\",\"@id\":\"https:\/\/noti-america.com\/site\/mexico\/#organization\",\"name\":\"Noti-America LLC | M\u00e9xico\",\"url\":\"https:\/\/noti-america.com\/site\/mexico\/\",\"logo\":{\"@type\":\"ImageObject\",\"inLanguage\":\"es\",\"@id\":\"https:\/\/noti-america.com\/site\/mexico\/#\/schema\/logo\/image\/\",\"url\":\"https:\/\/noti-america.com\/site\/mexico\/wp-content\/uploads\/sites\/13\/2020\/07\/LogoNA-4x3-1.jpg\",\"contentUrl\":\"https:\/\/noti-america.com\/site\/mexico\/wp-content\/uploads\/sites\/13\/2020\/07\/LogoNA-4x3-1.jpg\",\"width\":1236,\"height\":1080,\"caption\":\"Noti-America LLC | M\u00e9xico\"},\"image\":{\"@id\":\"https:\/\/noti-america.com\/site\/mexico\/#\/schema\/logo\/image\/\"}},{\"@type\":\"Person\",\"@id\":\"https:\/\/noti-america.com\/site\/mexico\/#\/schema\/person\/0055de23daadb69055b7fe942f37dcf3\",\"name\":\"Paloma Olachea\",\"image\":{\"@type\":\"ImageObject\",\"inLanguage\":\"es\",\"@id\":\"https:\/\/secure.gravatar.com\/avatar\/bdea3a4c796d2085779e77a5d654205f160117a0245752e5d3a2230b2f1e9cce?s=96&d=mm&r=g\",\"url\":\"https:\/\/secure.gravatar.com\/avatar\/bdea3a4c796d2085779e77a5d654205f160117a0245752e5d3a2230b2f1e9cce?s=96&d=mm&r=g\",\"contentUrl\":\"https:\/\/secure.gravatar.com\/avatar\/bdea3a4c796d2085779e77a5d654205f160117a0245752e5d3a2230b2f1e9cce?s=96&d=mm&r=g\",\"caption\":\"Paloma Olachea\"},\"description\":\"Egresada de La Universidad Aut\u00f3noma de Baja California Sur, en la Licenciatura de Comunicaci\u00f3n, donde aprendi\u00f3 de los grandes maestros de esta M\u00e1xima Casa de Estudios como lo son: La Maestra Brenda Ramirez, Maestra Rossana Almada, Aletxe Almada, Lic. Francisco Fuentes, Profr. Carrillo de Fotograf\u00eda, Dr. Ruben Olachea , critica cinematogr\u00e1fica en Diplomados, Padre Juan Gom\u00e9z, en el cual desarrollo los temas mas importantes de comunicaci\u00f3n Social y sus teor\u00edas, en el transcurso de estudios, realizo su servicio y practicas profesionales, en la Unidad de Atenci\u00f3n Ciudadana del Gobierno del Estado de Baja California Sur, como asistente de la Lic. Nilda Moreno Armenta, Jefa de departamento de control y gesti\u00f3n Gubernamental en el tiempo de el Lic. Sergio Barron Pinto quien era el Director de la instituci\u00f3n gubernamental. Directora de Click Fotograf\u00eda explica con detalle que ha trabajado para grandes industrias como La Revista Bajacalifornianos.net con el Empresario Edgar Barrag\u00e1n, donde se formo por primera vez en el \u00e1mbito Fotogr\u00e1fico en la Secci\u00f3n Sociales y Ciencia BCS, en la Empresa Metamorphosis de Lic. Yamel Arti\u00f1o, mercadologa, aprendi\u00f3 los diversos temas y t\u00e9cnicas en el ramo de la Mercadotecnia para diferentes empresas y la mas importante para la compa\u00f1\u00eda Telcel, contratada por la Gran Mujer Lic. Cristina Flores, propietaria de Anuncios y Letreros el autodominio, fortaleza y emprendedora al activarse con una comunicaci\u00f3n eficaz, una gran maestra y a la vez una mujer que no se limita a ning\u00fan trabajo publicitario, El Ing. Gerardo Valenzuela de la Empresa Radiof\u00f3nica Radio Mochis Sinaloa y Director de la Revista ABC, el cual tiene un gran aprecio aparte de maestro, Padrino, en el cual ella aprendi\u00f3 a desarrollarse en el \u00e1mbito period\u00edstico, a conocer mas a los grandes ilustres y corresponsales de diferentes medios, en otro punto importante le ha permitido desarrollarse durante 7 a\u00f1os en el \u00e1mbito de programas de edici\u00f3n publicitaria y ahora forma parte de la Asociaci\u00f3n Radio Pace\u00f1ita, Realiza el dise\u00f1o actual de la Revista La Discapacidad en Acci\u00f3n de el C. Francisco Diaz Zu\u00f1iga, entre otras trabajar en el \u00e1rea de ventas con la Dise\u00f1adora Gr\u00e1fica Carmen Wences, en el cual tambi\u00e9n obtuvo asesoramiento y preparaci\u00f3n, entre los medios period\u00edsticos laboro para Mauricio Diaz anterior Director Peninsular Digital, en diversas notas y obtuvo el cambio al \u00e1rea de estad\u00edstica. En la Delegaci\u00f3n de Cabo San Lucas Trabajo con el C. Lucio Chavira propietario de Los Cabos Tve el cual ve como su padre quien le dio apoyo, familia y le dio capacitaci\u00f3n en fotogr\u00e1fica La C. Julia Ruiz de Chavira, ademas de laborar con el Lic. Ricardo del Rio en diversos trabajos de video y edici\u00f3n. Entre sus tantas Actividades labora para La Secretaria de Educaci\u00f3n Publica, primeramente en el Subsistema de Escuelas T\u00e9cnicas y as\u00ed pasado al Subsistema de Telesecundaria, En el DIF Estatal de Baja California Sur, como tallerista y en los Negocios de Banner Publicitario, Alder Dise\u00f1o y Casa Productora Pitahaya Productions como Propietaria, de antemano destacamos una opci\u00f3n mas laboral en el Medio Digital Noti America en el cual su Jefe Rafael Pi\u00f1a Loaiza le da la oportunidad de dar a conocer las noticias a nivel internacional destacando primordial mente su pa\u00eds natal Mexico.\",\"url\":\"https:\/\/noti-america.com\/site\/mexico\/author\/polachea\/\"}]}<\/script>\n<!-- \/ Yoast SEO Premium plugin. -->","yoast_head_json":{"title":"FOROS DE CONSULTA CIUDADANA PARA MEJORAR LA MOVILIDAD EN BCS - M\u00e9xico","robots":{"index":"index","follow":"follow","max-snippet":"max-snippet:-1","max-image-preview":"max-image-preview:large","max-video-preview":"max-video-preview:-1"},"canonical":"https:\/\/noti-america.com\/site\/mexico\/2017\/10\/27\/foros-de-consulta-ciudadana-para-mejorar-la-movilidad-en-bcs\/","og_locale":"es_ES","og_type":"article","og_title":"FOROS DE CONSULTA CIUDADANA PARA MEJORAR LA MOVILIDAD EN BCS","og_description":"Espacio de libre expresi\u00f3n para aportar ideas y soluciones en cuanto a movilidad, transporte y seguridad vial. Se llev\u00f3 a cabo el primero de cinco foros municipales. El Gobierno del Estado de Baja California&#46;&#46;&#46;","og_url":"https:\/\/noti-america.com\/site\/mexico\/2017\/10\/27\/foros-de-consulta-ciudadana-para-mejorar-la-movilidad-en-bcs\/","og_site_name":"M\u00e9xico","article_published_time":"2017-10-27T05:26:21+00:00","og_image":[{"width":800,"height":533,"url":"https:\/\/noti-america.com\/site\/mexico\/wp-content\/uploads\/sites\/13\/2017\/10\/inician-foros-movilidad-800x533.jpg","type":"image\/jpeg"}],"author":"Paloma Olachea","twitter_card":"summary_large_image","twitter_misc":{"Escrito por":"Paloma Olachea","Tiempo estimado de lectura":"3 minutos"},"schema":{"@context":"https:\/\/schema.org","@graph":[{"@type":"Article","@id":"https:\/\/noti-america.com\/site\/mexico\/2017\/10\/27\/foros-de-consulta-ciudadana-para-mejorar-la-movilidad-en-bcs\/#article","isPartOf":{"@id":"https:\/\/noti-america.com\/site\/mexico\/2017\/10\/27\/foros-de-consulta-ciudadana-para-mejorar-la-movilidad-en-bcs\/"},"author":{"name":"Paloma Olachea","@id":"https:\/\/noti-america.com\/site\/mexico\/#\/schema\/person\/0055de23daadb69055b7fe942f37dcf3"},"headline":"FOROS DE CONSULTA CIUDADANA PARA MEJORAR LA MOVILIDAD EN BCS","datePublished":"2017-10-27T05:26:21+00:00","mainEntityOfPage":{"@id":"https:\/\/noti-america.com\/site\/mexico\/2017\/10\/27\/foros-de-consulta-ciudadana-para-mejorar-la-movilidad-en-bcs\/"},"wordCount":598,"commentCount":0,"publisher":{"@id":"https:\/\/noti-america.com\/site\/mexico\/#organization"},"image":{"@id":"https:\/\/noti-america.com\/site\/mexico\/2017\/10\/27\/foros-de-consulta-ciudadana-para-mejorar-la-movilidad-en-bcs\/#primaryimage"},"thumbnailUrl":"https:\/\/noti-america.com\/site\/mexico\/wp-content\/uploads\/sites\/13\/2017\/10\/inician-foros-movilidad-800x533.jpg","articleSection":["Uncategorized"],"inLanguage":"es","potentialAction":[{"@type":"CommentAction","name":"Comment","target":["https:\/\/noti-america.com\/site\/mexico\/2017\/10\/27\/foros-de-consulta-ciudadana-para-mejorar-la-movilidad-en-bcs\/#respond"]}]},{"@type":"WebPage","@id":"https:\/\/noti-america.com\/site\/mexico\/2017\/10\/27\/foros-de-consulta-ciudadana-para-mejorar-la-movilidad-en-bcs\/","url":"https:\/\/noti-america.com\/site\/mexico\/2017\/10\/27\/foros-de-consulta-ciudadana-para-mejorar-la-movilidad-en-bcs\/","name":"FOROS DE CONSULTA CIUDADANA PARA MEJORAR LA MOVILIDAD EN BCS - M\u00e9xico","isPartOf":{"@id":"https:\/\/noti-america.com\/site\/mexico\/#website"},"primaryImageOfPage":{"@id":"https:\/\/noti-america.com\/site\/mexico\/2017\/10\/27\/foros-de-consulta-ciudadana-para-mejorar-la-movilidad-en-bcs\/#primaryimage"},"image":{"@id":"https:\/\/noti-america.com\/site\/mexico\/2017\/10\/27\/foros-de-consulta-ciudadana-para-mejorar-la-movilidad-en-bcs\/#primaryimage"},"thumbnailUrl":"https:\/\/noti-america.com\/site\/mexico\/wp-content\/uploads\/sites\/13\/2017\/10\/inician-foros-movilidad-800x533.jpg","datePublished":"2017-10-27T05:26:21+00:00","breadcrumb":{"@id":"https:\/\/noti-america.com\/site\/mexico\/2017\/10\/27\/foros-de-consulta-ciudadana-para-mejorar-la-movilidad-en-bcs\/#breadcrumb"},"inLanguage":"es","potentialAction":[{"@type":"ReadAction","target":["https:\/\/noti-america.com\/site\/mexico\/2017\/10\/27\/foros-de-consulta-ciudadana-para-mejorar-la-movilidad-en-bcs\/"]}]},{"@type":"ImageObject","inLanguage":"es","@id":"https:\/\/noti-america.com\/site\/mexico\/2017\/10\/27\/foros-de-consulta-ciudadana-para-mejorar-la-movilidad-en-bcs\/#primaryimage","url":"https:\/\/noti-america.com\/site\/mexico\/wp-content\/uploads\/sites\/13\/2017\/10\/inician-foros-movilidad-800x533.jpg","contentUrl":"https:\/\/noti-america.com\/site\/mexico\/wp-content\/uploads\/sites\/13\/2017\/10\/inician-foros-movilidad-800x533.jpg","width":800,"height":533},{"@type":"BreadcrumbList","@id":"https:\/\/noti-america.com\/site\/mexico\/2017\/10\/27\/foros-de-consulta-ciudadana-para-mejorar-la-movilidad-en-bcs\/#breadcrumb","itemListElement":[{"@type":"ListItem","position":1,"name":"Portada","item":"https:\/\/noti-america.com\/site\/mexico\/"},{"@type":"ListItem","position":2,"name":"FOROS DE CONSULTA CIUDADANA PARA MEJORAR LA MOVILIDAD EN BCS"}]},{"@type":"WebSite","@id":"https:\/\/noti-america.com\/site\/mexico\/#website","url":"https:\/\/noti-america.com\/site\/mexico\/","name":"M\u00e9xico | Noti-America.com","description":"","publisher":{"@id":"https:\/\/noti-america.com\/site\/mexico\/#organization"},"potentialAction":[{"@type":"SearchAction","target":{"@type":"EntryPoint","urlTemplate":"https:\/\/noti-america.com\/site\/mexico\/?s={search_term_string}"},"query-input":{"@type":"PropertyValueSpecification","valueRequired":true,"valueName":"search_term_string"}}],"inLanguage":"es"},{"@type":"Organization","@id":"https:\/\/noti-america.com\/site\/mexico\/#organization","name":"Noti-America LLC | M\u00e9xico","url":"https:\/\/noti-america.com\/site\/mexico\/","logo":{"@type":"ImageObject","inLanguage":"es","@id":"https:\/\/noti-america.com\/site\/mexico\/#\/schema\/logo\/image\/","url":"https:\/\/noti-america.com\/site\/mexico\/wp-content\/uploads\/sites\/13\/2020\/07\/LogoNA-4x3-1.jpg","contentUrl":"https:\/\/noti-america.com\/site\/mexico\/wp-content\/uploads\/sites\/13\/2020\/07\/LogoNA-4x3-1.jpg","width":1236,"height":1080,"caption":"Noti-America LLC | M\u00e9xico"},"image":{"@id":"https:\/\/noti-america.com\/site\/mexico\/#\/schema\/logo\/image\/"}},{"@type":"Person","@id":"https:\/\/noti-america.com\/site\/mexico\/#\/schema\/person\/0055de23daadb69055b7fe942f37dcf3","name":"Paloma Olachea","image":{"@type":"ImageObject","inLanguage":"es","@id":"https:\/\/secure.gravatar.com\/avatar\/bdea3a4c796d2085779e77a5d654205f160117a0245752e5d3a2230b2f1e9cce?s=96&d=mm&r=g","url":"https:\/\/secure.gravatar.com\/avatar\/bdea3a4c796d2085779e77a5d654205f160117a0245752e5d3a2230b2f1e9cce?s=96&d=mm&r=g","contentUrl":"https:\/\/secure.gravatar.com\/avatar\/bdea3a4c796d2085779e77a5d654205f160117a0245752e5d3a2230b2f1e9cce?s=96&d=mm&r=g","caption":"Paloma Olachea"},"description":"Egresada de La Universidad Aut\u00f3noma de Baja California Sur, en la Licenciatura de Comunicaci\u00f3n, donde aprendi\u00f3 de los grandes maestros de esta M\u00e1xima Casa de Estudios como lo son: La Maestra Brenda Ramirez, Maestra Rossana Almada, Aletxe Almada, Lic. Francisco Fuentes, Profr. Carrillo de Fotograf\u00eda, Dr. Ruben Olachea , critica cinematogr\u00e1fica en Diplomados, Padre Juan Gom\u00e9z, en el cual desarrollo los temas mas importantes de comunicaci\u00f3n Social y sus teor\u00edas, en el transcurso de estudios, realizo su servicio y practicas profesionales, en la Unidad de Atenci\u00f3n Ciudadana del Gobierno del Estado de Baja California Sur, como asistente de la Lic. Nilda Moreno Armenta, Jefa de departamento de control y gesti\u00f3n Gubernamental en el tiempo de el Lic. Sergio Barron Pinto quien era el Director de la instituci\u00f3n gubernamental. Directora de Click Fotograf\u00eda explica con detalle que ha trabajado para grandes industrias como La Revista Bajacalifornianos.net con el Empresario Edgar Barrag\u00e1n, donde se formo por primera vez en el \u00e1mbito Fotogr\u00e1fico en la Secci\u00f3n Sociales y Ciencia BCS, en la Empresa Metamorphosis de Lic. Yamel Arti\u00f1o, mercadologa, aprendi\u00f3 los diversos temas y t\u00e9cnicas en el ramo de la Mercadotecnia para diferentes empresas y la mas importante para la compa\u00f1\u00eda Telcel, contratada por la Gran Mujer Lic. Cristina Flores, propietaria de Anuncios y Letreros el autodominio, fortaleza y emprendedora al activarse con una comunicaci\u00f3n eficaz, una gran maestra y a la vez una mujer que no se limita a ning\u00fan trabajo publicitario, El Ing. Gerardo Valenzuela de la Empresa Radiof\u00f3nica Radio Mochis Sinaloa y Director de la Revista ABC, el cual tiene un gran aprecio aparte de maestro, Padrino, en el cual ella aprendi\u00f3 a desarrollarse en el \u00e1mbito period\u00edstico, a conocer mas a los grandes ilustres y corresponsales de diferentes medios, en otro punto importante le ha permitido desarrollarse durante 7 a\u00f1os en el \u00e1mbito de programas de edici\u00f3n publicitaria y ahora forma parte de la Asociaci\u00f3n Radio Pace\u00f1ita, Realiza el dise\u00f1o actual de la Revista La Discapacidad en Acci\u00f3n de el C. Francisco Diaz Zu\u00f1iga, entre otras trabajar en el \u00e1rea de ventas con la Dise\u00f1adora Gr\u00e1fica Carmen Wences, en el cual tambi\u00e9n obtuvo asesoramiento y preparaci\u00f3n, entre los medios period\u00edsticos laboro para Mauricio Diaz anterior Director Peninsular Digital, en diversas notas y obtuvo el cambio al \u00e1rea de estad\u00edstica. En la Delegaci\u00f3n de Cabo San Lucas Trabajo con el C. Lucio Chavira propietario de Los Cabos Tve el cual ve como su padre quien le dio apoyo, familia y le dio capacitaci\u00f3n en fotogr\u00e1fica La C. Julia Ruiz de Chavira, ademas de laborar con el Lic. Ricardo del Rio en diversos trabajos de video y edici\u00f3n. Entre sus tantas Actividades labora para La Secretaria de Educaci\u00f3n Publica, primeramente en el Subsistema de Escuelas T\u00e9cnicas y as\u00ed pasado al Subsistema de Telesecundaria, En el DIF Estatal de Baja California Sur, como tallerista y en los Negocios de Banner Publicitario, Alder Dise\u00f1o y Casa Productora Pitahaya Productions como Propietaria, de antemano destacamos una opci\u00f3n mas laboral en el Medio Digital Noti America en el cual su Jefe Rafael Pi\u00f1a Loaiza le da la oportunidad de dar a conocer las noticias a nivel internacional destacando primordial mente su pa\u00eds natal Mexico.","url":"https:\/\/noti-america.com\/site\/mexico\/author\/polachea\/"}]}},"_links":{"self":[{"href":"https:\/\/noti-america.com\/site\/mexico\/wp-json\/wp\/v2\/posts\/585","targetHints":{"allow":["GET"]}}],"collection":[{"href":"https:\/\/noti-america.com\/site\/mexico\/wp-json\/wp\/v2\/posts"}],"about":[{"href":"https:\/\/noti-america.com\/site\/mexico\/wp-json\/wp\/v2\/types\/post"}],"author":[{"embeddable":true,"href":"https:\/\/noti-america.com\/site\/mexico\/wp-json\/wp\/v2\/users\/16"}],"replies":[{"embeddable":true,"href":"https:\/\/noti-america.com\/site\/mexico\/wp-json\/wp\/v2\/comments?post=585"}],"version-history":[{"count":1,"href":"https:\/\/noti-america.com\/site\/mexico\/wp-json\/wp\/v2\/posts\/585\/revisions"}],"predecessor-version":[{"id":587,"href":"https:\/\/noti-america.com\/site\/mexico\/wp-json\/wp\/v2\/posts\/585\/revisions\/587"}],"wp:featuredmedia":[{"embeddable":true,"href":"https:\/\/noti-america.com\/site\/mexico\/wp-json\/wp\/v2\/media\/586"}],"wp:attachment":[{"href":"https:\/\/noti-america.com\/site\/mexico\/wp-json\/wp\/v2\/media?parent=585"}],"wp:term":[{"taxonomy":"category","embeddable":true,"href":"https:\/\/noti-america.com\/site\/mexico\/wp-json\/wp\/v2\/categories?post=585"},{"taxonomy":"post_tag","embeddable":true,"href":"https:\/\/noti-america.com\/site\/mexico\/wp-json\/wp\/v2\/tags?post=585"}],"curies":[{"name":"wp","href":"https:\/\/api.w.org\/{rel}","templated":true}]}}