{"id":5746,"date":"2020-10-12T03:41:28","date_gmt":"2020-10-12T03:41:28","guid":{"rendered":"https:\/\/noti-america.com\/site\/mexico\/?p=5746"},"modified":"2020-10-12T03:41:28","modified_gmt":"2020-10-12T03:41:28","slug":"julian-gil-pierde-la-patria-potestad-de-su-hijo-debera-seguir-pagando-manutencion","status":"publish","type":"post","link":"https:\/\/noti-america.com\/site\/mexico\/2020\/10\/12\/julian-gil-pierde-la-patria-potestad-de-su-hijo-debera-seguir-pagando-manutencion\/","title":{"rendered":"Juli\u00e1n Gil pierde la patria potestad de su hijo; deber\u00e1 seguir pagando manutenci\u00f3n"},"content":{"rendered":"<p><strong>Noti-Am\u00e9rica (M\u00e9xico)<\/strong><\/p>\n<p><strong>Ciudad de M\u00e9xico,DF.<\/strong><\/p>\n<p>EL ACTOR SOLO PODR\u00c1 VER AL PEQUE\u00d1O SI MARJORIE DE SOUSA LO PERMITE.<\/p>\n<p>Tras m\u00e1s de tres a\u00f1os de una batalla legal entre Juli\u00e1n Gil y Marjorie de Sousa por su hijo, Mat\u00edas, el actor perdi\u00f3 la patria potestad y la actriz se queda con todos los derechos para decidir sobre la vida del peque\u00f1o. Sin embargo, Gil tendr\u00e1 que dar el 20 por ciento de sus ingresos para la manutenci\u00f3n.<\/p>\n<p style=\"text-align: justify\">La noticia la dio a conocer Tanya Charry en el programa \u201cEl gordo y la flaca\u201d, la periodista inform\u00f3 que un juez de la Ciudad de M\u00e9xico dictamin\u00f3 que de Sousa es la \u00fanica responsable para velar por el bienestar del ni\u00f1o. Legalmente Juli\u00e1n Gil no tendr\u00e1 acceso a su hijo, no podr\u00e1 visitarlo y no podr\u00e1 ser parte de las decisiones sobre \u00e9l: ni de escuela, educaci\u00f3n, m\u00e9dico, pa\u00eds en donde viva y mucho menos a d\u00f3nde (el ni\u00f1o) pueda viajar\u201d, dijo la reportera. Aunque Gil no puede tomar ninguna decisi\u00f3n sobre su hijo, deber\u00e1 seguir pagando manutenci\u00f3n que corresponde al 20 por ciento de todos sus ingresos. Tambi\u00e9n se dijo que el tema del pasaporte quedar\u00eda finiquitado, pues la int\u00e9rprete de nacionalidad venezolana podr\u00e1 tramitarlo libremente sin necesitar del consentimiento de su ex pareja. De acuerdo al programa, el actor \u00fanicamente podr\u00e1 ver a su hijo siempre y cuando su famosa madre lo permita \u201cen un acto de buena fe\u201d, y que ser\u00e1 hasta que Mat\u00edas cumpla 18 a\u00f1os cuando pueda reencontrarse a plenitud con su padre. Alberto Navarro, publicista de Gil, confirm\u00f3 la informaci\u00f3n a la revista People en Espa\u00f1ol: \u201cLamentablemente es cierta esa noticia. La mam\u00e1 de Mat\u00edas priv\u00f3 al padre de su hijo\u201d, dijo Navarro. \u201cLe quitaron a Juli\u00e1n la patria potestad.<\/p>\n<p style=\"text-align: justify\">Lamentablemente Juli\u00e1n no tiene ning\u00fan derecho sobre su hijo\u201d. Por su parte el publicista de la actriz venezolana, dijo que hasta el momento no hay una notificaci\u00f3n oficial sobre la patria potestad de Mat\u00edas. \u201cNo tenemos conocimiento de ninguna noticia referente a ese proceso legal\u201d, dijo Alberto G\u00f3mez a People en espa\u00f1ol. \u201c[Solo] que sigue en revisi\u00f3n\u201d. Juli\u00e1n se encuentra en Turqu\u00eda disfrutando unas rom\u00e1nticas vacaciones con su novia Valeria Mar\u00edn. Gil y Sousa se han enfrentado en los tribunales durante m\u00e1s de tres a\u00f1os. Fue en junio que sali\u00f3 a la luz que Marjorie present\u00f3 una demanda en M\u00e9xico contra su expareja exigiendo la patria potestad de su hijo, Mat\u00edas, de 3 a\u00f1os.<\/p>\n<p style=\"text-align: justify\">En documentos obtenidos por People en Espa\u00f1ol, la actriz venezolana pidi\u00f3 que se le entregar\u00e1 la carta rogatoria a Gil en la direcci\u00f3n de la cadena Univisi\u00f3n, en el sur de la Florida, porque aseguraba desconocer la direcci\u00f3n actual del padre de su hijo, que vive en Miami. \u00abEsta es la decisi\u00f3n m\u00e1s dif\u00edcil que he tenido que tomar en mi vida. Pero, como madre, estoy obligada a enfrentar esta triste situaci\u00f3n con el \u00fanico objetivo de proteger los derechos de mi hijo, Mat\u00edas\u00bb, dijo entonces Marjorie. Mientras que Gil calific\u00f3 la acci\u00f3n como algo injusto. \u201cNo puedo entender la desfachatez, el descaro, la falta de moral, la falta de amor hacia Mat\u00edas\u00bb, expuso. El actor se\u00f1al\u00f3 que el proceso para quitarle la patria potestad en realidad fue iniciado desde septiembre de 2019, y que Marjorie y sus abogados no hicieron sino \u00abdisfrazar\u00bb el comunicado, en lugar de decir abiertamente que buscan quitarle la custodia del menor.<\/p>\n<p style=\"text-align: justify\">Fuente: Listindiario.com<\/p>\n<p>&nbsp;<\/p>\n","protected":false},"excerpt":{"rendered":"<p>Noti-Am\u00e9rica (M\u00e9xico) Ciudad de M\u00e9xico,DF. EL ACTOR SOLO PODR\u00c1 VER AL PEQUE\u00d1O SI MARJORIE DE SOUSA LO PERMITE. Tras m\u00e1s de tres a\u00f1os de una batalla legal entre Juli\u00e1n Gil y Marjorie de Sousa&#46;&#46;&#46;<\/p>\n","protected":false},"author":87,"featured_media":5747,"comment_status":"open","ping_status":"open","sticky":false,"template":"","format":"image","meta":{"_acf_changed":false,"om_disable_all_campaigns":false,"rop_custom_images_group":[],"rop_custom_messages_group":[],"rop_publish_now":"initial","rop_publish_now_accounts":{"twitter_242054905_242054905":""},"rop_publish_now_history":[],"rop_publish_now_status":"pending","_uf_show_specific_survey":0,"_uf_disable_surveys":false,"footnotes":""},"categories":[705],"tags":[],"class_list":["post-5746","post","type-post","status-publish","format-image","has-post-thumbnail","hentry","category-entretenimiento","post_format-post-format-image"],"acf":[],"aioseo_notices":[],"yoast_head":"<!-- This site is optimized with the Yoast SEO Premium plugin v24.9 (Yoast SEO v27.2) - https:\/\/yoast.com\/product\/yoast-seo-premium-wordpress\/ -->\n<title>Juli\u00e1n Gil pierde la patria potestad de su hijo; deber\u00e1 seguir pagando manutenci\u00f3n - M\u00e9xico<\/title>\n<meta name=\"robots\" content=\"index, follow, max-snippet:-1, max-image-preview:large, max-video-preview:-1\" \/>\n<link rel=\"canonical\" href=\"https:\/\/noti-america.com\/site\/mexico\/2020\/10\/12\/julian-gil-pierde-la-patria-potestad-de-su-hijo-debera-seguir-pagando-manutencion\/\" \/>\n<meta property=\"og:locale\" content=\"es_ES\" \/>\n<meta property=\"og:type\" content=\"article\" \/>\n<meta property=\"og:title\" content=\"Juli\u00e1n Gil pierde la patria potestad de su hijo; deber\u00e1 seguir pagando manutenci\u00f3n\" \/>\n<meta property=\"og:description\" content=\"Noti-Am\u00e9rica (M\u00e9xico) Ciudad de M\u00e9xico,DF. EL ACTOR SOLO PODR\u00c1 VER AL PEQUE\u00d1O SI MARJORIE DE SOUSA LO PERMITE. Tras m\u00e1s de tres a\u00f1os de una batalla legal entre Juli\u00e1n Gil y Marjorie de Sousa&#046;&#046;&#046;\" \/>\n<meta property=\"og:url\" content=\"https:\/\/noti-america.com\/site\/mexico\/2020\/10\/12\/julian-gil-pierde-la-patria-potestad-de-su-hijo-debera-seguir-pagando-manutencion\/\" \/>\n<meta property=\"og:site_name\" content=\"M\u00e9xico\" \/>\n<meta property=\"article:published_time\" content=\"2020-10-12T03:41:28+00:00\" \/>\n<meta property=\"og:image\" content=\"https:\/\/noti-america.com\/site\/mexico\/wp-content\/uploads\/sites\/13\/2020\/10\/julian-gil-se-niega-darle-pension-su-hijo-matias.jpg\" \/>\n\t<meta property=\"og:image:width\" content=\"800\" \/>\n\t<meta property=\"og:image:height\" content=\"600\" \/>\n\t<meta property=\"og:image:type\" content=\"image\/jpeg\" \/>\n<meta name=\"author\" content=\"CAMH\" \/>\n<meta name=\"twitter:card\" content=\"summary_large_image\" \/>\n<meta name=\"twitter:label1\" content=\"Escrito por\" \/>\n\t<meta name=\"twitter:data1\" content=\"CAMH\" \/>\n\t<meta name=\"twitter:label2\" content=\"Tiempo estimado de lectura\" \/>\n\t<meta name=\"twitter:data2\" content=\"3 minutos\" \/>\n<script type=\"application\/ld+json\" class=\"yoast-schema-graph\">{\"@context\":\"https:\/\/schema.org\",\"@graph\":[{\"@type\":\"Article\",\"@id\":\"https:\/\/noti-america.com\/site\/mexico\/2020\/10\/12\/julian-gil-pierde-la-patria-potestad-de-su-hijo-debera-seguir-pagando-manutencion\/#article\",\"isPartOf\":{\"@id\":\"https:\/\/noti-america.com\/site\/mexico\/2020\/10\/12\/julian-gil-pierde-la-patria-potestad-de-su-hijo-debera-seguir-pagando-manutencion\/\"},\"author\":{\"name\":\"CAMH\",\"@id\":\"https:\/\/noti-america.com\/site\/mexico\/#\/schema\/person\/e13880b4308eea6926b271284605ef72\"},\"headline\":\"Juli\u00e1n Gil pierde la patria potestad de su hijo; deber\u00e1 seguir pagando manutenci\u00f3n\",\"datePublished\":\"2020-10-12T03:41:28+00:00\",\"mainEntityOfPage\":{\"@id\":\"https:\/\/noti-america.com\/site\/mexico\/2020\/10\/12\/julian-gil-pierde-la-patria-potestad-de-su-hijo-debera-seguir-pagando-manutencion\/\"},\"wordCount\":636,\"commentCount\":0,\"publisher\":{\"@id\":\"https:\/\/noti-america.com\/site\/mexico\/#organization\"},\"image\":{\"@id\":\"https:\/\/noti-america.com\/site\/mexico\/2020\/10\/12\/julian-gil-pierde-la-patria-potestad-de-su-hijo-debera-seguir-pagando-manutencion\/#primaryimage\"},\"thumbnailUrl\":\"https:\/\/noti-america.com\/site\/mexico\/wp-content\/uploads\/sites\/13\/2020\/10\/julian-gil-se-niega-darle-pension-su-hijo-matias.jpg\",\"articleSection\":[\"Entretenimiento\"],\"inLanguage\":\"es\",\"potentialAction\":[{\"@type\":\"CommentAction\",\"name\":\"Comment\",\"target\":[\"https:\/\/noti-america.com\/site\/mexico\/2020\/10\/12\/julian-gil-pierde-la-patria-potestad-de-su-hijo-debera-seguir-pagando-manutencion\/#respond\"]}]},{\"@type\":\"WebPage\",\"@id\":\"https:\/\/noti-america.com\/site\/mexico\/2020\/10\/12\/julian-gil-pierde-la-patria-potestad-de-su-hijo-debera-seguir-pagando-manutencion\/\",\"url\":\"https:\/\/noti-america.com\/site\/mexico\/2020\/10\/12\/julian-gil-pierde-la-patria-potestad-de-su-hijo-debera-seguir-pagando-manutencion\/\",\"name\":\"Juli\u00e1n Gil pierde la patria potestad de su hijo; deber\u00e1 seguir pagando manutenci\u00f3n - M\u00e9xico\",\"isPartOf\":{\"@id\":\"https:\/\/noti-america.com\/site\/mexico\/#website\"},\"primaryImageOfPage\":{\"@id\":\"https:\/\/noti-america.com\/site\/mexico\/2020\/10\/12\/julian-gil-pierde-la-patria-potestad-de-su-hijo-debera-seguir-pagando-manutencion\/#primaryimage\"},\"image\":{\"@id\":\"https:\/\/noti-america.com\/site\/mexico\/2020\/10\/12\/julian-gil-pierde-la-patria-potestad-de-su-hijo-debera-seguir-pagando-manutencion\/#primaryimage\"},\"thumbnailUrl\":\"https:\/\/noti-america.com\/site\/mexico\/wp-content\/uploads\/sites\/13\/2020\/10\/julian-gil-se-niega-darle-pension-su-hijo-matias.jpg\",\"datePublished\":\"2020-10-12T03:41:28+00:00\",\"breadcrumb\":{\"@id\":\"https:\/\/noti-america.com\/site\/mexico\/2020\/10\/12\/julian-gil-pierde-la-patria-potestad-de-su-hijo-debera-seguir-pagando-manutencion\/#breadcrumb\"},\"inLanguage\":\"es\",\"potentialAction\":[{\"@type\":\"ReadAction\",\"target\":[\"https:\/\/noti-america.com\/site\/mexico\/2020\/10\/12\/julian-gil-pierde-la-patria-potestad-de-su-hijo-debera-seguir-pagando-manutencion\/\"]}]},{\"@type\":\"ImageObject\",\"inLanguage\":\"es\",\"@id\":\"https:\/\/noti-america.com\/site\/mexico\/2020\/10\/12\/julian-gil-pierde-la-patria-potestad-de-su-hijo-debera-seguir-pagando-manutencion\/#primaryimage\",\"url\":\"https:\/\/noti-america.com\/site\/mexico\/wp-content\/uploads\/sites\/13\/2020\/10\/julian-gil-se-niega-darle-pension-su-hijo-matias.jpg\",\"contentUrl\":\"https:\/\/noti-america.com\/site\/mexico\/wp-content\/uploads\/sites\/13\/2020\/10\/julian-gil-se-niega-darle-pension-su-hijo-matias.jpg\",\"width\":800,\"height\":600},{\"@type\":\"BreadcrumbList\",\"@id\":\"https:\/\/noti-america.com\/site\/mexico\/2020\/10\/12\/julian-gil-pierde-la-patria-potestad-de-su-hijo-debera-seguir-pagando-manutencion\/#breadcrumb\",\"itemListElement\":[{\"@type\":\"ListItem\",\"position\":1,\"name\":\"Portada\",\"item\":\"https:\/\/noti-america.com\/site\/mexico\/\"},{\"@type\":\"ListItem\",\"position\":2,\"name\":\"Juli\u00e1n Gil pierde la patria potestad de su hijo; deber\u00e1 seguir pagando manutenci\u00f3n\"}]},{\"@type\":\"WebSite\",\"@id\":\"https:\/\/noti-america.com\/site\/mexico\/#website\",\"url\":\"https:\/\/noti-america.com\/site\/mexico\/\",\"name\":\"M\u00e9xico | Noti-America.com\",\"description\":\"\",\"publisher\":{\"@id\":\"https:\/\/noti-america.com\/site\/mexico\/#organization\"},\"potentialAction\":[{\"@type\":\"SearchAction\",\"target\":{\"@type\":\"EntryPoint\",\"urlTemplate\":\"https:\/\/noti-america.com\/site\/mexico\/?s={search_term_string}\"},\"query-input\":{\"@type\":\"PropertyValueSpecification\",\"valueRequired\":true,\"valueName\":\"search_term_string\"}}],\"inLanguage\":\"es\"},{\"@type\":\"Organization\",\"@id\":\"https:\/\/noti-america.com\/site\/mexico\/#organization\",\"name\":\"Noti-America LLC | M\u00e9xico\",\"url\":\"https:\/\/noti-america.com\/site\/mexico\/\",\"logo\":{\"@type\":\"ImageObject\",\"inLanguage\":\"es\",\"@id\":\"https:\/\/noti-america.com\/site\/mexico\/#\/schema\/logo\/image\/\",\"url\":\"https:\/\/noti-america.com\/site\/mexico\/wp-content\/uploads\/sites\/13\/2020\/07\/LogoNA-4x3-1.jpg\",\"contentUrl\":\"https:\/\/noti-america.com\/site\/mexico\/wp-content\/uploads\/sites\/13\/2020\/07\/LogoNA-4x3-1.jpg\",\"width\":1236,\"height\":1080,\"caption\":\"Noti-America LLC | M\u00e9xico\"},\"image\":{\"@id\":\"https:\/\/noti-america.com\/site\/mexico\/#\/schema\/logo\/image\/\"}},{\"@type\":\"Person\",\"@id\":\"https:\/\/noti-america.com\/site\/mexico\/#\/schema\/person\/e13880b4308eea6926b271284605ef72\",\"name\":\"CAMH\",\"image\":{\"@type\":\"ImageObject\",\"inLanguage\":\"es\",\"@id\":\"https:\/\/secure.gravatar.com\/avatar\/82aa99c723cbed2b304797bc218a5542b5a94d7f5d0ba3b39650aef53c28ecf5?s=96&d=mm&r=g\",\"url\":\"https:\/\/secure.gravatar.com\/avatar\/82aa99c723cbed2b304797bc218a5542b5a94d7f5d0ba3b39650aef53c28ecf5?s=96&d=mm&r=g\",\"contentUrl\":\"https:\/\/secure.gravatar.com\/avatar\/82aa99c723cbed2b304797bc218a5542b5a94d7f5d0ba3b39650aef53c28ecf5?s=96&d=mm&r=g\",\"caption\":\"CAMH\"},\"url\":\"https:\/\/noti-america.com\/site\/mexico\/author\/cmitchell\/\"}]}<\/script>\n<!-- \/ Yoast SEO Premium plugin. -->","yoast_head_json":{"title":"Juli\u00e1n Gil pierde la patria potestad de su hijo; deber\u00e1 seguir pagando manutenci\u00f3n - M\u00e9xico","robots":{"index":"index","follow":"follow","max-snippet":"max-snippet:-1","max-image-preview":"max-image-preview:large","max-video-preview":"max-video-preview:-1"},"canonical":"https:\/\/noti-america.com\/site\/mexico\/2020\/10\/12\/julian-gil-pierde-la-patria-potestad-de-su-hijo-debera-seguir-pagando-manutencion\/","og_locale":"es_ES","og_type":"article","og_title":"Juli\u00e1n Gil pierde la patria potestad de su hijo; deber\u00e1 seguir pagando manutenci\u00f3n","og_description":"Noti-Am\u00e9rica (M\u00e9xico) Ciudad de M\u00e9xico,DF. EL ACTOR SOLO PODR\u00c1 VER AL PEQUE\u00d1O SI MARJORIE DE SOUSA LO PERMITE. Tras m\u00e1s de tres a\u00f1os de una batalla legal entre Juli\u00e1n Gil y Marjorie de Sousa&#46;&#46;&#46;","og_url":"https:\/\/noti-america.com\/site\/mexico\/2020\/10\/12\/julian-gil-pierde-la-patria-potestad-de-su-hijo-debera-seguir-pagando-manutencion\/","og_site_name":"M\u00e9xico","article_published_time":"2020-10-12T03:41:28+00:00","og_image":[{"width":800,"height":600,"url":"https:\/\/noti-america.com\/site\/mexico\/wp-content\/uploads\/sites\/13\/2020\/10\/julian-gil-se-niega-darle-pension-su-hijo-matias.jpg","type":"image\/jpeg"}],"author":"CAMH","twitter_card":"summary_large_image","twitter_misc":{"Escrito por":"CAMH","Tiempo estimado de lectura":"3 minutos"},"schema":{"@context":"https:\/\/schema.org","@graph":[{"@type":"Article","@id":"https:\/\/noti-america.com\/site\/mexico\/2020\/10\/12\/julian-gil-pierde-la-patria-potestad-de-su-hijo-debera-seguir-pagando-manutencion\/#article","isPartOf":{"@id":"https:\/\/noti-america.com\/site\/mexico\/2020\/10\/12\/julian-gil-pierde-la-patria-potestad-de-su-hijo-debera-seguir-pagando-manutencion\/"},"author":{"name":"CAMH","@id":"https:\/\/noti-america.com\/site\/mexico\/#\/schema\/person\/e13880b4308eea6926b271284605ef72"},"headline":"Juli\u00e1n Gil pierde la patria potestad de su hijo; deber\u00e1 seguir pagando manutenci\u00f3n","datePublished":"2020-10-12T03:41:28+00:00","mainEntityOfPage":{"@id":"https:\/\/noti-america.com\/site\/mexico\/2020\/10\/12\/julian-gil-pierde-la-patria-potestad-de-su-hijo-debera-seguir-pagando-manutencion\/"},"wordCount":636,"commentCount":0,"publisher":{"@id":"https:\/\/noti-america.com\/site\/mexico\/#organization"},"image":{"@id":"https:\/\/noti-america.com\/site\/mexico\/2020\/10\/12\/julian-gil-pierde-la-patria-potestad-de-su-hijo-debera-seguir-pagando-manutencion\/#primaryimage"},"thumbnailUrl":"https:\/\/noti-america.com\/site\/mexico\/wp-content\/uploads\/sites\/13\/2020\/10\/julian-gil-se-niega-darle-pension-su-hijo-matias.jpg","articleSection":["Entretenimiento"],"inLanguage":"es","potentialAction":[{"@type":"CommentAction","name":"Comment","target":["https:\/\/noti-america.com\/site\/mexico\/2020\/10\/12\/julian-gil-pierde-la-patria-potestad-de-su-hijo-debera-seguir-pagando-manutencion\/#respond"]}]},{"@type":"WebPage","@id":"https:\/\/noti-america.com\/site\/mexico\/2020\/10\/12\/julian-gil-pierde-la-patria-potestad-de-su-hijo-debera-seguir-pagando-manutencion\/","url":"https:\/\/noti-america.com\/site\/mexico\/2020\/10\/12\/julian-gil-pierde-la-patria-potestad-de-su-hijo-debera-seguir-pagando-manutencion\/","name":"Juli\u00e1n Gil pierde la patria potestad de su hijo; deber\u00e1 seguir pagando manutenci\u00f3n - M\u00e9xico","isPartOf":{"@id":"https:\/\/noti-america.com\/site\/mexico\/#website"},"primaryImageOfPage":{"@id":"https:\/\/noti-america.com\/site\/mexico\/2020\/10\/12\/julian-gil-pierde-la-patria-potestad-de-su-hijo-debera-seguir-pagando-manutencion\/#primaryimage"},"image":{"@id":"https:\/\/noti-america.com\/site\/mexico\/2020\/10\/12\/julian-gil-pierde-la-patria-potestad-de-su-hijo-debera-seguir-pagando-manutencion\/#primaryimage"},"thumbnailUrl":"https:\/\/noti-america.com\/site\/mexico\/wp-content\/uploads\/sites\/13\/2020\/10\/julian-gil-se-niega-darle-pension-su-hijo-matias.jpg","datePublished":"2020-10-12T03:41:28+00:00","breadcrumb":{"@id":"https:\/\/noti-america.com\/site\/mexico\/2020\/10\/12\/julian-gil-pierde-la-patria-potestad-de-su-hijo-debera-seguir-pagando-manutencion\/#breadcrumb"},"inLanguage":"es","potentialAction":[{"@type":"ReadAction","target":["https:\/\/noti-america.com\/site\/mexico\/2020\/10\/12\/julian-gil-pierde-la-patria-potestad-de-su-hijo-debera-seguir-pagando-manutencion\/"]}]},{"@type":"ImageObject","inLanguage":"es","@id":"https:\/\/noti-america.com\/site\/mexico\/2020\/10\/12\/julian-gil-pierde-la-patria-potestad-de-su-hijo-debera-seguir-pagando-manutencion\/#primaryimage","url":"https:\/\/noti-america.com\/site\/mexico\/wp-content\/uploads\/sites\/13\/2020\/10\/julian-gil-se-niega-darle-pension-su-hijo-matias.jpg","contentUrl":"https:\/\/noti-america.com\/site\/mexico\/wp-content\/uploads\/sites\/13\/2020\/10\/julian-gil-se-niega-darle-pension-su-hijo-matias.jpg","width":800,"height":600},{"@type":"BreadcrumbList","@id":"https:\/\/noti-america.com\/site\/mexico\/2020\/10\/12\/julian-gil-pierde-la-patria-potestad-de-su-hijo-debera-seguir-pagando-manutencion\/#breadcrumb","itemListElement":[{"@type":"ListItem","position":1,"name":"Portada","item":"https:\/\/noti-america.com\/site\/mexico\/"},{"@type":"ListItem","position":2,"name":"Juli\u00e1n Gil pierde la patria potestad de su hijo; deber\u00e1 seguir pagando manutenci\u00f3n"}]},{"@type":"WebSite","@id":"https:\/\/noti-america.com\/site\/mexico\/#website","url":"https:\/\/noti-america.com\/site\/mexico\/","name":"M\u00e9xico | Noti-America.com","description":"","publisher":{"@id":"https:\/\/noti-america.com\/site\/mexico\/#organization"},"potentialAction":[{"@type":"SearchAction","target":{"@type":"EntryPoint","urlTemplate":"https:\/\/noti-america.com\/site\/mexico\/?s={search_term_string}"},"query-input":{"@type":"PropertyValueSpecification","valueRequired":true,"valueName":"search_term_string"}}],"inLanguage":"es"},{"@type":"Organization","@id":"https:\/\/noti-america.com\/site\/mexico\/#organization","name":"Noti-America LLC | M\u00e9xico","url":"https:\/\/noti-america.com\/site\/mexico\/","logo":{"@type":"ImageObject","inLanguage":"es","@id":"https:\/\/noti-america.com\/site\/mexico\/#\/schema\/logo\/image\/","url":"https:\/\/noti-america.com\/site\/mexico\/wp-content\/uploads\/sites\/13\/2020\/07\/LogoNA-4x3-1.jpg","contentUrl":"https:\/\/noti-america.com\/site\/mexico\/wp-content\/uploads\/sites\/13\/2020\/07\/LogoNA-4x3-1.jpg","width":1236,"height":1080,"caption":"Noti-America LLC | M\u00e9xico"},"image":{"@id":"https:\/\/noti-america.com\/site\/mexico\/#\/schema\/logo\/image\/"}},{"@type":"Person","@id":"https:\/\/noti-america.com\/site\/mexico\/#\/schema\/person\/e13880b4308eea6926b271284605ef72","name":"CAMH","image":{"@type":"ImageObject","inLanguage":"es","@id":"https:\/\/secure.gravatar.com\/avatar\/82aa99c723cbed2b304797bc218a5542b5a94d7f5d0ba3b39650aef53c28ecf5?s=96&d=mm&r=g","url":"https:\/\/secure.gravatar.com\/avatar\/82aa99c723cbed2b304797bc218a5542b5a94d7f5d0ba3b39650aef53c28ecf5?s=96&d=mm&r=g","contentUrl":"https:\/\/secure.gravatar.com\/avatar\/82aa99c723cbed2b304797bc218a5542b5a94d7f5d0ba3b39650aef53c28ecf5?s=96&d=mm&r=g","caption":"CAMH"},"url":"https:\/\/noti-america.com\/site\/mexico\/author\/cmitchell\/"}]}},"_links":{"self":[{"href":"https:\/\/noti-america.com\/site\/mexico\/wp-json\/wp\/v2\/posts\/5746","targetHints":{"allow":["GET"]}}],"collection":[{"href":"https:\/\/noti-america.com\/site\/mexico\/wp-json\/wp\/v2\/posts"}],"about":[{"href":"https:\/\/noti-america.com\/site\/mexico\/wp-json\/wp\/v2\/types\/post"}],"author":[{"embeddable":true,"href":"https:\/\/noti-america.com\/site\/mexico\/wp-json\/wp\/v2\/users\/87"}],"replies":[{"embeddable":true,"href":"https:\/\/noti-america.com\/site\/mexico\/wp-json\/wp\/v2\/comments?post=5746"}],"version-history":[{"count":1,"href":"https:\/\/noti-america.com\/site\/mexico\/wp-json\/wp\/v2\/posts\/5746\/revisions"}],"predecessor-version":[{"id":5748,"href":"https:\/\/noti-america.com\/site\/mexico\/wp-json\/wp\/v2\/posts\/5746\/revisions\/5748"}],"wp:featuredmedia":[{"embeddable":true,"href":"https:\/\/noti-america.com\/site\/mexico\/wp-json\/wp\/v2\/media\/5747"}],"wp:attachment":[{"href":"https:\/\/noti-america.com\/site\/mexico\/wp-json\/wp\/v2\/media?parent=5746"}],"wp:term":[{"taxonomy":"category","embeddable":true,"href":"https:\/\/noti-america.com\/site\/mexico\/wp-json\/wp\/v2\/categories?post=5746"},{"taxonomy":"post_tag","embeddable":true,"href":"https:\/\/noti-america.com\/site\/mexico\/wp-json\/wp\/v2\/tags?post=5746"}],"curies":[{"name":"wp","href":"https:\/\/api.w.org\/{rel}","templated":true}]}}