{"id":562,"date":"2017-10-25T20:38:15","date_gmt":"2017-10-25T20:38:15","guid":{"rendered":"http:\/\/noti-america.com\/site\/mexico\/?p=562"},"modified":"2017-10-25T20:38:15","modified_gmt":"2017-10-25T20:38:15","slug":"convenio-de-colaboracion-para-iniciar-el-desarrollo-del-puerto-el-sauzal-en-baja-california","status":"publish","type":"post","link":"https:\/\/noti-america.com\/site\/mexico\/2017\/10\/25\/convenio-de-colaboracion-para-iniciar-el-desarrollo-del-puerto-el-sauzal-en-baja-california\/","title":{"rendered":"CONVENIO DE COLABORACI\u00d3N PARA INICIAR EL DESARROLLO DEL PUERTO EL SAUZAL EN BAJA CALIFORNIA"},"content":{"rendered":"<p><em><\/em><\/p>\n<div class=\"textogeneral\" align=\"justify\">El Gobernador del Estado, Francisco Kiko Vega de Lamadrid, sostuvo este mi\u00e9rcoles una importante reuni\u00f3n con el Secretario de Comunicaciones y Transportes del Gobierno de la Rep\u00fablica, Gerardo Ruiz Esparza, en donde se firm\u00f3, bajo un acto hist\u00f3rico para Baja California, un convenio de colaboraci\u00f3n con el cual se da inicio a la consolidaci\u00f3n del desarrollo del importante proyecto del Puerto El Sauzal en Ensenada.<\/p>\n<p>Vega de Lamadrid se\u00f1al\u00f3 que dentro del proyecto de infraestructura y log\u00edstica en la entidad, se est\u00e1 trabajando en la construcci\u00f3n del primer aeropuerto civil en el municipio de Ensenada; as\u00ed como la ampliaci\u00f3n de la carretera Ensenada-Ojos Negros; el proyecto para la construcci\u00f3n de una v\u00eda de ferrocarril entre Tecate-El Sauzal, misma que se internar\u00e1 en los Estados Unidos de Am\u00e9rica, entre otros.<\/p>\n<p>A su vez, el Mandatario estatal estableci\u00f3 que con este proyecto hist\u00f3rico para Baja California, se estar\u00e1 poniendo a la vanguardia no s\u00f3lo la entidad sino toda una regi\u00f3n, ya que con el desarrollo del proyecto se detonar\u00e1 al Estado como una regi\u00f3n con uno de los puertos con mayor importancia por desarrollar en el pa\u00eds; permitiendo con ello apuntalar la competitividad en los temas de infraestructura y desarrollo log\u00edstico, lo que permitir\u00e1 a trav\u00e9s de inversiones, flujo de capitales nacionales y extranjeras y el establecimiento de un mayor n\u00famero de empresas; lo que se ver\u00e1 reflejado en una fuerte generaci\u00f3n de empleos bien remunerados, logrando con ello, elevar la econom\u00eda y el bienestar de los bajacalifornianos.<\/p>\n<p>De igual manera, Kiko Vega, recalc\u00f3 la importancia que ha tenido el apoyo por parte de la federaci\u00f3n para alcanzar este convenio que el d\u00eda de hoy concluye con la firma de ambas partes, y as\u00ed se ven reflejadas las gestiones y el trabajo que se han realizado por parte del Gobierno del Estado en la federaci\u00f3n, poni\u00e9ndonos en un futuro no muy lejano como uno de los estados m\u00e1s competitivos del pa\u00eds.<\/p>\n<p>Por \u00faltimo, Vega de Lamadrid, invit\u00f3 al Secretario Ruiz Esparza y a su equipo de colaboradores a visitar Baja California en pr\u00f3ximas fechas, con la finalidad de certificar las obras planteadas en la reuni\u00f3n y a su vez darle seguimiento a otros proyectos que se han venido trabajando.<\/p>\n<p>En su participaci\u00f3n, el Secretario Gerardo Ruiz Esparza reconoci\u00f3 la labor que se ha hecho por ambas partes para lograr este convenio y estableci\u00f3 que es importante seguir detonando este tipo de proyectos que ayuda en el avance y desarrollo de M\u00e9xico y su competitividad econ\u00f3mica. Esto como parte de las acciones relevantes que la Secretar\u00eda de Comunicaciones ha estado impulsando en todo el pa\u00eds.<\/p>\n<p>En esta reuni\u00f3n estuvieron adem\u00e1s, el Coordinador General de Puertos y Marina Mercante, Guillermo Ruiz de Teresa; el Director General de API Ensenada, H\u00e9ctor Gonzalo Bautista; por parte del Gobierno del Estado acompa\u00f1aron al Gobernador el Secretario de Desarrollo Econ\u00f3mico, Carlo Bonfante Olache; el Subsecretario de dicha dependencia Alfredo Bab\u00fan Villareal, y el representante del Gobierno del Estado ante la CONAGO, Andr\u00e9s Tapia Leyva.<\/p>\n<p>Entrega proyectos estrat\u00e9gicos de todos los estados del pa\u00eds<\/p>\n<p>A su vez, Vega de Lamadrid, entreg\u00f3 al Secretario Ruiz Esparza, la totalidad de los proyectos que fueron recibidos por la coordinaci\u00f3n de la comisi\u00f3n de infraestructura, que \u00e9l mismo encabeza en la Conferencia Nacional de Gobernadores (CONAGO), con la finalidad de dar seguimiento a los mismos y lograr el apoyo que es necesario de la federaci\u00f3n. En esta carpeta, coment\u00f3 Vega de Lamadrid, se encuentran los proyectos prioritarios que ya se han venido trabajando con los Gobernadores de todo el territorio nacional, bajo el establecimiento de las 5 zonas en las que fue divido el trabajo y que a la fecha se han instalado en su totalidad.<\/p><\/div>\n","protected":false},"excerpt":{"rendered":"<p>El Gobernador del Estado, Francisco Kiko Vega de Lamadrid, sostuvo este mi\u00e9rcoles una importante reuni\u00f3n con el Secretario de Comunicaciones y Transportes del Gobierno de la Rep\u00fablica, Gerardo Ruiz Esparza, en donde se firm\u00f3,&#46;&#46;&#46;<\/p>\n","protected":false},"author":16,"featured_media":563,"comment_status":"open","ping_status":"open","sticky":false,"template":"","format":"standard","meta":{"_acf_changed":false,"om_disable_all_campaigns":false,"rop_custom_images_group":[],"rop_custom_messages_group":[],"rop_publish_now":"initial","rop_publish_now_accounts":{"twitter_242054905_242054905":""},"rop_publish_now_history":[],"rop_publish_now_status":"pending","_uf_show_specific_survey":0,"_uf_disable_surveys":false,"footnotes":""},"categories":[1],"tags":[],"class_list":["post-562","post","type-post","status-publish","format-standard","has-post-thumbnail","hentry","category-uncategorized"],"acf":[],"aioseo_notices":[],"yoast_head":"<!-- This site is optimized with the Yoast SEO Premium plugin v24.9 (Yoast SEO v27.2) - https:\/\/yoast.com\/product\/yoast-seo-premium-wordpress\/ -->\n<title>CONVENIO DE COLABORACI\u00d3N PARA INICIAR EL DESARROLLO DEL PUERTO EL SAUZAL EN BAJA CALIFORNIA - M\u00e9xico<\/title>\n<meta name=\"robots\" content=\"index, follow, max-snippet:-1, max-image-preview:large, max-video-preview:-1\" \/>\n<link rel=\"canonical\" href=\"https:\/\/noti-america.com\/site\/mexico\/2017\/10\/25\/convenio-de-colaboracion-para-iniciar-el-desarrollo-del-puerto-el-sauzal-en-baja-california\/\" \/>\n<meta property=\"og:locale\" content=\"es_ES\" \/>\n<meta property=\"og:type\" content=\"article\" \/>\n<meta property=\"og:title\" content=\"CONVENIO DE COLABORACI\u00d3N PARA INICIAR EL DESARROLLO DEL PUERTO EL SAUZAL EN BAJA CALIFORNIA\" \/>\n<meta property=\"og:description\" content=\"El Gobernador del Estado, Francisco Kiko Vega de Lamadrid, sostuvo este mi\u00e9rcoles una importante reuni\u00f3n con el Secretario de Comunicaciones y Transportes del Gobierno de la Rep\u00fablica, Gerardo Ruiz Esparza, en donde se firm\u00f3,&#046;&#046;&#046;\" \/>\n<meta property=\"og:url\" content=\"https:\/\/noti-america.com\/site\/mexico\/2017\/10\/25\/convenio-de-colaboracion-para-iniciar-el-desarrollo-del-puerto-el-sauzal-en-baja-california\/\" \/>\n<meta property=\"og:site_name\" content=\"M\u00e9xico\" \/>\n<meta property=\"article:published_time\" content=\"2017-10-25T20:38:15+00:00\" \/>\n<meta property=\"og:image\" content=\"https:\/\/noti-america.com\/site\/mexico\/wp-content\/uploads\/sites\/13\/2017\/10\/FAVL-SCT.jpg\" \/>\n\t<meta property=\"og:image:width\" content=\"530\" \/>\n\t<meta property=\"og:image:height\" content=\"285\" \/>\n\t<meta property=\"og:image:type\" content=\"image\/jpeg\" \/>\n<meta name=\"author\" content=\"Paloma Olachea\" \/>\n<meta name=\"twitter:card\" content=\"summary_large_image\" \/>\n<meta name=\"twitter:label1\" content=\"Escrito por\" \/>\n\t<meta name=\"twitter:data1\" content=\"Paloma Olachea\" \/>\n\t<meta name=\"twitter:label2\" content=\"Tiempo estimado de lectura\" \/>\n\t<meta name=\"twitter:data2\" content=\"3 minutos\" \/>\n<script type=\"application\/ld+json\" class=\"yoast-schema-graph\">{\"@context\":\"https:\/\/schema.org\",\"@graph\":[{\"@type\":\"Article\",\"@id\":\"https:\/\/noti-america.com\/site\/mexico\/2017\/10\/25\/convenio-de-colaboracion-para-iniciar-el-desarrollo-del-puerto-el-sauzal-en-baja-california\/#article\",\"isPartOf\":{\"@id\":\"https:\/\/noti-america.com\/site\/mexico\/2017\/10\/25\/convenio-de-colaboracion-para-iniciar-el-desarrollo-del-puerto-el-sauzal-en-baja-california\/\"},\"author\":{\"name\":\"Paloma Olachea\",\"@id\":\"https:\/\/noti-america.com\/site\/mexico\/#\/schema\/person\/0055de23daadb69055b7fe942f37dcf3\"},\"headline\":\"CONVENIO DE COLABORACI\u00d3N PARA INICIAR EL DESARROLLO DEL PUERTO EL SAUZAL EN BAJA CALIFORNIA\",\"datePublished\":\"2017-10-25T20:38:15+00:00\",\"mainEntityOfPage\":{\"@id\":\"https:\/\/noti-america.com\/site\/mexico\/2017\/10\/25\/convenio-de-colaboracion-para-iniciar-el-desarrollo-del-puerto-el-sauzal-en-baja-california\/\"},\"wordCount\":675,\"commentCount\":0,\"publisher\":{\"@id\":\"https:\/\/noti-america.com\/site\/mexico\/#organization\"},\"image\":{\"@id\":\"https:\/\/noti-america.com\/site\/mexico\/2017\/10\/25\/convenio-de-colaboracion-para-iniciar-el-desarrollo-del-puerto-el-sauzal-en-baja-california\/#primaryimage\"},\"thumbnailUrl\":\"https:\/\/noti-america.com\/site\/mexico\/wp-content\/uploads\/sites\/13\/2017\/10\/FAVL-SCT.jpg\",\"articleSection\":[\"Uncategorized\"],\"inLanguage\":\"es\",\"potentialAction\":[{\"@type\":\"CommentAction\",\"name\":\"Comment\",\"target\":[\"https:\/\/noti-america.com\/site\/mexico\/2017\/10\/25\/convenio-de-colaboracion-para-iniciar-el-desarrollo-del-puerto-el-sauzal-en-baja-california\/#respond\"]}]},{\"@type\":\"WebPage\",\"@id\":\"https:\/\/noti-america.com\/site\/mexico\/2017\/10\/25\/convenio-de-colaboracion-para-iniciar-el-desarrollo-del-puerto-el-sauzal-en-baja-california\/\",\"url\":\"https:\/\/noti-america.com\/site\/mexico\/2017\/10\/25\/convenio-de-colaboracion-para-iniciar-el-desarrollo-del-puerto-el-sauzal-en-baja-california\/\",\"name\":\"CONVENIO DE COLABORACI\u00d3N PARA INICIAR EL DESARROLLO DEL PUERTO EL SAUZAL EN BAJA CALIFORNIA - M\u00e9xico\",\"isPartOf\":{\"@id\":\"https:\/\/noti-america.com\/site\/mexico\/#website\"},\"primaryImageOfPage\":{\"@id\":\"https:\/\/noti-america.com\/site\/mexico\/2017\/10\/25\/convenio-de-colaboracion-para-iniciar-el-desarrollo-del-puerto-el-sauzal-en-baja-california\/#primaryimage\"},\"image\":{\"@id\":\"https:\/\/noti-america.com\/site\/mexico\/2017\/10\/25\/convenio-de-colaboracion-para-iniciar-el-desarrollo-del-puerto-el-sauzal-en-baja-california\/#primaryimage\"},\"thumbnailUrl\":\"https:\/\/noti-america.com\/site\/mexico\/wp-content\/uploads\/sites\/13\/2017\/10\/FAVL-SCT.jpg\",\"datePublished\":\"2017-10-25T20:38:15+00:00\",\"breadcrumb\":{\"@id\":\"https:\/\/noti-america.com\/site\/mexico\/2017\/10\/25\/convenio-de-colaboracion-para-iniciar-el-desarrollo-del-puerto-el-sauzal-en-baja-california\/#breadcrumb\"},\"inLanguage\":\"es\",\"potentialAction\":[{\"@type\":\"ReadAction\",\"target\":[\"https:\/\/noti-america.com\/site\/mexico\/2017\/10\/25\/convenio-de-colaboracion-para-iniciar-el-desarrollo-del-puerto-el-sauzal-en-baja-california\/\"]}]},{\"@type\":\"ImageObject\",\"inLanguage\":\"es\",\"@id\":\"https:\/\/noti-america.com\/site\/mexico\/2017\/10\/25\/convenio-de-colaboracion-para-iniciar-el-desarrollo-del-puerto-el-sauzal-en-baja-california\/#primaryimage\",\"url\":\"https:\/\/noti-america.com\/site\/mexico\/wp-content\/uploads\/sites\/13\/2017\/10\/FAVL-SCT.jpg\",\"contentUrl\":\"https:\/\/noti-america.com\/site\/mexico\/wp-content\/uploads\/sites\/13\/2017\/10\/FAVL-SCT.jpg\",\"width\":530,\"height\":285},{\"@type\":\"BreadcrumbList\",\"@id\":\"https:\/\/noti-america.com\/site\/mexico\/2017\/10\/25\/convenio-de-colaboracion-para-iniciar-el-desarrollo-del-puerto-el-sauzal-en-baja-california\/#breadcrumb\",\"itemListElement\":[{\"@type\":\"ListItem\",\"position\":1,\"name\":\"Portada\",\"item\":\"https:\/\/noti-america.com\/site\/mexico\/\"},{\"@type\":\"ListItem\",\"position\":2,\"name\":\"CONVENIO DE COLABORACI\u00d3N PARA INICIAR EL DESARROLLO DEL PUERTO EL SAUZAL EN BAJA CALIFORNIA\"}]},{\"@type\":\"WebSite\",\"@id\":\"https:\/\/noti-america.com\/site\/mexico\/#website\",\"url\":\"https:\/\/noti-america.com\/site\/mexico\/\",\"name\":\"M\u00e9xico | Noti-America.com\",\"description\":\"\",\"publisher\":{\"@id\":\"https:\/\/noti-america.com\/site\/mexico\/#organization\"},\"potentialAction\":[{\"@type\":\"SearchAction\",\"target\":{\"@type\":\"EntryPoint\",\"urlTemplate\":\"https:\/\/noti-america.com\/site\/mexico\/?s={search_term_string}\"},\"query-input\":{\"@type\":\"PropertyValueSpecification\",\"valueRequired\":true,\"valueName\":\"search_term_string\"}}],\"inLanguage\":\"es\"},{\"@type\":\"Organization\",\"@id\":\"https:\/\/noti-america.com\/site\/mexico\/#organization\",\"name\":\"Noti-America LLC | M\u00e9xico\",\"url\":\"https:\/\/noti-america.com\/site\/mexico\/\",\"logo\":{\"@type\":\"ImageObject\",\"inLanguage\":\"es\",\"@id\":\"https:\/\/noti-america.com\/site\/mexico\/#\/schema\/logo\/image\/\",\"url\":\"https:\/\/noti-america.com\/site\/mexico\/wp-content\/uploads\/sites\/13\/2020\/07\/LogoNA-4x3-1.jpg\",\"contentUrl\":\"https:\/\/noti-america.com\/site\/mexico\/wp-content\/uploads\/sites\/13\/2020\/07\/LogoNA-4x3-1.jpg\",\"width\":1236,\"height\":1080,\"caption\":\"Noti-America LLC | M\u00e9xico\"},\"image\":{\"@id\":\"https:\/\/noti-america.com\/site\/mexico\/#\/schema\/logo\/image\/\"}},{\"@type\":\"Person\",\"@id\":\"https:\/\/noti-america.com\/site\/mexico\/#\/schema\/person\/0055de23daadb69055b7fe942f37dcf3\",\"name\":\"Paloma Olachea\",\"image\":{\"@type\":\"ImageObject\",\"inLanguage\":\"es\",\"@id\":\"https:\/\/secure.gravatar.com\/avatar\/bdea3a4c796d2085779e77a5d654205f160117a0245752e5d3a2230b2f1e9cce?s=96&d=mm&r=g\",\"url\":\"https:\/\/secure.gravatar.com\/avatar\/bdea3a4c796d2085779e77a5d654205f160117a0245752e5d3a2230b2f1e9cce?s=96&d=mm&r=g\",\"contentUrl\":\"https:\/\/secure.gravatar.com\/avatar\/bdea3a4c796d2085779e77a5d654205f160117a0245752e5d3a2230b2f1e9cce?s=96&d=mm&r=g\",\"caption\":\"Paloma Olachea\"},\"description\":\"Egresada de La Universidad Aut\u00f3noma de Baja California Sur, en la Licenciatura de Comunicaci\u00f3n, donde aprendi\u00f3 de los grandes maestros de esta M\u00e1xima Casa de Estudios como lo son: La Maestra Brenda Ramirez, Maestra Rossana Almada, Aletxe Almada, Lic. Francisco Fuentes, Profr. Carrillo de Fotograf\u00eda, Dr. Ruben Olachea , critica cinematogr\u00e1fica en Diplomados, Padre Juan Gom\u00e9z, en el cual desarrollo los temas mas importantes de comunicaci\u00f3n Social y sus teor\u00edas, en el transcurso de estudios, realizo su servicio y practicas profesionales, en la Unidad de Atenci\u00f3n Ciudadana del Gobierno del Estado de Baja California Sur, como asistente de la Lic. Nilda Moreno Armenta, Jefa de departamento de control y gesti\u00f3n Gubernamental en el tiempo de el Lic. Sergio Barron Pinto quien era el Director de la instituci\u00f3n gubernamental. Directora de Click Fotograf\u00eda explica con detalle que ha trabajado para grandes industrias como La Revista Bajacalifornianos.net con el Empresario Edgar Barrag\u00e1n, donde se formo por primera vez en el \u00e1mbito Fotogr\u00e1fico en la Secci\u00f3n Sociales y Ciencia BCS, en la Empresa Metamorphosis de Lic. Yamel Arti\u00f1o, mercadologa, aprendi\u00f3 los diversos temas y t\u00e9cnicas en el ramo de la Mercadotecnia para diferentes empresas y la mas importante para la compa\u00f1\u00eda Telcel, contratada por la Gran Mujer Lic. Cristina Flores, propietaria de Anuncios y Letreros el autodominio, fortaleza y emprendedora al activarse con una comunicaci\u00f3n eficaz, una gran maestra y a la vez una mujer que no se limita a ning\u00fan trabajo publicitario, El Ing. Gerardo Valenzuela de la Empresa Radiof\u00f3nica Radio Mochis Sinaloa y Director de la Revista ABC, el cual tiene un gran aprecio aparte de maestro, Padrino, en el cual ella aprendi\u00f3 a desarrollarse en el \u00e1mbito period\u00edstico, a conocer mas a los grandes ilustres y corresponsales de diferentes medios, en otro punto importante le ha permitido desarrollarse durante 7 a\u00f1os en el \u00e1mbito de programas de edici\u00f3n publicitaria y ahora forma parte de la Asociaci\u00f3n Radio Pace\u00f1ita, Realiza el dise\u00f1o actual de la Revista La Discapacidad en Acci\u00f3n de el C. Francisco Diaz Zu\u00f1iga, entre otras trabajar en el \u00e1rea de ventas con la Dise\u00f1adora Gr\u00e1fica Carmen Wences, en el cual tambi\u00e9n obtuvo asesoramiento y preparaci\u00f3n, entre los medios period\u00edsticos laboro para Mauricio Diaz anterior Director Peninsular Digital, en diversas notas y obtuvo el cambio al \u00e1rea de estad\u00edstica. En la Delegaci\u00f3n de Cabo San Lucas Trabajo con el C. Lucio Chavira propietario de Los Cabos Tve el cual ve como su padre quien le dio apoyo, familia y le dio capacitaci\u00f3n en fotogr\u00e1fica La C. Julia Ruiz de Chavira, ademas de laborar con el Lic. Ricardo del Rio en diversos trabajos de video y edici\u00f3n. Entre sus tantas Actividades labora para La Secretaria de Educaci\u00f3n Publica, primeramente en el Subsistema de Escuelas T\u00e9cnicas y as\u00ed pasado al Subsistema de Telesecundaria, En el DIF Estatal de Baja California Sur, como tallerista y en los Negocios de Banner Publicitario, Alder Dise\u00f1o y Casa Productora Pitahaya Productions como Propietaria, de antemano destacamos una opci\u00f3n mas laboral en el Medio Digital Noti America en el cual su Jefe Rafael Pi\u00f1a Loaiza le da la oportunidad de dar a conocer las noticias a nivel internacional destacando primordial mente su pa\u00eds natal Mexico.\",\"url\":\"https:\/\/noti-america.com\/site\/mexico\/author\/polachea\/\"}]}<\/script>\n<!-- \/ Yoast SEO Premium plugin. -->","yoast_head_json":{"title":"CONVENIO DE COLABORACI\u00d3N PARA INICIAR EL DESARROLLO DEL PUERTO EL SAUZAL EN BAJA CALIFORNIA - M\u00e9xico","robots":{"index":"index","follow":"follow","max-snippet":"max-snippet:-1","max-image-preview":"max-image-preview:large","max-video-preview":"max-video-preview:-1"},"canonical":"https:\/\/noti-america.com\/site\/mexico\/2017\/10\/25\/convenio-de-colaboracion-para-iniciar-el-desarrollo-del-puerto-el-sauzal-en-baja-california\/","og_locale":"es_ES","og_type":"article","og_title":"CONVENIO DE COLABORACI\u00d3N PARA INICIAR EL DESARROLLO DEL PUERTO EL SAUZAL EN BAJA CALIFORNIA","og_description":"El Gobernador del Estado, Francisco Kiko Vega de Lamadrid, sostuvo este mi\u00e9rcoles una importante reuni\u00f3n con el Secretario de Comunicaciones y Transportes del Gobierno de la Rep\u00fablica, Gerardo Ruiz Esparza, en donde se firm\u00f3,&#46;&#46;&#46;","og_url":"https:\/\/noti-america.com\/site\/mexico\/2017\/10\/25\/convenio-de-colaboracion-para-iniciar-el-desarrollo-del-puerto-el-sauzal-en-baja-california\/","og_site_name":"M\u00e9xico","article_published_time":"2017-10-25T20:38:15+00:00","og_image":[{"width":530,"height":285,"url":"https:\/\/noti-america.com\/site\/mexico\/wp-content\/uploads\/sites\/13\/2017\/10\/FAVL-SCT.jpg","type":"image\/jpeg"}],"author":"Paloma Olachea","twitter_card":"summary_large_image","twitter_misc":{"Escrito por":"Paloma Olachea","Tiempo estimado de lectura":"3 minutos"},"schema":{"@context":"https:\/\/schema.org","@graph":[{"@type":"Article","@id":"https:\/\/noti-america.com\/site\/mexico\/2017\/10\/25\/convenio-de-colaboracion-para-iniciar-el-desarrollo-del-puerto-el-sauzal-en-baja-california\/#article","isPartOf":{"@id":"https:\/\/noti-america.com\/site\/mexico\/2017\/10\/25\/convenio-de-colaboracion-para-iniciar-el-desarrollo-del-puerto-el-sauzal-en-baja-california\/"},"author":{"name":"Paloma Olachea","@id":"https:\/\/noti-america.com\/site\/mexico\/#\/schema\/person\/0055de23daadb69055b7fe942f37dcf3"},"headline":"CONVENIO DE COLABORACI\u00d3N PARA INICIAR EL DESARROLLO DEL PUERTO EL SAUZAL EN BAJA CALIFORNIA","datePublished":"2017-10-25T20:38:15+00:00","mainEntityOfPage":{"@id":"https:\/\/noti-america.com\/site\/mexico\/2017\/10\/25\/convenio-de-colaboracion-para-iniciar-el-desarrollo-del-puerto-el-sauzal-en-baja-california\/"},"wordCount":675,"commentCount":0,"publisher":{"@id":"https:\/\/noti-america.com\/site\/mexico\/#organization"},"image":{"@id":"https:\/\/noti-america.com\/site\/mexico\/2017\/10\/25\/convenio-de-colaboracion-para-iniciar-el-desarrollo-del-puerto-el-sauzal-en-baja-california\/#primaryimage"},"thumbnailUrl":"https:\/\/noti-america.com\/site\/mexico\/wp-content\/uploads\/sites\/13\/2017\/10\/FAVL-SCT.jpg","articleSection":["Uncategorized"],"inLanguage":"es","potentialAction":[{"@type":"CommentAction","name":"Comment","target":["https:\/\/noti-america.com\/site\/mexico\/2017\/10\/25\/convenio-de-colaboracion-para-iniciar-el-desarrollo-del-puerto-el-sauzal-en-baja-california\/#respond"]}]},{"@type":"WebPage","@id":"https:\/\/noti-america.com\/site\/mexico\/2017\/10\/25\/convenio-de-colaboracion-para-iniciar-el-desarrollo-del-puerto-el-sauzal-en-baja-california\/","url":"https:\/\/noti-america.com\/site\/mexico\/2017\/10\/25\/convenio-de-colaboracion-para-iniciar-el-desarrollo-del-puerto-el-sauzal-en-baja-california\/","name":"CONVENIO DE COLABORACI\u00d3N PARA INICIAR EL DESARROLLO DEL PUERTO EL SAUZAL EN BAJA CALIFORNIA - M\u00e9xico","isPartOf":{"@id":"https:\/\/noti-america.com\/site\/mexico\/#website"},"primaryImageOfPage":{"@id":"https:\/\/noti-america.com\/site\/mexico\/2017\/10\/25\/convenio-de-colaboracion-para-iniciar-el-desarrollo-del-puerto-el-sauzal-en-baja-california\/#primaryimage"},"image":{"@id":"https:\/\/noti-america.com\/site\/mexico\/2017\/10\/25\/convenio-de-colaboracion-para-iniciar-el-desarrollo-del-puerto-el-sauzal-en-baja-california\/#primaryimage"},"thumbnailUrl":"https:\/\/noti-america.com\/site\/mexico\/wp-content\/uploads\/sites\/13\/2017\/10\/FAVL-SCT.jpg","datePublished":"2017-10-25T20:38:15+00:00","breadcrumb":{"@id":"https:\/\/noti-america.com\/site\/mexico\/2017\/10\/25\/convenio-de-colaboracion-para-iniciar-el-desarrollo-del-puerto-el-sauzal-en-baja-california\/#breadcrumb"},"inLanguage":"es","potentialAction":[{"@type":"ReadAction","target":["https:\/\/noti-america.com\/site\/mexico\/2017\/10\/25\/convenio-de-colaboracion-para-iniciar-el-desarrollo-del-puerto-el-sauzal-en-baja-california\/"]}]},{"@type":"ImageObject","inLanguage":"es","@id":"https:\/\/noti-america.com\/site\/mexico\/2017\/10\/25\/convenio-de-colaboracion-para-iniciar-el-desarrollo-del-puerto-el-sauzal-en-baja-california\/#primaryimage","url":"https:\/\/noti-america.com\/site\/mexico\/wp-content\/uploads\/sites\/13\/2017\/10\/FAVL-SCT.jpg","contentUrl":"https:\/\/noti-america.com\/site\/mexico\/wp-content\/uploads\/sites\/13\/2017\/10\/FAVL-SCT.jpg","width":530,"height":285},{"@type":"BreadcrumbList","@id":"https:\/\/noti-america.com\/site\/mexico\/2017\/10\/25\/convenio-de-colaboracion-para-iniciar-el-desarrollo-del-puerto-el-sauzal-en-baja-california\/#breadcrumb","itemListElement":[{"@type":"ListItem","position":1,"name":"Portada","item":"https:\/\/noti-america.com\/site\/mexico\/"},{"@type":"ListItem","position":2,"name":"CONVENIO DE COLABORACI\u00d3N PARA INICIAR EL DESARROLLO DEL PUERTO EL SAUZAL EN BAJA CALIFORNIA"}]},{"@type":"WebSite","@id":"https:\/\/noti-america.com\/site\/mexico\/#website","url":"https:\/\/noti-america.com\/site\/mexico\/","name":"M\u00e9xico | Noti-America.com","description":"","publisher":{"@id":"https:\/\/noti-america.com\/site\/mexico\/#organization"},"potentialAction":[{"@type":"SearchAction","target":{"@type":"EntryPoint","urlTemplate":"https:\/\/noti-america.com\/site\/mexico\/?s={search_term_string}"},"query-input":{"@type":"PropertyValueSpecification","valueRequired":true,"valueName":"search_term_string"}}],"inLanguage":"es"},{"@type":"Organization","@id":"https:\/\/noti-america.com\/site\/mexico\/#organization","name":"Noti-America LLC | M\u00e9xico","url":"https:\/\/noti-america.com\/site\/mexico\/","logo":{"@type":"ImageObject","inLanguage":"es","@id":"https:\/\/noti-america.com\/site\/mexico\/#\/schema\/logo\/image\/","url":"https:\/\/noti-america.com\/site\/mexico\/wp-content\/uploads\/sites\/13\/2020\/07\/LogoNA-4x3-1.jpg","contentUrl":"https:\/\/noti-america.com\/site\/mexico\/wp-content\/uploads\/sites\/13\/2020\/07\/LogoNA-4x3-1.jpg","width":1236,"height":1080,"caption":"Noti-America LLC | M\u00e9xico"},"image":{"@id":"https:\/\/noti-america.com\/site\/mexico\/#\/schema\/logo\/image\/"}},{"@type":"Person","@id":"https:\/\/noti-america.com\/site\/mexico\/#\/schema\/person\/0055de23daadb69055b7fe942f37dcf3","name":"Paloma Olachea","image":{"@type":"ImageObject","inLanguage":"es","@id":"https:\/\/secure.gravatar.com\/avatar\/bdea3a4c796d2085779e77a5d654205f160117a0245752e5d3a2230b2f1e9cce?s=96&d=mm&r=g","url":"https:\/\/secure.gravatar.com\/avatar\/bdea3a4c796d2085779e77a5d654205f160117a0245752e5d3a2230b2f1e9cce?s=96&d=mm&r=g","contentUrl":"https:\/\/secure.gravatar.com\/avatar\/bdea3a4c796d2085779e77a5d654205f160117a0245752e5d3a2230b2f1e9cce?s=96&d=mm&r=g","caption":"Paloma Olachea"},"description":"Egresada de La Universidad Aut\u00f3noma de Baja California Sur, en la Licenciatura de Comunicaci\u00f3n, donde aprendi\u00f3 de los grandes maestros de esta M\u00e1xima Casa de Estudios como lo son: La Maestra Brenda Ramirez, Maestra Rossana Almada, Aletxe Almada, Lic. Francisco Fuentes, Profr. Carrillo de Fotograf\u00eda, Dr. Ruben Olachea , critica cinematogr\u00e1fica en Diplomados, Padre Juan Gom\u00e9z, en el cual desarrollo los temas mas importantes de comunicaci\u00f3n Social y sus teor\u00edas, en el transcurso de estudios, realizo su servicio y practicas profesionales, en la Unidad de Atenci\u00f3n Ciudadana del Gobierno del Estado de Baja California Sur, como asistente de la Lic. Nilda Moreno Armenta, Jefa de departamento de control y gesti\u00f3n Gubernamental en el tiempo de el Lic. Sergio Barron Pinto quien era el Director de la instituci\u00f3n gubernamental. Directora de Click Fotograf\u00eda explica con detalle que ha trabajado para grandes industrias como La Revista Bajacalifornianos.net con el Empresario Edgar Barrag\u00e1n, donde se formo por primera vez en el \u00e1mbito Fotogr\u00e1fico en la Secci\u00f3n Sociales y Ciencia BCS, en la Empresa Metamorphosis de Lic. Yamel Arti\u00f1o, mercadologa, aprendi\u00f3 los diversos temas y t\u00e9cnicas en el ramo de la Mercadotecnia para diferentes empresas y la mas importante para la compa\u00f1\u00eda Telcel, contratada por la Gran Mujer Lic. Cristina Flores, propietaria de Anuncios y Letreros el autodominio, fortaleza y emprendedora al activarse con una comunicaci\u00f3n eficaz, una gran maestra y a la vez una mujer que no se limita a ning\u00fan trabajo publicitario, El Ing. Gerardo Valenzuela de la Empresa Radiof\u00f3nica Radio Mochis Sinaloa y Director de la Revista ABC, el cual tiene un gran aprecio aparte de maestro, Padrino, en el cual ella aprendi\u00f3 a desarrollarse en el \u00e1mbito period\u00edstico, a conocer mas a los grandes ilustres y corresponsales de diferentes medios, en otro punto importante le ha permitido desarrollarse durante 7 a\u00f1os en el \u00e1mbito de programas de edici\u00f3n publicitaria y ahora forma parte de la Asociaci\u00f3n Radio Pace\u00f1ita, Realiza el dise\u00f1o actual de la Revista La Discapacidad en Acci\u00f3n de el C. Francisco Diaz Zu\u00f1iga, entre otras trabajar en el \u00e1rea de ventas con la Dise\u00f1adora Gr\u00e1fica Carmen Wences, en el cual tambi\u00e9n obtuvo asesoramiento y preparaci\u00f3n, entre los medios period\u00edsticos laboro para Mauricio Diaz anterior Director Peninsular Digital, en diversas notas y obtuvo el cambio al \u00e1rea de estad\u00edstica. En la Delegaci\u00f3n de Cabo San Lucas Trabajo con el C. Lucio Chavira propietario de Los Cabos Tve el cual ve como su padre quien le dio apoyo, familia y le dio capacitaci\u00f3n en fotogr\u00e1fica La C. Julia Ruiz de Chavira, ademas de laborar con el Lic. Ricardo del Rio en diversos trabajos de video y edici\u00f3n. Entre sus tantas Actividades labora para La Secretaria de Educaci\u00f3n Publica, primeramente en el Subsistema de Escuelas T\u00e9cnicas y as\u00ed pasado al Subsistema de Telesecundaria, En el DIF Estatal de Baja California Sur, como tallerista y en los Negocios de Banner Publicitario, Alder Dise\u00f1o y Casa Productora Pitahaya Productions como Propietaria, de antemano destacamos una opci\u00f3n mas laboral en el Medio Digital Noti America en el cual su Jefe Rafael Pi\u00f1a Loaiza le da la oportunidad de dar a conocer las noticias a nivel internacional destacando primordial mente su pa\u00eds natal Mexico.","url":"https:\/\/noti-america.com\/site\/mexico\/author\/polachea\/"}]}},"_links":{"self":[{"href":"https:\/\/noti-america.com\/site\/mexico\/wp-json\/wp\/v2\/posts\/562","targetHints":{"allow":["GET"]}}],"collection":[{"href":"https:\/\/noti-america.com\/site\/mexico\/wp-json\/wp\/v2\/posts"}],"about":[{"href":"https:\/\/noti-america.com\/site\/mexico\/wp-json\/wp\/v2\/types\/post"}],"author":[{"embeddable":true,"href":"https:\/\/noti-america.com\/site\/mexico\/wp-json\/wp\/v2\/users\/16"}],"replies":[{"embeddable":true,"href":"https:\/\/noti-america.com\/site\/mexico\/wp-json\/wp\/v2\/comments?post=562"}],"version-history":[{"count":1,"href":"https:\/\/noti-america.com\/site\/mexico\/wp-json\/wp\/v2\/posts\/562\/revisions"}],"predecessor-version":[{"id":564,"href":"https:\/\/noti-america.com\/site\/mexico\/wp-json\/wp\/v2\/posts\/562\/revisions\/564"}],"wp:featuredmedia":[{"embeddable":true,"href":"https:\/\/noti-america.com\/site\/mexico\/wp-json\/wp\/v2\/media\/563"}],"wp:attachment":[{"href":"https:\/\/noti-america.com\/site\/mexico\/wp-json\/wp\/v2\/media?parent=562"}],"wp:term":[{"taxonomy":"category","embeddable":true,"href":"https:\/\/noti-america.com\/site\/mexico\/wp-json\/wp\/v2\/categories?post=562"},{"taxonomy":"post_tag","embeddable":true,"href":"https:\/\/noti-america.com\/site\/mexico\/wp-json\/wp\/v2\/tags?post=562"}],"curies":[{"name":"wp","href":"https:\/\/api.w.org\/{rel}","templated":true}]}}