{"id":5585,"date":"2020-09-13T14:52:10","date_gmt":"2020-09-13T14:52:10","guid":{"rendered":"https:\/\/noti-america.com\/site\/mexico\/2020\/09\/13\/mexico-donde-esta-el-piloto\/"},"modified":"2020-09-13T18:52:17","modified_gmt":"2020-09-13T18:52:17","slug":"mexico-donde-esta-el-piloto","status":"publish","type":"post","link":"https:\/\/noti-america.com\/site\/mexico\/2020\/09\/13\/mexico-donde-esta-el-piloto\/","title":{"rendered":"\u00bfM\u00e9xico , donde est\u00e1 el piloto ?"},"content":{"rendered":"<p><strong>NOTI-AMERICA.COM (MEXICO)<\/strong><\/p>\n<p><img loading=\"lazy\" decoding=\"async\" class=\"alignnone size-medium wp-image-5533 aligncenter\" src=\"https:\/\/noti-america.com\/site\/mexico\/wp-content\/uploads\/sites\/13\/2020\/09\/JUAN-VALENZUELA-2020-07-05-13-27-04-283x300.jpg\" alt=\"\" width=\"283\" height=\"300\" srcset=\"https:\/\/noti-america.com\/site\/mexico\/wp-content\/uploads\/sites\/13\/2020\/09\/JUAN-VALENZUELA-2020-07-05-13-27-04-283x300.jpg 283w, https:\/\/noti-america.com\/site\/mexico\/wp-content\/uploads\/sites\/13\/2020\/09\/JUAN-VALENZUELA-2020-07-05-13-27-04.jpg 339w\" sizes=\"auto, (max-width: 283px) 100vw, 283px\" \/><\/p>\n<p style=\"text-align: center;\"><strong>\u00a0\u00bfM\u00e9xico , donde est\u00e1 el piloto ?<\/strong><\/p>\n<p>Ante el fracaso de la rifa del avi\u00f3n presidencial, el gobierno presiona a trabajadores del INFONAVIT y de otras dependencias o a personas de la 3a edad que reciben jubilaciones, para que compren billetes de la seudo venta del avi\u00f3n presidencial, lo que podr\u00eda tipificar el delito de \u201cabuso de autoridad\u201d en el art\u00edculo 215 del C\u00f3digo Penal Federal.<\/p>\n<p>En una movida pol\u00edtica interna, El 8 de septiembre reci\u00e9n pasado, 10 Gobernadores que conforman la Alianza Federalista dejaron la Conferencia Nacional de Gobernadores (Conago), al acusar al presidente Andr\u00e9s Manuel L\u00f3pez Obrador de poner en riesgo la democracia y atizar la confrontaci\u00f3n pol\u00edtica desde sus conferencias ma\u00f1aneras,<\/p>\n<p>\u00abAunado a la pandemia, vivimos un momento pol\u00edtico delicado, que asoma una intenci\u00f3n de concentraci\u00f3n de poder inadmisible, de asomo de autoritarismo que vulnera la democracia. A casi dos a\u00f1os de ejercicio de Gobierno del presidente Andr\u00e9s Manuel L\u00f3pez Obrador, se vuelven desafortunadas las declaraciones donde la Oposici\u00f3n aparece como un enemigo a vencer\u00bb, plante\u00f3 el panista Javier Corral, Gobernador de Chihuahua.<\/p>\n<p>Una se\u00f1al de la visi\u00f3n de la econom\u00eda de AMLO, fue la cancelaci\u00f3n de la construcci\u00f3n del Aeropuerto de Texcoco, valuada en unos 13,000 millones de d\u00f3lares, bas\u00e1ndose en los resultados de una criticada consulta popular organizada por su propio partido.<\/p>\n<p>Para cancelar m\u00e1s de 600 contratos que quedaron en el limbo, se tuvieron que pagar unos 13,000 millones de pesos (USD 603 millones). En su lugar se har\u00e1 un espacio para eventos y deportes, m\u00e1s del doble del tama\u00f1o del Central Park de Nueva York.<\/p>\n<p>Ante esta cancelaci\u00f3n, AMLO decide construir el nuevo Aeropuerto de Santa Lucia, que para Forbes M\u00e9xico. \u201ccarece de estudios ambientales, no cuenta con los requerimientos t\u00e9cnicos, ni la capacidad o ubicaci\u00f3n ideales.\u201d<\/p>\n<p>En su manejo de la salud p\u00fablica y ante la grave crisis de empleo, Hugo L\u00f3pez-Gatell, Director General Adjunto de Epidemiolog\u00eda de la \u00a0Secretar\u00eda de Salud , avanza con su \u201cley Gatell\u201d, que proh\u00edbe la venta, distribuci\u00f3n y donaci\u00f3n de alimentos con alto contenido cal\u00f3rico y bebidas azucaradas a menores de edad, la cual proh\u00edbe, incluso en compa\u00f1\u00eda de sus padres, \u00a0que alguien menor de 18 a\u00f1os compre papas, refresco o sopa de pasta, entre otros productos, pero no que adquiera\u00a0 agua dulce de sabor o papas fritas en la calle.<\/p>\n<p>Es un claro ataque contra las empresas y los cientos de miles de empleados que representa esta industria y contra el 60% de los ingresos de las tiendas de conveniencia y de las llamadas \u201ctienditas\u201d cuyos ingresos provienen de productos de este tipo.<\/p>\n<p>Resulta curiosa esta prohibici\u00f3n, ya que alguien menor de edad pueda cambiarse de sexo, recordando el famoso caso de Sophia el 2017, \u00a0que con s\u00f3lo 6 a\u00f1os pudo cambiar su nombre y sexo.<\/p>\n<p>Esto de prohibir no es nuevo ya que bajo el mandato de Bachelet en Chile se cre\u00f3 una legislaci\u00f3n de sellos informativos en los alimentos y cuyos resultados fueron exactamente lo contrario, subi\u00f3 la obesidad y qued\u00f3 como el \u00fanico pa\u00eds del mundo donde la venta de Kinder Sorpresas est\u00e1 prohibido.<\/p>\n<p>En cifras Macro, repunta inflaci\u00f3n a pesar de recesi\u00f3n con una tasa de inflaci\u00f3n anual que se ubic\u00f3 en 3.99 por ciento en la primera quincena de agosto, pese a la abrupta ca\u00edda de la econom\u00eda y por lado los analistas prev\u00e9n una ca\u00edda de 9.9% en PIB de M\u00e9xico para este 2020, en lugar del -8.80 por ciento, como se previ\u00f3 en junio.<\/p>\n<p>En M\u00e9xico una de las principales amenazas contra la propiedad privada es la total y absoluta discrecionalidad del gobierno para determinar qu\u00e9 impuestos cobrar, a qu\u00e9 tasa y a qui\u00e9n.<\/p>\n<p>Legisladores de Morena, est\u00e1n creando un nuevo impuesto para gravar las herencias. De aprobarse dicho impuesto se estar\u00eda gravando la generaci\u00f3n del ingreso, el gasto del ingreso, el ahorro del ingreso, y la cesi\u00f3n del ingreso.<\/p>\n<p>Juan Ignacio Valenzuela. Consultor empresarial y analista internacional<\/p>\n<p>Youtube : LATINMARKETS\u00a0 <a href=\"https:\/\/www.youtube.com\/channel\/UCiWWC4eIE2o5m2x-IxvlJfg\">https:\/\/www.youtube.com\/channel\/UCiWWC4eIE2o5m2x-IxvlJfg<\/a>\u00a0\u00a0\u00a0\u00a0\u00a0\u00a0\u00a0\u00a0\u00a0\u00a0\u00a0\u00a0\u00a0\u00a0\u00a0\u00a0\u00a0\u00a0\u00a0\u00a0\u00a0 Email: latinmarketsnews@gmail.com , Facebook : Latinmarkets<\/p>\n","protected":false},"excerpt":{"rendered":"<p>NOTI-AMERICA.COM (MEXICO) \u00a0\u00bfM\u00e9xico , donde est\u00e1 el piloto ? Ante el fracaso de la rifa del avi\u00f3n presidencial, el gobierno presiona a trabajadores del INFONAVIT y de otras dependencias o a personas de la&#46;&#46;&#46;<\/p>\n","protected":false},"author":2,"featured_media":5587,"comment_status":"open","ping_status":"open","sticky":false,"template":"","format":"standard","meta":{"_acf_changed":false,"om_disable_all_campaigns":false,"rop_custom_images_group":[],"rop_custom_messages_group":[],"rop_publish_now":"initial","rop_publish_now_accounts":{"twitter_242054905_242054905":""},"rop_publish_now_history":[],"rop_publish_now_status":"pending","_uf_show_specific_survey":0,"_uf_disable_surveys":false,"footnotes":""},"categories":[337],"tags":[],"class_list":["post-5585","post","type-post","status-publish","format-standard","has-post-thumbnail","hentry","category-noticias"],"acf":[],"aioseo_notices":[],"yoast_head":"<!-- This site is optimized with the Yoast SEO Premium plugin v24.9 (Yoast SEO v27.2) - https:\/\/yoast.com\/product\/yoast-seo-premium-wordpress\/ -->\n<title>\u00bfM\u00e9xico , donde est\u00e1 el piloto ? - M\u00e9xico<\/title>\n<meta name=\"robots\" content=\"index, follow, max-snippet:-1, max-image-preview:large, max-video-preview:-1\" \/>\n<link rel=\"canonical\" href=\"https:\/\/noti-america.com\/site\/mexico\/2020\/09\/13\/mexico-donde-esta-el-piloto\/\" \/>\n<meta property=\"og:locale\" content=\"es_ES\" \/>\n<meta property=\"og:type\" content=\"article\" \/>\n<meta property=\"og:title\" content=\"\u00bfM\u00e9xico , donde est\u00e1 el piloto ?\" \/>\n<meta property=\"og:description\" content=\"NOTI-AMERICA.COM (MEXICO) \u00a0\u00bfM\u00e9xico , donde est\u00e1 el piloto ? Ante el fracaso de la rifa del avi\u00f3n presidencial, el gobierno presiona a trabajadores del INFONAVIT y de otras dependencias o a personas de la&#046;&#046;&#046;\" \/>\n<meta property=\"og:url\" content=\"https:\/\/noti-america.com\/site\/mexico\/2020\/09\/13\/mexico-donde-esta-el-piloto\/\" \/>\n<meta property=\"og:site_name\" content=\"M\u00e9xico\" \/>\n<meta property=\"article:published_time\" content=\"2020-09-13T14:52:10+00:00\" \/>\n<meta property=\"article:modified_time\" content=\"2020-09-13T18:52:17+00:00\" \/>\n<meta property=\"og:image\" content=\"https:\/\/noti-america.com\/site\/mexico\/wp-content\/uploads\/sites\/13\/2020\/09\/JUAN-VALENZUELA-2020-07-05-13-27-04.jpg\" \/>\n\t<meta property=\"og:image:width\" content=\"339\" \/>\n\t<meta property=\"og:image:height\" content=\"359\" \/>\n\t<meta property=\"og:image:type\" content=\"image\/jpeg\" \/>\n<meta name=\"author\" content=\"rloaiza\" \/>\n<meta name=\"twitter:card\" content=\"summary_large_image\" \/>\n<meta name=\"twitter:label1\" content=\"Escrito por\" \/>\n\t<meta name=\"twitter:data1\" content=\"rloaiza\" \/>\n\t<meta name=\"twitter:label2\" content=\"Tiempo estimado de lectura\" \/>\n\t<meta name=\"twitter:data2\" content=\"4 minutos\" \/>\n<script type=\"application\/ld+json\" class=\"yoast-schema-graph\">{\"@context\":\"https:\/\/schema.org\",\"@graph\":[{\"@type\":\"Article\",\"@id\":\"https:\/\/noti-america.com\/site\/mexico\/2020\/09\/13\/mexico-donde-esta-el-piloto\/#article\",\"isPartOf\":{\"@id\":\"https:\/\/noti-america.com\/site\/mexico\/2020\/09\/13\/mexico-donde-esta-el-piloto\/\"},\"author\":{\"name\":\"rloaiza\",\"@id\":\"https:\/\/noti-america.com\/site\/mexico\/#\/schema\/person\/a2e478ba496331ce89bcd0c731cd6533\"},\"headline\":\"\u00bfM\u00e9xico , donde est\u00e1 el piloto ?\",\"datePublished\":\"2020-09-13T14:52:10+00:00\",\"dateModified\":\"2020-09-13T18:52:17+00:00\",\"mainEntityOfPage\":{\"@id\":\"https:\/\/noti-america.com\/site\/mexico\/2020\/09\/13\/mexico-donde-esta-el-piloto\/\"},\"wordCount\":724,\"commentCount\":0,\"publisher\":{\"@id\":\"https:\/\/noti-america.com\/site\/mexico\/#organization\"},\"image\":{\"@id\":\"https:\/\/noti-america.com\/site\/mexico\/2020\/09\/13\/mexico-donde-esta-el-piloto\/#primaryimage\"},\"thumbnailUrl\":\"https:\/\/noti-america.com\/site\/mexico\/wp-content\/uploads\/sites\/13\/2020\/09\/JUAN-VALENZUELA-2020-07-05-13-27-04.jpg\",\"articleSection\":[\"Noticias\"],\"inLanguage\":\"es\",\"potentialAction\":[{\"@type\":\"CommentAction\",\"name\":\"Comment\",\"target\":[\"https:\/\/noti-america.com\/site\/mexico\/2020\/09\/13\/mexico-donde-esta-el-piloto\/#respond\"]}]},{\"@type\":\"WebPage\",\"@id\":\"https:\/\/noti-america.com\/site\/mexico\/2020\/09\/13\/mexico-donde-esta-el-piloto\/\",\"url\":\"https:\/\/noti-america.com\/site\/mexico\/2020\/09\/13\/mexico-donde-esta-el-piloto\/\",\"name\":\"\u00bfM\u00e9xico , donde est\u00e1 el piloto ? - M\u00e9xico\",\"isPartOf\":{\"@id\":\"https:\/\/noti-america.com\/site\/mexico\/#website\"},\"primaryImageOfPage\":{\"@id\":\"https:\/\/noti-america.com\/site\/mexico\/2020\/09\/13\/mexico-donde-esta-el-piloto\/#primaryimage\"},\"image\":{\"@id\":\"https:\/\/noti-america.com\/site\/mexico\/2020\/09\/13\/mexico-donde-esta-el-piloto\/#primaryimage\"},\"thumbnailUrl\":\"https:\/\/noti-america.com\/site\/mexico\/wp-content\/uploads\/sites\/13\/2020\/09\/JUAN-VALENZUELA-2020-07-05-13-27-04.jpg\",\"datePublished\":\"2020-09-13T14:52:10+00:00\",\"dateModified\":\"2020-09-13T18:52:17+00:00\",\"breadcrumb\":{\"@id\":\"https:\/\/noti-america.com\/site\/mexico\/2020\/09\/13\/mexico-donde-esta-el-piloto\/#breadcrumb\"},\"inLanguage\":\"es\",\"potentialAction\":[{\"@type\":\"ReadAction\",\"target\":[\"https:\/\/noti-america.com\/site\/mexico\/2020\/09\/13\/mexico-donde-esta-el-piloto\/\"]}]},{\"@type\":\"ImageObject\",\"inLanguage\":\"es\",\"@id\":\"https:\/\/noti-america.com\/site\/mexico\/2020\/09\/13\/mexico-donde-esta-el-piloto\/#primaryimage\",\"url\":\"https:\/\/noti-america.com\/site\/mexico\/wp-content\/uploads\/sites\/13\/2020\/09\/JUAN-VALENZUELA-2020-07-05-13-27-04.jpg\",\"contentUrl\":\"https:\/\/noti-america.com\/site\/mexico\/wp-content\/uploads\/sites\/13\/2020\/09\/JUAN-VALENZUELA-2020-07-05-13-27-04.jpg\",\"width\":339,\"height\":359},{\"@type\":\"BreadcrumbList\",\"@id\":\"https:\/\/noti-america.com\/site\/mexico\/2020\/09\/13\/mexico-donde-esta-el-piloto\/#breadcrumb\",\"itemListElement\":[{\"@type\":\"ListItem\",\"position\":1,\"name\":\"Portada\",\"item\":\"https:\/\/noti-america.com\/site\/mexico\/\"},{\"@type\":\"ListItem\",\"position\":2,\"name\":\"\u00bfM\u00e9xico , donde est\u00e1 el piloto ?\"}]},{\"@type\":\"WebSite\",\"@id\":\"https:\/\/noti-america.com\/site\/mexico\/#website\",\"url\":\"https:\/\/noti-america.com\/site\/mexico\/\",\"name\":\"M\u00e9xico | Noti-America.com\",\"description\":\"\",\"publisher\":{\"@id\":\"https:\/\/noti-america.com\/site\/mexico\/#organization\"},\"potentialAction\":[{\"@type\":\"SearchAction\",\"target\":{\"@type\":\"EntryPoint\",\"urlTemplate\":\"https:\/\/noti-america.com\/site\/mexico\/?s={search_term_string}\"},\"query-input\":{\"@type\":\"PropertyValueSpecification\",\"valueRequired\":true,\"valueName\":\"search_term_string\"}}],\"inLanguage\":\"es\"},{\"@type\":\"Organization\",\"@id\":\"https:\/\/noti-america.com\/site\/mexico\/#organization\",\"name\":\"Noti-America LLC | M\u00e9xico\",\"url\":\"https:\/\/noti-america.com\/site\/mexico\/\",\"logo\":{\"@type\":\"ImageObject\",\"inLanguage\":\"es\",\"@id\":\"https:\/\/noti-america.com\/site\/mexico\/#\/schema\/logo\/image\/\",\"url\":\"https:\/\/noti-america.com\/site\/mexico\/wp-content\/uploads\/sites\/13\/2020\/07\/LogoNA-4x3-1.jpg\",\"contentUrl\":\"https:\/\/noti-america.com\/site\/mexico\/wp-content\/uploads\/sites\/13\/2020\/07\/LogoNA-4x3-1.jpg\",\"width\":1236,\"height\":1080,\"caption\":\"Noti-America LLC | M\u00e9xico\"},\"image\":{\"@id\":\"https:\/\/noti-america.com\/site\/mexico\/#\/schema\/logo\/image\/\"}},{\"@type\":\"Person\",\"@id\":\"https:\/\/noti-america.com\/site\/mexico\/#\/schema\/person\/a2e478ba496331ce89bcd0c731cd6533\",\"name\":\"rloaiza\",\"image\":{\"@type\":\"ImageObject\",\"inLanguage\":\"es\",\"@id\":\"https:\/\/secure.gravatar.com\/avatar\/190058e5d4427934610b99c45aa7a6558806850adedd53ddeddd194b04773e22?s=96&d=mm&r=g\",\"url\":\"https:\/\/secure.gravatar.com\/avatar\/190058e5d4427934610b99c45aa7a6558806850adedd53ddeddd194b04773e22?s=96&d=mm&r=g\",\"contentUrl\":\"https:\/\/secure.gravatar.com\/avatar\/190058e5d4427934610b99c45aa7a6558806850adedd53ddeddd194b04773e22?s=96&d=mm&r=g\",\"caption\":\"rloaiza\"},\"url\":\"https:\/\/noti-america.com\/site\/mexico\/author\/rloaiza\/\"}]}<\/script>\n<!-- \/ Yoast SEO Premium plugin. -->","yoast_head_json":{"title":"\u00bfM\u00e9xico , donde est\u00e1 el piloto ? - M\u00e9xico","robots":{"index":"index","follow":"follow","max-snippet":"max-snippet:-1","max-image-preview":"max-image-preview:large","max-video-preview":"max-video-preview:-1"},"canonical":"https:\/\/noti-america.com\/site\/mexico\/2020\/09\/13\/mexico-donde-esta-el-piloto\/","og_locale":"es_ES","og_type":"article","og_title":"\u00bfM\u00e9xico , donde est\u00e1 el piloto ?","og_description":"NOTI-AMERICA.COM (MEXICO) \u00a0\u00bfM\u00e9xico , donde est\u00e1 el piloto ? Ante el fracaso de la rifa del avi\u00f3n presidencial, el gobierno presiona a trabajadores del INFONAVIT y de otras dependencias o a personas de la&#46;&#46;&#46;","og_url":"https:\/\/noti-america.com\/site\/mexico\/2020\/09\/13\/mexico-donde-esta-el-piloto\/","og_site_name":"M\u00e9xico","article_published_time":"2020-09-13T14:52:10+00:00","article_modified_time":"2020-09-13T18:52:17+00:00","og_image":[{"width":339,"height":359,"url":"https:\/\/noti-america.com\/site\/mexico\/wp-content\/uploads\/sites\/13\/2020\/09\/JUAN-VALENZUELA-2020-07-05-13-27-04.jpg","type":"image\/jpeg"}],"author":"rloaiza","twitter_card":"summary_large_image","twitter_misc":{"Escrito por":"rloaiza","Tiempo estimado de lectura":"4 minutos"},"schema":{"@context":"https:\/\/schema.org","@graph":[{"@type":"Article","@id":"https:\/\/noti-america.com\/site\/mexico\/2020\/09\/13\/mexico-donde-esta-el-piloto\/#article","isPartOf":{"@id":"https:\/\/noti-america.com\/site\/mexico\/2020\/09\/13\/mexico-donde-esta-el-piloto\/"},"author":{"name":"rloaiza","@id":"https:\/\/noti-america.com\/site\/mexico\/#\/schema\/person\/a2e478ba496331ce89bcd0c731cd6533"},"headline":"\u00bfM\u00e9xico , donde est\u00e1 el piloto ?","datePublished":"2020-09-13T14:52:10+00:00","dateModified":"2020-09-13T18:52:17+00:00","mainEntityOfPage":{"@id":"https:\/\/noti-america.com\/site\/mexico\/2020\/09\/13\/mexico-donde-esta-el-piloto\/"},"wordCount":724,"commentCount":0,"publisher":{"@id":"https:\/\/noti-america.com\/site\/mexico\/#organization"},"image":{"@id":"https:\/\/noti-america.com\/site\/mexico\/2020\/09\/13\/mexico-donde-esta-el-piloto\/#primaryimage"},"thumbnailUrl":"https:\/\/noti-america.com\/site\/mexico\/wp-content\/uploads\/sites\/13\/2020\/09\/JUAN-VALENZUELA-2020-07-05-13-27-04.jpg","articleSection":["Noticias"],"inLanguage":"es","potentialAction":[{"@type":"CommentAction","name":"Comment","target":["https:\/\/noti-america.com\/site\/mexico\/2020\/09\/13\/mexico-donde-esta-el-piloto\/#respond"]}]},{"@type":"WebPage","@id":"https:\/\/noti-america.com\/site\/mexico\/2020\/09\/13\/mexico-donde-esta-el-piloto\/","url":"https:\/\/noti-america.com\/site\/mexico\/2020\/09\/13\/mexico-donde-esta-el-piloto\/","name":"\u00bfM\u00e9xico , donde est\u00e1 el piloto ? - M\u00e9xico","isPartOf":{"@id":"https:\/\/noti-america.com\/site\/mexico\/#website"},"primaryImageOfPage":{"@id":"https:\/\/noti-america.com\/site\/mexico\/2020\/09\/13\/mexico-donde-esta-el-piloto\/#primaryimage"},"image":{"@id":"https:\/\/noti-america.com\/site\/mexico\/2020\/09\/13\/mexico-donde-esta-el-piloto\/#primaryimage"},"thumbnailUrl":"https:\/\/noti-america.com\/site\/mexico\/wp-content\/uploads\/sites\/13\/2020\/09\/JUAN-VALENZUELA-2020-07-05-13-27-04.jpg","datePublished":"2020-09-13T14:52:10+00:00","dateModified":"2020-09-13T18:52:17+00:00","breadcrumb":{"@id":"https:\/\/noti-america.com\/site\/mexico\/2020\/09\/13\/mexico-donde-esta-el-piloto\/#breadcrumb"},"inLanguage":"es","potentialAction":[{"@type":"ReadAction","target":["https:\/\/noti-america.com\/site\/mexico\/2020\/09\/13\/mexico-donde-esta-el-piloto\/"]}]},{"@type":"ImageObject","inLanguage":"es","@id":"https:\/\/noti-america.com\/site\/mexico\/2020\/09\/13\/mexico-donde-esta-el-piloto\/#primaryimage","url":"https:\/\/noti-america.com\/site\/mexico\/wp-content\/uploads\/sites\/13\/2020\/09\/JUAN-VALENZUELA-2020-07-05-13-27-04.jpg","contentUrl":"https:\/\/noti-america.com\/site\/mexico\/wp-content\/uploads\/sites\/13\/2020\/09\/JUAN-VALENZUELA-2020-07-05-13-27-04.jpg","width":339,"height":359},{"@type":"BreadcrumbList","@id":"https:\/\/noti-america.com\/site\/mexico\/2020\/09\/13\/mexico-donde-esta-el-piloto\/#breadcrumb","itemListElement":[{"@type":"ListItem","position":1,"name":"Portada","item":"https:\/\/noti-america.com\/site\/mexico\/"},{"@type":"ListItem","position":2,"name":"\u00bfM\u00e9xico , donde est\u00e1 el piloto ?"}]},{"@type":"WebSite","@id":"https:\/\/noti-america.com\/site\/mexico\/#website","url":"https:\/\/noti-america.com\/site\/mexico\/","name":"M\u00e9xico | Noti-America.com","description":"","publisher":{"@id":"https:\/\/noti-america.com\/site\/mexico\/#organization"},"potentialAction":[{"@type":"SearchAction","target":{"@type":"EntryPoint","urlTemplate":"https:\/\/noti-america.com\/site\/mexico\/?s={search_term_string}"},"query-input":{"@type":"PropertyValueSpecification","valueRequired":true,"valueName":"search_term_string"}}],"inLanguage":"es"},{"@type":"Organization","@id":"https:\/\/noti-america.com\/site\/mexico\/#organization","name":"Noti-America LLC | M\u00e9xico","url":"https:\/\/noti-america.com\/site\/mexico\/","logo":{"@type":"ImageObject","inLanguage":"es","@id":"https:\/\/noti-america.com\/site\/mexico\/#\/schema\/logo\/image\/","url":"https:\/\/noti-america.com\/site\/mexico\/wp-content\/uploads\/sites\/13\/2020\/07\/LogoNA-4x3-1.jpg","contentUrl":"https:\/\/noti-america.com\/site\/mexico\/wp-content\/uploads\/sites\/13\/2020\/07\/LogoNA-4x3-1.jpg","width":1236,"height":1080,"caption":"Noti-America LLC | M\u00e9xico"},"image":{"@id":"https:\/\/noti-america.com\/site\/mexico\/#\/schema\/logo\/image\/"}},{"@type":"Person","@id":"https:\/\/noti-america.com\/site\/mexico\/#\/schema\/person\/a2e478ba496331ce89bcd0c731cd6533","name":"rloaiza","image":{"@type":"ImageObject","inLanguage":"es","@id":"https:\/\/secure.gravatar.com\/avatar\/190058e5d4427934610b99c45aa7a6558806850adedd53ddeddd194b04773e22?s=96&d=mm&r=g","url":"https:\/\/secure.gravatar.com\/avatar\/190058e5d4427934610b99c45aa7a6558806850adedd53ddeddd194b04773e22?s=96&d=mm&r=g","contentUrl":"https:\/\/secure.gravatar.com\/avatar\/190058e5d4427934610b99c45aa7a6558806850adedd53ddeddd194b04773e22?s=96&d=mm&r=g","caption":"rloaiza"},"url":"https:\/\/noti-america.com\/site\/mexico\/author\/rloaiza\/"}]}},"_links":{"self":[{"href":"https:\/\/noti-america.com\/site\/mexico\/wp-json\/wp\/v2\/posts\/5585","targetHints":{"allow":["GET"]}}],"collection":[{"href":"https:\/\/noti-america.com\/site\/mexico\/wp-json\/wp\/v2\/posts"}],"about":[{"href":"https:\/\/noti-america.com\/site\/mexico\/wp-json\/wp\/v2\/types\/post"}],"author":[{"embeddable":true,"href":"https:\/\/noti-america.com\/site\/mexico\/wp-json\/wp\/v2\/users\/2"}],"replies":[{"embeddable":true,"href":"https:\/\/noti-america.com\/site\/mexico\/wp-json\/wp\/v2\/comments?post=5585"}],"version-history":[{"count":1,"href":"https:\/\/noti-america.com\/site\/mexico\/wp-json\/wp\/v2\/posts\/5585\/revisions"}],"predecessor-version":[{"id":5586,"href":"https:\/\/noti-america.com\/site\/mexico\/wp-json\/wp\/v2\/posts\/5585\/revisions\/5586"}],"wp:featuredmedia":[{"embeddable":true,"href":"https:\/\/noti-america.com\/site\/mexico\/wp-json\/wp\/v2\/media\/5587"}],"wp:attachment":[{"href":"https:\/\/noti-america.com\/site\/mexico\/wp-json\/wp\/v2\/media?parent=5585"}],"wp:term":[{"taxonomy":"category","embeddable":true,"href":"https:\/\/noti-america.com\/site\/mexico\/wp-json\/wp\/v2\/categories?post=5585"},{"taxonomy":"post_tag","embeddable":true,"href":"https:\/\/noti-america.com\/site\/mexico\/wp-json\/wp\/v2\/tags?post=5585"}],"curies":[{"name":"wp","href":"https:\/\/api.w.org\/{rel}","templated":true}]}}