{"id":5559,"date":"2020-09-07T20:07:59","date_gmt":"2020-09-07T20:07:59","guid":{"rendered":"https:\/\/noti-america.com\/site\/mexico\/2020\/09\/07\/guerrero-avanza-a-semaforo-amarillo-y-acapulco-incrementa-su-capacidad-turistica-al-60\/"},"modified":"2020-09-08T00:08:08","modified_gmt":"2020-09-08T00:08:08","slug":"guerrero-avanza-a-semaforo-amarillo-y-acapulco-incrementa-su-capacidad-turistica-al-60","status":"publish","type":"post","link":"https:\/\/noti-america.com\/site\/mexico\/2020\/09\/07\/guerrero-avanza-a-semaforo-amarillo-y-acapulco-incrementa-su-capacidad-turistica-al-60\/","title":{"rendered":"GUERRERO AVANZA A SEM\u00c1FORO AMARILLO Y ACAPULCO INCREMENTA SU CAPACIDAD TUR\u00cdSTICA AL 60%."},"content":{"rendered":"<p><strong>NOTI-AMERICA.COM (MEXICO)<\/strong><\/p>\n<p><img loading=\"lazy\" decoding=\"async\" class=\"alignnone size-medium wp-image-5560 aligncenter\" src=\"https:\/\/noti-america.com\/site\/mexico\/wp-content\/uploads\/sites\/13\/2020\/09\/425581238-22447AD5-ADB2-4ED7-B645-FCEE81BF1768-300x173.jpg\" alt=\"\" width=\"300\" height=\"173\" srcset=\"https:\/\/noti-america.com\/site\/mexico\/wp-content\/uploads\/sites\/13\/2020\/09\/425581238-22447AD5-ADB2-4ED7-B645-FCEE81BF1768-300x173.jpg 300w, https:\/\/noti-america.com\/site\/mexico\/wp-content\/uploads\/sites\/13\/2020\/09\/425581238-22447AD5-ADB2-4ED7-B645-FCEE81BF1768-1024x592.jpg 1024w, https:\/\/noti-america.com\/site\/mexico\/wp-content\/uploads\/sites\/13\/2020\/09\/425581238-22447AD5-ADB2-4ED7-B645-FCEE81BF1768-768x444.jpg 768w, https:\/\/noti-america.com\/site\/mexico\/wp-content\/uploads\/sites\/13\/2020\/09\/425581238-22447AD5-ADB2-4ED7-B645-FCEE81BF1768.jpg 1298w\" sizes=\"auto, (max-width: 300px) 100vw, 300px\" \/><\/p>\n<p style=\"text-align: center;\">GUERRERO AVANZA A SEM\u00c1FORO AMARILLO Y ACAPULCO INCREMENTA SU CAPACIDAD TUR\u00cdSTICA AL 60%.<br \/>\nAcapulco, Gro., a 3 de Septiembre de 2020. Guerrero inicia el mes de Septiembre con el<br \/>\npie derecho incrementando sus actividades econ\u00f3micas al 60%, principalmente el turismo.<br \/>\nLas medidas implementadas de manera conjunta las autoridades estatales y municipales,<br \/>\nseguidas por los empresarios y la comunidad en general, han dado resultado respecto al<br \/>\ncontrol del n\u00famero de contagios en la entidad.<br \/>\nAlgunas de las acciones m\u00e1s importantes que se han llevado a cabo para la mitigaci\u00f3n de<br \/>\nla pandemia en Guerrero son: El establecimiento de m\u00f3dulos de concientizaci\u00f3n para la<br \/>\nciudadan\u00eda y visitantes, m\u00f3dulos de tomas de pruebas gratuitas, incremento de la<br \/>\ndisponibilidad hospitalaria, supervisi\u00f3n y vigilancia permanente de autoridades en el<br \/>\ncumplimiento de las medidas por parte de los empresarios, as\u00ed como desinfecci\u00f3n<br \/>\nconstante de espacios p\u00fablicos.<br \/>\nEl Gobernador del Estado, el Lic. H\u00e9ctor Astudillo Flores, reconoci\u00f3 que el cambio en el<br \/>\nsem\u00e1foro epidemiol\u00f3gico es un gran aliciente para continuar en la ruta de la reactivaci\u00f3n<br \/>\necon\u00f3mica. \u201cEs una se\u00f1al de que Guerrero va bien pero es importante continuar acatando<br \/>\nlas medidas de prevenci\u00f3n y realizar la reactivaci\u00f3n de una manera responsable y segura\u201d.<br \/>\nCon este avance, la capacidad de recepci\u00f3n de los negocios y en especial, de los<br \/>\nestablecimientos tur\u00edsticos como los hoteles, restaurantes, servicios n\u00e1uticos, deportes<br \/>\nacu\u00e1ticos, uso de albercas p\u00fablicas o comunes, gimnasios y centros comerciales, se<br \/>\nincrementa al 60%. Los bares, discotecas, centros nocturnos y salones o recintos para<br \/>\neventos podr\u00e1n recibir \u00fanicamente el 50% de su capacidad, siempre y cuando sean<br \/>\nlugares abiertos, y deben contar con la previa autorizaci\u00f3n y supervisi\u00f3n de las<br \/>\nautoridades correspondientes.<br \/>\nEl Secretario de Turismo de la entidad, el Sr. Ernesto Rodr\u00edguez Escalona resalt\u00f3 el gran<br \/>\nesfuerzo realizado por todo el sector tur\u00edstico y la comunidad en general para seguir los<br \/>\nprotocolos y lineamientos establecidos por las autoridades para la mitigaci\u00f3n de esta<br \/>\npandemia. \u201c\u00c9ste es un gran paso para la pronta reactivaci\u00f3n de la actividad tur\u00edstica de<br \/>\nGuerrero, sin embargo, es importante continuar cuid\u00e1ndonos para seguir avanzando\u201d,<br \/>\nfinaliz\u00f3.<\/p>\n","protected":false},"excerpt":{"rendered":"<p>NOTI-AMERICA.COM (MEXICO) GUERRERO AVANZA A SEM\u00c1FORO AMARILLO Y ACAPULCO INCREMENTA SU CAPACIDAD TUR\u00cdSTICA AL 60%. Acapulco, Gro., a 3 de Septiembre de 2020. Guerrero inicia el mes de Septiembre con el pie derecho incrementando&#46;&#46;&#46;<\/p>\n","protected":false},"author":2,"featured_media":5560,"comment_status":"open","ping_status":"open","sticky":false,"template":"","format":"standard","meta":{"_acf_changed":false,"om_disable_all_campaigns":false,"rop_custom_images_group":[],"rop_custom_messages_group":[],"rop_publish_now":"initial","rop_publish_now_accounts":{"twitter_242054905_242054905":""},"rop_publish_now_history":[],"rop_publish_now_status":"pending","_uf_show_specific_survey":0,"_uf_disable_surveys":false,"footnotes":""},"categories":[722],"tags":[],"class_list":["post-5559","post","type-post","status-publish","format-standard","has-post-thumbnail","hentry","category-actualidad"],"acf":[],"aioseo_notices":[],"yoast_head":"<!-- This site is optimized with the Yoast SEO Premium plugin v24.9 (Yoast SEO v27.2) - https:\/\/yoast.com\/product\/yoast-seo-premium-wordpress\/ -->\n<title>GUERRERO AVANZA A SEM\u00c1FORO AMARILLO Y ACAPULCO INCREMENTA SU CAPACIDAD TUR\u00cdSTICA AL 60%. - M\u00e9xico<\/title>\n<meta name=\"robots\" content=\"index, follow, max-snippet:-1, max-image-preview:large, max-video-preview:-1\" \/>\n<link rel=\"canonical\" href=\"https:\/\/noti-america.com\/site\/mexico\/2020\/09\/07\/guerrero-avanza-a-semaforo-amarillo-y-acapulco-incrementa-su-capacidad-turistica-al-60\/\" \/>\n<meta property=\"og:locale\" content=\"es_ES\" \/>\n<meta property=\"og:type\" content=\"article\" \/>\n<meta property=\"og:title\" content=\"GUERRERO AVANZA A SEM\u00c1FORO AMARILLO Y ACAPULCO INCREMENTA SU CAPACIDAD TUR\u00cdSTICA AL 60%.\" \/>\n<meta property=\"og:description\" content=\"NOTI-AMERICA.COM (MEXICO) GUERRERO AVANZA A SEM\u00c1FORO AMARILLO Y ACAPULCO INCREMENTA SU CAPACIDAD TUR\u00cdSTICA AL 60%. Acapulco, Gro., a 3 de Septiembre de 2020. Guerrero inicia el mes de Septiembre con el pie derecho incrementando&#046;&#046;&#046;\" \/>\n<meta property=\"og:url\" content=\"https:\/\/noti-america.com\/site\/mexico\/2020\/09\/07\/guerrero-avanza-a-semaforo-amarillo-y-acapulco-incrementa-su-capacidad-turistica-al-60\/\" \/>\n<meta property=\"og:site_name\" content=\"M\u00e9xico\" \/>\n<meta property=\"article:published_time\" content=\"2020-09-07T20:07:59+00:00\" \/>\n<meta property=\"article:modified_time\" content=\"2020-09-08T00:08:08+00:00\" \/>\n<meta property=\"og:image\" content=\"https:\/\/noti-america.com\/site\/mexico\/wp-content\/uploads\/sites\/13\/2020\/09\/425581238-22447AD5-ADB2-4ED7-B645-FCEE81BF1768.jpg\" \/>\n\t<meta property=\"og:image:width\" content=\"1298\" \/>\n\t<meta property=\"og:image:height\" content=\"750\" \/>\n\t<meta property=\"og:image:type\" content=\"image\/jpeg\" \/>\n<meta name=\"author\" content=\"rloaiza\" \/>\n<meta name=\"twitter:card\" content=\"summary_large_image\" \/>\n<meta name=\"twitter:label1\" content=\"Escrito por\" \/>\n\t<meta name=\"twitter:data1\" content=\"rloaiza\" \/>\n\t<meta name=\"twitter:label2\" content=\"Tiempo estimado de lectura\" \/>\n\t<meta name=\"twitter:data2\" content=\"2 minutos\" \/>\n<script type=\"application\/ld+json\" class=\"yoast-schema-graph\">{\"@context\":\"https:\/\/schema.org\",\"@graph\":[{\"@type\":\"Article\",\"@id\":\"https:\/\/noti-america.com\/site\/mexico\/2020\/09\/07\/guerrero-avanza-a-semaforo-amarillo-y-acapulco-incrementa-su-capacidad-turistica-al-60\/#article\",\"isPartOf\":{\"@id\":\"https:\/\/noti-america.com\/site\/mexico\/2020\/09\/07\/guerrero-avanza-a-semaforo-amarillo-y-acapulco-incrementa-su-capacidad-turistica-al-60\/\"},\"author\":{\"name\":\"rloaiza\",\"@id\":\"https:\/\/noti-america.com\/site\/mexico\/#\/schema\/person\/a2e478ba496331ce89bcd0c731cd6533\"},\"headline\":\"GUERRERO AVANZA A SEM\u00c1FORO AMARILLO Y ACAPULCO INCREMENTA SU CAPACIDAD TUR\u00cdSTICA AL 60%.\",\"datePublished\":\"2020-09-07T20:07:59+00:00\",\"dateModified\":\"2020-09-08T00:08:08+00:00\",\"mainEntityOfPage\":{\"@id\":\"https:\/\/noti-america.com\/site\/mexico\/2020\/09\/07\/guerrero-avanza-a-semaforo-amarillo-y-acapulco-incrementa-su-capacidad-turistica-al-60\/\"},\"wordCount\":388,\"commentCount\":0,\"publisher\":{\"@id\":\"https:\/\/noti-america.com\/site\/mexico\/#organization\"},\"image\":{\"@id\":\"https:\/\/noti-america.com\/site\/mexico\/2020\/09\/07\/guerrero-avanza-a-semaforo-amarillo-y-acapulco-incrementa-su-capacidad-turistica-al-60\/#primaryimage\"},\"thumbnailUrl\":\"https:\/\/noti-america.com\/site\/mexico\/wp-content\/uploads\/sites\/13\/2020\/09\/425581238-22447AD5-ADB2-4ED7-B645-FCEE81BF1768.jpg\",\"articleSection\":[\"Actualidad\"],\"inLanguage\":\"es\",\"potentialAction\":[{\"@type\":\"CommentAction\",\"name\":\"Comment\",\"target\":[\"https:\/\/noti-america.com\/site\/mexico\/2020\/09\/07\/guerrero-avanza-a-semaforo-amarillo-y-acapulco-incrementa-su-capacidad-turistica-al-60\/#respond\"]}]},{\"@type\":\"WebPage\",\"@id\":\"https:\/\/noti-america.com\/site\/mexico\/2020\/09\/07\/guerrero-avanza-a-semaforo-amarillo-y-acapulco-incrementa-su-capacidad-turistica-al-60\/\",\"url\":\"https:\/\/noti-america.com\/site\/mexico\/2020\/09\/07\/guerrero-avanza-a-semaforo-amarillo-y-acapulco-incrementa-su-capacidad-turistica-al-60\/\",\"name\":\"GUERRERO AVANZA A SEM\u00c1FORO AMARILLO Y ACAPULCO INCREMENTA SU CAPACIDAD TUR\u00cdSTICA AL 60%. - M\u00e9xico\",\"isPartOf\":{\"@id\":\"https:\/\/noti-america.com\/site\/mexico\/#website\"},\"primaryImageOfPage\":{\"@id\":\"https:\/\/noti-america.com\/site\/mexico\/2020\/09\/07\/guerrero-avanza-a-semaforo-amarillo-y-acapulco-incrementa-su-capacidad-turistica-al-60\/#primaryimage\"},\"image\":{\"@id\":\"https:\/\/noti-america.com\/site\/mexico\/2020\/09\/07\/guerrero-avanza-a-semaforo-amarillo-y-acapulco-incrementa-su-capacidad-turistica-al-60\/#primaryimage\"},\"thumbnailUrl\":\"https:\/\/noti-america.com\/site\/mexico\/wp-content\/uploads\/sites\/13\/2020\/09\/425581238-22447AD5-ADB2-4ED7-B645-FCEE81BF1768.jpg\",\"datePublished\":\"2020-09-07T20:07:59+00:00\",\"dateModified\":\"2020-09-08T00:08:08+00:00\",\"breadcrumb\":{\"@id\":\"https:\/\/noti-america.com\/site\/mexico\/2020\/09\/07\/guerrero-avanza-a-semaforo-amarillo-y-acapulco-incrementa-su-capacidad-turistica-al-60\/#breadcrumb\"},\"inLanguage\":\"es\",\"potentialAction\":[{\"@type\":\"ReadAction\",\"target\":[\"https:\/\/noti-america.com\/site\/mexico\/2020\/09\/07\/guerrero-avanza-a-semaforo-amarillo-y-acapulco-incrementa-su-capacidad-turistica-al-60\/\"]}]},{\"@type\":\"ImageObject\",\"inLanguage\":\"es\",\"@id\":\"https:\/\/noti-america.com\/site\/mexico\/2020\/09\/07\/guerrero-avanza-a-semaforo-amarillo-y-acapulco-incrementa-su-capacidad-turistica-al-60\/#primaryimage\",\"url\":\"https:\/\/noti-america.com\/site\/mexico\/wp-content\/uploads\/sites\/13\/2020\/09\/425581238-22447AD5-ADB2-4ED7-B645-FCEE81BF1768.jpg\",\"contentUrl\":\"https:\/\/noti-america.com\/site\/mexico\/wp-content\/uploads\/sites\/13\/2020\/09\/425581238-22447AD5-ADB2-4ED7-B645-FCEE81BF1768.jpg\",\"width\":1298,\"height\":750},{\"@type\":\"BreadcrumbList\",\"@id\":\"https:\/\/noti-america.com\/site\/mexico\/2020\/09\/07\/guerrero-avanza-a-semaforo-amarillo-y-acapulco-incrementa-su-capacidad-turistica-al-60\/#breadcrumb\",\"itemListElement\":[{\"@type\":\"ListItem\",\"position\":1,\"name\":\"Portada\",\"item\":\"https:\/\/noti-america.com\/site\/mexico\/\"},{\"@type\":\"ListItem\",\"position\":2,\"name\":\"GUERRERO AVANZA A SEM\u00c1FORO AMARILLO Y ACAPULCO INCREMENTA SU CAPACIDAD TUR\u00cdSTICA AL 60%.\"}]},{\"@type\":\"WebSite\",\"@id\":\"https:\/\/noti-america.com\/site\/mexico\/#website\",\"url\":\"https:\/\/noti-america.com\/site\/mexico\/\",\"name\":\"M\u00e9xico | Noti-America.com\",\"description\":\"\",\"publisher\":{\"@id\":\"https:\/\/noti-america.com\/site\/mexico\/#organization\"},\"potentialAction\":[{\"@type\":\"SearchAction\",\"target\":{\"@type\":\"EntryPoint\",\"urlTemplate\":\"https:\/\/noti-america.com\/site\/mexico\/?s={search_term_string}\"},\"query-input\":{\"@type\":\"PropertyValueSpecification\",\"valueRequired\":true,\"valueName\":\"search_term_string\"}}],\"inLanguage\":\"es\"},{\"@type\":\"Organization\",\"@id\":\"https:\/\/noti-america.com\/site\/mexico\/#organization\",\"name\":\"Noti-America LLC | M\u00e9xico\",\"url\":\"https:\/\/noti-america.com\/site\/mexico\/\",\"logo\":{\"@type\":\"ImageObject\",\"inLanguage\":\"es\",\"@id\":\"https:\/\/noti-america.com\/site\/mexico\/#\/schema\/logo\/image\/\",\"url\":\"https:\/\/noti-america.com\/site\/mexico\/wp-content\/uploads\/sites\/13\/2020\/07\/LogoNA-4x3-1.jpg\",\"contentUrl\":\"https:\/\/noti-america.com\/site\/mexico\/wp-content\/uploads\/sites\/13\/2020\/07\/LogoNA-4x3-1.jpg\",\"width\":1236,\"height\":1080,\"caption\":\"Noti-America LLC | M\u00e9xico\"},\"image\":{\"@id\":\"https:\/\/noti-america.com\/site\/mexico\/#\/schema\/logo\/image\/\"}},{\"@type\":\"Person\",\"@id\":\"https:\/\/noti-america.com\/site\/mexico\/#\/schema\/person\/a2e478ba496331ce89bcd0c731cd6533\",\"name\":\"rloaiza\",\"image\":{\"@type\":\"ImageObject\",\"inLanguage\":\"es\",\"@id\":\"https:\/\/secure.gravatar.com\/avatar\/190058e5d4427934610b99c45aa7a6558806850adedd53ddeddd194b04773e22?s=96&d=mm&r=g\",\"url\":\"https:\/\/secure.gravatar.com\/avatar\/190058e5d4427934610b99c45aa7a6558806850adedd53ddeddd194b04773e22?s=96&d=mm&r=g\",\"contentUrl\":\"https:\/\/secure.gravatar.com\/avatar\/190058e5d4427934610b99c45aa7a6558806850adedd53ddeddd194b04773e22?s=96&d=mm&r=g\",\"caption\":\"rloaiza\"},\"url\":\"https:\/\/noti-america.com\/site\/mexico\/author\/rloaiza\/\"}]}<\/script>\n<!-- \/ Yoast SEO Premium plugin. -->","yoast_head_json":{"title":"GUERRERO AVANZA A SEM\u00c1FORO AMARILLO Y ACAPULCO INCREMENTA SU CAPACIDAD TUR\u00cdSTICA AL 60%. - M\u00e9xico","robots":{"index":"index","follow":"follow","max-snippet":"max-snippet:-1","max-image-preview":"max-image-preview:large","max-video-preview":"max-video-preview:-1"},"canonical":"https:\/\/noti-america.com\/site\/mexico\/2020\/09\/07\/guerrero-avanza-a-semaforo-amarillo-y-acapulco-incrementa-su-capacidad-turistica-al-60\/","og_locale":"es_ES","og_type":"article","og_title":"GUERRERO AVANZA A SEM\u00c1FORO AMARILLO Y ACAPULCO INCREMENTA SU CAPACIDAD TUR\u00cdSTICA AL 60%.","og_description":"NOTI-AMERICA.COM (MEXICO) GUERRERO AVANZA A SEM\u00c1FORO AMARILLO Y ACAPULCO INCREMENTA SU CAPACIDAD TUR\u00cdSTICA AL 60%. Acapulco, Gro., a 3 de Septiembre de 2020. Guerrero inicia el mes de Septiembre con el pie derecho incrementando&#46;&#46;&#46;","og_url":"https:\/\/noti-america.com\/site\/mexico\/2020\/09\/07\/guerrero-avanza-a-semaforo-amarillo-y-acapulco-incrementa-su-capacidad-turistica-al-60\/","og_site_name":"M\u00e9xico","article_published_time":"2020-09-07T20:07:59+00:00","article_modified_time":"2020-09-08T00:08:08+00:00","og_image":[{"width":1298,"height":750,"url":"https:\/\/noti-america.com\/site\/mexico\/wp-content\/uploads\/sites\/13\/2020\/09\/425581238-22447AD5-ADB2-4ED7-B645-FCEE81BF1768.jpg","type":"image\/jpeg"}],"author":"rloaiza","twitter_card":"summary_large_image","twitter_misc":{"Escrito por":"rloaiza","Tiempo estimado de lectura":"2 minutos"},"schema":{"@context":"https:\/\/schema.org","@graph":[{"@type":"Article","@id":"https:\/\/noti-america.com\/site\/mexico\/2020\/09\/07\/guerrero-avanza-a-semaforo-amarillo-y-acapulco-incrementa-su-capacidad-turistica-al-60\/#article","isPartOf":{"@id":"https:\/\/noti-america.com\/site\/mexico\/2020\/09\/07\/guerrero-avanza-a-semaforo-amarillo-y-acapulco-incrementa-su-capacidad-turistica-al-60\/"},"author":{"name":"rloaiza","@id":"https:\/\/noti-america.com\/site\/mexico\/#\/schema\/person\/a2e478ba496331ce89bcd0c731cd6533"},"headline":"GUERRERO AVANZA A SEM\u00c1FORO AMARILLO Y ACAPULCO INCREMENTA SU CAPACIDAD TUR\u00cdSTICA AL 60%.","datePublished":"2020-09-07T20:07:59+00:00","dateModified":"2020-09-08T00:08:08+00:00","mainEntityOfPage":{"@id":"https:\/\/noti-america.com\/site\/mexico\/2020\/09\/07\/guerrero-avanza-a-semaforo-amarillo-y-acapulco-incrementa-su-capacidad-turistica-al-60\/"},"wordCount":388,"commentCount":0,"publisher":{"@id":"https:\/\/noti-america.com\/site\/mexico\/#organization"},"image":{"@id":"https:\/\/noti-america.com\/site\/mexico\/2020\/09\/07\/guerrero-avanza-a-semaforo-amarillo-y-acapulco-incrementa-su-capacidad-turistica-al-60\/#primaryimage"},"thumbnailUrl":"https:\/\/noti-america.com\/site\/mexico\/wp-content\/uploads\/sites\/13\/2020\/09\/425581238-22447AD5-ADB2-4ED7-B645-FCEE81BF1768.jpg","articleSection":["Actualidad"],"inLanguage":"es","potentialAction":[{"@type":"CommentAction","name":"Comment","target":["https:\/\/noti-america.com\/site\/mexico\/2020\/09\/07\/guerrero-avanza-a-semaforo-amarillo-y-acapulco-incrementa-su-capacidad-turistica-al-60\/#respond"]}]},{"@type":"WebPage","@id":"https:\/\/noti-america.com\/site\/mexico\/2020\/09\/07\/guerrero-avanza-a-semaforo-amarillo-y-acapulco-incrementa-su-capacidad-turistica-al-60\/","url":"https:\/\/noti-america.com\/site\/mexico\/2020\/09\/07\/guerrero-avanza-a-semaforo-amarillo-y-acapulco-incrementa-su-capacidad-turistica-al-60\/","name":"GUERRERO AVANZA A SEM\u00c1FORO AMARILLO Y ACAPULCO INCREMENTA SU CAPACIDAD TUR\u00cdSTICA AL 60%. - M\u00e9xico","isPartOf":{"@id":"https:\/\/noti-america.com\/site\/mexico\/#website"},"primaryImageOfPage":{"@id":"https:\/\/noti-america.com\/site\/mexico\/2020\/09\/07\/guerrero-avanza-a-semaforo-amarillo-y-acapulco-incrementa-su-capacidad-turistica-al-60\/#primaryimage"},"image":{"@id":"https:\/\/noti-america.com\/site\/mexico\/2020\/09\/07\/guerrero-avanza-a-semaforo-amarillo-y-acapulco-incrementa-su-capacidad-turistica-al-60\/#primaryimage"},"thumbnailUrl":"https:\/\/noti-america.com\/site\/mexico\/wp-content\/uploads\/sites\/13\/2020\/09\/425581238-22447AD5-ADB2-4ED7-B645-FCEE81BF1768.jpg","datePublished":"2020-09-07T20:07:59+00:00","dateModified":"2020-09-08T00:08:08+00:00","breadcrumb":{"@id":"https:\/\/noti-america.com\/site\/mexico\/2020\/09\/07\/guerrero-avanza-a-semaforo-amarillo-y-acapulco-incrementa-su-capacidad-turistica-al-60\/#breadcrumb"},"inLanguage":"es","potentialAction":[{"@type":"ReadAction","target":["https:\/\/noti-america.com\/site\/mexico\/2020\/09\/07\/guerrero-avanza-a-semaforo-amarillo-y-acapulco-incrementa-su-capacidad-turistica-al-60\/"]}]},{"@type":"ImageObject","inLanguage":"es","@id":"https:\/\/noti-america.com\/site\/mexico\/2020\/09\/07\/guerrero-avanza-a-semaforo-amarillo-y-acapulco-incrementa-su-capacidad-turistica-al-60\/#primaryimage","url":"https:\/\/noti-america.com\/site\/mexico\/wp-content\/uploads\/sites\/13\/2020\/09\/425581238-22447AD5-ADB2-4ED7-B645-FCEE81BF1768.jpg","contentUrl":"https:\/\/noti-america.com\/site\/mexico\/wp-content\/uploads\/sites\/13\/2020\/09\/425581238-22447AD5-ADB2-4ED7-B645-FCEE81BF1768.jpg","width":1298,"height":750},{"@type":"BreadcrumbList","@id":"https:\/\/noti-america.com\/site\/mexico\/2020\/09\/07\/guerrero-avanza-a-semaforo-amarillo-y-acapulco-incrementa-su-capacidad-turistica-al-60\/#breadcrumb","itemListElement":[{"@type":"ListItem","position":1,"name":"Portada","item":"https:\/\/noti-america.com\/site\/mexico\/"},{"@type":"ListItem","position":2,"name":"GUERRERO AVANZA A SEM\u00c1FORO AMARILLO Y ACAPULCO INCREMENTA SU CAPACIDAD TUR\u00cdSTICA AL 60%."}]},{"@type":"WebSite","@id":"https:\/\/noti-america.com\/site\/mexico\/#website","url":"https:\/\/noti-america.com\/site\/mexico\/","name":"M\u00e9xico | Noti-America.com","description":"","publisher":{"@id":"https:\/\/noti-america.com\/site\/mexico\/#organization"},"potentialAction":[{"@type":"SearchAction","target":{"@type":"EntryPoint","urlTemplate":"https:\/\/noti-america.com\/site\/mexico\/?s={search_term_string}"},"query-input":{"@type":"PropertyValueSpecification","valueRequired":true,"valueName":"search_term_string"}}],"inLanguage":"es"},{"@type":"Organization","@id":"https:\/\/noti-america.com\/site\/mexico\/#organization","name":"Noti-America LLC | M\u00e9xico","url":"https:\/\/noti-america.com\/site\/mexico\/","logo":{"@type":"ImageObject","inLanguage":"es","@id":"https:\/\/noti-america.com\/site\/mexico\/#\/schema\/logo\/image\/","url":"https:\/\/noti-america.com\/site\/mexico\/wp-content\/uploads\/sites\/13\/2020\/07\/LogoNA-4x3-1.jpg","contentUrl":"https:\/\/noti-america.com\/site\/mexico\/wp-content\/uploads\/sites\/13\/2020\/07\/LogoNA-4x3-1.jpg","width":1236,"height":1080,"caption":"Noti-America LLC | M\u00e9xico"},"image":{"@id":"https:\/\/noti-america.com\/site\/mexico\/#\/schema\/logo\/image\/"}},{"@type":"Person","@id":"https:\/\/noti-america.com\/site\/mexico\/#\/schema\/person\/a2e478ba496331ce89bcd0c731cd6533","name":"rloaiza","image":{"@type":"ImageObject","inLanguage":"es","@id":"https:\/\/secure.gravatar.com\/avatar\/190058e5d4427934610b99c45aa7a6558806850adedd53ddeddd194b04773e22?s=96&d=mm&r=g","url":"https:\/\/secure.gravatar.com\/avatar\/190058e5d4427934610b99c45aa7a6558806850adedd53ddeddd194b04773e22?s=96&d=mm&r=g","contentUrl":"https:\/\/secure.gravatar.com\/avatar\/190058e5d4427934610b99c45aa7a6558806850adedd53ddeddd194b04773e22?s=96&d=mm&r=g","caption":"rloaiza"},"url":"https:\/\/noti-america.com\/site\/mexico\/author\/rloaiza\/"}]}},"_links":{"self":[{"href":"https:\/\/noti-america.com\/site\/mexico\/wp-json\/wp\/v2\/posts\/5559","targetHints":{"allow":["GET"]}}],"collection":[{"href":"https:\/\/noti-america.com\/site\/mexico\/wp-json\/wp\/v2\/posts"}],"about":[{"href":"https:\/\/noti-america.com\/site\/mexico\/wp-json\/wp\/v2\/types\/post"}],"author":[{"embeddable":true,"href":"https:\/\/noti-america.com\/site\/mexico\/wp-json\/wp\/v2\/users\/2"}],"replies":[{"embeddable":true,"href":"https:\/\/noti-america.com\/site\/mexico\/wp-json\/wp\/v2\/comments?post=5559"}],"version-history":[{"count":1,"href":"https:\/\/noti-america.com\/site\/mexico\/wp-json\/wp\/v2\/posts\/5559\/revisions"}],"predecessor-version":[{"id":5561,"href":"https:\/\/noti-america.com\/site\/mexico\/wp-json\/wp\/v2\/posts\/5559\/revisions\/5561"}],"wp:featuredmedia":[{"embeddable":true,"href":"https:\/\/noti-america.com\/site\/mexico\/wp-json\/wp\/v2\/media\/5560"}],"wp:attachment":[{"href":"https:\/\/noti-america.com\/site\/mexico\/wp-json\/wp\/v2\/media?parent=5559"}],"wp:term":[{"taxonomy":"category","embeddable":true,"href":"https:\/\/noti-america.com\/site\/mexico\/wp-json\/wp\/v2\/categories?post=5559"},{"taxonomy":"post_tag","embeddable":true,"href":"https:\/\/noti-america.com\/site\/mexico\/wp-json\/wp\/v2\/tags?post=5559"}],"curies":[{"name":"wp","href":"https:\/\/api.w.org\/{rel}","templated":true}]}}