{"id":5556,"date":"2020-09-07T19:59:13","date_gmt":"2020-09-07T19:59:13","guid":{"rendered":"https:\/\/noti-america.com\/site\/mexico\/2020\/09\/07\/acapulco-comienza-con-la-recuperacion-de-su-conectividad-aerea\/"},"modified":"2020-09-07T23:59:18","modified_gmt":"2020-09-07T23:59:18","slug":"acapulco-comienza-con-la-recuperacion-de-su-conectividad-aerea","status":"publish","type":"post","link":"https:\/\/noti-america.com\/site\/mexico\/2020\/09\/07\/acapulco-comienza-con-la-recuperacion-de-su-conectividad-aerea\/","title":{"rendered":"ACAPULCO COMIENZA CON LA RECUPERACI\u00d3N DE SU CONECTIVIDAD A\u00c9REA."},"content":{"rendered":"<p><strong>NOTI-AMERICA.COM (MEXICO)<\/strong><\/p>\n<p><img loading=\"lazy\" decoding=\"async\" class=\"alignnone size-medium wp-image-5557 aligncenter\" src=\"https:\/\/noti-america.com\/site\/mexico\/wp-content\/uploads\/sites\/13\/2020\/09\/5f5683a88e8ce-300x300.jpeg\" alt=\"\" width=\"300\" height=\"300\" srcset=\"https:\/\/noti-america.com\/site\/mexico\/wp-content\/uploads\/sites\/13\/2020\/09\/5f5683a88e8ce-300x300.jpeg 300w, https:\/\/noti-america.com\/site\/mexico\/wp-content\/uploads\/sites\/13\/2020\/09\/5f5683a88e8ce-150x150.jpeg 150w, https:\/\/noti-america.com\/site\/mexico\/wp-content\/uploads\/sites\/13\/2020\/09\/5f5683a88e8ce-80x80.jpeg 80w, https:\/\/noti-america.com\/site\/mexico\/wp-content\/uploads\/sites\/13\/2020\/09\/5f5683a88e8ce-320x320.jpeg 320w, https:\/\/noti-america.com\/site\/mexico\/wp-content\/uploads\/sites\/13\/2020\/09\/5f5683a88e8ce.jpeg 400w\" sizes=\"auto, (max-width: 300px) 100vw, 300px\" \/><\/p>\n<p style=\"text-align: center;\">ACAPULCO COMIENZA CON LA RECUPERACI\u00d3N DE SU CONECTIVIDAD A\u00c9REA.<br \/>\nAcapulco, Gro., Septiembre de 2020.- Acapulco comienza a recuperar su<br \/>\nconectividad a\u00e9rea y Aerom\u00e9xico se suma en esta reactivaci\u00f3n con el reinicio de<br \/>\noperaciones en la ruta Ciudad de M\u00e9xico-Acapulco con cuatro frecuencias semanales, por<br \/>\nlo que a nombre del Gobernador de Guerrero, el Lic. H\u00e9ctor Astudillo Flores, el Secretario<br \/>\nde Turismo, C. Ernesto Rodr\u00edguez Escalona y el Presidente del Fideicomiso para la<br \/>\nPromoci\u00f3n Tur\u00edstica de Acapulco, C. Eligio Serna N\u00e1jera; acompa\u00f1ados de los directivos de<br \/>\nla aerol\u00ednea y funcionarios estatales, realizaron la ceremonia de recepci\u00f3n del vuelo con el<br \/>\ntradicional ba\u00f1o del avi\u00f3n.<br \/>\nEl Secretario Ernesto Rodr\u00edguez Escalona asegur\u00f3: \u201cCon la reactivaci\u00f3n de los vuelos de<br \/>\nAerom\u00e9xico a Acapulco se genera mayor confianza de los turistas nacionales para viajar a<br \/>\nGuerrero, cuidando en todo momento se cumplan los protocolos sanitarios por parte de<br \/>\nnuestros visitantes\u201d.<br \/>\nDe igual manera, Eligio Serna N\u00e1jera, Presidente del Fideicomiso para la Promoci\u00f3n<br \/>\nTur\u00edstica de Acapulco coment\u00f3: \u201cEs un gran d\u00eda para el turismo en Acapulco, regresa a su<br \/>\ncasa Aerom\u00e9xico. Trabajaremos de la mano con la aerol\u00ednea para fortalecer esta ruta y<br \/>\nque Acapulco pueda regresar pronto al 100% de sus operaciones y al turismo nacional e<br \/>\ninternacional\u201d.<br \/>\nEste primer vuelo lleg\u00f3 al total de su capacidad, con 99 pasajeros a bordo y se espera que<br \/>\nAerom\u00e9xico paulatinamente incremente frecuencias. Actualmente tambi\u00e9n se encuentran<br \/>\noperando los vuelos de Aeromar desde la Ciudad de M\u00e9xico, Volaris desde Tijuana y<br \/>\nVivaaerobus desde Monterrey hacia este puerto guerrerense.<br \/>\nEn este evento tambi\u00e9n estuvieron presentes Daniel Torres, Director Operativo de<br \/>\nFIDETUR; Jorge Bernal, representante de Aerom\u00e9xico y el Director del Aeropuerto<br \/>\nInternacional de Acapulco, Rom\u00e1n Mart\u00ednez<\/p>\n","protected":false},"excerpt":{"rendered":"<p>NOTI-AMERICA.COM (MEXICO) ACAPULCO COMIENZA CON LA RECUPERACI\u00d3N DE SU CONECTIVIDAD A\u00c9REA. Acapulco, Gro., Septiembre de 2020.- Acapulco comienza a recuperar su conectividad a\u00e9rea y Aerom\u00e9xico se suma en esta reactivaci\u00f3n con el reinicio de&#46;&#46;&#46;<\/p>\n","protected":false},"author":2,"featured_media":5557,"comment_status":"open","ping_status":"open","sticky":false,"template":"","format":"standard","meta":{"_acf_changed":false,"om_disable_all_campaigns":false,"rop_custom_images_group":[],"rop_custom_messages_group":[],"rop_publish_now":"initial","rop_publish_now_accounts":{"twitter_242054905_242054905":""},"rop_publish_now_history":[],"rop_publish_now_status":"pending","_uf_show_specific_survey":0,"_uf_disable_surveys":false,"footnotes":""},"categories":[722],"tags":[],"class_list":["post-5556","post","type-post","status-publish","format-standard","has-post-thumbnail","hentry","category-actualidad"],"acf":[],"aioseo_notices":[],"yoast_head":"<!-- This site is optimized with the Yoast SEO Premium plugin v24.9 (Yoast SEO v27.2) - https:\/\/yoast.com\/product\/yoast-seo-premium-wordpress\/ -->\n<title>ACAPULCO COMIENZA CON LA RECUPERACI\u00d3N DE SU CONECTIVIDAD A\u00c9REA. - M\u00e9xico<\/title>\n<meta name=\"robots\" content=\"index, follow, max-snippet:-1, max-image-preview:large, max-video-preview:-1\" \/>\n<link rel=\"canonical\" href=\"https:\/\/noti-america.com\/site\/mexico\/2020\/09\/07\/acapulco-comienza-con-la-recuperacion-de-su-conectividad-aerea\/\" \/>\n<meta property=\"og:locale\" content=\"es_ES\" \/>\n<meta property=\"og:type\" content=\"article\" \/>\n<meta property=\"og:title\" content=\"ACAPULCO COMIENZA CON LA RECUPERACI\u00d3N DE SU CONECTIVIDAD A\u00c9REA.\" \/>\n<meta property=\"og:description\" content=\"NOTI-AMERICA.COM (MEXICO) ACAPULCO COMIENZA CON LA RECUPERACI\u00d3N DE SU CONECTIVIDAD A\u00c9REA. Acapulco, Gro., Septiembre de 2020.- Acapulco comienza a recuperar su conectividad a\u00e9rea y Aerom\u00e9xico se suma en esta reactivaci\u00f3n con el reinicio de&#046;&#046;&#046;\" \/>\n<meta property=\"og:url\" content=\"https:\/\/noti-america.com\/site\/mexico\/2020\/09\/07\/acapulco-comienza-con-la-recuperacion-de-su-conectividad-aerea\/\" \/>\n<meta property=\"og:site_name\" content=\"M\u00e9xico\" \/>\n<meta property=\"article:published_time\" content=\"2020-09-07T19:59:13+00:00\" \/>\n<meta property=\"article:modified_time\" content=\"2020-09-07T23:59:18+00:00\" \/>\n<meta property=\"og:image\" content=\"https:\/\/noti-america.com\/site\/mexico\/wp-content\/uploads\/sites\/13\/2020\/09\/5f5683a88e8ce.jpeg\" \/>\n\t<meta property=\"og:image:width\" content=\"400\" \/>\n\t<meta property=\"og:image:height\" content=\"400\" \/>\n\t<meta property=\"og:image:type\" content=\"image\/jpeg\" \/>\n<meta name=\"author\" content=\"rloaiza\" \/>\n<meta name=\"twitter:card\" content=\"summary_large_image\" \/>\n<meta name=\"twitter:label1\" content=\"Escrito por\" \/>\n\t<meta name=\"twitter:data1\" content=\"rloaiza\" \/>\n\t<meta name=\"twitter:label2\" content=\"Tiempo estimado de lectura\" \/>\n\t<meta name=\"twitter:data2\" content=\"2 minutos\" \/>\n<script type=\"application\/ld+json\" class=\"yoast-schema-graph\">{\"@context\":\"https:\/\/schema.org\",\"@graph\":[{\"@type\":\"Article\",\"@id\":\"https:\/\/noti-america.com\/site\/mexico\/2020\/09\/07\/acapulco-comienza-con-la-recuperacion-de-su-conectividad-aerea\/#article\",\"isPartOf\":{\"@id\":\"https:\/\/noti-america.com\/site\/mexico\/2020\/09\/07\/acapulco-comienza-con-la-recuperacion-de-su-conectividad-aerea\/\"},\"author\":{\"name\":\"rloaiza\",\"@id\":\"https:\/\/noti-america.com\/site\/mexico\/#\/schema\/person\/a2e478ba496331ce89bcd0c731cd6533\"},\"headline\":\"ACAPULCO COMIENZA CON LA RECUPERACI\u00d3N DE SU CONECTIVIDAD A\u00c9REA.\",\"datePublished\":\"2020-09-07T19:59:13+00:00\",\"dateModified\":\"2020-09-07T23:59:18+00:00\",\"mainEntityOfPage\":{\"@id\":\"https:\/\/noti-america.com\/site\/mexico\/2020\/09\/07\/acapulco-comienza-con-la-recuperacion-de-su-conectividad-aerea\/\"},\"wordCount\":321,\"commentCount\":0,\"publisher\":{\"@id\":\"https:\/\/noti-america.com\/site\/mexico\/#organization\"},\"image\":{\"@id\":\"https:\/\/noti-america.com\/site\/mexico\/2020\/09\/07\/acapulco-comienza-con-la-recuperacion-de-su-conectividad-aerea\/#primaryimage\"},\"thumbnailUrl\":\"https:\/\/noti-america.com\/site\/mexico\/wp-content\/uploads\/sites\/13\/2020\/09\/5f5683a88e8ce.jpeg\",\"articleSection\":[\"Actualidad\"],\"inLanguage\":\"es\",\"potentialAction\":[{\"@type\":\"CommentAction\",\"name\":\"Comment\",\"target\":[\"https:\/\/noti-america.com\/site\/mexico\/2020\/09\/07\/acapulco-comienza-con-la-recuperacion-de-su-conectividad-aerea\/#respond\"]}]},{\"@type\":\"WebPage\",\"@id\":\"https:\/\/noti-america.com\/site\/mexico\/2020\/09\/07\/acapulco-comienza-con-la-recuperacion-de-su-conectividad-aerea\/\",\"url\":\"https:\/\/noti-america.com\/site\/mexico\/2020\/09\/07\/acapulco-comienza-con-la-recuperacion-de-su-conectividad-aerea\/\",\"name\":\"ACAPULCO COMIENZA CON LA RECUPERACI\u00d3N DE SU CONECTIVIDAD A\u00c9REA. - M\u00e9xico\",\"isPartOf\":{\"@id\":\"https:\/\/noti-america.com\/site\/mexico\/#website\"},\"primaryImageOfPage\":{\"@id\":\"https:\/\/noti-america.com\/site\/mexico\/2020\/09\/07\/acapulco-comienza-con-la-recuperacion-de-su-conectividad-aerea\/#primaryimage\"},\"image\":{\"@id\":\"https:\/\/noti-america.com\/site\/mexico\/2020\/09\/07\/acapulco-comienza-con-la-recuperacion-de-su-conectividad-aerea\/#primaryimage\"},\"thumbnailUrl\":\"https:\/\/noti-america.com\/site\/mexico\/wp-content\/uploads\/sites\/13\/2020\/09\/5f5683a88e8ce.jpeg\",\"datePublished\":\"2020-09-07T19:59:13+00:00\",\"dateModified\":\"2020-09-07T23:59:18+00:00\",\"breadcrumb\":{\"@id\":\"https:\/\/noti-america.com\/site\/mexico\/2020\/09\/07\/acapulco-comienza-con-la-recuperacion-de-su-conectividad-aerea\/#breadcrumb\"},\"inLanguage\":\"es\",\"potentialAction\":[{\"@type\":\"ReadAction\",\"target\":[\"https:\/\/noti-america.com\/site\/mexico\/2020\/09\/07\/acapulco-comienza-con-la-recuperacion-de-su-conectividad-aerea\/\"]}]},{\"@type\":\"ImageObject\",\"inLanguage\":\"es\",\"@id\":\"https:\/\/noti-america.com\/site\/mexico\/2020\/09\/07\/acapulco-comienza-con-la-recuperacion-de-su-conectividad-aerea\/#primaryimage\",\"url\":\"https:\/\/noti-america.com\/site\/mexico\/wp-content\/uploads\/sites\/13\/2020\/09\/5f5683a88e8ce.jpeg\",\"contentUrl\":\"https:\/\/noti-america.com\/site\/mexico\/wp-content\/uploads\/sites\/13\/2020\/09\/5f5683a88e8ce.jpeg\",\"width\":400,\"height\":400},{\"@type\":\"BreadcrumbList\",\"@id\":\"https:\/\/noti-america.com\/site\/mexico\/2020\/09\/07\/acapulco-comienza-con-la-recuperacion-de-su-conectividad-aerea\/#breadcrumb\",\"itemListElement\":[{\"@type\":\"ListItem\",\"position\":1,\"name\":\"Portada\",\"item\":\"https:\/\/noti-america.com\/site\/mexico\/\"},{\"@type\":\"ListItem\",\"position\":2,\"name\":\"ACAPULCO COMIENZA CON LA RECUPERACI\u00d3N DE SU CONECTIVIDAD A\u00c9REA.\"}]},{\"@type\":\"WebSite\",\"@id\":\"https:\/\/noti-america.com\/site\/mexico\/#website\",\"url\":\"https:\/\/noti-america.com\/site\/mexico\/\",\"name\":\"M\u00e9xico | Noti-America.com\",\"description\":\"\",\"publisher\":{\"@id\":\"https:\/\/noti-america.com\/site\/mexico\/#organization\"},\"potentialAction\":[{\"@type\":\"SearchAction\",\"target\":{\"@type\":\"EntryPoint\",\"urlTemplate\":\"https:\/\/noti-america.com\/site\/mexico\/?s={search_term_string}\"},\"query-input\":{\"@type\":\"PropertyValueSpecification\",\"valueRequired\":true,\"valueName\":\"search_term_string\"}}],\"inLanguage\":\"es\"},{\"@type\":\"Organization\",\"@id\":\"https:\/\/noti-america.com\/site\/mexico\/#organization\",\"name\":\"Noti-America LLC | M\u00e9xico\",\"url\":\"https:\/\/noti-america.com\/site\/mexico\/\",\"logo\":{\"@type\":\"ImageObject\",\"inLanguage\":\"es\",\"@id\":\"https:\/\/noti-america.com\/site\/mexico\/#\/schema\/logo\/image\/\",\"url\":\"https:\/\/noti-america.com\/site\/mexico\/wp-content\/uploads\/sites\/13\/2020\/07\/LogoNA-4x3-1.jpg\",\"contentUrl\":\"https:\/\/noti-america.com\/site\/mexico\/wp-content\/uploads\/sites\/13\/2020\/07\/LogoNA-4x3-1.jpg\",\"width\":1236,\"height\":1080,\"caption\":\"Noti-America LLC | M\u00e9xico\"},\"image\":{\"@id\":\"https:\/\/noti-america.com\/site\/mexico\/#\/schema\/logo\/image\/\"}},{\"@type\":\"Person\",\"@id\":\"https:\/\/noti-america.com\/site\/mexico\/#\/schema\/person\/a2e478ba496331ce89bcd0c731cd6533\",\"name\":\"rloaiza\",\"image\":{\"@type\":\"ImageObject\",\"inLanguage\":\"es\",\"@id\":\"https:\/\/secure.gravatar.com\/avatar\/190058e5d4427934610b99c45aa7a6558806850adedd53ddeddd194b04773e22?s=96&d=mm&r=g\",\"url\":\"https:\/\/secure.gravatar.com\/avatar\/190058e5d4427934610b99c45aa7a6558806850adedd53ddeddd194b04773e22?s=96&d=mm&r=g\",\"contentUrl\":\"https:\/\/secure.gravatar.com\/avatar\/190058e5d4427934610b99c45aa7a6558806850adedd53ddeddd194b04773e22?s=96&d=mm&r=g\",\"caption\":\"rloaiza\"},\"url\":\"https:\/\/noti-america.com\/site\/mexico\/author\/rloaiza\/\"}]}<\/script>\n<!-- \/ Yoast SEO Premium plugin. -->","yoast_head_json":{"title":"ACAPULCO COMIENZA CON LA RECUPERACI\u00d3N DE SU CONECTIVIDAD A\u00c9REA. - M\u00e9xico","robots":{"index":"index","follow":"follow","max-snippet":"max-snippet:-1","max-image-preview":"max-image-preview:large","max-video-preview":"max-video-preview:-1"},"canonical":"https:\/\/noti-america.com\/site\/mexico\/2020\/09\/07\/acapulco-comienza-con-la-recuperacion-de-su-conectividad-aerea\/","og_locale":"es_ES","og_type":"article","og_title":"ACAPULCO COMIENZA CON LA RECUPERACI\u00d3N DE SU CONECTIVIDAD A\u00c9REA.","og_description":"NOTI-AMERICA.COM (MEXICO) ACAPULCO COMIENZA CON LA RECUPERACI\u00d3N DE SU CONECTIVIDAD A\u00c9REA. Acapulco, Gro., Septiembre de 2020.- Acapulco comienza a recuperar su conectividad a\u00e9rea y Aerom\u00e9xico se suma en esta reactivaci\u00f3n con el reinicio de&#46;&#46;&#46;","og_url":"https:\/\/noti-america.com\/site\/mexico\/2020\/09\/07\/acapulco-comienza-con-la-recuperacion-de-su-conectividad-aerea\/","og_site_name":"M\u00e9xico","article_published_time":"2020-09-07T19:59:13+00:00","article_modified_time":"2020-09-07T23:59:18+00:00","og_image":[{"width":400,"height":400,"url":"https:\/\/noti-america.com\/site\/mexico\/wp-content\/uploads\/sites\/13\/2020\/09\/5f5683a88e8ce.jpeg","type":"image\/jpeg"}],"author":"rloaiza","twitter_card":"summary_large_image","twitter_misc":{"Escrito por":"rloaiza","Tiempo estimado de lectura":"2 minutos"},"schema":{"@context":"https:\/\/schema.org","@graph":[{"@type":"Article","@id":"https:\/\/noti-america.com\/site\/mexico\/2020\/09\/07\/acapulco-comienza-con-la-recuperacion-de-su-conectividad-aerea\/#article","isPartOf":{"@id":"https:\/\/noti-america.com\/site\/mexico\/2020\/09\/07\/acapulco-comienza-con-la-recuperacion-de-su-conectividad-aerea\/"},"author":{"name":"rloaiza","@id":"https:\/\/noti-america.com\/site\/mexico\/#\/schema\/person\/a2e478ba496331ce89bcd0c731cd6533"},"headline":"ACAPULCO COMIENZA CON LA RECUPERACI\u00d3N DE SU CONECTIVIDAD A\u00c9REA.","datePublished":"2020-09-07T19:59:13+00:00","dateModified":"2020-09-07T23:59:18+00:00","mainEntityOfPage":{"@id":"https:\/\/noti-america.com\/site\/mexico\/2020\/09\/07\/acapulco-comienza-con-la-recuperacion-de-su-conectividad-aerea\/"},"wordCount":321,"commentCount":0,"publisher":{"@id":"https:\/\/noti-america.com\/site\/mexico\/#organization"},"image":{"@id":"https:\/\/noti-america.com\/site\/mexico\/2020\/09\/07\/acapulco-comienza-con-la-recuperacion-de-su-conectividad-aerea\/#primaryimage"},"thumbnailUrl":"https:\/\/noti-america.com\/site\/mexico\/wp-content\/uploads\/sites\/13\/2020\/09\/5f5683a88e8ce.jpeg","articleSection":["Actualidad"],"inLanguage":"es","potentialAction":[{"@type":"CommentAction","name":"Comment","target":["https:\/\/noti-america.com\/site\/mexico\/2020\/09\/07\/acapulco-comienza-con-la-recuperacion-de-su-conectividad-aerea\/#respond"]}]},{"@type":"WebPage","@id":"https:\/\/noti-america.com\/site\/mexico\/2020\/09\/07\/acapulco-comienza-con-la-recuperacion-de-su-conectividad-aerea\/","url":"https:\/\/noti-america.com\/site\/mexico\/2020\/09\/07\/acapulco-comienza-con-la-recuperacion-de-su-conectividad-aerea\/","name":"ACAPULCO COMIENZA CON LA RECUPERACI\u00d3N DE SU CONECTIVIDAD A\u00c9REA. - M\u00e9xico","isPartOf":{"@id":"https:\/\/noti-america.com\/site\/mexico\/#website"},"primaryImageOfPage":{"@id":"https:\/\/noti-america.com\/site\/mexico\/2020\/09\/07\/acapulco-comienza-con-la-recuperacion-de-su-conectividad-aerea\/#primaryimage"},"image":{"@id":"https:\/\/noti-america.com\/site\/mexico\/2020\/09\/07\/acapulco-comienza-con-la-recuperacion-de-su-conectividad-aerea\/#primaryimage"},"thumbnailUrl":"https:\/\/noti-america.com\/site\/mexico\/wp-content\/uploads\/sites\/13\/2020\/09\/5f5683a88e8ce.jpeg","datePublished":"2020-09-07T19:59:13+00:00","dateModified":"2020-09-07T23:59:18+00:00","breadcrumb":{"@id":"https:\/\/noti-america.com\/site\/mexico\/2020\/09\/07\/acapulco-comienza-con-la-recuperacion-de-su-conectividad-aerea\/#breadcrumb"},"inLanguage":"es","potentialAction":[{"@type":"ReadAction","target":["https:\/\/noti-america.com\/site\/mexico\/2020\/09\/07\/acapulco-comienza-con-la-recuperacion-de-su-conectividad-aerea\/"]}]},{"@type":"ImageObject","inLanguage":"es","@id":"https:\/\/noti-america.com\/site\/mexico\/2020\/09\/07\/acapulco-comienza-con-la-recuperacion-de-su-conectividad-aerea\/#primaryimage","url":"https:\/\/noti-america.com\/site\/mexico\/wp-content\/uploads\/sites\/13\/2020\/09\/5f5683a88e8ce.jpeg","contentUrl":"https:\/\/noti-america.com\/site\/mexico\/wp-content\/uploads\/sites\/13\/2020\/09\/5f5683a88e8ce.jpeg","width":400,"height":400},{"@type":"BreadcrumbList","@id":"https:\/\/noti-america.com\/site\/mexico\/2020\/09\/07\/acapulco-comienza-con-la-recuperacion-de-su-conectividad-aerea\/#breadcrumb","itemListElement":[{"@type":"ListItem","position":1,"name":"Portada","item":"https:\/\/noti-america.com\/site\/mexico\/"},{"@type":"ListItem","position":2,"name":"ACAPULCO COMIENZA CON LA RECUPERACI\u00d3N DE SU CONECTIVIDAD A\u00c9REA."}]},{"@type":"WebSite","@id":"https:\/\/noti-america.com\/site\/mexico\/#website","url":"https:\/\/noti-america.com\/site\/mexico\/","name":"M\u00e9xico | Noti-America.com","description":"","publisher":{"@id":"https:\/\/noti-america.com\/site\/mexico\/#organization"},"potentialAction":[{"@type":"SearchAction","target":{"@type":"EntryPoint","urlTemplate":"https:\/\/noti-america.com\/site\/mexico\/?s={search_term_string}"},"query-input":{"@type":"PropertyValueSpecification","valueRequired":true,"valueName":"search_term_string"}}],"inLanguage":"es"},{"@type":"Organization","@id":"https:\/\/noti-america.com\/site\/mexico\/#organization","name":"Noti-America LLC | M\u00e9xico","url":"https:\/\/noti-america.com\/site\/mexico\/","logo":{"@type":"ImageObject","inLanguage":"es","@id":"https:\/\/noti-america.com\/site\/mexico\/#\/schema\/logo\/image\/","url":"https:\/\/noti-america.com\/site\/mexico\/wp-content\/uploads\/sites\/13\/2020\/07\/LogoNA-4x3-1.jpg","contentUrl":"https:\/\/noti-america.com\/site\/mexico\/wp-content\/uploads\/sites\/13\/2020\/07\/LogoNA-4x3-1.jpg","width":1236,"height":1080,"caption":"Noti-America LLC | M\u00e9xico"},"image":{"@id":"https:\/\/noti-america.com\/site\/mexico\/#\/schema\/logo\/image\/"}},{"@type":"Person","@id":"https:\/\/noti-america.com\/site\/mexico\/#\/schema\/person\/a2e478ba496331ce89bcd0c731cd6533","name":"rloaiza","image":{"@type":"ImageObject","inLanguage":"es","@id":"https:\/\/secure.gravatar.com\/avatar\/190058e5d4427934610b99c45aa7a6558806850adedd53ddeddd194b04773e22?s=96&d=mm&r=g","url":"https:\/\/secure.gravatar.com\/avatar\/190058e5d4427934610b99c45aa7a6558806850adedd53ddeddd194b04773e22?s=96&d=mm&r=g","contentUrl":"https:\/\/secure.gravatar.com\/avatar\/190058e5d4427934610b99c45aa7a6558806850adedd53ddeddd194b04773e22?s=96&d=mm&r=g","caption":"rloaiza"},"url":"https:\/\/noti-america.com\/site\/mexico\/author\/rloaiza\/"}]}},"_links":{"self":[{"href":"https:\/\/noti-america.com\/site\/mexico\/wp-json\/wp\/v2\/posts\/5556","targetHints":{"allow":["GET"]}}],"collection":[{"href":"https:\/\/noti-america.com\/site\/mexico\/wp-json\/wp\/v2\/posts"}],"about":[{"href":"https:\/\/noti-america.com\/site\/mexico\/wp-json\/wp\/v2\/types\/post"}],"author":[{"embeddable":true,"href":"https:\/\/noti-america.com\/site\/mexico\/wp-json\/wp\/v2\/users\/2"}],"replies":[{"embeddable":true,"href":"https:\/\/noti-america.com\/site\/mexico\/wp-json\/wp\/v2\/comments?post=5556"}],"version-history":[{"count":1,"href":"https:\/\/noti-america.com\/site\/mexico\/wp-json\/wp\/v2\/posts\/5556\/revisions"}],"predecessor-version":[{"id":5558,"href":"https:\/\/noti-america.com\/site\/mexico\/wp-json\/wp\/v2\/posts\/5556\/revisions\/5558"}],"wp:featuredmedia":[{"embeddable":true,"href":"https:\/\/noti-america.com\/site\/mexico\/wp-json\/wp\/v2\/media\/5557"}],"wp:attachment":[{"href":"https:\/\/noti-america.com\/site\/mexico\/wp-json\/wp\/v2\/media?parent=5556"}],"wp:term":[{"taxonomy":"category","embeddable":true,"href":"https:\/\/noti-america.com\/site\/mexico\/wp-json\/wp\/v2\/categories?post=5556"},{"taxonomy":"post_tag","embeddable":true,"href":"https:\/\/noti-america.com\/site\/mexico\/wp-json\/wp\/v2\/tags?post=5556"}],"curies":[{"name":"wp","href":"https:\/\/api.w.org\/{rel}","templated":true}]}}