{"id":5439,"date":"2020-08-19T05:13:37","date_gmt":"2020-08-19T05:13:37","guid":{"rendered":"https:\/\/noti-america.com\/site\/mexico\/?p=5439"},"modified":"2020-08-19T05:13:37","modified_gmt":"2020-08-19T05:13:37","slug":"negocios-con-adn-femenino-un-espacio-para-crecer-entre-mujeres","status":"publish","type":"post","link":"https:\/\/noti-america.com\/site\/mexico\/2020\/08\/19\/negocios-con-adn-femenino-un-espacio-para-crecer-entre-mujeres\/","title":{"rendered":"Negocios con ADN Femenino, un espacio para crecer entre mujeres."},"content":{"rendered":"<p><strong>NOTI-AM\u00c9RICA (M\u00c9XICO)<\/strong><\/p>\n<p>&nbsp;<\/p>\n<p><strong>M\u00e9xico,D.F.<\/strong><\/p>\n<p>Si mis tacones hablaran, dir\u00edan que es hora de que los cambie por unos m\u00e1s resistentes.<\/p>\n<p>As\u00ed inicia esta traves\u00eda\u2026<\/p>\n<p style=\"text-align: justify\">El Mundo de los negocios a trav\u00e9s de la historia ha cambiado significativamente, los modelos a utilizar han variado de acuerdo a los cambios de la sociedad mundial, y con ello el hecho del fortalecimiento del g\u00e9nero femenino, como factor fundamental en el avance de los Pa\u00edses.<\/p>\n<p style=\"text-align: justify\">Por ello, es necesario seguir haciendo eco de todos los esfuerzos y avances que han tenido las mujeres en las diferentes acciones realizadas a lo largo de la historia de la sociedad en pro de la igualdad de g\u00e9nero enmarcado en la lucha por sus derechos, por reconocimiento laboral, protecci\u00f3n social y equidad.<\/p>\n<p style=\"text-align: justify\">Negocios con ADN femenino, es un espacio para crecer, para realizar networking, para apoyarnos entre mujeres y fortalecernos como seres humanos e individuos de una sociedad. Se comparte la filosof\u00eda de la igualdad, profesionalizaci\u00f3n, seguridad, reconocimiento y emprendimiento, sustentando sus bases\u00a0 en el Objetivo 5 de Desarrollo sostenible de la Agenda 2030.<\/p>\n<p style=\"text-align: justify\">Yo como Mujer emprendedora, Venezolana de retos quiero llevar mi voz a trav\u00e9s de este proyecto para contribuir en el desarrollo del talento femenino, a trav\u00e9s de los negocios, transformaci\u00f3n personal y crecimiento profesional.<\/p>\n<p style=\"text-align: justify\">Quiero ser la voz de las mujeres que a\u00fan se silencian, que les falta el impulso para salir adelante, que requieren seguir viendo mujeres comunes como yo que se atrevieron a SER y a desarrollar sus talentos. Quiero que a trav\u00e9s de Negocios con ADN femenino, emergen cosas diferentes, emprendimientos, ideas innovadoras que se fomentan entre todo un clan de mujeres.<\/p>\n<p>Este espacio es para crecer, impulsar acciones que fomenten el crecimiento femenino bajo la premisa del respeto, solidaridad y apoyo.<\/p>\n<p style=\"text-align: justify\"><strong>\u00bfPor qu\u00e9 es de rigor que cada una de las mujeres lo hagamos?<\/strong> Porque en el mundo, mayormente en Latinoam\u00e9rica a\u00fan faltan ocupar espacios para nosotras, donde llegue nuestro liderazgo, y cada d\u00eda se desarrollen grandes ideas. Yo a\u00fan sigo en Venezuela, un Pa\u00eds v\u00edctima de una gesti\u00f3n desorganizada, corrupta y criminal, donde d\u00eda a d\u00eda se lucha por sobrevivir y no dejar de crecer profesionalmente; pero es muy fuerte levantarse cada d\u00eda fortalecida en nuestras creencias, por eso es junto contar con cada una nosotras y formar v\u00ednculos de fraternidad y colaboraci\u00f3n, donde el verdadero amor al pr\u00f3jimo sea la base de toda creencia, y el impulso a querer y desear ser Mejores Personas.<\/p>\n<p>Y\u00a0 me despido con esta frase feminista:<\/p>\n<p><em>\u201cUsted no puede esperar construir un mundo mejor sin mejorar a las personas. Cada uno de nosotros debe trabajar para su propia mejora\u201d.<\/em><strong> Marie Curie <\/strong><\/p>\n<p style=\"text-align: justify\">Cient\u00edfica polaca nacionalizada francesa ganadora de 2 Premios Nobel en diferentes categor\u00edas F\u00edsica y Qu\u00edmica, y cuyos aporte a la humanidad fueron determinantes para la vida de todos nosotros<strong>.<\/strong><\/p>\n<p><strong>Escrito por:<\/strong><\/p>\n<p><strong>Yfigenia Moreno, <em><u>una Businesswoman Irreverentemente Emprendedora<\/u><\/em><\/strong><\/p>\n<p><strong>Instagram<\/strong><\/p>\n<p>@yfigenia<\/p>\n<p>@negociosconadnfemenino<\/p>\n<p><strong>Facebook<\/strong>; Fan Page Negocios con ADN Femenino<\/p>\n<p><strong>Fan Page<\/strong> Business Woman Yfigenia<\/p>\n<p><strong>Correo:<\/strong> negociosconadnfemenino@gmail.com<\/p>\n","protected":false},"excerpt":{"rendered":"<p>NOTI-AM\u00c9RICA (M\u00c9XICO) &nbsp; M\u00e9xico,D.F. Si mis tacones hablaran, dir\u00edan que es hora de que los cambie por unos m\u00e1s resistentes. As\u00ed inicia esta traves\u00eda\u2026 El Mundo de los negocios a trav\u00e9s de la historia&#46;&#46;&#46;<\/p>\n","protected":false},"author":87,"featured_media":5440,"comment_status":"open","ping_status":"open","sticky":false,"template":"","format":"image","meta":{"_acf_changed":false,"om_disable_all_campaigns":false,"rop_custom_images_group":[],"rop_custom_messages_group":[],"rop_publish_now":"initial","rop_publish_now_accounts":{"twitter_242054905_242054905":""},"rop_publish_now_history":[],"rop_publish_now_status":"pending","_uf_show_specific_survey":0,"_uf_disable_surveys":false,"footnotes":""},"categories":[699],"tags":[],"class_list":["post-5439","post","type-post","status-publish","format-image","has-post-thumbnail","hentry","category-emprendimiento","post_format-post-format-image"],"acf":[],"aioseo_notices":[],"yoast_head":"<!-- This site is optimized with the Yoast SEO Premium plugin v24.9 (Yoast SEO v27.2) - https:\/\/yoast.com\/product\/yoast-seo-premium-wordpress\/ -->\n<title>Negocios con ADN Femenino, un espacio para crecer entre mujeres. - M\u00e9xico<\/title>\n<meta name=\"robots\" content=\"index, follow, max-snippet:-1, max-image-preview:large, max-video-preview:-1\" \/>\n<link rel=\"canonical\" href=\"https:\/\/noti-america.com\/site\/mexico\/2020\/08\/19\/negocios-con-adn-femenino-un-espacio-para-crecer-entre-mujeres\/\" \/>\n<meta property=\"og:locale\" content=\"es_ES\" \/>\n<meta property=\"og:type\" content=\"article\" \/>\n<meta property=\"og:title\" content=\"Negocios con ADN Femenino, un espacio para crecer entre mujeres.\" \/>\n<meta property=\"og:description\" content=\"NOTI-AM\u00c9RICA (M\u00c9XICO) &nbsp; M\u00e9xico,D.F. Si mis tacones hablaran, dir\u00edan que es hora de que los cambie por unos m\u00e1s resistentes. As\u00ed inicia esta traves\u00eda\u2026 El Mundo de los negocios a trav\u00e9s de la historia&#046;&#046;&#046;\" \/>\n<meta property=\"og:url\" content=\"https:\/\/noti-america.com\/site\/mexico\/2020\/08\/19\/negocios-con-adn-femenino-un-espacio-para-crecer-entre-mujeres\/\" \/>\n<meta property=\"og:site_name\" content=\"M\u00e9xico\" \/>\n<meta property=\"article:published_time\" content=\"2020-08-19T05:13:37+00:00\" \/>\n<meta property=\"og:image\" content=\"https:\/\/noti-america.com\/site\/mexico\/wp-content\/uploads\/sites\/13\/2020\/08\/NEGOCIOS-CON-ADN-FEMENINO_Mesa-de-trabajo-1.png\" \/>\n\t<meta property=\"og:image:width\" content=\"3300\" \/>\n\t<meta property=\"og:image:height\" content=\"2550\" \/>\n\t<meta property=\"og:image:type\" content=\"image\/png\" \/>\n<meta name=\"author\" content=\"CAMH\" \/>\n<meta name=\"twitter:card\" content=\"summary_large_image\" \/>\n<meta name=\"twitter:label1\" content=\"Escrito por\" \/>\n\t<meta name=\"twitter:data1\" content=\"CAMH\" \/>\n\t<meta name=\"twitter:label2\" content=\"Tiempo estimado de lectura\" \/>\n\t<meta name=\"twitter:data2\" content=\"3 minutos\" \/>\n<script type=\"application\/ld+json\" class=\"yoast-schema-graph\">{\"@context\":\"https:\/\/schema.org\",\"@graph\":[{\"@type\":\"Article\",\"@id\":\"https:\/\/noti-america.com\/site\/mexico\/2020\/08\/19\/negocios-con-adn-femenino-un-espacio-para-crecer-entre-mujeres\/#article\",\"isPartOf\":{\"@id\":\"https:\/\/noti-america.com\/site\/mexico\/2020\/08\/19\/negocios-con-adn-femenino-un-espacio-para-crecer-entre-mujeres\/\"},\"author\":{\"name\":\"CAMH\",\"@id\":\"https:\/\/noti-america.com\/site\/mexico\/#\/schema\/person\/e13880b4308eea6926b271284605ef72\"},\"headline\":\"Negocios con ADN Femenino, un espacio para crecer entre mujeres.\",\"datePublished\":\"2020-08-19T05:13:37+00:00\",\"mainEntityOfPage\":{\"@id\":\"https:\/\/noti-america.com\/site\/mexico\/2020\/08\/19\/negocios-con-adn-femenino-un-espacio-para-crecer-entre-mujeres\/\"},\"wordCount\":538,\"commentCount\":0,\"publisher\":{\"@id\":\"https:\/\/noti-america.com\/site\/mexico\/#organization\"},\"image\":{\"@id\":\"https:\/\/noti-america.com\/site\/mexico\/2020\/08\/19\/negocios-con-adn-femenino-un-espacio-para-crecer-entre-mujeres\/#primaryimage\"},\"thumbnailUrl\":\"https:\/\/noti-america.com\/site\/mexico\/wp-content\/uploads\/sites\/13\/2020\/08\/NEGOCIOS-CON-ADN-FEMENINO_Mesa-de-trabajo-1.png\",\"articleSection\":[\"Emprendimiento\"],\"inLanguage\":\"es\",\"potentialAction\":[{\"@type\":\"CommentAction\",\"name\":\"Comment\",\"target\":[\"https:\/\/noti-america.com\/site\/mexico\/2020\/08\/19\/negocios-con-adn-femenino-un-espacio-para-crecer-entre-mujeres\/#respond\"]}]},{\"@type\":\"WebPage\",\"@id\":\"https:\/\/noti-america.com\/site\/mexico\/2020\/08\/19\/negocios-con-adn-femenino-un-espacio-para-crecer-entre-mujeres\/\",\"url\":\"https:\/\/noti-america.com\/site\/mexico\/2020\/08\/19\/negocios-con-adn-femenino-un-espacio-para-crecer-entre-mujeres\/\",\"name\":\"Negocios con ADN Femenino, un espacio para crecer entre mujeres. - M\u00e9xico\",\"isPartOf\":{\"@id\":\"https:\/\/noti-america.com\/site\/mexico\/#website\"},\"primaryImageOfPage\":{\"@id\":\"https:\/\/noti-america.com\/site\/mexico\/2020\/08\/19\/negocios-con-adn-femenino-un-espacio-para-crecer-entre-mujeres\/#primaryimage\"},\"image\":{\"@id\":\"https:\/\/noti-america.com\/site\/mexico\/2020\/08\/19\/negocios-con-adn-femenino-un-espacio-para-crecer-entre-mujeres\/#primaryimage\"},\"thumbnailUrl\":\"https:\/\/noti-america.com\/site\/mexico\/wp-content\/uploads\/sites\/13\/2020\/08\/NEGOCIOS-CON-ADN-FEMENINO_Mesa-de-trabajo-1.png\",\"datePublished\":\"2020-08-19T05:13:37+00:00\",\"breadcrumb\":{\"@id\":\"https:\/\/noti-america.com\/site\/mexico\/2020\/08\/19\/negocios-con-adn-femenino-un-espacio-para-crecer-entre-mujeres\/#breadcrumb\"},\"inLanguage\":\"es\",\"potentialAction\":[{\"@type\":\"ReadAction\",\"target\":[\"https:\/\/noti-america.com\/site\/mexico\/2020\/08\/19\/negocios-con-adn-femenino-un-espacio-para-crecer-entre-mujeres\/\"]}]},{\"@type\":\"ImageObject\",\"inLanguage\":\"es\",\"@id\":\"https:\/\/noti-america.com\/site\/mexico\/2020\/08\/19\/negocios-con-adn-femenino-un-espacio-para-crecer-entre-mujeres\/#primaryimage\",\"url\":\"https:\/\/noti-america.com\/site\/mexico\/wp-content\/uploads\/sites\/13\/2020\/08\/NEGOCIOS-CON-ADN-FEMENINO_Mesa-de-trabajo-1.png\",\"contentUrl\":\"https:\/\/noti-america.com\/site\/mexico\/wp-content\/uploads\/sites\/13\/2020\/08\/NEGOCIOS-CON-ADN-FEMENINO_Mesa-de-trabajo-1.png\",\"width\":3300,\"height\":2550},{\"@type\":\"BreadcrumbList\",\"@id\":\"https:\/\/noti-america.com\/site\/mexico\/2020\/08\/19\/negocios-con-adn-femenino-un-espacio-para-crecer-entre-mujeres\/#breadcrumb\",\"itemListElement\":[{\"@type\":\"ListItem\",\"position\":1,\"name\":\"Portada\",\"item\":\"https:\/\/noti-america.com\/site\/mexico\/\"},{\"@type\":\"ListItem\",\"position\":2,\"name\":\"Negocios con ADN Femenino, un espacio para crecer entre mujeres.\"}]},{\"@type\":\"WebSite\",\"@id\":\"https:\/\/noti-america.com\/site\/mexico\/#website\",\"url\":\"https:\/\/noti-america.com\/site\/mexico\/\",\"name\":\"M\u00e9xico | Noti-America.com\",\"description\":\"\",\"publisher\":{\"@id\":\"https:\/\/noti-america.com\/site\/mexico\/#organization\"},\"potentialAction\":[{\"@type\":\"SearchAction\",\"target\":{\"@type\":\"EntryPoint\",\"urlTemplate\":\"https:\/\/noti-america.com\/site\/mexico\/?s={search_term_string}\"},\"query-input\":{\"@type\":\"PropertyValueSpecification\",\"valueRequired\":true,\"valueName\":\"search_term_string\"}}],\"inLanguage\":\"es\"},{\"@type\":\"Organization\",\"@id\":\"https:\/\/noti-america.com\/site\/mexico\/#organization\",\"name\":\"Noti-America LLC | M\u00e9xico\",\"url\":\"https:\/\/noti-america.com\/site\/mexico\/\",\"logo\":{\"@type\":\"ImageObject\",\"inLanguage\":\"es\",\"@id\":\"https:\/\/noti-america.com\/site\/mexico\/#\/schema\/logo\/image\/\",\"url\":\"https:\/\/noti-america.com\/site\/mexico\/wp-content\/uploads\/sites\/13\/2020\/07\/LogoNA-4x3-1.jpg\",\"contentUrl\":\"https:\/\/noti-america.com\/site\/mexico\/wp-content\/uploads\/sites\/13\/2020\/07\/LogoNA-4x3-1.jpg\",\"width\":1236,\"height\":1080,\"caption\":\"Noti-America LLC | M\u00e9xico\"},\"image\":{\"@id\":\"https:\/\/noti-america.com\/site\/mexico\/#\/schema\/logo\/image\/\"}},{\"@type\":\"Person\",\"@id\":\"https:\/\/noti-america.com\/site\/mexico\/#\/schema\/person\/e13880b4308eea6926b271284605ef72\",\"name\":\"CAMH\",\"image\":{\"@type\":\"ImageObject\",\"inLanguage\":\"es\",\"@id\":\"https:\/\/secure.gravatar.com\/avatar\/82aa99c723cbed2b304797bc218a5542b5a94d7f5d0ba3b39650aef53c28ecf5?s=96&d=mm&r=g\",\"url\":\"https:\/\/secure.gravatar.com\/avatar\/82aa99c723cbed2b304797bc218a5542b5a94d7f5d0ba3b39650aef53c28ecf5?s=96&d=mm&r=g\",\"contentUrl\":\"https:\/\/secure.gravatar.com\/avatar\/82aa99c723cbed2b304797bc218a5542b5a94d7f5d0ba3b39650aef53c28ecf5?s=96&d=mm&r=g\",\"caption\":\"CAMH\"},\"url\":\"https:\/\/noti-america.com\/site\/mexico\/author\/cmitchell\/\"}]}<\/script>\n<!-- \/ Yoast SEO Premium plugin. -->","yoast_head_json":{"title":"Negocios con ADN Femenino, un espacio para crecer entre mujeres. - M\u00e9xico","robots":{"index":"index","follow":"follow","max-snippet":"max-snippet:-1","max-image-preview":"max-image-preview:large","max-video-preview":"max-video-preview:-1"},"canonical":"https:\/\/noti-america.com\/site\/mexico\/2020\/08\/19\/negocios-con-adn-femenino-un-espacio-para-crecer-entre-mujeres\/","og_locale":"es_ES","og_type":"article","og_title":"Negocios con ADN Femenino, un espacio para crecer entre mujeres.","og_description":"NOTI-AM\u00c9RICA (M\u00c9XICO) &nbsp; M\u00e9xico,D.F. Si mis tacones hablaran, dir\u00edan que es hora de que los cambie por unos m\u00e1s resistentes. As\u00ed inicia esta traves\u00eda\u2026 El Mundo de los negocios a trav\u00e9s de la historia&#46;&#46;&#46;","og_url":"https:\/\/noti-america.com\/site\/mexico\/2020\/08\/19\/negocios-con-adn-femenino-un-espacio-para-crecer-entre-mujeres\/","og_site_name":"M\u00e9xico","article_published_time":"2020-08-19T05:13:37+00:00","og_image":[{"width":3300,"height":2550,"url":"https:\/\/noti-america.com\/site\/mexico\/wp-content\/uploads\/sites\/13\/2020\/08\/NEGOCIOS-CON-ADN-FEMENINO_Mesa-de-trabajo-1.png","type":"image\/png"}],"author":"CAMH","twitter_card":"summary_large_image","twitter_misc":{"Escrito por":"CAMH","Tiempo estimado de lectura":"3 minutos"},"schema":{"@context":"https:\/\/schema.org","@graph":[{"@type":"Article","@id":"https:\/\/noti-america.com\/site\/mexico\/2020\/08\/19\/negocios-con-adn-femenino-un-espacio-para-crecer-entre-mujeres\/#article","isPartOf":{"@id":"https:\/\/noti-america.com\/site\/mexico\/2020\/08\/19\/negocios-con-adn-femenino-un-espacio-para-crecer-entre-mujeres\/"},"author":{"name":"CAMH","@id":"https:\/\/noti-america.com\/site\/mexico\/#\/schema\/person\/e13880b4308eea6926b271284605ef72"},"headline":"Negocios con ADN Femenino, un espacio para crecer entre mujeres.","datePublished":"2020-08-19T05:13:37+00:00","mainEntityOfPage":{"@id":"https:\/\/noti-america.com\/site\/mexico\/2020\/08\/19\/negocios-con-adn-femenino-un-espacio-para-crecer-entre-mujeres\/"},"wordCount":538,"commentCount":0,"publisher":{"@id":"https:\/\/noti-america.com\/site\/mexico\/#organization"},"image":{"@id":"https:\/\/noti-america.com\/site\/mexico\/2020\/08\/19\/negocios-con-adn-femenino-un-espacio-para-crecer-entre-mujeres\/#primaryimage"},"thumbnailUrl":"https:\/\/noti-america.com\/site\/mexico\/wp-content\/uploads\/sites\/13\/2020\/08\/NEGOCIOS-CON-ADN-FEMENINO_Mesa-de-trabajo-1.png","articleSection":["Emprendimiento"],"inLanguage":"es","potentialAction":[{"@type":"CommentAction","name":"Comment","target":["https:\/\/noti-america.com\/site\/mexico\/2020\/08\/19\/negocios-con-adn-femenino-un-espacio-para-crecer-entre-mujeres\/#respond"]}]},{"@type":"WebPage","@id":"https:\/\/noti-america.com\/site\/mexico\/2020\/08\/19\/negocios-con-adn-femenino-un-espacio-para-crecer-entre-mujeres\/","url":"https:\/\/noti-america.com\/site\/mexico\/2020\/08\/19\/negocios-con-adn-femenino-un-espacio-para-crecer-entre-mujeres\/","name":"Negocios con ADN Femenino, un espacio para crecer entre mujeres. - M\u00e9xico","isPartOf":{"@id":"https:\/\/noti-america.com\/site\/mexico\/#website"},"primaryImageOfPage":{"@id":"https:\/\/noti-america.com\/site\/mexico\/2020\/08\/19\/negocios-con-adn-femenino-un-espacio-para-crecer-entre-mujeres\/#primaryimage"},"image":{"@id":"https:\/\/noti-america.com\/site\/mexico\/2020\/08\/19\/negocios-con-adn-femenino-un-espacio-para-crecer-entre-mujeres\/#primaryimage"},"thumbnailUrl":"https:\/\/noti-america.com\/site\/mexico\/wp-content\/uploads\/sites\/13\/2020\/08\/NEGOCIOS-CON-ADN-FEMENINO_Mesa-de-trabajo-1.png","datePublished":"2020-08-19T05:13:37+00:00","breadcrumb":{"@id":"https:\/\/noti-america.com\/site\/mexico\/2020\/08\/19\/negocios-con-adn-femenino-un-espacio-para-crecer-entre-mujeres\/#breadcrumb"},"inLanguage":"es","potentialAction":[{"@type":"ReadAction","target":["https:\/\/noti-america.com\/site\/mexico\/2020\/08\/19\/negocios-con-adn-femenino-un-espacio-para-crecer-entre-mujeres\/"]}]},{"@type":"ImageObject","inLanguage":"es","@id":"https:\/\/noti-america.com\/site\/mexico\/2020\/08\/19\/negocios-con-adn-femenino-un-espacio-para-crecer-entre-mujeres\/#primaryimage","url":"https:\/\/noti-america.com\/site\/mexico\/wp-content\/uploads\/sites\/13\/2020\/08\/NEGOCIOS-CON-ADN-FEMENINO_Mesa-de-trabajo-1.png","contentUrl":"https:\/\/noti-america.com\/site\/mexico\/wp-content\/uploads\/sites\/13\/2020\/08\/NEGOCIOS-CON-ADN-FEMENINO_Mesa-de-trabajo-1.png","width":3300,"height":2550},{"@type":"BreadcrumbList","@id":"https:\/\/noti-america.com\/site\/mexico\/2020\/08\/19\/negocios-con-adn-femenino-un-espacio-para-crecer-entre-mujeres\/#breadcrumb","itemListElement":[{"@type":"ListItem","position":1,"name":"Portada","item":"https:\/\/noti-america.com\/site\/mexico\/"},{"@type":"ListItem","position":2,"name":"Negocios con ADN Femenino, un espacio para crecer entre mujeres."}]},{"@type":"WebSite","@id":"https:\/\/noti-america.com\/site\/mexico\/#website","url":"https:\/\/noti-america.com\/site\/mexico\/","name":"M\u00e9xico | Noti-America.com","description":"","publisher":{"@id":"https:\/\/noti-america.com\/site\/mexico\/#organization"},"potentialAction":[{"@type":"SearchAction","target":{"@type":"EntryPoint","urlTemplate":"https:\/\/noti-america.com\/site\/mexico\/?s={search_term_string}"},"query-input":{"@type":"PropertyValueSpecification","valueRequired":true,"valueName":"search_term_string"}}],"inLanguage":"es"},{"@type":"Organization","@id":"https:\/\/noti-america.com\/site\/mexico\/#organization","name":"Noti-America LLC | M\u00e9xico","url":"https:\/\/noti-america.com\/site\/mexico\/","logo":{"@type":"ImageObject","inLanguage":"es","@id":"https:\/\/noti-america.com\/site\/mexico\/#\/schema\/logo\/image\/","url":"https:\/\/noti-america.com\/site\/mexico\/wp-content\/uploads\/sites\/13\/2020\/07\/LogoNA-4x3-1.jpg","contentUrl":"https:\/\/noti-america.com\/site\/mexico\/wp-content\/uploads\/sites\/13\/2020\/07\/LogoNA-4x3-1.jpg","width":1236,"height":1080,"caption":"Noti-America LLC | M\u00e9xico"},"image":{"@id":"https:\/\/noti-america.com\/site\/mexico\/#\/schema\/logo\/image\/"}},{"@type":"Person","@id":"https:\/\/noti-america.com\/site\/mexico\/#\/schema\/person\/e13880b4308eea6926b271284605ef72","name":"CAMH","image":{"@type":"ImageObject","inLanguage":"es","@id":"https:\/\/secure.gravatar.com\/avatar\/82aa99c723cbed2b304797bc218a5542b5a94d7f5d0ba3b39650aef53c28ecf5?s=96&d=mm&r=g","url":"https:\/\/secure.gravatar.com\/avatar\/82aa99c723cbed2b304797bc218a5542b5a94d7f5d0ba3b39650aef53c28ecf5?s=96&d=mm&r=g","contentUrl":"https:\/\/secure.gravatar.com\/avatar\/82aa99c723cbed2b304797bc218a5542b5a94d7f5d0ba3b39650aef53c28ecf5?s=96&d=mm&r=g","caption":"CAMH"},"url":"https:\/\/noti-america.com\/site\/mexico\/author\/cmitchell\/"}]}},"_links":{"self":[{"href":"https:\/\/noti-america.com\/site\/mexico\/wp-json\/wp\/v2\/posts\/5439","targetHints":{"allow":["GET"]}}],"collection":[{"href":"https:\/\/noti-america.com\/site\/mexico\/wp-json\/wp\/v2\/posts"}],"about":[{"href":"https:\/\/noti-america.com\/site\/mexico\/wp-json\/wp\/v2\/types\/post"}],"author":[{"embeddable":true,"href":"https:\/\/noti-america.com\/site\/mexico\/wp-json\/wp\/v2\/users\/87"}],"replies":[{"embeddable":true,"href":"https:\/\/noti-america.com\/site\/mexico\/wp-json\/wp\/v2\/comments?post=5439"}],"version-history":[{"count":1,"href":"https:\/\/noti-america.com\/site\/mexico\/wp-json\/wp\/v2\/posts\/5439\/revisions"}],"predecessor-version":[{"id":5441,"href":"https:\/\/noti-america.com\/site\/mexico\/wp-json\/wp\/v2\/posts\/5439\/revisions\/5441"}],"wp:featuredmedia":[{"embeddable":true,"href":"https:\/\/noti-america.com\/site\/mexico\/wp-json\/wp\/v2\/media\/5440"}],"wp:attachment":[{"href":"https:\/\/noti-america.com\/site\/mexico\/wp-json\/wp\/v2\/media?parent=5439"}],"wp:term":[{"taxonomy":"category","embeddable":true,"href":"https:\/\/noti-america.com\/site\/mexico\/wp-json\/wp\/v2\/categories?post=5439"},{"taxonomy":"post_tag","embeddable":true,"href":"https:\/\/noti-america.com\/site\/mexico\/wp-json\/wp\/v2\/tags?post=5439"}],"curies":[{"name":"wp","href":"https:\/\/api.w.org\/{rel}","templated":true}]}}