{"id":5394,"date":"2020-08-06T02:27:47","date_gmt":"2020-08-06T02:27:47","guid":{"rendered":"https:\/\/noti-america.com\/site\/mexico\/?p=5394"},"modified":"2020-08-06T21:11:47","modified_gmt":"2020-08-06T21:11:47","slug":"methet2-protagoniza-alianza-estrategica-con-el-instituto-neuroevolucion-en-mexico","status":"publish","type":"post","link":"https:\/\/noti-america.com\/site\/mexico\/2020\/08\/06\/methet2-protagoniza-alianza-estrategica-con-el-instituto-neuroevolucion-en-mexico\/","title":{"rendered":"Met2Het2 protagoniza alianza estrat\u00e9gica con el Instituto Neuroevoluci\u00f3n en M\u00e9xico"},"content":{"rendered":"<p style=\"text-align: justify;background: white;vertical-align: baseline;margin: 0cm 0cm 12.0pt 0cm\"><span style=\"color: black\">La ma\u00f1ana del domingo 3 de agosto, en conferencia virtual por Zoom, se llev\u00f3 a cabo la firma estrat\u00e9gica entre la Organizaci\u00f3n Internacional de empresarios Met2Het2, cuya representante fue su misma presidenta, la Ing. Carbery Mitchell, y el Centro Universitario NeuroEvoluci\u00f3n, cuya representante fue la Dra. Macri Barrera desde M\u00e9xico, directora de dicha instituci\u00f3n educativa.<\/span><\/p>\n<p style=\"text-align: justify;background: white;vertical-align: baseline;line-height: inherit;margin: 0cm 0cm 12.0pt 0cm\"><span style=\"color: black\">Participaron, remotamente desde sus distintos pa\u00edses, personalidades de m\u00faltiples disciplinas en representaci\u00f3n de sus respectivas organizaciones, desde el Coaching hasta expertos en Comunicaci\u00f3n y otras \u00e1reas del saber. Cada participante expres\u00f3 su agradecimiento a la distinguida Presidente de Met2Het2 International, Carbery Mitchell, por sus destacables logros en cuanto al desempe\u00f1o y crecimiento de su colectivo laboral, como es prueba de ello esta alianza estrat\u00e9gica entre ambos organismos.<\/span><\/p>\n<p style=\"text-align: justify;background: white;vertical-align: baseline;line-height: inherit;margin: 0cm 0cm 12.0pt 0cm\"><span style=\"color: black\">La Ing. Carbery Mitchell, en su elocuente agradecimiento a los invitados y a los miembros de Met2Het2, expres\u00f3 con amor este proyecto y sus intenciones de no detenerse en su misi\u00f3n de brindar crecimiento a esta empresa, as\u00ed como a todos los que son parte de ella. Por su parte, la Dra. Macri Barrera dio efusivamente las gracias por el apoyo brindado y por esta nueva alianza estrat\u00e9gica. Dentro del trabajo que realiza la Dra. Barrera y su equipo en el Centro Universitario NeuroEvoluci\u00f3n cabe destacar su modelo educativo Neuro E3.0, el cual integra disciplinas como la neurociencia, la programaci\u00f3n neuroling\u00fc\u00edstica, la inteligencia emocional y la formaci\u00f3n financiera, entre otros.<\/span><\/p>\n<p style=\"text-align: justify;background: white;vertical-align: baseline;line-height: inherit;margin: 0cm 0cm 12.0pt 0cm\"><span style=\"color: black\">Met2Het2 International, por su parte, impulsa el empoderamiento y la cultura del emprendimiento en diversos \u00e1mbitos y de varias formas, apoy\u00e1ndose en el uso de la tecnolog\u00eda y las redes sociales. Bajo esta base ha sido creada la Uni\u00f3n Internacional de Empresarios, una plataforma de networking a nivel global enfocada en beneficiar a empresarios de medianas y grandes empresas.<\/span><\/p>\n","protected":false},"excerpt":{"rendered":"<p>La ma\u00f1ana del domingo 3 de agosto, en conferencia virtual por Zoom, se llev\u00f3 a cabo la firma estrat\u00e9gica entre la Organizaci\u00f3n Internacional de empresarios Met2Het2, cuya representante fue su misma presidenta, la Ing.&#46;&#46;&#46;<\/p>\n","protected":false},"author":103,"featured_media":5395,"comment_status":"open","ping_status":"open","sticky":false,"template":"","format":"standard","meta":{"_acf_changed":false,"om_disable_all_campaigns":false,"rop_custom_images_group":[],"rop_custom_messages_group":[],"rop_publish_now":"initial","rop_publish_now_accounts":{"twitter_242054905_242054905":""},"rop_publish_now_history":[],"rop_publish_now_status":"pending","_uf_show_specific_survey":0,"_uf_disable_surveys":false,"footnotes":""},"categories":[10],"tags":[711,713,709,712,710],"class_list":["post-5394","post","type-post","status-publish","format-standard","has-post-thumbnail","hentry","category-acturalidad","tag-alianza","tag-emprendimiento","tag-methet2","tag-negocios","tag-neuroevolucion"],"acf":[],"aioseo_notices":[],"yoast_head":"<!-- This site is optimized with the Yoast SEO Premium plugin v24.9 (Yoast SEO v27.2) - https:\/\/yoast.com\/product\/yoast-seo-premium-wordpress\/ -->\n<title>Met2Het2 protagoniza alianza estrat\u00e9gica con el Instituto Neuroevoluci\u00f3n en M\u00e9xico - M\u00e9xico<\/title>\n<meta name=\"robots\" content=\"index, follow, max-snippet:-1, max-image-preview:large, max-video-preview:-1\" \/>\n<link rel=\"canonical\" href=\"https:\/\/noti-america.com\/site\/mexico\/2020\/08\/06\/methet2-protagoniza-alianza-estrategica-con-el-instituto-neuroevolucion-en-mexico\/\" \/>\n<meta property=\"og:locale\" content=\"es_ES\" \/>\n<meta property=\"og:type\" content=\"article\" \/>\n<meta property=\"og:title\" content=\"Met2Het2 protagoniza alianza estrat\u00e9gica con el Instituto Neuroevoluci\u00f3n en M\u00e9xico\" \/>\n<meta property=\"og:description\" content=\"La ma\u00f1ana del domingo 3 de agosto, en conferencia virtual por Zoom, se llev\u00f3 a cabo la firma estrat\u00e9gica entre la Organizaci\u00f3n Internacional de empresarios Met2Het2, cuya representante fue su misma presidenta, la Ing.&#046;&#046;&#046;\" \/>\n<meta property=\"og:url\" content=\"https:\/\/noti-america.com\/site\/mexico\/2020\/08\/06\/methet2-protagoniza-alianza-estrategica-con-el-instituto-neuroevolucion-en-mexico\/\" \/>\n<meta property=\"og:site_name\" content=\"M\u00e9xico\" \/>\n<meta property=\"article:published_time\" content=\"2020-08-06T02:27:47+00:00\" \/>\n<meta property=\"article:modified_time\" content=\"2020-08-06T21:11:47+00:00\" \/>\n<meta property=\"og:image\" content=\"https:\/\/noti-america.com\/site\/mexico\/wp-content\/uploads\/sites\/13\/2020\/08\/116217096_605993347020478_3797755534008236394_n-1.jpg\" \/>\n\t<meta property=\"og:image:width\" content=\"896\" \/>\n\t<meta property=\"og:image:height\" content=\"597\" \/>\n\t<meta property=\"og:image:type\" content=\"image\/jpeg\" \/>\n<meta name=\"author\" content=\"Ian Eduardo Pe\u00f1a Serrano\" \/>\n<meta name=\"twitter:card\" content=\"summary_large_image\" \/>\n<meta name=\"twitter:label1\" content=\"Escrito por\" \/>\n\t<meta name=\"twitter:data1\" content=\"Ian Eduardo Pe\u00f1a Serrano\" \/>\n\t<meta name=\"twitter:label2\" content=\"Tiempo estimado de lectura\" \/>\n\t<meta name=\"twitter:data2\" content=\"2 minutos\" \/>\n<script type=\"application\/ld+json\" class=\"yoast-schema-graph\">{\"@context\":\"https:\/\/schema.org\",\"@graph\":[{\"@type\":\"Article\",\"@id\":\"https:\/\/noti-america.com\/site\/mexico\/2020\/08\/06\/methet2-protagoniza-alianza-estrategica-con-el-instituto-neuroevolucion-en-mexico\/#article\",\"isPartOf\":{\"@id\":\"https:\/\/noti-america.com\/site\/mexico\/2020\/08\/06\/methet2-protagoniza-alianza-estrategica-con-el-instituto-neuroevolucion-en-mexico\/\"},\"author\":{\"name\":\"Ian Eduardo Pe\u00f1a Serrano\",\"@id\":\"https:\/\/noti-america.com\/site\/mexico\/#\/schema\/person\/0e534344adc9415540c9dac8a7989ac4\"},\"headline\":\"Met2Het2 protagoniza alianza estrat\u00e9gica con el Instituto Neuroevoluci\u00f3n en M\u00e9xico\",\"datePublished\":\"2020-08-06T02:27:47+00:00\",\"dateModified\":\"2020-08-06T21:11:47+00:00\",\"mainEntityOfPage\":{\"@id\":\"https:\/\/noti-america.com\/site\/mexico\/2020\/08\/06\/methet2-protagoniza-alianza-estrategica-con-el-instituto-neuroevolucion-en-mexico\/\"},\"wordCount\":329,\"commentCount\":0,\"publisher\":{\"@id\":\"https:\/\/noti-america.com\/site\/mexico\/#organization\"},\"image\":{\"@id\":\"https:\/\/noti-america.com\/site\/mexico\/2020\/08\/06\/methet2-protagoniza-alianza-estrategica-con-el-instituto-neuroevolucion-en-mexico\/#primaryimage\"},\"thumbnailUrl\":\"https:\/\/noti-america.com\/site\/mexico\/wp-content\/uploads\/sites\/13\/2020\/08\/116217096_605993347020478_3797755534008236394_n-1.jpg\",\"keywords\":[\"Alianza\",\"Emprendimiento\",\"MetHet2\",\"Negocios\",\"NeuroEvoluci\u00f3n\"],\"articleSection\":[\"Actualidad\"],\"inLanguage\":\"es\",\"potentialAction\":[{\"@type\":\"CommentAction\",\"name\":\"Comment\",\"target\":[\"https:\/\/noti-america.com\/site\/mexico\/2020\/08\/06\/methet2-protagoniza-alianza-estrategica-con-el-instituto-neuroevolucion-en-mexico\/#respond\"]}]},{\"@type\":\"WebPage\",\"@id\":\"https:\/\/noti-america.com\/site\/mexico\/2020\/08\/06\/methet2-protagoniza-alianza-estrategica-con-el-instituto-neuroevolucion-en-mexico\/\",\"url\":\"https:\/\/noti-america.com\/site\/mexico\/2020\/08\/06\/methet2-protagoniza-alianza-estrategica-con-el-instituto-neuroevolucion-en-mexico\/\",\"name\":\"Met2Het2 protagoniza alianza estrat\u00e9gica con el Instituto Neuroevoluci\u00f3n en M\u00e9xico - M\u00e9xico\",\"isPartOf\":{\"@id\":\"https:\/\/noti-america.com\/site\/mexico\/#website\"},\"primaryImageOfPage\":{\"@id\":\"https:\/\/noti-america.com\/site\/mexico\/2020\/08\/06\/methet2-protagoniza-alianza-estrategica-con-el-instituto-neuroevolucion-en-mexico\/#primaryimage\"},\"image\":{\"@id\":\"https:\/\/noti-america.com\/site\/mexico\/2020\/08\/06\/methet2-protagoniza-alianza-estrategica-con-el-instituto-neuroevolucion-en-mexico\/#primaryimage\"},\"thumbnailUrl\":\"https:\/\/noti-america.com\/site\/mexico\/wp-content\/uploads\/sites\/13\/2020\/08\/116217096_605993347020478_3797755534008236394_n-1.jpg\",\"datePublished\":\"2020-08-06T02:27:47+00:00\",\"dateModified\":\"2020-08-06T21:11:47+00:00\",\"breadcrumb\":{\"@id\":\"https:\/\/noti-america.com\/site\/mexico\/2020\/08\/06\/methet2-protagoniza-alianza-estrategica-con-el-instituto-neuroevolucion-en-mexico\/#breadcrumb\"},\"inLanguage\":\"es\",\"potentialAction\":[{\"@type\":\"ReadAction\",\"target\":[\"https:\/\/noti-america.com\/site\/mexico\/2020\/08\/06\/methet2-protagoniza-alianza-estrategica-con-el-instituto-neuroevolucion-en-mexico\/\"]}]},{\"@type\":\"ImageObject\",\"inLanguage\":\"es\",\"@id\":\"https:\/\/noti-america.com\/site\/mexico\/2020\/08\/06\/methet2-protagoniza-alianza-estrategica-con-el-instituto-neuroevolucion-en-mexico\/#primaryimage\",\"url\":\"https:\/\/noti-america.com\/site\/mexico\/wp-content\/uploads\/sites\/13\/2020\/08\/116217096_605993347020478_3797755534008236394_n-1.jpg\",\"contentUrl\":\"https:\/\/noti-america.com\/site\/mexico\/wp-content\/uploads\/sites\/13\/2020\/08\/116217096_605993347020478_3797755534008236394_n-1.jpg\",\"width\":896,\"height\":597},{\"@type\":\"BreadcrumbList\",\"@id\":\"https:\/\/noti-america.com\/site\/mexico\/2020\/08\/06\/methet2-protagoniza-alianza-estrategica-con-el-instituto-neuroevolucion-en-mexico\/#breadcrumb\",\"itemListElement\":[{\"@type\":\"ListItem\",\"position\":1,\"name\":\"Portada\",\"item\":\"https:\/\/noti-america.com\/site\/mexico\/\"},{\"@type\":\"ListItem\",\"position\":2,\"name\":\"Met2Het2 protagoniza alianza estrat\u00e9gica con el Instituto Neuroevoluci\u00f3n en M\u00e9xico\"}]},{\"@type\":\"WebSite\",\"@id\":\"https:\/\/noti-america.com\/site\/mexico\/#website\",\"url\":\"https:\/\/noti-america.com\/site\/mexico\/\",\"name\":\"M\u00e9xico | Noti-America.com\",\"description\":\"\",\"publisher\":{\"@id\":\"https:\/\/noti-america.com\/site\/mexico\/#organization\"},\"potentialAction\":[{\"@type\":\"SearchAction\",\"target\":{\"@type\":\"EntryPoint\",\"urlTemplate\":\"https:\/\/noti-america.com\/site\/mexico\/?s={search_term_string}\"},\"query-input\":{\"@type\":\"PropertyValueSpecification\",\"valueRequired\":true,\"valueName\":\"search_term_string\"}}],\"inLanguage\":\"es\"},{\"@type\":\"Organization\",\"@id\":\"https:\/\/noti-america.com\/site\/mexico\/#organization\",\"name\":\"Noti-America LLC | M\u00e9xico\",\"url\":\"https:\/\/noti-america.com\/site\/mexico\/\",\"logo\":{\"@type\":\"ImageObject\",\"inLanguage\":\"es\",\"@id\":\"https:\/\/noti-america.com\/site\/mexico\/#\/schema\/logo\/image\/\",\"url\":\"https:\/\/noti-america.com\/site\/mexico\/wp-content\/uploads\/sites\/13\/2020\/07\/LogoNA-4x3-1.jpg\",\"contentUrl\":\"https:\/\/noti-america.com\/site\/mexico\/wp-content\/uploads\/sites\/13\/2020\/07\/LogoNA-4x3-1.jpg\",\"width\":1236,\"height\":1080,\"caption\":\"Noti-America LLC | M\u00e9xico\"},\"image\":{\"@id\":\"https:\/\/noti-america.com\/site\/mexico\/#\/schema\/logo\/image\/\"}},{\"@type\":\"Person\",\"@id\":\"https:\/\/noti-america.com\/site\/mexico\/#\/schema\/person\/0e534344adc9415540c9dac8a7989ac4\",\"name\":\"Ian Eduardo Pe\u00f1a Serrano\",\"image\":{\"@type\":\"ImageObject\",\"inLanguage\":\"es\",\"@id\":\"https:\/\/secure.gravatar.com\/avatar\/b126cfac469e1dc2ad4aabd49c081a54d68678370ee9d648a58dee00222a3769?s=96&d=mm&r=g\",\"url\":\"https:\/\/secure.gravatar.com\/avatar\/b126cfac469e1dc2ad4aabd49c081a54d68678370ee9d648a58dee00222a3769?s=96&d=mm&r=g\",\"contentUrl\":\"https:\/\/secure.gravatar.com\/avatar\/b126cfac469e1dc2ad4aabd49c081a54d68678370ee9d648a58dee00222a3769?s=96&d=mm&r=g\",\"caption\":\"Ian Eduardo Pe\u00f1a Serrano\"},\"url\":\"https:\/\/noti-america.com\/site\/mexico\/author\/ipena\/\"}]}<\/script>\n<!-- \/ Yoast SEO Premium plugin. -->","yoast_head_json":{"title":"Met2Het2 protagoniza alianza estrat\u00e9gica con el Instituto Neuroevoluci\u00f3n en M\u00e9xico - M\u00e9xico","robots":{"index":"index","follow":"follow","max-snippet":"max-snippet:-1","max-image-preview":"max-image-preview:large","max-video-preview":"max-video-preview:-1"},"canonical":"https:\/\/noti-america.com\/site\/mexico\/2020\/08\/06\/methet2-protagoniza-alianza-estrategica-con-el-instituto-neuroevolucion-en-mexico\/","og_locale":"es_ES","og_type":"article","og_title":"Met2Het2 protagoniza alianza estrat\u00e9gica con el Instituto Neuroevoluci\u00f3n en M\u00e9xico","og_description":"La ma\u00f1ana del domingo 3 de agosto, en conferencia virtual por Zoom, se llev\u00f3 a cabo la firma estrat\u00e9gica entre la Organizaci\u00f3n Internacional de empresarios Met2Het2, cuya representante fue su misma presidenta, la Ing.&#46;&#46;&#46;","og_url":"https:\/\/noti-america.com\/site\/mexico\/2020\/08\/06\/methet2-protagoniza-alianza-estrategica-con-el-instituto-neuroevolucion-en-mexico\/","og_site_name":"M\u00e9xico","article_published_time":"2020-08-06T02:27:47+00:00","article_modified_time":"2020-08-06T21:11:47+00:00","og_image":[{"width":896,"height":597,"url":"https:\/\/noti-america.com\/site\/mexico\/wp-content\/uploads\/sites\/13\/2020\/08\/116217096_605993347020478_3797755534008236394_n-1.jpg","type":"image\/jpeg"}],"author":"Ian Eduardo Pe\u00f1a Serrano","twitter_card":"summary_large_image","twitter_misc":{"Escrito por":"Ian Eduardo Pe\u00f1a Serrano","Tiempo estimado de lectura":"2 minutos"},"schema":{"@context":"https:\/\/schema.org","@graph":[{"@type":"Article","@id":"https:\/\/noti-america.com\/site\/mexico\/2020\/08\/06\/methet2-protagoniza-alianza-estrategica-con-el-instituto-neuroevolucion-en-mexico\/#article","isPartOf":{"@id":"https:\/\/noti-america.com\/site\/mexico\/2020\/08\/06\/methet2-protagoniza-alianza-estrategica-con-el-instituto-neuroevolucion-en-mexico\/"},"author":{"name":"Ian Eduardo Pe\u00f1a Serrano","@id":"https:\/\/noti-america.com\/site\/mexico\/#\/schema\/person\/0e534344adc9415540c9dac8a7989ac4"},"headline":"Met2Het2 protagoniza alianza estrat\u00e9gica con el Instituto Neuroevoluci\u00f3n en M\u00e9xico","datePublished":"2020-08-06T02:27:47+00:00","dateModified":"2020-08-06T21:11:47+00:00","mainEntityOfPage":{"@id":"https:\/\/noti-america.com\/site\/mexico\/2020\/08\/06\/methet2-protagoniza-alianza-estrategica-con-el-instituto-neuroevolucion-en-mexico\/"},"wordCount":329,"commentCount":0,"publisher":{"@id":"https:\/\/noti-america.com\/site\/mexico\/#organization"},"image":{"@id":"https:\/\/noti-america.com\/site\/mexico\/2020\/08\/06\/methet2-protagoniza-alianza-estrategica-con-el-instituto-neuroevolucion-en-mexico\/#primaryimage"},"thumbnailUrl":"https:\/\/noti-america.com\/site\/mexico\/wp-content\/uploads\/sites\/13\/2020\/08\/116217096_605993347020478_3797755534008236394_n-1.jpg","keywords":["Alianza","Emprendimiento","MetHet2","Negocios","NeuroEvoluci\u00f3n"],"articleSection":["Actualidad"],"inLanguage":"es","potentialAction":[{"@type":"CommentAction","name":"Comment","target":["https:\/\/noti-america.com\/site\/mexico\/2020\/08\/06\/methet2-protagoniza-alianza-estrategica-con-el-instituto-neuroevolucion-en-mexico\/#respond"]}]},{"@type":"WebPage","@id":"https:\/\/noti-america.com\/site\/mexico\/2020\/08\/06\/methet2-protagoniza-alianza-estrategica-con-el-instituto-neuroevolucion-en-mexico\/","url":"https:\/\/noti-america.com\/site\/mexico\/2020\/08\/06\/methet2-protagoniza-alianza-estrategica-con-el-instituto-neuroevolucion-en-mexico\/","name":"Met2Het2 protagoniza alianza estrat\u00e9gica con el Instituto Neuroevoluci\u00f3n en M\u00e9xico - M\u00e9xico","isPartOf":{"@id":"https:\/\/noti-america.com\/site\/mexico\/#website"},"primaryImageOfPage":{"@id":"https:\/\/noti-america.com\/site\/mexico\/2020\/08\/06\/methet2-protagoniza-alianza-estrategica-con-el-instituto-neuroevolucion-en-mexico\/#primaryimage"},"image":{"@id":"https:\/\/noti-america.com\/site\/mexico\/2020\/08\/06\/methet2-protagoniza-alianza-estrategica-con-el-instituto-neuroevolucion-en-mexico\/#primaryimage"},"thumbnailUrl":"https:\/\/noti-america.com\/site\/mexico\/wp-content\/uploads\/sites\/13\/2020\/08\/116217096_605993347020478_3797755534008236394_n-1.jpg","datePublished":"2020-08-06T02:27:47+00:00","dateModified":"2020-08-06T21:11:47+00:00","breadcrumb":{"@id":"https:\/\/noti-america.com\/site\/mexico\/2020\/08\/06\/methet2-protagoniza-alianza-estrategica-con-el-instituto-neuroevolucion-en-mexico\/#breadcrumb"},"inLanguage":"es","potentialAction":[{"@type":"ReadAction","target":["https:\/\/noti-america.com\/site\/mexico\/2020\/08\/06\/methet2-protagoniza-alianza-estrategica-con-el-instituto-neuroevolucion-en-mexico\/"]}]},{"@type":"ImageObject","inLanguage":"es","@id":"https:\/\/noti-america.com\/site\/mexico\/2020\/08\/06\/methet2-protagoniza-alianza-estrategica-con-el-instituto-neuroevolucion-en-mexico\/#primaryimage","url":"https:\/\/noti-america.com\/site\/mexico\/wp-content\/uploads\/sites\/13\/2020\/08\/116217096_605993347020478_3797755534008236394_n-1.jpg","contentUrl":"https:\/\/noti-america.com\/site\/mexico\/wp-content\/uploads\/sites\/13\/2020\/08\/116217096_605993347020478_3797755534008236394_n-1.jpg","width":896,"height":597},{"@type":"BreadcrumbList","@id":"https:\/\/noti-america.com\/site\/mexico\/2020\/08\/06\/methet2-protagoniza-alianza-estrategica-con-el-instituto-neuroevolucion-en-mexico\/#breadcrumb","itemListElement":[{"@type":"ListItem","position":1,"name":"Portada","item":"https:\/\/noti-america.com\/site\/mexico\/"},{"@type":"ListItem","position":2,"name":"Met2Het2 protagoniza alianza estrat\u00e9gica con el Instituto Neuroevoluci\u00f3n en M\u00e9xico"}]},{"@type":"WebSite","@id":"https:\/\/noti-america.com\/site\/mexico\/#website","url":"https:\/\/noti-america.com\/site\/mexico\/","name":"M\u00e9xico | Noti-America.com","description":"","publisher":{"@id":"https:\/\/noti-america.com\/site\/mexico\/#organization"},"potentialAction":[{"@type":"SearchAction","target":{"@type":"EntryPoint","urlTemplate":"https:\/\/noti-america.com\/site\/mexico\/?s={search_term_string}"},"query-input":{"@type":"PropertyValueSpecification","valueRequired":true,"valueName":"search_term_string"}}],"inLanguage":"es"},{"@type":"Organization","@id":"https:\/\/noti-america.com\/site\/mexico\/#organization","name":"Noti-America LLC | M\u00e9xico","url":"https:\/\/noti-america.com\/site\/mexico\/","logo":{"@type":"ImageObject","inLanguage":"es","@id":"https:\/\/noti-america.com\/site\/mexico\/#\/schema\/logo\/image\/","url":"https:\/\/noti-america.com\/site\/mexico\/wp-content\/uploads\/sites\/13\/2020\/07\/LogoNA-4x3-1.jpg","contentUrl":"https:\/\/noti-america.com\/site\/mexico\/wp-content\/uploads\/sites\/13\/2020\/07\/LogoNA-4x3-1.jpg","width":1236,"height":1080,"caption":"Noti-America LLC | M\u00e9xico"},"image":{"@id":"https:\/\/noti-america.com\/site\/mexico\/#\/schema\/logo\/image\/"}},{"@type":"Person","@id":"https:\/\/noti-america.com\/site\/mexico\/#\/schema\/person\/0e534344adc9415540c9dac8a7989ac4","name":"Ian Eduardo Pe\u00f1a Serrano","image":{"@type":"ImageObject","inLanguage":"es","@id":"https:\/\/secure.gravatar.com\/avatar\/b126cfac469e1dc2ad4aabd49c081a54d68678370ee9d648a58dee00222a3769?s=96&d=mm&r=g","url":"https:\/\/secure.gravatar.com\/avatar\/b126cfac469e1dc2ad4aabd49c081a54d68678370ee9d648a58dee00222a3769?s=96&d=mm&r=g","contentUrl":"https:\/\/secure.gravatar.com\/avatar\/b126cfac469e1dc2ad4aabd49c081a54d68678370ee9d648a58dee00222a3769?s=96&d=mm&r=g","caption":"Ian Eduardo Pe\u00f1a Serrano"},"url":"https:\/\/noti-america.com\/site\/mexico\/author\/ipena\/"}]}},"_links":{"self":[{"href":"https:\/\/noti-america.com\/site\/mexico\/wp-json\/wp\/v2\/posts\/5394","targetHints":{"allow":["GET"]}}],"collection":[{"href":"https:\/\/noti-america.com\/site\/mexico\/wp-json\/wp\/v2\/posts"}],"about":[{"href":"https:\/\/noti-america.com\/site\/mexico\/wp-json\/wp\/v2\/types\/post"}],"author":[{"embeddable":true,"href":"https:\/\/noti-america.com\/site\/mexico\/wp-json\/wp\/v2\/users\/103"}],"replies":[{"embeddable":true,"href":"https:\/\/noti-america.com\/site\/mexico\/wp-json\/wp\/v2\/comments?post=5394"}],"version-history":[{"count":2,"href":"https:\/\/noti-america.com\/site\/mexico\/wp-json\/wp\/v2\/posts\/5394\/revisions"}],"predecessor-version":[{"id":5397,"href":"https:\/\/noti-america.com\/site\/mexico\/wp-json\/wp\/v2\/posts\/5394\/revisions\/5397"}],"wp:featuredmedia":[{"embeddable":true,"href":"https:\/\/noti-america.com\/site\/mexico\/wp-json\/wp\/v2\/media\/5395"}],"wp:attachment":[{"href":"https:\/\/noti-america.com\/site\/mexico\/wp-json\/wp\/v2\/media?parent=5394"}],"wp:term":[{"taxonomy":"category","embeddable":true,"href":"https:\/\/noti-america.com\/site\/mexico\/wp-json\/wp\/v2\/categories?post=5394"},{"taxonomy":"post_tag","embeddable":true,"href":"https:\/\/noti-america.com\/site\/mexico\/wp-json\/wp\/v2\/tags?post=5394"}],"curies":[{"name":"wp","href":"https:\/\/api.w.org\/{rel}","templated":true}]}}