{"id":538,"date":"2017-10-25T15:39:02","date_gmt":"2017-10-25T15:39:02","guid":{"rendered":"http:\/\/noti-america.com\/site\/mexico\/?p=538"},"modified":"2017-10-25T15:39:02","modified_gmt":"2017-10-25T15:39:02","slug":"kanagawa-compartira-con-aguascalientes-el-programa-internet-of-human-health","status":"publish","type":"post","link":"https:\/\/noti-america.com\/site\/mexico\/2017\/10\/25\/kanagawa-compartira-con-aguascalientes-el-programa-internet-of-human-health\/","title":{"rendered":"KANAGAWA COMPARTIR\u00c1 CON AGUASCALIENTES EL PROGRAMA INTERNET OF HUMAN HEALTH"},"content":{"rendered":"<div id=\"gvNoticia_ctl02_dvModal\">\n<div id=\"myModal185\" class=\"modal fade in\" role=\"dialog\">\n<div class=\"modal-dialog\">\n<div class=\"modal-content\">\n<div class=\"modal-body\">\n<div class=\"NoticiaVentana\">\n<div>\n<div class=\"TextoVentanaDinamic\">\u00a0Es un programa preventivo de salud, en el que los gobernadores acordaron compartir experiencias para enriquecerlo e implementarlo en el estado<\/p>\n<p>\u00b7 El encuentro pol\u00edtico se realiz\u00f3 en la sede del Gobierno de la Prefectura de Kanagawa<\/p>\n<p>\u00b7 Al gobernador del Estado le fue ofrecida una comida en su honor por su hom\u00f3logo, algo que jam\u00e1s hab\u00eda sucedido con otro titular del Ejecutivo de Aguascalientes<\/p>\n<p>En el \u00faltimo d\u00eda de actividades de su gira por Jap\u00f3n, el gobernador Mart\u00edn Orozco Sandoval sostuvo un encuentro con su hom\u00f3logo de la Prefectura de Kanagawa, Yuhi Kuroiwa, en el que ambos acordaron estrechar m\u00e1s los lazos de amistad, respeto y colaboraci\u00f3n para el desarrollo mutuo e integral, como el impulso a programas preventivos de salud, mediante el denominado Internet of Human Health, que emplea alta tecnolog\u00eda.<\/p>\n<p>\u201cNos interesa mucho mantener y reforzar las relaciones con Kanagawa, para llevarlas a otro nivel, con un intercambio de informaci\u00f3n real de distintos temas, por ejemplo, en el aspecto de salud, ya que desde el inicio de mi administraci\u00f3n, el \u00e9nfasis que he tenido es enfilar los esfuerzos en esta materia hacia la prevenci\u00f3n\u201d, refiri\u00f3 Orozco Sandoval.<\/p>\n<p>Durante el encuentro que tuvo lugar en la sede del gobierno de Kanagawa, el jefe del Ejecutivo adelant\u00f3 que existen padecimientos que le interesa combatir de origen, y en la medida de lo posible disminuirlos, como la diabetes y la depresi\u00f3n, por lo que de compartir esta propuesta, en su momento traer\u00e1 consigo buenos resultados en el \u00e1mbito de la salud.<\/p>\n<p>Por su parte, Yuhi Kuroiwa agradeci\u00f3 esta visita y expres\u00f3 su compromiso de reforzar los v\u00ednculos de colaboraci\u00f3n, a la par que acord\u00f3 en el corto plazo, una apertura y capacitaci\u00f3n a personal del sector salud del estado para que puedan instruirse en este tema.<\/p>\n<p>Como un s\u00edmbolo de diplomacia, respeto y entendimiento pol\u00edtico, el gobernador de la Prefectura de Kanagawa, Kuroiwa, ofreci\u00f3 una comida y recepci\u00f3n especial a su hom\u00f3logo del estado de Aguascalientes, siendo esta ocasi\u00f3n la primera vez que sucede algo as\u00ed.<\/p>\n<p>Aguascalientes acoge una de las producciones m\u00e1s importantes de Nissan en el mundo, de ah\u00ed que la relaci\u00f3n con la Prefectura, sede de la compa\u00f1\u00eda a nivel global, cobra una importancia primordial, con el fin de continuar en la definici\u00f3n de planes de acci\u00f3n coordinados para una mejor promoci\u00f3n econ\u00f3mica de ambas entidades.<\/p>\n<p>A los dos encuentros, tambi\u00e9n asisti\u00f3 el embajador de M\u00e9xico en Jap\u00f3n, Carlos Fernando Almada L\u00f3pez y el responsable de la oficina de ProM\u00e9xico en ese pa\u00eds, Aar\u00f3n Vera Y\u00e1\u00f1ez; adem\u00e1s de la comitiva de Aguascalientes, conformada por el secretario de Desarrollo Econ\u00f3mico, Alberto Aldape Barrios; la diputada Mayela Mac\u00edas Alvarado, presidenta de la Comisi\u00f3n de Desarrollo Econ\u00f3mico y Turismo del Congreso del Estado; y Rolando Garc\u00eda Alonso, asesor de Asuntos Internacionales.<\/p>\n<p>Por parte del gobernador de la Prefectura de Kanagawa, le acompa\u00f1aron sus principales colaboradores del Gabinete, como Shoichiro Chida, secretario pol\u00edtico del Gobernador; Koichi Shibuya, consejero pol\u00edtico; Shinichi Tateoka, director general de la Oficina de Industria y Trabajo de Kanagawa; y Masayoshi Watanabe, director ejecutivo del \u00e1rea de Industria en la Oficina de Industria y Trabajo de Kanagawa.<\/p><\/div>\n<\/div>\n<\/div>\n<\/div>\n<div class=\"modal-footer\"><button class=\"btn btn-primary\" type=\"button\">Cerrar<\/button><\/div>\n<\/div>\n<\/div>\n<\/div>\n<\/div>\n","protected":false},"excerpt":{"rendered":"<p>\u00a0Es un programa preventivo de salud, en el que los gobernadores acordaron compartir experiencias para enriquecerlo e implementarlo en el estado \u00b7 El encuentro pol\u00edtico se realiz\u00f3 en la sede del Gobierno de la&#46;&#46;&#46;<\/p>\n","protected":false},"author":16,"featured_media":539,"comment_status":"open","ping_status":"open","sticky":false,"template":"","format":"standard","meta":{"_acf_changed":false,"om_disable_all_campaigns":false,"rop_custom_images_group":[],"rop_custom_messages_group":[],"rop_publish_now":"initial","rop_publish_now_accounts":{"twitter_242054905_242054905":""},"rop_publish_now_history":[],"rop_publish_now_status":"pending","_uf_show_specific_survey":0,"_uf_disable_surveys":false,"footnotes":""},"categories":[1],"tags":[],"class_list":["post-538","post","type-post","status-publish","format-standard","has-post-thumbnail","hentry","category-uncategorized"],"acf":[],"aioseo_notices":[],"yoast_head":"<!-- This site is optimized with the Yoast SEO Premium plugin v24.9 (Yoast SEO v27.2) - https:\/\/yoast.com\/product\/yoast-seo-premium-wordpress\/ -->\n<title>KANAGAWA COMPARTIR\u00c1 CON AGUASCALIENTES EL PROGRAMA INTERNET OF HUMAN HEALTH - M\u00e9xico<\/title>\n<meta name=\"robots\" content=\"index, follow, max-snippet:-1, max-image-preview:large, max-video-preview:-1\" \/>\n<link rel=\"canonical\" href=\"https:\/\/noti-america.com\/site\/mexico\/2017\/10\/25\/kanagawa-compartira-con-aguascalientes-el-programa-internet-of-human-health\/\" \/>\n<meta property=\"og:locale\" content=\"es_ES\" \/>\n<meta property=\"og:type\" content=\"article\" \/>\n<meta property=\"og:title\" content=\"KANAGAWA COMPARTIR\u00c1 CON AGUASCALIENTES EL PROGRAMA INTERNET OF HUMAN HEALTH\" \/>\n<meta property=\"og:description\" content=\"\u00a0Es un programa preventivo de salud, en el que los gobernadores acordaron compartir experiencias para enriquecerlo e implementarlo en el estado \u00b7 El encuentro pol\u00edtico se realiz\u00f3 en la sede del Gobierno de la&#046;&#046;&#046;\" \/>\n<meta property=\"og:url\" content=\"https:\/\/noti-america.com\/site\/mexico\/2017\/10\/25\/kanagawa-compartira-con-aguascalientes-el-programa-internet-of-human-health\/\" \/>\n<meta property=\"og:site_name\" content=\"M\u00e9xico\" \/>\n<meta property=\"article:published_time\" content=\"2017-10-25T15:39:02+00:00\" \/>\n<meta property=\"og:image\" content=\"https:\/\/noti-america.com\/site\/mexico\/wp-content\/uploads\/sites\/13\/2017\/10\/k001_0198-696x464.jpg\" \/>\n\t<meta property=\"og:image:width\" content=\"696\" \/>\n\t<meta property=\"og:image:height\" content=\"464\" \/>\n\t<meta property=\"og:image:type\" content=\"image\/jpeg\" \/>\n<meta name=\"author\" content=\"Paloma Olachea\" \/>\n<meta name=\"twitter:card\" content=\"summary_large_image\" \/>\n<meta name=\"twitter:label1\" content=\"Escrito por\" \/>\n\t<meta name=\"twitter:data1\" content=\"Paloma Olachea\" \/>\n\t<meta name=\"twitter:label2\" content=\"Tiempo estimado de lectura\" \/>\n\t<meta name=\"twitter:data2\" content=\"3 minutos\" \/>\n<script type=\"application\/ld+json\" class=\"yoast-schema-graph\">{\"@context\":\"https:\/\/schema.org\",\"@graph\":[{\"@type\":\"Article\",\"@id\":\"https:\/\/noti-america.com\/site\/mexico\/2017\/10\/25\/kanagawa-compartira-con-aguascalientes-el-programa-internet-of-human-health\/#article\",\"isPartOf\":{\"@id\":\"https:\/\/noti-america.com\/site\/mexico\/2017\/10\/25\/kanagawa-compartira-con-aguascalientes-el-programa-internet-of-human-health\/\"},\"author\":{\"name\":\"Paloma Olachea\",\"@id\":\"https:\/\/noti-america.com\/site\/mexico\/#\/schema\/person\/0055de23daadb69055b7fe942f37dcf3\"},\"headline\":\"KANAGAWA COMPARTIR\u00c1 CON AGUASCALIENTES EL PROGRAMA INTERNET OF HUMAN HEALTH\",\"datePublished\":\"2017-10-25T15:39:02+00:00\",\"mainEntityOfPage\":{\"@id\":\"https:\/\/noti-america.com\/site\/mexico\/2017\/10\/25\/kanagawa-compartira-con-aguascalientes-el-programa-internet-of-human-health\/\"},\"wordCount\":575,\"commentCount\":0,\"publisher\":{\"@id\":\"https:\/\/noti-america.com\/site\/mexico\/#organization\"},\"image\":{\"@id\":\"https:\/\/noti-america.com\/site\/mexico\/2017\/10\/25\/kanagawa-compartira-con-aguascalientes-el-programa-internet-of-human-health\/#primaryimage\"},\"thumbnailUrl\":\"https:\/\/noti-america.com\/site\/mexico\/wp-content\/uploads\/sites\/13\/2017\/10\/k001_0198-696x464.jpg\",\"articleSection\":[\"Uncategorized\"],\"inLanguage\":\"es\",\"potentialAction\":[{\"@type\":\"CommentAction\",\"name\":\"Comment\",\"target\":[\"https:\/\/noti-america.com\/site\/mexico\/2017\/10\/25\/kanagawa-compartira-con-aguascalientes-el-programa-internet-of-human-health\/#respond\"]}]},{\"@type\":\"WebPage\",\"@id\":\"https:\/\/noti-america.com\/site\/mexico\/2017\/10\/25\/kanagawa-compartira-con-aguascalientes-el-programa-internet-of-human-health\/\",\"url\":\"https:\/\/noti-america.com\/site\/mexico\/2017\/10\/25\/kanagawa-compartira-con-aguascalientes-el-programa-internet-of-human-health\/\",\"name\":\"KANAGAWA COMPARTIR\u00c1 CON AGUASCALIENTES EL PROGRAMA INTERNET OF HUMAN HEALTH - M\u00e9xico\",\"isPartOf\":{\"@id\":\"https:\/\/noti-america.com\/site\/mexico\/#website\"},\"primaryImageOfPage\":{\"@id\":\"https:\/\/noti-america.com\/site\/mexico\/2017\/10\/25\/kanagawa-compartira-con-aguascalientes-el-programa-internet-of-human-health\/#primaryimage\"},\"image\":{\"@id\":\"https:\/\/noti-america.com\/site\/mexico\/2017\/10\/25\/kanagawa-compartira-con-aguascalientes-el-programa-internet-of-human-health\/#primaryimage\"},\"thumbnailUrl\":\"https:\/\/noti-america.com\/site\/mexico\/wp-content\/uploads\/sites\/13\/2017\/10\/k001_0198-696x464.jpg\",\"datePublished\":\"2017-10-25T15:39:02+00:00\",\"breadcrumb\":{\"@id\":\"https:\/\/noti-america.com\/site\/mexico\/2017\/10\/25\/kanagawa-compartira-con-aguascalientes-el-programa-internet-of-human-health\/#breadcrumb\"},\"inLanguage\":\"es\",\"potentialAction\":[{\"@type\":\"ReadAction\",\"target\":[\"https:\/\/noti-america.com\/site\/mexico\/2017\/10\/25\/kanagawa-compartira-con-aguascalientes-el-programa-internet-of-human-health\/\"]}]},{\"@type\":\"ImageObject\",\"inLanguage\":\"es\",\"@id\":\"https:\/\/noti-america.com\/site\/mexico\/2017\/10\/25\/kanagawa-compartira-con-aguascalientes-el-programa-internet-of-human-health\/#primaryimage\",\"url\":\"https:\/\/noti-america.com\/site\/mexico\/wp-content\/uploads\/sites\/13\/2017\/10\/k001_0198-696x464.jpg\",\"contentUrl\":\"https:\/\/noti-america.com\/site\/mexico\/wp-content\/uploads\/sites\/13\/2017\/10\/k001_0198-696x464.jpg\",\"width\":696,\"height\":464},{\"@type\":\"BreadcrumbList\",\"@id\":\"https:\/\/noti-america.com\/site\/mexico\/2017\/10\/25\/kanagawa-compartira-con-aguascalientes-el-programa-internet-of-human-health\/#breadcrumb\",\"itemListElement\":[{\"@type\":\"ListItem\",\"position\":1,\"name\":\"Portada\",\"item\":\"https:\/\/noti-america.com\/site\/mexico\/\"},{\"@type\":\"ListItem\",\"position\":2,\"name\":\"KANAGAWA COMPARTIR\u00c1 CON AGUASCALIENTES EL PROGRAMA INTERNET OF HUMAN HEALTH\"}]},{\"@type\":\"WebSite\",\"@id\":\"https:\/\/noti-america.com\/site\/mexico\/#website\",\"url\":\"https:\/\/noti-america.com\/site\/mexico\/\",\"name\":\"M\u00e9xico | Noti-America.com\",\"description\":\"\",\"publisher\":{\"@id\":\"https:\/\/noti-america.com\/site\/mexico\/#organization\"},\"potentialAction\":[{\"@type\":\"SearchAction\",\"target\":{\"@type\":\"EntryPoint\",\"urlTemplate\":\"https:\/\/noti-america.com\/site\/mexico\/?s={search_term_string}\"},\"query-input\":{\"@type\":\"PropertyValueSpecification\",\"valueRequired\":true,\"valueName\":\"search_term_string\"}}],\"inLanguage\":\"es\"},{\"@type\":\"Organization\",\"@id\":\"https:\/\/noti-america.com\/site\/mexico\/#organization\",\"name\":\"Noti-America LLC | M\u00e9xico\",\"url\":\"https:\/\/noti-america.com\/site\/mexico\/\",\"logo\":{\"@type\":\"ImageObject\",\"inLanguage\":\"es\",\"@id\":\"https:\/\/noti-america.com\/site\/mexico\/#\/schema\/logo\/image\/\",\"url\":\"https:\/\/noti-america.com\/site\/mexico\/wp-content\/uploads\/sites\/13\/2020\/07\/LogoNA-4x3-1.jpg\",\"contentUrl\":\"https:\/\/noti-america.com\/site\/mexico\/wp-content\/uploads\/sites\/13\/2020\/07\/LogoNA-4x3-1.jpg\",\"width\":1236,\"height\":1080,\"caption\":\"Noti-America LLC | M\u00e9xico\"},\"image\":{\"@id\":\"https:\/\/noti-america.com\/site\/mexico\/#\/schema\/logo\/image\/\"}},{\"@type\":\"Person\",\"@id\":\"https:\/\/noti-america.com\/site\/mexico\/#\/schema\/person\/0055de23daadb69055b7fe942f37dcf3\",\"name\":\"Paloma Olachea\",\"image\":{\"@type\":\"ImageObject\",\"inLanguage\":\"es\",\"@id\":\"https:\/\/secure.gravatar.com\/avatar\/bdea3a4c796d2085779e77a5d654205f160117a0245752e5d3a2230b2f1e9cce?s=96&d=mm&r=g\",\"url\":\"https:\/\/secure.gravatar.com\/avatar\/bdea3a4c796d2085779e77a5d654205f160117a0245752e5d3a2230b2f1e9cce?s=96&d=mm&r=g\",\"contentUrl\":\"https:\/\/secure.gravatar.com\/avatar\/bdea3a4c796d2085779e77a5d654205f160117a0245752e5d3a2230b2f1e9cce?s=96&d=mm&r=g\",\"caption\":\"Paloma Olachea\"},\"description\":\"Egresada de La Universidad Aut\u00f3noma de Baja California Sur, en la Licenciatura de Comunicaci\u00f3n, donde aprendi\u00f3 de los grandes maestros de esta M\u00e1xima Casa de Estudios como lo son: La Maestra Brenda Ramirez, Maestra Rossana Almada, Aletxe Almada, Lic. Francisco Fuentes, Profr. Carrillo de Fotograf\u00eda, Dr. Ruben Olachea , critica cinematogr\u00e1fica en Diplomados, Padre Juan Gom\u00e9z, en el cual desarrollo los temas mas importantes de comunicaci\u00f3n Social y sus teor\u00edas, en el transcurso de estudios, realizo su servicio y practicas profesionales, en la Unidad de Atenci\u00f3n Ciudadana del Gobierno del Estado de Baja California Sur, como asistente de la Lic. Nilda Moreno Armenta, Jefa de departamento de control y gesti\u00f3n Gubernamental en el tiempo de el Lic. Sergio Barron Pinto quien era el Director de la instituci\u00f3n gubernamental. Directora de Click Fotograf\u00eda explica con detalle que ha trabajado para grandes industrias como La Revista Bajacalifornianos.net con el Empresario Edgar Barrag\u00e1n, donde se formo por primera vez en el \u00e1mbito Fotogr\u00e1fico en la Secci\u00f3n Sociales y Ciencia BCS, en la Empresa Metamorphosis de Lic. Yamel Arti\u00f1o, mercadologa, aprendi\u00f3 los diversos temas y t\u00e9cnicas en el ramo de la Mercadotecnia para diferentes empresas y la mas importante para la compa\u00f1\u00eda Telcel, contratada por la Gran Mujer Lic. Cristina Flores, propietaria de Anuncios y Letreros el autodominio, fortaleza y emprendedora al activarse con una comunicaci\u00f3n eficaz, una gran maestra y a la vez una mujer que no se limita a ning\u00fan trabajo publicitario, El Ing. Gerardo Valenzuela de la Empresa Radiof\u00f3nica Radio Mochis Sinaloa y Director de la Revista ABC, el cual tiene un gran aprecio aparte de maestro, Padrino, en el cual ella aprendi\u00f3 a desarrollarse en el \u00e1mbito period\u00edstico, a conocer mas a los grandes ilustres y corresponsales de diferentes medios, en otro punto importante le ha permitido desarrollarse durante 7 a\u00f1os en el \u00e1mbito de programas de edici\u00f3n publicitaria y ahora forma parte de la Asociaci\u00f3n Radio Pace\u00f1ita, Realiza el dise\u00f1o actual de la Revista La Discapacidad en Acci\u00f3n de el C. Francisco Diaz Zu\u00f1iga, entre otras trabajar en el \u00e1rea de ventas con la Dise\u00f1adora Gr\u00e1fica Carmen Wences, en el cual tambi\u00e9n obtuvo asesoramiento y preparaci\u00f3n, entre los medios period\u00edsticos laboro para Mauricio Diaz anterior Director Peninsular Digital, en diversas notas y obtuvo el cambio al \u00e1rea de estad\u00edstica. En la Delegaci\u00f3n de Cabo San Lucas Trabajo con el C. Lucio Chavira propietario de Los Cabos Tve el cual ve como su padre quien le dio apoyo, familia y le dio capacitaci\u00f3n en fotogr\u00e1fica La C. Julia Ruiz de Chavira, ademas de laborar con el Lic. Ricardo del Rio en diversos trabajos de video y edici\u00f3n. Entre sus tantas Actividades labora para La Secretaria de Educaci\u00f3n Publica, primeramente en el Subsistema de Escuelas T\u00e9cnicas y as\u00ed pasado al Subsistema de Telesecundaria, En el DIF Estatal de Baja California Sur, como tallerista y en los Negocios de Banner Publicitario, Alder Dise\u00f1o y Casa Productora Pitahaya Productions como Propietaria, de antemano destacamos una opci\u00f3n mas laboral en el Medio Digital Noti America en el cual su Jefe Rafael Pi\u00f1a Loaiza le da la oportunidad de dar a conocer las noticias a nivel internacional destacando primordial mente su pa\u00eds natal Mexico.\",\"url\":\"https:\/\/noti-america.com\/site\/mexico\/author\/polachea\/\"}]}<\/script>\n<!-- \/ Yoast SEO Premium plugin. -->","yoast_head_json":{"title":"KANAGAWA COMPARTIR\u00c1 CON AGUASCALIENTES EL PROGRAMA INTERNET OF HUMAN HEALTH - M\u00e9xico","robots":{"index":"index","follow":"follow","max-snippet":"max-snippet:-1","max-image-preview":"max-image-preview:large","max-video-preview":"max-video-preview:-1"},"canonical":"https:\/\/noti-america.com\/site\/mexico\/2017\/10\/25\/kanagawa-compartira-con-aguascalientes-el-programa-internet-of-human-health\/","og_locale":"es_ES","og_type":"article","og_title":"KANAGAWA COMPARTIR\u00c1 CON AGUASCALIENTES EL PROGRAMA INTERNET OF HUMAN HEALTH","og_description":"\u00a0Es un programa preventivo de salud, en el que los gobernadores acordaron compartir experiencias para enriquecerlo e implementarlo en el estado \u00b7 El encuentro pol\u00edtico se realiz\u00f3 en la sede del Gobierno de la&#46;&#46;&#46;","og_url":"https:\/\/noti-america.com\/site\/mexico\/2017\/10\/25\/kanagawa-compartira-con-aguascalientes-el-programa-internet-of-human-health\/","og_site_name":"M\u00e9xico","article_published_time":"2017-10-25T15:39:02+00:00","og_image":[{"width":696,"height":464,"url":"https:\/\/noti-america.com\/site\/mexico\/wp-content\/uploads\/sites\/13\/2017\/10\/k001_0198-696x464.jpg","type":"image\/jpeg"}],"author":"Paloma Olachea","twitter_card":"summary_large_image","twitter_misc":{"Escrito por":"Paloma Olachea","Tiempo estimado de lectura":"3 minutos"},"schema":{"@context":"https:\/\/schema.org","@graph":[{"@type":"Article","@id":"https:\/\/noti-america.com\/site\/mexico\/2017\/10\/25\/kanagawa-compartira-con-aguascalientes-el-programa-internet-of-human-health\/#article","isPartOf":{"@id":"https:\/\/noti-america.com\/site\/mexico\/2017\/10\/25\/kanagawa-compartira-con-aguascalientes-el-programa-internet-of-human-health\/"},"author":{"name":"Paloma Olachea","@id":"https:\/\/noti-america.com\/site\/mexico\/#\/schema\/person\/0055de23daadb69055b7fe942f37dcf3"},"headline":"KANAGAWA COMPARTIR\u00c1 CON AGUASCALIENTES EL PROGRAMA INTERNET OF HUMAN HEALTH","datePublished":"2017-10-25T15:39:02+00:00","mainEntityOfPage":{"@id":"https:\/\/noti-america.com\/site\/mexico\/2017\/10\/25\/kanagawa-compartira-con-aguascalientes-el-programa-internet-of-human-health\/"},"wordCount":575,"commentCount":0,"publisher":{"@id":"https:\/\/noti-america.com\/site\/mexico\/#organization"},"image":{"@id":"https:\/\/noti-america.com\/site\/mexico\/2017\/10\/25\/kanagawa-compartira-con-aguascalientes-el-programa-internet-of-human-health\/#primaryimage"},"thumbnailUrl":"https:\/\/noti-america.com\/site\/mexico\/wp-content\/uploads\/sites\/13\/2017\/10\/k001_0198-696x464.jpg","articleSection":["Uncategorized"],"inLanguage":"es","potentialAction":[{"@type":"CommentAction","name":"Comment","target":["https:\/\/noti-america.com\/site\/mexico\/2017\/10\/25\/kanagawa-compartira-con-aguascalientes-el-programa-internet-of-human-health\/#respond"]}]},{"@type":"WebPage","@id":"https:\/\/noti-america.com\/site\/mexico\/2017\/10\/25\/kanagawa-compartira-con-aguascalientes-el-programa-internet-of-human-health\/","url":"https:\/\/noti-america.com\/site\/mexico\/2017\/10\/25\/kanagawa-compartira-con-aguascalientes-el-programa-internet-of-human-health\/","name":"KANAGAWA COMPARTIR\u00c1 CON AGUASCALIENTES EL PROGRAMA INTERNET OF HUMAN HEALTH - M\u00e9xico","isPartOf":{"@id":"https:\/\/noti-america.com\/site\/mexico\/#website"},"primaryImageOfPage":{"@id":"https:\/\/noti-america.com\/site\/mexico\/2017\/10\/25\/kanagawa-compartira-con-aguascalientes-el-programa-internet-of-human-health\/#primaryimage"},"image":{"@id":"https:\/\/noti-america.com\/site\/mexico\/2017\/10\/25\/kanagawa-compartira-con-aguascalientes-el-programa-internet-of-human-health\/#primaryimage"},"thumbnailUrl":"https:\/\/noti-america.com\/site\/mexico\/wp-content\/uploads\/sites\/13\/2017\/10\/k001_0198-696x464.jpg","datePublished":"2017-10-25T15:39:02+00:00","breadcrumb":{"@id":"https:\/\/noti-america.com\/site\/mexico\/2017\/10\/25\/kanagawa-compartira-con-aguascalientes-el-programa-internet-of-human-health\/#breadcrumb"},"inLanguage":"es","potentialAction":[{"@type":"ReadAction","target":["https:\/\/noti-america.com\/site\/mexico\/2017\/10\/25\/kanagawa-compartira-con-aguascalientes-el-programa-internet-of-human-health\/"]}]},{"@type":"ImageObject","inLanguage":"es","@id":"https:\/\/noti-america.com\/site\/mexico\/2017\/10\/25\/kanagawa-compartira-con-aguascalientes-el-programa-internet-of-human-health\/#primaryimage","url":"https:\/\/noti-america.com\/site\/mexico\/wp-content\/uploads\/sites\/13\/2017\/10\/k001_0198-696x464.jpg","contentUrl":"https:\/\/noti-america.com\/site\/mexico\/wp-content\/uploads\/sites\/13\/2017\/10\/k001_0198-696x464.jpg","width":696,"height":464},{"@type":"BreadcrumbList","@id":"https:\/\/noti-america.com\/site\/mexico\/2017\/10\/25\/kanagawa-compartira-con-aguascalientes-el-programa-internet-of-human-health\/#breadcrumb","itemListElement":[{"@type":"ListItem","position":1,"name":"Portada","item":"https:\/\/noti-america.com\/site\/mexico\/"},{"@type":"ListItem","position":2,"name":"KANAGAWA COMPARTIR\u00c1 CON AGUASCALIENTES EL PROGRAMA INTERNET OF HUMAN HEALTH"}]},{"@type":"WebSite","@id":"https:\/\/noti-america.com\/site\/mexico\/#website","url":"https:\/\/noti-america.com\/site\/mexico\/","name":"M\u00e9xico | Noti-America.com","description":"","publisher":{"@id":"https:\/\/noti-america.com\/site\/mexico\/#organization"},"potentialAction":[{"@type":"SearchAction","target":{"@type":"EntryPoint","urlTemplate":"https:\/\/noti-america.com\/site\/mexico\/?s={search_term_string}"},"query-input":{"@type":"PropertyValueSpecification","valueRequired":true,"valueName":"search_term_string"}}],"inLanguage":"es"},{"@type":"Organization","@id":"https:\/\/noti-america.com\/site\/mexico\/#organization","name":"Noti-America LLC | M\u00e9xico","url":"https:\/\/noti-america.com\/site\/mexico\/","logo":{"@type":"ImageObject","inLanguage":"es","@id":"https:\/\/noti-america.com\/site\/mexico\/#\/schema\/logo\/image\/","url":"https:\/\/noti-america.com\/site\/mexico\/wp-content\/uploads\/sites\/13\/2020\/07\/LogoNA-4x3-1.jpg","contentUrl":"https:\/\/noti-america.com\/site\/mexico\/wp-content\/uploads\/sites\/13\/2020\/07\/LogoNA-4x3-1.jpg","width":1236,"height":1080,"caption":"Noti-America LLC | M\u00e9xico"},"image":{"@id":"https:\/\/noti-america.com\/site\/mexico\/#\/schema\/logo\/image\/"}},{"@type":"Person","@id":"https:\/\/noti-america.com\/site\/mexico\/#\/schema\/person\/0055de23daadb69055b7fe942f37dcf3","name":"Paloma Olachea","image":{"@type":"ImageObject","inLanguage":"es","@id":"https:\/\/secure.gravatar.com\/avatar\/bdea3a4c796d2085779e77a5d654205f160117a0245752e5d3a2230b2f1e9cce?s=96&d=mm&r=g","url":"https:\/\/secure.gravatar.com\/avatar\/bdea3a4c796d2085779e77a5d654205f160117a0245752e5d3a2230b2f1e9cce?s=96&d=mm&r=g","contentUrl":"https:\/\/secure.gravatar.com\/avatar\/bdea3a4c796d2085779e77a5d654205f160117a0245752e5d3a2230b2f1e9cce?s=96&d=mm&r=g","caption":"Paloma Olachea"},"description":"Egresada de La Universidad Aut\u00f3noma de Baja California Sur, en la Licenciatura de Comunicaci\u00f3n, donde aprendi\u00f3 de los grandes maestros de esta M\u00e1xima Casa de Estudios como lo son: La Maestra Brenda Ramirez, Maestra Rossana Almada, Aletxe Almada, Lic. Francisco Fuentes, Profr. Carrillo de Fotograf\u00eda, Dr. Ruben Olachea , critica cinematogr\u00e1fica en Diplomados, Padre Juan Gom\u00e9z, en el cual desarrollo los temas mas importantes de comunicaci\u00f3n Social y sus teor\u00edas, en el transcurso de estudios, realizo su servicio y practicas profesionales, en la Unidad de Atenci\u00f3n Ciudadana del Gobierno del Estado de Baja California Sur, como asistente de la Lic. Nilda Moreno Armenta, Jefa de departamento de control y gesti\u00f3n Gubernamental en el tiempo de el Lic. Sergio Barron Pinto quien era el Director de la instituci\u00f3n gubernamental. Directora de Click Fotograf\u00eda explica con detalle que ha trabajado para grandes industrias como La Revista Bajacalifornianos.net con el Empresario Edgar Barrag\u00e1n, donde se formo por primera vez en el \u00e1mbito Fotogr\u00e1fico en la Secci\u00f3n Sociales y Ciencia BCS, en la Empresa Metamorphosis de Lic. Yamel Arti\u00f1o, mercadologa, aprendi\u00f3 los diversos temas y t\u00e9cnicas en el ramo de la Mercadotecnia para diferentes empresas y la mas importante para la compa\u00f1\u00eda Telcel, contratada por la Gran Mujer Lic. Cristina Flores, propietaria de Anuncios y Letreros el autodominio, fortaleza y emprendedora al activarse con una comunicaci\u00f3n eficaz, una gran maestra y a la vez una mujer que no se limita a ning\u00fan trabajo publicitario, El Ing. Gerardo Valenzuela de la Empresa Radiof\u00f3nica Radio Mochis Sinaloa y Director de la Revista ABC, el cual tiene un gran aprecio aparte de maestro, Padrino, en el cual ella aprendi\u00f3 a desarrollarse en el \u00e1mbito period\u00edstico, a conocer mas a los grandes ilustres y corresponsales de diferentes medios, en otro punto importante le ha permitido desarrollarse durante 7 a\u00f1os en el \u00e1mbito de programas de edici\u00f3n publicitaria y ahora forma parte de la Asociaci\u00f3n Radio Pace\u00f1ita, Realiza el dise\u00f1o actual de la Revista La Discapacidad en Acci\u00f3n de el C. Francisco Diaz Zu\u00f1iga, entre otras trabajar en el \u00e1rea de ventas con la Dise\u00f1adora Gr\u00e1fica Carmen Wences, en el cual tambi\u00e9n obtuvo asesoramiento y preparaci\u00f3n, entre los medios period\u00edsticos laboro para Mauricio Diaz anterior Director Peninsular Digital, en diversas notas y obtuvo el cambio al \u00e1rea de estad\u00edstica. En la Delegaci\u00f3n de Cabo San Lucas Trabajo con el C. Lucio Chavira propietario de Los Cabos Tve el cual ve como su padre quien le dio apoyo, familia y le dio capacitaci\u00f3n en fotogr\u00e1fica La C. Julia Ruiz de Chavira, ademas de laborar con el Lic. Ricardo del Rio en diversos trabajos de video y edici\u00f3n. Entre sus tantas Actividades labora para La Secretaria de Educaci\u00f3n Publica, primeramente en el Subsistema de Escuelas T\u00e9cnicas y as\u00ed pasado al Subsistema de Telesecundaria, En el DIF Estatal de Baja California Sur, como tallerista y en los Negocios de Banner Publicitario, Alder Dise\u00f1o y Casa Productora Pitahaya Productions como Propietaria, de antemano destacamos una opci\u00f3n mas laboral en el Medio Digital Noti America en el cual su Jefe Rafael Pi\u00f1a Loaiza le da la oportunidad de dar a conocer las noticias a nivel internacional destacando primordial mente su pa\u00eds natal Mexico.","url":"https:\/\/noti-america.com\/site\/mexico\/author\/polachea\/"}]}},"_links":{"self":[{"href":"https:\/\/noti-america.com\/site\/mexico\/wp-json\/wp\/v2\/posts\/538","targetHints":{"allow":["GET"]}}],"collection":[{"href":"https:\/\/noti-america.com\/site\/mexico\/wp-json\/wp\/v2\/posts"}],"about":[{"href":"https:\/\/noti-america.com\/site\/mexico\/wp-json\/wp\/v2\/types\/post"}],"author":[{"embeddable":true,"href":"https:\/\/noti-america.com\/site\/mexico\/wp-json\/wp\/v2\/users\/16"}],"replies":[{"embeddable":true,"href":"https:\/\/noti-america.com\/site\/mexico\/wp-json\/wp\/v2\/comments?post=538"}],"version-history":[{"count":1,"href":"https:\/\/noti-america.com\/site\/mexico\/wp-json\/wp\/v2\/posts\/538\/revisions"}],"predecessor-version":[{"id":540,"href":"https:\/\/noti-america.com\/site\/mexico\/wp-json\/wp\/v2\/posts\/538\/revisions\/540"}],"wp:featuredmedia":[{"embeddable":true,"href":"https:\/\/noti-america.com\/site\/mexico\/wp-json\/wp\/v2\/media\/539"}],"wp:attachment":[{"href":"https:\/\/noti-america.com\/site\/mexico\/wp-json\/wp\/v2\/media?parent=538"}],"wp:term":[{"taxonomy":"category","embeddable":true,"href":"https:\/\/noti-america.com\/site\/mexico\/wp-json\/wp\/v2\/categories?post=538"},{"taxonomy":"post_tag","embeddable":true,"href":"https:\/\/noti-america.com\/site\/mexico\/wp-json\/wp\/v2\/tags?post=538"}],"curies":[{"name":"wp","href":"https:\/\/api.w.org\/{rel}","templated":true}]}}