{"id":5151,"date":"2019-11-13T04:46:56","date_gmt":"2019-11-13T04:46:56","guid":{"rendered":"http:\/\/noti-america.com\/site\/mexico\/?p=5151"},"modified":"2019-11-13T04:46:56","modified_gmt":"2019-11-13T04:46:56","slug":"protejase-alertan-por-bajas-temperaturas-en-cdmx","status":"publish","type":"post","link":"https:\/\/noti-america.com\/site\/mexico\/2019\/11\/13\/protejase-alertan-por-bajas-temperaturas-en-cdmx\/","title":{"rendered":"\u00a1Prot\u00e9jase! Alertan por bajas temperaturas en CDMX"},"content":{"rendered":"<p><img loading=\"lazy\" decoding=\"async\" class=\"aligncenter size-full wp-image-5153\" src=\"http:\/\/noti-america.com\/site\/mexico\/wp-content\/uploads\/sites\/13\/2019\/11\/FRIO-1.jpg\" alt=\"\" width=\"650\" height=\"330\" srcset=\"https:\/\/noti-america.com\/site\/mexico\/wp-content\/uploads\/sites\/13\/2019\/11\/FRIO-1.jpg 650w, https:\/\/noti-america.com\/site\/mexico\/wp-content\/uploads\/sites\/13\/2019\/11\/FRIO-1-300x152.jpg 300w\" sizes=\"auto, (max-width: 650px) 100vw, 650px\" \/><\/p>\n<p><em>La Secretar\u00eda de Gesti\u00f3n Integral de Riesgos y Protecci\u00f3n Civil emiti\u00f3 una alerta amarilla, por lo que recomend\u00f3 a la poblaci\u00f3n protegerse<\/em><\/p>\n<p style=\"text-align: justify\">La madrugada de este mi\u00e9rcoles se registrar\u00e1n temperaturas de entre 4 y 6 grados por lo que la Secretar\u00eda de Gesti\u00f3n Integral de Riesgos y Protecci\u00f3n Civil emiti\u00f3 una alerta amarilla.<\/p>\n<p style=\"text-align: justify\">Las zonas en donde har\u00e1 m\u00e1s fr\u00edo ser\u00e1 las partes del sur y poniente de la Ciudad de M\u00e9xico, se indic\u00f3.<\/p>\n<p style=\"text-align: justify\">Por lo que Protecci\u00f3n Civil indic\u00f3 que la alerta amarilla se emit\u00eda principalmente para las alcald\u00edas \u00c1lvaro Obreg\u00f3n, Cuajimalpa, Magdalena Contreras, Milpa Alta, Tlalpan y Xochimilco.<\/p>\n<p style=\"text-align: justify\">La dependencia pidi\u00f3 a los capitalinos evitar cambios bruscos de temperatura, ingerir abundante agua, frutas y verduras ricas en vitaminas A y C, as\u00ed como usar cremas para mantener hidratada la piel.<\/p>\n<p style=\"text-align: justify\">\u201cSi presentas alg\u00fan malestar, acude al Centro de Salud m\u00e1s cercano\u201d, se\u00f1al\u00f3 la dependencia.<\/p>\n<blockquote class=\"twitter-tweet\" data-width=\"500\" data-dnt=\"true\">\n<p lang=\"es\" dir=\"ltr\">Sigue nuestra recomendaci\u00f3n ante la alerta amarilla por bajas temperaturas en las primeras horas de ma\u00f1ana mi\u00e9rcoles en algunas alcald\u00edas de la Ciudad de M\u00e9xico <a href=\"https:\/\/twitter.com\/hashtag\/LaPrevenci%C3%B3nEsNuestraFuerza?src=hash&amp;ref_src=twsrc%5Etfw\">#LaPrevenci\u00f3nEsNuestraFuerza<\/a> <a href=\"https:\/\/t.co\/LcRZtsl0fm\">pic.twitter.com\/LcRZtsl0fm<\/a><\/p>\n<p>&mdash; Secretar\u00eda de Gesti\u00f3n Integral de Riesgos y PC (@SGIRPC_CDMX) <a href=\"https:\/\/twitter.com\/SGIRPC_CDMX\/status\/1194388324158509056?ref_src=twsrc%5Etfw\">November 12, 2019<\/a><\/p><\/blockquote>\n<p><script async src=\"https:\/\/platform.twitter.com\/widgets.js\" charset=\"utf-8\"><\/script><\/p>\n<p style=\"text-align: justify\"><em>Excelsior<\/em><\/p>\n","protected":false},"excerpt":{"rendered":"<p>La Secretar\u00eda de Gesti\u00f3n Integral de Riesgos y Protecci\u00f3n Civil emiti\u00f3 una alerta amarilla, por lo que recomend\u00f3 a la poblaci\u00f3n protegerse La madrugada de este mi\u00e9rcoles se registrar\u00e1n temperaturas de entre 4 y&#46;&#46;&#46;<\/p>\n","protected":false},"author":64,"featured_media":5152,"comment_status":"open","ping_status":"open","sticky":false,"template":"","format":"standard","meta":{"_acf_changed":false,"om_disable_all_campaigns":false,"rop_custom_images_group":[],"rop_custom_messages_group":[],"rop_publish_now":"initial","rop_publish_now_accounts":{"twitter_242054905_242054905":""},"rop_publish_now_history":[],"rop_publish_now_status":"pending","_uf_show_specific_survey":0,"_uf_disable_surveys":false,"footnotes":""},"categories":[13],"tags":[684,683,455],"class_list":["post-5151","post","type-post","status-publish","format-standard","has-post-thumbnail","hentry","category-vida-y-salud","tag-clima","tag-frio","tag-mexico"],"acf":[],"aioseo_notices":[],"yoast_head":"<!-- This site is optimized with the Yoast SEO Premium plugin v24.9 (Yoast SEO v27.2) - https:\/\/yoast.com\/product\/yoast-seo-premium-wordpress\/ -->\n<title>\u00a1Prot\u00e9jase! Alertan por bajas temperaturas en CDMX - M\u00e9xico<\/title>\n<meta name=\"robots\" content=\"index, follow, max-snippet:-1, max-image-preview:large, max-video-preview:-1\" \/>\n<link rel=\"canonical\" href=\"https:\/\/noti-america.com\/site\/mexico\/2019\/11\/13\/protejase-alertan-por-bajas-temperaturas-en-cdmx\/\" \/>\n<meta property=\"og:locale\" content=\"es_ES\" \/>\n<meta property=\"og:type\" content=\"article\" \/>\n<meta property=\"og:title\" content=\"\u00a1Prot\u00e9jase! Alertan por bajas temperaturas en CDMX\" \/>\n<meta property=\"og:description\" content=\"La Secretar\u00eda de Gesti\u00f3n Integral de Riesgos y Protecci\u00f3n Civil emiti\u00f3 una alerta amarilla, por lo que recomend\u00f3 a la poblaci\u00f3n protegerse La madrugada de este mi\u00e9rcoles se registrar\u00e1n temperaturas de entre 4 y&#046;&#046;&#046;\" \/>\n<meta property=\"og:url\" content=\"https:\/\/noti-america.com\/site\/mexico\/2019\/11\/13\/protejase-alertan-por-bajas-temperaturas-en-cdmx\/\" \/>\n<meta property=\"og:site_name\" content=\"M\u00e9xico\" \/>\n<meta property=\"article:published_time\" content=\"2019-11-13T04:46:56+00:00\" \/>\n<meta property=\"og:image\" content=\"https:\/\/noti-america.com\/site\/mexico\/wp-content\/uploads\/sites\/13\/2019\/11\/frio.jpg\" \/>\n\t<meta property=\"og:image:width\" content=\"1200\" \/>\n\t<meta property=\"og:image:height\" content=\"801\" \/>\n\t<meta property=\"og:image:type\" content=\"image\/jpeg\" \/>\n<meta name=\"author\" content=\"Alejandro Pe\u00f1a\" \/>\n<meta name=\"twitter:card\" content=\"summary_large_image\" \/>\n<meta name=\"twitter:label1\" content=\"Escrito por\" \/>\n\t<meta name=\"twitter:data1\" content=\"Alejandro Pe\u00f1a\" \/>\n\t<meta name=\"twitter:label2\" content=\"Tiempo estimado de lectura\" \/>\n\t<meta name=\"twitter:data2\" content=\"1 minuto\" \/>\n<script type=\"application\/ld+json\" class=\"yoast-schema-graph\">{\"@context\":\"https:\/\/schema.org\",\"@graph\":[{\"@type\":\"Article\",\"@id\":\"https:\/\/noti-america.com\/site\/mexico\/2019\/11\/13\/protejase-alertan-por-bajas-temperaturas-en-cdmx\/#article\",\"isPartOf\":{\"@id\":\"https:\/\/noti-america.com\/site\/mexico\/2019\/11\/13\/protejase-alertan-por-bajas-temperaturas-en-cdmx\/\"},\"author\":{\"name\":\"Alejandro Pe\u00f1a\",\"@id\":\"https:\/\/noti-america.com\/site\/mexico\/#\/schema\/person\/94698c37eabfac013feacc7833236369\"},\"headline\":\"\u00a1Prot\u00e9jase! Alertan por bajas temperaturas en CDMX\",\"datePublished\":\"2019-11-13T04:46:56+00:00\",\"mainEntityOfPage\":{\"@id\":\"https:\/\/noti-america.com\/site\/mexico\/2019\/11\/13\/protejase-alertan-por-bajas-temperaturas-en-cdmx\/\"},\"wordCount\":178,\"commentCount\":0,\"publisher\":{\"@id\":\"https:\/\/noti-america.com\/site\/mexico\/#organization\"},\"image\":{\"@id\":\"https:\/\/noti-america.com\/site\/mexico\/2019\/11\/13\/protejase-alertan-por-bajas-temperaturas-en-cdmx\/#primaryimage\"},\"thumbnailUrl\":\"https:\/\/noti-america.com\/site\/mexico\/wp-content\/uploads\/sites\/13\/2019\/11\/frio.jpg\",\"keywords\":[\"Clima\",\"Fr\u00edo\",\"M\u00e9xico\"],\"articleSection\":[\"Vida y Salud\"],\"inLanguage\":\"es\",\"potentialAction\":[{\"@type\":\"CommentAction\",\"name\":\"Comment\",\"target\":[\"https:\/\/noti-america.com\/site\/mexico\/2019\/11\/13\/protejase-alertan-por-bajas-temperaturas-en-cdmx\/#respond\"]}]},{\"@type\":\"WebPage\",\"@id\":\"https:\/\/noti-america.com\/site\/mexico\/2019\/11\/13\/protejase-alertan-por-bajas-temperaturas-en-cdmx\/\",\"url\":\"https:\/\/noti-america.com\/site\/mexico\/2019\/11\/13\/protejase-alertan-por-bajas-temperaturas-en-cdmx\/\",\"name\":\"\u00a1Prot\u00e9jase! Alertan por bajas temperaturas en CDMX - M\u00e9xico\",\"isPartOf\":{\"@id\":\"https:\/\/noti-america.com\/site\/mexico\/#website\"},\"primaryImageOfPage\":{\"@id\":\"https:\/\/noti-america.com\/site\/mexico\/2019\/11\/13\/protejase-alertan-por-bajas-temperaturas-en-cdmx\/#primaryimage\"},\"image\":{\"@id\":\"https:\/\/noti-america.com\/site\/mexico\/2019\/11\/13\/protejase-alertan-por-bajas-temperaturas-en-cdmx\/#primaryimage\"},\"thumbnailUrl\":\"https:\/\/noti-america.com\/site\/mexico\/wp-content\/uploads\/sites\/13\/2019\/11\/frio.jpg\",\"datePublished\":\"2019-11-13T04:46:56+00:00\",\"breadcrumb\":{\"@id\":\"https:\/\/noti-america.com\/site\/mexico\/2019\/11\/13\/protejase-alertan-por-bajas-temperaturas-en-cdmx\/#breadcrumb\"},\"inLanguage\":\"es\",\"potentialAction\":[{\"@type\":\"ReadAction\",\"target\":[\"https:\/\/noti-america.com\/site\/mexico\/2019\/11\/13\/protejase-alertan-por-bajas-temperaturas-en-cdmx\/\"]}]},{\"@type\":\"ImageObject\",\"inLanguage\":\"es\",\"@id\":\"https:\/\/noti-america.com\/site\/mexico\/2019\/11\/13\/protejase-alertan-por-bajas-temperaturas-en-cdmx\/#primaryimage\",\"url\":\"https:\/\/noti-america.com\/site\/mexico\/wp-content\/uploads\/sites\/13\/2019\/11\/frio.jpg\",\"contentUrl\":\"https:\/\/noti-america.com\/site\/mexico\/wp-content\/uploads\/sites\/13\/2019\/11\/frio.jpg\",\"width\":1200,\"height\":801},{\"@type\":\"BreadcrumbList\",\"@id\":\"https:\/\/noti-america.com\/site\/mexico\/2019\/11\/13\/protejase-alertan-por-bajas-temperaturas-en-cdmx\/#breadcrumb\",\"itemListElement\":[{\"@type\":\"ListItem\",\"position\":1,\"name\":\"Portada\",\"item\":\"https:\/\/noti-america.com\/site\/mexico\/\"},{\"@type\":\"ListItem\",\"position\":2,\"name\":\"\u00a1Prot\u00e9jase! Alertan por bajas temperaturas en CDMX\"}]},{\"@type\":\"WebSite\",\"@id\":\"https:\/\/noti-america.com\/site\/mexico\/#website\",\"url\":\"https:\/\/noti-america.com\/site\/mexico\/\",\"name\":\"M\u00e9xico | Noti-America.com\",\"description\":\"\",\"publisher\":{\"@id\":\"https:\/\/noti-america.com\/site\/mexico\/#organization\"},\"potentialAction\":[{\"@type\":\"SearchAction\",\"target\":{\"@type\":\"EntryPoint\",\"urlTemplate\":\"https:\/\/noti-america.com\/site\/mexico\/?s={search_term_string}\"},\"query-input\":{\"@type\":\"PropertyValueSpecification\",\"valueRequired\":true,\"valueName\":\"search_term_string\"}}],\"inLanguage\":\"es\"},{\"@type\":\"Organization\",\"@id\":\"https:\/\/noti-america.com\/site\/mexico\/#organization\",\"name\":\"Noti-America LLC | M\u00e9xico\",\"url\":\"https:\/\/noti-america.com\/site\/mexico\/\",\"logo\":{\"@type\":\"ImageObject\",\"inLanguage\":\"es\",\"@id\":\"https:\/\/noti-america.com\/site\/mexico\/#\/schema\/logo\/image\/\",\"url\":\"https:\/\/noti-america.com\/site\/mexico\/wp-content\/uploads\/sites\/13\/2020\/07\/LogoNA-4x3-1.jpg\",\"contentUrl\":\"https:\/\/noti-america.com\/site\/mexico\/wp-content\/uploads\/sites\/13\/2020\/07\/LogoNA-4x3-1.jpg\",\"width\":1236,\"height\":1080,\"caption\":\"Noti-America LLC | M\u00e9xico\"},\"image\":{\"@id\":\"https:\/\/noti-america.com\/site\/mexico\/#\/schema\/logo\/image\/\"}},{\"@type\":\"Person\",\"@id\":\"https:\/\/noti-america.com\/site\/mexico\/#\/schema\/person\/94698c37eabfac013feacc7833236369\",\"name\":\"Alejandro Pe\u00f1a\",\"image\":{\"@type\":\"ImageObject\",\"inLanguage\":\"es\",\"@id\":\"https:\/\/secure.gravatar.com\/avatar\/3635098d0b4c3c87ef9178204803e75e1e1151265a630574120816dba2fedacb?s=96&d=mm&r=g\",\"url\":\"https:\/\/secure.gravatar.com\/avatar\/3635098d0b4c3c87ef9178204803e75e1e1151265a630574120816dba2fedacb?s=96&d=mm&r=g\",\"contentUrl\":\"https:\/\/secure.gravatar.com\/avatar\/3635098d0b4c3c87ef9178204803e75e1e1151265a630574120816dba2fedacb?s=96&d=mm&r=g\",\"caption\":\"Alejandro Pe\u00f1a\"},\"url\":\"https:\/\/noti-america.com\/site\/mexico\/author\/apena\/\"}]}<\/script>\n<!-- \/ Yoast SEO Premium plugin. -->","yoast_head_json":{"title":"\u00a1Prot\u00e9jase! Alertan por bajas temperaturas en CDMX - M\u00e9xico","robots":{"index":"index","follow":"follow","max-snippet":"max-snippet:-1","max-image-preview":"max-image-preview:large","max-video-preview":"max-video-preview:-1"},"canonical":"https:\/\/noti-america.com\/site\/mexico\/2019\/11\/13\/protejase-alertan-por-bajas-temperaturas-en-cdmx\/","og_locale":"es_ES","og_type":"article","og_title":"\u00a1Prot\u00e9jase! Alertan por bajas temperaturas en CDMX","og_description":"La Secretar\u00eda de Gesti\u00f3n Integral de Riesgos y Protecci\u00f3n Civil emiti\u00f3 una alerta amarilla, por lo que recomend\u00f3 a la poblaci\u00f3n protegerse La madrugada de este mi\u00e9rcoles se registrar\u00e1n temperaturas de entre 4 y&#46;&#46;&#46;","og_url":"https:\/\/noti-america.com\/site\/mexico\/2019\/11\/13\/protejase-alertan-por-bajas-temperaturas-en-cdmx\/","og_site_name":"M\u00e9xico","article_published_time":"2019-11-13T04:46:56+00:00","og_image":[{"width":1200,"height":801,"url":"https:\/\/noti-america.com\/site\/mexico\/wp-content\/uploads\/sites\/13\/2019\/11\/frio.jpg","type":"image\/jpeg"}],"author":"Alejandro Pe\u00f1a","twitter_card":"summary_large_image","twitter_misc":{"Escrito por":"Alejandro Pe\u00f1a","Tiempo estimado de lectura":"1 minuto"},"schema":{"@context":"https:\/\/schema.org","@graph":[{"@type":"Article","@id":"https:\/\/noti-america.com\/site\/mexico\/2019\/11\/13\/protejase-alertan-por-bajas-temperaturas-en-cdmx\/#article","isPartOf":{"@id":"https:\/\/noti-america.com\/site\/mexico\/2019\/11\/13\/protejase-alertan-por-bajas-temperaturas-en-cdmx\/"},"author":{"name":"Alejandro Pe\u00f1a","@id":"https:\/\/noti-america.com\/site\/mexico\/#\/schema\/person\/94698c37eabfac013feacc7833236369"},"headline":"\u00a1Prot\u00e9jase! Alertan por bajas temperaturas en CDMX","datePublished":"2019-11-13T04:46:56+00:00","mainEntityOfPage":{"@id":"https:\/\/noti-america.com\/site\/mexico\/2019\/11\/13\/protejase-alertan-por-bajas-temperaturas-en-cdmx\/"},"wordCount":178,"commentCount":0,"publisher":{"@id":"https:\/\/noti-america.com\/site\/mexico\/#organization"},"image":{"@id":"https:\/\/noti-america.com\/site\/mexico\/2019\/11\/13\/protejase-alertan-por-bajas-temperaturas-en-cdmx\/#primaryimage"},"thumbnailUrl":"https:\/\/noti-america.com\/site\/mexico\/wp-content\/uploads\/sites\/13\/2019\/11\/frio.jpg","keywords":["Clima","Fr\u00edo","M\u00e9xico"],"articleSection":["Vida y Salud"],"inLanguage":"es","potentialAction":[{"@type":"CommentAction","name":"Comment","target":["https:\/\/noti-america.com\/site\/mexico\/2019\/11\/13\/protejase-alertan-por-bajas-temperaturas-en-cdmx\/#respond"]}]},{"@type":"WebPage","@id":"https:\/\/noti-america.com\/site\/mexico\/2019\/11\/13\/protejase-alertan-por-bajas-temperaturas-en-cdmx\/","url":"https:\/\/noti-america.com\/site\/mexico\/2019\/11\/13\/protejase-alertan-por-bajas-temperaturas-en-cdmx\/","name":"\u00a1Prot\u00e9jase! Alertan por bajas temperaturas en CDMX - M\u00e9xico","isPartOf":{"@id":"https:\/\/noti-america.com\/site\/mexico\/#website"},"primaryImageOfPage":{"@id":"https:\/\/noti-america.com\/site\/mexico\/2019\/11\/13\/protejase-alertan-por-bajas-temperaturas-en-cdmx\/#primaryimage"},"image":{"@id":"https:\/\/noti-america.com\/site\/mexico\/2019\/11\/13\/protejase-alertan-por-bajas-temperaturas-en-cdmx\/#primaryimage"},"thumbnailUrl":"https:\/\/noti-america.com\/site\/mexico\/wp-content\/uploads\/sites\/13\/2019\/11\/frio.jpg","datePublished":"2019-11-13T04:46:56+00:00","breadcrumb":{"@id":"https:\/\/noti-america.com\/site\/mexico\/2019\/11\/13\/protejase-alertan-por-bajas-temperaturas-en-cdmx\/#breadcrumb"},"inLanguage":"es","potentialAction":[{"@type":"ReadAction","target":["https:\/\/noti-america.com\/site\/mexico\/2019\/11\/13\/protejase-alertan-por-bajas-temperaturas-en-cdmx\/"]}]},{"@type":"ImageObject","inLanguage":"es","@id":"https:\/\/noti-america.com\/site\/mexico\/2019\/11\/13\/protejase-alertan-por-bajas-temperaturas-en-cdmx\/#primaryimage","url":"https:\/\/noti-america.com\/site\/mexico\/wp-content\/uploads\/sites\/13\/2019\/11\/frio.jpg","contentUrl":"https:\/\/noti-america.com\/site\/mexico\/wp-content\/uploads\/sites\/13\/2019\/11\/frio.jpg","width":1200,"height":801},{"@type":"BreadcrumbList","@id":"https:\/\/noti-america.com\/site\/mexico\/2019\/11\/13\/protejase-alertan-por-bajas-temperaturas-en-cdmx\/#breadcrumb","itemListElement":[{"@type":"ListItem","position":1,"name":"Portada","item":"https:\/\/noti-america.com\/site\/mexico\/"},{"@type":"ListItem","position":2,"name":"\u00a1Prot\u00e9jase! Alertan por bajas temperaturas en CDMX"}]},{"@type":"WebSite","@id":"https:\/\/noti-america.com\/site\/mexico\/#website","url":"https:\/\/noti-america.com\/site\/mexico\/","name":"M\u00e9xico | Noti-America.com","description":"","publisher":{"@id":"https:\/\/noti-america.com\/site\/mexico\/#organization"},"potentialAction":[{"@type":"SearchAction","target":{"@type":"EntryPoint","urlTemplate":"https:\/\/noti-america.com\/site\/mexico\/?s={search_term_string}"},"query-input":{"@type":"PropertyValueSpecification","valueRequired":true,"valueName":"search_term_string"}}],"inLanguage":"es"},{"@type":"Organization","@id":"https:\/\/noti-america.com\/site\/mexico\/#organization","name":"Noti-America LLC | M\u00e9xico","url":"https:\/\/noti-america.com\/site\/mexico\/","logo":{"@type":"ImageObject","inLanguage":"es","@id":"https:\/\/noti-america.com\/site\/mexico\/#\/schema\/logo\/image\/","url":"https:\/\/noti-america.com\/site\/mexico\/wp-content\/uploads\/sites\/13\/2020\/07\/LogoNA-4x3-1.jpg","contentUrl":"https:\/\/noti-america.com\/site\/mexico\/wp-content\/uploads\/sites\/13\/2020\/07\/LogoNA-4x3-1.jpg","width":1236,"height":1080,"caption":"Noti-America LLC | M\u00e9xico"},"image":{"@id":"https:\/\/noti-america.com\/site\/mexico\/#\/schema\/logo\/image\/"}},{"@type":"Person","@id":"https:\/\/noti-america.com\/site\/mexico\/#\/schema\/person\/94698c37eabfac013feacc7833236369","name":"Alejandro Pe\u00f1a","image":{"@type":"ImageObject","inLanguage":"es","@id":"https:\/\/secure.gravatar.com\/avatar\/3635098d0b4c3c87ef9178204803e75e1e1151265a630574120816dba2fedacb?s=96&d=mm&r=g","url":"https:\/\/secure.gravatar.com\/avatar\/3635098d0b4c3c87ef9178204803e75e1e1151265a630574120816dba2fedacb?s=96&d=mm&r=g","contentUrl":"https:\/\/secure.gravatar.com\/avatar\/3635098d0b4c3c87ef9178204803e75e1e1151265a630574120816dba2fedacb?s=96&d=mm&r=g","caption":"Alejandro Pe\u00f1a"},"url":"https:\/\/noti-america.com\/site\/mexico\/author\/apena\/"}]}},"_links":{"self":[{"href":"https:\/\/noti-america.com\/site\/mexico\/wp-json\/wp\/v2\/posts\/5151","targetHints":{"allow":["GET"]}}],"collection":[{"href":"https:\/\/noti-america.com\/site\/mexico\/wp-json\/wp\/v2\/posts"}],"about":[{"href":"https:\/\/noti-america.com\/site\/mexico\/wp-json\/wp\/v2\/types\/post"}],"author":[{"embeddable":true,"href":"https:\/\/noti-america.com\/site\/mexico\/wp-json\/wp\/v2\/users\/64"}],"replies":[{"embeddable":true,"href":"https:\/\/noti-america.com\/site\/mexico\/wp-json\/wp\/v2\/comments?post=5151"}],"version-history":[{"count":1,"href":"https:\/\/noti-america.com\/site\/mexico\/wp-json\/wp\/v2\/posts\/5151\/revisions"}],"predecessor-version":[{"id":5155,"href":"https:\/\/noti-america.com\/site\/mexico\/wp-json\/wp\/v2\/posts\/5151\/revisions\/5155"}],"wp:featuredmedia":[{"embeddable":true,"href":"https:\/\/noti-america.com\/site\/mexico\/wp-json\/wp\/v2\/media\/5152"}],"wp:attachment":[{"href":"https:\/\/noti-america.com\/site\/mexico\/wp-json\/wp\/v2\/media?parent=5151"}],"wp:term":[{"taxonomy":"category","embeddable":true,"href":"https:\/\/noti-america.com\/site\/mexico\/wp-json\/wp\/v2\/categories?post=5151"},{"taxonomy":"post_tag","embeddable":true,"href":"https:\/\/noti-america.com\/site\/mexico\/wp-json\/wp\/v2\/tags?post=5151"}],"curies":[{"name":"wp","href":"https:\/\/api.w.org\/{rel}","templated":true}]}}