{"id":510,"date":"2017-09-23T22:52:22","date_gmt":"2017-09-23T22:52:22","guid":{"rendered":"http:\/\/noti-america.com\/site\/mexico\/?p=510"},"modified":"2017-09-23T22:52:22","modified_gmt":"2017-09-23T22:52:22","slug":"se-desarrollo-la-depresion-tropical-18-e-frente-a-las-costas-de-colima","status":"publish","type":"post","link":"https:\/\/noti-america.com\/site\/mexico\/2017\/09\/23\/se-desarrollo-la-depresion-tropical-18-e-frente-a-las-costas-de-colima\/","title":{"rendered":"Se desarroll\u00f3 la Depresi\u00f3n Tropical 18-E frente a las costas de Colima"},"content":{"rendered":"<div class=\"col-sm-7 pull-left\">\n<ul>\n<li><strong>Sus desprendimientos nubosos ocasionar\u00e1n tormentas torrenciales en Jalisco y Colima e intensas en Michoac\u00e1n.<\/strong><\/li>\n<\/ul>\n<\/div>\n<div class=\"col-sm-5 col-md-4 col-xs-12 pull-right\"><img loading=\"lazy\" decoding=\"async\" class=\"img-responsive aligncenter\" src=\"https:\/\/www.gob.mx\/cms\/uploads\/press\/main_image\/119921\/post_201709232030.jpg\" alt=\"Se desarroll\u00f3 la Depresi\u00f3n Tropical 18-E frente a las costas de Colima. \" width=\"387\" height=\"228\" \/><\/div>\n<ul>\n<li class=\"col-sm-5 col-md-4 col-xs-12 pull-right\"><strong><span style=\"text-align: center\">Se desarroll\u00f3 la Depresi\u00f3n Tropical 18-E frente a las costas de Colima.<\/span><\/strong><\/li>\n<\/ul>\n<div class=\"col-sm-7 pull-left\">\n<div class=\"article-body\">\n<p>Esta tarde, en el Oc\u00e9ano Pac\u00edfico, frente a las costas de Colima, se desarroll\u00f3 la Depresi\u00f3n Tropical 18-E<em>,<\/em>\u00a0con vientos m\u00e1ximos sostenidos de 55 kil\u00f3metros por hora (km\/h) y rachas de 75 km\/h, inform\u00f3 el Servicio Meteorol\u00f3gico Nacional (SMN).<\/p>\n<p>A las 16:00 horas, tiempo del centro de M\u00e9xico, se ubic\u00f3 aproximadamente a 125 kil\u00f3metros (km) al oeste-suroeste de Manzanillo, Colima, y a 225 km al sur de Cabo Corrientes, Jalisco, con desplazamiento hacia el nor-noroeste a 7 km\/h.<\/p>\n<p>Debido a su presencia, se pronostican tormentas torrenciales en Jalisco y Colima; tormentas intensas en Michoac\u00e1n; tormentas muy fuertes en Nayarit; tormentas fuertes en Sinaloa; rachas de viento superiores a 50 km\/h y oleaje de 1 a 2 metros en las costas de Jalisco, Colima, Nayarit y el sur de Sinaloa.<\/p>\n<p>El SMN en coordinaci\u00f3n con el Centro Nacional de Huracanes de Miami, Florida, establece zona de vigilancia desde Manzanillo, Colima, hasta El Roblito, Sinaloa.<\/p>\n<p>La Conagua y el SMN recomiendan a la poblaci\u00f3n y a la navegaci\u00f3n mar\u00edtima ubicada en las entidades mencionadas, extremar precauciones y atender las recomendaciones del Sistema Nacional de Protecci\u00f3n Civil, por lluvias, viento y oleaje.<\/p>\n<p>Asimismo, exhortan a la poblaci\u00f3n a mantenerse informada sobre las condiciones meteorol\u00f3gicas mediante las p\u00e1ginas de internet\u00a0www.gob.mx\/conagua\u00a0y\u00a0http:\/\/smn.conagua.gob.mx, as\u00ed como en las cuentas de Twitter @conagua_mx y @conagua_clima y de Facebook\u00a0www.facebook.com\/conaguamx.<\/p>\n<\/div>\n<\/div>\n","protected":false},"excerpt":{"rendered":"<p>Sus desprendimientos nubosos ocasionar\u00e1n tormentas torrenciales en Jalisco y Colima e intensas en Michoac\u00e1n. Se desarroll\u00f3 la Depresi\u00f3n Tropical 18-E frente a las costas de Colima. Esta tarde, en el Oc\u00e9ano Pac\u00edfico, frente a&#46;&#46;&#46;<\/p>\n","protected":false},"author":16,"featured_media":511,"comment_status":"open","ping_status":"open","sticky":false,"template":"","format":"standard","meta":{"_acf_changed":false,"om_disable_all_campaigns":false,"rop_custom_images_group":[],"rop_custom_messages_group":[],"rop_publish_now":"initial","rop_publish_now_accounts":{"twitter_242054905_242054905":""},"rop_publish_now_history":[],"rop_publish_now_status":"pending","_uf_show_specific_survey":0,"_uf_disable_surveys":false,"footnotes":""},"categories":[1],"tags":[],"class_list":["post-510","post","type-post","status-publish","format-standard","has-post-thumbnail","hentry","category-uncategorized"],"acf":[],"aioseo_notices":[],"yoast_head":"<!-- This site is optimized with the Yoast SEO Premium plugin v24.9 (Yoast SEO v27.2) - https:\/\/yoast.com\/product\/yoast-seo-premium-wordpress\/ -->\n<title>Se desarroll\u00f3 la Depresi\u00f3n Tropical 18-E frente a las costas de Colima - M\u00e9xico<\/title>\n<meta name=\"robots\" content=\"index, follow, max-snippet:-1, max-image-preview:large, max-video-preview:-1\" \/>\n<link rel=\"canonical\" href=\"https:\/\/noti-america.com\/site\/mexico\/2017\/09\/23\/se-desarrollo-la-depresion-tropical-18-e-frente-a-las-costas-de-colima\/\" \/>\n<meta property=\"og:locale\" content=\"es_ES\" \/>\n<meta property=\"og:type\" content=\"article\" \/>\n<meta property=\"og:title\" content=\"Se desarroll\u00f3 la Depresi\u00f3n Tropical 18-E frente a las costas de Colima\" \/>\n<meta property=\"og:description\" content=\"Sus desprendimientos nubosos ocasionar\u00e1n tormentas torrenciales en Jalisco y Colima e intensas en Michoac\u00e1n. Se desarroll\u00f3 la Depresi\u00f3n Tropical 18-E frente a las costas de Colima. Esta tarde, en el Oc\u00e9ano Pac\u00edfico, frente a&#046;&#046;&#046;\" \/>\n<meta property=\"og:url\" content=\"https:\/\/noti-america.com\/site\/mexico\/2017\/09\/23\/se-desarrollo-la-depresion-tropical-18-e-frente-a-las-costas-de-colima\/\" \/>\n<meta property=\"og:site_name\" content=\"M\u00e9xico\" \/>\n<meta property=\"article:published_time\" content=\"2017-09-23T22:52:22+00:00\" \/>\n<meta property=\"og:image\" content=\"https:\/\/noti-america.com\/site\/mexico\/wp-content\/uploads\/sites\/13\/2017\/09\/post_201709232030.jpg\" \/>\n\t<meta property=\"og:image:width\" content=\"385\" \/>\n\t<meta property=\"og:image:height\" content=\"227\" \/>\n\t<meta property=\"og:image:type\" content=\"image\/jpeg\" \/>\n<meta name=\"author\" content=\"Paloma Olachea\" \/>\n<meta name=\"twitter:card\" content=\"summary_large_image\" \/>\n<meta name=\"twitter:label1\" content=\"Escrito por\" \/>\n\t<meta name=\"twitter:data1\" content=\"Paloma Olachea\" \/>\n\t<meta name=\"twitter:label2\" content=\"Tiempo estimado de lectura\" \/>\n\t<meta name=\"twitter:data2\" content=\"1 minuto\" \/>\n<script type=\"application\/ld+json\" class=\"yoast-schema-graph\">{\"@context\":\"https:\/\/schema.org\",\"@graph\":[{\"@type\":\"Article\",\"@id\":\"https:\/\/noti-america.com\/site\/mexico\/2017\/09\/23\/se-desarrollo-la-depresion-tropical-18-e-frente-a-las-costas-de-colima\/#article\",\"isPartOf\":{\"@id\":\"https:\/\/noti-america.com\/site\/mexico\/2017\/09\/23\/se-desarrollo-la-depresion-tropical-18-e-frente-a-las-costas-de-colima\/\"},\"author\":{\"name\":\"Paloma Olachea\",\"@id\":\"https:\/\/noti-america.com\/site\/mexico\/#\/schema\/person\/0055de23daadb69055b7fe942f37dcf3\"},\"headline\":\"Se desarroll\u00f3 la Depresi\u00f3n Tropical 18-E frente a las costas de Colima\",\"datePublished\":\"2017-09-23T22:52:22+00:00\",\"mainEntityOfPage\":{\"@id\":\"https:\/\/noti-america.com\/site\/mexico\/2017\/09\/23\/se-desarrollo-la-depresion-tropical-18-e-frente-a-las-costas-de-colima\/\"},\"wordCount\":289,\"commentCount\":0,\"publisher\":{\"@id\":\"https:\/\/noti-america.com\/site\/mexico\/#organization\"},\"image\":{\"@id\":\"https:\/\/noti-america.com\/site\/mexico\/2017\/09\/23\/se-desarrollo-la-depresion-tropical-18-e-frente-a-las-costas-de-colima\/#primaryimage\"},\"thumbnailUrl\":\"https:\/\/noti-america.com\/site\/mexico\/wp-content\/uploads\/sites\/13\/2017\/09\/post_201709232030.jpg\",\"articleSection\":[\"Uncategorized\"],\"inLanguage\":\"es\",\"potentialAction\":[{\"@type\":\"CommentAction\",\"name\":\"Comment\",\"target\":[\"https:\/\/noti-america.com\/site\/mexico\/2017\/09\/23\/se-desarrollo-la-depresion-tropical-18-e-frente-a-las-costas-de-colima\/#respond\"]}]},{\"@type\":\"WebPage\",\"@id\":\"https:\/\/noti-america.com\/site\/mexico\/2017\/09\/23\/se-desarrollo-la-depresion-tropical-18-e-frente-a-las-costas-de-colima\/\",\"url\":\"https:\/\/noti-america.com\/site\/mexico\/2017\/09\/23\/se-desarrollo-la-depresion-tropical-18-e-frente-a-las-costas-de-colima\/\",\"name\":\"Se desarroll\u00f3 la Depresi\u00f3n Tropical 18-E frente a las costas de Colima - M\u00e9xico\",\"isPartOf\":{\"@id\":\"https:\/\/noti-america.com\/site\/mexico\/#website\"},\"primaryImageOfPage\":{\"@id\":\"https:\/\/noti-america.com\/site\/mexico\/2017\/09\/23\/se-desarrollo-la-depresion-tropical-18-e-frente-a-las-costas-de-colima\/#primaryimage\"},\"image\":{\"@id\":\"https:\/\/noti-america.com\/site\/mexico\/2017\/09\/23\/se-desarrollo-la-depresion-tropical-18-e-frente-a-las-costas-de-colima\/#primaryimage\"},\"thumbnailUrl\":\"https:\/\/noti-america.com\/site\/mexico\/wp-content\/uploads\/sites\/13\/2017\/09\/post_201709232030.jpg\",\"datePublished\":\"2017-09-23T22:52:22+00:00\",\"breadcrumb\":{\"@id\":\"https:\/\/noti-america.com\/site\/mexico\/2017\/09\/23\/se-desarrollo-la-depresion-tropical-18-e-frente-a-las-costas-de-colima\/#breadcrumb\"},\"inLanguage\":\"es\",\"potentialAction\":[{\"@type\":\"ReadAction\",\"target\":[\"https:\/\/noti-america.com\/site\/mexico\/2017\/09\/23\/se-desarrollo-la-depresion-tropical-18-e-frente-a-las-costas-de-colima\/\"]}]},{\"@type\":\"ImageObject\",\"inLanguage\":\"es\",\"@id\":\"https:\/\/noti-america.com\/site\/mexico\/2017\/09\/23\/se-desarrollo-la-depresion-tropical-18-e-frente-a-las-costas-de-colima\/#primaryimage\",\"url\":\"https:\/\/noti-america.com\/site\/mexico\/wp-content\/uploads\/sites\/13\/2017\/09\/post_201709232030.jpg\",\"contentUrl\":\"https:\/\/noti-america.com\/site\/mexico\/wp-content\/uploads\/sites\/13\/2017\/09\/post_201709232030.jpg\",\"width\":385,\"height\":227},{\"@type\":\"BreadcrumbList\",\"@id\":\"https:\/\/noti-america.com\/site\/mexico\/2017\/09\/23\/se-desarrollo-la-depresion-tropical-18-e-frente-a-las-costas-de-colima\/#breadcrumb\",\"itemListElement\":[{\"@type\":\"ListItem\",\"position\":1,\"name\":\"Portada\",\"item\":\"https:\/\/noti-america.com\/site\/mexico\/\"},{\"@type\":\"ListItem\",\"position\":2,\"name\":\"Se desarroll\u00f3 la Depresi\u00f3n Tropical 18-E frente a las costas de Colima\"}]},{\"@type\":\"WebSite\",\"@id\":\"https:\/\/noti-america.com\/site\/mexico\/#website\",\"url\":\"https:\/\/noti-america.com\/site\/mexico\/\",\"name\":\"M\u00e9xico | Noti-America.com\",\"description\":\"\",\"publisher\":{\"@id\":\"https:\/\/noti-america.com\/site\/mexico\/#organization\"},\"potentialAction\":[{\"@type\":\"SearchAction\",\"target\":{\"@type\":\"EntryPoint\",\"urlTemplate\":\"https:\/\/noti-america.com\/site\/mexico\/?s={search_term_string}\"},\"query-input\":{\"@type\":\"PropertyValueSpecification\",\"valueRequired\":true,\"valueName\":\"search_term_string\"}}],\"inLanguage\":\"es\"},{\"@type\":\"Organization\",\"@id\":\"https:\/\/noti-america.com\/site\/mexico\/#organization\",\"name\":\"Noti-America LLC | M\u00e9xico\",\"url\":\"https:\/\/noti-america.com\/site\/mexico\/\",\"logo\":{\"@type\":\"ImageObject\",\"inLanguage\":\"es\",\"@id\":\"https:\/\/noti-america.com\/site\/mexico\/#\/schema\/logo\/image\/\",\"url\":\"https:\/\/noti-america.com\/site\/mexico\/wp-content\/uploads\/sites\/13\/2020\/07\/LogoNA-4x3-1.jpg\",\"contentUrl\":\"https:\/\/noti-america.com\/site\/mexico\/wp-content\/uploads\/sites\/13\/2020\/07\/LogoNA-4x3-1.jpg\",\"width\":1236,\"height\":1080,\"caption\":\"Noti-America LLC | M\u00e9xico\"},\"image\":{\"@id\":\"https:\/\/noti-america.com\/site\/mexico\/#\/schema\/logo\/image\/\"}},{\"@type\":\"Person\",\"@id\":\"https:\/\/noti-america.com\/site\/mexico\/#\/schema\/person\/0055de23daadb69055b7fe942f37dcf3\",\"name\":\"Paloma Olachea\",\"image\":{\"@type\":\"ImageObject\",\"inLanguage\":\"es\",\"@id\":\"https:\/\/secure.gravatar.com\/avatar\/bdea3a4c796d2085779e77a5d654205f160117a0245752e5d3a2230b2f1e9cce?s=96&d=mm&r=g\",\"url\":\"https:\/\/secure.gravatar.com\/avatar\/bdea3a4c796d2085779e77a5d654205f160117a0245752e5d3a2230b2f1e9cce?s=96&d=mm&r=g\",\"contentUrl\":\"https:\/\/secure.gravatar.com\/avatar\/bdea3a4c796d2085779e77a5d654205f160117a0245752e5d3a2230b2f1e9cce?s=96&d=mm&r=g\",\"caption\":\"Paloma Olachea\"},\"description\":\"Egresada de La Universidad Aut\u00f3noma de Baja California Sur, en la Licenciatura de Comunicaci\u00f3n, donde aprendi\u00f3 de los grandes maestros de esta M\u00e1xima Casa de Estudios como lo son: La Maestra Brenda Ramirez, Maestra Rossana Almada, Aletxe Almada, Lic. Francisco Fuentes, Profr. Carrillo de Fotograf\u00eda, Dr. Ruben Olachea , critica cinematogr\u00e1fica en Diplomados, Padre Juan Gom\u00e9z, en el cual desarrollo los temas mas importantes de comunicaci\u00f3n Social y sus teor\u00edas, en el transcurso de estudios, realizo su servicio y practicas profesionales, en la Unidad de Atenci\u00f3n Ciudadana del Gobierno del Estado de Baja California Sur, como asistente de la Lic. Nilda Moreno Armenta, Jefa de departamento de control y gesti\u00f3n Gubernamental en el tiempo de el Lic. Sergio Barron Pinto quien era el Director de la instituci\u00f3n gubernamental. Directora de Click Fotograf\u00eda explica con detalle que ha trabajado para grandes industrias como La Revista Bajacalifornianos.net con el Empresario Edgar Barrag\u00e1n, donde se formo por primera vez en el \u00e1mbito Fotogr\u00e1fico en la Secci\u00f3n Sociales y Ciencia BCS, en la Empresa Metamorphosis de Lic. Yamel Arti\u00f1o, mercadologa, aprendi\u00f3 los diversos temas y t\u00e9cnicas en el ramo de la Mercadotecnia para diferentes empresas y la mas importante para la compa\u00f1\u00eda Telcel, contratada por la Gran Mujer Lic. Cristina Flores, propietaria de Anuncios y Letreros el autodominio, fortaleza y emprendedora al activarse con una comunicaci\u00f3n eficaz, una gran maestra y a la vez una mujer que no se limita a ning\u00fan trabajo publicitario, El Ing. Gerardo Valenzuela de la Empresa Radiof\u00f3nica Radio Mochis Sinaloa y Director de la Revista ABC, el cual tiene un gran aprecio aparte de maestro, Padrino, en el cual ella aprendi\u00f3 a desarrollarse en el \u00e1mbito period\u00edstico, a conocer mas a los grandes ilustres y corresponsales de diferentes medios, en otro punto importante le ha permitido desarrollarse durante 7 a\u00f1os en el \u00e1mbito de programas de edici\u00f3n publicitaria y ahora forma parte de la Asociaci\u00f3n Radio Pace\u00f1ita, Realiza el dise\u00f1o actual de la Revista La Discapacidad en Acci\u00f3n de el C. Francisco Diaz Zu\u00f1iga, entre otras trabajar en el \u00e1rea de ventas con la Dise\u00f1adora Gr\u00e1fica Carmen Wences, en el cual tambi\u00e9n obtuvo asesoramiento y preparaci\u00f3n, entre los medios period\u00edsticos laboro para Mauricio Diaz anterior Director Peninsular Digital, en diversas notas y obtuvo el cambio al \u00e1rea de estad\u00edstica. En la Delegaci\u00f3n de Cabo San Lucas Trabajo con el C. Lucio Chavira propietario de Los Cabos Tve el cual ve como su padre quien le dio apoyo, familia y le dio capacitaci\u00f3n en fotogr\u00e1fica La C. Julia Ruiz de Chavira, ademas de laborar con el Lic. Ricardo del Rio en diversos trabajos de video y edici\u00f3n. Entre sus tantas Actividades labora para La Secretaria de Educaci\u00f3n Publica, primeramente en el Subsistema de Escuelas T\u00e9cnicas y as\u00ed pasado al Subsistema de Telesecundaria, En el DIF Estatal de Baja California Sur, como tallerista y en los Negocios de Banner Publicitario, Alder Dise\u00f1o y Casa Productora Pitahaya Productions como Propietaria, de antemano destacamos una opci\u00f3n mas laboral en el Medio Digital Noti America en el cual su Jefe Rafael Pi\u00f1a Loaiza le da la oportunidad de dar a conocer las noticias a nivel internacional destacando primordial mente su pa\u00eds natal Mexico.\",\"url\":\"https:\/\/noti-america.com\/site\/mexico\/author\/polachea\/\"}]}<\/script>\n<!-- \/ Yoast SEO Premium plugin. -->","yoast_head_json":{"title":"Se desarroll\u00f3 la Depresi\u00f3n Tropical 18-E frente a las costas de Colima - M\u00e9xico","robots":{"index":"index","follow":"follow","max-snippet":"max-snippet:-1","max-image-preview":"max-image-preview:large","max-video-preview":"max-video-preview:-1"},"canonical":"https:\/\/noti-america.com\/site\/mexico\/2017\/09\/23\/se-desarrollo-la-depresion-tropical-18-e-frente-a-las-costas-de-colima\/","og_locale":"es_ES","og_type":"article","og_title":"Se desarroll\u00f3 la Depresi\u00f3n Tropical 18-E frente a las costas de Colima","og_description":"Sus desprendimientos nubosos ocasionar\u00e1n tormentas torrenciales en Jalisco y Colima e intensas en Michoac\u00e1n. Se desarroll\u00f3 la Depresi\u00f3n Tropical 18-E frente a las costas de Colima. Esta tarde, en el Oc\u00e9ano Pac\u00edfico, frente a&#46;&#46;&#46;","og_url":"https:\/\/noti-america.com\/site\/mexico\/2017\/09\/23\/se-desarrollo-la-depresion-tropical-18-e-frente-a-las-costas-de-colima\/","og_site_name":"M\u00e9xico","article_published_time":"2017-09-23T22:52:22+00:00","og_image":[{"width":385,"height":227,"url":"https:\/\/noti-america.com\/site\/mexico\/wp-content\/uploads\/sites\/13\/2017\/09\/post_201709232030.jpg","type":"image\/jpeg"}],"author":"Paloma Olachea","twitter_card":"summary_large_image","twitter_misc":{"Escrito por":"Paloma Olachea","Tiempo estimado de lectura":"1 minuto"},"schema":{"@context":"https:\/\/schema.org","@graph":[{"@type":"Article","@id":"https:\/\/noti-america.com\/site\/mexico\/2017\/09\/23\/se-desarrollo-la-depresion-tropical-18-e-frente-a-las-costas-de-colima\/#article","isPartOf":{"@id":"https:\/\/noti-america.com\/site\/mexico\/2017\/09\/23\/se-desarrollo-la-depresion-tropical-18-e-frente-a-las-costas-de-colima\/"},"author":{"name":"Paloma Olachea","@id":"https:\/\/noti-america.com\/site\/mexico\/#\/schema\/person\/0055de23daadb69055b7fe942f37dcf3"},"headline":"Se desarroll\u00f3 la Depresi\u00f3n Tropical 18-E frente a las costas de Colima","datePublished":"2017-09-23T22:52:22+00:00","mainEntityOfPage":{"@id":"https:\/\/noti-america.com\/site\/mexico\/2017\/09\/23\/se-desarrollo-la-depresion-tropical-18-e-frente-a-las-costas-de-colima\/"},"wordCount":289,"commentCount":0,"publisher":{"@id":"https:\/\/noti-america.com\/site\/mexico\/#organization"},"image":{"@id":"https:\/\/noti-america.com\/site\/mexico\/2017\/09\/23\/se-desarrollo-la-depresion-tropical-18-e-frente-a-las-costas-de-colima\/#primaryimage"},"thumbnailUrl":"https:\/\/noti-america.com\/site\/mexico\/wp-content\/uploads\/sites\/13\/2017\/09\/post_201709232030.jpg","articleSection":["Uncategorized"],"inLanguage":"es","potentialAction":[{"@type":"CommentAction","name":"Comment","target":["https:\/\/noti-america.com\/site\/mexico\/2017\/09\/23\/se-desarrollo-la-depresion-tropical-18-e-frente-a-las-costas-de-colima\/#respond"]}]},{"@type":"WebPage","@id":"https:\/\/noti-america.com\/site\/mexico\/2017\/09\/23\/se-desarrollo-la-depresion-tropical-18-e-frente-a-las-costas-de-colima\/","url":"https:\/\/noti-america.com\/site\/mexico\/2017\/09\/23\/se-desarrollo-la-depresion-tropical-18-e-frente-a-las-costas-de-colima\/","name":"Se desarroll\u00f3 la Depresi\u00f3n Tropical 18-E frente a las costas de Colima - M\u00e9xico","isPartOf":{"@id":"https:\/\/noti-america.com\/site\/mexico\/#website"},"primaryImageOfPage":{"@id":"https:\/\/noti-america.com\/site\/mexico\/2017\/09\/23\/se-desarrollo-la-depresion-tropical-18-e-frente-a-las-costas-de-colima\/#primaryimage"},"image":{"@id":"https:\/\/noti-america.com\/site\/mexico\/2017\/09\/23\/se-desarrollo-la-depresion-tropical-18-e-frente-a-las-costas-de-colima\/#primaryimage"},"thumbnailUrl":"https:\/\/noti-america.com\/site\/mexico\/wp-content\/uploads\/sites\/13\/2017\/09\/post_201709232030.jpg","datePublished":"2017-09-23T22:52:22+00:00","breadcrumb":{"@id":"https:\/\/noti-america.com\/site\/mexico\/2017\/09\/23\/se-desarrollo-la-depresion-tropical-18-e-frente-a-las-costas-de-colima\/#breadcrumb"},"inLanguage":"es","potentialAction":[{"@type":"ReadAction","target":["https:\/\/noti-america.com\/site\/mexico\/2017\/09\/23\/se-desarrollo-la-depresion-tropical-18-e-frente-a-las-costas-de-colima\/"]}]},{"@type":"ImageObject","inLanguage":"es","@id":"https:\/\/noti-america.com\/site\/mexico\/2017\/09\/23\/se-desarrollo-la-depresion-tropical-18-e-frente-a-las-costas-de-colima\/#primaryimage","url":"https:\/\/noti-america.com\/site\/mexico\/wp-content\/uploads\/sites\/13\/2017\/09\/post_201709232030.jpg","contentUrl":"https:\/\/noti-america.com\/site\/mexico\/wp-content\/uploads\/sites\/13\/2017\/09\/post_201709232030.jpg","width":385,"height":227},{"@type":"BreadcrumbList","@id":"https:\/\/noti-america.com\/site\/mexico\/2017\/09\/23\/se-desarrollo-la-depresion-tropical-18-e-frente-a-las-costas-de-colima\/#breadcrumb","itemListElement":[{"@type":"ListItem","position":1,"name":"Portada","item":"https:\/\/noti-america.com\/site\/mexico\/"},{"@type":"ListItem","position":2,"name":"Se desarroll\u00f3 la Depresi\u00f3n Tropical 18-E frente a las costas de Colima"}]},{"@type":"WebSite","@id":"https:\/\/noti-america.com\/site\/mexico\/#website","url":"https:\/\/noti-america.com\/site\/mexico\/","name":"M\u00e9xico | Noti-America.com","description":"","publisher":{"@id":"https:\/\/noti-america.com\/site\/mexico\/#organization"},"potentialAction":[{"@type":"SearchAction","target":{"@type":"EntryPoint","urlTemplate":"https:\/\/noti-america.com\/site\/mexico\/?s={search_term_string}"},"query-input":{"@type":"PropertyValueSpecification","valueRequired":true,"valueName":"search_term_string"}}],"inLanguage":"es"},{"@type":"Organization","@id":"https:\/\/noti-america.com\/site\/mexico\/#organization","name":"Noti-America LLC | M\u00e9xico","url":"https:\/\/noti-america.com\/site\/mexico\/","logo":{"@type":"ImageObject","inLanguage":"es","@id":"https:\/\/noti-america.com\/site\/mexico\/#\/schema\/logo\/image\/","url":"https:\/\/noti-america.com\/site\/mexico\/wp-content\/uploads\/sites\/13\/2020\/07\/LogoNA-4x3-1.jpg","contentUrl":"https:\/\/noti-america.com\/site\/mexico\/wp-content\/uploads\/sites\/13\/2020\/07\/LogoNA-4x3-1.jpg","width":1236,"height":1080,"caption":"Noti-America LLC | M\u00e9xico"},"image":{"@id":"https:\/\/noti-america.com\/site\/mexico\/#\/schema\/logo\/image\/"}},{"@type":"Person","@id":"https:\/\/noti-america.com\/site\/mexico\/#\/schema\/person\/0055de23daadb69055b7fe942f37dcf3","name":"Paloma Olachea","image":{"@type":"ImageObject","inLanguage":"es","@id":"https:\/\/secure.gravatar.com\/avatar\/bdea3a4c796d2085779e77a5d654205f160117a0245752e5d3a2230b2f1e9cce?s=96&d=mm&r=g","url":"https:\/\/secure.gravatar.com\/avatar\/bdea3a4c796d2085779e77a5d654205f160117a0245752e5d3a2230b2f1e9cce?s=96&d=mm&r=g","contentUrl":"https:\/\/secure.gravatar.com\/avatar\/bdea3a4c796d2085779e77a5d654205f160117a0245752e5d3a2230b2f1e9cce?s=96&d=mm&r=g","caption":"Paloma Olachea"},"description":"Egresada de La Universidad Aut\u00f3noma de Baja California Sur, en la Licenciatura de Comunicaci\u00f3n, donde aprendi\u00f3 de los grandes maestros de esta M\u00e1xima Casa de Estudios como lo son: La Maestra Brenda Ramirez, Maestra Rossana Almada, Aletxe Almada, Lic. Francisco Fuentes, Profr. Carrillo de Fotograf\u00eda, Dr. Ruben Olachea , critica cinematogr\u00e1fica en Diplomados, Padre Juan Gom\u00e9z, en el cual desarrollo los temas mas importantes de comunicaci\u00f3n Social y sus teor\u00edas, en el transcurso de estudios, realizo su servicio y practicas profesionales, en la Unidad de Atenci\u00f3n Ciudadana del Gobierno del Estado de Baja California Sur, como asistente de la Lic. Nilda Moreno Armenta, Jefa de departamento de control y gesti\u00f3n Gubernamental en el tiempo de el Lic. Sergio Barron Pinto quien era el Director de la instituci\u00f3n gubernamental. Directora de Click Fotograf\u00eda explica con detalle que ha trabajado para grandes industrias como La Revista Bajacalifornianos.net con el Empresario Edgar Barrag\u00e1n, donde se formo por primera vez en el \u00e1mbito Fotogr\u00e1fico en la Secci\u00f3n Sociales y Ciencia BCS, en la Empresa Metamorphosis de Lic. Yamel Arti\u00f1o, mercadologa, aprendi\u00f3 los diversos temas y t\u00e9cnicas en el ramo de la Mercadotecnia para diferentes empresas y la mas importante para la compa\u00f1\u00eda Telcel, contratada por la Gran Mujer Lic. Cristina Flores, propietaria de Anuncios y Letreros el autodominio, fortaleza y emprendedora al activarse con una comunicaci\u00f3n eficaz, una gran maestra y a la vez una mujer que no se limita a ning\u00fan trabajo publicitario, El Ing. Gerardo Valenzuela de la Empresa Radiof\u00f3nica Radio Mochis Sinaloa y Director de la Revista ABC, el cual tiene un gran aprecio aparte de maestro, Padrino, en el cual ella aprendi\u00f3 a desarrollarse en el \u00e1mbito period\u00edstico, a conocer mas a los grandes ilustres y corresponsales de diferentes medios, en otro punto importante le ha permitido desarrollarse durante 7 a\u00f1os en el \u00e1mbito de programas de edici\u00f3n publicitaria y ahora forma parte de la Asociaci\u00f3n Radio Pace\u00f1ita, Realiza el dise\u00f1o actual de la Revista La Discapacidad en Acci\u00f3n de el C. Francisco Diaz Zu\u00f1iga, entre otras trabajar en el \u00e1rea de ventas con la Dise\u00f1adora Gr\u00e1fica Carmen Wences, en el cual tambi\u00e9n obtuvo asesoramiento y preparaci\u00f3n, entre los medios period\u00edsticos laboro para Mauricio Diaz anterior Director Peninsular Digital, en diversas notas y obtuvo el cambio al \u00e1rea de estad\u00edstica. En la Delegaci\u00f3n de Cabo San Lucas Trabajo con el C. Lucio Chavira propietario de Los Cabos Tve el cual ve como su padre quien le dio apoyo, familia y le dio capacitaci\u00f3n en fotogr\u00e1fica La C. Julia Ruiz de Chavira, ademas de laborar con el Lic. Ricardo del Rio en diversos trabajos de video y edici\u00f3n. Entre sus tantas Actividades labora para La Secretaria de Educaci\u00f3n Publica, primeramente en el Subsistema de Escuelas T\u00e9cnicas y as\u00ed pasado al Subsistema de Telesecundaria, En el DIF Estatal de Baja California Sur, como tallerista y en los Negocios de Banner Publicitario, Alder Dise\u00f1o y Casa Productora Pitahaya Productions como Propietaria, de antemano destacamos una opci\u00f3n mas laboral en el Medio Digital Noti America en el cual su Jefe Rafael Pi\u00f1a Loaiza le da la oportunidad de dar a conocer las noticias a nivel internacional destacando primordial mente su pa\u00eds natal Mexico.","url":"https:\/\/noti-america.com\/site\/mexico\/author\/polachea\/"}]}},"_links":{"self":[{"href":"https:\/\/noti-america.com\/site\/mexico\/wp-json\/wp\/v2\/posts\/510","targetHints":{"allow":["GET"]}}],"collection":[{"href":"https:\/\/noti-america.com\/site\/mexico\/wp-json\/wp\/v2\/posts"}],"about":[{"href":"https:\/\/noti-america.com\/site\/mexico\/wp-json\/wp\/v2\/types\/post"}],"author":[{"embeddable":true,"href":"https:\/\/noti-america.com\/site\/mexico\/wp-json\/wp\/v2\/users\/16"}],"replies":[{"embeddable":true,"href":"https:\/\/noti-america.com\/site\/mexico\/wp-json\/wp\/v2\/comments?post=510"}],"version-history":[{"count":1,"href":"https:\/\/noti-america.com\/site\/mexico\/wp-json\/wp\/v2\/posts\/510\/revisions"}],"predecessor-version":[{"id":512,"href":"https:\/\/noti-america.com\/site\/mexico\/wp-json\/wp\/v2\/posts\/510\/revisions\/512"}],"wp:featuredmedia":[{"embeddable":true,"href":"https:\/\/noti-america.com\/site\/mexico\/wp-json\/wp\/v2\/media\/511"}],"wp:attachment":[{"href":"https:\/\/noti-america.com\/site\/mexico\/wp-json\/wp\/v2\/media?parent=510"}],"wp:term":[{"taxonomy":"category","embeddable":true,"href":"https:\/\/noti-america.com\/site\/mexico\/wp-json\/wp\/v2\/categories?post=510"},{"taxonomy":"post_tag","embeddable":true,"href":"https:\/\/noti-america.com\/site\/mexico\/wp-json\/wp\/v2\/tags?post=510"}],"curies":[{"name":"wp","href":"https:\/\/api.w.org\/{rel}","templated":true}]}}