{"id":4729,"date":"2019-10-07T13:54:24","date_gmt":"2019-10-07T13:54:24","guid":{"rendered":"http:\/\/noti-america.com\/site\/mexico\/?p=4729"},"modified":"2019-10-07T13:54:24","modified_gmt":"2019-10-07T13:54:24","slug":"protesta-de-taxistas-causa-afectaciones-en-cdmx","status":"publish","type":"post","link":"https:\/\/noti-america.com\/site\/mexico\/2019\/10\/07\/protesta-de-taxistas-causa-afectaciones-en-cdmx\/","title":{"rendered":"Protesta de taxistas causa afectaciones en CDMX"},"content":{"rendered":"<p><img loading=\"lazy\" decoding=\"async\" class=\" wp-image-4730 aligncenter\" src=\"http:\/\/noti-america.com\/site\/mexico\/wp-content\/uploads\/sites\/13\/2019\/10\/Descarga-17-300x180.jpg\" alt=\"\" width=\"558\" height=\"335\" srcset=\"https:\/\/noti-america.com\/site\/mexico\/wp-content\/uploads\/sites\/13\/2019\/10\/Descarga-17-300x180.jpg 300w, https:\/\/noti-america.com\/site\/mexico\/wp-content\/uploads\/sites\/13\/2019\/10\/Descarga-17.jpg 750w\" sizes=\"auto, (max-width: 558px) 100vw, 558px\" \/><\/p>\n<p style=\"text-align: justify\">\n<p style=\"text-align: justify\"><strong>Taxistas<\/strong>\u00a0comenzaron a llegar al\u00a0<strong>\u00c1ngel de la Independencia<\/strong>\u00a0para la\u00a0<a title=\"\" href=\"https:\/\/www.unotv.com\/noticias\/portal\/internacional\/detalle\/llegan-los-nobel-2019-con-el-rumor-de-greta-para-la-paz-015547\/\" target=\"_blank\" rel=\"noopener noreferrer\">jornada de movilizaciones<\/a>\u00a0que anunciaron para este lunes en diferentes puntos de la Ciudad de M\u00e9xico.<\/p>\n<p dir=\"ltr\" style=\"text-align: justify\">os carriles centrales de Paseo de la Reforma, desde la glorieta de la Palma hasta el \u00c1ngel de la Independencia, est\u00e1n cerrados. Tambi\u00e9n\u00a0calle Florencia en su cruce con Reforma, la circulaci\u00f3n es s\u00f3lo por carriles laterales.<\/p>\n<p dir=\"ltr\" style=\"text-align: justify\">La Secretar\u00eda de Seguridad\u00a0Ciudadana ofrece como alternativas Insurgente, Circuito Interior, Chapultepec, Lieja, Villalong\u00edn y James Sullivan.<\/p>\n<div class=\"social-container\">\n<p dir=\"ltr\" style=\"text-align: justify\">Integrantes del Movimiento Nacional de Taxistas iniciaron su recorrido desde la\u00a0<strong>Avenida Ticom\u00e1n<\/strong>, cerca del paradero de\u00a0<strong>Indios Verdes,\u00a0<\/strong>rumbo al \u00c1ngel de la Independencia.<\/p>\n<p dir=\"ltr\" style=\"text-align: justify\">La caravana de cerca de un centenar de taxis comenz\u00f3 a formarse desde las 5:00 de la ma\u00f1ana en doble fila frente al Hospital Guadalupe Tepeyac, sin generar mayor afectaci\u00f3n a la circulaci\u00f3n vehicular.<\/p>\n<p dir=\"ltr\" style=\"text-align: justify\">El contingente es resguardado por al menos tres unidades de la Policia de Tr\u00e1nsito, quienes al iniciar el movimiento se situaron al frente y retaguardia del grupo para ayudar a despejar las vialidades.<\/p>\n<p dir=\"ltr\" style=\"text-align: justify\">Por lo mismo, el tradicional tr\u00e1nsito pesado que caracteriza a<strong>\u00a0Insurgentes Norte\u00a0<\/strong>a esta hora se ha comenzado a colapsar. Hay\u00a0<strong>bloqueos<\/strong>\u00a0en Insurgentes y Eje 2 Norte.<\/p>\n<h3 style=\"text-align: justify\">Oriente de la CDMX<\/h3>\n<p dir=\"ltr\" style=\"text-align: justify\">Hay presencia de por lo menos unos 20\u00a0<strong>taxistas\u00a0<\/strong>cerrando la avenida 8 en direcci\u00f3n a Viaducto R\u00edo Piedad y el Viaducto R\u00edo Piedad en direcci\u00f3n hacia el metro Puebla, por lo que\u00a0est\u00e1 bastante\u00a0<strong>complicada la circulaci\u00f3n de Zaragoza.<\/strong><\/p>\n<h3 style=\"text-align: justify\">Las zonas afectadas<\/h3>\n<p dir=\"ltr\" style=\"text-align: justify\">El gobierno capitalino\u00a0inform\u00f3 que podr\u00edan ser m\u00e1s de mil veh\u00edculos los que participen en la manifestaci\u00f3n que se esperan duren hasta\u00a0las 14:00 horas, y que las\u00a0<strong>zonas m\u00e1s afectadas<\/strong>\u00a0de la ciudad ser\u00e1n el norte, poniente y oriente.<\/p>\n<p dir=\"ltr\" style=\"text-align: justify\">Los participantes vendr\u00e1n de los\u00a0municipios de<strong>\u00a0Ecatepec,\u00a0Nezahualc\u00f3yotl,\u00a0Naucalpan, Atizap\u00e1n y Cuautitl\u00e1n<\/strong>\u00a0en el Estado de M\u00e9xico, mientras que de la capital ser\u00e1n de\u00a0<strong>Indios Verdes,\u00a0San Felipe,\u00a0Santa Fe,\u00a0Polanco\u00a0y\u00a0Tl\u00e1huac.<\/strong><\/p>\n<\/div>\n","protected":false},"excerpt":{"rendered":"<p>Taxistas\u00a0comenzaron a llegar al\u00a0\u00c1ngel de la Independencia\u00a0para la\u00a0jornada de movilizaciones\u00a0que anunciaron para este lunes en diferentes puntos de la Ciudad de M\u00e9xico. os carriles centrales de Paseo de la Reforma, desde la glorieta de&#46;&#46;&#46;<\/p>\n","protected":false},"author":39,"featured_media":4730,"comment_status":"open","ping_status":"open","sticky":false,"template":"","format":"standard","meta":{"_acf_changed":false,"om_disable_all_campaigns":false,"rop_custom_images_group":[],"rop_custom_messages_group":[],"rop_publish_now":"initial","rop_publish_now_accounts":{"twitter_242054905_242054905":""},"rop_publish_now_history":[],"rop_publish_now_status":"pending","_uf_show_specific_survey":0,"_uf_disable_surveys":false,"footnotes":""},"categories":[337],"tags":[627],"class_list":["post-4729","post","type-post","status-publish","format-standard","has-post-thumbnail","hentry","category-noticias","tag-protesta-de-taxistas-causa-afectaciones-en-cdmx"],"acf":[],"aioseo_notices":[],"yoast_head":"<!-- This site is optimized with the Yoast SEO Premium plugin v24.9 (Yoast SEO v27.2) - https:\/\/yoast.com\/product\/yoast-seo-premium-wordpress\/ -->\n<title>Protesta de taxistas causa afectaciones en CDMX - M\u00e9xico<\/title>\n<meta name=\"robots\" content=\"index, follow, max-snippet:-1, max-image-preview:large, max-video-preview:-1\" \/>\n<link rel=\"canonical\" href=\"https:\/\/noti-america.com\/site\/mexico\/2019\/10\/07\/protesta-de-taxistas-causa-afectaciones-en-cdmx\/\" \/>\n<meta property=\"og:locale\" content=\"es_ES\" \/>\n<meta property=\"og:type\" content=\"article\" \/>\n<meta property=\"og:title\" content=\"Protesta de taxistas causa afectaciones en CDMX\" \/>\n<meta property=\"og:description\" content=\"Taxistas\u00a0comenzaron a llegar al\u00a0\u00c1ngel de la Independencia\u00a0para la\u00a0jornada de movilizaciones\u00a0que anunciaron para este lunes en diferentes puntos de la Ciudad de M\u00e9xico. os carriles centrales de Paseo de la Reforma, desde la glorieta de&#046;&#046;&#046;\" \/>\n<meta property=\"og:url\" content=\"https:\/\/noti-america.com\/site\/mexico\/2019\/10\/07\/protesta-de-taxistas-causa-afectaciones-en-cdmx\/\" \/>\n<meta property=\"og:site_name\" content=\"M\u00e9xico\" \/>\n<meta property=\"article:published_time\" content=\"2019-10-07T13:54:24+00:00\" \/>\n<meta property=\"og:image\" content=\"https:\/\/noti-america.com\/site\/mexico\/wp-content\/uploads\/sites\/13\/2019\/10\/Descarga-17.jpg\" \/>\n\t<meta property=\"og:image:width\" content=\"750\" \/>\n\t<meta property=\"og:image:height\" content=\"450\" \/>\n\t<meta property=\"og:image:type\" content=\"image\/jpeg\" \/>\n<meta name=\"author\" content=\"Jos\u00e9 Manuel Estevanot\" \/>\n<meta name=\"twitter:card\" content=\"summary_large_image\" \/>\n<meta name=\"twitter:label1\" content=\"Escrito por\" \/>\n\t<meta name=\"twitter:data1\" content=\"Jos\u00e9 Manuel Estevanot\" \/>\n\t<meta name=\"twitter:label2\" content=\"Tiempo estimado de lectura\" \/>\n\t<meta name=\"twitter:data2\" content=\"2 minutos\" \/>\n<script type=\"application\/ld+json\" class=\"yoast-schema-graph\">{\"@context\":\"https:\/\/schema.org\",\"@graph\":[{\"@type\":\"Article\",\"@id\":\"https:\/\/noti-america.com\/site\/mexico\/2019\/10\/07\/protesta-de-taxistas-causa-afectaciones-en-cdmx\/#article\",\"isPartOf\":{\"@id\":\"https:\/\/noti-america.com\/site\/mexico\/2019\/10\/07\/protesta-de-taxistas-causa-afectaciones-en-cdmx\/\"},\"author\":{\"name\":\"Jos\u00e9 Manuel Estevanot\",\"@id\":\"https:\/\/noti-america.com\/site\/mexico\/#\/schema\/person\/116dfa1d5f58a6410bc589e7e2e4028c\"},\"headline\":\"Protesta de taxistas causa afectaciones en CDMX\",\"datePublished\":\"2019-10-07T13:54:24+00:00\",\"mainEntityOfPage\":{\"@id\":\"https:\/\/noti-america.com\/site\/mexico\/2019\/10\/07\/protesta-de-taxistas-causa-afectaciones-en-cdmx\/\"},\"wordCount\":355,\"commentCount\":0,\"publisher\":{\"@id\":\"https:\/\/noti-america.com\/site\/mexico\/#organization\"},\"image\":{\"@id\":\"https:\/\/noti-america.com\/site\/mexico\/2019\/10\/07\/protesta-de-taxistas-causa-afectaciones-en-cdmx\/#primaryimage\"},\"thumbnailUrl\":\"https:\/\/noti-america.com\/site\/mexico\/wp-content\/uploads\/sites\/13\/2019\/10\/Descarga-17.jpg\",\"keywords\":[\"Protesta de taxistas causa afectaciones en CDMX\"],\"articleSection\":[\"Noticias\"],\"inLanguage\":\"es\",\"potentialAction\":[{\"@type\":\"CommentAction\",\"name\":\"Comment\",\"target\":[\"https:\/\/noti-america.com\/site\/mexico\/2019\/10\/07\/protesta-de-taxistas-causa-afectaciones-en-cdmx\/#respond\"]}]},{\"@type\":\"WebPage\",\"@id\":\"https:\/\/noti-america.com\/site\/mexico\/2019\/10\/07\/protesta-de-taxistas-causa-afectaciones-en-cdmx\/\",\"url\":\"https:\/\/noti-america.com\/site\/mexico\/2019\/10\/07\/protesta-de-taxistas-causa-afectaciones-en-cdmx\/\",\"name\":\"Protesta de taxistas causa afectaciones en CDMX - M\u00e9xico\",\"isPartOf\":{\"@id\":\"https:\/\/noti-america.com\/site\/mexico\/#website\"},\"primaryImageOfPage\":{\"@id\":\"https:\/\/noti-america.com\/site\/mexico\/2019\/10\/07\/protesta-de-taxistas-causa-afectaciones-en-cdmx\/#primaryimage\"},\"image\":{\"@id\":\"https:\/\/noti-america.com\/site\/mexico\/2019\/10\/07\/protesta-de-taxistas-causa-afectaciones-en-cdmx\/#primaryimage\"},\"thumbnailUrl\":\"https:\/\/noti-america.com\/site\/mexico\/wp-content\/uploads\/sites\/13\/2019\/10\/Descarga-17.jpg\",\"datePublished\":\"2019-10-07T13:54:24+00:00\",\"breadcrumb\":{\"@id\":\"https:\/\/noti-america.com\/site\/mexico\/2019\/10\/07\/protesta-de-taxistas-causa-afectaciones-en-cdmx\/#breadcrumb\"},\"inLanguage\":\"es\",\"potentialAction\":[{\"@type\":\"ReadAction\",\"target\":[\"https:\/\/noti-america.com\/site\/mexico\/2019\/10\/07\/protesta-de-taxistas-causa-afectaciones-en-cdmx\/\"]}]},{\"@type\":\"ImageObject\",\"inLanguage\":\"es\",\"@id\":\"https:\/\/noti-america.com\/site\/mexico\/2019\/10\/07\/protesta-de-taxistas-causa-afectaciones-en-cdmx\/#primaryimage\",\"url\":\"https:\/\/noti-america.com\/site\/mexico\/wp-content\/uploads\/sites\/13\/2019\/10\/Descarga-17.jpg\",\"contentUrl\":\"https:\/\/noti-america.com\/site\/mexico\/wp-content\/uploads\/sites\/13\/2019\/10\/Descarga-17.jpg\",\"width\":750,\"height\":450},{\"@type\":\"BreadcrumbList\",\"@id\":\"https:\/\/noti-america.com\/site\/mexico\/2019\/10\/07\/protesta-de-taxistas-causa-afectaciones-en-cdmx\/#breadcrumb\",\"itemListElement\":[{\"@type\":\"ListItem\",\"position\":1,\"name\":\"Portada\",\"item\":\"https:\/\/noti-america.com\/site\/mexico\/\"},{\"@type\":\"ListItem\",\"position\":2,\"name\":\"Protesta de taxistas causa afectaciones en CDMX\"}]},{\"@type\":\"WebSite\",\"@id\":\"https:\/\/noti-america.com\/site\/mexico\/#website\",\"url\":\"https:\/\/noti-america.com\/site\/mexico\/\",\"name\":\"M\u00e9xico | Noti-America.com\",\"description\":\"\",\"publisher\":{\"@id\":\"https:\/\/noti-america.com\/site\/mexico\/#organization\"},\"potentialAction\":[{\"@type\":\"SearchAction\",\"target\":{\"@type\":\"EntryPoint\",\"urlTemplate\":\"https:\/\/noti-america.com\/site\/mexico\/?s={search_term_string}\"},\"query-input\":{\"@type\":\"PropertyValueSpecification\",\"valueRequired\":true,\"valueName\":\"search_term_string\"}}],\"inLanguage\":\"es\"},{\"@type\":\"Organization\",\"@id\":\"https:\/\/noti-america.com\/site\/mexico\/#organization\",\"name\":\"Noti-America LLC | M\u00e9xico\",\"url\":\"https:\/\/noti-america.com\/site\/mexico\/\",\"logo\":{\"@type\":\"ImageObject\",\"inLanguage\":\"es\",\"@id\":\"https:\/\/noti-america.com\/site\/mexico\/#\/schema\/logo\/image\/\",\"url\":\"https:\/\/noti-america.com\/site\/mexico\/wp-content\/uploads\/sites\/13\/2020\/07\/LogoNA-4x3-1.jpg\",\"contentUrl\":\"https:\/\/noti-america.com\/site\/mexico\/wp-content\/uploads\/sites\/13\/2020\/07\/LogoNA-4x3-1.jpg\",\"width\":1236,\"height\":1080,\"caption\":\"Noti-America LLC | M\u00e9xico\"},\"image\":{\"@id\":\"https:\/\/noti-america.com\/site\/mexico\/#\/schema\/logo\/image\/\"}},{\"@type\":\"Person\",\"@id\":\"https:\/\/noti-america.com\/site\/mexico\/#\/schema\/person\/116dfa1d5f58a6410bc589e7e2e4028c\",\"name\":\"Jos\u00e9 Manuel Estevanot\",\"image\":{\"@type\":\"ImageObject\",\"inLanguage\":\"es\",\"@id\":\"https:\/\/secure.gravatar.com\/avatar\/ded57725a28e7e6babccb982bd748d931b24c97df39c4d9513b7745f918a0c87?s=96&d=mm&r=g\",\"url\":\"https:\/\/secure.gravatar.com\/avatar\/ded57725a28e7e6babccb982bd748d931b24c97df39c4d9513b7745f918a0c87?s=96&d=mm&r=g\",\"contentUrl\":\"https:\/\/secure.gravatar.com\/avatar\/ded57725a28e7e6babccb982bd748d931b24c97df39c4d9513b7745f918a0c87?s=96&d=mm&r=g\",\"caption\":\"Jos\u00e9 Manuel Estevanot\"},\"url\":\"https:\/\/noti-america.com\/site\/mexico\/author\/jmestevanot\/\"}]}<\/script>\n<!-- \/ Yoast SEO Premium plugin. -->","yoast_head_json":{"title":"Protesta de taxistas causa afectaciones en CDMX - M\u00e9xico","robots":{"index":"index","follow":"follow","max-snippet":"max-snippet:-1","max-image-preview":"max-image-preview:large","max-video-preview":"max-video-preview:-1"},"canonical":"https:\/\/noti-america.com\/site\/mexico\/2019\/10\/07\/protesta-de-taxistas-causa-afectaciones-en-cdmx\/","og_locale":"es_ES","og_type":"article","og_title":"Protesta de taxistas causa afectaciones en CDMX","og_description":"Taxistas\u00a0comenzaron a llegar al\u00a0\u00c1ngel de la Independencia\u00a0para la\u00a0jornada de movilizaciones\u00a0que anunciaron para este lunes en diferentes puntos de la Ciudad de M\u00e9xico. os carriles centrales de Paseo de la Reforma, desde la glorieta de&#46;&#46;&#46;","og_url":"https:\/\/noti-america.com\/site\/mexico\/2019\/10\/07\/protesta-de-taxistas-causa-afectaciones-en-cdmx\/","og_site_name":"M\u00e9xico","article_published_time":"2019-10-07T13:54:24+00:00","og_image":[{"width":750,"height":450,"url":"https:\/\/noti-america.com\/site\/mexico\/wp-content\/uploads\/sites\/13\/2019\/10\/Descarga-17.jpg","type":"image\/jpeg"}],"author":"Jos\u00e9 Manuel Estevanot","twitter_card":"summary_large_image","twitter_misc":{"Escrito por":"Jos\u00e9 Manuel Estevanot","Tiempo estimado de lectura":"2 minutos"},"schema":{"@context":"https:\/\/schema.org","@graph":[{"@type":"Article","@id":"https:\/\/noti-america.com\/site\/mexico\/2019\/10\/07\/protesta-de-taxistas-causa-afectaciones-en-cdmx\/#article","isPartOf":{"@id":"https:\/\/noti-america.com\/site\/mexico\/2019\/10\/07\/protesta-de-taxistas-causa-afectaciones-en-cdmx\/"},"author":{"name":"Jos\u00e9 Manuel Estevanot","@id":"https:\/\/noti-america.com\/site\/mexico\/#\/schema\/person\/116dfa1d5f58a6410bc589e7e2e4028c"},"headline":"Protesta de taxistas causa afectaciones en CDMX","datePublished":"2019-10-07T13:54:24+00:00","mainEntityOfPage":{"@id":"https:\/\/noti-america.com\/site\/mexico\/2019\/10\/07\/protesta-de-taxistas-causa-afectaciones-en-cdmx\/"},"wordCount":355,"commentCount":0,"publisher":{"@id":"https:\/\/noti-america.com\/site\/mexico\/#organization"},"image":{"@id":"https:\/\/noti-america.com\/site\/mexico\/2019\/10\/07\/protesta-de-taxistas-causa-afectaciones-en-cdmx\/#primaryimage"},"thumbnailUrl":"https:\/\/noti-america.com\/site\/mexico\/wp-content\/uploads\/sites\/13\/2019\/10\/Descarga-17.jpg","keywords":["Protesta de taxistas causa afectaciones en CDMX"],"articleSection":["Noticias"],"inLanguage":"es","potentialAction":[{"@type":"CommentAction","name":"Comment","target":["https:\/\/noti-america.com\/site\/mexico\/2019\/10\/07\/protesta-de-taxistas-causa-afectaciones-en-cdmx\/#respond"]}]},{"@type":"WebPage","@id":"https:\/\/noti-america.com\/site\/mexico\/2019\/10\/07\/protesta-de-taxistas-causa-afectaciones-en-cdmx\/","url":"https:\/\/noti-america.com\/site\/mexico\/2019\/10\/07\/protesta-de-taxistas-causa-afectaciones-en-cdmx\/","name":"Protesta de taxistas causa afectaciones en CDMX - M\u00e9xico","isPartOf":{"@id":"https:\/\/noti-america.com\/site\/mexico\/#website"},"primaryImageOfPage":{"@id":"https:\/\/noti-america.com\/site\/mexico\/2019\/10\/07\/protesta-de-taxistas-causa-afectaciones-en-cdmx\/#primaryimage"},"image":{"@id":"https:\/\/noti-america.com\/site\/mexico\/2019\/10\/07\/protesta-de-taxistas-causa-afectaciones-en-cdmx\/#primaryimage"},"thumbnailUrl":"https:\/\/noti-america.com\/site\/mexico\/wp-content\/uploads\/sites\/13\/2019\/10\/Descarga-17.jpg","datePublished":"2019-10-07T13:54:24+00:00","breadcrumb":{"@id":"https:\/\/noti-america.com\/site\/mexico\/2019\/10\/07\/protesta-de-taxistas-causa-afectaciones-en-cdmx\/#breadcrumb"},"inLanguage":"es","potentialAction":[{"@type":"ReadAction","target":["https:\/\/noti-america.com\/site\/mexico\/2019\/10\/07\/protesta-de-taxistas-causa-afectaciones-en-cdmx\/"]}]},{"@type":"ImageObject","inLanguage":"es","@id":"https:\/\/noti-america.com\/site\/mexico\/2019\/10\/07\/protesta-de-taxistas-causa-afectaciones-en-cdmx\/#primaryimage","url":"https:\/\/noti-america.com\/site\/mexico\/wp-content\/uploads\/sites\/13\/2019\/10\/Descarga-17.jpg","contentUrl":"https:\/\/noti-america.com\/site\/mexico\/wp-content\/uploads\/sites\/13\/2019\/10\/Descarga-17.jpg","width":750,"height":450},{"@type":"BreadcrumbList","@id":"https:\/\/noti-america.com\/site\/mexico\/2019\/10\/07\/protesta-de-taxistas-causa-afectaciones-en-cdmx\/#breadcrumb","itemListElement":[{"@type":"ListItem","position":1,"name":"Portada","item":"https:\/\/noti-america.com\/site\/mexico\/"},{"@type":"ListItem","position":2,"name":"Protesta de taxistas causa afectaciones en CDMX"}]},{"@type":"WebSite","@id":"https:\/\/noti-america.com\/site\/mexico\/#website","url":"https:\/\/noti-america.com\/site\/mexico\/","name":"M\u00e9xico | Noti-America.com","description":"","publisher":{"@id":"https:\/\/noti-america.com\/site\/mexico\/#organization"},"potentialAction":[{"@type":"SearchAction","target":{"@type":"EntryPoint","urlTemplate":"https:\/\/noti-america.com\/site\/mexico\/?s={search_term_string}"},"query-input":{"@type":"PropertyValueSpecification","valueRequired":true,"valueName":"search_term_string"}}],"inLanguage":"es"},{"@type":"Organization","@id":"https:\/\/noti-america.com\/site\/mexico\/#organization","name":"Noti-America LLC | M\u00e9xico","url":"https:\/\/noti-america.com\/site\/mexico\/","logo":{"@type":"ImageObject","inLanguage":"es","@id":"https:\/\/noti-america.com\/site\/mexico\/#\/schema\/logo\/image\/","url":"https:\/\/noti-america.com\/site\/mexico\/wp-content\/uploads\/sites\/13\/2020\/07\/LogoNA-4x3-1.jpg","contentUrl":"https:\/\/noti-america.com\/site\/mexico\/wp-content\/uploads\/sites\/13\/2020\/07\/LogoNA-4x3-1.jpg","width":1236,"height":1080,"caption":"Noti-America LLC | M\u00e9xico"},"image":{"@id":"https:\/\/noti-america.com\/site\/mexico\/#\/schema\/logo\/image\/"}},{"@type":"Person","@id":"https:\/\/noti-america.com\/site\/mexico\/#\/schema\/person\/116dfa1d5f58a6410bc589e7e2e4028c","name":"Jos\u00e9 Manuel Estevanot","image":{"@type":"ImageObject","inLanguage":"es","@id":"https:\/\/secure.gravatar.com\/avatar\/ded57725a28e7e6babccb982bd748d931b24c97df39c4d9513b7745f918a0c87?s=96&d=mm&r=g","url":"https:\/\/secure.gravatar.com\/avatar\/ded57725a28e7e6babccb982bd748d931b24c97df39c4d9513b7745f918a0c87?s=96&d=mm&r=g","contentUrl":"https:\/\/secure.gravatar.com\/avatar\/ded57725a28e7e6babccb982bd748d931b24c97df39c4d9513b7745f918a0c87?s=96&d=mm&r=g","caption":"Jos\u00e9 Manuel Estevanot"},"url":"https:\/\/noti-america.com\/site\/mexico\/author\/jmestevanot\/"}]}},"_links":{"self":[{"href":"https:\/\/noti-america.com\/site\/mexico\/wp-json\/wp\/v2\/posts\/4729","targetHints":{"allow":["GET"]}}],"collection":[{"href":"https:\/\/noti-america.com\/site\/mexico\/wp-json\/wp\/v2\/posts"}],"about":[{"href":"https:\/\/noti-america.com\/site\/mexico\/wp-json\/wp\/v2\/types\/post"}],"author":[{"embeddable":true,"href":"https:\/\/noti-america.com\/site\/mexico\/wp-json\/wp\/v2\/users\/39"}],"replies":[{"embeddable":true,"href":"https:\/\/noti-america.com\/site\/mexico\/wp-json\/wp\/v2\/comments?post=4729"}],"version-history":[{"count":1,"href":"https:\/\/noti-america.com\/site\/mexico\/wp-json\/wp\/v2\/posts\/4729\/revisions"}],"predecessor-version":[{"id":4731,"href":"https:\/\/noti-america.com\/site\/mexico\/wp-json\/wp\/v2\/posts\/4729\/revisions\/4731"}],"wp:featuredmedia":[{"embeddable":true,"href":"https:\/\/noti-america.com\/site\/mexico\/wp-json\/wp\/v2\/media\/4730"}],"wp:attachment":[{"href":"https:\/\/noti-america.com\/site\/mexico\/wp-json\/wp\/v2\/media?parent=4729"}],"wp:term":[{"taxonomy":"category","embeddable":true,"href":"https:\/\/noti-america.com\/site\/mexico\/wp-json\/wp\/v2\/categories?post=4729"},{"taxonomy":"post_tag","embeddable":true,"href":"https:\/\/noti-america.com\/site\/mexico\/wp-json\/wp\/v2\/tags?post=4729"}],"curies":[{"name":"wp","href":"https:\/\/api.w.org\/{rel}","templated":true}]}}