{"id":4697,"date":"2019-10-04T14:13:15","date_gmt":"2019-10-04T14:13:15","guid":{"rendered":"http:\/\/noti-america.com\/site\/mexico\/?p=4697"},"modified":"2019-10-04T14:13:15","modified_gmt":"2019-10-04T14:13:15","slug":"por-motivos-personales-orta-deja-titularidad-de-la-ssc-de-cdmx","status":"publish","type":"post","link":"https:\/\/noti-america.com\/site\/mexico\/2019\/10\/04\/por-motivos-personales-orta-deja-titularidad-de-la-ssc-de-cdmx\/","title":{"rendered":"Por motivos personales, Orta deja titularidad de la SSC de CDMX"},"content":{"rendered":"<p><img loading=\"lazy\" decoding=\"async\" class=\"alignnone  wp-image-4699 aligncenter\" src=\"http:\/\/noti-america.com\/site\/mexico\/wp-content\/uploads\/sites\/13\/2019\/10\/Descarga-13-300x180.jpg\" alt=\"\" width=\"480\" height=\"288\" srcset=\"https:\/\/noti-america.com\/site\/mexico\/wp-content\/uploads\/sites\/13\/2019\/10\/Descarga-13-300x180.jpg 300w, https:\/\/noti-america.com\/site\/mexico\/wp-content\/uploads\/sites\/13\/2019\/10\/Descarga-13.jpg 750w\" sizes=\"auto, (max-width: 480px) 100vw, 480px\" \/><\/p>\n<h4>Fuente:\u00a0 https:\/\/www.unotv.com<\/h4>\n<p dir=\"ltr\" style=\"text-align: justify\">La noche de ayer\u00a0 jueves trascendi\u00f3 que <strong>Jes\u00fas Orta Mart\u00ednez<\/strong>\u00a0renunci\u00f3 como titular de la\u00a0<strong>Secretar\u00eda de Seguridad Ciudadana<\/strong>\u00a0(<strong>SSC<\/strong>) capitalina. Este viernes se dio a conocer que deja el cargo por motivos personales.<\/p>\n<p dir=\"ltr\" style=\"text-align: justify\">En un comunicado, la dependencia se\u00f1al\u00f3 que\u00a0<strong>Orta\u00a0<\/strong>ser\u00e1 sustituido por\u00a0<strong>Omar Hamid Garc\u00eda Harfuch,<\/strong>\u00a0quien actualmente se desempe\u00f1a como titular de la\u00a0<strong>Polic\u00eda de Investigaci\u00f3n<\/strong>\u00a0de la Procuradur\u00eda General de Justicia (PGJ) de la\u00a0<strong>Ciudad de M\u00e9xico<\/strong>.<\/p>\n<p dir=\"ltr\" style=\"text-align: justify\">Esta ma\u00f1ana el secretario de la Contralor\u00eda General,\u00a0<strong>Juan Jos\u00e9 Serrano Mendoza<\/strong>, acudi\u00f3 a las oficinas de la\u00a0<strong>SSC<\/strong>, para dar parte del Procedimiento General de Acta Entrega \u2013 Recepci\u00f3n que deber\u00e1 realizarse en los pr\u00f3ximos d\u00edas.<\/p>\n","protected":false},"excerpt":{"rendered":"<p>Fuente:\u00a0 https:\/\/www.unotv.com La noche de ayer\u00a0 jueves trascendi\u00f3 que Jes\u00fas Orta Mart\u00ednez\u00a0renunci\u00f3 como titular de la\u00a0Secretar\u00eda de Seguridad Ciudadana\u00a0(SSC) capitalina. Este viernes se dio a conocer que deja el cargo por motivos personales. En&#46;&#46;&#46;<\/p>\n","protected":false},"author":39,"featured_media":4699,"comment_status":"open","ping_status":"open","sticky":false,"template":"","format":"standard","meta":{"_acf_changed":false,"om_disable_all_campaigns":false,"rop_custom_images_group":[],"rop_custom_messages_group":[],"rop_publish_now":"initial","rop_publish_now_accounts":{"twitter_242054905_242054905":""},"rop_publish_now_history":[],"rop_publish_now_status":"pending","_uf_show_specific_survey":0,"_uf_disable_surveys":false,"footnotes":""},"categories":[337],"tags":[623,622],"class_list":["post-4697","post","type-post","status-publish","format-standard","has-post-thumbnail","hentry","category-noticias","tag-orta-deja-titularidad-de-la-ssc-de-cdmx","tag-por-motivos-personales"],"acf":[],"aioseo_notices":[],"yoast_head":"<!-- This site is optimized with the Yoast SEO Premium plugin v24.9 (Yoast SEO v27.2) - https:\/\/yoast.com\/product\/yoast-seo-premium-wordpress\/ -->\n<title>Por motivos personales, Orta deja titularidad de la SSC de CDMX - M\u00e9xico<\/title>\n<meta name=\"robots\" content=\"index, follow, max-snippet:-1, max-image-preview:large, max-video-preview:-1\" \/>\n<link rel=\"canonical\" href=\"https:\/\/noti-america.com\/site\/mexico\/2019\/10\/04\/por-motivos-personales-orta-deja-titularidad-de-la-ssc-de-cdmx\/\" \/>\n<meta property=\"og:locale\" content=\"es_ES\" \/>\n<meta property=\"og:type\" content=\"article\" \/>\n<meta property=\"og:title\" content=\"Por motivos personales, Orta deja titularidad de la SSC de CDMX\" \/>\n<meta property=\"og:description\" content=\"Fuente:\u00a0 https:\/\/www.unotv.com La noche de ayer\u00a0 jueves trascendi\u00f3 que Jes\u00fas Orta Mart\u00ednez\u00a0renunci\u00f3 como titular de la\u00a0Secretar\u00eda de Seguridad Ciudadana\u00a0(SSC) capitalina. Este viernes se dio a conocer que deja el cargo por motivos personales. En&#046;&#046;&#046;\" \/>\n<meta property=\"og:url\" content=\"https:\/\/noti-america.com\/site\/mexico\/2019\/10\/04\/por-motivos-personales-orta-deja-titularidad-de-la-ssc-de-cdmx\/\" \/>\n<meta property=\"og:site_name\" content=\"M\u00e9xico\" \/>\n<meta property=\"article:published_time\" content=\"2019-10-04T14:13:15+00:00\" \/>\n<meta property=\"og:image\" content=\"https:\/\/noti-america.com\/site\/mexico\/wp-content\/uploads\/sites\/13\/2019\/10\/Descarga-13.jpg\" \/>\n\t<meta property=\"og:image:width\" content=\"750\" \/>\n\t<meta property=\"og:image:height\" content=\"450\" \/>\n\t<meta property=\"og:image:type\" content=\"image\/jpeg\" \/>\n<meta name=\"author\" content=\"Jos\u00e9 Manuel Estevanot\" \/>\n<meta name=\"twitter:card\" content=\"summary_large_image\" \/>\n<meta name=\"twitter:label1\" content=\"Escrito por\" \/>\n\t<meta name=\"twitter:data1\" content=\"Jos\u00e9 Manuel Estevanot\" \/>\n\t<meta name=\"twitter:label2\" content=\"Tiempo estimado de lectura\" \/>\n\t<meta name=\"twitter:data2\" content=\"1 minuto\" \/>\n<script type=\"application\/ld+json\" class=\"yoast-schema-graph\">{\"@context\":\"https:\/\/schema.org\",\"@graph\":[{\"@type\":\"Article\",\"@id\":\"https:\/\/noti-america.com\/site\/mexico\/2019\/10\/04\/por-motivos-personales-orta-deja-titularidad-de-la-ssc-de-cdmx\/#article\",\"isPartOf\":{\"@id\":\"https:\/\/noti-america.com\/site\/mexico\/2019\/10\/04\/por-motivos-personales-orta-deja-titularidad-de-la-ssc-de-cdmx\/\"},\"author\":{\"name\":\"Jos\u00e9 Manuel Estevanot\",\"@id\":\"https:\/\/noti-america.com\/site\/mexico\/#\/schema\/person\/116dfa1d5f58a6410bc589e7e2e4028c\"},\"headline\":\"Por motivos personales, Orta deja titularidad de la SSC de CDMX\",\"datePublished\":\"2019-10-04T14:13:15+00:00\",\"mainEntityOfPage\":{\"@id\":\"https:\/\/noti-america.com\/site\/mexico\/2019\/10\/04\/por-motivos-personales-orta-deja-titularidad-de-la-ssc-de-cdmx\/\"},\"wordCount\":139,\"commentCount\":0,\"publisher\":{\"@id\":\"https:\/\/noti-america.com\/site\/mexico\/#organization\"},\"image\":{\"@id\":\"https:\/\/noti-america.com\/site\/mexico\/2019\/10\/04\/por-motivos-personales-orta-deja-titularidad-de-la-ssc-de-cdmx\/#primaryimage\"},\"thumbnailUrl\":\"https:\/\/noti-america.com\/site\/mexico\/wp-content\/uploads\/sites\/13\/2019\/10\/Descarga-13.jpg\",\"keywords\":[\"Orta deja titularidad de la SSC de CDMX\",\"Por motivos personales\"],\"articleSection\":[\"Noticias\"],\"inLanguage\":\"es\",\"potentialAction\":[{\"@type\":\"CommentAction\",\"name\":\"Comment\",\"target\":[\"https:\/\/noti-america.com\/site\/mexico\/2019\/10\/04\/por-motivos-personales-orta-deja-titularidad-de-la-ssc-de-cdmx\/#respond\"]}]},{\"@type\":\"WebPage\",\"@id\":\"https:\/\/noti-america.com\/site\/mexico\/2019\/10\/04\/por-motivos-personales-orta-deja-titularidad-de-la-ssc-de-cdmx\/\",\"url\":\"https:\/\/noti-america.com\/site\/mexico\/2019\/10\/04\/por-motivos-personales-orta-deja-titularidad-de-la-ssc-de-cdmx\/\",\"name\":\"Por motivos personales, Orta deja titularidad de la SSC de CDMX - M\u00e9xico\",\"isPartOf\":{\"@id\":\"https:\/\/noti-america.com\/site\/mexico\/#website\"},\"primaryImageOfPage\":{\"@id\":\"https:\/\/noti-america.com\/site\/mexico\/2019\/10\/04\/por-motivos-personales-orta-deja-titularidad-de-la-ssc-de-cdmx\/#primaryimage\"},\"image\":{\"@id\":\"https:\/\/noti-america.com\/site\/mexico\/2019\/10\/04\/por-motivos-personales-orta-deja-titularidad-de-la-ssc-de-cdmx\/#primaryimage\"},\"thumbnailUrl\":\"https:\/\/noti-america.com\/site\/mexico\/wp-content\/uploads\/sites\/13\/2019\/10\/Descarga-13.jpg\",\"datePublished\":\"2019-10-04T14:13:15+00:00\",\"breadcrumb\":{\"@id\":\"https:\/\/noti-america.com\/site\/mexico\/2019\/10\/04\/por-motivos-personales-orta-deja-titularidad-de-la-ssc-de-cdmx\/#breadcrumb\"},\"inLanguage\":\"es\",\"potentialAction\":[{\"@type\":\"ReadAction\",\"target\":[\"https:\/\/noti-america.com\/site\/mexico\/2019\/10\/04\/por-motivos-personales-orta-deja-titularidad-de-la-ssc-de-cdmx\/\"]}]},{\"@type\":\"ImageObject\",\"inLanguage\":\"es\",\"@id\":\"https:\/\/noti-america.com\/site\/mexico\/2019\/10\/04\/por-motivos-personales-orta-deja-titularidad-de-la-ssc-de-cdmx\/#primaryimage\",\"url\":\"https:\/\/noti-america.com\/site\/mexico\/wp-content\/uploads\/sites\/13\/2019\/10\/Descarga-13.jpg\",\"contentUrl\":\"https:\/\/noti-america.com\/site\/mexico\/wp-content\/uploads\/sites\/13\/2019\/10\/Descarga-13.jpg\",\"width\":750,\"height\":450},{\"@type\":\"BreadcrumbList\",\"@id\":\"https:\/\/noti-america.com\/site\/mexico\/2019\/10\/04\/por-motivos-personales-orta-deja-titularidad-de-la-ssc-de-cdmx\/#breadcrumb\",\"itemListElement\":[{\"@type\":\"ListItem\",\"position\":1,\"name\":\"Portada\",\"item\":\"https:\/\/noti-america.com\/site\/mexico\/\"},{\"@type\":\"ListItem\",\"position\":2,\"name\":\"Por motivos personales, Orta deja titularidad de la SSC de CDMX\"}]},{\"@type\":\"WebSite\",\"@id\":\"https:\/\/noti-america.com\/site\/mexico\/#website\",\"url\":\"https:\/\/noti-america.com\/site\/mexico\/\",\"name\":\"M\u00e9xico | Noti-America.com\",\"description\":\"\",\"publisher\":{\"@id\":\"https:\/\/noti-america.com\/site\/mexico\/#organization\"},\"potentialAction\":[{\"@type\":\"SearchAction\",\"target\":{\"@type\":\"EntryPoint\",\"urlTemplate\":\"https:\/\/noti-america.com\/site\/mexico\/?s={search_term_string}\"},\"query-input\":{\"@type\":\"PropertyValueSpecification\",\"valueRequired\":true,\"valueName\":\"search_term_string\"}}],\"inLanguage\":\"es\"},{\"@type\":\"Organization\",\"@id\":\"https:\/\/noti-america.com\/site\/mexico\/#organization\",\"name\":\"Noti-America LLC | M\u00e9xico\",\"url\":\"https:\/\/noti-america.com\/site\/mexico\/\",\"logo\":{\"@type\":\"ImageObject\",\"inLanguage\":\"es\",\"@id\":\"https:\/\/noti-america.com\/site\/mexico\/#\/schema\/logo\/image\/\",\"url\":\"https:\/\/noti-america.com\/site\/mexico\/wp-content\/uploads\/sites\/13\/2020\/07\/LogoNA-4x3-1.jpg\",\"contentUrl\":\"https:\/\/noti-america.com\/site\/mexico\/wp-content\/uploads\/sites\/13\/2020\/07\/LogoNA-4x3-1.jpg\",\"width\":1236,\"height\":1080,\"caption\":\"Noti-America LLC | M\u00e9xico\"},\"image\":{\"@id\":\"https:\/\/noti-america.com\/site\/mexico\/#\/schema\/logo\/image\/\"}},{\"@type\":\"Person\",\"@id\":\"https:\/\/noti-america.com\/site\/mexico\/#\/schema\/person\/116dfa1d5f58a6410bc589e7e2e4028c\",\"name\":\"Jos\u00e9 Manuel Estevanot\",\"image\":{\"@type\":\"ImageObject\",\"inLanguage\":\"es\",\"@id\":\"https:\/\/secure.gravatar.com\/avatar\/ded57725a28e7e6babccb982bd748d931b24c97df39c4d9513b7745f918a0c87?s=96&d=mm&r=g\",\"url\":\"https:\/\/secure.gravatar.com\/avatar\/ded57725a28e7e6babccb982bd748d931b24c97df39c4d9513b7745f918a0c87?s=96&d=mm&r=g\",\"contentUrl\":\"https:\/\/secure.gravatar.com\/avatar\/ded57725a28e7e6babccb982bd748d931b24c97df39c4d9513b7745f918a0c87?s=96&d=mm&r=g\",\"caption\":\"Jos\u00e9 Manuel Estevanot\"},\"url\":\"https:\/\/noti-america.com\/site\/mexico\/author\/jmestevanot\/\"}]}<\/script>\n<!-- \/ Yoast SEO Premium plugin. -->","yoast_head_json":{"title":"Por motivos personales, Orta deja titularidad de la SSC de CDMX - M\u00e9xico","robots":{"index":"index","follow":"follow","max-snippet":"max-snippet:-1","max-image-preview":"max-image-preview:large","max-video-preview":"max-video-preview:-1"},"canonical":"https:\/\/noti-america.com\/site\/mexico\/2019\/10\/04\/por-motivos-personales-orta-deja-titularidad-de-la-ssc-de-cdmx\/","og_locale":"es_ES","og_type":"article","og_title":"Por motivos personales, Orta deja titularidad de la SSC de CDMX","og_description":"Fuente:\u00a0 https:\/\/www.unotv.com La noche de ayer\u00a0 jueves trascendi\u00f3 que Jes\u00fas Orta Mart\u00ednez\u00a0renunci\u00f3 como titular de la\u00a0Secretar\u00eda de Seguridad Ciudadana\u00a0(SSC) capitalina. Este viernes se dio a conocer que deja el cargo por motivos personales. En&#46;&#46;&#46;","og_url":"https:\/\/noti-america.com\/site\/mexico\/2019\/10\/04\/por-motivos-personales-orta-deja-titularidad-de-la-ssc-de-cdmx\/","og_site_name":"M\u00e9xico","article_published_time":"2019-10-04T14:13:15+00:00","og_image":[{"width":750,"height":450,"url":"https:\/\/noti-america.com\/site\/mexico\/wp-content\/uploads\/sites\/13\/2019\/10\/Descarga-13.jpg","type":"image\/jpeg"}],"author":"Jos\u00e9 Manuel Estevanot","twitter_card":"summary_large_image","twitter_misc":{"Escrito por":"Jos\u00e9 Manuel Estevanot","Tiempo estimado de lectura":"1 minuto"},"schema":{"@context":"https:\/\/schema.org","@graph":[{"@type":"Article","@id":"https:\/\/noti-america.com\/site\/mexico\/2019\/10\/04\/por-motivos-personales-orta-deja-titularidad-de-la-ssc-de-cdmx\/#article","isPartOf":{"@id":"https:\/\/noti-america.com\/site\/mexico\/2019\/10\/04\/por-motivos-personales-orta-deja-titularidad-de-la-ssc-de-cdmx\/"},"author":{"name":"Jos\u00e9 Manuel Estevanot","@id":"https:\/\/noti-america.com\/site\/mexico\/#\/schema\/person\/116dfa1d5f58a6410bc589e7e2e4028c"},"headline":"Por motivos personales, Orta deja titularidad de la SSC de CDMX","datePublished":"2019-10-04T14:13:15+00:00","mainEntityOfPage":{"@id":"https:\/\/noti-america.com\/site\/mexico\/2019\/10\/04\/por-motivos-personales-orta-deja-titularidad-de-la-ssc-de-cdmx\/"},"wordCount":139,"commentCount":0,"publisher":{"@id":"https:\/\/noti-america.com\/site\/mexico\/#organization"},"image":{"@id":"https:\/\/noti-america.com\/site\/mexico\/2019\/10\/04\/por-motivos-personales-orta-deja-titularidad-de-la-ssc-de-cdmx\/#primaryimage"},"thumbnailUrl":"https:\/\/noti-america.com\/site\/mexico\/wp-content\/uploads\/sites\/13\/2019\/10\/Descarga-13.jpg","keywords":["Orta deja titularidad de la SSC de CDMX","Por motivos personales"],"articleSection":["Noticias"],"inLanguage":"es","potentialAction":[{"@type":"CommentAction","name":"Comment","target":["https:\/\/noti-america.com\/site\/mexico\/2019\/10\/04\/por-motivos-personales-orta-deja-titularidad-de-la-ssc-de-cdmx\/#respond"]}]},{"@type":"WebPage","@id":"https:\/\/noti-america.com\/site\/mexico\/2019\/10\/04\/por-motivos-personales-orta-deja-titularidad-de-la-ssc-de-cdmx\/","url":"https:\/\/noti-america.com\/site\/mexico\/2019\/10\/04\/por-motivos-personales-orta-deja-titularidad-de-la-ssc-de-cdmx\/","name":"Por motivos personales, Orta deja titularidad de la SSC de CDMX - M\u00e9xico","isPartOf":{"@id":"https:\/\/noti-america.com\/site\/mexico\/#website"},"primaryImageOfPage":{"@id":"https:\/\/noti-america.com\/site\/mexico\/2019\/10\/04\/por-motivos-personales-orta-deja-titularidad-de-la-ssc-de-cdmx\/#primaryimage"},"image":{"@id":"https:\/\/noti-america.com\/site\/mexico\/2019\/10\/04\/por-motivos-personales-orta-deja-titularidad-de-la-ssc-de-cdmx\/#primaryimage"},"thumbnailUrl":"https:\/\/noti-america.com\/site\/mexico\/wp-content\/uploads\/sites\/13\/2019\/10\/Descarga-13.jpg","datePublished":"2019-10-04T14:13:15+00:00","breadcrumb":{"@id":"https:\/\/noti-america.com\/site\/mexico\/2019\/10\/04\/por-motivos-personales-orta-deja-titularidad-de-la-ssc-de-cdmx\/#breadcrumb"},"inLanguage":"es","potentialAction":[{"@type":"ReadAction","target":["https:\/\/noti-america.com\/site\/mexico\/2019\/10\/04\/por-motivos-personales-orta-deja-titularidad-de-la-ssc-de-cdmx\/"]}]},{"@type":"ImageObject","inLanguage":"es","@id":"https:\/\/noti-america.com\/site\/mexico\/2019\/10\/04\/por-motivos-personales-orta-deja-titularidad-de-la-ssc-de-cdmx\/#primaryimage","url":"https:\/\/noti-america.com\/site\/mexico\/wp-content\/uploads\/sites\/13\/2019\/10\/Descarga-13.jpg","contentUrl":"https:\/\/noti-america.com\/site\/mexico\/wp-content\/uploads\/sites\/13\/2019\/10\/Descarga-13.jpg","width":750,"height":450},{"@type":"BreadcrumbList","@id":"https:\/\/noti-america.com\/site\/mexico\/2019\/10\/04\/por-motivos-personales-orta-deja-titularidad-de-la-ssc-de-cdmx\/#breadcrumb","itemListElement":[{"@type":"ListItem","position":1,"name":"Portada","item":"https:\/\/noti-america.com\/site\/mexico\/"},{"@type":"ListItem","position":2,"name":"Por motivos personales, Orta deja titularidad de la SSC de CDMX"}]},{"@type":"WebSite","@id":"https:\/\/noti-america.com\/site\/mexico\/#website","url":"https:\/\/noti-america.com\/site\/mexico\/","name":"M\u00e9xico | Noti-America.com","description":"","publisher":{"@id":"https:\/\/noti-america.com\/site\/mexico\/#organization"},"potentialAction":[{"@type":"SearchAction","target":{"@type":"EntryPoint","urlTemplate":"https:\/\/noti-america.com\/site\/mexico\/?s={search_term_string}"},"query-input":{"@type":"PropertyValueSpecification","valueRequired":true,"valueName":"search_term_string"}}],"inLanguage":"es"},{"@type":"Organization","@id":"https:\/\/noti-america.com\/site\/mexico\/#organization","name":"Noti-America LLC | M\u00e9xico","url":"https:\/\/noti-america.com\/site\/mexico\/","logo":{"@type":"ImageObject","inLanguage":"es","@id":"https:\/\/noti-america.com\/site\/mexico\/#\/schema\/logo\/image\/","url":"https:\/\/noti-america.com\/site\/mexico\/wp-content\/uploads\/sites\/13\/2020\/07\/LogoNA-4x3-1.jpg","contentUrl":"https:\/\/noti-america.com\/site\/mexico\/wp-content\/uploads\/sites\/13\/2020\/07\/LogoNA-4x3-1.jpg","width":1236,"height":1080,"caption":"Noti-America LLC | M\u00e9xico"},"image":{"@id":"https:\/\/noti-america.com\/site\/mexico\/#\/schema\/logo\/image\/"}},{"@type":"Person","@id":"https:\/\/noti-america.com\/site\/mexico\/#\/schema\/person\/116dfa1d5f58a6410bc589e7e2e4028c","name":"Jos\u00e9 Manuel Estevanot","image":{"@type":"ImageObject","inLanguage":"es","@id":"https:\/\/secure.gravatar.com\/avatar\/ded57725a28e7e6babccb982bd748d931b24c97df39c4d9513b7745f918a0c87?s=96&d=mm&r=g","url":"https:\/\/secure.gravatar.com\/avatar\/ded57725a28e7e6babccb982bd748d931b24c97df39c4d9513b7745f918a0c87?s=96&d=mm&r=g","contentUrl":"https:\/\/secure.gravatar.com\/avatar\/ded57725a28e7e6babccb982bd748d931b24c97df39c4d9513b7745f918a0c87?s=96&d=mm&r=g","caption":"Jos\u00e9 Manuel Estevanot"},"url":"https:\/\/noti-america.com\/site\/mexico\/author\/jmestevanot\/"}]}},"_links":{"self":[{"href":"https:\/\/noti-america.com\/site\/mexico\/wp-json\/wp\/v2\/posts\/4697","targetHints":{"allow":["GET"]}}],"collection":[{"href":"https:\/\/noti-america.com\/site\/mexico\/wp-json\/wp\/v2\/posts"}],"about":[{"href":"https:\/\/noti-america.com\/site\/mexico\/wp-json\/wp\/v2\/types\/post"}],"author":[{"embeddable":true,"href":"https:\/\/noti-america.com\/site\/mexico\/wp-json\/wp\/v2\/users\/39"}],"replies":[{"embeddable":true,"href":"https:\/\/noti-america.com\/site\/mexico\/wp-json\/wp\/v2\/comments?post=4697"}],"version-history":[{"count":1,"href":"https:\/\/noti-america.com\/site\/mexico\/wp-json\/wp\/v2\/posts\/4697\/revisions"}],"predecessor-version":[{"id":4700,"href":"https:\/\/noti-america.com\/site\/mexico\/wp-json\/wp\/v2\/posts\/4697\/revisions\/4700"}],"wp:featuredmedia":[{"embeddable":true,"href":"https:\/\/noti-america.com\/site\/mexico\/wp-json\/wp\/v2\/media\/4699"}],"wp:attachment":[{"href":"https:\/\/noti-america.com\/site\/mexico\/wp-json\/wp\/v2\/media?parent=4697"}],"wp:term":[{"taxonomy":"category","embeddable":true,"href":"https:\/\/noti-america.com\/site\/mexico\/wp-json\/wp\/v2\/categories?post=4697"},{"taxonomy":"post_tag","embeddable":true,"href":"https:\/\/noti-america.com\/site\/mexico\/wp-json\/wp\/v2\/tags?post=4697"}],"curies":[{"name":"wp","href":"https:\/\/api.w.org\/{rel}","templated":true}]}}