{"id":4669,"date":"2019-10-03T05:13:04","date_gmt":"2019-10-03T05:13:04","guid":{"rendered":"http:\/\/noti-america.com\/site\/mexico\/?p=4669"},"modified":"2019-10-03T05:13:04","modified_gmt":"2019-10-03T05:13:04","slug":"alistate-en-esta-fecha-se-realizara-la-novena-edicion-del-buen-fin","status":"publish","type":"post","link":"https:\/\/noti-america.com\/site\/mexico\/2019\/10\/03\/alistate-en-esta-fecha-se-realizara-la-novena-edicion-del-buen-fin\/","title":{"rendered":"\u00a1Al\u00edstate! En esta fecha se realizar\u00e1 la novena edici\u00f3n del Buen Fin"},"content":{"rendered":"<p>&nbsp;<\/p>\n<p><img loading=\"lazy\" decoding=\"async\" class=\"alignnone  wp-image-4670 aligncenter\" src=\"http:\/\/noti-america.com\/site\/mexico\/wp-content\/uploads\/sites\/13\/2019\/10\/Descarga-11.jpg\" alt=\"\" width=\"558\" height=\"335\" \/><\/p>\n<p dir=\"ltr\">\n<h4><strong>Fuente:\u00a0 https:\/\/elpais.com<\/strong><\/h4>\n<p dir=\"ltr\">\n<p dir=\"ltr\">\n<p dir=\"ltr\" style=\"text-align: justify\"><strong>Ernesto Acevedo<\/strong>, subsecretario de Industria y Comercio de la\u00a0Secretar\u00eda de Econom\u00eda\u00a0(<strong>SE<\/strong>), inform\u00f3 que la\u00a0<strong>novena edici\u00f3n<\/strong>\u00a0del<strong>\u00a0Buen Fin<\/strong>\u00a0ser\u00e1 del viernes\u00a0<strong>15<\/strong>\u00a0al lunes\u00a0<strong>18<\/strong>\u00a0de\u00a0<strong>noviembre<\/strong>, y su prop\u00f3sito es:<\/p>\n<ul>\n<li>Fomentar la\u00a0<strong>econom\u00eda<\/strong>\u00a0y el\u00a0<strong>consumo<\/strong><\/li>\n<li>Beneficiar a las familias con\u00a0<strong>ofertas<\/strong>\u00a0y\u00a0<strong>descuentos reales<\/strong><\/li>\n<li>Por su parte, la\u00a0Concanaco-Servytur\u00a0espera que en esta novena edici\u00f3n\u00a0haya un incremento de ventas de\u00a0<strong>5%<\/strong>\u00a0sobre lo alcanzado en\u00a0<strong>2018<\/strong>, que ascendi\u00f3 a\u00a0<strong>112 mil 400 millones de pesos<\/strong>, y llegar arriba de\u00a0<strong>118 mil millones<\/strong>.<\/li>\n<\/ul>\n<h2>Los banqueros<\/h2>\n<p dir=\"ltr\" style=\"text-align: justify\"><strong>Juan Carlos Jim\u00e9nez Rojas<\/strong>, director General de la\u00a0Asociaci\u00f3n de Bancos de M\u00e9xico\u00a0(<strong>AMB<\/strong>), inform\u00f3 que\u00a0<strong>participar\u00e1n 33 bancos<\/strong>, con m\u00e1s de un mill\u00f3n de terminales de puntos de venta; se\u00f1al\u00f3 que ediciones pasadas\u00a0reflejaron\u00a0que las\u00a0<strong>compras eran inteligentes<\/strong>, porque se realiz\u00f3\u00a0por medio de la\u00a0<strong>tarjeta de d\u00e9bito<\/strong>\u00a0y\u00a0<strong>no de cr\u00e9dito<\/strong>.<\/p>\n","protected":false},"excerpt":{"rendered":"<p>&nbsp; Fuente:\u00a0 https:\/\/elpais.com Ernesto Acevedo, subsecretario de Industria y Comercio de la\u00a0Secretar\u00eda de Econom\u00eda\u00a0(SE), inform\u00f3 que la\u00a0novena edici\u00f3n\u00a0del\u00a0Buen Fin\u00a0ser\u00e1 del viernes\u00a015\u00a0al lunes\u00a018\u00a0de\u00a0noviembre, y su prop\u00f3sito es: Fomentar la\u00a0econom\u00eda\u00a0y el\u00a0consumo Beneficiar a las familias con\u00a0ofertas\u00a0y\u00a0descuentos&#46;&#46;&#46;<\/p>\n","protected":false},"author":39,"featured_media":4671,"comment_status":"open","ping_status":"open","sticky":false,"template":"","format":"standard","meta":{"_acf_changed":false,"om_disable_all_campaigns":false,"rop_custom_images_group":[],"rop_custom_messages_group":[],"rop_publish_now":"initial","rop_publish_now_accounts":{"twitter_242054905_242054905":""},"rop_publish_now_history":[],"rop_publish_now_status":"pending","_uf_show_specific_survey":0,"_uf_disable_surveys":false,"footnotes":""},"categories":[337],"tags":[620],"class_list":["post-4669","post","type-post","status-publish","format-standard","has-post-thumbnail","hentry","category-noticias","tag-alistate-en-esta-fecha-se-realizara-la-novena-edicion-del-buen-fin"],"acf":[],"aioseo_notices":[],"yoast_head":"<!-- This site is optimized with the Yoast SEO Premium plugin v24.9 (Yoast SEO v27.2) - https:\/\/yoast.com\/product\/yoast-seo-premium-wordpress\/ -->\n<title>\u00a1Al\u00edstate! En esta fecha se realizar\u00e1 la novena edici\u00f3n del Buen Fin - M\u00e9xico<\/title>\n<meta name=\"robots\" content=\"index, follow, max-snippet:-1, max-image-preview:large, max-video-preview:-1\" \/>\n<link rel=\"canonical\" href=\"https:\/\/noti-america.com\/site\/mexico\/2019\/10\/03\/alistate-en-esta-fecha-se-realizara-la-novena-edicion-del-buen-fin\/\" \/>\n<meta property=\"og:locale\" content=\"es_ES\" \/>\n<meta property=\"og:type\" content=\"article\" \/>\n<meta property=\"og:title\" content=\"\u00a1Al\u00edstate! En esta fecha se realizar\u00e1 la novena edici\u00f3n del Buen Fin\" \/>\n<meta property=\"og:description\" content=\"&nbsp; Fuente:\u00a0 https:\/\/elpais.com Ernesto Acevedo, subsecretario de Industria y Comercio de la\u00a0Secretar\u00eda de Econom\u00eda\u00a0(SE), inform\u00f3 que la\u00a0novena edici\u00f3n\u00a0del\u00a0Buen Fin\u00a0ser\u00e1 del viernes\u00a015\u00a0al lunes\u00a018\u00a0de\u00a0noviembre, y su prop\u00f3sito es: Fomentar la\u00a0econom\u00eda\u00a0y el\u00a0consumo Beneficiar a las familias con\u00a0ofertas\u00a0y\u00a0descuentos&#046;&#046;&#046;\" \/>\n<meta property=\"og:url\" content=\"https:\/\/noti-america.com\/site\/mexico\/2019\/10\/03\/alistate-en-esta-fecha-se-realizara-la-novena-edicion-del-buen-fin\/\" \/>\n<meta property=\"og:site_name\" content=\"M\u00e9xico\" \/>\n<meta property=\"article:published_time\" content=\"2019-10-03T05:13:04+00:00\" \/>\n<meta property=\"og:image\" content=\"https:\/\/noti-america.com\/site\/mexico\/wp-content\/uploads\/sites\/13\/2019\/10\/Descarga-6-1.jpg\" \/>\n\t<meta property=\"og:image:width\" content=\"200\" \/>\n\t<meta property=\"og:image:height\" content=\"200\" \/>\n\t<meta property=\"og:image:type\" content=\"image\/jpeg\" \/>\n<meta name=\"author\" content=\"Jos\u00e9 Manuel Estevanot\" \/>\n<meta name=\"twitter:card\" content=\"summary_large_image\" \/>\n<meta name=\"twitter:label1\" content=\"Escrito por\" \/>\n\t<meta name=\"twitter:data1\" content=\"Jos\u00e9 Manuel Estevanot\" \/>\n\t<meta name=\"twitter:label2\" content=\"Tiempo estimado de lectura\" \/>\n\t<meta name=\"twitter:data2\" content=\"1 minuto\" \/>\n<script type=\"application\/ld+json\" class=\"yoast-schema-graph\">{\"@context\":\"https:\/\/schema.org\",\"@graph\":[{\"@type\":\"Article\",\"@id\":\"https:\/\/noti-america.com\/site\/mexico\/2019\/10\/03\/alistate-en-esta-fecha-se-realizara-la-novena-edicion-del-buen-fin\/#article\",\"isPartOf\":{\"@id\":\"https:\/\/noti-america.com\/site\/mexico\/2019\/10\/03\/alistate-en-esta-fecha-se-realizara-la-novena-edicion-del-buen-fin\/\"},\"author\":{\"name\":\"Jos\u00e9 Manuel Estevanot\",\"@id\":\"https:\/\/noti-america.com\/site\/mexico\/#\/schema\/person\/116dfa1d5f58a6410bc589e7e2e4028c\"},\"headline\":\"\u00a1Al\u00edstate! En esta fecha se realizar\u00e1 la novena edici\u00f3n del Buen Fin\",\"datePublished\":\"2019-10-03T05:13:04+00:00\",\"mainEntityOfPage\":{\"@id\":\"https:\/\/noti-america.com\/site\/mexico\/2019\/10\/03\/alistate-en-esta-fecha-se-realizara-la-novena-edicion-del-buen-fin\/\"},\"wordCount\":170,\"commentCount\":0,\"publisher\":{\"@id\":\"https:\/\/noti-america.com\/site\/mexico\/#organization\"},\"image\":{\"@id\":\"https:\/\/noti-america.com\/site\/mexico\/2019\/10\/03\/alistate-en-esta-fecha-se-realizara-la-novena-edicion-del-buen-fin\/#primaryimage\"},\"thumbnailUrl\":\"https:\/\/noti-america.com\/site\/mexico\/wp-content\/uploads\/sites\/13\/2019\/10\/Descarga-6-1.jpg\",\"keywords\":[\"\u00a1Al\u00edstate! En esta fecha se realizar\u00e1 la novena edici\u00f3n del Buen Fin\"],\"articleSection\":[\"Noticias\"],\"inLanguage\":\"es\",\"potentialAction\":[{\"@type\":\"CommentAction\",\"name\":\"Comment\",\"target\":[\"https:\/\/noti-america.com\/site\/mexico\/2019\/10\/03\/alistate-en-esta-fecha-se-realizara-la-novena-edicion-del-buen-fin\/#respond\"]}]},{\"@type\":\"WebPage\",\"@id\":\"https:\/\/noti-america.com\/site\/mexico\/2019\/10\/03\/alistate-en-esta-fecha-se-realizara-la-novena-edicion-del-buen-fin\/\",\"url\":\"https:\/\/noti-america.com\/site\/mexico\/2019\/10\/03\/alistate-en-esta-fecha-se-realizara-la-novena-edicion-del-buen-fin\/\",\"name\":\"\u00a1Al\u00edstate! En esta fecha se realizar\u00e1 la novena edici\u00f3n del Buen Fin - M\u00e9xico\",\"isPartOf\":{\"@id\":\"https:\/\/noti-america.com\/site\/mexico\/#website\"},\"primaryImageOfPage\":{\"@id\":\"https:\/\/noti-america.com\/site\/mexico\/2019\/10\/03\/alistate-en-esta-fecha-se-realizara-la-novena-edicion-del-buen-fin\/#primaryimage\"},\"image\":{\"@id\":\"https:\/\/noti-america.com\/site\/mexico\/2019\/10\/03\/alistate-en-esta-fecha-se-realizara-la-novena-edicion-del-buen-fin\/#primaryimage\"},\"thumbnailUrl\":\"https:\/\/noti-america.com\/site\/mexico\/wp-content\/uploads\/sites\/13\/2019\/10\/Descarga-6-1.jpg\",\"datePublished\":\"2019-10-03T05:13:04+00:00\",\"breadcrumb\":{\"@id\":\"https:\/\/noti-america.com\/site\/mexico\/2019\/10\/03\/alistate-en-esta-fecha-se-realizara-la-novena-edicion-del-buen-fin\/#breadcrumb\"},\"inLanguage\":\"es\",\"potentialAction\":[{\"@type\":\"ReadAction\",\"target\":[\"https:\/\/noti-america.com\/site\/mexico\/2019\/10\/03\/alistate-en-esta-fecha-se-realizara-la-novena-edicion-del-buen-fin\/\"]}]},{\"@type\":\"ImageObject\",\"inLanguage\":\"es\",\"@id\":\"https:\/\/noti-america.com\/site\/mexico\/2019\/10\/03\/alistate-en-esta-fecha-se-realizara-la-novena-edicion-del-buen-fin\/#primaryimage\",\"url\":\"https:\/\/noti-america.com\/site\/mexico\/wp-content\/uploads\/sites\/13\/2019\/10\/Descarga-6-1.jpg\",\"contentUrl\":\"https:\/\/noti-america.com\/site\/mexico\/wp-content\/uploads\/sites\/13\/2019\/10\/Descarga-6-1.jpg\",\"width\":200,\"height\":200},{\"@type\":\"BreadcrumbList\",\"@id\":\"https:\/\/noti-america.com\/site\/mexico\/2019\/10\/03\/alistate-en-esta-fecha-se-realizara-la-novena-edicion-del-buen-fin\/#breadcrumb\",\"itemListElement\":[{\"@type\":\"ListItem\",\"position\":1,\"name\":\"Portada\",\"item\":\"https:\/\/noti-america.com\/site\/mexico\/\"},{\"@type\":\"ListItem\",\"position\":2,\"name\":\"\u00a1Al\u00edstate! En esta fecha se realizar\u00e1 la novena edici\u00f3n del Buen Fin\"}]},{\"@type\":\"WebSite\",\"@id\":\"https:\/\/noti-america.com\/site\/mexico\/#website\",\"url\":\"https:\/\/noti-america.com\/site\/mexico\/\",\"name\":\"M\u00e9xico | Noti-America.com\",\"description\":\"\",\"publisher\":{\"@id\":\"https:\/\/noti-america.com\/site\/mexico\/#organization\"},\"potentialAction\":[{\"@type\":\"SearchAction\",\"target\":{\"@type\":\"EntryPoint\",\"urlTemplate\":\"https:\/\/noti-america.com\/site\/mexico\/?s={search_term_string}\"},\"query-input\":{\"@type\":\"PropertyValueSpecification\",\"valueRequired\":true,\"valueName\":\"search_term_string\"}}],\"inLanguage\":\"es\"},{\"@type\":\"Organization\",\"@id\":\"https:\/\/noti-america.com\/site\/mexico\/#organization\",\"name\":\"Noti-America LLC | M\u00e9xico\",\"url\":\"https:\/\/noti-america.com\/site\/mexico\/\",\"logo\":{\"@type\":\"ImageObject\",\"inLanguage\":\"es\",\"@id\":\"https:\/\/noti-america.com\/site\/mexico\/#\/schema\/logo\/image\/\",\"url\":\"https:\/\/noti-america.com\/site\/mexico\/wp-content\/uploads\/sites\/13\/2020\/07\/LogoNA-4x3-1.jpg\",\"contentUrl\":\"https:\/\/noti-america.com\/site\/mexico\/wp-content\/uploads\/sites\/13\/2020\/07\/LogoNA-4x3-1.jpg\",\"width\":1236,\"height\":1080,\"caption\":\"Noti-America LLC | M\u00e9xico\"},\"image\":{\"@id\":\"https:\/\/noti-america.com\/site\/mexico\/#\/schema\/logo\/image\/\"}},{\"@type\":\"Person\",\"@id\":\"https:\/\/noti-america.com\/site\/mexico\/#\/schema\/person\/116dfa1d5f58a6410bc589e7e2e4028c\",\"name\":\"Jos\u00e9 Manuel Estevanot\",\"image\":{\"@type\":\"ImageObject\",\"inLanguage\":\"es\",\"@id\":\"https:\/\/secure.gravatar.com\/avatar\/ded57725a28e7e6babccb982bd748d931b24c97df39c4d9513b7745f918a0c87?s=96&d=mm&r=g\",\"url\":\"https:\/\/secure.gravatar.com\/avatar\/ded57725a28e7e6babccb982bd748d931b24c97df39c4d9513b7745f918a0c87?s=96&d=mm&r=g\",\"contentUrl\":\"https:\/\/secure.gravatar.com\/avatar\/ded57725a28e7e6babccb982bd748d931b24c97df39c4d9513b7745f918a0c87?s=96&d=mm&r=g\",\"caption\":\"Jos\u00e9 Manuel Estevanot\"},\"url\":\"https:\/\/noti-america.com\/site\/mexico\/author\/jmestevanot\/\"}]}<\/script>\n<!-- \/ Yoast SEO Premium plugin. -->","yoast_head_json":{"title":"\u00a1Al\u00edstate! En esta fecha se realizar\u00e1 la novena edici\u00f3n del Buen Fin - M\u00e9xico","robots":{"index":"index","follow":"follow","max-snippet":"max-snippet:-1","max-image-preview":"max-image-preview:large","max-video-preview":"max-video-preview:-1"},"canonical":"https:\/\/noti-america.com\/site\/mexico\/2019\/10\/03\/alistate-en-esta-fecha-se-realizara-la-novena-edicion-del-buen-fin\/","og_locale":"es_ES","og_type":"article","og_title":"\u00a1Al\u00edstate! En esta fecha se realizar\u00e1 la novena edici\u00f3n del Buen Fin","og_description":"&nbsp; Fuente:\u00a0 https:\/\/elpais.com Ernesto Acevedo, subsecretario de Industria y Comercio de la\u00a0Secretar\u00eda de Econom\u00eda\u00a0(SE), inform\u00f3 que la\u00a0novena edici\u00f3n\u00a0del\u00a0Buen Fin\u00a0ser\u00e1 del viernes\u00a015\u00a0al lunes\u00a018\u00a0de\u00a0noviembre, y su prop\u00f3sito es: Fomentar la\u00a0econom\u00eda\u00a0y el\u00a0consumo Beneficiar a las familias con\u00a0ofertas\u00a0y\u00a0descuentos&#46;&#46;&#46;","og_url":"https:\/\/noti-america.com\/site\/mexico\/2019\/10\/03\/alistate-en-esta-fecha-se-realizara-la-novena-edicion-del-buen-fin\/","og_site_name":"M\u00e9xico","article_published_time":"2019-10-03T05:13:04+00:00","og_image":[{"width":200,"height":200,"url":"https:\/\/noti-america.com\/site\/mexico\/wp-content\/uploads\/sites\/13\/2019\/10\/Descarga-6-1.jpg","type":"image\/jpeg"}],"author":"Jos\u00e9 Manuel Estevanot","twitter_card":"summary_large_image","twitter_misc":{"Escrito por":"Jos\u00e9 Manuel Estevanot","Tiempo estimado de lectura":"1 minuto"},"schema":{"@context":"https:\/\/schema.org","@graph":[{"@type":"Article","@id":"https:\/\/noti-america.com\/site\/mexico\/2019\/10\/03\/alistate-en-esta-fecha-se-realizara-la-novena-edicion-del-buen-fin\/#article","isPartOf":{"@id":"https:\/\/noti-america.com\/site\/mexico\/2019\/10\/03\/alistate-en-esta-fecha-se-realizara-la-novena-edicion-del-buen-fin\/"},"author":{"name":"Jos\u00e9 Manuel Estevanot","@id":"https:\/\/noti-america.com\/site\/mexico\/#\/schema\/person\/116dfa1d5f58a6410bc589e7e2e4028c"},"headline":"\u00a1Al\u00edstate! En esta fecha se realizar\u00e1 la novena edici\u00f3n del Buen Fin","datePublished":"2019-10-03T05:13:04+00:00","mainEntityOfPage":{"@id":"https:\/\/noti-america.com\/site\/mexico\/2019\/10\/03\/alistate-en-esta-fecha-se-realizara-la-novena-edicion-del-buen-fin\/"},"wordCount":170,"commentCount":0,"publisher":{"@id":"https:\/\/noti-america.com\/site\/mexico\/#organization"},"image":{"@id":"https:\/\/noti-america.com\/site\/mexico\/2019\/10\/03\/alistate-en-esta-fecha-se-realizara-la-novena-edicion-del-buen-fin\/#primaryimage"},"thumbnailUrl":"https:\/\/noti-america.com\/site\/mexico\/wp-content\/uploads\/sites\/13\/2019\/10\/Descarga-6-1.jpg","keywords":["\u00a1Al\u00edstate! En esta fecha se realizar\u00e1 la novena edici\u00f3n del Buen Fin"],"articleSection":["Noticias"],"inLanguage":"es","potentialAction":[{"@type":"CommentAction","name":"Comment","target":["https:\/\/noti-america.com\/site\/mexico\/2019\/10\/03\/alistate-en-esta-fecha-se-realizara-la-novena-edicion-del-buen-fin\/#respond"]}]},{"@type":"WebPage","@id":"https:\/\/noti-america.com\/site\/mexico\/2019\/10\/03\/alistate-en-esta-fecha-se-realizara-la-novena-edicion-del-buen-fin\/","url":"https:\/\/noti-america.com\/site\/mexico\/2019\/10\/03\/alistate-en-esta-fecha-se-realizara-la-novena-edicion-del-buen-fin\/","name":"\u00a1Al\u00edstate! En esta fecha se realizar\u00e1 la novena edici\u00f3n del Buen Fin - M\u00e9xico","isPartOf":{"@id":"https:\/\/noti-america.com\/site\/mexico\/#website"},"primaryImageOfPage":{"@id":"https:\/\/noti-america.com\/site\/mexico\/2019\/10\/03\/alistate-en-esta-fecha-se-realizara-la-novena-edicion-del-buen-fin\/#primaryimage"},"image":{"@id":"https:\/\/noti-america.com\/site\/mexico\/2019\/10\/03\/alistate-en-esta-fecha-se-realizara-la-novena-edicion-del-buen-fin\/#primaryimage"},"thumbnailUrl":"https:\/\/noti-america.com\/site\/mexico\/wp-content\/uploads\/sites\/13\/2019\/10\/Descarga-6-1.jpg","datePublished":"2019-10-03T05:13:04+00:00","breadcrumb":{"@id":"https:\/\/noti-america.com\/site\/mexico\/2019\/10\/03\/alistate-en-esta-fecha-se-realizara-la-novena-edicion-del-buen-fin\/#breadcrumb"},"inLanguage":"es","potentialAction":[{"@type":"ReadAction","target":["https:\/\/noti-america.com\/site\/mexico\/2019\/10\/03\/alistate-en-esta-fecha-se-realizara-la-novena-edicion-del-buen-fin\/"]}]},{"@type":"ImageObject","inLanguage":"es","@id":"https:\/\/noti-america.com\/site\/mexico\/2019\/10\/03\/alistate-en-esta-fecha-se-realizara-la-novena-edicion-del-buen-fin\/#primaryimage","url":"https:\/\/noti-america.com\/site\/mexico\/wp-content\/uploads\/sites\/13\/2019\/10\/Descarga-6-1.jpg","contentUrl":"https:\/\/noti-america.com\/site\/mexico\/wp-content\/uploads\/sites\/13\/2019\/10\/Descarga-6-1.jpg","width":200,"height":200},{"@type":"BreadcrumbList","@id":"https:\/\/noti-america.com\/site\/mexico\/2019\/10\/03\/alistate-en-esta-fecha-se-realizara-la-novena-edicion-del-buen-fin\/#breadcrumb","itemListElement":[{"@type":"ListItem","position":1,"name":"Portada","item":"https:\/\/noti-america.com\/site\/mexico\/"},{"@type":"ListItem","position":2,"name":"\u00a1Al\u00edstate! En esta fecha se realizar\u00e1 la novena edici\u00f3n del Buen Fin"}]},{"@type":"WebSite","@id":"https:\/\/noti-america.com\/site\/mexico\/#website","url":"https:\/\/noti-america.com\/site\/mexico\/","name":"M\u00e9xico | Noti-America.com","description":"","publisher":{"@id":"https:\/\/noti-america.com\/site\/mexico\/#organization"},"potentialAction":[{"@type":"SearchAction","target":{"@type":"EntryPoint","urlTemplate":"https:\/\/noti-america.com\/site\/mexico\/?s={search_term_string}"},"query-input":{"@type":"PropertyValueSpecification","valueRequired":true,"valueName":"search_term_string"}}],"inLanguage":"es"},{"@type":"Organization","@id":"https:\/\/noti-america.com\/site\/mexico\/#organization","name":"Noti-America LLC | M\u00e9xico","url":"https:\/\/noti-america.com\/site\/mexico\/","logo":{"@type":"ImageObject","inLanguage":"es","@id":"https:\/\/noti-america.com\/site\/mexico\/#\/schema\/logo\/image\/","url":"https:\/\/noti-america.com\/site\/mexico\/wp-content\/uploads\/sites\/13\/2020\/07\/LogoNA-4x3-1.jpg","contentUrl":"https:\/\/noti-america.com\/site\/mexico\/wp-content\/uploads\/sites\/13\/2020\/07\/LogoNA-4x3-1.jpg","width":1236,"height":1080,"caption":"Noti-America LLC | M\u00e9xico"},"image":{"@id":"https:\/\/noti-america.com\/site\/mexico\/#\/schema\/logo\/image\/"}},{"@type":"Person","@id":"https:\/\/noti-america.com\/site\/mexico\/#\/schema\/person\/116dfa1d5f58a6410bc589e7e2e4028c","name":"Jos\u00e9 Manuel Estevanot","image":{"@type":"ImageObject","inLanguage":"es","@id":"https:\/\/secure.gravatar.com\/avatar\/ded57725a28e7e6babccb982bd748d931b24c97df39c4d9513b7745f918a0c87?s=96&d=mm&r=g","url":"https:\/\/secure.gravatar.com\/avatar\/ded57725a28e7e6babccb982bd748d931b24c97df39c4d9513b7745f918a0c87?s=96&d=mm&r=g","contentUrl":"https:\/\/secure.gravatar.com\/avatar\/ded57725a28e7e6babccb982bd748d931b24c97df39c4d9513b7745f918a0c87?s=96&d=mm&r=g","caption":"Jos\u00e9 Manuel Estevanot"},"url":"https:\/\/noti-america.com\/site\/mexico\/author\/jmestevanot\/"}]}},"_links":{"self":[{"href":"https:\/\/noti-america.com\/site\/mexico\/wp-json\/wp\/v2\/posts\/4669","targetHints":{"allow":["GET"]}}],"collection":[{"href":"https:\/\/noti-america.com\/site\/mexico\/wp-json\/wp\/v2\/posts"}],"about":[{"href":"https:\/\/noti-america.com\/site\/mexico\/wp-json\/wp\/v2\/types\/post"}],"author":[{"embeddable":true,"href":"https:\/\/noti-america.com\/site\/mexico\/wp-json\/wp\/v2\/users\/39"}],"replies":[{"embeddable":true,"href":"https:\/\/noti-america.com\/site\/mexico\/wp-json\/wp\/v2\/comments?post=4669"}],"version-history":[{"count":1,"href":"https:\/\/noti-america.com\/site\/mexico\/wp-json\/wp\/v2\/posts\/4669\/revisions"}],"predecessor-version":[{"id":4672,"href":"https:\/\/noti-america.com\/site\/mexico\/wp-json\/wp\/v2\/posts\/4669\/revisions\/4672"}],"wp:featuredmedia":[{"embeddable":true,"href":"https:\/\/noti-america.com\/site\/mexico\/wp-json\/wp\/v2\/media\/4671"}],"wp:attachment":[{"href":"https:\/\/noti-america.com\/site\/mexico\/wp-json\/wp\/v2\/media?parent=4669"}],"wp:term":[{"taxonomy":"category","embeddable":true,"href":"https:\/\/noti-america.com\/site\/mexico\/wp-json\/wp\/v2\/categories?post=4669"},{"taxonomy":"post_tag","embeddable":true,"href":"https:\/\/noti-america.com\/site\/mexico\/wp-json\/wp\/v2\/tags?post=4669"}],"curies":[{"name":"wp","href":"https:\/\/api.w.org\/{rel}","templated":true}]}}