{"id":4645,"date":"2019-10-03T04:44:06","date_gmt":"2019-10-03T04:44:06","guid":{"rendered":"http:\/\/noti-america.com\/site\/mexico\/?p=4645"},"modified":"2019-10-03T04:44:06","modified_gmt":"2019-10-03T04:44:06","slug":"exitos-en-el-tiempo-con-jose-manuel-estevanot-octubre-3","status":"publish","type":"post","link":"https:\/\/noti-america.com\/site\/mexico\/2019\/10\/03\/exitos-en-el-tiempo-con-jose-manuel-estevanot-octubre-3\/","title":{"rendered":"Exitos en el Tiempo con Jos\u00e9 Manuel Estevanot &#8211; Octubre 3"},"content":{"rendered":"<p><a href=\"https:\/\/www.malllikeu.com\"><img loading=\"lazy\" decoding=\"async\" class=\"size-medium wp-image-4442 aligncenter\" src=\"http:\/\/noti-america.com\/site\/mexico\/wp-content\/uploads\/sites\/13\/2019\/09\/imagenes-Whatsapp-2-04-1-300x300.jpg\" alt=\"\" width=\"300\" height=\"300\" srcset=\"https:\/\/noti-america.com\/site\/mexico\/wp-content\/uploads\/sites\/13\/2019\/09\/imagenes-Whatsapp-2-04-1-300x300.jpg 300w, https:\/\/noti-america.com\/site\/mexico\/wp-content\/uploads\/sites\/13\/2019\/09\/imagenes-Whatsapp-2-04-1-150x150.jpg 150w, https:\/\/noti-america.com\/site\/mexico\/wp-content\/uploads\/sites\/13\/2019\/09\/imagenes-Whatsapp-2-04-1-768x768.jpg 768w, https:\/\/noti-america.com\/site\/mexico\/wp-content\/uploads\/sites\/13\/2019\/09\/imagenes-Whatsapp-2-04-1-1024x1024.jpg 1024w, https:\/\/noti-america.com\/site\/mexico\/wp-content\/uploads\/sites\/13\/2019\/09\/imagenes-Whatsapp-2-04-1-160x160.jpg 160w, https:\/\/noti-america.com\/site\/mexico\/wp-content\/uploads\/sites\/13\/2019\/09\/imagenes-Whatsapp-2-04-1-320x320.jpg 320w\" sizes=\"auto, (max-width: 300px) 100vw, 300px\" \/><\/a><\/p>\n<p>&nbsp;<\/p>\n<p>Fuente:\u00a0 @Exitosnlt\u00a0 Jos\u00e9 Manuel Estevanot<\/p>\n<p>&nbsp;<\/p>\n<p><img loading=\"lazy\" decoding=\"async\" class=\" wp-image-4372 alignleft\" src=\"http:\/\/noti-america.com\/site\/mexico\/wp-content\/uploads\/sites\/13\/2019\/09\/jme-foto-300x300.jpg\" alt=\"\" width=\"266\" height=\"266\" srcset=\"https:\/\/noti-america.com\/site\/mexico\/wp-content\/uploads\/sites\/13\/2019\/09\/jme-foto-300x300.jpg 300w, https:\/\/noti-america.com\/site\/mexico\/wp-content\/uploads\/sites\/13\/2019\/09\/jme-foto-150x150.jpg 150w, https:\/\/noti-america.com\/site\/mexico\/wp-content\/uploads\/sites\/13\/2019\/09\/jme-foto-768x768.jpg 768w, https:\/\/noti-america.com\/site\/mexico\/wp-content\/uploads\/sites\/13\/2019\/09\/jme-foto-160x160.jpg 160w, https:\/\/noti-america.com\/site\/mexico\/wp-content\/uploads\/sites\/13\/2019\/09\/jme-foto-320x320.jpg 320w, https:\/\/noti-america.com\/site\/mexico\/wp-content\/uploads\/sites\/13\/2019\/09\/jme-foto.jpg 900w\" sizes=\"auto, (max-width: 266px) 100vw, 266px\" \/><\/p>\n<p>Feliz\u00a0 d\u00eda amigos de la m\u00fasica, como\u00a0 siempre aqu\u00ed les dejo un listado con los principales hechos ocurridos en el mundo de la m\u00fasica un d\u00eda como hoy, 3\u00a0 de Octubre;\u00a0 \u00a0Les recuerdo que ahora desde donde se encuentren podr\u00e1n escuchar nuestro programa Dominical\u00a0 \u00abExitos en el Tiempo\u00bb\u00a0 \u00a0por <a href=\"http:\/\/www.promoestereo.com\"><strong>www.promoestereo.com<\/strong><\/a> .Agradezco su sintoniza desde este Domingo 6 de Octubre a las 10a.m. (M\u00e9xico) y\u00a0 11 a.m.\u00a0 (Panam\u00e1) (Florida, EU)\u00a0 (Venezuela).\u00a0 \u00a0 Comentarios\u00a0 y solicitudes\u00a0 favor enviarlas a @Exitosnlt.\u00a0 Aqui vamos&#8230;.<\/p>\n<p><img loading=\"lazy\" decoding=\"async\" class=\"wp-image-4637 alignright\" src=\"http:\/\/noti-america.com\/site\/mexico\/wp-content\/uploads\/sites\/13\/2019\/10\/NOTIAMERICA-150x300.png\" alt=\"\" width=\"180\" height=\"360\" srcset=\"https:\/\/noti-america.com\/site\/mexico\/wp-content\/uploads\/sites\/13\/2019\/10\/NOTIAMERICA-150x300.png 150w, https:\/\/noti-america.com\/site\/mexico\/wp-content\/uploads\/sites\/13\/2019\/10\/NOTIAMERICA.png 250w\" sizes=\"auto, (max-width: 180px) 100vw, 180px\" \/><\/p>\n<p>&nbsp;<\/p>\n<p>&nbsp;<\/p>\n<p>&nbsp;<\/p>\n<p>&nbsp;<\/p>\n<p>&nbsp;<\/p>\n<p><strong>3 Oct 1945<\/strong><\/p>\n<p><img loading=\"lazy\" decoding=\"async\" class=\"size-medium wp-image-4646 alignleft\" src=\"http:\/\/noti-america.com\/site\/mexico\/wp-content\/uploads\/sites\/13\/2019\/10\/descarga-1-6-228x300.jpg\" alt=\"\" width=\"228\" height=\"300\" srcset=\"https:\/\/noti-america.com\/site\/mexico\/wp-content\/uploads\/sites\/13\/2019\/10\/descarga-1-6-228x300.jpg 228w, https:\/\/noti-america.com\/site\/mexico\/wp-content\/uploads\/sites\/13\/2019\/10\/descarga-1-6-768x1009.jpg 768w, https:\/\/noti-america.com\/site\/mexico\/wp-content\/uploads\/sites\/13\/2019\/10\/descarga-1-6-779x1024.jpg 779w, https:\/\/noti-america.com\/site\/mexico\/wp-content\/uploads\/sites\/13\/2019\/10\/descarga-1-6.jpg 913w\" sizes=\"auto, (max-width: 228px) 100vw, 228px\" \/>Elvis Presley hizo su primera aparici\u00f3n p\u00fablica en un concurso de talentos en el Mississippi Alabama Dairy Show cantando &#8216;Old Shep&#8217;, Elvis ten\u00eda 10 a\u00f1os en ese momento y qued\u00f3 en segundo lugar.<\/p>\n<p><strong>3 Oct 1958<\/strong><\/p>\n<p>La gira m\u00e1s grande del Show of Stars de 1958 comenz\u00f3 en el Auditorio Worcester en Worcester, Massachusetts. Esta edici\u00f3n de oto\u00f1o presentada; Buddy Holly, Frankie Avalon, Bobby Darin, The Olympics, Dion &amp; The Belmonts, Bobby Freeman, The Elegants, Jimmy Clanton, The Danleers, Duane Eddy, Clyde McPhatter y The Coasters.<\/p>\n<p><strong>3 Oct 1967<\/strong><\/p>\n<p>El cantante y compositor estadounidense Woody Guthrie muri\u00f3 despu\u00e9s de sufrir la enfermedad de Huntington en Corea. Guthrie fue una gran influencia en Bob Dylan y la m\u00fasica popular estadounidense. La pel\u00edcula de los a\u00f1os 70 &#8216;Bound For Glory&#8217; se basa en su vida. Su canci\u00f3n m\u00e1s conocida es &#8216;This Land Is Your Land&#8217;, que se canta regularmente en las escuelas estadounidenses.<\/p>\n<p>https:\/\/www.youtube.com\/watch?v=WGKU8awk7Vg<\/p>\n<p>&nbsp;<\/p>\n<p><strong>3 Oct 1968<\/strong><\/p>\n<p>Trabajando en Trident Studios en Londres, The Beatles grabaron la nueva canci\u00f3n de George Harrison \u00abSavoy Truffle\u00bb. George, Paul y Ringo grabaron solo una toma de la pista b\u00e1sica (bater\u00eda, bajo y guitarra solista). La canci\u00f3n fue inspirada por el amor de Eric Clapton por los chocolates, particularmente por los Mackintosh.<\/p>\n<p><strong>3 Oct 1978<\/strong><\/p>\n<p>Los miembros de Aerosmith sacaron de la c\u00e1rcel a treinta fan\u00e1ticos despu\u00e9s de que fueron arrestados por fumar marihuana durante un concierto de Aerosmith en el Fort Wayne Coliseum.<\/p>\n<p><strong>3 Oct 1987<\/strong><\/p>\n<p>M \/ A \/ R \/ S estaban en el n\u00famero 1 en la lista de singles del Reino Unido con &#8216;Pump Up The Volume&#8217;. La primera casa de fabricaci\u00f3n brit\u00e1nica golpe\u00f3 fuertemente otras grabaciones que resultaron en litigios.<\/p>\n<div class=\"video-container\"><iframe loading=\"lazy\" title=\"M|A|R|R|S - Pump Up The Volume (Official Video)\" width=\"500\" height=\"281\" src=\"https:\/\/www.youtube.com\/embed\/w9gOQgfPW4Y?feature=oembed&#038;wmode=opaque\" frameborder=\"0\" allow=\"accelerometer; autoplay; clipboard-write; encrypted-media; gyroscope; picture-in-picture; web-share\" referrerpolicy=\"strict-origin-when-cross-origin\" allowfullscreen><\/iframe><\/div>\n<p><strong>3 Oct 1991<\/strong><\/p>\n<p>La gobernadora de Texas, Ann Richards, proclam\u00f3 el 3 de octubre, Stevie Ray Vaughan, (el cumplea\u00f1os de Stevie Ray Vaughan), como el \u00abD\u00eda de Stevie Ray Vaughan\u00bb. Un paseo anual en motocicleta y un concierto en el centro de Texas benefician al Stevie Ray Vaughan Memorial Scholarship Fund. La gobernadora de Texas Ann Richards proclam\u00f3 el 3 de octubre, Stevie Ray Vaughan, (el cumplea\u00f1os de Stevie Ray Vaughan), como el \u00abD\u00eda de Stevie Ray Vaughan\u00bb. Un paseo anual en motocicleta y un concierto en el centro de Texas benefician al Stevie Ray Vaughan Memorial Scholarship Fund.<\/p>\n<div class=\"video-container\"><iframe loading=\"lazy\" title=\"Stevie Ray Vaughan &amp; Double Trouble - Pride And Joy (Live at Montreux 1982)\" width=\"500\" height=\"375\" src=\"https:\/\/www.youtube.com\/embed\/kfjXp4KTTY8?feature=oembed&#038;wmode=opaque\" frameborder=\"0\" allow=\"accelerometer; autoplay; clipboard-write; encrypted-media; gyroscope; picture-in-picture; web-share\" referrerpolicy=\"strict-origin-when-cross-origin\" allowfullscreen><\/iframe><\/div>\n<p><strong>3 Oct 1991<\/strong><\/p>\n<p>M.C. Hammer ofreci\u00f3 una recompensa de $ 50000 por la devoluci\u00f3n del guante blanco de Michael Jackson, que hab\u00eda sido robado del Museo Motown. Esto fue parte de una batalla en curso entre Hammer y Michael Jackson.<\/p>\n<p>3 Oct 1992<\/p>\n<p>Sinead O\u2019Connor arranc\u00f3 una fotograf\u00eda del Papa Juan Pablo II, en el programa de televisi\u00f3n estadounidense &#8216;Saturday Night Live&#8217;, como protesta por el abuso sexual en la Iglesia Cat\u00f3lica Romana. El incidente ocurri\u00f3 cuando Sinead termin\u00f3 su actuaci\u00f3n en vivo y, de la nada, produjo una fotograf\u00eda del Papa Juan Pablo II, que ella rompi\u00f3 en pedazos. Hubo un silencio at\u00f3nito en el estudio y la estaci\u00f3n fue a un comercial. NBC fue multado con $ 2.5 millones de d\u00f3lares por la Comisi\u00f3n Federal de Comunicaciones. F.C.C<\/p>\n<p><strong>3 Oct 1999<\/strong><\/p>\n<p>Akio Morita, el fundador de Sony Electronics, muri\u00f3 a los 78 a\u00f1os. El Sony Walkman de 1979 transform\u00f3 a Sony y a los consumidores de todo el mundo.<\/p>\n<p><strong>3 Oct 1999<\/strong><\/p>\n<p>Tom Jones fue al n\u00famero 1 en la lista de \u00e1lbumes del Reino Unido con &#8216;Reload&#8217;, convirtiendo al cantante en el artista m\u00e1s antiguo en obtener un \u00e1lbum n\u00famero 1 en el Reino Unido con nuevo material. El \u00e1lbum present\u00f3 la colaboraci\u00f3n con Mousse T, &#8216;Sexbomb&#8217;, que alcanz\u00f3 el n\u00famero 3 en la lista de singles del Reino Unido, y luego se us\u00f3 en un episodio de The Simpsons.<\/p>\n<div class=\"video-container\"><iframe loading=\"lazy\" title=\"Stereophonics feat. Tom Jones - Mama told me not to come\" width=\"500\" height=\"375\" src=\"https:\/\/www.youtube.com\/embed\/Y7Ds7d3opPg?list=PLfn9bjw5-0U1-MGVPz9C-YujelI7rR1fn\" frameborder=\"0\" allow=\"accelerometer; autoplay; clipboard-write; encrypted-media; gyroscope; picture-in-picture; web-share\" referrerpolicy=\"strict-origin-when-cross-origin\" allowfullscreen><\/iframe><\/div>\n<p><strong><img loading=\"lazy\" decoding=\"async\" class=\" wp-image-4650 alignright\" src=\"http:\/\/noti-america.com\/site\/mexico\/wp-content\/uploads\/sites\/13\/2019\/10\/descarga-1-7.jpg\" alt=\"\" width=\"205\" height=\"253\" \/>3 Oct 2000<\/strong><\/p>\n<p>Al asesino de John Lennon, Mark Chapman, se le neg\u00f3 la libertad condicional despu\u00e9s de cumplir 20 a\u00f1os de prisi\u00f3n. Chapman fue entrevistado durante 50 minutos por miembros de la junta de libertad condicional que concluyeron que liberar a Chapman &#8216;desaprobar\u00eda la gravedad del crimen&#8217;.<\/p>\n<p><strong>3 Oct 2000<\/strong><\/p>\n<p>El cantante y bajista de Cars, Benjamin Orr, muri\u00f3 de c\u00e1ncer en su casa en Atlanta a la edad de 53 a\u00f1os. Sang interpret\u00f3 las voces principales de los \u00e9xitos de la banda \u00abJust What I Needed\u00bb, \u00abLet&#8217;s Go\u00bb y \u00abDrive\u00bb.<\/p>\n<p><strong>3 Oct 2011<\/strong><\/p>\n<p>Seg\u00fan una nueva investigaci\u00f3n cient\u00edfica, se descubri\u00f3 que &#8216;We Are The Champions&#8217; de Queen es la canci\u00f3n m\u00e1s pegadiza jam\u00e1s escrita. El music\u00f3logo Dr. Alisun Pawley de la Universidad de Londres, Inglaterra, realiz\u00f3 una investigaci\u00f3n sobre lo que hace que una canci\u00f3n sea memorable y compil\u00f3 una lista de las diez canciones \u00abm\u00e1s pegadizas\u00bb de todos los tiempos. Durante la investigaci\u00f3n, descubrieron que las canciones para cantar conten\u00edan cuatro elementos clave: frases musicales largas y detalladas, m\u00faltiples cambios de tono en el &#8216;gancho&#8217; de una canci\u00f3n, vocalistas masculinos y voces masculinas m\u00e1s altas que hacen un notable esfuerzo vocal. Y.M.C.A. por Village People, Fat 41&#8217;s Fat Lip y The Final Countdown de Europa tambi\u00e9n estaban en la lista.<\/p>\n<div class=\"video-container\"><iframe loading=\"lazy\" title=\"Queen - We Are The Champions (Live)\" width=\"500\" height=\"281\" src=\"https:\/\/www.youtube.com\/embed\/KXw8CRapg7k?feature=oembed&#038;wmode=opaque\" frameborder=\"0\" allow=\"accelerometer; autoplay; clipboard-write; encrypted-media; gyroscope; picture-in-picture; web-share\" referrerpolicy=\"strict-origin-when-cross-origin\" allowfullscreen><\/iframe><\/div>\n<p><strong>3 Oct 1938<\/strong><\/p>\n<p>Nace\u00a0 Eddie Cochran, singer (1958 US No. 8 single &#8216;Summertime Blues&#8217;, 1960 UK No.1 single &#8216;Three Steps To Heaven&#8217;). Cochran muri\u00f3 en un accidente automovil\u00edstico el 17 de abril de 1960 a los 21 a\u00f1os mientras estaba de gira en el Reino Unido. La compositora Sharon Sheeley y el cantante Gene Vincent, que tambi\u00e9n estaban en el autom\u00f3vil, sobrevivieron al accidente.<\/p>\n<div class=\"video-container\"><iframe loading=\"lazy\" title=\"Eddie Cochran  - Twenty Flight Rock\" width=\"500\" height=\"281\" src=\"https:\/\/www.youtube.com\/embed\/f8Vfin7mqdw?feature=oembed&#038;wmode=opaque\" frameborder=\"0\" allow=\"accelerometer; autoplay; clipboard-write; encrypted-media; gyroscope; picture-in-picture; web-share\" referrerpolicy=\"strict-origin-when-cross-origin\" allowfullscreen><\/iframe><\/div>\n<p><strong>3 Oct 1941<\/strong><\/p>\n<p>Nace, Chubby Checker, \u00a0Cantante estadounidense, (Ernest Evans), Obtuvo en 1960\u00a0 \u00a0No.1 en EU y Reino Unido\u00a0 \u00a0 &#8216;The Twist&#8217;,\u00a0 y en 1962\u00a0 No.2\u00a0 &#8216;Let&#8217;s Twist Again&#8217;). &#8216;The Twist&#8217; es la \u00fanica canci\u00f3n que llega al n\u00famero 1 en las listas de singles de EE. UU. Dos veces. Una vez en 1960 y nuevamente en 1962.<\/p>\n<div class=\"video-container\"><iframe loading=\"lazy\" title=\"Chubby Checker-The Twist\" width=\"500\" height=\"375\" src=\"https:\/\/www.youtube.com\/embed\/pHGXwQeUk7M?feature=oembed&#038;wmode=opaque\" frameborder=\"0\" allow=\"accelerometer; autoplay; clipboard-write; encrypted-media; gyroscope; picture-in-picture; web-share\" referrerpolicy=\"strict-origin-when-cross-origin\" allowfullscreen><\/iframe><\/div>\n<p>&nbsp;<\/p>\n<p><strong>3 Oct 1949<\/strong><\/p>\n<p>Nace la\u00a0 cantante y compositora estadounidense Lindsey Buckingham de Fleetwood Mac que tuvo el sencillo n\u00famero 1 de 1977 en Estados Unidos &#8216;Dreams&#8217; del \u00e1lbum n\u00famero 1 mundial Rumours.\u00a0 \u00a0Buckingham era la mitad del d\u00fao, Buckingham Nicks y aparte de su mandato con Fleetwood Mac, Buckingham tambi\u00e9n ha lanzado seis \u00e1lbumes en solitario y tres \u00e1lbumes en vivo.<\/p>\n<p><strong>3 Oct 1950<\/strong><\/p>\n<p>Nace Ronnie Laws, saxofonista, con Earth, Wind &amp; Fire, que tuvo el sencillo estadounidense No. 1 de 1975 &#8216;Shining Star&#8217;, y el sencillo brit\u00e1nico No. 3 de 1981 &#8216;Let&#8217;s Groove&#8217;. La banda recibi\u00f3 20 nominaciones al Grammy y fue el primer acto afroamericano en vender Madison Square Garden.<\/p>\n<div class=\"video-container\"><iframe loading=\"lazy\" title=\"Earth, Wind &amp; Fire - Let&#039;s Groove (Official HD Video)\" width=\"500\" height=\"375\" src=\"https:\/\/www.youtube.com\/embed\/Lrle0x_DHBM?feature=oembed&#038;wmode=opaque\" frameborder=\"0\" allow=\"accelerometer; autoplay; clipboard-write; encrypted-media; gyroscope; picture-in-picture; web-share\" referrerpolicy=\"strict-origin-when-cross-origin\" allowfullscreen><\/iframe><\/div>\n<p>&nbsp;<\/p>\n<p>&nbsp;<\/p>\n","protected":false},"excerpt":{"rendered":"<p>&nbsp; Fuente:\u00a0 @Exitosnlt\u00a0 Jos\u00e9 Manuel Estevanot &nbsp; Feliz\u00a0 d\u00eda amigos de la m\u00fasica, como\u00a0 siempre aqu\u00ed les dejo un listado con los principales hechos ocurridos en el mundo de la m\u00fasica un d\u00eda como&#46;&#46;&#46;<\/p>\n","protected":false},"author":39,"featured_media":4375,"comment_status":"open","ping_status":"open","sticky":false,"template":"","format":"standard","meta":{"_acf_changed":false,"om_disable_all_campaigns":false,"rop_custom_images_group":[],"rop_custom_messages_group":[],"rop_publish_now":"initial","rop_publish_now_accounts":{"twitter_242054905_242054905":""},"rop_publish_now_history":[],"rop_publish_now_status":"pending","_uf_show_specific_survey":0,"_uf_disable_surveys":false,"footnotes":""},"categories":[38,337],"tags":[617],"class_list":["post-4645","post","type-post","status-publish","format-standard","has-post-thumbnail","hentry","category-musica","category-noticias","tag-exitos-en-el-tiempo-con-jose-manuel-estevanot-octubre-3"],"acf":[],"aioseo_notices":[],"yoast_head":"<!-- This site is optimized with the Yoast SEO Premium plugin v24.9 (Yoast SEO v27.2) - https:\/\/yoast.com\/product\/yoast-seo-premium-wordpress\/ -->\n<title>Exitos en el Tiempo con Jos\u00e9 Manuel Estevanot - Octubre 3 - M\u00e9xico<\/title>\n<meta name=\"robots\" content=\"index, follow, max-snippet:-1, max-image-preview:large, max-video-preview:-1\" \/>\n<link rel=\"canonical\" href=\"https:\/\/noti-america.com\/site\/mexico\/2019\/10\/03\/exitos-en-el-tiempo-con-jose-manuel-estevanot-octubre-3\/\" \/>\n<meta property=\"og:locale\" content=\"es_ES\" \/>\n<meta property=\"og:type\" content=\"article\" \/>\n<meta property=\"og:title\" content=\"Exitos en el Tiempo con Jos\u00e9 Manuel Estevanot - Octubre 3\" \/>\n<meta property=\"og:description\" content=\"&nbsp; Fuente:\u00a0 @Exitosnlt\u00a0 Jos\u00e9 Manuel Estevanot &nbsp; Feliz\u00a0 d\u00eda amigos de la m\u00fasica, como\u00a0 siempre aqu\u00ed les dejo un listado con los principales hechos ocurridos en el mundo de la m\u00fasica un d\u00eda como&#046;&#046;&#046;\" \/>\n<meta property=\"og:url\" content=\"https:\/\/noti-america.com\/site\/mexico\/2019\/10\/03\/exitos-en-el-tiempo-con-jose-manuel-estevanot-octubre-3\/\" \/>\n<meta property=\"og:site_name\" content=\"M\u00e9xico\" \/>\n<meta property=\"article:published_time\" content=\"2019-10-03T04:44:06+00:00\" \/>\n<meta property=\"og:image\" content=\"https:\/\/noti-america.com\/site\/mexico\/wp-content\/uploads\/sites\/13\/2019\/09\/IMG_20190904_094144_267.jpg\" \/>\n\t<meta property=\"og:image:width\" content=\"2304\" \/>\n\t<meta property=\"og:image:height\" content=\"2304\" \/>\n\t<meta property=\"og:image:type\" content=\"image\/jpeg\" \/>\n<meta name=\"author\" content=\"Jos\u00e9 Manuel Estevanot\" \/>\n<meta name=\"twitter:card\" content=\"summary_large_image\" \/>\n<meta name=\"twitter:label1\" content=\"Escrito por\" \/>\n\t<meta name=\"twitter:data1\" content=\"Jos\u00e9 Manuel Estevanot\" \/>\n\t<meta name=\"twitter:label2\" content=\"Tiempo estimado de lectura\" \/>\n\t<meta name=\"twitter:data2\" content=\"6 minutos\" \/>\n<script type=\"application\/ld+json\" class=\"yoast-schema-graph\">{\"@context\":\"https:\/\/schema.org\",\"@graph\":[{\"@type\":\"Article\",\"@id\":\"https:\/\/noti-america.com\/site\/mexico\/2019\/10\/03\/exitos-en-el-tiempo-con-jose-manuel-estevanot-octubre-3\/#article\",\"isPartOf\":{\"@id\":\"https:\/\/noti-america.com\/site\/mexico\/2019\/10\/03\/exitos-en-el-tiempo-con-jose-manuel-estevanot-octubre-3\/\"},\"author\":{\"name\":\"Jos\u00e9 Manuel Estevanot\",\"@id\":\"https:\/\/noti-america.com\/site\/mexico\/#\/schema\/person\/116dfa1d5f58a6410bc589e7e2e4028c\"},\"headline\":\"Exitos en el Tiempo con Jos\u00e9 Manuel Estevanot &#8211; Octubre 3\",\"datePublished\":\"2019-10-03T04:44:06+00:00\",\"mainEntityOfPage\":{\"@id\":\"https:\/\/noti-america.com\/site\/mexico\/2019\/10\/03\/exitos-en-el-tiempo-con-jose-manuel-estevanot-octubre-3\/\"},\"wordCount\":1264,\"commentCount\":0,\"publisher\":{\"@id\":\"https:\/\/noti-america.com\/site\/mexico\/#organization\"},\"image\":{\"@id\":\"https:\/\/noti-america.com\/site\/mexico\/2019\/10\/03\/exitos-en-el-tiempo-con-jose-manuel-estevanot-octubre-3\/#primaryimage\"},\"thumbnailUrl\":\"https:\/\/noti-america.com\/site\/mexico\/wp-content\/uploads\/sites\/13\/2019\/09\/IMG_20190904_094144_267.jpg\",\"keywords\":[\"Exitos en el Tiempo con Jos\u00e9 Manuel Estevanot - Octubre 3\"],\"articleSection\":[\"M\u00fasica\",\"Noticias\"],\"inLanguage\":\"es\",\"potentialAction\":[{\"@type\":\"CommentAction\",\"name\":\"Comment\",\"target\":[\"https:\/\/noti-america.com\/site\/mexico\/2019\/10\/03\/exitos-en-el-tiempo-con-jose-manuel-estevanot-octubre-3\/#respond\"]}]},{\"@type\":\"WebPage\",\"@id\":\"https:\/\/noti-america.com\/site\/mexico\/2019\/10\/03\/exitos-en-el-tiempo-con-jose-manuel-estevanot-octubre-3\/\",\"url\":\"https:\/\/noti-america.com\/site\/mexico\/2019\/10\/03\/exitos-en-el-tiempo-con-jose-manuel-estevanot-octubre-3\/\",\"name\":\"Exitos en el Tiempo con Jos\u00e9 Manuel Estevanot - Octubre 3 - M\u00e9xico\",\"isPartOf\":{\"@id\":\"https:\/\/noti-america.com\/site\/mexico\/#website\"},\"primaryImageOfPage\":{\"@id\":\"https:\/\/noti-america.com\/site\/mexico\/2019\/10\/03\/exitos-en-el-tiempo-con-jose-manuel-estevanot-octubre-3\/#primaryimage\"},\"image\":{\"@id\":\"https:\/\/noti-america.com\/site\/mexico\/2019\/10\/03\/exitos-en-el-tiempo-con-jose-manuel-estevanot-octubre-3\/#primaryimage\"},\"thumbnailUrl\":\"https:\/\/noti-america.com\/site\/mexico\/wp-content\/uploads\/sites\/13\/2019\/09\/IMG_20190904_094144_267.jpg\",\"datePublished\":\"2019-10-03T04:44:06+00:00\",\"breadcrumb\":{\"@id\":\"https:\/\/noti-america.com\/site\/mexico\/2019\/10\/03\/exitos-en-el-tiempo-con-jose-manuel-estevanot-octubre-3\/#breadcrumb\"},\"inLanguage\":\"es\",\"potentialAction\":[{\"@type\":\"ReadAction\",\"target\":[\"https:\/\/noti-america.com\/site\/mexico\/2019\/10\/03\/exitos-en-el-tiempo-con-jose-manuel-estevanot-octubre-3\/\"]}]},{\"@type\":\"ImageObject\",\"inLanguage\":\"es\",\"@id\":\"https:\/\/noti-america.com\/site\/mexico\/2019\/10\/03\/exitos-en-el-tiempo-con-jose-manuel-estevanot-octubre-3\/#primaryimage\",\"url\":\"https:\/\/noti-america.com\/site\/mexico\/wp-content\/uploads\/sites\/13\/2019\/09\/IMG_20190904_094144_267.jpg\",\"contentUrl\":\"https:\/\/noti-america.com\/site\/mexico\/wp-content\/uploads\/sites\/13\/2019\/09\/IMG_20190904_094144_267.jpg\",\"width\":2304,\"height\":2304},{\"@type\":\"BreadcrumbList\",\"@id\":\"https:\/\/noti-america.com\/site\/mexico\/2019\/10\/03\/exitos-en-el-tiempo-con-jose-manuel-estevanot-octubre-3\/#breadcrumb\",\"itemListElement\":[{\"@type\":\"ListItem\",\"position\":1,\"name\":\"Portada\",\"item\":\"https:\/\/noti-america.com\/site\/mexico\/\"},{\"@type\":\"ListItem\",\"position\":2,\"name\":\"Exitos en el Tiempo con Jos\u00e9 Manuel Estevanot &#8211; Octubre 3\"}]},{\"@type\":\"WebSite\",\"@id\":\"https:\/\/noti-america.com\/site\/mexico\/#website\",\"url\":\"https:\/\/noti-america.com\/site\/mexico\/\",\"name\":\"M\u00e9xico | Noti-America.com\",\"description\":\"\",\"publisher\":{\"@id\":\"https:\/\/noti-america.com\/site\/mexico\/#organization\"},\"potentialAction\":[{\"@type\":\"SearchAction\",\"target\":{\"@type\":\"EntryPoint\",\"urlTemplate\":\"https:\/\/noti-america.com\/site\/mexico\/?s={search_term_string}\"},\"query-input\":{\"@type\":\"PropertyValueSpecification\",\"valueRequired\":true,\"valueName\":\"search_term_string\"}}],\"inLanguage\":\"es\"},{\"@type\":\"Organization\",\"@id\":\"https:\/\/noti-america.com\/site\/mexico\/#organization\",\"name\":\"Noti-America LLC | M\u00e9xico\",\"url\":\"https:\/\/noti-america.com\/site\/mexico\/\",\"logo\":{\"@type\":\"ImageObject\",\"inLanguage\":\"es\",\"@id\":\"https:\/\/noti-america.com\/site\/mexico\/#\/schema\/logo\/image\/\",\"url\":\"https:\/\/noti-america.com\/site\/mexico\/wp-content\/uploads\/sites\/13\/2020\/07\/LogoNA-4x3-1.jpg\",\"contentUrl\":\"https:\/\/noti-america.com\/site\/mexico\/wp-content\/uploads\/sites\/13\/2020\/07\/LogoNA-4x3-1.jpg\",\"width\":1236,\"height\":1080,\"caption\":\"Noti-America LLC | M\u00e9xico\"},\"image\":{\"@id\":\"https:\/\/noti-america.com\/site\/mexico\/#\/schema\/logo\/image\/\"}},{\"@type\":\"Person\",\"@id\":\"https:\/\/noti-america.com\/site\/mexico\/#\/schema\/person\/116dfa1d5f58a6410bc589e7e2e4028c\",\"name\":\"Jos\u00e9 Manuel Estevanot\",\"image\":{\"@type\":\"ImageObject\",\"inLanguage\":\"es\",\"@id\":\"https:\/\/secure.gravatar.com\/avatar\/ded57725a28e7e6babccb982bd748d931b24c97df39c4d9513b7745f918a0c87?s=96&d=mm&r=g\",\"url\":\"https:\/\/secure.gravatar.com\/avatar\/ded57725a28e7e6babccb982bd748d931b24c97df39c4d9513b7745f918a0c87?s=96&d=mm&r=g\",\"contentUrl\":\"https:\/\/secure.gravatar.com\/avatar\/ded57725a28e7e6babccb982bd748d931b24c97df39c4d9513b7745f918a0c87?s=96&d=mm&r=g\",\"caption\":\"Jos\u00e9 Manuel Estevanot\"},\"url\":\"https:\/\/noti-america.com\/site\/mexico\/author\/jmestevanot\/\"}]}<\/script>\n<!-- \/ Yoast SEO Premium plugin. -->","yoast_head_json":{"title":"Exitos en el Tiempo con Jos\u00e9 Manuel Estevanot - Octubre 3 - M\u00e9xico","robots":{"index":"index","follow":"follow","max-snippet":"max-snippet:-1","max-image-preview":"max-image-preview:large","max-video-preview":"max-video-preview:-1"},"canonical":"https:\/\/noti-america.com\/site\/mexico\/2019\/10\/03\/exitos-en-el-tiempo-con-jose-manuel-estevanot-octubre-3\/","og_locale":"es_ES","og_type":"article","og_title":"Exitos en el Tiempo con Jos\u00e9 Manuel Estevanot - Octubre 3","og_description":"&nbsp; Fuente:\u00a0 @Exitosnlt\u00a0 Jos\u00e9 Manuel Estevanot &nbsp; Feliz\u00a0 d\u00eda amigos de la m\u00fasica, como\u00a0 siempre aqu\u00ed les dejo un listado con los principales hechos ocurridos en el mundo de la m\u00fasica un d\u00eda como&#46;&#46;&#46;","og_url":"https:\/\/noti-america.com\/site\/mexico\/2019\/10\/03\/exitos-en-el-tiempo-con-jose-manuel-estevanot-octubre-3\/","og_site_name":"M\u00e9xico","article_published_time":"2019-10-03T04:44:06+00:00","og_image":[{"width":2304,"height":2304,"url":"https:\/\/noti-america.com\/site\/mexico\/wp-content\/uploads\/sites\/13\/2019\/09\/IMG_20190904_094144_267.jpg","type":"image\/jpeg"}],"author":"Jos\u00e9 Manuel Estevanot","twitter_card":"summary_large_image","twitter_misc":{"Escrito por":"Jos\u00e9 Manuel Estevanot","Tiempo estimado de lectura":"6 minutos"},"schema":{"@context":"https:\/\/schema.org","@graph":[{"@type":"Article","@id":"https:\/\/noti-america.com\/site\/mexico\/2019\/10\/03\/exitos-en-el-tiempo-con-jose-manuel-estevanot-octubre-3\/#article","isPartOf":{"@id":"https:\/\/noti-america.com\/site\/mexico\/2019\/10\/03\/exitos-en-el-tiempo-con-jose-manuel-estevanot-octubre-3\/"},"author":{"name":"Jos\u00e9 Manuel Estevanot","@id":"https:\/\/noti-america.com\/site\/mexico\/#\/schema\/person\/116dfa1d5f58a6410bc589e7e2e4028c"},"headline":"Exitos en el Tiempo con Jos\u00e9 Manuel Estevanot &#8211; Octubre 3","datePublished":"2019-10-03T04:44:06+00:00","mainEntityOfPage":{"@id":"https:\/\/noti-america.com\/site\/mexico\/2019\/10\/03\/exitos-en-el-tiempo-con-jose-manuel-estevanot-octubre-3\/"},"wordCount":1264,"commentCount":0,"publisher":{"@id":"https:\/\/noti-america.com\/site\/mexico\/#organization"},"image":{"@id":"https:\/\/noti-america.com\/site\/mexico\/2019\/10\/03\/exitos-en-el-tiempo-con-jose-manuel-estevanot-octubre-3\/#primaryimage"},"thumbnailUrl":"https:\/\/noti-america.com\/site\/mexico\/wp-content\/uploads\/sites\/13\/2019\/09\/IMG_20190904_094144_267.jpg","keywords":["Exitos en el Tiempo con Jos\u00e9 Manuel Estevanot - Octubre 3"],"articleSection":["M\u00fasica","Noticias"],"inLanguage":"es","potentialAction":[{"@type":"CommentAction","name":"Comment","target":["https:\/\/noti-america.com\/site\/mexico\/2019\/10\/03\/exitos-en-el-tiempo-con-jose-manuel-estevanot-octubre-3\/#respond"]}]},{"@type":"WebPage","@id":"https:\/\/noti-america.com\/site\/mexico\/2019\/10\/03\/exitos-en-el-tiempo-con-jose-manuel-estevanot-octubre-3\/","url":"https:\/\/noti-america.com\/site\/mexico\/2019\/10\/03\/exitos-en-el-tiempo-con-jose-manuel-estevanot-octubre-3\/","name":"Exitos en el Tiempo con Jos\u00e9 Manuel Estevanot - Octubre 3 - M\u00e9xico","isPartOf":{"@id":"https:\/\/noti-america.com\/site\/mexico\/#website"},"primaryImageOfPage":{"@id":"https:\/\/noti-america.com\/site\/mexico\/2019\/10\/03\/exitos-en-el-tiempo-con-jose-manuel-estevanot-octubre-3\/#primaryimage"},"image":{"@id":"https:\/\/noti-america.com\/site\/mexico\/2019\/10\/03\/exitos-en-el-tiempo-con-jose-manuel-estevanot-octubre-3\/#primaryimage"},"thumbnailUrl":"https:\/\/noti-america.com\/site\/mexico\/wp-content\/uploads\/sites\/13\/2019\/09\/IMG_20190904_094144_267.jpg","datePublished":"2019-10-03T04:44:06+00:00","breadcrumb":{"@id":"https:\/\/noti-america.com\/site\/mexico\/2019\/10\/03\/exitos-en-el-tiempo-con-jose-manuel-estevanot-octubre-3\/#breadcrumb"},"inLanguage":"es","potentialAction":[{"@type":"ReadAction","target":["https:\/\/noti-america.com\/site\/mexico\/2019\/10\/03\/exitos-en-el-tiempo-con-jose-manuel-estevanot-octubre-3\/"]}]},{"@type":"ImageObject","inLanguage":"es","@id":"https:\/\/noti-america.com\/site\/mexico\/2019\/10\/03\/exitos-en-el-tiempo-con-jose-manuel-estevanot-octubre-3\/#primaryimage","url":"https:\/\/noti-america.com\/site\/mexico\/wp-content\/uploads\/sites\/13\/2019\/09\/IMG_20190904_094144_267.jpg","contentUrl":"https:\/\/noti-america.com\/site\/mexico\/wp-content\/uploads\/sites\/13\/2019\/09\/IMG_20190904_094144_267.jpg","width":2304,"height":2304},{"@type":"BreadcrumbList","@id":"https:\/\/noti-america.com\/site\/mexico\/2019\/10\/03\/exitos-en-el-tiempo-con-jose-manuel-estevanot-octubre-3\/#breadcrumb","itemListElement":[{"@type":"ListItem","position":1,"name":"Portada","item":"https:\/\/noti-america.com\/site\/mexico\/"},{"@type":"ListItem","position":2,"name":"Exitos en el Tiempo con Jos\u00e9 Manuel Estevanot &#8211; Octubre 3"}]},{"@type":"WebSite","@id":"https:\/\/noti-america.com\/site\/mexico\/#website","url":"https:\/\/noti-america.com\/site\/mexico\/","name":"M\u00e9xico | Noti-America.com","description":"","publisher":{"@id":"https:\/\/noti-america.com\/site\/mexico\/#organization"},"potentialAction":[{"@type":"SearchAction","target":{"@type":"EntryPoint","urlTemplate":"https:\/\/noti-america.com\/site\/mexico\/?s={search_term_string}"},"query-input":{"@type":"PropertyValueSpecification","valueRequired":true,"valueName":"search_term_string"}}],"inLanguage":"es"},{"@type":"Organization","@id":"https:\/\/noti-america.com\/site\/mexico\/#organization","name":"Noti-America LLC | M\u00e9xico","url":"https:\/\/noti-america.com\/site\/mexico\/","logo":{"@type":"ImageObject","inLanguage":"es","@id":"https:\/\/noti-america.com\/site\/mexico\/#\/schema\/logo\/image\/","url":"https:\/\/noti-america.com\/site\/mexico\/wp-content\/uploads\/sites\/13\/2020\/07\/LogoNA-4x3-1.jpg","contentUrl":"https:\/\/noti-america.com\/site\/mexico\/wp-content\/uploads\/sites\/13\/2020\/07\/LogoNA-4x3-1.jpg","width":1236,"height":1080,"caption":"Noti-America LLC | M\u00e9xico"},"image":{"@id":"https:\/\/noti-america.com\/site\/mexico\/#\/schema\/logo\/image\/"}},{"@type":"Person","@id":"https:\/\/noti-america.com\/site\/mexico\/#\/schema\/person\/116dfa1d5f58a6410bc589e7e2e4028c","name":"Jos\u00e9 Manuel Estevanot","image":{"@type":"ImageObject","inLanguage":"es","@id":"https:\/\/secure.gravatar.com\/avatar\/ded57725a28e7e6babccb982bd748d931b24c97df39c4d9513b7745f918a0c87?s=96&d=mm&r=g","url":"https:\/\/secure.gravatar.com\/avatar\/ded57725a28e7e6babccb982bd748d931b24c97df39c4d9513b7745f918a0c87?s=96&d=mm&r=g","contentUrl":"https:\/\/secure.gravatar.com\/avatar\/ded57725a28e7e6babccb982bd748d931b24c97df39c4d9513b7745f918a0c87?s=96&d=mm&r=g","caption":"Jos\u00e9 Manuel Estevanot"},"url":"https:\/\/noti-america.com\/site\/mexico\/author\/jmestevanot\/"}]}},"_links":{"self":[{"href":"https:\/\/noti-america.com\/site\/mexico\/wp-json\/wp\/v2\/posts\/4645","targetHints":{"allow":["GET"]}}],"collection":[{"href":"https:\/\/noti-america.com\/site\/mexico\/wp-json\/wp\/v2\/posts"}],"about":[{"href":"https:\/\/noti-america.com\/site\/mexico\/wp-json\/wp\/v2\/types\/post"}],"author":[{"embeddable":true,"href":"https:\/\/noti-america.com\/site\/mexico\/wp-json\/wp\/v2\/users\/39"}],"replies":[{"embeddable":true,"href":"https:\/\/noti-america.com\/site\/mexico\/wp-json\/wp\/v2\/comments?post=4645"}],"version-history":[{"count":1,"href":"https:\/\/noti-america.com\/site\/mexico\/wp-json\/wp\/v2\/posts\/4645\/revisions"}],"predecessor-version":[{"id":4656,"href":"https:\/\/noti-america.com\/site\/mexico\/wp-json\/wp\/v2\/posts\/4645\/revisions\/4656"}],"wp:featuredmedia":[{"embeddable":true,"href":"https:\/\/noti-america.com\/site\/mexico\/wp-json\/wp\/v2\/media\/4375"}],"wp:attachment":[{"href":"https:\/\/noti-america.com\/site\/mexico\/wp-json\/wp\/v2\/media?parent=4645"}],"wp:term":[{"taxonomy":"category","embeddable":true,"href":"https:\/\/noti-america.com\/site\/mexico\/wp-json\/wp\/v2\/categories?post=4645"},{"taxonomy":"post_tag","embeddable":true,"href":"https:\/\/noti-america.com\/site\/mexico\/wp-json\/wp\/v2\/tags?post=4645"}],"curies":[{"name":"wp","href":"https:\/\/api.w.org\/{rel}","templated":true}]}}