{"id":4542,"date":"2019-09-27T14:48:28","date_gmt":"2019-09-27T14:48:28","guid":{"rendered":"http:\/\/noti-america.com\/site\/mexico\/?p=4542"},"modified":"2019-09-27T14:48:28","modified_gmt":"2019-09-27T14:48:28","slug":"estudiantes-vestidos-de-blanco-presa-facil-para-la-delincuencia","status":"publish","type":"post","link":"https:\/\/noti-america.com\/site\/mexico\/2019\/09\/27\/estudiantes-vestidos-de-blanco-presa-facil-para-la-delincuencia\/","title":{"rendered":"Estudiantes vestidos de blanco, presa f\u00e1cil para la delincuencia"},"content":{"rendered":"<p><img loading=\"lazy\" decoding=\"async\" class=\"alignnone  wp-image-4543 aligncenter\" src=\"http:\/\/noti-america.com\/site\/mexico\/wp-content\/uploads\/sites\/13\/2019\/09\/desccarga-8.jpg\" alt=\"\" width=\"410\" height=\"246\" \/><\/p>\n<h4>Fuente:\u00a0 Araceli Nicol\u00e1s<\/h4>\n<p>&nbsp;<\/p>\n<p dir=\"ltr\">No importa si estudian en una facultad p\u00fablica o una universidad privada,\u00a0<strong>estudiantes de medicina son presa f\u00e1cil para los amantes de lo ajeno<\/strong>.<\/p>\n<p dir=\"ltr\">Estudiantes de odontolog\u00eda de la Unitec denuncian ser\u00a0<strong>v\u00edctimas de la delincuencia<\/strong>, aseguran que son presa f\u00e1cil de identificar por la\u00a0<strong>vestimenta blanca.<\/strong><\/p>\n<p dir=\"ltr\">Los despojan, dicen, de materiales de uso especializado para la carrera de odontolog\u00eda, una alumna asegura que si bien los ladrones\u00a0<strong>no conocen el material<\/strong>\u00a0que les roban,\u00a0<strong>s\u00ed saben que es muy f\u00e1cil de vender.<\/strong><\/p>\n<p dir=\"ltr\"><em><strong>A un amigo lo asaltaron y lo acuchillaron, iba a su casa, sali\u00f3 a las ocho de la noche pero lo agarraron, lo que nos sorprende es que ni siquiera se resisti\u00f3, pero a\u00fan as\u00ed lo lastimaron&#8230;\u00bb<\/strong><\/em><\/p>\n<p dir=\"ltr\">Ante este panorama, instituciones tratan de garantizar la seguridad de los j\u00f3venes. Una de las estrategias:\u00a0<strong>hacerlos menos visibles.<\/strong><\/p>\n<p dir=\"ltr\">La Facultad de Estudios Superiores Iztacala (FES Iztacala)\u00a0<strong>elimin\u00f3 el uniforme blanco<\/strong>, otras instituciones implementan rutas de transporte seguro.<\/p>\n<p dir=\"ltr\"><em><strong>El objetivo del programa Sendero Seguro, es brindarle a la comunicada polit\u00e9cnica, en particular a nuestro j\u00f3venes estudiantes, un acompa\u00f1amiento durante el transcurso que hacen de la llegada a alg\u00fan metro en particular a su unidad acad\u00e9mica y viceversa, afirma\u00a0<u>Eduardo Antonio Vanegas, coordinador de Asistencia T\u00e9cnica, IPN.<\/u><\/strong><\/em><\/p>\n<p dir=\"ltr\">La Facultad de Estudios Superiores Arag\u00f3n\u00a0(FES Arag\u00f3n)\u00a0ha sumado \u00a0el programa bah\u00eda vehicular, sin embargo, algunos estudiantes consideran que es insuficiente<\/p>\n<ul>\n<li>Ninguna de las instituciones de las que estos j\u00f3venes son alumnos, tiene registro de\u00a0<strong>cu\u00e1ntos han sido asaltado<\/strong>s debido a que\u00a0<strong>estos delitos no se cometen dentro de los planteles.<\/strong><\/li>\n<\/ul>\n","protected":false},"excerpt":{"rendered":"<p>Fuente:\u00a0 Araceli Nicol\u00e1s &nbsp; No importa si estudian en una facultad p\u00fablica o una universidad privada,\u00a0estudiantes de medicina son presa f\u00e1cil para los amantes de lo ajeno. Estudiantes de odontolog\u00eda de la Unitec denuncian&#46;&#46;&#46;<\/p>\n","protected":false},"author":39,"featured_media":4544,"comment_status":"open","ping_status":"open","sticky":false,"template":"","format":"standard","meta":{"_acf_changed":false,"om_disable_all_campaigns":false,"rop_custom_images_group":[],"rop_custom_messages_group":[],"rop_publish_now":"initial","rop_publish_now_accounts":{"twitter_242054905_242054905":""},"rop_publish_now_history":[],"rop_publish_now_status":"pending","_uf_show_specific_survey":0,"_uf_disable_surveys":false,"footnotes":""},"categories":[337],"tags":[603,604],"class_list":["post-4542","post","type-post","status-publish","format-standard","has-post-thumbnail","hentry","category-noticias","tag-estudiantes-vestidos-de-blanco","tag-presa-facil-para-la-delincuencia"],"acf":[],"aioseo_notices":[],"yoast_head":"<!-- This site is optimized with the Yoast SEO Premium plugin v24.9 (Yoast SEO v27.2) - https:\/\/yoast.com\/product\/yoast-seo-premium-wordpress\/ -->\n<title>Estudiantes vestidos de blanco, presa f\u00e1cil para la delincuencia - M\u00e9xico<\/title>\n<meta name=\"robots\" content=\"index, follow, max-snippet:-1, max-image-preview:large, max-video-preview:-1\" \/>\n<link rel=\"canonical\" href=\"https:\/\/noti-america.com\/site\/mexico\/2019\/09\/27\/estudiantes-vestidos-de-blanco-presa-facil-para-la-delincuencia\/\" \/>\n<meta property=\"og:locale\" content=\"es_ES\" \/>\n<meta property=\"og:type\" content=\"article\" \/>\n<meta property=\"og:title\" content=\"Estudiantes vestidos de blanco, presa f\u00e1cil para la delincuencia\" \/>\n<meta property=\"og:description\" content=\"Fuente:\u00a0 Araceli Nicol\u00e1s &nbsp; No importa si estudian en una facultad p\u00fablica o una universidad privada,\u00a0estudiantes de medicina son presa f\u00e1cil para los amantes de lo ajeno. Estudiantes de odontolog\u00eda de la Unitec denuncian&#046;&#046;&#046;\" \/>\n<meta property=\"og:url\" content=\"https:\/\/noti-america.com\/site\/mexico\/2019\/09\/27\/estudiantes-vestidos-de-blanco-presa-facil-para-la-delincuencia\/\" \/>\n<meta property=\"og:site_name\" content=\"M\u00e9xico\" \/>\n<meta property=\"article:published_time\" content=\"2019-09-27T14:48:28+00:00\" \/>\n<meta property=\"og:image\" content=\"https:\/\/noti-america.com\/site\/mexico\/wp-content\/uploads\/sites\/13\/2019\/09\/desccarga-9.jpg\" \/>\n\t<meta property=\"og:image:width\" content=\"200\" \/>\n\t<meta property=\"og:image:height\" content=\"200\" \/>\n\t<meta property=\"og:image:type\" content=\"image\/jpeg\" \/>\n<meta name=\"author\" content=\"Jos\u00e9 Manuel Estevanot\" \/>\n<meta name=\"twitter:card\" content=\"summary_large_image\" \/>\n<meta name=\"twitter:label1\" content=\"Escrito por\" \/>\n\t<meta name=\"twitter:data1\" content=\"Jos\u00e9 Manuel Estevanot\" \/>\n\t<meta name=\"twitter:label2\" content=\"Tiempo estimado de lectura\" \/>\n\t<meta name=\"twitter:data2\" content=\"1 minuto\" \/>\n<script type=\"application\/ld+json\" class=\"yoast-schema-graph\">{\"@context\":\"https:\/\/schema.org\",\"@graph\":[{\"@type\":\"Article\",\"@id\":\"https:\/\/noti-america.com\/site\/mexico\/2019\/09\/27\/estudiantes-vestidos-de-blanco-presa-facil-para-la-delincuencia\/#article\",\"isPartOf\":{\"@id\":\"https:\/\/noti-america.com\/site\/mexico\/2019\/09\/27\/estudiantes-vestidos-de-blanco-presa-facil-para-la-delincuencia\/\"},\"author\":{\"name\":\"Jos\u00e9 Manuel Estevanot\",\"@id\":\"https:\/\/noti-america.com\/site\/mexico\/#\/schema\/person\/116dfa1d5f58a6410bc589e7e2e4028c\"},\"headline\":\"Estudiantes vestidos de blanco, presa f\u00e1cil para la delincuencia\",\"datePublished\":\"2019-09-27T14:48:28+00:00\",\"mainEntityOfPage\":{\"@id\":\"https:\/\/noti-america.com\/site\/mexico\/2019\/09\/27\/estudiantes-vestidos-de-blanco-presa-facil-para-la-delincuencia\/\"},\"wordCount\":293,\"commentCount\":0,\"publisher\":{\"@id\":\"https:\/\/noti-america.com\/site\/mexico\/#organization\"},\"image\":{\"@id\":\"https:\/\/noti-america.com\/site\/mexico\/2019\/09\/27\/estudiantes-vestidos-de-blanco-presa-facil-para-la-delincuencia\/#primaryimage\"},\"thumbnailUrl\":\"https:\/\/noti-america.com\/site\/mexico\/wp-content\/uploads\/sites\/13\/2019\/09\/desccarga-9.jpg\",\"keywords\":[\"Estudiantes vestidos de blanco\",\"presa f\u00e1cil para la delincuencia\"],\"articleSection\":[\"Noticias\"],\"inLanguage\":\"es\",\"potentialAction\":[{\"@type\":\"CommentAction\",\"name\":\"Comment\",\"target\":[\"https:\/\/noti-america.com\/site\/mexico\/2019\/09\/27\/estudiantes-vestidos-de-blanco-presa-facil-para-la-delincuencia\/#respond\"]}]},{\"@type\":\"WebPage\",\"@id\":\"https:\/\/noti-america.com\/site\/mexico\/2019\/09\/27\/estudiantes-vestidos-de-blanco-presa-facil-para-la-delincuencia\/\",\"url\":\"https:\/\/noti-america.com\/site\/mexico\/2019\/09\/27\/estudiantes-vestidos-de-blanco-presa-facil-para-la-delincuencia\/\",\"name\":\"Estudiantes vestidos de blanco, presa f\u00e1cil para la delincuencia - M\u00e9xico\",\"isPartOf\":{\"@id\":\"https:\/\/noti-america.com\/site\/mexico\/#website\"},\"primaryImageOfPage\":{\"@id\":\"https:\/\/noti-america.com\/site\/mexico\/2019\/09\/27\/estudiantes-vestidos-de-blanco-presa-facil-para-la-delincuencia\/#primaryimage\"},\"image\":{\"@id\":\"https:\/\/noti-america.com\/site\/mexico\/2019\/09\/27\/estudiantes-vestidos-de-blanco-presa-facil-para-la-delincuencia\/#primaryimage\"},\"thumbnailUrl\":\"https:\/\/noti-america.com\/site\/mexico\/wp-content\/uploads\/sites\/13\/2019\/09\/desccarga-9.jpg\",\"datePublished\":\"2019-09-27T14:48:28+00:00\",\"breadcrumb\":{\"@id\":\"https:\/\/noti-america.com\/site\/mexico\/2019\/09\/27\/estudiantes-vestidos-de-blanco-presa-facil-para-la-delincuencia\/#breadcrumb\"},\"inLanguage\":\"es\",\"potentialAction\":[{\"@type\":\"ReadAction\",\"target\":[\"https:\/\/noti-america.com\/site\/mexico\/2019\/09\/27\/estudiantes-vestidos-de-blanco-presa-facil-para-la-delincuencia\/\"]}]},{\"@type\":\"ImageObject\",\"inLanguage\":\"es\",\"@id\":\"https:\/\/noti-america.com\/site\/mexico\/2019\/09\/27\/estudiantes-vestidos-de-blanco-presa-facil-para-la-delincuencia\/#primaryimage\",\"url\":\"https:\/\/noti-america.com\/site\/mexico\/wp-content\/uploads\/sites\/13\/2019\/09\/desccarga-9.jpg\",\"contentUrl\":\"https:\/\/noti-america.com\/site\/mexico\/wp-content\/uploads\/sites\/13\/2019\/09\/desccarga-9.jpg\",\"width\":200,\"height\":200},{\"@type\":\"BreadcrumbList\",\"@id\":\"https:\/\/noti-america.com\/site\/mexico\/2019\/09\/27\/estudiantes-vestidos-de-blanco-presa-facil-para-la-delincuencia\/#breadcrumb\",\"itemListElement\":[{\"@type\":\"ListItem\",\"position\":1,\"name\":\"Portada\",\"item\":\"https:\/\/noti-america.com\/site\/mexico\/\"},{\"@type\":\"ListItem\",\"position\":2,\"name\":\"Estudiantes vestidos de blanco, presa f\u00e1cil para la delincuencia\"}]},{\"@type\":\"WebSite\",\"@id\":\"https:\/\/noti-america.com\/site\/mexico\/#website\",\"url\":\"https:\/\/noti-america.com\/site\/mexico\/\",\"name\":\"M\u00e9xico | Noti-America.com\",\"description\":\"\",\"publisher\":{\"@id\":\"https:\/\/noti-america.com\/site\/mexico\/#organization\"},\"potentialAction\":[{\"@type\":\"SearchAction\",\"target\":{\"@type\":\"EntryPoint\",\"urlTemplate\":\"https:\/\/noti-america.com\/site\/mexico\/?s={search_term_string}\"},\"query-input\":{\"@type\":\"PropertyValueSpecification\",\"valueRequired\":true,\"valueName\":\"search_term_string\"}}],\"inLanguage\":\"es\"},{\"@type\":\"Organization\",\"@id\":\"https:\/\/noti-america.com\/site\/mexico\/#organization\",\"name\":\"Noti-America LLC | M\u00e9xico\",\"url\":\"https:\/\/noti-america.com\/site\/mexico\/\",\"logo\":{\"@type\":\"ImageObject\",\"inLanguage\":\"es\",\"@id\":\"https:\/\/noti-america.com\/site\/mexico\/#\/schema\/logo\/image\/\",\"url\":\"https:\/\/noti-america.com\/site\/mexico\/wp-content\/uploads\/sites\/13\/2020\/07\/LogoNA-4x3-1.jpg\",\"contentUrl\":\"https:\/\/noti-america.com\/site\/mexico\/wp-content\/uploads\/sites\/13\/2020\/07\/LogoNA-4x3-1.jpg\",\"width\":1236,\"height\":1080,\"caption\":\"Noti-America LLC | M\u00e9xico\"},\"image\":{\"@id\":\"https:\/\/noti-america.com\/site\/mexico\/#\/schema\/logo\/image\/\"}},{\"@type\":\"Person\",\"@id\":\"https:\/\/noti-america.com\/site\/mexico\/#\/schema\/person\/116dfa1d5f58a6410bc589e7e2e4028c\",\"name\":\"Jos\u00e9 Manuel Estevanot\",\"image\":{\"@type\":\"ImageObject\",\"inLanguage\":\"es\",\"@id\":\"https:\/\/secure.gravatar.com\/avatar\/ded57725a28e7e6babccb982bd748d931b24c97df39c4d9513b7745f918a0c87?s=96&d=mm&r=g\",\"url\":\"https:\/\/secure.gravatar.com\/avatar\/ded57725a28e7e6babccb982bd748d931b24c97df39c4d9513b7745f918a0c87?s=96&d=mm&r=g\",\"contentUrl\":\"https:\/\/secure.gravatar.com\/avatar\/ded57725a28e7e6babccb982bd748d931b24c97df39c4d9513b7745f918a0c87?s=96&d=mm&r=g\",\"caption\":\"Jos\u00e9 Manuel Estevanot\"},\"url\":\"https:\/\/noti-america.com\/site\/mexico\/author\/jmestevanot\/\"}]}<\/script>\n<!-- \/ Yoast SEO Premium plugin. -->","yoast_head_json":{"title":"Estudiantes vestidos de blanco, presa f\u00e1cil para la delincuencia - M\u00e9xico","robots":{"index":"index","follow":"follow","max-snippet":"max-snippet:-1","max-image-preview":"max-image-preview:large","max-video-preview":"max-video-preview:-1"},"canonical":"https:\/\/noti-america.com\/site\/mexico\/2019\/09\/27\/estudiantes-vestidos-de-blanco-presa-facil-para-la-delincuencia\/","og_locale":"es_ES","og_type":"article","og_title":"Estudiantes vestidos de blanco, presa f\u00e1cil para la delincuencia","og_description":"Fuente:\u00a0 Araceli Nicol\u00e1s &nbsp; No importa si estudian en una facultad p\u00fablica o una universidad privada,\u00a0estudiantes de medicina son presa f\u00e1cil para los amantes de lo ajeno. Estudiantes de odontolog\u00eda de la Unitec denuncian&#46;&#46;&#46;","og_url":"https:\/\/noti-america.com\/site\/mexico\/2019\/09\/27\/estudiantes-vestidos-de-blanco-presa-facil-para-la-delincuencia\/","og_site_name":"M\u00e9xico","article_published_time":"2019-09-27T14:48:28+00:00","og_image":[{"width":200,"height":200,"url":"https:\/\/noti-america.com\/site\/mexico\/wp-content\/uploads\/sites\/13\/2019\/09\/desccarga-9.jpg","type":"image\/jpeg"}],"author":"Jos\u00e9 Manuel Estevanot","twitter_card":"summary_large_image","twitter_misc":{"Escrito por":"Jos\u00e9 Manuel Estevanot","Tiempo estimado de lectura":"1 minuto"},"schema":{"@context":"https:\/\/schema.org","@graph":[{"@type":"Article","@id":"https:\/\/noti-america.com\/site\/mexico\/2019\/09\/27\/estudiantes-vestidos-de-blanco-presa-facil-para-la-delincuencia\/#article","isPartOf":{"@id":"https:\/\/noti-america.com\/site\/mexico\/2019\/09\/27\/estudiantes-vestidos-de-blanco-presa-facil-para-la-delincuencia\/"},"author":{"name":"Jos\u00e9 Manuel Estevanot","@id":"https:\/\/noti-america.com\/site\/mexico\/#\/schema\/person\/116dfa1d5f58a6410bc589e7e2e4028c"},"headline":"Estudiantes vestidos de blanco, presa f\u00e1cil para la delincuencia","datePublished":"2019-09-27T14:48:28+00:00","mainEntityOfPage":{"@id":"https:\/\/noti-america.com\/site\/mexico\/2019\/09\/27\/estudiantes-vestidos-de-blanco-presa-facil-para-la-delincuencia\/"},"wordCount":293,"commentCount":0,"publisher":{"@id":"https:\/\/noti-america.com\/site\/mexico\/#organization"},"image":{"@id":"https:\/\/noti-america.com\/site\/mexico\/2019\/09\/27\/estudiantes-vestidos-de-blanco-presa-facil-para-la-delincuencia\/#primaryimage"},"thumbnailUrl":"https:\/\/noti-america.com\/site\/mexico\/wp-content\/uploads\/sites\/13\/2019\/09\/desccarga-9.jpg","keywords":["Estudiantes vestidos de blanco","presa f\u00e1cil para la delincuencia"],"articleSection":["Noticias"],"inLanguage":"es","potentialAction":[{"@type":"CommentAction","name":"Comment","target":["https:\/\/noti-america.com\/site\/mexico\/2019\/09\/27\/estudiantes-vestidos-de-blanco-presa-facil-para-la-delincuencia\/#respond"]}]},{"@type":"WebPage","@id":"https:\/\/noti-america.com\/site\/mexico\/2019\/09\/27\/estudiantes-vestidos-de-blanco-presa-facil-para-la-delincuencia\/","url":"https:\/\/noti-america.com\/site\/mexico\/2019\/09\/27\/estudiantes-vestidos-de-blanco-presa-facil-para-la-delincuencia\/","name":"Estudiantes vestidos de blanco, presa f\u00e1cil para la delincuencia - M\u00e9xico","isPartOf":{"@id":"https:\/\/noti-america.com\/site\/mexico\/#website"},"primaryImageOfPage":{"@id":"https:\/\/noti-america.com\/site\/mexico\/2019\/09\/27\/estudiantes-vestidos-de-blanco-presa-facil-para-la-delincuencia\/#primaryimage"},"image":{"@id":"https:\/\/noti-america.com\/site\/mexico\/2019\/09\/27\/estudiantes-vestidos-de-blanco-presa-facil-para-la-delincuencia\/#primaryimage"},"thumbnailUrl":"https:\/\/noti-america.com\/site\/mexico\/wp-content\/uploads\/sites\/13\/2019\/09\/desccarga-9.jpg","datePublished":"2019-09-27T14:48:28+00:00","breadcrumb":{"@id":"https:\/\/noti-america.com\/site\/mexico\/2019\/09\/27\/estudiantes-vestidos-de-blanco-presa-facil-para-la-delincuencia\/#breadcrumb"},"inLanguage":"es","potentialAction":[{"@type":"ReadAction","target":["https:\/\/noti-america.com\/site\/mexico\/2019\/09\/27\/estudiantes-vestidos-de-blanco-presa-facil-para-la-delincuencia\/"]}]},{"@type":"ImageObject","inLanguage":"es","@id":"https:\/\/noti-america.com\/site\/mexico\/2019\/09\/27\/estudiantes-vestidos-de-blanco-presa-facil-para-la-delincuencia\/#primaryimage","url":"https:\/\/noti-america.com\/site\/mexico\/wp-content\/uploads\/sites\/13\/2019\/09\/desccarga-9.jpg","contentUrl":"https:\/\/noti-america.com\/site\/mexico\/wp-content\/uploads\/sites\/13\/2019\/09\/desccarga-9.jpg","width":200,"height":200},{"@type":"BreadcrumbList","@id":"https:\/\/noti-america.com\/site\/mexico\/2019\/09\/27\/estudiantes-vestidos-de-blanco-presa-facil-para-la-delincuencia\/#breadcrumb","itemListElement":[{"@type":"ListItem","position":1,"name":"Portada","item":"https:\/\/noti-america.com\/site\/mexico\/"},{"@type":"ListItem","position":2,"name":"Estudiantes vestidos de blanco, presa f\u00e1cil para la delincuencia"}]},{"@type":"WebSite","@id":"https:\/\/noti-america.com\/site\/mexico\/#website","url":"https:\/\/noti-america.com\/site\/mexico\/","name":"M\u00e9xico | Noti-America.com","description":"","publisher":{"@id":"https:\/\/noti-america.com\/site\/mexico\/#organization"},"potentialAction":[{"@type":"SearchAction","target":{"@type":"EntryPoint","urlTemplate":"https:\/\/noti-america.com\/site\/mexico\/?s={search_term_string}"},"query-input":{"@type":"PropertyValueSpecification","valueRequired":true,"valueName":"search_term_string"}}],"inLanguage":"es"},{"@type":"Organization","@id":"https:\/\/noti-america.com\/site\/mexico\/#organization","name":"Noti-America LLC | M\u00e9xico","url":"https:\/\/noti-america.com\/site\/mexico\/","logo":{"@type":"ImageObject","inLanguage":"es","@id":"https:\/\/noti-america.com\/site\/mexico\/#\/schema\/logo\/image\/","url":"https:\/\/noti-america.com\/site\/mexico\/wp-content\/uploads\/sites\/13\/2020\/07\/LogoNA-4x3-1.jpg","contentUrl":"https:\/\/noti-america.com\/site\/mexico\/wp-content\/uploads\/sites\/13\/2020\/07\/LogoNA-4x3-1.jpg","width":1236,"height":1080,"caption":"Noti-America LLC | M\u00e9xico"},"image":{"@id":"https:\/\/noti-america.com\/site\/mexico\/#\/schema\/logo\/image\/"}},{"@type":"Person","@id":"https:\/\/noti-america.com\/site\/mexico\/#\/schema\/person\/116dfa1d5f58a6410bc589e7e2e4028c","name":"Jos\u00e9 Manuel Estevanot","image":{"@type":"ImageObject","inLanguage":"es","@id":"https:\/\/secure.gravatar.com\/avatar\/ded57725a28e7e6babccb982bd748d931b24c97df39c4d9513b7745f918a0c87?s=96&d=mm&r=g","url":"https:\/\/secure.gravatar.com\/avatar\/ded57725a28e7e6babccb982bd748d931b24c97df39c4d9513b7745f918a0c87?s=96&d=mm&r=g","contentUrl":"https:\/\/secure.gravatar.com\/avatar\/ded57725a28e7e6babccb982bd748d931b24c97df39c4d9513b7745f918a0c87?s=96&d=mm&r=g","caption":"Jos\u00e9 Manuel Estevanot"},"url":"https:\/\/noti-america.com\/site\/mexico\/author\/jmestevanot\/"}]}},"_links":{"self":[{"href":"https:\/\/noti-america.com\/site\/mexico\/wp-json\/wp\/v2\/posts\/4542","targetHints":{"allow":["GET"]}}],"collection":[{"href":"https:\/\/noti-america.com\/site\/mexico\/wp-json\/wp\/v2\/posts"}],"about":[{"href":"https:\/\/noti-america.com\/site\/mexico\/wp-json\/wp\/v2\/types\/post"}],"author":[{"embeddable":true,"href":"https:\/\/noti-america.com\/site\/mexico\/wp-json\/wp\/v2\/users\/39"}],"replies":[{"embeddable":true,"href":"https:\/\/noti-america.com\/site\/mexico\/wp-json\/wp\/v2\/comments?post=4542"}],"version-history":[{"count":1,"href":"https:\/\/noti-america.com\/site\/mexico\/wp-json\/wp\/v2\/posts\/4542\/revisions"}],"predecessor-version":[{"id":4545,"href":"https:\/\/noti-america.com\/site\/mexico\/wp-json\/wp\/v2\/posts\/4542\/revisions\/4545"}],"wp:featuredmedia":[{"embeddable":true,"href":"https:\/\/noti-america.com\/site\/mexico\/wp-json\/wp\/v2\/media\/4544"}],"wp:attachment":[{"href":"https:\/\/noti-america.com\/site\/mexico\/wp-json\/wp\/v2\/media?parent=4542"}],"wp:term":[{"taxonomy":"category","embeddable":true,"href":"https:\/\/noti-america.com\/site\/mexico\/wp-json\/wp\/v2\/categories?post=4542"},{"taxonomy":"post_tag","embeddable":true,"href":"https:\/\/noti-america.com\/site\/mexico\/wp-json\/wp\/v2\/tags?post=4542"}],"curies":[{"name":"wp","href":"https:\/\/api.w.org\/{rel}","templated":true}]}}