{"id":4526,"date":"2019-09-24T15:45:37","date_gmt":"2019-09-24T15:45:37","guid":{"rendered":"http:\/\/noti-america.com\/site\/mexico\/?p=4526"},"modified":"2019-09-24T15:45:37","modified_gmt":"2019-09-24T15:45:37","slug":"al-dia-4-ninos-mueren-en-mexico-por-violencia-mas-que-en-siria-save-the-children","status":"publish","type":"post","link":"https:\/\/noti-america.com\/site\/mexico\/2019\/09\/24\/al-dia-4-ninos-mueren-en-mexico-por-violencia-mas-que-en-siria-save-the-children\/","title":{"rendered":"Al d\u00eda 4 ni\u00f1os mueren en M\u00e9xico por violencia, m\u00e1s que en Siria: Save the Children"},"content":{"rendered":"<p><img loading=\"lazy\" decoding=\"async\" class=\" wp-image-4527 aligncenter\" src=\"http:\/\/noti-america.com\/site\/mexico\/wp-content\/uploads\/sites\/13\/2019\/09\/Descarga-29-300x180.jpg\" alt=\"\" width=\"568\" height=\"341\" srcset=\"https:\/\/noti-america.com\/site\/mexico\/wp-content\/uploads\/sites\/13\/2019\/09\/Descarga-29-300x180.jpg 300w, https:\/\/noti-america.com\/site\/mexico\/wp-content\/uploads\/sites\/13\/2019\/09\/Descarga-29.jpg 750w\" sizes=\"auto, (max-width: 568px) 100vw, 568px\" \/><\/p>\n<p>&nbsp;<\/p>\n<p>&nbsp;<\/p>\n<h4><strong>Fuente:\u00a0 www.elheraldo.com<\/strong><\/h4>\n<p>&nbsp;<\/p>\n<p dir=\"ltr\" style=\"text-align: justify\">En\u00a0M\u00e9xico cuatro ni\u00f1os\u00a0y\u00a0adolescentes\u00a0mueren\u00a0al d\u00eda a causa de la\u00a0violencia, m\u00e1s de los que son v\u00edctimas de la guerra en pa\u00edses del medio oriente, alert\u00f3 la organizaci\u00f3n\u00a0Save the Children.<\/p>\n<p dir=\"ltr\" style=\"text-align: justify\"><em>\u00abLa cifra pone en evidencia que la posibilidad de que un ni\u00f1o sea asesinado en M\u00e9xico, es mayor que en el pa\u00eds en conflicto armado abierto como Palestina o Siria\u00bb.\u00a0<u>Mar\u00eda Josefina Men\u00e9ndez, directora Save the Children M\u00e9xico<\/u><\/em><\/p>\n<p dir=\"ltr\" style=\"text-align: justify\">Adem\u00e1s, la organizaci\u00f3n denunci\u00f3 que la infancia\u00a0mexicana vive en un entorno m\u00e1s adverso; porque\u00a0el 60 % de los ni\u00f1os mexicanos\u00a0son\u00a0criados violentamente, reciben golpes, humillaciones e insultos.<\/p>\n<ul style=\"text-align: justify\">\n<li>Tambi\u00e9n, la inseguridad en el pa\u00eds incrementa la vulnerabilidad de la ni\u00f1ez, advirti\u00f3 Save the Children.<\/li>\n<\/ul>\n<h3 style=\"text-align: justify\">Violencia contra la ni\u00f1ez en M\u00e9xico<\/h3>\n<p dir=\"ltr\" style=\"text-align: justify\">Del 2007 al 2018 m\u00e1s de ocho mil ni\u00f1os y adolescentes de entre 0 y 19 a\u00f1os desaparecieron, mientras que del 2015 al 2018, se cometieron 225\u00a0feminicidios\u00a0contra menores de 18 a\u00f1os, seg\u00fan datos del Secretariado Ejecutivo del Sistema Nacional de Seguridad P\u00fablica (SESNSP)<\/p>\n<ul style=\"text-align: justify\">\n<li>Para la organizaci\u00f3n otro tema preocupante es el rapto de la infancia por grupos del crimen organizado.<\/li>\n<\/ul>\n<p dir=\"ltr\" style=\"text-align: justify\"><em>\u00abSe ha estimado que por lo menos 30 mil menores de edad cooperan activamente con la delincuencia organizada\u00bb.\u00a0<u>Mar\u00eda Josefina Men\u00e9ndez, directora Save the Children M\u00e9xico<\/u><\/em><\/p>\n<p dir=\"ltr\" style=\"text-align: justify\">Este ambiente afecta su\u00a0desarrollo psicosocial, someti\u00e9ndolos a un \u00abestr\u00e9s t\u00f3xico\u00bb, que puede derivar en da\u00f1os a su salud f\u00edsica, se\u00f1al\u00f3 la organizaci\u00f3n. Al ser observadores de ejecuciones brutales, los infantes generan sentimientos de resentimiento y odio.<\/p>\n<p dir=\"ltr\" style=\"text-align: justify\">Ante esta crisis de protecci\u00f3n a la ni\u00f1ez, Save the Children lanz\u00f3 la campa\u00f1a\u00a0#AltoaLaGuerraContraLaNi\u00f1ez.<\/p>\n<p dir=\"ltr\" style=\"text-align: justify\">El objetivo es exigir al\u00a0Gobierno mexicano\u00a0la mejora de mecanismos para investigar, medir y procesar los datos de violencia contra este grupo y fortalecimiento de pol\u00edticas en materia de prevenci\u00f3n y protecci\u00f3n.<\/p>\n<p dir=\"ltr\" style=\"text-align: justify\">Adem\u00e1s, de recursos suficientes en el ejercicio fiscal 2020, para el Sistema Nacional de Protecci\u00f3n de Ni\u00f1as, Ni\u00f1os y Adolescentes.<\/p>\n<p dir=\"ltr\" style=\"text-align: justify\"><em>\u00abEl llamado que hace Save the Children es para la sensibilizaci\u00f3n y transformaci\u00f3n, tenemos que cambiar la forma en que tratamos a los ni\u00f1os y las ni\u00f1as, de no hacerlo seguiremos afectando su integridad f\u00edsica y su estabilidad mental, violando sus derechos a ser y crecer en total plenitud.\u201d\u00a0<u>Mar\u00eda Josefina Men\u00e9ndez, directora Save the Children M\u00e9xico<\/u><\/em><\/p>\n","protected":false},"excerpt":{"rendered":"<p>&nbsp; &nbsp; Fuente:\u00a0 www.elheraldo.com &nbsp; En\u00a0M\u00e9xico cuatro ni\u00f1os\u00a0y\u00a0adolescentes\u00a0mueren\u00a0al d\u00eda a causa de la\u00a0violencia, m\u00e1s de los que son v\u00edctimas de la guerra en pa\u00edses del medio oriente, alert\u00f3 la organizaci\u00f3n\u00a0Save the Children. \u00abLa cifra&#46;&#46;&#46;<\/p>\n","protected":false},"author":39,"featured_media":4527,"comment_status":"open","ping_status":"open","sticky":false,"template":"","format":"standard","meta":{"_acf_changed":false,"om_disable_all_campaigns":false,"rop_custom_images_group":[],"rop_custom_messages_group":[],"rop_publish_now":"initial","rop_publish_now_accounts":{"twitter_242054905_242054905":""},"rop_publish_now_history":[],"rop_publish_now_status":"pending","_uf_show_specific_survey":0,"_uf_disable_surveys":false,"footnotes":""},"categories":[337],"tags":[596,597],"class_list":["post-4526","post","type-post","status-publish","format-standard","has-post-thumbnail","hentry","category-noticias","tag-al-dia-4-ninos-mueren-en-mexico-por-violencia","tag-mas-que-en-siria-save-the-children"],"acf":[],"aioseo_notices":[],"yoast_head":"<!-- This site is optimized with the Yoast SEO Premium plugin v24.9 (Yoast SEO v27.2) - https:\/\/yoast.com\/product\/yoast-seo-premium-wordpress\/ -->\n<title>Al d\u00eda 4 ni\u00f1os mueren en M\u00e9xico por violencia, m\u00e1s que en Siria: Save the Children - M\u00e9xico<\/title>\n<meta name=\"robots\" content=\"index, follow, max-snippet:-1, max-image-preview:large, max-video-preview:-1\" \/>\n<link rel=\"canonical\" href=\"https:\/\/noti-america.com\/site\/mexico\/2019\/09\/24\/al-dia-4-ninos-mueren-en-mexico-por-violencia-mas-que-en-siria-save-the-children\/\" \/>\n<meta property=\"og:locale\" content=\"es_ES\" \/>\n<meta property=\"og:type\" content=\"article\" \/>\n<meta property=\"og:title\" content=\"Al d\u00eda 4 ni\u00f1os mueren en M\u00e9xico por violencia, m\u00e1s que en Siria: Save the Children\" \/>\n<meta property=\"og:description\" content=\"&nbsp; &nbsp; Fuente:\u00a0 www.elheraldo.com &nbsp; En\u00a0M\u00e9xico cuatro ni\u00f1os\u00a0y\u00a0adolescentes\u00a0mueren\u00a0al d\u00eda a causa de la\u00a0violencia, m\u00e1s de los que son v\u00edctimas de la guerra en pa\u00edses del medio oriente, alert\u00f3 la organizaci\u00f3n\u00a0Save the Children. \u00abLa cifra&#046;&#046;&#046;\" \/>\n<meta property=\"og:url\" content=\"https:\/\/noti-america.com\/site\/mexico\/2019\/09\/24\/al-dia-4-ninos-mueren-en-mexico-por-violencia-mas-que-en-siria-save-the-children\/\" \/>\n<meta property=\"og:site_name\" content=\"M\u00e9xico\" \/>\n<meta property=\"article:published_time\" content=\"2019-09-24T15:45:37+00:00\" \/>\n<meta property=\"og:image\" content=\"https:\/\/noti-america.com\/site\/mexico\/wp-content\/uploads\/sites\/13\/2019\/09\/Descarga-29.jpg\" \/>\n\t<meta property=\"og:image:width\" content=\"750\" \/>\n\t<meta property=\"og:image:height\" content=\"450\" \/>\n\t<meta property=\"og:image:type\" content=\"image\/jpeg\" \/>\n<meta name=\"author\" content=\"Jos\u00e9 Manuel Estevanot\" \/>\n<meta name=\"twitter:card\" content=\"summary_large_image\" \/>\n<meta name=\"twitter:label1\" content=\"Escrito por\" \/>\n\t<meta name=\"twitter:data1\" content=\"Jos\u00e9 Manuel Estevanot\" \/>\n\t<meta name=\"twitter:label2\" content=\"Tiempo estimado de lectura\" \/>\n\t<meta name=\"twitter:data2\" content=\"2 minutos\" \/>\n<script type=\"application\/ld+json\" class=\"yoast-schema-graph\">{\"@context\":\"https:\/\/schema.org\",\"@graph\":[{\"@type\":\"Article\",\"@id\":\"https:\/\/noti-america.com\/site\/mexico\/2019\/09\/24\/al-dia-4-ninos-mueren-en-mexico-por-violencia-mas-que-en-siria-save-the-children\/#article\",\"isPartOf\":{\"@id\":\"https:\/\/noti-america.com\/site\/mexico\/2019\/09\/24\/al-dia-4-ninos-mueren-en-mexico-por-violencia-mas-que-en-siria-save-the-children\/\"},\"author\":{\"name\":\"Jos\u00e9 Manuel Estevanot\",\"@id\":\"https:\/\/noti-america.com\/site\/mexico\/#\/schema\/person\/116dfa1d5f58a6410bc589e7e2e4028c\"},\"headline\":\"Al d\u00eda 4 ni\u00f1os mueren en M\u00e9xico por violencia, m\u00e1s que en Siria: Save the Children\",\"datePublished\":\"2019-09-24T15:45:37+00:00\",\"mainEntityOfPage\":{\"@id\":\"https:\/\/noti-america.com\/site\/mexico\/2019\/09\/24\/al-dia-4-ninos-mueren-en-mexico-por-violencia-mas-que-en-siria-save-the-children\/\"},\"wordCount\":446,\"commentCount\":0,\"publisher\":{\"@id\":\"https:\/\/noti-america.com\/site\/mexico\/#organization\"},\"image\":{\"@id\":\"https:\/\/noti-america.com\/site\/mexico\/2019\/09\/24\/al-dia-4-ninos-mueren-en-mexico-por-violencia-mas-que-en-siria-save-the-children\/#primaryimage\"},\"thumbnailUrl\":\"https:\/\/noti-america.com\/site\/mexico\/wp-content\/uploads\/sites\/13\/2019\/09\/Descarga-29.jpg\",\"keywords\":[\"Al d\u00eda 4 ni\u00f1os mueren en M\u00e9xico por violencia\",\"m\u00e1s que en Siria: Save the Children\"],\"articleSection\":[\"Noticias\"],\"inLanguage\":\"es\",\"potentialAction\":[{\"@type\":\"CommentAction\",\"name\":\"Comment\",\"target\":[\"https:\/\/noti-america.com\/site\/mexico\/2019\/09\/24\/al-dia-4-ninos-mueren-en-mexico-por-violencia-mas-que-en-siria-save-the-children\/#respond\"]}]},{\"@type\":\"WebPage\",\"@id\":\"https:\/\/noti-america.com\/site\/mexico\/2019\/09\/24\/al-dia-4-ninos-mueren-en-mexico-por-violencia-mas-que-en-siria-save-the-children\/\",\"url\":\"https:\/\/noti-america.com\/site\/mexico\/2019\/09\/24\/al-dia-4-ninos-mueren-en-mexico-por-violencia-mas-que-en-siria-save-the-children\/\",\"name\":\"Al d\u00eda 4 ni\u00f1os mueren en M\u00e9xico por violencia, m\u00e1s que en Siria: Save the Children - M\u00e9xico\",\"isPartOf\":{\"@id\":\"https:\/\/noti-america.com\/site\/mexico\/#website\"},\"primaryImageOfPage\":{\"@id\":\"https:\/\/noti-america.com\/site\/mexico\/2019\/09\/24\/al-dia-4-ninos-mueren-en-mexico-por-violencia-mas-que-en-siria-save-the-children\/#primaryimage\"},\"image\":{\"@id\":\"https:\/\/noti-america.com\/site\/mexico\/2019\/09\/24\/al-dia-4-ninos-mueren-en-mexico-por-violencia-mas-que-en-siria-save-the-children\/#primaryimage\"},\"thumbnailUrl\":\"https:\/\/noti-america.com\/site\/mexico\/wp-content\/uploads\/sites\/13\/2019\/09\/Descarga-29.jpg\",\"datePublished\":\"2019-09-24T15:45:37+00:00\",\"breadcrumb\":{\"@id\":\"https:\/\/noti-america.com\/site\/mexico\/2019\/09\/24\/al-dia-4-ninos-mueren-en-mexico-por-violencia-mas-que-en-siria-save-the-children\/#breadcrumb\"},\"inLanguage\":\"es\",\"potentialAction\":[{\"@type\":\"ReadAction\",\"target\":[\"https:\/\/noti-america.com\/site\/mexico\/2019\/09\/24\/al-dia-4-ninos-mueren-en-mexico-por-violencia-mas-que-en-siria-save-the-children\/\"]}]},{\"@type\":\"ImageObject\",\"inLanguage\":\"es\",\"@id\":\"https:\/\/noti-america.com\/site\/mexico\/2019\/09\/24\/al-dia-4-ninos-mueren-en-mexico-por-violencia-mas-que-en-siria-save-the-children\/#primaryimage\",\"url\":\"https:\/\/noti-america.com\/site\/mexico\/wp-content\/uploads\/sites\/13\/2019\/09\/Descarga-29.jpg\",\"contentUrl\":\"https:\/\/noti-america.com\/site\/mexico\/wp-content\/uploads\/sites\/13\/2019\/09\/Descarga-29.jpg\",\"width\":750,\"height\":450},{\"@type\":\"BreadcrumbList\",\"@id\":\"https:\/\/noti-america.com\/site\/mexico\/2019\/09\/24\/al-dia-4-ninos-mueren-en-mexico-por-violencia-mas-que-en-siria-save-the-children\/#breadcrumb\",\"itemListElement\":[{\"@type\":\"ListItem\",\"position\":1,\"name\":\"Portada\",\"item\":\"https:\/\/noti-america.com\/site\/mexico\/\"},{\"@type\":\"ListItem\",\"position\":2,\"name\":\"Al d\u00eda 4 ni\u00f1os mueren en M\u00e9xico por violencia, m\u00e1s que en Siria: Save the Children\"}]},{\"@type\":\"WebSite\",\"@id\":\"https:\/\/noti-america.com\/site\/mexico\/#website\",\"url\":\"https:\/\/noti-america.com\/site\/mexico\/\",\"name\":\"M\u00e9xico | Noti-America.com\",\"description\":\"\",\"publisher\":{\"@id\":\"https:\/\/noti-america.com\/site\/mexico\/#organization\"},\"potentialAction\":[{\"@type\":\"SearchAction\",\"target\":{\"@type\":\"EntryPoint\",\"urlTemplate\":\"https:\/\/noti-america.com\/site\/mexico\/?s={search_term_string}\"},\"query-input\":{\"@type\":\"PropertyValueSpecification\",\"valueRequired\":true,\"valueName\":\"search_term_string\"}}],\"inLanguage\":\"es\"},{\"@type\":\"Organization\",\"@id\":\"https:\/\/noti-america.com\/site\/mexico\/#organization\",\"name\":\"Noti-America LLC | M\u00e9xico\",\"url\":\"https:\/\/noti-america.com\/site\/mexico\/\",\"logo\":{\"@type\":\"ImageObject\",\"inLanguage\":\"es\",\"@id\":\"https:\/\/noti-america.com\/site\/mexico\/#\/schema\/logo\/image\/\",\"url\":\"https:\/\/noti-america.com\/site\/mexico\/wp-content\/uploads\/sites\/13\/2020\/07\/LogoNA-4x3-1.jpg\",\"contentUrl\":\"https:\/\/noti-america.com\/site\/mexico\/wp-content\/uploads\/sites\/13\/2020\/07\/LogoNA-4x3-1.jpg\",\"width\":1236,\"height\":1080,\"caption\":\"Noti-America LLC | M\u00e9xico\"},\"image\":{\"@id\":\"https:\/\/noti-america.com\/site\/mexico\/#\/schema\/logo\/image\/\"}},{\"@type\":\"Person\",\"@id\":\"https:\/\/noti-america.com\/site\/mexico\/#\/schema\/person\/116dfa1d5f58a6410bc589e7e2e4028c\",\"name\":\"Jos\u00e9 Manuel Estevanot\",\"image\":{\"@type\":\"ImageObject\",\"inLanguage\":\"es\",\"@id\":\"https:\/\/secure.gravatar.com\/avatar\/ded57725a28e7e6babccb982bd748d931b24c97df39c4d9513b7745f918a0c87?s=96&d=mm&r=g\",\"url\":\"https:\/\/secure.gravatar.com\/avatar\/ded57725a28e7e6babccb982bd748d931b24c97df39c4d9513b7745f918a0c87?s=96&d=mm&r=g\",\"contentUrl\":\"https:\/\/secure.gravatar.com\/avatar\/ded57725a28e7e6babccb982bd748d931b24c97df39c4d9513b7745f918a0c87?s=96&d=mm&r=g\",\"caption\":\"Jos\u00e9 Manuel Estevanot\"},\"url\":\"https:\/\/noti-america.com\/site\/mexico\/author\/jmestevanot\/\"}]}<\/script>\n<!-- \/ Yoast SEO Premium plugin. -->","yoast_head_json":{"title":"Al d\u00eda 4 ni\u00f1os mueren en M\u00e9xico por violencia, m\u00e1s que en Siria: Save the Children - M\u00e9xico","robots":{"index":"index","follow":"follow","max-snippet":"max-snippet:-1","max-image-preview":"max-image-preview:large","max-video-preview":"max-video-preview:-1"},"canonical":"https:\/\/noti-america.com\/site\/mexico\/2019\/09\/24\/al-dia-4-ninos-mueren-en-mexico-por-violencia-mas-que-en-siria-save-the-children\/","og_locale":"es_ES","og_type":"article","og_title":"Al d\u00eda 4 ni\u00f1os mueren en M\u00e9xico por violencia, m\u00e1s que en Siria: Save the Children","og_description":"&nbsp; &nbsp; Fuente:\u00a0 www.elheraldo.com &nbsp; En\u00a0M\u00e9xico cuatro ni\u00f1os\u00a0y\u00a0adolescentes\u00a0mueren\u00a0al d\u00eda a causa de la\u00a0violencia, m\u00e1s de los que son v\u00edctimas de la guerra en pa\u00edses del medio oriente, alert\u00f3 la organizaci\u00f3n\u00a0Save the Children. \u00abLa cifra&#46;&#46;&#46;","og_url":"https:\/\/noti-america.com\/site\/mexico\/2019\/09\/24\/al-dia-4-ninos-mueren-en-mexico-por-violencia-mas-que-en-siria-save-the-children\/","og_site_name":"M\u00e9xico","article_published_time":"2019-09-24T15:45:37+00:00","og_image":[{"width":750,"height":450,"url":"https:\/\/noti-america.com\/site\/mexico\/wp-content\/uploads\/sites\/13\/2019\/09\/Descarga-29.jpg","type":"image\/jpeg"}],"author":"Jos\u00e9 Manuel Estevanot","twitter_card":"summary_large_image","twitter_misc":{"Escrito por":"Jos\u00e9 Manuel Estevanot","Tiempo estimado de lectura":"2 minutos"},"schema":{"@context":"https:\/\/schema.org","@graph":[{"@type":"Article","@id":"https:\/\/noti-america.com\/site\/mexico\/2019\/09\/24\/al-dia-4-ninos-mueren-en-mexico-por-violencia-mas-que-en-siria-save-the-children\/#article","isPartOf":{"@id":"https:\/\/noti-america.com\/site\/mexico\/2019\/09\/24\/al-dia-4-ninos-mueren-en-mexico-por-violencia-mas-que-en-siria-save-the-children\/"},"author":{"name":"Jos\u00e9 Manuel Estevanot","@id":"https:\/\/noti-america.com\/site\/mexico\/#\/schema\/person\/116dfa1d5f58a6410bc589e7e2e4028c"},"headline":"Al d\u00eda 4 ni\u00f1os mueren en M\u00e9xico por violencia, m\u00e1s que en Siria: Save the Children","datePublished":"2019-09-24T15:45:37+00:00","mainEntityOfPage":{"@id":"https:\/\/noti-america.com\/site\/mexico\/2019\/09\/24\/al-dia-4-ninos-mueren-en-mexico-por-violencia-mas-que-en-siria-save-the-children\/"},"wordCount":446,"commentCount":0,"publisher":{"@id":"https:\/\/noti-america.com\/site\/mexico\/#organization"},"image":{"@id":"https:\/\/noti-america.com\/site\/mexico\/2019\/09\/24\/al-dia-4-ninos-mueren-en-mexico-por-violencia-mas-que-en-siria-save-the-children\/#primaryimage"},"thumbnailUrl":"https:\/\/noti-america.com\/site\/mexico\/wp-content\/uploads\/sites\/13\/2019\/09\/Descarga-29.jpg","keywords":["Al d\u00eda 4 ni\u00f1os mueren en M\u00e9xico por violencia","m\u00e1s que en Siria: Save the Children"],"articleSection":["Noticias"],"inLanguage":"es","potentialAction":[{"@type":"CommentAction","name":"Comment","target":["https:\/\/noti-america.com\/site\/mexico\/2019\/09\/24\/al-dia-4-ninos-mueren-en-mexico-por-violencia-mas-que-en-siria-save-the-children\/#respond"]}]},{"@type":"WebPage","@id":"https:\/\/noti-america.com\/site\/mexico\/2019\/09\/24\/al-dia-4-ninos-mueren-en-mexico-por-violencia-mas-que-en-siria-save-the-children\/","url":"https:\/\/noti-america.com\/site\/mexico\/2019\/09\/24\/al-dia-4-ninos-mueren-en-mexico-por-violencia-mas-que-en-siria-save-the-children\/","name":"Al d\u00eda 4 ni\u00f1os mueren en M\u00e9xico por violencia, m\u00e1s que en Siria: Save the Children - M\u00e9xico","isPartOf":{"@id":"https:\/\/noti-america.com\/site\/mexico\/#website"},"primaryImageOfPage":{"@id":"https:\/\/noti-america.com\/site\/mexico\/2019\/09\/24\/al-dia-4-ninos-mueren-en-mexico-por-violencia-mas-que-en-siria-save-the-children\/#primaryimage"},"image":{"@id":"https:\/\/noti-america.com\/site\/mexico\/2019\/09\/24\/al-dia-4-ninos-mueren-en-mexico-por-violencia-mas-que-en-siria-save-the-children\/#primaryimage"},"thumbnailUrl":"https:\/\/noti-america.com\/site\/mexico\/wp-content\/uploads\/sites\/13\/2019\/09\/Descarga-29.jpg","datePublished":"2019-09-24T15:45:37+00:00","breadcrumb":{"@id":"https:\/\/noti-america.com\/site\/mexico\/2019\/09\/24\/al-dia-4-ninos-mueren-en-mexico-por-violencia-mas-que-en-siria-save-the-children\/#breadcrumb"},"inLanguage":"es","potentialAction":[{"@type":"ReadAction","target":["https:\/\/noti-america.com\/site\/mexico\/2019\/09\/24\/al-dia-4-ninos-mueren-en-mexico-por-violencia-mas-que-en-siria-save-the-children\/"]}]},{"@type":"ImageObject","inLanguage":"es","@id":"https:\/\/noti-america.com\/site\/mexico\/2019\/09\/24\/al-dia-4-ninos-mueren-en-mexico-por-violencia-mas-que-en-siria-save-the-children\/#primaryimage","url":"https:\/\/noti-america.com\/site\/mexico\/wp-content\/uploads\/sites\/13\/2019\/09\/Descarga-29.jpg","contentUrl":"https:\/\/noti-america.com\/site\/mexico\/wp-content\/uploads\/sites\/13\/2019\/09\/Descarga-29.jpg","width":750,"height":450},{"@type":"BreadcrumbList","@id":"https:\/\/noti-america.com\/site\/mexico\/2019\/09\/24\/al-dia-4-ninos-mueren-en-mexico-por-violencia-mas-que-en-siria-save-the-children\/#breadcrumb","itemListElement":[{"@type":"ListItem","position":1,"name":"Portada","item":"https:\/\/noti-america.com\/site\/mexico\/"},{"@type":"ListItem","position":2,"name":"Al d\u00eda 4 ni\u00f1os mueren en M\u00e9xico por violencia, m\u00e1s que en Siria: Save the Children"}]},{"@type":"WebSite","@id":"https:\/\/noti-america.com\/site\/mexico\/#website","url":"https:\/\/noti-america.com\/site\/mexico\/","name":"M\u00e9xico | Noti-America.com","description":"","publisher":{"@id":"https:\/\/noti-america.com\/site\/mexico\/#organization"},"potentialAction":[{"@type":"SearchAction","target":{"@type":"EntryPoint","urlTemplate":"https:\/\/noti-america.com\/site\/mexico\/?s={search_term_string}"},"query-input":{"@type":"PropertyValueSpecification","valueRequired":true,"valueName":"search_term_string"}}],"inLanguage":"es"},{"@type":"Organization","@id":"https:\/\/noti-america.com\/site\/mexico\/#organization","name":"Noti-America LLC | M\u00e9xico","url":"https:\/\/noti-america.com\/site\/mexico\/","logo":{"@type":"ImageObject","inLanguage":"es","@id":"https:\/\/noti-america.com\/site\/mexico\/#\/schema\/logo\/image\/","url":"https:\/\/noti-america.com\/site\/mexico\/wp-content\/uploads\/sites\/13\/2020\/07\/LogoNA-4x3-1.jpg","contentUrl":"https:\/\/noti-america.com\/site\/mexico\/wp-content\/uploads\/sites\/13\/2020\/07\/LogoNA-4x3-1.jpg","width":1236,"height":1080,"caption":"Noti-America LLC | M\u00e9xico"},"image":{"@id":"https:\/\/noti-america.com\/site\/mexico\/#\/schema\/logo\/image\/"}},{"@type":"Person","@id":"https:\/\/noti-america.com\/site\/mexico\/#\/schema\/person\/116dfa1d5f58a6410bc589e7e2e4028c","name":"Jos\u00e9 Manuel Estevanot","image":{"@type":"ImageObject","inLanguage":"es","@id":"https:\/\/secure.gravatar.com\/avatar\/ded57725a28e7e6babccb982bd748d931b24c97df39c4d9513b7745f918a0c87?s=96&d=mm&r=g","url":"https:\/\/secure.gravatar.com\/avatar\/ded57725a28e7e6babccb982bd748d931b24c97df39c4d9513b7745f918a0c87?s=96&d=mm&r=g","contentUrl":"https:\/\/secure.gravatar.com\/avatar\/ded57725a28e7e6babccb982bd748d931b24c97df39c4d9513b7745f918a0c87?s=96&d=mm&r=g","caption":"Jos\u00e9 Manuel Estevanot"},"url":"https:\/\/noti-america.com\/site\/mexico\/author\/jmestevanot\/"}]}},"_links":{"self":[{"href":"https:\/\/noti-america.com\/site\/mexico\/wp-json\/wp\/v2\/posts\/4526","targetHints":{"allow":["GET"]}}],"collection":[{"href":"https:\/\/noti-america.com\/site\/mexico\/wp-json\/wp\/v2\/posts"}],"about":[{"href":"https:\/\/noti-america.com\/site\/mexico\/wp-json\/wp\/v2\/types\/post"}],"author":[{"embeddable":true,"href":"https:\/\/noti-america.com\/site\/mexico\/wp-json\/wp\/v2\/users\/39"}],"replies":[{"embeddable":true,"href":"https:\/\/noti-america.com\/site\/mexico\/wp-json\/wp\/v2\/comments?post=4526"}],"version-history":[{"count":1,"href":"https:\/\/noti-america.com\/site\/mexico\/wp-json\/wp\/v2\/posts\/4526\/revisions"}],"predecessor-version":[{"id":4528,"href":"https:\/\/noti-america.com\/site\/mexico\/wp-json\/wp\/v2\/posts\/4526\/revisions\/4528"}],"wp:featuredmedia":[{"embeddable":true,"href":"https:\/\/noti-america.com\/site\/mexico\/wp-json\/wp\/v2\/media\/4527"}],"wp:attachment":[{"href":"https:\/\/noti-america.com\/site\/mexico\/wp-json\/wp\/v2\/media?parent=4526"}],"wp:term":[{"taxonomy":"category","embeddable":true,"href":"https:\/\/noti-america.com\/site\/mexico\/wp-json\/wp\/v2\/categories?post=4526"},{"taxonomy":"post_tag","embeddable":true,"href":"https:\/\/noti-america.com\/site\/mexico\/wp-json\/wp\/v2\/tags?post=4526"}],"curies":[{"name":"wp","href":"https:\/\/api.w.org\/{rel}","templated":true}]}}