{"id":4502,"date":"2019-09-23T16:42:11","date_gmt":"2019-09-23T16:42:11","guid":{"rendered":"http:\/\/noti-america.com\/site\/mexico\/?p=4502"},"modified":"2019-09-23T16:42:11","modified_gmt":"2019-09-23T16:42:11","slug":"otono-y-primer-frente-frio-de-la-temporada-llegan-de-la-mano-este-lunes","status":"publish","type":"post","link":"https:\/\/noti-america.com\/site\/mexico\/2019\/09\/23\/otono-y-primer-frente-frio-de-la-temporada-llegan-de-la-mano-este-lunes\/","title":{"rendered":"Oto\u00f1o y primer frente fr\u00edo de la temporada llegan de la mano este lunes"},"content":{"rendered":"<p dir=\"ltr\"><img loading=\"lazy\" decoding=\"async\" class=\"alignnone  wp-image-4503 aligncenter\" src=\"http:\/\/noti-america.com\/site\/mexico\/wp-content\/uploads\/sites\/13\/2019\/09\/Descarga-22-300x180.jpg\" alt=\"\" width=\"517\" height=\"310\" srcset=\"https:\/\/noti-america.com\/site\/mexico\/wp-content\/uploads\/sites\/13\/2019\/09\/Descarga-22-300x180.jpg 300w, https:\/\/noti-america.com\/site\/mexico\/wp-content\/uploads\/sites\/13\/2019\/09\/Descarga-22.jpg 750w\" sizes=\"auto, (max-width: 517px) 100vw, 517px\" \/><\/p>\n<p dir=\"ltr\">\n<p dir=\"ltr\">\n<p dir=\"ltr\">A las 02:50 de la madrugada de este lunes ocurri\u00f3 el\u00a0<strong>equinoccio de Oto\u00f1o<\/strong>\u00a0y con ello dio inicio la estaci\u00f3n en el hemisferio norte, inform\u00f3 el Servicio Meteorol\u00f3gico Nacional (SMN).<\/p>\n<p dir=\"ltr\">Por otra parte, este lunes tambi\u00e9n\u00a0ingresar\u00e1 por el noroeste del pa\u00eds\u00a0el\u00a0<strong>Frente Fr\u00edo N\u00famero 1\u00a0<\/strong>de la temporada 2019-2020, el cual, junto con\u00a0la Onda Tropical N\u00famero 41, que se desplaza por el sur de la Rep\u00fablica Mexicana y\u00a0dos canales de baja presi\u00f3n extendidos sobre la Sierra Madre Occidental y la Pen\u00ednsula de Yucat\u00e1n, generar\u00e1n:<\/p>\n<h3>Lluvias puntuales muy fuertes en:<\/h3>\n<ul>\n<li>Nayarit<\/li>\n<li>Jalisco<\/li>\n<li>Michoac\u00e1n<\/li>\n<li>Guerrero<\/li>\n<li>Oaxaca<\/li>\n<li>Chiapas<\/li>\n<li>Campeche<\/li>\n<\/ul>\n<h3>Lluvias fuertes en regiones de:<\/h3>\n<ul>\n<li>Sonora<\/li>\n<li>Chihuahua<\/li>\n<li>Durango<\/li>\n<li>Sinaloa<\/li>\n<li>Colima<\/li>\n<li>Veracruz<\/li>\n<li>Tabasco<\/li>\n<li>Quintana Roo<\/li>\n<\/ul>\n<h3>Intervalos de chubascos en:<\/h3>\n<ul>\n<li>Coahuila<\/li>\n<li>Nuevo Le\u00f3n<\/li>\n<li>Tamaulipas<\/li>\n<li>San Luis Potos\u00ed<\/li>\n<li>Zacatecas<\/li>\n<li>Estado de M\u00e9xico<\/li>\n<li>Ciudad de M\u00e9xico<\/li>\n<li>Morelos<\/li>\n<li>Puebla<\/li>\n<li>Yucat\u00e1n<\/li>\n<\/ul>\n<h3>As\u00ed como lluvias aisladas en:<\/h3>\n<ul>\n<li>Baja California<\/li>\n<li>Baja California Sur<\/li>\n<li>Quer\u00e9taro<\/li>\n<li>Hidalgo.<\/li>\n<\/ul>\n<p dir=\"ltr\">Las precipitaciones ser\u00e1n con descargas el\u00e9ctricas, fuertes rachas de viento y posible granizo.<\/p>\n<p dir=\"ltr\">Se estiman\u00a0<strong>temperaturas de 0 a 5 grados\u00a0<\/strong>Celsius en las monta\u00f1as de Baja California, Durango, Estado de M\u00e9xico, Puebla, Tlaxcala, Oaxaca y Veracruz.<\/p>\n","protected":false},"excerpt":{"rendered":"<p>A las 02:50 de la madrugada de este lunes ocurri\u00f3 el\u00a0equinoccio de Oto\u00f1o\u00a0y con ello dio inicio la estaci\u00f3n en el hemisferio norte, inform\u00f3 el Servicio Meteorol\u00f3gico Nacional (SMN). Por otra parte, este lunes&#46;&#46;&#46;<\/p>\n","protected":false},"author":39,"featured_media":4503,"comment_status":"open","ping_status":"open","sticky":false,"template":"","format":"standard","meta":{"_acf_changed":false,"om_disable_all_campaigns":false,"rop_custom_images_group":[],"rop_custom_messages_group":[],"rop_publish_now":"initial","rop_publish_now_accounts":{"twitter_242054905_242054905":""},"rop_publish_now_history":[],"rop_publish_now_status":"pending","_uf_show_specific_survey":0,"_uf_disable_surveys":false,"footnotes":""},"categories":[337],"tags":[587],"class_list":["post-4502","post","type-post","status-publish","format-standard","has-post-thumbnail","hentry","category-noticias","tag-otono-y-primer-frente-frio-de-la-temporada-llegan-de-la-mano-este-lunes"],"acf":[],"aioseo_notices":[],"yoast_head":"<!-- This site is optimized with the Yoast SEO Premium plugin v24.9 (Yoast SEO v27.2) - https:\/\/yoast.com\/product\/yoast-seo-premium-wordpress\/ -->\n<title>Oto\u00f1o y primer frente fr\u00edo de la temporada llegan de la mano este lunes - M\u00e9xico<\/title>\n<meta name=\"robots\" content=\"index, follow, max-snippet:-1, max-image-preview:large, max-video-preview:-1\" \/>\n<link rel=\"canonical\" href=\"https:\/\/noti-america.com\/site\/mexico\/2019\/09\/23\/otono-y-primer-frente-frio-de-la-temporada-llegan-de-la-mano-este-lunes\/\" \/>\n<meta property=\"og:locale\" content=\"es_ES\" \/>\n<meta property=\"og:type\" content=\"article\" \/>\n<meta property=\"og:title\" content=\"Oto\u00f1o y primer frente fr\u00edo de la temporada llegan de la mano este lunes\" \/>\n<meta property=\"og:description\" content=\"A las 02:50 de la madrugada de este lunes ocurri\u00f3 el\u00a0equinoccio de Oto\u00f1o\u00a0y con ello dio inicio la estaci\u00f3n en el hemisferio norte, inform\u00f3 el Servicio Meteorol\u00f3gico Nacional (SMN). Por otra parte, este lunes&#046;&#046;&#046;\" \/>\n<meta property=\"og:url\" content=\"https:\/\/noti-america.com\/site\/mexico\/2019\/09\/23\/otono-y-primer-frente-frio-de-la-temporada-llegan-de-la-mano-este-lunes\/\" \/>\n<meta property=\"og:site_name\" content=\"M\u00e9xico\" \/>\n<meta property=\"article:published_time\" content=\"2019-09-23T16:42:11+00:00\" \/>\n<meta property=\"og:image\" content=\"https:\/\/noti-america.com\/site\/mexico\/wp-content\/uploads\/sites\/13\/2019\/09\/Descarga-22.jpg\" \/>\n\t<meta property=\"og:image:width\" content=\"750\" \/>\n\t<meta property=\"og:image:height\" content=\"450\" \/>\n\t<meta property=\"og:image:type\" content=\"image\/jpeg\" \/>\n<meta name=\"author\" content=\"Jos\u00e9 Manuel Estevanot\" \/>\n<meta name=\"twitter:card\" content=\"summary_large_image\" \/>\n<meta name=\"twitter:label1\" content=\"Escrito por\" \/>\n\t<meta name=\"twitter:data1\" content=\"Jos\u00e9 Manuel Estevanot\" \/>\n\t<meta name=\"twitter:label2\" content=\"Tiempo estimado de lectura\" \/>\n\t<meta name=\"twitter:data2\" content=\"1 minuto\" \/>\n<script type=\"application\/ld+json\" class=\"yoast-schema-graph\">{\"@context\":\"https:\/\/schema.org\",\"@graph\":[{\"@type\":\"Article\",\"@id\":\"https:\/\/noti-america.com\/site\/mexico\/2019\/09\/23\/otono-y-primer-frente-frio-de-la-temporada-llegan-de-la-mano-este-lunes\/#article\",\"isPartOf\":{\"@id\":\"https:\/\/noti-america.com\/site\/mexico\/2019\/09\/23\/otono-y-primer-frente-frio-de-la-temporada-llegan-de-la-mano-este-lunes\/\"},\"author\":{\"name\":\"Jos\u00e9 Manuel Estevanot\",\"@id\":\"https:\/\/noti-america.com\/site\/mexico\/#\/schema\/person\/116dfa1d5f58a6410bc589e7e2e4028c\"},\"headline\":\"Oto\u00f1o y primer frente fr\u00edo de la temporada llegan de la mano este lunes\",\"datePublished\":\"2019-09-23T16:42:11+00:00\",\"mainEntityOfPage\":{\"@id\":\"https:\/\/noti-america.com\/site\/mexico\/2019\/09\/23\/otono-y-primer-frente-frio-de-la-temporada-llegan-de-la-mano-este-lunes\/\"},\"wordCount\":219,\"commentCount\":0,\"publisher\":{\"@id\":\"https:\/\/noti-america.com\/site\/mexico\/#organization\"},\"image\":{\"@id\":\"https:\/\/noti-america.com\/site\/mexico\/2019\/09\/23\/otono-y-primer-frente-frio-de-la-temporada-llegan-de-la-mano-este-lunes\/#primaryimage\"},\"thumbnailUrl\":\"https:\/\/noti-america.com\/site\/mexico\/wp-content\/uploads\/sites\/13\/2019\/09\/Descarga-22.jpg\",\"keywords\":[\"Oto\u00f1o y primer frente fr\u00edo de la temporada llegan de la mano este lunes\"],\"articleSection\":[\"Noticias\"],\"inLanguage\":\"es\",\"potentialAction\":[{\"@type\":\"CommentAction\",\"name\":\"Comment\",\"target\":[\"https:\/\/noti-america.com\/site\/mexico\/2019\/09\/23\/otono-y-primer-frente-frio-de-la-temporada-llegan-de-la-mano-este-lunes\/#respond\"]}]},{\"@type\":\"WebPage\",\"@id\":\"https:\/\/noti-america.com\/site\/mexico\/2019\/09\/23\/otono-y-primer-frente-frio-de-la-temporada-llegan-de-la-mano-este-lunes\/\",\"url\":\"https:\/\/noti-america.com\/site\/mexico\/2019\/09\/23\/otono-y-primer-frente-frio-de-la-temporada-llegan-de-la-mano-este-lunes\/\",\"name\":\"Oto\u00f1o y primer frente fr\u00edo de la temporada llegan de la mano este lunes - M\u00e9xico\",\"isPartOf\":{\"@id\":\"https:\/\/noti-america.com\/site\/mexico\/#website\"},\"primaryImageOfPage\":{\"@id\":\"https:\/\/noti-america.com\/site\/mexico\/2019\/09\/23\/otono-y-primer-frente-frio-de-la-temporada-llegan-de-la-mano-este-lunes\/#primaryimage\"},\"image\":{\"@id\":\"https:\/\/noti-america.com\/site\/mexico\/2019\/09\/23\/otono-y-primer-frente-frio-de-la-temporada-llegan-de-la-mano-este-lunes\/#primaryimage\"},\"thumbnailUrl\":\"https:\/\/noti-america.com\/site\/mexico\/wp-content\/uploads\/sites\/13\/2019\/09\/Descarga-22.jpg\",\"datePublished\":\"2019-09-23T16:42:11+00:00\",\"breadcrumb\":{\"@id\":\"https:\/\/noti-america.com\/site\/mexico\/2019\/09\/23\/otono-y-primer-frente-frio-de-la-temporada-llegan-de-la-mano-este-lunes\/#breadcrumb\"},\"inLanguage\":\"es\",\"potentialAction\":[{\"@type\":\"ReadAction\",\"target\":[\"https:\/\/noti-america.com\/site\/mexico\/2019\/09\/23\/otono-y-primer-frente-frio-de-la-temporada-llegan-de-la-mano-este-lunes\/\"]}]},{\"@type\":\"ImageObject\",\"inLanguage\":\"es\",\"@id\":\"https:\/\/noti-america.com\/site\/mexico\/2019\/09\/23\/otono-y-primer-frente-frio-de-la-temporada-llegan-de-la-mano-este-lunes\/#primaryimage\",\"url\":\"https:\/\/noti-america.com\/site\/mexico\/wp-content\/uploads\/sites\/13\/2019\/09\/Descarga-22.jpg\",\"contentUrl\":\"https:\/\/noti-america.com\/site\/mexico\/wp-content\/uploads\/sites\/13\/2019\/09\/Descarga-22.jpg\",\"width\":750,\"height\":450},{\"@type\":\"BreadcrumbList\",\"@id\":\"https:\/\/noti-america.com\/site\/mexico\/2019\/09\/23\/otono-y-primer-frente-frio-de-la-temporada-llegan-de-la-mano-este-lunes\/#breadcrumb\",\"itemListElement\":[{\"@type\":\"ListItem\",\"position\":1,\"name\":\"Portada\",\"item\":\"https:\/\/noti-america.com\/site\/mexico\/\"},{\"@type\":\"ListItem\",\"position\":2,\"name\":\"Oto\u00f1o y primer frente fr\u00edo de la temporada llegan de la mano este lunes\"}]},{\"@type\":\"WebSite\",\"@id\":\"https:\/\/noti-america.com\/site\/mexico\/#website\",\"url\":\"https:\/\/noti-america.com\/site\/mexico\/\",\"name\":\"M\u00e9xico | Noti-America.com\",\"description\":\"\",\"publisher\":{\"@id\":\"https:\/\/noti-america.com\/site\/mexico\/#organization\"},\"potentialAction\":[{\"@type\":\"SearchAction\",\"target\":{\"@type\":\"EntryPoint\",\"urlTemplate\":\"https:\/\/noti-america.com\/site\/mexico\/?s={search_term_string}\"},\"query-input\":{\"@type\":\"PropertyValueSpecification\",\"valueRequired\":true,\"valueName\":\"search_term_string\"}}],\"inLanguage\":\"es\"},{\"@type\":\"Organization\",\"@id\":\"https:\/\/noti-america.com\/site\/mexico\/#organization\",\"name\":\"Noti-America LLC | M\u00e9xico\",\"url\":\"https:\/\/noti-america.com\/site\/mexico\/\",\"logo\":{\"@type\":\"ImageObject\",\"inLanguage\":\"es\",\"@id\":\"https:\/\/noti-america.com\/site\/mexico\/#\/schema\/logo\/image\/\",\"url\":\"https:\/\/noti-america.com\/site\/mexico\/wp-content\/uploads\/sites\/13\/2020\/07\/LogoNA-4x3-1.jpg\",\"contentUrl\":\"https:\/\/noti-america.com\/site\/mexico\/wp-content\/uploads\/sites\/13\/2020\/07\/LogoNA-4x3-1.jpg\",\"width\":1236,\"height\":1080,\"caption\":\"Noti-America LLC | M\u00e9xico\"},\"image\":{\"@id\":\"https:\/\/noti-america.com\/site\/mexico\/#\/schema\/logo\/image\/\"}},{\"@type\":\"Person\",\"@id\":\"https:\/\/noti-america.com\/site\/mexico\/#\/schema\/person\/116dfa1d5f58a6410bc589e7e2e4028c\",\"name\":\"Jos\u00e9 Manuel Estevanot\",\"image\":{\"@type\":\"ImageObject\",\"inLanguage\":\"es\",\"@id\":\"https:\/\/secure.gravatar.com\/avatar\/ded57725a28e7e6babccb982bd748d931b24c97df39c4d9513b7745f918a0c87?s=96&d=mm&r=g\",\"url\":\"https:\/\/secure.gravatar.com\/avatar\/ded57725a28e7e6babccb982bd748d931b24c97df39c4d9513b7745f918a0c87?s=96&d=mm&r=g\",\"contentUrl\":\"https:\/\/secure.gravatar.com\/avatar\/ded57725a28e7e6babccb982bd748d931b24c97df39c4d9513b7745f918a0c87?s=96&d=mm&r=g\",\"caption\":\"Jos\u00e9 Manuel Estevanot\"},\"url\":\"https:\/\/noti-america.com\/site\/mexico\/author\/jmestevanot\/\"}]}<\/script>\n<!-- \/ Yoast SEO Premium plugin. -->","yoast_head_json":{"title":"Oto\u00f1o y primer frente fr\u00edo de la temporada llegan de la mano este lunes - M\u00e9xico","robots":{"index":"index","follow":"follow","max-snippet":"max-snippet:-1","max-image-preview":"max-image-preview:large","max-video-preview":"max-video-preview:-1"},"canonical":"https:\/\/noti-america.com\/site\/mexico\/2019\/09\/23\/otono-y-primer-frente-frio-de-la-temporada-llegan-de-la-mano-este-lunes\/","og_locale":"es_ES","og_type":"article","og_title":"Oto\u00f1o y primer frente fr\u00edo de la temporada llegan de la mano este lunes","og_description":"A las 02:50 de la madrugada de este lunes ocurri\u00f3 el\u00a0equinoccio de Oto\u00f1o\u00a0y con ello dio inicio la estaci\u00f3n en el hemisferio norte, inform\u00f3 el Servicio Meteorol\u00f3gico Nacional (SMN). Por otra parte, este lunes&#46;&#46;&#46;","og_url":"https:\/\/noti-america.com\/site\/mexico\/2019\/09\/23\/otono-y-primer-frente-frio-de-la-temporada-llegan-de-la-mano-este-lunes\/","og_site_name":"M\u00e9xico","article_published_time":"2019-09-23T16:42:11+00:00","og_image":[{"width":750,"height":450,"url":"https:\/\/noti-america.com\/site\/mexico\/wp-content\/uploads\/sites\/13\/2019\/09\/Descarga-22.jpg","type":"image\/jpeg"}],"author":"Jos\u00e9 Manuel Estevanot","twitter_card":"summary_large_image","twitter_misc":{"Escrito por":"Jos\u00e9 Manuel Estevanot","Tiempo estimado de lectura":"1 minuto"},"schema":{"@context":"https:\/\/schema.org","@graph":[{"@type":"Article","@id":"https:\/\/noti-america.com\/site\/mexico\/2019\/09\/23\/otono-y-primer-frente-frio-de-la-temporada-llegan-de-la-mano-este-lunes\/#article","isPartOf":{"@id":"https:\/\/noti-america.com\/site\/mexico\/2019\/09\/23\/otono-y-primer-frente-frio-de-la-temporada-llegan-de-la-mano-este-lunes\/"},"author":{"name":"Jos\u00e9 Manuel Estevanot","@id":"https:\/\/noti-america.com\/site\/mexico\/#\/schema\/person\/116dfa1d5f58a6410bc589e7e2e4028c"},"headline":"Oto\u00f1o y primer frente fr\u00edo de la temporada llegan de la mano este lunes","datePublished":"2019-09-23T16:42:11+00:00","mainEntityOfPage":{"@id":"https:\/\/noti-america.com\/site\/mexico\/2019\/09\/23\/otono-y-primer-frente-frio-de-la-temporada-llegan-de-la-mano-este-lunes\/"},"wordCount":219,"commentCount":0,"publisher":{"@id":"https:\/\/noti-america.com\/site\/mexico\/#organization"},"image":{"@id":"https:\/\/noti-america.com\/site\/mexico\/2019\/09\/23\/otono-y-primer-frente-frio-de-la-temporada-llegan-de-la-mano-este-lunes\/#primaryimage"},"thumbnailUrl":"https:\/\/noti-america.com\/site\/mexico\/wp-content\/uploads\/sites\/13\/2019\/09\/Descarga-22.jpg","keywords":["Oto\u00f1o y primer frente fr\u00edo de la temporada llegan de la mano este lunes"],"articleSection":["Noticias"],"inLanguage":"es","potentialAction":[{"@type":"CommentAction","name":"Comment","target":["https:\/\/noti-america.com\/site\/mexico\/2019\/09\/23\/otono-y-primer-frente-frio-de-la-temporada-llegan-de-la-mano-este-lunes\/#respond"]}]},{"@type":"WebPage","@id":"https:\/\/noti-america.com\/site\/mexico\/2019\/09\/23\/otono-y-primer-frente-frio-de-la-temporada-llegan-de-la-mano-este-lunes\/","url":"https:\/\/noti-america.com\/site\/mexico\/2019\/09\/23\/otono-y-primer-frente-frio-de-la-temporada-llegan-de-la-mano-este-lunes\/","name":"Oto\u00f1o y primer frente fr\u00edo de la temporada llegan de la mano este lunes - M\u00e9xico","isPartOf":{"@id":"https:\/\/noti-america.com\/site\/mexico\/#website"},"primaryImageOfPage":{"@id":"https:\/\/noti-america.com\/site\/mexico\/2019\/09\/23\/otono-y-primer-frente-frio-de-la-temporada-llegan-de-la-mano-este-lunes\/#primaryimage"},"image":{"@id":"https:\/\/noti-america.com\/site\/mexico\/2019\/09\/23\/otono-y-primer-frente-frio-de-la-temporada-llegan-de-la-mano-este-lunes\/#primaryimage"},"thumbnailUrl":"https:\/\/noti-america.com\/site\/mexico\/wp-content\/uploads\/sites\/13\/2019\/09\/Descarga-22.jpg","datePublished":"2019-09-23T16:42:11+00:00","breadcrumb":{"@id":"https:\/\/noti-america.com\/site\/mexico\/2019\/09\/23\/otono-y-primer-frente-frio-de-la-temporada-llegan-de-la-mano-este-lunes\/#breadcrumb"},"inLanguage":"es","potentialAction":[{"@type":"ReadAction","target":["https:\/\/noti-america.com\/site\/mexico\/2019\/09\/23\/otono-y-primer-frente-frio-de-la-temporada-llegan-de-la-mano-este-lunes\/"]}]},{"@type":"ImageObject","inLanguage":"es","@id":"https:\/\/noti-america.com\/site\/mexico\/2019\/09\/23\/otono-y-primer-frente-frio-de-la-temporada-llegan-de-la-mano-este-lunes\/#primaryimage","url":"https:\/\/noti-america.com\/site\/mexico\/wp-content\/uploads\/sites\/13\/2019\/09\/Descarga-22.jpg","contentUrl":"https:\/\/noti-america.com\/site\/mexico\/wp-content\/uploads\/sites\/13\/2019\/09\/Descarga-22.jpg","width":750,"height":450},{"@type":"BreadcrumbList","@id":"https:\/\/noti-america.com\/site\/mexico\/2019\/09\/23\/otono-y-primer-frente-frio-de-la-temporada-llegan-de-la-mano-este-lunes\/#breadcrumb","itemListElement":[{"@type":"ListItem","position":1,"name":"Portada","item":"https:\/\/noti-america.com\/site\/mexico\/"},{"@type":"ListItem","position":2,"name":"Oto\u00f1o y primer frente fr\u00edo de la temporada llegan de la mano este lunes"}]},{"@type":"WebSite","@id":"https:\/\/noti-america.com\/site\/mexico\/#website","url":"https:\/\/noti-america.com\/site\/mexico\/","name":"M\u00e9xico | Noti-America.com","description":"","publisher":{"@id":"https:\/\/noti-america.com\/site\/mexico\/#organization"},"potentialAction":[{"@type":"SearchAction","target":{"@type":"EntryPoint","urlTemplate":"https:\/\/noti-america.com\/site\/mexico\/?s={search_term_string}"},"query-input":{"@type":"PropertyValueSpecification","valueRequired":true,"valueName":"search_term_string"}}],"inLanguage":"es"},{"@type":"Organization","@id":"https:\/\/noti-america.com\/site\/mexico\/#organization","name":"Noti-America LLC | M\u00e9xico","url":"https:\/\/noti-america.com\/site\/mexico\/","logo":{"@type":"ImageObject","inLanguage":"es","@id":"https:\/\/noti-america.com\/site\/mexico\/#\/schema\/logo\/image\/","url":"https:\/\/noti-america.com\/site\/mexico\/wp-content\/uploads\/sites\/13\/2020\/07\/LogoNA-4x3-1.jpg","contentUrl":"https:\/\/noti-america.com\/site\/mexico\/wp-content\/uploads\/sites\/13\/2020\/07\/LogoNA-4x3-1.jpg","width":1236,"height":1080,"caption":"Noti-America LLC | M\u00e9xico"},"image":{"@id":"https:\/\/noti-america.com\/site\/mexico\/#\/schema\/logo\/image\/"}},{"@type":"Person","@id":"https:\/\/noti-america.com\/site\/mexico\/#\/schema\/person\/116dfa1d5f58a6410bc589e7e2e4028c","name":"Jos\u00e9 Manuel Estevanot","image":{"@type":"ImageObject","inLanguage":"es","@id":"https:\/\/secure.gravatar.com\/avatar\/ded57725a28e7e6babccb982bd748d931b24c97df39c4d9513b7745f918a0c87?s=96&d=mm&r=g","url":"https:\/\/secure.gravatar.com\/avatar\/ded57725a28e7e6babccb982bd748d931b24c97df39c4d9513b7745f918a0c87?s=96&d=mm&r=g","contentUrl":"https:\/\/secure.gravatar.com\/avatar\/ded57725a28e7e6babccb982bd748d931b24c97df39c4d9513b7745f918a0c87?s=96&d=mm&r=g","caption":"Jos\u00e9 Manuel Estevanot"},"url":"https:\/\/noti-america.com\/site\/mexico\/author\/jmestevanot\/"}]}},"_links":{"self":[{"href":"https:\/\/noti-america.com\/site\/mexico\/wp-json\/wp\/v2\/posts\/4502","targetHints":{"allow":["GET"]}}],"collection":[{"href":"https:\/\/noti-america.com\/site\/mexico\/wp-json\/wp\/v2\/posts"}],"about":[{"href":"https:\/\/noti-america.com\/site\/mexico\/wp-json\/wp\/v2\/types\/post"}],"author":[{"embeddable":true,"href":"https:\/\/noti-america.com\/site\/mexico\/wp-json\/wp\/v2\/users\/39"}],"replies":[{"embeddable":true,"href":"https:\/\/noti-america.com\/site\/mexico\/wp-json\/wp\/v2\/comments?post=4502"}],"version-history":[{"count":1,"href":"https:\/\/noti-america.com\/site\/mexico\/wp-json\/wp\/v2\/posts\/4502\/revisions"}],"predecessor-version":[{"id":4504,"href":"https:\/\/noti-america.com\/site\/mexico\/wp-json\/wp\/v2\/posts\/4502\/revisions\/4504"}],"wp:featuredmedia":[{"embeddable":true,"href":"https:\/\/noti-america.com\/site\/mexico\/wp-json\/wp\/v2\/media\/4503"}],"wp:attachment":[{"href":"https:\/\/noti-america.com\/site\/mexico\/wp-json\/wp\/v2\/media?parent=4502"}],"wp:term":[{"taxonomy":"category","embeddable":true,"href":"https:\/\/noti-america.com\/site\/mexico\/wp-json\/wp\/v2\/categories?post=4502"},{"taxonomy":"post_tag","embeddable":true,"href":"https:\/\/noti-america.com\/site\/mexico\/wp-json\/wp\/v2\/tags?post=4502"}],"curies":[{"name":"wp","href":"https:\/\/api.w.org\/{rel}","templated":true}]}}