{"id":4489,"date":"2019-09-19T16:28:07","date_gmt":"2019-09-19T16:28:07","guid":{"rendered":"http:\/\/noti-america.com\/site\/mexico\/?p=4489"},"modified":"2019-09-19T16:31:22","modified_gmt":"2019-09-19T16:31:22","slug":"asi-se-vivio-el-macrosimulacro-en-la-ciudad-de-mexico","status":"publish","type":"post","link":"https:\/\/noti-america.com\/site\/mexico\/2019\/09\/19\/asi-se-vivio-el-macrosimulacro-en-la-ciudad-de-mexico\/","title":{"rendered":"As\u00ed se vivi\u00f3 el macrosimulacro en la Ciudad de M\u00e9xico"},"content":{"rendered":"<p><img loading=\"lazy\" decoding=\"async\" class=\"alignnone  wp-image-4491 aligncenter\" src=\"http:\/\/noti-america.com\/site\/mexico\/wp-content\/uploads\/sites\/13\/2019\/09\/Descarga-21-300x168.jpg\" alt=\"\" width=\"582\" height=\"326\" \/><\/p>\n<p>&nbsp;<\/p>\n<h4><strong>Fuente:\u00a0 https:\/\/www.unotv.com\/noticias\/<\/strong><\/h4>\n<p>&nbsp;<\/p>\n<p>En punto de las 10:00 horas de este jueves, se llev\u00f3 a cabo el\u00a0<strong>Macrosimulacro Nacional 2019<\/strong>. En la\u00a0<strong>Ciudad de M\u00e9xico<\/strong>\u00a0se escucharon 12 mil 139\u00a0<strong>altavoces\u00a0<\/strong>y\u00a0<strong>receptores multi-alertas<\/strong>\u00a0autorizados por la\u00a0<b>Secretar\u00eda\u00a0de Gesti\u00f3n Integral de Riesgos\u00a0<\/b>y\u00a0<strong>Protecci\u00f3n Civil<\/strong>.<\/p>\n<p>&nbsp;<\/p>\n<div class=\"tweeet-post\">\n<div class=\"SandboxRoot env-bp-min\" data-twitter-event-id=\"0\">\n<div id=\"twitter-widget-0\" class=\"EmbeddedTweet EmbeddedTweet--cta js-clickToOpenTarget\" lang=\"es\" data-click-to-open-target=\"https:\/\/twitter.com\/quieropasear\/status\/1174701875054034944\" data-iframe-title=\"Tweet de Twitter\" data-scribe=\"page:tweet\" data-twitter-event-id=\"9\">\n<div class=\"EmbeddedTweet-tweetContainer\">\n<div class=\"EmbeddedTweet-tweet\">\n<blockquote class=\"Tweet h-entry js-tweetIdInfo subject expanded\" cite=\"https:\/\/twitter.com\/quieropasear\/status\/1174701875054034944\" data-tweet-id=\"1174701875054034944\" data-scribe=\"section:subject\">\n<div class=\"Tweet-header\">\u00a0<a class=\"ImageGrid-image ImageGrid-image-0 CroppedImage CroppedImage--fillWidth\" href=\"https:\/\/twitter.com\/quieropasear\/status\/1174701875054034944\/photo\/1\"><img loading=\"lazy\" decoding=\"async\" class=\"CroppedImage-image js-cspForcedStyle aligncenter\" title=\"Ver imagen en Twitter\" src=\"https:\/\/pbs.twimg.com\/media\/EE1hHZxU4AAm80P?format=jpg&amp;name=240x240\" alt=\"Ver imagen en Twitter\" width=\"1200\" height=\"900\" data-image=\"https:\/\/pbs.twimg.com\/media\/EE1hHZxU4AAm80P\" data-image-format=\"jpg\" data-style=\" top:-32%;\" \/><\/a><a class=\"ImageGrid-image ImageGrid-image-2 CroppedImage CroppedImage--fillWidth\" href=\"https:\/\/twitter.com\/quieropasear\/status\/1174701875054034944\/photo\/1\"><img loading=\"lazy\" decoding=\"async\" class=\"CroppedImage-image js-cspForcedStyle\" title=\"Ver imagen en Twitter\" src=\"https:\/\/pbs.twimg.com\/media\/EE1hHaQVUAAG92t?format=jpg&amp;name=240x240\" alt=\"Ver imagen en Twitter\" width=\"900\" height=\"1200\" data-image=\"https:\/\/pbs.twimg.com\/media\/EE1hHaQVUAAG92t\" data-image-format=\"jpg\" data-style=\" top:-88%;\" \/><\/a><a class=\"ImageGrid-image ImageGrid-image-1 CroppedImage CroppedImage--fillWidth\" href=\"https:\/\/twitter.com\/quieropasear\/status\/1174701875054034944\/photo\/1\"><img loading=\"lazy\" decoding=\"async\" class=\"CroppedImage-image js-cspForcedStyle\" title=\"Ver imagen en Twitter\" src=\"https:\/\/pbs.twimg.com\/media\/EE1hHZyUUAAIpZU?format=jpg&amp;name=240x240\" alt=\"Ver imagen en Twitter\" width=\"1200\" height=\"900\" data-image=\"https:\/\/pbs.twimg.com\/media\/EE1hHZyUUAAIpZU\" data-image-format=\"jpg\" data-style=\" top:-24%;\" \/><\/a><\/div>\n<\/blockquote>\n<\/div>\n<\/div>\n<\/div>\n<\/div>\n<\/div>\n<p>&nbsp;<\/p>\n<div class=\"tweeet-post\">\n<div class=\"SandboxRoot env-bp-min\" data-twitter-event-id=\"1\">\n<div id=\"twitter-widget-1\" class=\"EmbeddedTweet EmbeddedTweet--cta js-clickToOpenTarget\" lang=\"es\" data-click-to-open-target=\"https:\/\/twitter.com\/kari_acosta\/status\/1174700780101746689\" data-iframe-title=\"Tweet de Twitter\" data-scribe=\"page:tweet\" data-twitter-event-id=\"10\">\n<div class=\"EmbeddedTweet-tweetContainer\">\n<div class=\"EmbeddedTweet-tweet\">\n<blockquote class=\"Tweet h-entry js-tweetIdInfo subject expanded\" cite=\"https:\/\/twitter.com\/kari_acosta\/status\/1174700780101746689\" data-tweet-id=\"1174700780101746689\" data-scribe=\"section:subject\">\n<div class=\"Tweet-header\">\u00a0<a class=\"MediaCard-mediaAsset MediaCard-mediaPlaceholder NaturalImage NaturalImage--fill js-playableMediaInterstitial\" href=\"https:\/\/twitter.com\/kari_acosta\/status\/1174700780101746689\"><img decoding=\"async\" class=\"NaturalImage-image\" src=\"https:\/\/pbs.twimg.com\/ext_tw_video_thumb\/1174700579215564801\/pu\/img\/L11ayHZDiovOh2Sc?format=jpg&amp;name=360x360\" alt=\"Video insertado\" data-image=\"https:\/\/pbs.twimg.com\/ext_tw_video_thumb\/1174700579215564801\/pu\/img\/L11ayHZDiovOh2Sc\" data-scribe=\"element:poster_image\" \/><\/a><\/div>\n<\/blockquote>\n<\/div>\n<div class=\"CallToAction-chevron\" data-scribe=\"element:cta_chevron\">\n<div class=\"Icon Icon--chevronRightCTA \" title=\"Ver en Twitter\" role=\"img\" aria-label=\"Ver en Twitter\"><\/div>\n<\/div>\n<\/div>\n<\/div>\n<\/div>\n<\/div>\n<div class=\"tweeet-post\">\n<div class=\"SandboxRoot env-bp-min\" data-twitter-event-id=\"2\">\n<div id=\"twitter-widget-2\" class=\"EmbeddedTweet EmbeddedTweet--cta js-clickToOpenTarget\" lang=\"es\" data-click-to-open-target=\"https:\/\/twitter.com\/Mexicanitou\/status\/1174701879076577280\" data-iframe-title=\"Tweet de Twitter\" data-scribe=\"page:tweet\" data-twitter-event-id=\"8\">\n<div class=\"EmbeddedTweet-tweetContainer\">\n<div class=\"EmbeddedTweet-tweet\">\n<blockquote class=\"Tweet h-entry js-tweetIdInfo subject expanded\" cite=\"https:\/\/twitter.com\/Mexicanitou\/status\/1174701879076577280\" data-tweet-id=\"1174701879076577280\" data-scribe=\"section:subject\">\n<div class=\"Tweet-body e-entry-content\" data-scribe=\"component:tweet\">\n<div class=\"Tweet-card\">\n<article class=\"MediaCard cards-multimedia customisable-border\" dir=\"ltr\" data-scribe=\"component:card\">\n<div class=\"MediaCard-media\">\n<div class=\"MediaCard-widthConstraint js-cspForcedStyle\" data-style=\"max-width: 2000px\">\n<div class=\"MediaCard-mediaContainer MediaCard--roundedTop MediaCard--roundedBottom js-cspForcedStyle\" data-style=\"padding-bottom: 100.0000%\">\n<div class=\"NaturalImage-ctaOverlay PlayButton PlayButton--centered\" data-scribe=\"element:play_button\">\n<div class=\"Icon Icon--playCircle \" title=\"Reproducir contenido multimedia\" role=\"img\" aria-label=\"Reproducir contenido multimedia\"><\/div>\n<\/div>\n<p><a class=\"MediaCard-mediaAsset MediaCard-mediaPlaceholder NaturalImage NaturalImage--fill js-playableMediaInterstitial\" href=\"https:\/\/twitter.com\/Mexicanitou\/status\/1174701879076577280\"><img decoding=\"async\" class=\"NaturalImage-image\" src=\"https:\/\/pbs.twimg.com\/ext_tw_video_thumb\/1174701683395452928\/pu\/img\/8-sBkM6SpvbqGRU3?format=jpg&amp;name=360x360\" alt=\"Video insertado\" data-image=\"https:\/\/pbs.twimg.com\/ext_tw_video_thumb\/1174701683395452928\/pu\/img\/8-sBkM6SpvbqGRU3\" data-scribe=\"element:poster_image\" \/><\/a><\/p>\n<\/div>\n<\/div>\n<\/div>\n<\/article>\n<\/div>\n<div class=\"TweetInfo\">\n<div class=\"TweetInfo-like\"><\/div>\n<div class=\"TweetInfo-timeGeo\"><\/div>\n<\/div>\n<\/div>\n<\/blockquote>\n<\/div>\n<\/div>\n<\/div>\n<\/div>\n<\/div>\n<div class=\"tweeet-post\">\n<div class=\"SandboxRoot env-bp-min\" data-twitter-event-id=\"3\">\n<div id=\"twitter-widget-3\" class=\"EmbeddedTweet EmbeddedTweet--cta js-clickToOpenTarget\" lang=\"es\" data-click-to-open-target=\"https:\/\/twitter.com\/webcamsdemexico\/status\/1174708544005922822\" data-iframe-title=\"Tweet de Twitter\" data-scribe=\"page:tweet\" data-twitter-event-id=\"14\">\n<div class=\"EmbeddedTweet-tweetContainer\">\n<div class=\"EmbeddedTweet-tweet\">\n<blockquote class=\"Tweet h-entry js-tweetIdInfo subject expanded\" cite=\"https:\/\/twitter.com\/webcamsdemexico\/status\/1174708544005922822\" data-tweet-id=\"1174708544005922822\" data-scribe=\"section:subject\">\n<div class=\"Tweet-header\">\n<div class=\"TweetAuthor js-inViewportScribingTarget\" data-scribe=\"component:author\">\n<div class=\"TweetAuthor-nameScreenNameContainer\">As\u00ed se vivi\u00f3 el <a class=\"PrettyLink hashtag customisable\" href=\"https:\/\/twitter.com\/hashtag\/Simulacro2019?src=hash\" rel=\"tag\" data-query-source=\"hashtag_click\" data-scribe=\"element:hashtag\"><span class=\"PrettyLink-prefix\">#<\/span><span class=\"PrettyLink-value\">Sim<\/span><\/a><span class=\"PrettyLink-value\">ulacro2019<\/span> <span class=\"PrettyLink-prefix\">#<\/span><span class=\"PrettyLink-value\">AlertaSismica<\/span> en la <span class=\"PrettyLink-prefix\">#<\/span><span class=\"PrettyLink-value\">CDMX<\/span>.<\/div>\n<\/div>\n<\/div>\n<div class=\"Tweet-body e-entry-content\" data-scribe=\"component:tweet\">\n<p class=\"Tweet-text e-entry-title\" dir=\"ltr\" lang=\"es\">Vista: El \u00c1ngel de la Independencia, Av. Paseo de la Reforma.<\/p>\n<p>Ver en tiempo real: <a class=\"link customisable\" title=\"http:\/\/www.webcamsdemexico.com\/webcam-mexico-reforma-angel\" href=\"https:\/\/t.co\/H20x9SP9e3\" target=\"_blank\" rel=\"nofollow noopener noreferrer\" data-expanded-url=\"http:\/\/www.webcamsdemexico.com\/webcam-mexico-reforma-angel\" data-scribe=\"element:url\"><span class=\"u-hiddenVisually\">http:\/\/www.<\/span>webcamsdemexico.com\/webcam-mexico-<span class=\"u-hiddenVisually\">reforma-angel\u00a0<\/span>\u2026<\/a><\/p>\n<div class=\"Tweet-card\">\n<article class=\"MediaCard cards-multimedia customisable-border\" dir=\"ltr\" data-scribe=\"component:card\">\n<div class=\"MediaCard-media\">\n<div class=\"MediaCard-widthConstraint js-cspForcedStyle\" data-style=\"max-width: 2000px\">\n<div class=\"MediaCard-mediaContainer MediaCard--roundedTop MediaCard--roundedBottom js-cspForcedStyle\" data-style=\"padding-bottom: 75.0000%\">\n<div class=\"NaturalImage-ctaOverlay PlayButton PlayButton--centered\" data-scribe=\"element:play_button\">\n<div class=\"Icon Icon--playCircle \" title=\"Reproducir contenido multimedia\" role=\"img\" aria-label=\"Reproducir contenido multimedia\"><\/div>\n<\/div>\n<p><a class=\"MediaCard-mediaAsset MediaCard-mediaPlaceholder NaturalImage NaturalImage--fill js-playableMediaInterstitial\" href=\"https:\/\/twitter.com\/webcamsdemexico\/status\/1174708544005922822\"><img decoding=\"async\" class=\"NaturalImage-image\" src=\"https:\/\/pbs.twimg.com\/ext_tw_video_thumb\/1174708424162119680\/pu\/img\/D46a9vEgZwmrdLNH?format=jpg&amp;name=360x360\" alt=\"Video insertado\" data-image=\"https:\/\/pbs.twimg.com\/ext_tw_video_thumb\/1174708424162119680\/pu\/img\/D46a9vEgZwmrdLNH\" data-scribe=\"element:poster_image\" \/><\/a><\/p>\n<\/div>\n<\/div>\n<\/div>\n<\/article>\n<\/div>\n<div class=\"TweetInfo\">\n<div class=\"TweetInfo-like\">\n<div data-scribe=\"element:heart\">\n<div class=\"Icon Icon--heart \" title=\"Me gusta\" role=\"img\" aria-label=\"Me gusta\"><\/div>\n<\/div>\n<\/div>\n<\/div>\n<\/div>\n<\/blockquote>\n<\/div>\n<div class=\"CallToAction-chevron\" data-scribe=\"element:cta_chevron\">\n<div class=\"Icon Icon--chevronRightCTA \" title=\"Ver en Twitter\" role=\"img\" aria-label=\"Ver en Twitter\"><\/div>\n<\/div>\n<\/div>\n<\/div>\n<div class=\"resize-sensor\">\n<div class=\"resize-sensor-expand\">\n<div><\/div>\n<\/div>\n<div class=\"resize-sensor-shrink\">\n<div><\/div>\n<\/div>\n<\/div>\n<\/div>\n<\/div>\n<div class=\"facebook-post\">\n<div class=\"fb-post fb_iframe_widget\" data-href=\"https:\/\/www.facebook.com\/ROYGARZADJ\/videos\/526375318109681\/\" data-width=\"500\"><\/div>\n<\/div>\n<p dir=\"ltr\">Este evento se hizo teniendo como\u00a0<strong>hip\u00f3tesis\u00a0<\/strong>un\u00a0<strong>sismo\u00a0<\/strong>de magnitud 8.6, con epicentro en las costas de\u00a0<strong>Oaxaca\u00a0<\/strong>y a 40 kil\u00f3metros de profundidad.<\/p>\n<div class=\"tweeet-post\">\n<div class=\"SandboxRoot env-bp-min\" data-twitter-event-id=\"4\">\n<div id=\"twitter-widget-4\" class=\"EmbeddedTweet EmbeddedTweet--cta js-clickToOpenTarget\" lang=\"es\" data-click-to-open-target=\"https:\/\/twitter.com\/arimasenka\/status\/1174704201563328513\" data-iframe-title=\"Tweet de Twitter\" data-scribe=\"page:tweet\" data-twitter-event-id=\"13\">\n<div class=\"EmbeddedTweet-tweetContainer\">\n<div class=\"EmbeddedTweet-tweet\">\n<blockquote class=\"Tweet h-entry js-tweetIdInfo subject expanded\" cite=\"https:\/\/twitter.com\/arimasenka\/status\/1174704201563328513\" data-tweet-id=\"1174704201563328513\" data-scribe=\"section:subject\">\n<div class=\"Tweet-header\">\n<p><a class=\"TweetAuthor-avatar Identity-avatar u-linkBlend\" href=\"https:\/\/twitter.com\/arimasenka\" data-scribe=\"element:user_link\" aria-label=\"Ari Macias (nombre de pantalla: arimasenka)\"><img decoding=\"async\" class=\"Avatar\" src=\"https:\/\/pbs.twimg.com\/profile_images\/1167908599168815104\/kChQ4g-3_normal.jpg\" alt=\"\" data-scribe=\"element:avatar\" \/><\/a><\/p>\n<div class=\"TweetAuthor js-inViewportScribingTarget\" data-scribe=\"component:author\">\n<div class=\"TweetAuthor-nameScreenNameContainer\"><span class=\"TweetAuthor-decoratedName\"><span class=\"TweetAuthor-name Identity-name customisable-highlight\" title=\"Ari Macias\" data-scribe=\"element:name\">Ari Macias<\/span><\/span><span class=\"TweetAuthor-screenName Identity-screenName\" dir=\"ltr\" title=\"@arimasenka\" data-scribe=\"element:screen_name\">@arimasenka<\/span><\/div>\n<\/div>\n<div class=\"Tweet-brand\">\n<div class=\"Icon Icon--twitter \" title=\"Ver en Twitter\" role=\"presentation\" aria-label=\"Ver en Twitter\"><\/div>\n<\/div>\n<\/div>\n<div class=\"Tweet-body e-entry-content\" data-scribe=\"component:tweet\">\n<div class=\"Tweet-target js-inViewportScribingTarget\"><\/div>\n<p class=\"Tweet-text e-entry-title\" dir=\"ltr\" lang=\"und\"><a class=\"PrettyLink hashtag customisable\" href=\"https:\/\/twitter.com\/hashtag\/MacroSimulacro2019?src=hash\" rel=\"tag\" data-query-source=\"hashtag_click\" data-scribe=\"element:hashtag\"><span class=\"PrettyLink-prefix\">#<\/span><span class=\"PrettyLink-value\">MacroSimulacro2019<\/span><\/a><\/p>\n<div class=\"Tweet-card\">\n<article class=\"MediaCard cards-multimedia customisable-border\" dir=\"ltr\" data-scribe=\"component:card\">\n<div class=\"MediaCard-media\">\n<div class=\"MediaCard-widthConstraint js-cspForcedStyle\" data-style=\"max-width: 2000px\">\n<div class=\"MediaCard-mediaContainer MediaCard--roundedTop MediaCard--roundedBottom js-cspForcedStyle\" data-style=\"padding-bottom: 100.0000%\">\n<div class=\"NaturalImage-ctaOverlay PlayButton PlayButton--centered\" data-scribe=\"element:play_button\">\n<div class=\"Icon Icon--playCircle \" title=\"Reproducir contenido multimedia\" role=\"img\" aria-label=\"Reproducir contenido multimedia\"><\/div>\n<\/div>\n<p><a class=\"MediaCard-mediaAsset MediaCard-mediaPlaceholder NaturalImage NaturalImage--fill js-playableMediaInterstitial\" href=\"https:\/\/twitter.com\/arimasenka\/status\/1174704201563328513\"><img decoding=\"async\" class=\"NaturalImage-image\" src=\"https:\/\/pbs.twimg.com\/ext_tw_video_thumb\/1174703997581701122\/pu\/img\/_t1IR3m0TmgyBGhV?format=jpg&amp;name=360x360\" alt=\"Video insertado\" data-image=\"https:\/\/pbs.twimg.com\/ext_tw_video_thumb\/1174703997581701122\/pu\/img\/_t1IR3m0TmgyBGhV\" data-scribe=\"element:poster_image\" \/><\/a><\/p>\n<\/div>\n<\/div>\n<\/div>\n<\/article>\n<\/div>\n<div class=\"TweetInfo\">\n<div class=\"TweetInfo-like\">\n<div data-scribe=\"element:heart\">\n<div class=\"Icon Icon--heart \" title=\"Me gusta\" role=\"img\" aria-label=\"Me gusta\"><\/div>\n<\/div>\n<p><a class=\"TweetInfo-heart\" title=\"Me gusta\" href=\"https:\/\/twitter.com\/intent\/like?tweet_id=1174704201563328513\" data-scribe=\"component:actions\"><span class=\"TweetInfo-heartStat\" data-scribe=\"element:heart_count\">1<\/span><\/a><\/p>\n<\/div>\n<div class=\"TweetInfo-timeGeo\"><a class=\"u-linkBlend u-url customisable-highlight long-permalink\" href=\"https:\/\/twitter.com\/arimasenka\/status\/1174704201563328513\" data-datetime=\"2019-09-19T15:18:01+0000\" data-scribe=\"element:full_timestamp\">11:18 &#8211; 19 sept. 2019<\/a><\/div>\n<div class=\"tweet-InformationCircle\" data-scribe=\"element:notice\"><a class=\"Icon Icon--informationCircleWhite js-inViewportScribingTarget\" title=\"Informaci\u00f3n y privacidad de Twitter Ads\" href=\"https:\/\/support.twitter.com\/articles\/20175256\"><span class=\"u-hiddenVisually\">Informaci\u00f3n y privacidad de Twitter Ads<\/span><\/a><\/div>\n<\/div>\n<\/div>\n<\/blockquote>\n<\/div>\n<div class=\"CallToAction-icon\" data-scribe=\"element:profile_icon\">\n<div class=\"Icon Icon--profileCTA \" title=\"Ver perfil en Twitter\" role=\"img\" aria-label=\"Ver perfil en Twitter\"><\/div>\n<\/div>\n<div class=\"CallToAction-text\" data-scribe=\"element:profile_text\">Ver los otros Tweets de Ari Macias<\/div>\n<div class=\"CallToAction-chevron\" data-scribe=\"element:cta_chevron\">\n<div class=\"Icon Icon--chevronRightCTA \" title=\"Ver en Twitter\" role=\"img\" aria-label=\"Ver en Twitter\"><\/div>\n<\/div>\n<\/div>\n<\/div>\n<div class=\"resize-sensor\">\n<div class=\"resize-sensor-expand\">\n<div><\/div>\n<\/div>\n<div class=\"resize-sensor-shrink\">\n<div><\/div>\n<\/div>\n<\/div>\n<\/div>\n<\/div>\n<ul>\n<li>La\u00a0<strong>Coordinaci\u00f3n Nacional de Protecci\u00f3n Civil<\/strong>\u00a0invit\u00f3 a todas las dependencias e instituciones del pa\u00eds, para participar en este evento,\u00a0 en el que se\u00a0calcula que en\u00a0<strong>CDMX\u00a0<\/strong>participaron cerca de siete millones de personas.<\/li>\n<\/ul>\n<div class=\"tweeet-post\">\n<div class=\"SandboxRoot env-bp-min\" data-twitter-event-id=\"5\">\n<div id=\"twitter-widget-5\" class=\"EmbeddedTweet EmbeddedTweet--cta js-clickToOpenTarget\" lang=\"es\" data-click-to-open-target=\"https:\/\/twitter.com\/yuravillalobos\/status\/1174701848202219521\" data-iframe-title=\"Tweet de Twitter\" data-scribe=\"page:tweet\" data-twitter-event-id=\"12\">\n<div class=\"EmbeddedTweet-tweetContainer\">\n<div class=\"EmbeddedTweet-tweet\">\n<blockquote class=\"Tweet h-entry js-tweetIdInfo subject expanded\" cite=\"https:\/\/twitter.com\/yuravillalobos\/status\/1174701848202219521\" data-tweet-id=\"1174701848202219521\" data-scribe=\"section:subject\">\n<div class=\"Tweet-header\">\n<p><a class=\"TweetAuthor-avatar Identity-avatar u-linkBlend\" href=\"https:\/\/twitter.com\/yuravillalobos\" data-scribe=\"element:user_link\" aria-label=\"Yura Villalobos M. (nombre de pantalla: yuravillalobos)\"><img decoding=\"async\" class=\"Avatar\" src=\"https:\/\/pbs.twimg.com\/profile_images\/880473260084867076\/9oS9ktyO_normal.jpg\" alt=\"\" data-scribe=\"element:avatar\" \/><\/a><\/p>\n<div class=\"TweetAuthor js-inViewportScribingTarget\" data-scribe=\"component:author\">\n<div class=\"TweetAuthor-nameScreenNameContainer\"><span class=\"TweetAuthor-decoratedName\"><span class=\"TweetAuthor-name Identity-name customisable-highlight\" title=\"Yura Villalobos M.\" data-scribe=\"element:name\">Yura Villalobos M.<\/span><\/span><span class=\"TweetAuthor-screenName Identity-screenName\" dir=\"ltr\" title=\"@yuravillalobos\" data-scribe=\"element:screen_name\">@yuravillalobos<\/span><\/div>\n<\/div>\n<div class=\"Tweet-brand\">\n<div class=\"Icon Icon--twitter \" title=\"Ver en Twitter\" role=\"presentation\" aria-label=\"Ver en Twitter\"><\/div>\n<\/div>\n<\/div>\n<div class=\"Tweet-body e-entry-content\" data-scribe=\"component:tweet\">\n<div class=\"Tweet-target js-inViewportScribingTarget\"><\/div>\n<p class=\"Tweet-text e-entry-title\" dir=\"ltr\" lang=\"es\">A las 10:00 a.m. se llev\u00f3 a cabo el <a class=\"PrettyLink hashtag customisable\" href=\"https:\/\/twitter.com\/hashtag\/MacroSimulacro2019?src=hash\" rel=\"tag\" data-query-source=\"hashtag_click\" data-scribe=\"element:hashtag\"><span class=\"PrettyLink-prefix\">#<\/span><span class=\"PrettyLink-value\">MacroSimulacro2019<\/span><\/a> en la <a class=\"PrettyLink hashtag customisable\" href=\"https:\/\/twitter.com\/hashtag\/CDMX?src=hash\" rel=\"tag\" data-query-source=\"hashtag_click\" data-scribe=\"element:hashtag\"><span class=\"PrettyLink-prefix\">#<\/span><span class=\"PrettyLink-value\">CDMX<\/span><\/a>. No importa cu\u00e1ndo suene, el sonido de la <a class=\"PrettyLink hashtag customisable\" href=\"https:\/\/twitter.com\/hashtag\/AlertaSismica?src=hash\" rel=\"tag\" data-query-source=\"hashtag_click\" data-scribe=\"element:hashtag\"><span class=\"PrettyLink-prefix\">#<\/span><span class=\"PrettyLink-value\">AlertaSismica<\/span><\/a> es estremecedor.<\/p>\n<p>Hoy recordamos todas las v\u00edctimas del <a class=\"PrettyLink hashtag customisable\" href=\"https:\/\/twitter.com\/hashtag\/Sismo19S?src=hash\" rel=\"tag\" data-query-source=\"hashtag_click\" data-scribe=\"element:hashtag\"><span class=\"PrettyLink-prefix\">#<\/span><span class=\"PrettyLink-value\">Sismo19S<\/span><\/a>.<\/p>\n<div class=\"Tweet-card\">\n<article class=\"MediaCard cards-multimedia customisable-border\" dir=\"ltr\" data-scribe=\"component:card\">\n<div class=\"MediaCard-media\">\n<div class=\"MediaCard-widthConstraint js-cspForcedStyle\" data-style=\"max-width: 2000px\">\n<div class=\"MediaCard-mediaContainer MediaCard--roundedTop MediaCard--roundedBottom js-cspForcedStyle\" data-style=\"padding-bottom: 56.2500%\">\n<div class=\"NaturalImage-ctaOverlay PlayButton PlayButton--centered\" data-scribe=\"element:play_button\">\n<div class=\"Icon Icon--playCircle \" title=\"Reproducir contenido multimedia\" role=\"img\" aria-label=\"Reproducir contenido multimedia\"><\/div>\n<\/div>\n<p><a class=\"MediaCard-mediaAsset MediaCard-mediaPlaceholder NaturalImage NaturalImage--fill js-playableMediaInterstitial\" href=\"https:\/\/twitter.com\/yuravillalobos\/status\/1174701848202219521\"><img decoding=\"async\" class=\"NaturalImage-image\" src=\"https:\/\/pbs.twimg.com\/ext_tw_video_thumb\/1174701751687143424\/pu\/img\/41GxmCSmY80GwZn7?format=jpg&amp;name=360x360\" alt=\"Video insertado\" data-image=\"https:\/\/pbs.twimg.com\/ext_tw_video_thumb\/1174701751687143424\/pu\/img\/41GxmCSmY80GwZn7\" data-scribe=\"element:poster_image\" \/><\/a><\/p>\n<\/div>\n<\/div>\n<\/div>\n<\/article>\n<\/div>\n<div class=\"TweetInfo\">\n<div class=\"TweetInfo-like\">\n<div data-scribe=\"element:heart\">\n<div class=\"Icon Icon--heart \" title=\"Me gusta\" role=\"img\" aria-label=\"Me gusta\"><\/div>\n<\/div>\n<p><a class=\"TweetInfo-heart\" title=\"Me gusta\" href=\"https:\/\/twitter.com\/intent\/like?tweet_id=1174701848202219521\" data-scribe=\"component:actions\"><span class=\"TweetInfo-heartStat\" data-scribe=\"element:heart_count\">2<\/span><\/a><\/p>\n<\/div>\n<div class=\"TweetInfo-timeGeo\"><a class=\"u-linkBlend u-url customisable-highlight long-permalink\" href=\"https:\/\/twitter.com\/yuravillalobos\/status\/1174701848202219521\" data-datetime=\"2019-09-19T15:08:40+0000\" data-scribe=\"element:full_timestamp\">11:08 &#8211; 19 sept. 2019<\/a><\/div>\n<div class=\"tweet-InformationCircle\" data-scribe=\"element:notice\"><a class=\"Icon Icon--informationCircleWhite js-inViewportScribingTarget\" title=\"Informaci\u00f3n y privacidad de Twitter Ads\" href=\"https:\/\/support.twitter.com\/articles\/20175256\"><span class=\"u-hiddenVisually\">Informaci\u00f3n y privacidad de Twitter Ads<\/span><\/a><\/div>\n<\/div>\n<\/div>\n<\/blockquote>\n<\/div>\n<div class=\"CallToAction-icon\" data-scribe=\"element:profile_icon\">\n<div class=\"Icon Icon--profileCTA \" title=\"Ver perfil en Twitter\" role=\"img\" aria-label=\"Ver perfil en Twitter\"><\/div>\n<\/div>\n<div class=\"CallToAction-text\" data-scribe=\"element:profile_text\">Ver los otros Tweets de Yura Villalobos M.<\/div>\n<div class=\"CallToAction-chevron\" data-scribe=\"element:cta_chevron\">\n<div class=\"Icon Icon--chevronRightCTA \" title=\"Ver en Twitter\" role=\"img\" aria-label=\"Ver en Twitter\"><\/div>\n<\/div>\n<\/div>\n<\/div>\n<div class=\"resize-sensor\">\n<div class=\"resize-sensor-expand\">\n<div><\/div>\n<\/div>\n<div class=\"resize-sensor-shrink\">\n<div><\/div>\n<\/div>\n<\/div>\n<\/div>\n<\/div>\n<p dir=\"ltr\">M\u00e1s temprano,\u00a0<strong>el presidente Andr\u00e9s Manuel L\u00f3pez Obrador<\/strong>\u00a0encabez\u00f3 el\u00a0<strong>izamiento de la bandera nacional<\/strong>, en honor a las\u00a0<strong>v\u00edctimas\u00a0<\/strong>de los\u00a0<strong>terremotos\u00a0<\/strong>registrados en 1985 y 2017.<\/p>\n<div class=\"gallery\">\n<div class=\"item-gallery\">\n<p><img decoding=\"async\" src=\"https:\/\/www.unotv.com\/portal\/unotv\/imagenes_galeria\/198031-GaleriaUno.jpg\" alt=\"\" \/><u>Foto: @CNPC_MX<\/u><\/p>\n<\/div>\n<\/div>\n<div class=\"gallery\">\n<div class=\"item-gallery\">\n<p><img decoding=\"async\" src=\"https:\/\/www.unotv.com\/portal\/unotv\/imagenes_galeria\/198032-GaleriaUno.jpg\" alt=\"\" \/><u>Foto: @CNPC_MX<\/u><\/p>\n<\/div>\n<\/div>\n","protected":false},"excerpt":{"rendered":"<p>&nbsp; Fuente:\u00a0 https:\/\/www.unotv.com\/noticias\/ &nbsp; En punto de las 10:00 horas de este jueves, se llev\u00f3 a cabo el\u00a0Macrosimulacro Nacional 2019. En la\u00a0Ciudad de M\u00e9xico\u00a0se escucharon 12 mil 139\u00a0altavoces\u00a0y\u00a0receptores multi-alertas\u00a0autorizados por la\u00a0Secretar\u00eda\u00a0de Gesti\u00f3n Integral de&#46;&#46;&#46;<\/p>\n","protected":false},"author":39,"featured_media":4491,"comment_status":"open","ping_status":"open","sticky":false,"template":"","format":"standard","meta":{"_acf_changed":false,"om_disable_all_campaigns":false,"rop_custom_images_group":[],"rop_custom_messages_group":[],"rop_publish_now":"initial","rop_publish_now_accounts":{"twitter_242054905_242054905":""},"rop_publish_now_history":[],"rop_publish_now_status":"pending","_uf_show_specific_survey":0,"_uf_disable_surveys":false,"footnotes":""},"categories":[337],"tags":[584],"class_list":["post-4489","post","type-post","status-publish","format-standard","has-post-thumbnail","hentry","category-noticias","tag-asi-se-vivio-el-macrosimulacro-en-la-ciudad-de-mexico"],"acf":[],"aioseo_notices":[],"yoast_head":"<!-- This site is optimized with the Yoast SEO Premium plugin v24.9 (Yoast SEO v27.2) - https:\/\/yoast.com\/product\/yoast-seo-premium-wordpress\/ -->\n<title>As\u00ed se vivi\u00f3 el macrosimulacro en la Ciudad de M\u00e9xico - M\u00e9xico<\/title>\n<meta name=\"robots\" content=\"index, follow, max-snippet:-1, max-image-preview:large, max-video-preview:-1\" \/>\n<link rel=\"canonical\" href=\"https:\/\/noti-america.com\/site\/mexico\/2019\/09\/19\/asi-se-vivio-el-macrosimulacro-en-la-ciudad-de-mexico\/\" \/>\n<meta property=\"og:locale\" content=\"es_ES\" \/>\n<meta property=\"og:type\" content=\"article\" \/>\n<meta property=\"og:title\" content=\"As\u00ed se vivi\u00f3 el macrosimulacro en la Ciudad de M\u00e9xico\" \/>\n<meta property=\"og:description\" content=\"&nbsp; Fuente:\u00a0 https:\/\/www.unotv.com\/noticias\/ &nbsp; En punto de las 10:00 horas de este jueves, se llev\u00f3 a cabo el\u00a0Macrosimulacro Nacional 2019. En la\u00a0Ciudad de M\u00e9xico\u00a0se escucharon 12 mil 139\u00a0altavoces\u00a0y\u00a0receptores multi-alertas\u00a0autorizados por la\u00a0Secretar\u00eda\u00a0de Gesti\u00f3n Integral de&#046;&#046;&#046;\" \/>\n<meta property=\"og:url\" content=\"https:\/\/noti-america.com\/site\/mexico\/2019\/09\/19\/asi-se-vivio-el-macrosimulacro-en-la-ciudad-de-mexico\/\" \/>\n<meta property=\"og:site_name\" content=\"M\u00e9xico\" \/>\n<meta property=\"article:published_time\" content=\"2019-09-19T16:28:07+00:00\" \/>\n<meta property=\"article:modified_time\" content=\"2019-09-19T16:31:22+00:00\" \/>\n<meta property=\"og:image\" content=\"https:\/\/noti-america.com\/site\/mexico\/wp-content\/uploads\/sites\/13\/2019\/09\/Descarga-21.jpg\" \/>\n\t<meta property=\"og:image:width\" content=\"300\" \/>\n\t<meta property=\"og:image:height\" content=\"168\" \/>\n\t<meta property=\"og:image:type\" content=\"image\/jpeg\" \/>\n<meta name=\"author\" content=\"Jos\u00e9 Manuel Estevanot\" \/>\n<meta name=\"twitter:card\" content=\"summary_large_image\" \/>\n<meta name=\"twitter:label1\" content=\"Escrito por\" \/>\n\t<meta name=\"twitter:data1\" content=\"Jos\u00e9 Manuel Estevanot\" \/>\n\t<meta name=\"twitter:label2\" content=\"Tiempo estimado de lectura\" \/>\n\t<meta name=\"twitter:data2\" content=\"1 minuto\" \/>\n<script type=\"application\/ld+json\" class=\"yoast-schema-graph\">{\"@context\":\"https:\/\/schema.org\",\"@graph\":[{\"@type\":\"Article\",\"@id\":\"https:\/\/noti-america.com\/site\/mexico\/2019\/09\/19\/asi-se-vivio-el-macrosimulacro-en-la-ciudad-de-mexico\/#article\",\"isPartOf\":{\"@id\":\"https:\/\/noti-america.com\/site\/mexico\/2019\/09\/19\/asi-se-vivio-el-macrosimulacro-en-la-ciudad-de-mexico\/\"},\"author\":{\"name\":\"Jos\u00e9 Manuel Estevanot\",\"@id\":\"https:\/\/noti-america.com\/site\/mexico\/#\/schema\/person\/116dfa1d5f58a6410bc589e7e2e4028c\"},\"headline\":\"As\u00ed se vivi\u00f3 el macrosimulacro en la Ciudad de M\u00e9xico\",\"datePublished\":\"2019-09-19T16:28:07+00:00\",\"dateModified\":\"2019-09-19T16:31:22+00:00\",\"mainEntityOfPage\":{\"@id\":\"https:\/\/noti-america.com\/site\/mexico\/2019\/09\/19\/asi-se-vivio-el-macrosimulacro-en-la-ciudad-de-mexico\/\"},\"wordCount\":268,\"commentCount\":0,\"publisher\":{\"@id\":\"https:\/\/noti-america.com\/site\/mexico\/#organization\"},\"image\":{\"@id\":\"https:\/\/noti-america.com\/site\/mexico\/2019\/09\/19\/asi-se-vivio-el-macrosimulacro-en-la-ciudad-de-mexico\/#primaryimage\"},\"thumbnailUrl\":\"https:\/\/noti-america.com\/site\/mexico\/wp-content\/uploads\/sites\/13\/2019\/09\/Descarga-21.jpg\",\"keywords\":[\"As\u00ed se vivi\u00f3 el macrosimulacro en la Ciudad de M\u00e9xico\"],\"articleSection\":[\"Noticias\"],\"inLanguage\":\"es\",\"potentialAction\":[{\"@type\":\"CommentAction\",\"name\":\"Comment\",\"target\":[\"https:\/\/noti-america.com\/site\/mexico\/2019\/09\/19\/asi-se-vivio-el-macrosimulacro-en-la-ciudad-de-mexico\/#respond\"]}]},{\"@type\":\"WebPage\",\"@id\":\"https:\/\/noti-america.com\/site\/mexico\/2019\/09\/19\/asi-se-vivio-el-macrosimulacro-en-la-ciudad-de-mexico\/\",\"url\":\"https:\/\/noti-america.com\/site\/mexico\/2019\/09\/19\/asi-se-vivio-el-macrosimulacro-en-la-ciudad-de-mexico\/\",\"name\":\"As\u00ed se vivi\u00f3 el macrosimulacro en la Ciudad de M\u00e9xico - M\u00e9xico\",\"isPartOf\":{\"@id\":\"https:\/\/noti-america.com\/site\/mexico\/#website\"},\"primaryImageOfPage\":{\"@id\":\"https:\/\/noti-america.com\/site\/mexico\/2019\/09\/19\/asi-se-vivio-el-macrosimulacro-en-la-ciudad-de-mexico\/#primaryimage\"},\"image\":{\"@id\":\"https:\/\/noti-america.com\/site\/mexico\/2019\/09\/19\/asi-se-vivio-el-macrosimulacro-en-la-ciudad-de-mexico\/#primaryimage\"},\"thumbnailUrl\":\"https:\/\/noti-america.com\/site\/mexico\/wp-content\/uploads\/sites\/13\/2019\/09\/Descarga-21.jpg\",\"datePublished\":\"2019-09-19T16:28:07+00:00\",\"dateModified\":\"2019-09-19T16:31:22+00:00\",\"breadcrumb\":{\"@id\":\"https:\/\/noti-america.com\/site\/mexico\/2019\/09\/19\/asi-se-vivio-el-macrosimulacro-en-la-ciudad-de-mexico\/#breadcrumb\"},\"inLanguage\":\"es\",\"potentialAction\":[{\"@type\":\"ReadAction\",\"target\":[\"https:\/\/noti-america.com\/site\/mexico\/2019\/09\/19\/asi-se-vivio-el-macrosimulacro-en-la-ciudad-de-mexico\/\"]}]},{\"@type\":\"ImageObject\",\"inLanguage\":\"es\",\"@id\":\"https:\/\/noti-america.com\/site\/mexico\/2019\/09\/19\/asi-se-vivio-el-macrosimulacro-en-la-ciudad-de-mexico\/#primaryimage\",\"url\":\"https:\/\/noti-america.com\/site\/mexico\/wp-content\/uploads\/sites\/13\/2019\/09\/Descarga-21.jpg\",\"contentUrl\":\"https:\/\/noti-america.com\/site\/mexico\/wp-content\/uploads\/sites\/13\/2019\/09\/Descarga-21.jpg\",\"width\":300,\"height\":168},{\"@type\":\"BreadcrumbList\",\"@id\":\"https:\/\/noti-america.com\/site\/mexico\/2019\/09\/19\/asi-se-vivio-el-macrosimulacro-en-la-ciudad-de-mexico\/#breadcrumb\",\"itemListElement\":[{\"@type\":\"ListItem\",\"position\":1,\"name\":\"Portada\",\"item\":\"https:\/\/noti-america.com\/site\/mexico\/\"},{\"@type\":\"ListItem\",\"position\":2,\"name\":\"As\u00ed se vivi\u00f3 el macrosimulacro en la Ciudad de M\u00e9xico\"}]},{\"@type\":\"WebSite\",\"@id\":\"https:\/\/noti-america.com\/site\/mexico\/#website\",\"url\":\"https:\/\/noti-america.com\/site\/mexico\/\",\"name\":\"M\u00e9xico | Noti-America.com\",\"description\":\"\",\"publisher\":{\"@id\":\"https:\/\/noti-america.com\/site\/mexico\/#organization\"},\"potentialAction\":[{\"@type\":\"SearchAction\",\"target\":{\"@type\":\"EntryPoint\",\"urlTemplate\":\"https:\/\/noti-america.com\/site\/mexico\/?s={search_term_string}\"},\"query-input\":{\"@type\":\"PropertyValueSpecification\",\"valueRequired\":true,\"valueName\":\"search_term_string\"}}],\"inLanguage\":\"es\"},{\"@type\":\"Organization\",\"@id\":\"https:\/\/noti-america.com\/site\/mexico\/#organization\",\"name\":\"Noti-America LLC | M\u00e9xico\",\"url\":\"https:\/\/noti-america.com\/site\/mexico\/\",\"logo\":{\"@type\":\"ImageObject\",\"inLanguage\":\"es\",\"@id\":\"https:\/\/noti-america.com\/site\/mexico\/#\/schema\/logo\/image\/\",\"url\":\"https:\/\/noti-america.com\/site\/mexico\/wp-content\/uploads\/sites\/13\/2020\/07\/LogoNA-4x3-1.jpg\",\"contentUrl\":\"https:\/\/noti-america.com\/site\/mexico\/wp-content\/uploads\/sites\/13\/2020\/07\/LogoNA-4x3-1.jpg\",\"width\":1236,\"height\":1080,\"caption\":\"Noti-America LLC | M\u00e9xico\"},\"image\":{\"@id\":\"https:\/\/noti-america.com\/site\/mexico\/#\/schema\/logo\/image\/\"}},{\"@type\":\"Person\",\"@id\":\"https:\/\/noti-america.com\/site\/mexico\/#\/schema\/person\/116dfa1d5f58a6410bc589e7e2e4028c\",\"name\":\"Jos\u00e9 Manuel Estevanot\",\"image\":{\"@type\":\"ImageObject\",\"inLanguage\":\"es\",\"@id\":\"https:\/\/secure.gravatar.com\/avatar\/ded57725a28e7e6babccb982bd748d931b24c97df39c4d9513b7745f918a0c87?s=96&d=mm&r=g\",\"url\":\"https:\/\/secure.gravatar.com\/avatar\/ded57725a28e7e6babccb982bd748d931b24c97df39c4d9513b7745f918a0c87?s=96&d=mm&r=g\",\"contentUrl\":\"https:\/\/secure.gravatar.com\/avatar\/ded57725a28e7e6babccb982bd748d931b24c97df39c4d9513b7745f918a0c87?s=96&d=mm&r=g\",\"caption\":\"Jos\u00e9 Manuel Estevanot\"},\"url\":\"https:\/\/noti-america.com\/site\/mexico\/author\/jmestevanot\/\"}]}<\/script>\n<!-- \/ Yoast SEO Premium plugin. -->","yoast_head_json":{"title":"As\u00ed se vivi\u00f3 el macrosimulacro en la Ciudad de M\u00e9xico - M\u00e9xico","robots":{"index":"index","follow":"follow","max-snippet":"max-snippet:-1","max-image-preview":"max-image-preview:large","max-video-preview":"max-video-preview:-1"},"canonical":"https:\/\/noti-america.com\/site\/mexico\/2019\/09\/19\/asi-se-vivio-el-macrosimulacro-en-la-ciudad-de-mexico\/","og_locale":"es_ES","og_type":"article","og_title":"As\u00ed se vivi\u00f3 el macrosimulacro en la Ciudad de M\u00e9xico","og_description":"&nbsp; Fuente:\u00a0 https:\/\/www.unotv.com\/noticias\/ &nbsp; En punto de las 10:00 horas de este jueves, se llev\u00f3 a cabo el\u00a0Macrosimulacro Nacional 2019. En la\u00a0Ciudad de M\u00e9xico\u00a0se escucharon 12 mil 139\u00a0altavoces\u00a0y\u00a0receptores multi-alertas\u00a0autorizados por la\u00a0Secretar\u00eda\u00a0de Gesti\u00f3n Integral de&#46;&#46;&#46;","og_url":"https:\/\/noti-america.com\/site\/mexico\/2019\/09\/19\/asi-se-vivio-el-macrosimulacro-en-la-ciudad-de-mexico\/","og_site_name":"M\u00e9xico","article_published_time":"2019-09-19T16:28:07+00:00","article_modified_time":"2019-09-19T16:31:22+00:00","og_image":[{"width":300,"height":168,"url":"https:\/\/noti-america.com\/site\/mexico\/wp-content\/uploads\/sites\/13\/2019\/09\/Descarga-21.jpg","type":"image\/jpeg"}],"author":"Jos\u00e9 Manuel Estevanot","twitter_card":"summary_large_image","twitter_misc":{"Escrito por":"Jos\u00e9 Manuel Estevanot","Tiempo estimado de lectura":"1 minuto"},"schema":{"@context":"https:\/\/schema.org","@graph":[{"@type":"Article","@id":"https:\/\/noti-america.com\/site\/mexico\/2019\/09\/19\/asi-se-vivio-el-macrosimulacro-en-la-ciudad-de-mexico\/#article","isPartOf":{"@id":"https:\/\/noti-america.com\/site\/mexico\/2019\/09\/19\/asi-se-vivio-el-macrosimulacro-en-la-ciudad-de-mexico\/"},"author":{"name":"Jos\u00e9 Manuel Estevanot","@id":"https:\/\/noti-america.com\/site\/mexico\/#\/schema\/person\/116dfa1d5f58a6410bc589e7e2e4028c"},"headline":"As\u00ed se vivi\u00f3 el macrosimulacro en la Ciudad de M\u00e9xico","datePublished":"2019-09-19T16:28:07+00:00","dateModified":"2019-09-19T16:31:22+00:00","mainEntityOfPage":{"@id":"https:\/\/noti-america.com\/site\/mexico\/2019\/09\/19\/asi-se-vivio-el-macrosimulacro-en-la-ciudad-de-mexico\/"},"wordCount":268,"commentCount":0,"publisher":{"@id":"https:\/\/noti-america.com\/site\/mexico\/#organization"},"image":{"@id":"https:\/\/noti-america.com\/site\/mexico\/2019\/09\/19\/asi-se-vivio-el-macrosimulacro-en-la-ciudad-de-mexico\/#primaryimage"},"thumbnailUrl":"https:\/\/noti-america.com\/site\/mexico\/wp-content\/uploads\/sites\/13\/2019\/09\/Descarga-21.jpg","keywords":["As\u00ed se vivi\u00f3 el macrosimulacro en la Ciudad de M\u00e9xico"],"articleSection":["Noticias"],"inLanguage":"es","potentialAction":[{"@type":"CommentAction","name":"Comment","target":["https:\/\/noti-america.com\/site\/mexico\/2019\/09\/19\/asi-se-vivio-el-macrosimulacro-en-la-ciudad-de-mexico\/#respond"]}]},{"@type":"WebPage","@id":"https:\/\/noti-america.com\/site\/mexico\/2019\/09\/19\/asi-se-vivio-el-macrosimulacro-en-la-ciudad-de-mexico\/","url":"https:\/\/noti-america.com\/site\/mexico\/2019\/09\/19\/asi-se-vivio-el-macrosimulacro-en-la-ciudad-de-mexico\/","name":"As\u00ed se vivi\u00f3 el macrosimulacro en la Ciudad de M\u00e9xico - M\u00e9xico","isPartOf":{"@id":"https:\/\/noti-america.com\/site\/mexico\/#website"},"primaryImageOfPage":{"@id":"https:\/\/noti-america.com\/site\/mexico\/2019\/09\/19\/asi-se-vivio-el-macrosimulacro-en-la-ciudad-de-mexico\/#primaryimage"},"image":{"@id":"https:\/\/noti-america.com\/site\/mexico\/2019\/09\/19\/asi-se-vivio-el-macrosimulacro-en-la-ciudad-de-mexico\/#primaryimage"},"thumbnailUrl":"https:\/\/noti-america.com\/site\/mexico\/wp-content\/uploads\/sites\/13\/2019\/09\/Descarga-21.jpg","datePublished":"2019-09-19T16:28:07+00:00","dateModified":"2019-09-19T16:31:22+00:00","breadcrumb":{"@id":"https:\/\/noti-america.com\/site\/mexico\/2019\/09\/19\/asi-se-vivio-el-macrosimulacro-en-la-ciudad-de-mexico\/#breadcrumb"},"inLanguage":"es","potentialAction":[{"@type":"ReadAction","target":["https:\/\/noti-america.com\/site\/mexico\/2019\/09\/19\/asi-se-vivio-el-macrosimulacro-en-la-ciudad-de-mexico\/"]}]},{"@type":"ImageObject","inLanguage":"es","@id":"https:\/\/noti-america.com\/site\/mexico\/2019\/09\/19\/asi-se-vivio-el-macrosimulacro-en-la-ciudad-de-mexico\/#primaryimage","url":"https:\/\/noti-america.com\/site\/mexico\/wp-content\/uploads\/sites\/13\/2019\/09\/Descarga-21.jpg","contentUrl":"https:\/\/noti-america.com\/site\/mexico\/wp-content\/uploads\/sites\/13\/2019\/09\/Descarga-21.jpg","width":300,"height":168},{"@type":"BreadcrumbList","@id":"https:\/\/noti-america.com\/site\/mexico\/2019\/09\/19\/asi-se-vivio-el-macrosimulacro-en-la-ciudad-de-mexico\/#breadcrumb","itemListElement":[{"@type":"ListItem","position":1,"name":"Portada","item":"https:\/\/noti-america.com\/site\/mexico\/"},{"@type":"ListItem","position":2,"name":"As\u00ed se vivi\u00f3 el macrosimulacro en la Ciudad de M\u00e9xico"}]},{"@type":"WebSite","@id":"https:\/\/noti-america.com\/site\/mexico\/#website","url":"https:\/\/noti-america.com\/site\/mexico\/","name":"M\u00e9xico | Noti-America.com","description":"","publisher":{"@id":"https:\/\/noti-america.com\/site\/mexico\/#organization"},"potentialAction":[{"@type":"SearchAction","target":{"@type":"EntryPoint","urlTemplate":"https:\/\/noti-america.com\/site\/mexico\/?s={search_term_string}"},"query-input":{"@type":"PropertyValueSpecification","valueRequired":true,"valueName":"search_term_string"}}],"inLanguage":"es"},{"@type":"Organization","@id":"https:\/\/noti-america.com\/site\/mexico\/#organization","name":"Noti-America LLC | M\u00e9xico","url":"https:\/\/noti-america.com\/site\/mexico\/","logo":{"@type":"ImageObject","inLanguage":"es","@id":"https:\/\/noti-america.com\/site\/mexico\/#\/schema\/logo\/image\/","url":"https:\/\/noti-america.com\/site\/mexico\/wp-content\/uploads\/sites\/13\/2020\/07\/LogoNA-4x3-1.jpg","contentUrl":"https:\/\/noti-america.com\/site\/mexico\/wp-content\/uploads\/sites\/13\/2020\/07\/LogoNA-4x3-1.jpg","width":1236,"height":1080,"caption":"Noti-America LLC | M\u00e9xico"},"image":{"@id":"https:\/\/noti-america.com\/site\/mexico\/#\/schema\/logo\/image\/"}},{"@type":"Person","@id":"https:\/\/noti-america.com\/site\/mexico\/#\/schema\/person\/116dfa1d5f58a6410bc589e7e2e4028c","name":"Jos\u00e9 Manuel Estevanot","image":{"@type":"ImageObject","inLanguage":"es","@id":"https:\/\/secure.gravatar.com\/avatar\/ded57725a28e7e6babccb982bd748d931b24c97df39c4d9513b7745f918a0c87?s=96&d=mm&r=g","url":"https:\/\/secure.gravatar.com\/avatar\/ded57725a28e7e6babccb982bd748d931b24c97df39c4d9513b7745f918a0c87?s=96&d=mm&r=g","contentUrl":"https:\/\/secure.gravatar.com\/avatar\/ded57725a28e7e6babccb982bd748d931b24c97df39c4d9513b7745f918a0c87?s=96&d=mm&r=g","caption":"Jos\u00e9 Manuel Estevanot"},"url":"https:\/\/noti-america.com\/site\/mexico\/author\/jmestevanot\/"}]}},"_links":{"self":[{"href":"https:\/\/noti-america.com\/site\/mexico\/wp-json\/wp\/v2\/posts\/4489","targetHints":{"allow":["GET"]}}],"collection":[{"href":"https:\/\/noti-america.com\/site\/mexico\/wp-json\/wp\/v2\/posts"}],"about":[{"href":"https:\/\/noti-america.com\/site\/mexico\/wp-json\/wp\/v2\/types\/post"}],"author":[{"embeddable":true,"href":"https:\/\/noti-america.com\/site\/mexico\/wp-json\/wp\/v2\/users\/39"}],"replies":[{"embeddable":true,"href":"https:\/\/noti-america.com\/site\/mexico\/wp-json\/wp\/v2\/comments?post=4489"}],"version-history":[{"count":3,"href":"https:\/\/noti-america.com\/site\/mexico\/wp-json\/wp\/v2\/posts\/4489\/revisions"}],"predecessor-version":[{"id":4494,"href":"https:\/\/noti-america.com\/site\/mexico\/wp-json\/wp\/v2\/posts\/4489\/revisions\/4494"}],"wp:featuredmedia":[{"embeddable":true,"href":"https:\/\/noti-america.com\/site\/mexico\/wp-json\/wp\/v2\/media\/4491"}],"wp:attachment":[{"href":"https:\/\/noti-america.com\/site\/mexico\/wp-json\/wp\/v2\/media?parent=4489"}],"wp:term":[{"taxonomy":"category","embeddable":true,"href":"https:\/\/noti-america.com\/site\/mexico\/wp-json\/wp\/v2\/categories?post=4489"},{"taxonomy":"post_tag","embeddable":true,"href":"https:\/\/noti-america.com\/site\/mexico\/wp-json\/wp\/v2\/tags?post=4489"}],"curies":[{"name":"wp","href":"https:\/\/api.w.org\/{rel}","templated":true}]}}