{"id":4464,"date":"2019-09-19T04:06:00","date_gmt":"2019-09-19T04:06:00","guid":{"rendered":"http:\/\/noti-america.com\/site\/mexico\/?p=4464"},"modified":"2019-09-19T04:06:00","modified_gmt":"2019-09-19T04:06:00","slug":"lluvias-y-encharcamientos-en-al-menos-6-alcaldias-de-cdmx","status":"publish","type":"post","link":"https:\/\/noti-america.com\/site\/mexico\/2019\/09\/19\/lluvias-y-encharcamientos-en-al-menos-6-alcaldias-de-cdmx\/","title":{"rendered":"Lluvias y encharcamientos en al menos 6 alcald\u00edas de CDMX"},"content":{"rendered":"<p><img loading=\"lazy\" decoding=\"async\" class=\"alignnone  wp-image-4465 aligncenter\" src=\"http:\/\/noti-america.com\/site\/mexico\/wp-content\/uploads\/sites\/13\/2019\/09\/Descarga-9-300x180.jpg\" alt=\"\" width=\"388\" height=\"233\" srcset=\"https:\/\/noti-america.com\/site\/mexico\/wp-content\/uploads\/sites\/13\/2019\/09\/Descarga-9-300x180.jpg 300w, https:\/\/noti-america.com\/site\/mexico\/wp-content\/uploads\/sites\/13\/2019\/09\/Descarga-9.jpg 750w\" sizes=\"auto, (max-width: 388px) 100vw, 388px\" \/><\/p>\n<p>&nbsp;<\/p>\n<p dir=\"ltr\"><strong>Fuente:\u00a0 https:\/\/www.unotv.com\/noticias\/<\/strong><\/p>\n<p dir=\"ltr\">\n<p dir=\"ltr\">La tarde de este mi\u00e9rcoles se registra lluvia en al menos seis alcald\u00edas de la Ciudad de M\u00e9xico:\u00a0<strong>Gustavo A. Madero<\/strong>, Venustiano Carranza,\u00a0<strong>Azcapotzalco<\/strong>, Cuauht\u00e9moc,\u00a0<strong>Milpa Alta<\/strong>\u00a0y Tlalpan.<\/p>\n<p dir=\"ltr\">El\u00a0Centro de\u00a0<strong>Comando<\/strong>, Control,\u00a0<strong>C\u00f3mputo<\/strong>, Comunicaciones y\u00a0<strong>Contacto Ciudadano<\/strong>\u00a0(<strong>C5<\/strong>) de la capital inform\u00f3 a trav\u00e9s de su cuenta de\u00a0<strong>Twitter<\/strong>\u00a0sobre encharcamientos en la\u00a0<strong>demarcaci\u00f3n Gustavo A. Madero<\/strong>.<\/p>\n<ul>\n<li>Recuerda abrigar bien, sobre todo, a ni\u00f1os menores y a adultos de la tercera edad<\/li>\n<li>Si presentas s\u00edntomas de resfriado, no te automediques y acude a tu doctor<\/li>\n<\/ul>\n<p dir=\"ltr\">Adem\u00e1s, el\u00a0<strong>Sistema de Transporte Colectivo<\/strong>\u00a0(STC)\u00a0<strong>Metro<\/strong>\u00a0inform\u00f3 tambi\u00e9n v\u00eda las\u00a0<strong>redes sociales<\/strong>\u00a0sobre la implementaci\u00f3n de la\u00a0<strong>marcha lenta<\/strong>\u00a0de los\u00a0<strong>trenes<\/strong>, como\u00a0<strong>medida de seguridad<\/strong>\u00a0para con los\u00a0<strong>usuarios<\/strong>\u00a0en las l\u00edneas\u00a0<strong>2<\/strong>,\u00a0<strong>4<\/strong>,\u00a0<strong>5<\/strong>,\u00a0<strong>7<\/strong>,\u00a0<strong>8<\/strong>\u00a0y\u00a0<strong>9<\/strong>.<\/p>\n<div class=\"tweeet-post\">\n<div class=\"SandboxRoot env-bp-min\" data-twitter-event-id=\"0\">\n<div id=\"twitter-widget-0\" class=\"EmbeddedTweet EmbeddedTweet--cta js-clickToOpenTarget\" lang=\"es\" data-click-to-open-target=\"https:\/\/twitter.com\/RobertCruzM\/status\/1174475924944891906\" data-iframe-title=\"Tweet de Twitter\" data-scribe=\"page:tweet\" data-twitter-event-id=\"2\">\n<div class=\"EmbeddedTweet-tweetContainer\">\n<div class=\"EmbeddedTweet-tweet\">\n<blockquote class=\"Tweet h-entry js-tweetIdInfo subject expanded\" cite=\"https:\/\/twitter.com\/RobertCruzM\/status\/1174475924944891906\" data-tweet-id=\"1174475924944891906\" data-scribe=\"section:subject\">\n<div class=\"Tweet-header\"><\/div>\n<\/blockquote>\n<\/div>\n<\/div>\n<\/div>\n<\/div>\n<\/div>\n","protected":false},"excerpt":{"rendered":"<p>&nbsp; Fuente:\u00a0 https:\/\/www.unotv.com\/noticias\/ La tarde de este mi\u00e9rcoles se registra lluvia en al menos seis alcald\u00edas de la Ciudad de M\u00e9xico:\u00a0Gustavo A. Madero, Venustiano Carranza,\u00a0Azcapotzalco, Cuauht\u00e9moc,\u00a0Milpa Alta\u00a0y Tlalpan. El\u00a0Centro de\u00a0Comando, Control,\u00a0C\u00f3mputo, Comunicaciones y\u00a0Contacto Ciudadano\u00a0(C5)&#46;&#46;&#46;<\/p>\n","protected":false},"author":39,"featured_media":4465,"comment_status":"open","ping_status":"open","sticky":false,"template":"","format":"standard","meta":{"_acf_changed":false,"om_disable_all_campaigns":false,"rop_custom_images_group":[],"rop_custom_messages_group":[],"rop_publish_now":"initial","rop_publish_now_accounts":{"twitter_242054905_242054905":""},"rop_publish_now_history":[],"rop_publish_now_status":"pending","_uf_show_specific_survey":0,"_uf_disable_surveys":false,"footnotes":""},"categories":[337],"tags":[579],"class_list":["post-4464","post","type-post","status-publish","format-standard","has-post-thumbnail","hentry","category-noticias","tag-lluvias-y-encharcamientos-en-al-menos-6-alcaldias-de-cdmx"],"acf":[],"aioseo_notices":[],"yoast_head":"<!-- This site is optimized with the Yoast SEO Premium plugin v24.9 (Yoast SEO v27.2) - https:\/\/yoast.com\/product\/yoast-seo-premium-wordpress\/ -->\n<title>Lluvias y encharcamientos en al menos 6 alcald\u00edas de CDMX - M\u00e9xico<\/title>\n<meta name=\"robots\" content=\"index, follow, max-snippet:-1, max-image-preview:large, max-video-preview:-1\" \/>\n<link rel=\"canonical\" href=\"https:\/\/noti-america.com\/site\/mexico\/2019\/09\/19\/lluvias-y-encharcamientos-en-al-menos-6-alcaldias-de-cdmx\/\" \/>\n<meta property=\"og:locale\" content=\"es_ES\" \/>\n<meta property=\"og:type\" content=\"article\" \/>\n<meta property=\"og:title\" content=\"Lluvias y encharcamientos en al menos 6 alcald\u00edas de CDMX\" \/>\n<meta property=\"og:description\" content=\"&nbsp; Fuente:\u00a0 https:\/\/www.unotv.com\/noticias\/ La tarde de este mi\u00e9rcoles se registra lluvia en al menos seis alcald\u00edas de la Ciudad de M\u00e9xico:\u00a0Gustavo A. Madero, Venustiano Carranza,\u00a0Azcapotzalco, Cuauht\u00e9moc,\u00a0Milpa Alta\u00a0y Tlalpan. El\u00a0Centro de\u00a0Comando, Control,\u00a0C\u00f3mputo, Comunicaciones y\u00a0Contacto Ciudadano\u00a0(C5)&#046;&#046;&#046;\" \/>\n<meta property=\"og:url\" content=\"https:\/\/noti-america.com\/site\/mexico\/2019\/09\/19\/lluvias-y-encharcamientos-en-al-menos-6-alcaldias-de-cdmx\/\" \/>\n<meta property=\"og:site_name\" content=\"M\u00e9xico\" \/>\n<meta property=\"article:published_time\" content=\"2019-09-19T04:06:00+00:00\" \/>\n<meta property=\"og:image\" content=\"https:\/\/noti-america.com\/site\/mexico\/wp-content\/uploads\/sites\/13\/2019\/09\/Descarga-9.jpg\" \/>\n\t<meta property=\"og:image:width\" content=\"750\" \/>\n\t<meta property=\"og:image:height\" content=\"450\" \/>\n\t<meta property=\"og:image:type\" content=\"image\/jpeg\" \/>\n<meta name=\"author\" content=\"Jos\u00e9 Manuel Estevanot\" \/>\n<meta name=\"twitter:card\" content=\"summary_large_image\" \/>\n<meta name=\"twitter:label1\" content=\"Escrito por\" \/>\n\t<meta name=\"twitter:data1\" content=\"Jos\u00e9 Manuel Estevanot\" \/>\n\t<meta name=\"twitter:label2\" content=\"Tiempo estimado de lectura\" \/>\n\t<meta name=\"twitter:data2\" content=\"1 minuto\" \/>\n<script type=\"application\/ld+json\" class=\"yoast-schema-graph\">{\"@context\":\"https:\/\/schema.org\",\"@graph\":[{\"@type\":\"Article\",\"@id\":\"https:\/\/noti-america.com\/site\/mexico\/2019\/09\/19\/lluvias-y-encharcamientos-en-al-menos-6-alcaldias-de-cdmx\/#article\",\"isPartOf\":{\"@id\":\"https:\/\/noti-america.com\/site\/mexico\/2019\/09\/19\/lluvias-y-encharcamientos-en-al-menos-6-alcaldias-de-cdmx\/\"},\"author\":{\"name\":\"Jos\u00e9 Manuel Estevanot\",\"@id\":\"https:\/\/noti-america.com\/site\/mexico\/#\/schema\/person\/116dfa1d5f58a6410bc589e7e2e4028c\"},\"headline\":\"Lluvias y encharcamientos en al menos 6 alcald\u00edas de CDMX\",\"datePublished\":\"2019-09-19T04:06:00+00:00\",\"mainEntityOfPage\":{\"@id\":\"https:\/\/noti-america.com\/site\/mexico\/2019\/09\/19\/lluvias-y-encharcamientos-en-al-menos-6-alcaldias-de-cdmx\/\"},\"wordCount\":154,\"commentCount\":0,\"publisher\":{\"@id\":\"https:\/\/noti-america.com\/site\/mexico\/#organization\"},\"image\":{\"@id\":\"https:\/\/noti-america.com\/site\/mexico\/2019\/09\/19\/lluvias-y-encharcamientos-en-al-menos-6-alcaldias-de-cdmx\/#primaryimage\"},\"thumbnailUrl\":\"https:\/\/noti-america.com\/site\/mexico\/wp-content\/uploads\/sites\/13\/2019\/09\/Descarga-9.jpg\",\"keywords\":[\"Lluvias y encharcamientos en al menos 6 alcald\u00edas de CDMX\"],\"articleSection\":[\"Noticias\"],\"inLanguage\":\"es\",\"potentialAction\":[{\"@type\":\"CommentAction\",\"name\":\"Comment\",\"target\":[\"https:\/\/noti-america.com\/site\/mexico\/2019\/09\/19\/lluvias-y-encharcamientos-en-al-menos-6-alcaldias-de-cdmx\/#respond\"]}]},{\"@type\":\"WebPage\",\"@id\":\"https:\/\/noti-america.com\/site\/mexico\/2019\/09\/19\/lluvias-y-encharcamientos-en-al-menos-6-alcaldias-de-cdmx\/\",\"url\":\"https:\/\/noti-america.com\/site\/mexico\/2019\/09\/19\/lluvias-y-encharcamientos-en-al-menos-6-alcaldias-de-cdmx\/\",\"name\":\"Lluvias y encharcamientos en al menos 6 alcald\u00edas de CDMX - M\u00e9xico\",\"isPartOf\":{\"@id\":\"https:\/\/noti-america.com\/site\/mexico\/#website\"},\"primaryImageOfPage\":{\"@id\":\"https:\/\/noti-america.com\/site\/mexico\/2019\/09\/19\/lluvias-y-encharcamientos-en-al-menos-6-alcaldias-de-cdmx\/#primaryimage\"},\"image\":{\"@id\":\"https:\/\/noti-america.com\/site\/mexico\/2019\/09\/19\/lluvias-y-encharcamientos-en-al-menos-6-alcaldias-de-cdmx\/#primaryimage\"},\"thumbnailUrl\":\"https:\/\/noti-america.com\/site\/mexico\/wp-content\/uploads\/sites\/13\/2019\/09\/Descarga-9.jpg\",\"datePublished\":\"2019-09-19T04:06:00+00:00\",\"breadcrumb\":{\"@id\":\"https:\/\/noti-america.com\/site\/mexico\/2019\/09\/19\/lluvias-y-encharcamientos-en-al-menos-6-alcaldias-de-cdmx\/#breadcrumb\"},\"inLanguage\":\"es\",\"potentialAction\":[{\"@type\":\"ReadAction\",\"target\":[\"https:\/\/noti-america.com\/site\/mexico\/2019\/09\/19\/lluvias-y-encharcamientos-en-al-menos-6-alcaldias-de-cdmx\/\"]}]},{\"@type\":\"ImageObject\",\"inLanguage\":\"es\",\"@id\":\"https:\/\/noti-america.com\/site\/mexico\/2019\/09\/19\/lluvias-y-encharcamientos-en-al-menos-6-alcaldias-de-cdmx\/#primaryimage\",\"url\":\"https:\/\/noti-america.com\/site\/mexico\/wp-content\/uploads\/sites\/13\/2019\/09\/Descarga-9.jpg\",\"contentUrl\":\"https:\/\/noti-america.com\/site\/mexico\/wp-content\/uploads\/sites\/13\/2019\/09\/Descarga-9.jpg\",\"width\":750,\"height\":450},{\"@type\":\"BreadcrumbList\",\"@id\":\"https:\/\/noti-america.com\/site\/mexico\/2019\/09\/19\/lluvias-y-encharcamientos-en-al-menos-6-alcaldias-de-cdmx\/#breadcrumb\",\"itemListElement\":[{\"@type\":\"ListItem\",\"position\":1,\"name\":\"Portada\",\"item\":\"https:\/\/noti-america.com\/site\/mexico\/\"},{\"@type\":\"ListItem\",\"position\":2,\"name\":\"Lluvias y encharcamientos en al menos 6 alcald\u00edas de CDMX\"}]},{\"@type\":\"WebSite\",\"@id\":\"https:\/\/noti-america.com\/site\/mexico\/#website\",\"url\":\"https:\/\/noti-america.com\/site\/mexico\/\",\"name\":\"M\u00e9xico | Noti-America.com\",\"description\":\"\",\"publisher\":{\"@id\":\"https:\/\/noti-america.com\/site\/mexico\/#organization\"},\"potentialAction\":[{\"@type\":\"SearchAction\",\"target\":{\"@type\":\"EntryPoint\",\"urlTemplate\":\"https:\/\/noti-america.com\/site\/mexico\/?s={search_term_string}\"},\"query-input\":{\"@type\":\"PropertyValueSpecification\",\"valueRequired\":true,\"valueName\":\"search_term_string\"}}],\"inLanguage\":\"es\"},{\"@type\":\"Organization\",\"@id\":\"https:\/\/noti-america.com\/site\/mexico\/#organization\",\"name\":\"Noti-America LLC | M\u00e9xico\",\"url\":\"https:\/\/noti-america.com\/site\/mexico\/\",\"logo\":{\"@type\":\"ImageObject\",\"inLanguage\":\"es\",\"@id\":\"https:\/\/noti-america.com\/site\/mexico\/#\/schema\/logo\/image\/\",\"url\":\"https:\/\/noti-america.com\/site\/mexico\/wp-content\/uploads\/sites\/13\/2020\/07\/LogoNA-4x3-1.jpg\",\"contentUrl\":\"https:\/\/noti-america.com\/site\/mexico\/wp-content\/uploads\/sites\/13\/2020\/07\/LogoNA-4x3-1.jpg\",\"width\":1236,\"height\":1080,\"caption\":\"Noti-America LLC | M\u00e9xico\"},\"image\":{\"@id\":\"https:\/\/noti-america.com\/site\/mexico\/#\/schema\/logo\/image\/\"}},{\"@type\":\"Person\",\"@id\":\"https:\/\/noti-america.com\/site\/mexico\/#\/schema\/person\/116dfa1d5f58a6410bc589e7e2e4028c\",\"name\":\"Jos\u00e9 Manuel Estevanot\",\"image\":{\"@type\":\"ImageObject\",\"inLanguage\":\"es\",\"@id\":\"https:\/\/secure.gravatar.com\/avatar\/ded57725a28e7e6babccb982bd748d931b24c97df39c4d9513b7745f918a0c87?s=96&d=mm&r=g\",\"url\":\"https:\/\/secure.gravatar.com\/avatar\/ded57725a28e7e6babccb982bd748d931b24c97df39c4d9513b7745f918a0c87?s=96&d=mm&r=g\",\"contentUrl\":\"https:\/\/secure.gravatar.com\/avatar\/ded57725a28e7e6babccb982bd748d931b24c97df39c4d9513b7745f918a0c87?s=96&d=mm&r=g\",\"caption\":\"Jos\u00e9 Manuel Estevanot\"},\"url\":\"https:\/\/noti-america.com\/site\/mexico\/author\/jmestevanot\/\"}]}<\/script>\n<!-- \/ Yoast SEO Premium plugin. -->","yoast_head_json":{"title":"Lluvias y encharcamientos en al menos 6 alcald\u00edas de CDMX - M\u00e9xico","robots":{"index":"index","follow":"follow","max-snippet":"max-snippet:-1","max-image-preview":"max-image-preview:large","max-video-preview":"max-video-preview:-1"},"canonical":"https:\/\/noti-america.com\/site\/mexico\/2019\/09\/19\/lluvias-y-encharcamientos-en-al-menos-6-alcaldias-de-cdmx\/","og_locale":"es_ES","og_type":"article","og_title":"Lluvias y encharcamientos en al menos 6 alcald\u00edas de CDMX","og_description":"&nbsp; Fuente:\u00a0 https:\/\/www.unotv.com\/noticias\/ La tarde de este mi\u00e9rcoles se registra lluvia en al menos seis alcald\u00edas de la Ciudad de M\u00e9xico:\u00a0Gustavo A. Madero, Venustiano Carranza,\u00a0Azcapotzalco, Cuauht\u00e9moc,\u00a0Milpa Alta\u00a0y Tlalpan. El\u00a0Centro de\u00a0Comando, Control,\u00a0C\u00f3mputo, Comunicaciones y\u00a0Contacto Ciudadano\u00a0(C5)&#46;&#46;&#46;","og_url":"https:\/\/noti-america.com\/site\/mexico\/2019\/09\/19\/lluvias-y-encharcamientos-en-al-menos-6-alcaldias-de-cdmx\/","og_site_name":"M\u00e9xico","article_published_time":"2019-09-19T04:06:00+00:00","og_image":[{"width":750,"height":450,"url":"https:\/\/noti-america.com\/site\/mexico\/wp-content\/uploads\/sites\/13\/2019\/09\/Descarga-9.jpg","type":"image\/jpeg"}],"author":"Jos\u00e9 Manuel Estevanot","twitter_card":"summary_large_image","twitter_misc":{"Escrito por":"Jos\u00e9 Manuel Estevanot","Tiempo estimado de lectura":"1 minuto"},"schema":{"@context":"https:\/\/schema.org","@graph":[{"@type":"Article","@id":"https:\/\/noti-america.com\/site\/mexico\/2019\/09\/19\/lluvias-y-encharcamientos-en-al-menos-6-alcaldias-de-cdmx\/#article","isPartOf":{"@id":"https:\/\/noti-america.com\/site\/mexico\/2019\/09\/19\/lluvias-y-encharcamientos-en-al-menos-6-alcaldias-de-cdmx\/"},"author":{"name":"Jos\u00e9 Manuel Estevanot","@id":"https:\/\/noti-america.com\/site\/mexico\/#\/schema\/person\/116dfa1d5f58a6410bc589e7e2e4028c"},"headline":"Lluvias y encharcamientos en al menos 6 alcald\u00edas de CDMX","datePublished":"2019-09-19T04:06:00+00:00","mainEntityOfPage":{"@id":"https:\/\/noti-america.com\/site\/mexico\/2019\/09\/19\/lluvias-y-encharcamientos-en-al-menos-6-alcaldias-de-cdmx\/"},"wordCount":154,"commentCount":0,"publisher":{"@id":"https:\/\/noti-america.com\/site\/mexico\/#organization"},"image":{"@id":"https:\/\/noti-america.com\/site\/mexico\/2019\/09\/19\/lluvias-y-encharcamientos-en-al-menos-6-alcaldias-de-cdmx\/#primaryimage"},"thumbnailUrl":"https:\/\/noti-america.com\/site\/mexico\/wp-content\/uploads\/sites\/13\/2019\/09\/Descarga-9.jpg","keywords":["Lluvias y encharcamientos en al menos 6 alcald\u00edas de CDMX"],"articleSection":["Noticias"],"inLanguage":"es","potentialAction":[{"@type":"CommentAction","name":"Comment","target":["https:\/\/noti-america.com\/site\/mexico\/2019\/09\/19\/lluvias-y-encharcamientos-en-al-menos-6-alcaldias-de-cdmx\/#respond"]}]},{"@type":"WebPage","@id":"https:\/\/noti-america.com\/site\/mexico\/2019\/09\/19\/lluvias-y-encharcamientos-en-al-menos-6-alcaldias-de-cdmx\/","url":"https:\/\/noti-america.com\/site\/mexico\/2019\/09\/19\/lluvias-y-encharcamientos-en-al-menos-6-alcaldias-de-cdmx\/","name":"Lluvias y encharcamientos en al menos 6 alcald\u00edas de CDMX - M\u00e9xico","isPartOf":{"@id":"https:\/\/noti-america.com\/site\/mexico\/#website"},"primaryImageOfPage":{"@id":"https:\/\/noti-america.com\/site\/mexico\/2019\/09\/19\/lluvias-y-encharcamientos-en-al-menos-6-alcaldias-de-cdmx\/#primaryimage"},"image":{"@id":"https:\/\/noti-america.com\/site\/mexico\/2019\/09\/19\/lluvias-y-encharcamientos-en-al-menos-6-alcaldias-de-cdmx\/#primaryimage"},"thumbnailUrl":"https:\/\/noti-america.com\/site\/mexico\/wp-content\/uploads\/sites\/13\/2019\/09\/Descarga-9.jpg","datePublished":"2019-09-19T04:06:00+00:00","breadcrumb":{"@id":"https:\/\/noti-america.com\/site\/mexico\/2019\/09\/19\/lluvias-y-encharcamientos-en-al-menos-6-alcaldias-de-cdmx\/#breadcrumb"},"inLanguage":"es","potentialAction":[{"@type":"ReadAction","target":["https:\/\/noti-america.com\/site\/mexico\/2019\/09\/19\/lluvias-y-encharcamientos-en-al-menos-6-alcaldias-de-cdmx\/"]}]},{"@type":"ImageObject","inLanguage":"es","@id":"https:\/\/noti-america.com\/site\/mexico\/2019\/09\/19\/lluvias-y-encharcamientos-en-al-menos-6-alcaldias-de-cdmx\/#primaryimage","url":"https:\/\/noti-america.com\/site\/mexico\/wp-content\/uploads\/sites\/13\/2019\/09\/Descarga-9.jpg","contentUrl":"https:\/\/noti-america.com\/site\/mexico\/wp-content\/uploads\/sites\/13\/2019\/09\/Descarga-9.jpg","width":750,"height":450},{"@type":"BreadcrumbList","@id":"https:\/\/noti-america.com\/site\/mexico\/2019\/09\/19\/lluvias-y-encharcamientos-en-al-menos-6-alcaldias-de-cdmx\/#breadcrumb","itemListElement":[{"@type":"ListItem","position":1,"name":"Portada","item":"https:\/\/noti-america.com\/site\/mexico\/"},{"@type":"ListItem","position":2,"name":"Lluvias y encharcamientos en al menos 6 alcald\u00edas de CDMX"}]},{"@type":"WebSite","@id":"https:\/\/noti-america.com\/site\/mexico\/#website","url":"https:\/\/noti-america.com\/site\/mexico\/","name":"M\u00e9xico | Noti-America.com","description":"","publisher":{"@id":"https:\/\/noti-america.com\/site\/mexico\/#organization"},"potentialAction":[{"@type":"SearchAction","target":{"@type":"EntryPoint","urlTemplate":"https:\/\/noti-america.com\/site\/mexico\/?s={search_term_string}"},"query-input":{"@type":"PropertyValueSpecification","valueRequired":true,"valueName":"search_term_string"}}],"inLanguage":"es"},{"@type":"Organization","@id":"https:\/\/noti-america.com\/site\/mexico\/#organization","name":"Noti-America LLC | M\u00e9xico","url":"https:\/\/noti-america.com\/site\/mexico\/","logo":{"@type":"ImageObject","inLanguage":"es","@id":"https:\/\/noti-america.com\/site\/mexico\/#\/schema\/logo\/image\/","url":"https:\/\/noti-america.com\/site\/mexico\/wp-content\/uploads\/sites\/13\/2020\/07\/LogoNA-4x3-1.jpg","contentUrl":"https:\/\/noti-america.com\/site\/mexico\/wp-content\/uploads\/sites\/13\/2020\/07\/LogoNA-4x3-1.jpg","width":1236,"height":1080,"caption":"Noti-America LLC | M\u00e9xico"},"image":{"@id":"https:\/\/noti-america.com\/site\/mexico\/#\/schema\/logo\/image\/"}},{"@type":"Person","@id":"https:\/\/noti-america.com\/site\/mexico\/#\/schema\/person\/116dfa1d5f58a6410bc589e7e2e4028c","name":"Jos\u00e9 Manuel Estevanot","image":{"@type":"ImageObject","inLanguage":"es","@id":"https:\/\/secure.gravatar.com\/avatar\/ded57725a28e7e6babccb982bd748d931b24c97df39c4d9513b7745f918a0c87?s=96&d=mm&r=g","url":"https:\/\/secure.gravatar.com\/avatar\/ded57725a28e7e6babccb982bd748d931b24c97df39c4d9513b7745f918a0c87?s=96&d=mm&r=g","contentUrl":"https:\/\/secure.gravatar.com\/avatar\/ded57725a28e7e6babccb982bd748d931b24c97df39c4d9513b7745f918a0c87?s=96&d=mm&r=g","caption":"Jos\u00e9 Manuel Estevanot"},"url":"https:\/\/noti-america.com\/site\/mexico\/author\/jmestevanot\/"}]}},"_links":{"self":[{"href":"https:\/\/noti-america.com\/site\/mexico\/wp-json\/wp\/v2\/posts\/4464","targetHints":{"allow":["GET"]}}],"collection":[{"href":"https:\/\/noti-america.com\/site\/mexico\/wp-json\/wp\/v2\/posts"}],"about":[{"href":"https:\/\/noti-america.com\/site\/mexico\/wp-json\/wp\/v2\/types\/post"}],"author":[{"embeddable":true,"href":"https:\/\/noti-america.com\/site\/mexico\/wp-json\/wp\/v2\/users\/39"}],"replies":[{"embeddable":true,"href":"https:\/\/noti-america.com\/site\/mexico\/wp-json\/wp\/v2\/comments?post=4464"}],"version-history":[{"count":1,"href":"https:\/\/noti-america.com\/site\/mexico\/wp-json\/wp\/v2\/posts\/4464\/revisions"}],"predecessor-version":[{"id":4466,"href":"https:\/\/noti-america.com\/site\/mexico\/wp-json\/wp\/v2\/posts\/4464\/revisions\/4466"}],"wp:featuredmedia":[{"embeddable":true,"href":"https:\/\/noti-america.com\/site\/mexico\/wp-json\/wp\/v2\/media\/4465"}],"wp:attachment":[{"href":"https:\/\/noti-america.com\/site\/mexico\/wp-json\/wp\/v2\/media?parent=4464"}],"wp:term":[{"taxonomy":"category","embeddable":true,"href":"https:\/\/noti-america.com\/site\/mexico\/wp-json\/wp\/v2\/categories?post=4464"},{"taxonomy":"post_tag","embeddable":true,"href":"https:\/\/noti-america.com\/site\/mexico\/wp-json\/wp\/v2\/tags?post=4464"}],"curies":[{"name":"wp","href":"https:\/\/api.w.org\/{rel}","templated":true}]}}