{"id":4418,"date":"2019-09-13T15:57:55","date_gmt":"2019-09-13T15:57:55","guid":{"rendered":"http:\/\/noti-america.com\/site\/mexico\/?p=4418"},"modified":"2019-09-13T15:57:55","modified_gmt":"2019-09-13T15:57:55","slug":"seccion-es-pero-no-es-con-nelson-hariton-el-senor-de-la-musica-2","status":"publish","type":"post","link":"https:\/\/noti-america.com\/site\/mexico\/2019\/09\/13\/seccion-es-pero-no-es-con-nelson-hariton-el-senor-de-la-musica-2\/","title":{"rendered":"Secci\u00f3n \u00abEs pero no es\u00bb con Nelson Hariton, El se\u00f1or de la m\u00fasica"},"content":{"rendered":"<p><img loading=\"lazy\" decoding=\"async\" class=\" wp-image-4420 aligncenter\" src=\"http:\/\/noti-america.com\/site\/mexico\/wp-content\/uploads\/sites\/13\/2019\/09\/descarga-1-3-300x141.jpg\" alt=\"\" width=\"474\" height=\"223\" srcset=\"https:\/\/noti-america.com\/site\/mexico\/wp-content\/uploads\/sites\/13\/2019\/09\/descarga-1-3-300x141.jpg 300w, https:\/\/noti-america.com\/site\/mexico\/wp-content\/uploads\/sites\/13\/2019\/09\/descarga-1-3.jpg 327w\" sizes=\"auto, (max-width: 474px) 100vw, 474px\" \/><\/p>\n<p>Es pero no es 14 de Septiembre de 2019 por Nelson Hariton<\/p>\n<p>&nbsp;<\/p>\n<p><strong><em>Del Metro a la Orquesta<\/em><\/strong><\/p>\n<p>\u201cEl sonido de un joven de 19 a\u00f1os tocando un corno franc\u00e9s en la estaci\u00f3n Pueyrred\u00f3n en Buenos Aires detuvo a Omar Zambrano, un emigrante productor venezolano que pudo conmoverse al escuchar la calidad de su compatriota que se ganaba la vida en base de la caridad de los transe\u00fantes del subterr\u00e1neo.<\/p>\n<p>Un intercambio de datos de contacto dio inicio a la idea de reunir a m\u00e1s m\u00fasicos para generar una orquesta alimentada por el esp\u00edritu de lucha y fraternidad que caracteriza a los venezolanos. La meta estaba clara, generar la propuesta osada y atrevida hecha orquesta que lograse reunificar a estos m\u00fasicos y pudiesen volver a ubicarse en filas correspondientes a su talento, sin embargo, se necesitaban entender a\u00fan m\u00e1s los nuevos retos a los que se enfrentaban el grupo en esta nueva ciudad, el camino parec\u00eda desconocido y arriesgado.<\/p>\n<p>Se lanza una convocatoria v\u00eda internet para reunificar a la comunidad de m\u00fasicos venezolanos para luego integrarlos con reconocidos artistas argentinos o de cualquier nacionalidad que deseen sumarse. Las preguntas y temores no se hicieron esperar: \u00bfQui\u00e9nes son? \u00bfPor qu\u00e9 lo hacen? \u00bfQui\u00e9n paga todo esto? \u00bfQu\u00e9 quieren de m\u00ed?<\/p>\n<p>Aunque el trabajo con orquestas siempre estuvo de cerca en la carrera de Zambrano, la idea de generar un proyecto propio en otras esferas parec\u00eda ser una locura, sin embargo uno a uno fueron sum\u00e1ndose m\u00fasicos, cada uno con historias sobre su duro proceso de migraci\u00f3n, todos compart\u00edan los malabares deb\u00edan hacer para ganarse la vida mientras se adaptaban ante los nuevos c\u00f3digos de la agitada ciudad.<\/p>\n<p>Estas historias s\u00f3lo inspiraron y empoderaron a\u00fan m\u00e1s la idea que parec\u00eda cada vez m\u00e1s atractiva para un peque\u00f1o equipo de producci\u00f3n que se fue armando entre argentinos y venezolanos.<\/p>\n<p>La convocatoria fue lanzada y se sum\u00f3 a la propuesta al reconocido Maestro Jooyong Ahn quien de inmediato no s\u00f3lo se sum\u00f3 a la propuesta como director, sino que coloc\u00f3 toda su asesor\u00eda y colaboraci\u00f3n permanente para con el proyecto.<\/p>\n<p>Con casi 200 audiciones recibidas se realiz\u00f3 una selecci\u00f3n y se convoc\u00f3 a los m\u00fasicos en el Sal\u00f3n dorado de la Casa de la cultura del Gobierno de la Ciudad de Buenos Aires en 22 de septiembre de 2017 para el primer ensayo.\u201d<\/p>\n<p>&nbsp;<\/p>\n<p>Lo anterior fue extra\u00eddo de la p\u00e1gina Web de \u201cLatin Box Machine\u201d, el dato de esta orquesta me la paso Pablo Goldstein y escuchemos la versi\u00f3n que hacen del tema de Juan Luis Guerra \u201cVisa para un sue\u00f1o<\/p>\n<p>&nbsp;<\/p>\n<div class=\"video-container\"><iframe loading=\"lazy\" title=\"Latin Vox Machine - Visa para un sue\u00f1o\" width=\"500\" height=\"281\" src=\"https:\/\/www.youtube.com\/embed\/5Nqag037muw?feature=oembed&#038;wmode=opaque\" frameborder=\"0\" allow=\"accelerometer; autoplay; clipboard-write; encrypted-media; gyroscope; picture-in-picture; web-share\" referrerpolicy=\"strict-origin-when-cross-origin\" allowfullscreen><\/iframe><\/div>\n<p>&nbsp;<\/p>\n","protected":false},"excerpt":{"rendered":"<p>Es pero no es 14 de Septiembre de 2019 por Nelson Hariton &nbsp; Del Metro a la Orquesta \u201cEl sonido de un joven de 19 a\u00f1os tocando un corno franc\u00e9s en la estaci\u00f3n Pueyrred\u00f3n&#46;&#46;&#46;<\/p>\n","protected":false},"author":39,"featured_media":4421,"comment_status":"open","ping_status":"open","sticky":false,"template":"","format":"standard","meta":{"_acf_changed":false,"om_disable_all_campaigns":false,"rop_custom_images_group":[],"rop_custom_messages_group":[],"rop_publish_now":"initial","rop_publish_now_accounts":{"twitter_242054905_242054905":""},"rop_publish_now_history":[],"rop_publish_now_status":"pending","_uf_show_specific_survey":0,"_uf_disable_surveys":false,"footnotes":""},"categories":[8],"tags":[548],"class_list":["post-4418","post","type-post","status-publish","format-standard","has-post-thumbnail","hentry","category-arte-y-espectaculos","tag-es-pero-no-es-con-nelson-hariton"],"acf":[],"aioseo_notices":[],"yoast_head":"<!-- This site is optimized with the Yoast SEO Premium plugin v24.9 (Yoast SEO v27.2) - https:\/\/yoast.com\/product\/yoast-seo-premium-wordpress\/ -->\n<title>Secci\u00f3n &quot;Es pero no es&quot; con Nelson Hariton, El se\u00f1or de la m\u00fasica - M\u00e9xico<\/title>\n<meta name=\"robots\" content=\"index, follow, max-snippet:-1, max-image-preview:large, max-video-preview:-1\" \/>\n<link rel=\"canonical\" href=\"https:\/\/noti-america.com\/site\/mexico\/2019\/09\/13\/seccion-es-pero-no-es-con-nelson-hariton-el-senor-de-la-musica-2\/\" \/>\n<meta property=\"og:locale\" content=\"es_ES\" \/>\n<meta property=\"og:type\" content=\"article\" \/>\n<meta property=\"og:title\" content=\"Secci\u00f3n &quot;Es pero no es&quot; con Nelson Hariton, El se\u00f1or de la m\u00fasica\" \/>\n<meta property=\"og:description\" content=\"Es pero no es 14 de Septiembre de 2019 por Nelson Hariton &nbsp; Del Metro a la Orquesta \u201cEl sonido de un joven de 19 a\u00f1os tocando un corno franc\u00e9s en la estaci\u00f3n Pueyrred\u00f3n&#046;&#046;&#046;\" \/>\n<meta property=\"og:url\" content=\"https:\/\/noti-america.com\/site\/mexico\/2019\/09\/13\/seccion-es-pero-no-es-con-nelson-hariton-el-senor-de-la-musica-2\/\" \/>\n<meta property=\"og:site_name\" content=\"M\u00e9xico\" \/>\n<meta property=\"article:published_time\" content=\"2019-09-13T15:57:55+00:00\" \/>\n<meta property=\"og:image\" content=\"https:\/\/noti-america.com\/site\/mexico\/wp-content\/uploads\/sites\/13\/2019\/09\/descarga-3-1.jpg\" \/>\n\t<meta property=\"og:image:width\" content=\"229\" \/>\n\t<meta property=\"og:image:height\" content=\"220\" \/>\n\t<meta property=\"og:image:type\" content=\"image\/jpeg\" \/>\n<meta name=\"author\" content=\"Jos\u00e9 Manuel Estevanot\" \/>\n<meta name=\"twitter:card\" content=\"summary_large_image\" \/>\n<meta name=\"twitter:label1\" content=\"Escrito por\" \/>\n\t<meta name=\"twitter:data1\" content=\"Jos\u00e9 Manuel Estevanot\" \/>\n\t<meta name=\"twitter:label2\" content=\"Tiempo estimado de lectura\" \/>\n\t<meta name=\"twitter:data2\" content=\"2 minutos\" \/>\n<script type=\"application\/ld+json\" class=\"yoast-schema-graph\">{\"@context\":\"https:\/\/schema.org\",\"@graph\":[{\"@type\":\"Article\",\"@id\":\"https:\/\/noti-america.com\/site\/mexico\/2019\/09\/13\/seccion-es-pero-no-es-con-nelson-hariton-el-senor-de-la-musica-2\/#article\",\"isPartOf\":{\"@id\":\"https:\/\/noti-america.com\/site\/mexico\/2019\/09\/13\/seccion-es-pero-no-es-con-nelson-hariton-el-senor-de-la-musica-2\/\"},\"author\":{\"name\":\"Jos\u00e9 Manuel Estevanot\",\"@id\":\"https:\/\/noti-america.com\/site\/mexico\/#\/schema\/person\/116dfa1d5f58a6410bc589e7e2e4028c\"},\"headline\":\"Secci\u00f3n \u00abEs pero no es\u00bb con Nelson Hariton, El se\u00f1or de la m\u00fasica\",\"datePublished\":\"2019-09-13T15:57:55+00:00\",\"mainEntityOfPage\":{\"@id\":\"https:\/\/noti-america.com\/site\/mexico\/2019\/09\/13\/seccion-es-pero-no-es-con-nelson-hariton-el-senor-de-la-musica-2\/\"},\"wordCount\":489,\"commentCount\":0,\"publisher\":{\"@id\":\"https:\/\/noti-america.com\/site\/mexico\/#organization\"},\"image\":{\"@id\":\"https:\/\/noti-america.com\/site\/mexico\/2019\/09\/13\/seccion-es-pero-no-es-con-nelson-hariton-el-senor-de-la-musica-2\/#primaryimage\"},\"thumbnailUrl\":\"https:\/\/noti-america.com\/site\/mexico\/wp-content\/uploads\/sites\/13\/2019\/09\/descarga-3-1.jpg\",\"keywords\":[\"\\\"Es pero no es\\\" con Nelson Hariton\"],\"articleSection\":[\"Arte y Espect\u00e1culos\"],\"inLanguage\":\"es\",\"potentialAction\":[{\"@type\":\"CommentAction\",\"name\":\"Comment\",\"target\":[\"https:\/\/noti-america.com\/site\/mexico\/2019\/09\/13\/seccion-es-pero-no-es-con-nelson-hariton-el-senor-de-la-musica-2\/#respond\"]}]},{\"@type\":\"WebPage\",\"@id\":\"https:\/\/noti-america.com\/site\/mexico\/2019\/09\/13\/seccion-es-pero-no-es-con-nelson-hariton-el-senor-de-la-musica-2\/\",\"url\":\"https:\/\/noti-america.com\/site\/mexico\/2019\/09\/13\/seccion-es-pero-no-es-con-nelson-hariton-el-senor-de-la-musica-2\/\",\"name\":\"Secci\u00f3n \\\"Es pero no es\\\" con Nelson Hariton, El se\u00f1or de la m\u00fasica - M\u00e9xico\",\"isPartOf\":{\"@id\":\"https:\/\/noti-america.com\/site\/mexico\/#website\"},\"primaryImageOfPage\":{\"@id\":\"https:\/\/noti-america.com\/site\/mexico\/2019\/09\/13\/seccion-es-pero-no-es-con-nelson-hariton-el-senor-de-la-musica-2\/#primaryimage\"},\"image\":{\"@id\":\"https:\/\/noti-america.com\/site\/mexico\/2019\/09\/13\/seccion-es-pero-no-es-con-nelson-hariton-el-senor-de-la-musica-2\/#primaryimage\"},\"thumbnailUrl\":\"https:\/\/noti-america.com\/site\/mexico\/wp-content\/uploads\/sites\/13\/2019\/09\/descarga-3-1.jpg\",\"datePublished\":\"2019-09-13T15:57:55+00:00\",\"breadcrumb\":{\"@id\":\"https:\/\/noti-america.com\/site\/mexico\/2019\/09\/13\/seccion-es-pero-no-es-con-nelson-hariton-el-senor-de-la-musica-2\/#breadcrumb\"},\"inLanguage\":\"es\",\"potentialAction\":[{\"@type\":\"ReadAction\",\"target\":[\"https:\/\/noti-america.com\/site\/mexico\/2019\/09\/13\/seccion-es-pero-no-es-con-nelson-hariton-el-senor-de-la-musica-2\/\"]}]},{\"@type\":\"ImageObject\",\"inLanguage\":\"es\",\"@id\":\"https:\/\/noti-america.com\/site\/mexico\/2019\/09\/13\/seccion-es-pero-no-es-con-nelson-hariton-el-senor-de-la-musica-2\/#primaryimage\",\"url\":\"https:\/\/noti-america.com\/site\/mexico\/wp-content\/uploads\/sites\/13\/2019\/09\/descarga-3-1.jpg\",\"contentUrl\":\"https:\/\/noti-america.com\/site\/mexico\/wp-content\/uploads\/sites\/13\/2019\/09\/descarga-3-1.jpg\",\"width\":229,\"height\":220},{\"@type\":\"BreadcrumbList\",\"@id\":\"https:\/\/noti-america.com\/site\/mexico\/2019\/09\/13\/seccion-es-pero-no-es-con-nelson-hariton-el-senor-de-la-musica-2\/#breadcrumb\",\"itemListElement\":[{\"@type\":\"ListItem\",\"position\":1,\"name\":\"Portada\",\"item\":\"https:\/\/noti-america.com\/site\/mexico\/\"},{\"@type\":\"ListItem\",\"position\":2,\"name\":\"Secci\u00f3n \u00abEs pero no es\u00bb con Nelson Hariton, El se\u00f1or de la m\u00fasica\"}]},{\"@type\":\"WebSite\",\"@id\":\"https:\/\/noti-america.com\/site\/mexico\/#website\",\"url\":\"https:\/\/noti-america.com\/site\/mexico\/\",\"name\":\"M\u00e9xico | Noti-America.com\",\"description\":\"\",\"publisher\":{\"@id\":\"https:\/\/noti-america.com\/site\/mexico\/#organization\"},\"potentialAction\":[{\"@type\":\"SearchAction\",\"target\":{\"@type\":\"EntryPoint\",\"urlTemplate\":\"https:\/\/noti-america.com\/site\/mexico\/?s={search_term_string}\"},\"query-input\":{\"@type\":\"PropertyValueSpecification\",\"valueRequired\":true,\"valueName\":\"search_term_string\"}}],\"inLanguage\":\"es\"},{\"@type\":\"Organization\",\"@id\":\"https:\/\/noti-america.com\/site\/mexico\/#organization\",\"name\":\"Noti-America LLC | M\u00e9xico\",\"url\":\"https:\/\/noti-america.com\/site\/mexico\/\",\"logo\":{\"@type\":\"ImageObject\",\"inLanguage\":\"es\",\"@id\":\"https:\/\/noti-america.com\/site\/mexico\/#\/schema\/logo\/image\/\",\"url\":\"https:\/\/noti-america.com\/site\/mexico\/wp-content\/uploads\/sites\/13\/2020\/07\/LogoNA-4x3-1.jpg\",\"contentUrl\":\"https:\/\/noti-america.com\/site\/mexico\/wp-content\/uploads\/sites\/13\/2020\/07\/LogoNA-4x3-1.jpg\",\"width\":1236,\"height\":1080,\"caption\":\"Noti-America LLC | M\u00e9xico\"},\"image\":{\"@id\":\"https:\/\/noti-america.com\/site\/mexico\/#\/schema\/logo\/image\/\"}},{\"@type\":\"Person\",\"@id\":\"https:\/\/noti-america.com\/site\/mexico\/#\/schema\/person\/116dfa1d5f58a6410bc589e7e2e4028c\",\"name\":\"Jos\u00e9 Manuel Estevanot\",\"image\":{\"@type\":\"ImageObject\",\"inLanguage\":\"es\",\"@id\":\"https:\/\/secure.gravatar.com\/avatar\/ded57725a28e7e6babccb982bd748d931b24c97df39c4d9513b7745f918a0c87?s=96&d=mm&r=g\",\"url\":\"https:\/\/secure.gravatar.com\/avatar\/ded57725a28e7e6babccb982bd748d931b24c97df39c4d9513b7745f918a0c87?s=96&d=mm&r=g\",\"contentUrl\":\"https:\/\/secure.gravatar.com\/avatar\/ded57725a28e7e6babccb982bd748d931b24c97df39c4d9513b7745f918a0c87?s=96&d=mm&r=g\",\"caption\":\"Jos\u00e9 Manuel Estevanot\"},\"url\":\"https:\/\/noti-america.com\/site\/mexico\/author\/jmestevanot\/\"}]}<\/script>\n<!-- \/ Yoast SEO Premium plugin. -->","yoast_head_json":{"title":"Secci\u00f3n \"Es pero no es\" con Nelson Hariton, El se\u00f1or de la m\u00fasica - M\u00e9xico","robots":{"index":"index","follow":"follow","max-snippet":"max-snippet:-1","max-image-preview":"max-image-preview:large","max-video-preview":"max-video-preview:-1"},"canonical":"https:\/\/noti-america.com\/site\/mexico\/2019\/09\/13\/seccion-es-pero-no-es-con-nelson-hariton-el-senor-de-la-musica-2\/","og_locale":"es_ES","og_type":"article","og_title":"Secci\u00f3n \"Es pero no es\" con Nelson Hariton, El se\u00f1or de la m\u00fasica","og_description":"Es pero no es 14 de Septiembre de 2019 por Nelson Hariton &nbsp; Del Metro a la Orquesta \u201cEl sonido de un joven de 19 a\u00f1os tocando un corno franc\u00e9s en la estaci\u00f3n Pueyrred\u00f3n&#46;&#46;&#46;","og_url":"https:\/\/noti-america.com\/site\/mexico\/2019\/09\/13\/seccion-es-pero-no-es-con-nelson-hariton-el-senor-de-la-musica-2\/","og_site_name":"M\u00e9xico","article_published_time":"2019-09-13T15:57:55+00:00","og_image":[{"width":229,"height":220,"url":"https:\/\/noti-america.com\/site\/mexico\/wp-content\/uploads\/sites\/13\/2019\/09\/descarga-3-1.jpg","type":"image\/jpeg"}],"author":"Jos\u00e9 Manuel Estevanot","twitter_card":"summary_large_image","twitter_misc":{"Escrito por":"Jos\u00e9 Manuel Estevanot","Tiempo estimado de lectura":"2 minutos"},"schema":{"@context":"https:\/\/schema.org","@graph":[{"@type":"Article","@id":"https:\/\/noti-america.com\/site\/mexico\/2019\/09\/13\/seccion-es-pero-no-es-con-nelson-hariton-el-senor-de-la-musica-2\/#article","isPartOf":{"@id":"https:\/\/noti-america.com\/site\/mexico\/2019\/09\/13\/seccion-es-pero-no-es-con-nelson-hariton-el-senor-de-la-musica-2\/"},"author":{"name":"Jos\u00e9 Manuel Estevanot","@id":"https:\/\/noti-america.com\/site\/mexico\/#\/schema\/person\/116dfa1d5f58a6410bc589e7e2e4028c"},"headline":"Secci\u00f3n \u00abEs pero no es\u00bb con Nelson Hariton, El se\u00f1or de la m\u00fasica","datePublished":"2019-09-13T15:57:55+00:00","mainEntityOfPage":{"@id":"https:\/\/noti-america.com\/site\/mexico\/2019\/09\/13\/seccion-es-pero-no-es-con-nelson-hariton-el-senor-de-la-musica-2\/"},"wordCount":489,"commentCount":0,"publisher":{"@id":"https:\/\/noti-america.com\/site\/mexico\/#organization"},"image":{"@id":"https:\/\/noti-america.com\/site\/mexico\/2019\/09\/13\/seccion-es-pero-no-es-con-nelson-hariton-el-senor-de-la-musica-2\/#primaryimage"},"thumbnailUrl":"https:\/\/noti-america.com\/site\/mexico\/wp-content\/uploads\/sites\/13\/2019\/09\/descarga-3-1.jpg","keywords":["\"Es pero no es\" con Nelson Hariton"],"articleSection":["Arte y Espect\u00e1culos"],"inLanguage":"es","potentialAction":[{"@type":"CommentAction","name":"Comment","target":["https:\/\/noti-america.com\/site\/mexico\/2019\/09\/13\/seccion-es-pero-no-es-con-nelson-hariton-el-senor-de-la-musica-2\/#respond"]}]},{"@type":"WebPage","@id":"https:\/\/noti-america.com\/site\/mexico\/2019\/09\/13\/seccion-es-pero-no-es-con-nelson-hariton-el-senor-de-la-musica-2\/","url":"https:\/\/noti-america.com\/site\/mexico\/2019\/09\/13\/seccion-es-pero-no-es-con-nelson-hariton-el-senor-de-la-musica-2\/","name":"Secci\u00f3n \"Es pero no es\" con Nelson Hariton, El se\u00f1or de la m\u00fasica - M\u00e9xico","isPartOf":{"@id":"https:\/\/noti-america.com\/site\/mexico\/#website"},"primaryImageOfPage":{"@id":"https:\/\/noti-america.com\/site\/mexico\/2019\/09\/13\/seccion-es-pero-no-es-con-nelson-hariton-el-senor-de-la-musica-2\/#primaryimage"},"image":{"@id":"https:\/\/noti-america.com\/site\/mexico\/2019\/09\/13\/seccion-es-pero-no-es-con-nelson-hariton-el-senor-de-la-musica-2\/#primaryimage"},"thumbnailUrl":"https:\/\/noti-america.com\/site\/mexico\/wp-content\/uploads\/sites\/13\/2019\/09\/descarga-3-1.jpg","datePublished":"2019-09-13T15:57:55+00:00","breadcrumb":{"@id":"https:\/\/noti-america.com\/site\/mexico\/2019\/09\/13\/seccion-es-pero-no-es-con-nelson-hariton-el-senor-de-la-musica-2\/#breadcrumb"},"inLanguage":"es","potentialAction":[{"@type":"ReadAction","target":["https:\/\/noti-america.com\/site\/mexico\/2019\/09\/13\/seccion-es-pero-no-es-con-nelson-hariton-el-senor-de-la-musica-2\/"]}]},{"@type":"ImageObject","inLanguage":"es","@id":"https:\/\/noti-america.com\/site\/mexico\/2019\/09\/13\/seccion-es-pero-no-es-con-nelson-hariton-el-senor-de-la-musica-2\/#primaryimage","url":"https:\/\/noti-america.com\/site\/mexico\/wp-content\/uploads\/sites\/13\/2019\/09\/descarga-3-1.jpg","contentUrl":"https:\/\/noti-america.com\/site\/mexico\/wp-content\/uploads\/sites\/13\/2019\/09\/descarga-3-1.jpg","width":229,"height":220},{"@type":"BreadcrumbList","@id":"https:\/\/noti-america.com\/site\/mexico\/2019\/09\/13\/seccion-es-pero-no-es-con-nelson-hariton-el-senor-de-la-musica-2\/#breadcrumb","itemListElement":[{"@type":"ListItem","position":1,"name":"Portada","item":"https:\/\/noti-america.com\/site\/mexico\/"},{"@type":"ListItem","position":2,"name":"Secci\u00f3n \u00abEs pero no es\u00bb con Nelson Hariton, El se\u00f1or de la m\u00fasica"}]},{"@type":"WebSite","@id":"https:\/\/noti-america.com\/site\/mexico\/#website","url":"https:\/\/noti-america.com\/site\/mexico\/","name":"M\u00e9xico | Noti-America.com","description":"","publisher":{"@id":"https:\/\/noti-america.com\/site\/mexico\/#organization"},"potentialAction":[{"@type":"SearchAction","target":{"@type":"EntryPoint","urlTemplate":"https:\/\/noti-america.com\/site\/mexico\/?s={search_term_string}"},"query-input":{"@type":"PropertyValueSpecification","valueRequired":true,"valueName":"search_term_string"}}],"inLanguage":"es"},{"@type":"Organization","@id":"https:\/\/noti-america.com\/site\/mexico\/#organization","name":"Noti-America LLC | M\u00e9xico","url":"https:\/\/noti-america.com\/site\/mexico\/","logo":{"@type":"ImageObject","inLanguage":"es","@id":"https:\/\/noti-america.com\/site\/mexico\/#\/schema\/logo\/image\/","url":"https:\/\/noti-america.com\/site\/mexico\/wp-content\/uploads\/sites\/13\/2020\/07\/LogoNA-4x3-1.jpg","contentUrl":"https:\/\/noti-america.com\/site\/mexico\/wp-content\/uploads\/sites\/13\/2020\/07\/LogoNA-4x3-1.jpg","width":1236,"height":1080,"caption":"Noti-America LLC | M\u00e9xico"},"image":{"@id":"https:\/\/noti-america.com\/site\/mexico\/#\/schema\/logo\/image\/"}},{"@type":"Person","@id":"https:\/\/noti-america.com\/site\/mexico\/#\/schema\/person\/116dfa1d5f58a6410bc589e7e2e4028c","name":"Jos\u00e9 Manuel Estevanot","image":{"@type":"ImageObject","inLanguage":"es","@id":"https:\/\/secure.gravatar.com\/avatar\/ded57725a28e7e6babccb982bd748d931b24c97df39c4d9513b7745f918a0c87?s=96&d=mm&r=g","url":"https:\/\/secure.gravatar.com\/avatar\/ded57725a28e7e6babccb982bd748d931b24c97df39c4d9513b7745f918a0c87?s=96&d=mm&r=g","contentUrl":"https:\/\/secure.gravatar.com\/avatar\/ded57725a28e7e6babccb982bd748d931b24c97df39c4d9513b7745f918a0c87?s=96&d=mm&r=g","caption":"Jos\u00e9 Manuel Estevanot"},"url":"https:\/\/noti-america.com\/site\/mexico\/author\/jmestevanot\/"}]}},"_links":{"self":[{"href":"https:\/\/noti-america.com\/site\/mexico\/wp-json\/wp\/v2\/posts\/4418","targetHints":{"allow":["GET"]}}],"collection":[{"href":"https:\/\/noti-america.com\/site\/mexico\/wp-json\/wp\/v2\/posts"}],"about":[{"href":"https:\/\/noti-america.com\/site\/mexico\/wp-json\/wp\/v2\/types\/post"}],"author":[{"embeddable":true,"href":"https:\/\/noti-america.com\/site\/mexico\/wp-json\/wp\/v2\/users\/39"}],"replies":[{"embeddable":true,"href":"https:\/\/noti-america.com\/site\/mexico\/wp-json\/wp\/v2\/comments?post=4418"}],"version-history":[{"count":2,"href":"https:\/\/noti-america.com\/site\/mexico\/wp-json\/wp\/v2\/posts\/4418\/revisions"}],"predecessor-version":[{"id":4423,"href":"https:\/\/noti-america.com\/site\/mexico\/wp-json\/wp\/v2\/posts\/4418\/revisions\/4423"}],"wp:featuredmedia":[{"embeddable":true,"href":"https:\/\/noti-america.com\/site\/mexico\/wp-json\/wp\/v2\/media\/4421"}],"wp:attachment":[{"href":"https:\/\/noti-america.com\/site\/mexico\/wp-json\/wp\/v2\/media?parent=4418"}],"wp:term":[{"taxonomy":"category","embeddable":true,"href":"https:\/\/noti-america.com\/site\/mexico\/wp-json\/wp\/v2\/categories?post=4418"},{"taxonomy":"post_tag","embeddable":true,"href":"https:\/\/noti-america.com\/site\/mexico\/wp-json\/wp\/v2\/tags?post=4418"}],"curies":[{"name":"wp","href":"https:\/\/api.w.org\/{rel}","templated":true}]}}