{"id":4408,"date":"2019-09-13T15:46:25","date_gmt":"2019-09-13T15:46:25","guid":{"rendered":"http:\/\/noti-america.com\/site\/mexico\/?p=4408"},"modified":"2019-09-13T15:46:25","modified_gmt":"2019-09-13T15:46:25","slug":"senado-llama-a-mireles-a-renunciar-como-subdelegado-de-issste","status":"publish","type":"post","link":"https:\/\/noti-america.com\/site\/mexico\/2019\/09\/13\/senado-llama-a-mireles-a-renunciar-como-subdelegado-de-issste\/","title":{"rendered":"Senado llama a Mireles a renunciar como subdelegado de ISSSTE"},"content":{"rendered":"<div id=\"attachment_4410\" style=\"width: 402px\" class=\"wp-caption aligncenter\"><img loading=\"lazy\" decoding=\"async\" aria-describedby=\"caption-attachment-4410\" class=\" wp-image-4410\" src=\"http:\/\/noti-america.com\/site\/mexico\/wp-content\/uploads\/sites\/13\/2019\/09\/descarga-23-300x180.jpg\" alt=\"\" width=\"392\" height=\"235\" srcset=\"https:\/\/noti-america.com\/site\/mexico\/wp-content\/uploads\/sites\/13\/2019\/09\/descarga-23-300x180.jpg 300w, https:\/\/noti-america.com\/site\/mexico\/wp-content\/uploads\/sites\/13\/2019\/09\/descarga-23.jpg 750w\" sizes=\"auto, (max-width: 392px) 100vw, 392px\" \/><p id=\"caption-attachment-4410\" class=\"wp-caption-text\">\u00a0\u00a0<\/p><\/div>\n<h4>Fuente:\u00a0 https:\/\/www.unotv.com\/noticias<\/h4>\n<p>&nbsp;<\/p>\n<p dir=\"ltr\">Tras el reclamo expresado por todas las fracciones parlamentarias en la\u00a0<strong>C\u00e1mara Alta<\/strong>, el Pleno aprob\u00f3 un pronunciamiento para exigir a\u00a0<strong>Jos\u00e9 Manuel Mireles que presente su renuncia<\/strong>\u00a0como<strong>\u00a0subdelegado de ISSSTE<\/strong>\u00a0en el estado de\u00a0<strong>Michoac\u00e1n<\/strong>, como consecuencia directa de sus expresiones mis\u00f3ginas.<\/p>\n<p dir=\"ltr\">[Aqu\u00ed la historia: Mujeres responden a insultos de Mireles; \u00e9l se disculpa]<\/p>\n<p dir=\"ltr\"><em><strong>El Senado de la Rep\u00fablica exhorta al ciudadano Jos\u00e9 Manuel Mireles Valverde a que presente la renuncia a su cargo con esta fecha como subdelegado del Instituto de Seguridad y Servicios Sociales de los Trabajadores del Estado en la Delegaci\u00f3n de Michoac\u00e1n, en raz\u00f3n de las expresiones machistas, mis\u00f3ginas y violentas pronunciadas contra las mujeres derechohabientes del instituto y todas las mujeres del pa\u00eds\u201d.\u00a0<u>Ver\u00f3nica Noem\u00ed Camino Farjat, secretaria de la Mesa Directiva del Senado<\/u><\/strong><\/em><\/p>\n<p dir=\"ltr\">El pronunciamiento fue aprobado por unanimidad de la asamblea.<\/p>\n<p dir=\"ltr\">Adem\u00e1s, la secretaria detall\u00f3 que el\u00a0<strong>Senado se pronuncia<\/strong>\u00a0en contra de\u00a0<strong>toda utilizaci\u00f3n de lenguaje discriminatorio<\/strong>, sexista y violento proferido en contra de la mujer, tanto por<strong>\u00a0Mireles\u00a0<\/strong>como por cualquier otro servidor p\u00fablico.<\/p>\n<p dir=\"ltr\"><em><strong>\u00a0La C\u00e1mara de Senadores solicita al director general del Instituto de Seguridad y Servicios Sociales de los Trabajadores del Estado a que realice las acciones pertinentes y legales para garantizar el aprecio a la dignidad y los derechos humanos de todas y todos los derechohabientes\u201d.\u00a0<u>Ver\u00f3nica Noem\u00ed Camino Farjat, secretaria de la Mesa Directiva del Senado<\/u><\/strong><\/em><\/p>\n<p>&nbsp;<\/p>\n<p>&nbsp;<\/p>\n","protected":false},"excerpt":{"rendered":"<p>Fuente:\u00a0 https:\/\/www.unotv.com\/noticias &nbsp; Tras el reclamo expresado por todas las fracciones parlamentarias en la\u00a0C\u00e1mara Alta, el Pleno aprob\u00f3 un pronunciamiento para exigir a\u00a0Jos\u00e9 Manuel Mireles que presente su renuncia\u00a0como\u00a0subdelegado de ISSSTE\u00a0en el estado de\u00a0Michoac\u00e1n,&#46;&#46;&#46;<\/p>\n","protected":false},"author":39,"featured_media":4410,"comment_status":"open","ping_status":"open","sticky":false,"template":"","format":"standard","meta":{"_acf_changed":false,"om_disable_all_campaigns":false,"rop_custom_images_group":[],"rop_custom_messages_group":[],"rop_publish_now":"initial","rop_publish_now_accounts":{"twitter_242054905_242054905":""},"rop_publish_now_history":[],"rop_publish_now_status":"pending","_uf_show_specific_survey":0,"_uf_disable_surveys":false,"footnotes":""},"categories":[337],"tags":[566],"class_list":["post-4408","post","type-post","status-publish","format-standard","has-post-thumbnail","hentry","category-noticias","tag-senado-llama-a-mireles-a-renunciar-como-subdelegado-de-issste"],"acf":[],"aioseo_notices":[],"yoast_head":"<!-- This site is optimized with the Yoast SEO Premium plugin v24.9 (Yoast SEO v27.2) - https:\/\/yoast.com\/product\/yoast-seo-premium-wordpress\/ -->\n<title>Senado llama a Mireles a renunciar como subdelegado de ISSSTE - M\u00e9xico<\/title>\n<meta name=\"robots\" content=\"index, follow, max-snippet:-1, max-image-preview:large, max-video-preview:-1\" \/>\n<link rel=\"canonical\" href=\"https:\/\/noti-america.com\/site\/mexico\/2019\/09\/13\/senado-llama-a-mireles-a-renunciar-como-subdelegado-de-issste\/\" \/>\n<meta property=\"og:locale\" content=\"es_ES\" \/>\n<meta property=\"og:type\" content=\"article\" \/>\n<meta property=\"og:title\" content=\"Senado llama a Mireles a renunciar como subdelegado de ISSSTE\" \/>\n<meta property=\"og:description\" content=\"Fuente:\u00a0 https:\/\/www.unotv.com\/noticias &nbsp; Tras el reclamo expresado por todas las fracciones parlamentarias en la\u00a0C\u00e1mara Alta, el Pleno aprob\u00f3 un pronunciamiento para exigir a\u00a0Jos\u00e9 Manuel Mireles que presente su renuncia\u00a0como\u00a0subdelegado de ISSSTE\u00a0en el estado de\u00a0Michoac\u00e1n,&#046;&#046;&#046;\" \/>\n<meta property=\"og:url\" content=\"https:\/\/noti-america.com\/site\/mexico\/2019\/09\/13\/senado-llama-a-mireles-a-renunciar-como-subdelegado-de-issste\/\" \/>\n<meta property=\"og:site_name\" content=\"M\u00e9xico\" \/>\n<meta property=\"article:published_time\" content=\"2019-09-13T15:46:25+00:00\" \/>\n<meta property=\"og:image\" content=\"https:\/\/noti-america.com\/site\/mexico\/wp-content\/uploads\/sites\/13\/2019\/09\/descarga-23.jpg\" \/>\n\t<meta property=\"og:image:width\" content=\"750\" \/>\n\t<meta property=\"og:image:height\" content=\"450\" \/>\n\t<meta property=\"og:image:type\" content=\"image\/jpeg\" \/>\n<meta name=\"author\" content=\"Jos\u00e9 Manuel Estevanot\" \/>\n<meta name=\"twitter:card\" content=\"summary_large_image\" \/>\n<meta name=\"twitter:label1\" content=\"Escrito por\" \/>\n\t<meta name=\"twitter:data1\" content=\"Jos\u00e9 Manuel Estevanot\" \/>\n\t<meta name=\"twitter:label2\" content=\"Tiempo estimado de lectura\" \/>\n\t<meta name=\"twitter:data2\" content=\"1 minuto\" \/>\n<script type=\"application\/ld+json\" class=\"yoast-schema-graph\">{\"@context\":\"https:\/\/schema.org\",\"@graph\":[{\"@type\":\"Article\",\"@id\":\"https:\/\/noti-america.com\/site\/mexico\/2019\/09\/13\/senado-llama-a-mireles-a-renunciar-como-subdelegado-de-issste\/#article\",\"isPartOf\":{\"@id\":\"https:\/\/noti-america.com\/site\/mexico\/2019\/09\/13\/senado-llama-a-mireles-a-renunciar-como-subdelegado-de-issste\/\"},\"author\":{\"name\":\"Jos\u00e9 Manuel Estevanot\",\"@id\":\"https:\/\/noti-america.com\/site\/mexico\/#\/schema\/person\/116dfa1d5f58a6410bc589e7e2e4028c\"},\"headline\":\"Senado llama a Mireles a renunciar como subdelegado de ISSSTE\",\"datePublished\":\"2019-09-13T15:46:25+00:00\",\"mainEntityOfPage\":{\"@id\":\"https:\/\/noti-america.com\/site\/mexico\/2019\/09\/13\/senado-llama-a-mireles-a-renunciar-como-subdelegado-de-issste\/\"},\"wordCount\":272,\"commentCount\":0,\"publisher\":{\"@id\":\"https:\/\/noti-america.com\/site\/mexico\/#organization\"},\"image\":{\"@id\":\"https:\/\/noti-america.com\/site\/mexico\/2019\/09\/13\/senado-llama-a-mireles-a-renunciar-como-subdelegado-de-issste\/#primaryimage\"},\"thumbnailUrl\":\"https:\/\/noti-america.com\/site\/mexico\/wp-content\/uploads\/sites\/13\/2019\/09\/descarga-23.jpg\",\"keywords\":[\"Senado llama a Mireles a renunciar como subdelegado de ISSSTE\"],\"articleSection\":[\"Noticias\"],\"inLanguage\":\"es\",\"potentialAction\":[{\"@type\":\"CommentAction\",\"name\":\"Comment\",\"target\":[\"https:\/\/noti-america.com\/site\/mexico\/2019\/09\/13\/senado-llama-a-mireles-a-renunciar-como-subdelegado-de-issste\/#respond\"]}]},{\"@type\":\"WebPage\",\"@id\":\"https:\/\/noti-america.com\/site\/mexico\/2019\/09\/13\/senado-llama-a-mireles-a-renunciar-como-subdelegado-de-issste\/\",\"url\":\"https:\/\/noti-america.com\/site\/mexico\/2019\/09\/13\/senado-llama-a-mireles-a-renunciar-como-subdelegado-de-issste\/\",\"name\":\"Senado llama a Mireles a renunciar como subdelegado de ISSSTE - M\u00e9xico\",\"isPartOf\":{\"@id\":\"https:\/\/noti-america.com\/site\/mexico\/#website\"},\"primaryImageOfPage\":{\"@id\":\"https:\/\/noti-america.com\/site\/mexico\/2019\/09\/13\/senado-llama-a-mireles-a-renunciar-como-subdelegado-de-issste\/#primaryimage\"},\"image\":{\"@id\":\"https:\/\/noti-america.com\/site\/mexico\/2019\/09\/13\/senado-llama-a-mireles-a-renunciar-como-subdelegado-de-issste\/#primaryimage\"},\"thumbnailUrl\":\"https:\/\/noti-america.com\/site\/mexico\/wp-content\/uploads\/sites\/13\/2019\/09\/descarga-23.jpg\",\"datePublished\":\"2019-09-13T15:46:25+00:00\",\"breadcrumb\":{\"@id\":\"https:\/\/noti-america.com\/site\/mexico\/2019\/09\/13\/senado-llama-a-mireles-a-renunciar-como-subdelegado-de-issste\/#breadcrumb\"},\"inLanguage\":\"es\",\"potentialAction\":[{\"@type\":\"ReadAction\",\"target\":[\"https:\/\/noti-america.com\/site\/mexico\/2019\/09\/13\/senado-llama-a-mireles-a-renunciar-como-subdelegado-de-issste\/\"]}]},{\"@type\":\"ImageObject\",\"inLanguage\":\"es\",\"@id\":\"https:\/\/noti-america.com\/site\/mexico\/2019\/09\/13\/senado-llama-a-mireles-a-renunciar-como-subdelegado-de-issste\/#primaryimage\",\"url\":\"https:\/\/noti-america.com\/site\/mexico\/wp-content\/uploads\/sites\/13\/2019\/09\/descarga-23.jpg\",\"contentUrl\":\"https:\/\/noti-america.com\/site\/mexico\/wp-content\/uploads\/sites\/13\/2019\/09\/descarga-23.jpg\",\"width\":750,\"height\":450,\"caption\":\"04MARZO2017.-, CIUDAD DE M\u00c9XICO.- Jos\u00e9 Manuel Mireles, l\u00edder de autodefensas en Michoac\u00e1n, present\u00f3 su libro \\\"Todos Somos Autodefensas\\\", en la Feria Internacional del Libro del Palacio de Miner\u00eda. FOTO: ISAAC ESQUIVEL \/CUARTOSCURO.COM\"},{\"@type\":\"BreadcrumbList\",\"@id\":\"https:\/\/noti-america.com\/site\/mexico\/2019\/09\/13\/senado-llama-a-mireles-a-renunciar-como-subdelegado-de-issste\/#breadcrumb\",\"itemListElement\":[{\"@type\":\"ListItem\",\"position\":1,\"name\":\"Portada\",\"item\":\"https:\/\/noti-america.com\/site\/mexico\/\"},{\"@type\":\"ListItem\",\"position\":2,\"name\":\"Senado llama a Mireles a renunciar como subdelegado de ISSSTE\"}]},{\"@type\":\"WebSite\",\"@id\":\"https:\/\/noti-america.com\/site\/mexico\/#website\",\"url\":\"https:\/\/noti-america.com\/site\/mexico\/\",\"name\":\"M\u00e9xico | Noti-America.com\",\"description\":\"\",\"publisher\":{\"@id\":\"https:\/\/noti-america.com\/site\/mexico\/#organization\"},\"potentialAction\":[{\"@type\":\"SearchAction\",\"target\":{\"@type\":\"EntryPoint\",\"urlTemplate\":\"https:\/\/noti-america.com\/site\/mexico\/?s={search_term_string}\"},\"query-input\":{\"@type\":\"PropertyValueSpecification\",\"valueRequired\":true,\"valueName\":\"search_term_string\"}}],\"inLanguage\":\"es\"},{\"@type\":\"Organization\",\"@id\":\"https:\/\/noti-america.com\/site\/mexico\/#organization\",\"name\":\"Noti-America LLC | M\u00e9xico\",\"url\":\"https:\/\/noti-america.com\/site\/mexico\/\",\"logo\":{\"@type\":\"ImageObject\",\"inLanguage\":\"es\",\"@id\":\"https:\/\/noti-america.com\/site\/mexico\/#\/schema\/logo\/image\/\",\"url\":\"https:\/\/noti-america.com\/site\/mexico\/wp-content\/uploads\/sites\/13\/2020\/07\/LogoNA-4x3-1.jpg\",\"contentUrl\":\"https:\/\/noti-america.com\/site\/mexico\/wp-content\/uploads\/sites\/13\/2020\/07\/LogoNA-4x3-1.jpg\",\"width\":1236,\"height\":1080,\"caption\":\"Noti-America LLC | M\u00e9xico\"},\"image\":{\"@id\":\"https:\/\/noti-america.com\/site\/mexico\/#\/schema\/logo\/image\/\"}},{\"@type\":\"Person\",\"@id\":\"https:\/\/noti-america.com\/site\/mexico\/#\/schema\/person\/116dfa1d5f58a6410bc589e7e2e4028c\",\"name\":\"Jos\u00e9 Manuel Estevanot\",\"image\":{\"@type\":\"ImageObject\",\"inLanguage\":\"es\",\"@id\":\"https:\/\/secure.gravatar.com\/avatar\/ded57725a28e7e6babccb982bd748d931b24c97df39c4d9513b7745f918a0c87?s=96&d=mm&r=g\",\"url\":\"https:\/\/secure.gravatar.com\/avatar\/ded57725a28e7e6babccb982bd748d931b24c97df39c4d9513b7745f918a0c87?s=96&d=mm&r=g\",\"contentUrl\":\"https:\/\/secure.gravatar.com\/avatar\/ded57725a28e7e6babccb982bd748d931b24c97df39c4d9513b7745f918a0c87?s=96&d=mm&r=g\",\"caption\":\"Jos\u00e9 Manuel Estevanot\"},\"url\":\"https:\/\/noti-america.com\/site\/mexico\/author\/jmestevanot\/\"}]}<\/script>\n<!-- \/ Yoast SEO Premium plugin. -->","yoast_head_json":{"title":"Senado llama a Mireles a renunciar como subdelegado de ISSSTE - M\u00e9xico","robots":{"index":"index","follow":"follow","max-snippet":"max-snippet:-1","max-image-preview":"max-image-preview:large","max-video-preview":"max-video-preview:-1"},"canonical":"https:\/\/noti-america.com\/site\/mexico\/2019\/09\/13\/senado-llama-a-mireles-a-renunciar-como-subdelegado-de-issste\/","og_locale":"es_ES","og_type":"article","og_title":"Senado llama a Mireles a renunciar como subdelegado de ISSSTE","og_description":"Fuente:\u00a0 https:\/\/www.unotv.com\/noticias &nbsp; Tras el reclamo expresado por todas las fracciones parlamentarias en la\u00a0C\u00e1mara Alta, el Pleno aprob\u00f3 un pronunciamiento para exigir a\u00a0Jos\u00e9 Manuel Mireles que presente su renuncia\u00a0como\u00a0subdelegado de ISSSTE\u00a0en el estado de\u00a0Michoac\u00e1n,&#46;&#46;&#46;","og_url":"https:\/\/noti-america.com\/site\/mexico\/2019\/09\/13\/senado-llama-a-mireles-a-renunciar-como-subdelegado-de-issste\/","og_site_name":"M\u00e9xico","article_published_time":"2019-09-13T15:46:25+00:00","og_image":[{"width":750,"height":450,"url":"https:\/\/noti-america.com\/site\/mexico\/wp-content\/uploads\/sites\/13\/2019\/09\/descarga-23.jpg","type":"image\/jpeg"}],"author":"Jos\u00e9 Manuel Estevanot","twitter_card":"summary_large_image","twitter_misc":{"Escrito por":"Jos\u00e9 Manuel Estevanot","Tiempo estimado de lectura":"1 minuto"},"schema":{"@context":"https:\/\/schema.org","@graph":[{"@type":"Article","@id":"https:\/\/noti-america.com\/site\/mexico\/2019\/09\/13\/senado-llama-a-mireles-a-renunciar-como-subdelegado-de-issste\/#article","isPartOf":{"@id":"https:\/\/noti-america.com\/site\/mexico\/2019\/09\/13\/senado-llama-a-mireles-a-renunciar-como-subdelegado-de-issste\/"},"author":{"name":"Jos\u00e9 Manuel Estevanot","@id":"https:\/\/noti-america.com\/site\/mexico\/#\/schema\/person\/116dfa1d5f58a6410bc589e7e2e4028c"},"headline":"Senado llama a Mireles a renunciar como subdelegado de ISSSTE","datePublished":"2019-09-13T15:46:25+00:00","mainEntityOfPage":{"@id":"https:\/\/noti-america.com\/site\/mexico\/2019\/09\/13\/senado-llama-a-mireles-a-renunciar-como-subdelegado-de-issste\/"},"wordCount":272,"commentCount":0,"publisher":{"@id":"https:\/\/noti-america.com\/site\/mexico\/#organization"},"image":{"@id":"https:\/\/noti-america.com\/site\/mexico\/2019\/09\/13\/senado-llama-a-mireles-a-renunciar-como-subdelegado-de-issste\/#primaryimage"},"thumbnailUrl":"https:\/\/noti-america.com\/site\/mexico\/wp-content\/uploads\/sites\/13\/2019\/09\/descarga-23.jpg","keywords":["Senado llama a Mireles a renunciar como subdelegado de ISSSTE"],"articleSection":["Noticias"],"inLanguage":"es","potentialAction":[{"@type":"CommentAction","name":"Comment","target":["https:\/\/noti-america.com\/site\/mexico\/2019\/09\/13\/senado-llama-a-mireles-a-renunciar-como-subdelegado-de-issste\/#respond"]}]},{"@type":"WebPage","@id":"https:\/\/noti-america.com\/site\/mexico\/2019\/09\/13\/senado-llama-a-mireles-a-renunciar-como-subdelegado-de-issste\/","url":"https:\/\/noti-america.com\/site\/mexico\/2019\/09\/13\/senado-llama-a-mireles-a-renunciar-como-subdelegado-de-issste\/","name":"Senado llama a Mireles a renunciar como subdelegado de ISSSTE - M\u00e9xico","isPartOf":{"@id":"https:\/\/noti-america.com\/site\/mexico\/#website"},"primaryImageOfPage":{"@id":"https:\/\/noti-america.com\/site\/mexico\/2019\/09\/13\/senado-llama-a-mireles-a-renunciar-como-subdelegado-de-issste\/#primaryimage"},"image":{"@id":"https:\/\/noti-america.com\/site\/mexico\/2019\/09\/13\/senado-llama-a-mireles-a-renunciar-como-subdelegado-de-issste\/#primaryimage"},"thumbnailUrl":"https:\/\/noti-america.com\/site\/mexico\/wp-content\/uploads\/sites\/13\/2019\/09\/descarga-23.jpg","datePublished":"2019-09-13T15:46:25+00:00","breadcrumb":{"@id":"https:\/\/noti-america.com\/site\/mexico\/2019\/09\/13\/senado-llama-a-mireles-a-renunciar-como-subdelegado-de-issste\/#breadcrumb"},"inLanguage":"es","potentialAction":[{"@type":"ReadAction","target":["https:\/\/noti-america.com\/site\/mexico\/2019\/09\/13\/senado-llama-a-mireles-a-renunciar-como-subdelegado-de-issste\/"]}]},{"@type":"ImageObject","inLanguage":"es","@id":"https:\/\/noti-america.com\/site\/mexico\/2019\/09\/13\/senado-llama-a-mireles-a-renunciar-como-subdelegado-de-issste\/#primaryimage","url":"https:\/\/noti-america.com\/site\/mexico\/wp-content\/uploads\/sites\/13\/2019\/09\/descarga-23.jpg","contentUrl":"https:\/\/noti-america.com\/site\/mexico\/wp-content\/uploads\/sites\/13\/2019\/09\/descarga-23.jpg","width":750,"height":450,"caption":"04MARZO2017.-, CIUDAD DE M\u00c9XICO.- Jos\u00e9 Manuel Mireles, l\u00edder de autodefensas en Michoac\u00e1n, present\u00f3 su libro \"Todos Somos Autodefensas\", en la Feria Internacional del Libro del Palacio de Miner\u00eda. FOTO: ISAAC ESQUIVEL \/CUARTOSCURO.COM"},{"@type":"BreadcrumbList","@id":"https:\/\/noti-america.com\/site\/mexico\/2019\/09\/13\/senado-llama-a-mireles-a-renunciar-como-subdelegado-de-issste\/#breadcrumb","itemListElement":[{"@type":"ListItem","position":1,"name":"Portada","item":"https:\/\/noti-america.com\/site\/mexico\/"},{"@type":"ListItem","position":2,"name":"Senado llama a Mireles a renunciar como subdelegado de ISSSTE"}]},{"@type":"WebSite","@id":"https:\/\/noti-america.com\/site\/mexico\/#website","url":"https:\/\/noti-america.com\/site\/mexico\/","name":"M\u00e9xico | Noti-America.com","description":"","publisher":{"@id":"https:\/\/noti-america.com\/site\/mexico\/#organization"},"potentialAction":[{"@type":"SearchAction","target":{"@type":"EntryPoint","urlTemplate":"https:\/\/noti-america.com\/site\/mexico\/?s={search_term_string}"},"query-input":{"@type":"PropertyValueSpecification","valueRequired":true,"valueName":"search_term_string"}}],"inLanguage":"es"},{"@type":"Organization","@id":"https:\/\/noti-america.com\/site\/mexico\/#organization","name":"Noti-America LLC | M\u00e9xico","url":"https:\/\/noti-america.com\/site\/mexico\/","logo":{"@type":"ImageObject","inLanguage":"es","@id":"https:\/\/noti-america.com\/site\/mexico\/#\/schema\/logo\/image\/","url":"https:\/\/noti-america.com\/site\/mexico\/wp-content\/uploads\/sites\/13\/2020\/07\/LogoNA-4x3-1.jpg","contentUrl":"https:\/\/noti-america.com\/site\/mexico\/wp-content\/uploads\/sites\/13\/2020\/07\/LogoNA-4x3-1.jpg","width":1236,"height":1080,"caption":"Noti-America LLC | M\u00e9xico"},"image":{"@id":"https:\/\/noti-america.com\/site\/mexico\/#\/schema\/logo\/image\/"}},{"@type":"Person","@id":"https:\/\/noti-america.com\/site\/mexico\/#\/schema\/person\/116dfa1d5f58a6410bc589e7e2e4028c","name":"Jos\u00e9 Manuel Estevanot","image":{"@type":"ImageObject","inLanguage":"es","@id":"https:\/\/secure.gravatar.com\/avatar\/ded57725a28e7e6babccb982bd748d931b24c97df39c4d9513b7745f918a0c87?s=96&d=mm&r=g","url":"https:\/\/secure.gravatar.com\/avatar\/ded57725a28e7e6babccb982bd748d931b24c97df39c4d9513b7745f918a0c87?s=96&d=mm&r=g","contentUrl":"https:\/\/secure.gravatar.com\/avatar\/ded57725a28e7e6babccb982bd748d931b24c97df39c4d9513b7745f918a0c87?s=96&d=mm&r=g","caption":"Jos\u00e9 Manuel Estevanot"},"url":"https:\/\/noti-america.com\/site\/mexico\/author\/jmestevanot\/"}]}},"_links":{"self":[{"href":"https:\/\/noti-america.com\/site\/mexico\/wp-json\/wp\/v2\/posts\/4408","targetHints":{"allow":["GET"]}}],"collection":[{"href":"https:\/\/noti-america.com\/site\/mexico\/wp-json\/wp\/v2\/posts"}],"about":[{"href":"https:\/\/noti-america.com\/site\/mexico\/wp-json\/wp\/v2\/types\/post"}],"author":[{"embeddable":true,"href":"https:\/\/noti-america.com\/site\/mexico\/wp-json\/wp\/v2\/users\/39"}],"replies":[{"embeddable":true,"href":"https:\/\/noti-america.com\/site\/mexico\/wp-json\/wp\/v2\/comments?post=4408"}],"version-history":[{"count":1,"href":"https:\/\/noti-america.com\/site\/mexico\/wp-json\/wp\/v2\/posts\/4408\/revisions"}],"predecessor-version":[{"id":4411,"href":"https:\/\/noti-america.com\/site\/mexico\/wp-json\/wp\/v2\/posts\/4408\/revisions\/4411"}],"wp:featuredmedia":[{"embeddable":true,"href":"https:\/\/noti-america.com\/site\/mexico\/wp-json\/wp\/v2\/media\/4410"}],"wp:attachment":[{"href":"https:\/\/noti-america.com\/site\/mexico\/wp-json\/wp\/v2\/media?parent=4408"}],"wp:term":[{"taxonomy":"category","embeddable":true,"href":"https:\/\/noti-america.com\/site\/mexico\/wp-json\/wp\/v2\/categories?post=4408"},{"taxonomy":"post_tag","embeddable":true,"href":"https:\/\/noti-america.com\/site\/mexico\/wp-json\/wp\/v2\/tags?post=4408"}],"curies":[{"name":"wp","href":"https:\/\/api.w.org\/{rel}","templated":true}]}}