{"id":4392,"date":"2019-09-11T18:17:16","date_gmt":"2019-09-11T18:17:16","guid":{"rendered":"http:\/\/noti-america.com\/site\/mexico\/?p=4392"},"modified":"2019-09-11T18:17:16","modified_gmt":"2019-09-11T18:17:16","slug":"anuncian-segunda-linea-de-cablebus-en-cdmx-aqui-los-detalles","status":"publish","type":"post","link":"https:\/\/noti-america.com\/site\/mexico\/2019\/09\/11\/anuncian-segunda-linea-de-cablebus-en-cdmx-aqui-los-detalles\/","title":{"rendered":"Anuncian segunda l\u00ednea de Cableb\u00fas en CDMX; aqu\u00ed los detalles"},"content":{"rendered":"<h6><img loading=\"lazy\" decoding=\"async\" class=\"alignnone  wp-image-4393 aligncenter\" src=\"http:\/\/noti-america.com\/site\/mexico\/wp-content\/uploads\/sites\/13\/2019\/09\/descarga-21-300x180.jpg\" alt=\"\" width=\"403\" height=\"242\" srcset=\"https:\/\/noti-america.com\/site\/mexico\/wp-content\/uploads\/sites\/13\/2019\/09\/descarga-21-300x180.jpg 300w, https:\/\/noti-america.com\/site\/mexico\/wp-content\/uploads\/sites\/13\/2019\/09\/descarga-21.jpg 750w\" sizes=\"auto, (max-width: 403px) 100vw, 403px\" \/><\/h6>\n<h6>\u00a0 \u00a0 \u00a0 \u00a0 \u00a0 \u00a0 \u00a0 \u00a0 \u00a0 \u00a0 \u00a0 \u00a0 \u00a0 \u00a0 \u00a0 \u00a0 \u00a0 \u00a0 \u00a0 \u00a0 \u00a0 \u00a0 \u00a0 \u00a0 \u00a0 \u00a0 \u00a0 \u00a0 \u00a0 \u00a0 \u00a0 \u00a0 \u00a0 \u00a0 \u00a0 \u00a0 \u00a0 \u00a0 \u00a0 \u00a0 \u00a0 \u00a0 \u00a0 \u00a0 \u00a0 \u00a0 \u00a0 \u00a0 \u00a0 \u00a0 \u00a0 \u00a0 \u00a0 \u00a0 \u00a0 \u00a0 \u00a0 \u00a0 \u00a0 \u00a0 \u00a0 \u00a0 \u00a0 \u00a0 \u00a0 \u00a0 \u00a0 \u00a0 \u00a0 \u00a0 \u00a0 \u00a0 \u00a0 \u00a0 \u00a0 \u00a0 \u00a0 \u00a0 \u00a0 Foto: Cuartoscuro\/Archivo<\/h6>\n<h5><\/h5>\n<h5>Fuente:\u00a0 https:\/\/www.unotv.com\/noticias<\/h5>\n<p>&nbsp;<\/p>\n<p dir=\"ltr\">Para beneficiar a 168 mil habitantes de\u00a0<strong>Ciudad de M\u00e9xico<\/strong>, el Gobierno capitalino anunci\u00f3\u00a0la\u00a0<strong>construcci\u00f3n de una segunda l\u00ednea del\u00a0Cableb\u00fas<\/strong>, la cual correr\u00e1 de\u00a0<strong>Constituci\u00f3n de 1917<\/strong>\u00a0a\u00a0<strong>Santa Martha<\/strong>, en la alcald\u00eda de\u00a0<strong>Iztapalapa<\/strong>.<\/p>\n<ul>\n<li>El desarrollo de este\u00a0<strong>proyecto<\/strong>, que constar\u00e1 de siete\u00a0<strong>estaciones<\/strong>, estar\u00e1 a cargo de la empresa francoitaliana\u00a0<strong>Leitner<\/strong>.<\/li>\n<\/ul>\n<p dir=\"ltr\">Las autoridades de\u00a0<strong>CDMX\u00a0<\/strong>contemplan que este nuevo\u00a0<strong>sistema de transporte<\/strong>\u00a0entre en operaci\u00f3n en aproximadamente 18 meses.<\/p>\n<ul>\n<li>El contrato contra\u00eddo por adjudicaci\u00f3n directa asciende a poco m\u00e1s de\u00a0<strong>ocho mil 168 millones de pesos<\/strong>.<\/li>\n<\/ul>\n<p dir=\"ltr\">El procedimiento estuvo acompa\u00f1ado por la\u00a0<strong>Oficina de las Naciones Unidas de Servicios para Proyectos\u00a0<\/strong>(<strong>UNOPS<\/strong>).<\/p>\n<p dir=\"ltr\">Otro de los anuncios para solucionar los problemas de\u00a0<strong>tr\u00e1nsito\u00a0<\/strong>y\u00a0<strong>movilidad\u00a0<\/strong>en la capital del pa\u00eds fue la<strong>\u00a0construcci\u00f3n de tres puentes vehiculares<\/strong>.<\/p>\n<ul>\n<li>Para estas\u00a0<strong>obras\u00a0<\/strong>se destinar\u00e1n 880 millones de pesos.<\/li>\n<\/ul>\n<p dir=\"ltr\">Uno de esos puentes correr\u00e1 a trav\u00e9s de la\u00a0<strong>colonia Emiliano Zapata<\/strong>\u00a0que colinda con la salida a\u00a0<strong>Puebla<\/strong>; otro de\u00a0<strong>Perif\u00e9rico Sur a Canal Nacional<\/strong>; y el tercero de\u00a0<strong>Circuito Interior a Eje 6 Sur<\/strong>.<\/p>\n","protected":false},"excerpt":{"rendered":"<p>\u00a0 \u00a0 \u00a0 \u00a0 \u00a0 \u00a0 \u00a0 \u00a0 \u00a0 \u00a0 \u00a0 \u00a0 \u00a0 \u00a0 \u00a0 \u00a0 \u00a0 \u00a0 \u00a0 \u00a0 \u00a0 \u00a0 \u00a0 \u00a0 \u00a0 \u00a0 \u00a0 \u00a0 \u00a0 \u00a0 \u00a0 \u00a0 \u00a0 \u00a0&#46;&#46;&#46;<\/p>\n","protected":false},"author":39,"featured_media":4393,"comment_status":"open","ping_status":"open","sticky":false,"template":"","format":"standard","meta":{"_acf_changed":false,"om_disable_all_campaigns":false,"rop_custom_images_group":[],"rop_custom_messages_group":[],"rop_publish_now":"initial","rop_publish_now_accounts":{"twitter_242054905_242054905":""},"rop_publish_now_history":[],"rop_publish_now_status":"pending","_uf_show_specific_survey":0,"_uf_disable_surveys":false,"footnotes":""},"categories":[337],"tags":[563],"class_list":["post-4392","post","type-post","status-publish","format-standard","has-post-thumbnail","hentry","category-noticias","tag-anuncian-segunda-linea-de-cablebus-en-cdmx-aqui-los-detalles"],"acf":[],"aioseo_notices":[],"yoast_head":"<!-- This site is optimized with the Yoast SEO Premium plugin v24.9 (Yoast SEO v27.2) - https:\/\/yoast.com\/product\/yoast-seo-premium-wordpress\/ -->\n<title>Anuncian segunda l\u00ednea de Cableb\u00fas en CDMX; aqu\u00ed los detalles - M\u00e9xico<\/title>\n<meta name=\"robots\" content=\"index, follow, max-snippet:-1, max-image-preview:large, max-video-preview:-1\" \/>\n<link rel=\"canonical\" href=\"https:\/\/noti-america.com\/site\/mexico\/2019\/09\/11\/anuncian-segunda-linea-de-cablebus-en-cdmx-aqui-los-detalles\/\" \/>\n<meta property=\"og:locale\" content=\"es_ES\" \/>\n<meta property=\"og:type\" content=\"article\" \/>\n<meta property=\"og:title\" content=\"Anuncian segunda l\u00ednea de Cableb\u00fas en CDMX; aqu\u00ed los detalles\" \/>\n<meta property=\"og:description\" content=\"\u00a0 \u00a0 \u00a0 \u00a0 \u00a0 \u00a0 \u00a0 \u00a0 \u00a0 \u00a0 \u00a0 \u00a0 \u00a0 \u00a0 \u00a0 \u00a0 \u00a0 \u00a0 \u00a0 \u00a0 \u00a0 \u00a0 \u00a0 \u00a0 \u00a0 \u00a0 \u00a0 \u00a0 \u00a0 \u00a0 \u00a0 \u00a0 \u00a0 \u00a0&#046;&#046;&#046;\" \/>\n<meta property=\"og:url\" content=\"https:\/\/noti-america.com\/site\/mexico\/2019\/09\/11\/anuncian-segunda-linea-de-cablebus-en-cdmx-aqui-los-detalles\/\" \/>\n<meta property=\"og:site_name\" content=\"M\u00e9xico\" \/>\n<meta property=\"article:published_time\" content=\"2019-09-11T18:17:16+00:00\" \/>\n<meta property=\"og:image\" content=\"https:\/\/noti-america.com\/site\/mexico\/wp-content\/uploads\/sites\/13\/2019\/09\/descarga-21.jpg\" \/>\n\t<meta property=\"og:image:width\" content=\"750\" \/>\n\t<meta property=\"og:image:height\" content=\"450\" \/>\n\t<meta property=\"og:image:type\" content=\"image\/jpeg\" \/>\n<meta name=\"author\" content=\"Jos\u00e9 Manuel Estevanot\" \/>\n<meta name=\"twitter:card\" content=\"summary_large_image\" \/>\n<meta name=\"twitter:label1\" content=\"Escrito por\" \/>\n\t<meta name=\"twitter:data1\" content=\"Jos\u00e9 Manuel Estevanot\" \/>\n\t<meta name=\"twitter:label2\" content=\"Tiempo estimado de lectura\" \/>\n\t<meta name=\"twitter:data2\" content=\"1 minuto\" \/>\n<script type=\"application\/ld+json\" class=\"yoast-schema-graph\">{\"@context\":\"https:\/\/schema.org\",\"@graph\":[{\"@type\":\"Article\",\"@id\":\"https:\/\/noti-america.com\/site\/mexico\/2019\/09\/11\/anuncian-segunda-linea-de-cablebus-en-cdmx-aqui-los-detalles\/#article\",\"isPartOf\":{\"@id\":\"https:\/\/noti-america.com\/site\/mexico\/2019\/09\/11\/anuncian-segunda-linea-de-cablebus-en-cdmx-aqui-los-detalles\/\"},\"author\":{\"name\":\"Jos\u00e9 Manuel Estevanot\",\"@id\":\"https:\/\/noti-america.com\/site\/mexico\/#\/schema\/person\/116dfa1d5f58a6410bc589e7e2e4028c\"},\"headline\":\"Anuncian segunda l\u00ednea de Cableb\u00fas en CDMX; aqu\u00ed los detalles\",\"datePublished\":\"2019-09-11T18:17:16+00:00\",\"mainEntityOfPage\":{\"@id\":\"https:\/\/noti-america.com\/site\/mexico\/2019\/09\/11\/anuncian-segunda-linea-de-cablebus-en-cdmx-aqui-los-detalles\/\"},\"wordCount\":208,\"commentCount\":0,\"publisher\":{\"@id\":\"https:\/\/noti-america.com\/site\/mexico\/#organization\"},\"image\":{\"@id\":\"https:\/\/noti-america.com\/site\/mexico\/2019\/09\/11\/anuncian-segunda-linea-de-cablebus-en-cdmx-aqui-los-detalles\/#primaryimage\"},\"thumbnailUrl\":\"https:\/\/noti-america.com\/site\/mexico\/wp-content\/uploads\/sites\/13\/2019\/09\/descarga-21.jpg\",\"keywords\":[\"Anuncian segunda l\u00ednea de Cableb\u00fas en CDMX; aqu\u00ed los detalles\"],\"articleSection\":[\"Noticias\"],\"inLanguage\":\"es\",\"potentialAction\":[{\"@type\":\"CommentAction\",\"name\":\"Comment\",\"target\":[\"https:\/\/noti-america.com\/site\/mexico\/2019\/09\/11\/anuncian-segunda-linea-de-cablebus-en-cdmx-aqui-los-detalles\/#respond\"]}]},{\"@type\":\"WebPage\",\"@id\":\"https:\/\/noti-america.com\/site\/mexico\/2019\/09\/11\/anuncian-segunda-linea-de-cablebus-en-cdmx-aqui-los-detalles\/\",\"url\":\"https:\/\/noti-america.com\/site\/mexico\/2019\/09\/11\/anuncian-segunda-linea-de-cablebus-en-cdmx-aqui-los-detalles\/\",\"name\":\"Anuncian segunda l\u00ednea de Cableb\u00fas en CDMX; aqu\u00ed los detalles - M\u00e9xico\",\"isPartOf\":{\"@id\":\"https:\/\/noti-america.com\/site\/mexico\/#website\"},\"primaryImageOfPage\":{\"@id\":\"https:\/\/noti-america.com\/site\/mexico\/2019\/09\/11\/anuncian-segunda-linea-de-cablebus-en-cdmx-aqui-los-detalles\/#primaryimage\"},\"image\":{\"@id\":\"https:\/\/noti-america.com\/site\/mexico\/2019\/09\/11\/anuncian-segunda-linea-de-cablebus-en-cdmx-aqui-los-detalles\/#primaryimage\"},\"thumbnailUrl\":\"https:\/\/noti-america.com\/site\/mexico\/wp-content\/uploads\/sites\/13\/2019\/09\/descarga-21.jpg\",\"datePublished\":\"2019-09-11T18:17:16+00:00\",\"breadcrumb\":{\"@id\":\"https:\/\/noti-america.com\/site\/mexico\/2019\/09\/11\/anuncian-segunda-linea-de-cablebus-en-cdmx-aqui-los-detalles\/#breadcrumb\"},\"inLanguage\":\"es\",\"potentialAction\":[{\"@type\":\"ReadAction\",\"target\":[\"https:\/\/noti-america.com\/site\/mexico\/2019\/09\/11\/anuncian-segunda-linea-de-cablebus-en-cdmx-aqui-los-detalles\/\"]}]},{\"@type\":\"ImageObject\",\"inLanguage\":\"es\",\"@id\":\"https:\/\/noti-america.com\/site\/mexico\/2019\/09\/11\/anuncian-segunda-linea-de-cablebus-en-cdmx-aqui-los-detalles\/#primaryimage\",\"url\":\"https:\/\/noti-america.com\/site\/mexico\/wp-content\/uploads\/sites\/13\/2019\/09\/descarga-21.jpg\",\"contentUrl\":\"https:\/\/noti-america.com\/site\/mexico\/wp-content\/uploads\/sites\/13\/2019\/09\/descarga-21.jpg\",\"width\":750,\"height\":450},{\"@type\":\"BreadcrumbList\",\"@id\":\"https:\/\/noti-america.com\/site\/mexico\/2019\/09\/11\/anuncian-segunda-linea-de-cablebus-en-cdmx-aqui-los-detalles\/#breadcrumb\",\"itemListElement\":[{\"@type\":\"ListItem\",\"position\":1,\"name\":\"Portada\",\"item\":\"https:\/\/noti-america.com\/site\/mexico\/\"},{\"@type\":\"ListItem\",\"position\":2,\"name\":\"Anuncian segunda l\u00ednea de Cableb\u00fas en CDMX; aqu\u00ed los detalles\"}]},{\"@type\":\"WebSite\",\"@id\":\"https:\/\/noti-america.com\/site\/mexico\/#website\",\"url\":\"https:\/\/noti-america.com\/site\/mexico\/\",\"name\":\"M\u00e9xico | Noti-America.com\",\"description\":\"\",\"publisher\":{\"@id\":\"https:\/\/noti-america.com\/site\/mexico\/#organization\"},\"potentialAction\":[{\"@type\":\"SearchAction\",\"target\":{\"@type\":\"EntryPoint\",\"urlTemplate\":\"https:\/\/noti-america.com\/site\/mexico\/?s={search_term_string}\"},\"query-input\":{\"@type\":\"PropertyValueSpecification\",\"valueRequired\":true,\"valueName\":\"search_term_string\"}}],\"inLanguage\":\"es\"},{\"@type\":\"Organization\",\"@id\":\"https:\/\/noti-america.com\/site\/mexico\/#organization\",\"name\":\"Noti-America LLC | M\u00e9xico\",\"url\":\"https:\/\/noti-america.com\/site\/mexico\/\",\"logo\":{\"@type\":\"ImageObject\",\"inLanguage\":\"es\",\"@id\":\"https:\/\/noti-america.com\/site\/mexico\/#\/schema\/logo\/image\/\",\"url\":\"https:\/\/noti-america.com\/site\/mexico\/wp-content\/uploads\/sites\/13\/2020\/07\/LogoNA-4x3-1.jpg\",\"contentUrl\":\"https:\/\/noti-america.com\/site\/mexico\/wp-content\/uploads\/sites\/13\/2020\/07\/LogoNA-4x3-1.jpg\",\"width\":1236,\"height\":1080,\"caption\":\"Noti-America LLC | M\u00e9xico\"},\"image\":{\"@id\":\"https:\/\/noti-america.com\/site\/mexico\/#\/schema\/logo\/image\/\"}},{\"@type\":\"Person\",\"@id\":\"https:\/\/noti-america.com\/site\/mexico\/#\/schema\/person\/116dfa1d5f58a6410bc589e7e2e4028c\",\"name\":\"Jos\u00e9 Manuel Estevanot\",\"image\":{\"@type\":\"ImageObject\",\"inLanguage\":\"es\",\"@id\":\"https:\/\/secure.gravatar.com\/avatar\/ded57725a28e7e6babccb982bd748d931b24c97df39c4d9513b7745f918a0c87?s=96&d=mm&r=g\",\"url\":\"https:\/\/secure.gravatar.com\/avatar\/ded57725a28e7e6babccb982bd748d931b24c97df39c4d9513b7745f918a0c87?s=96&d=mm&r=g\",\"contentUrl\":\"https:\/\/secure.gravatar.com\/avatar\/ded57725a28e7e6babccb982bd748d931b24c97df39c4d9513b7745f918a0c87?s=96&d=mm&r=g\",\"caption\":\"Jos\u00e9 Manuel Estevanot\"},\"url\":\"https:\/\/noti-america.com\/site\/mexico\/author\/jmestevanot\/\"}]}<\/script>\n<!-- \/ Yoast SEO Premium plugin. -->","yoast_head_json":{"title":"Anuncian segunda l\u00ednea de Cableb\u00fas en CDMX; aqu\u00ed los detalles - M\u00e9xico","robots":{"index":"index","follow":"follow","max-snippet":"max-snippet:-1","max-image-preview":"max-image-preview:large","max-video-preview":"max-video-preview:-1"},"canonical":"https:\/\/noti-america.com\/site\/mexico\/2019\/09\/11\/anuncian-segunda-linea-de-cablebus-en-cdmx-aqui-los-detalles\/","og_locale":"es_ES","og_type":"article","og_title":"Anuncian segunda l\u00ednea de Cableb\u00fas en CDMX; aqu\u00ed los detalles","og_description":"\u00a0 \u00a0 \u00a0 \u00a0 \u00a0 \u00a0 \u00a0 \u00a0 \u00a0 \u00a0 \u00a0 \u00a0 \u00a0 \u00a0 \u00a0 \u00a0 \u00a0 \u00a0 \u00a0 \u00a0 \u00a0 \u00a0 \u00a0 \u00a0 \u00a0 \u00a0 \u00a0 \u00a0 \u00a0 \u00a0 \u00a0 \u00a0 \u00a0 \u00a0&#46;&#46;&#46;","og_url":"https:\/\/noti-america.com\/site\/mexico\/2019\/09\/11\/anuncian-segunda-linea-de-cablebus-en-cdmx-aqui-los-detalles\/","og_site_name":"M\u00e9xico","article_published_time":"2019-09-11T18:17:16+00:00","og_image":[{"width":750,"height":450,"url":"https:\/\/noti-america.com\/site\/mexico\/wp-content\/uploads\/sites\/13\/2019\/09\/descarga-21.jpg","type":"image\/jpeg"}],"author":"Jos\u00e9 Manuel Estevanot","twitter_card":"summary_large_image","twitter_misc":{"Escrito por":"Jos\u00e9 Manuel Estevanot","Tiempo estimado de lectura":"1 minuto"},"schema":{"@context":"https:\/\/schema.org","@graph":[{"@type":"Article","@id":"https:\/\/noti-america.com\/site\/mexico\/2019\/09\/11\/anuncian-segunda-linea-de-cablebus-en-cdmx-aqui-los-detalles\/#article","isPartOf":{"@id":"https:\/\/noti-america.com\/site\/mexico\/2019\/09\/11\/anuncian-segunda-linea-de-cablebus-en-cdmx-aqui-los-detalles\/"},"author":{"name":"Jos\u00e9 Manuel Estevanot","@id":"https:\/\/noti-america.com\/site\/mexico\/#\/schema\/person\/116dfa1d5f58a6410bc589e7e2e4028c"},"headline":"Anuncian segunda l\u00ednea de Cableb\u00fas en CDMX; aqu\u00ed los detalles","datePublished":"2019-09-11T18:17:16+00:00","mainEntityOfPage":{"@id":"https:\/\/noti-america.com\/site\/mexico\/2019\/09\/11\/anuncian-segunda-linea-de-cablebus-en-cdmx-aqui-los-detalles\/"},"wordCount":208,"commentCount":0,"publisher":{"@id":"https:\/\/noti-america.com\/site\/mexico\/#organization"},"image":{"@id":"https:\/\/noti-america.com\/site\/mexico\/2019\/09\/11\/anuncian-segunda-linea-de-cablebus-en-cdmx-aqui-los-detalles\/#primaryimage"},"thumbnailUrl":"https:\/\/noti-america.com\/site\/mexico\/wp-content\/uploads\/sites\/13\/2019\/09\/descarga-21.jpg","keywords":["Anuncian segunda l\u00ednea de Cableb\u00fas en CDMX; aqu\u00ed los detalles"],"articleSection":["Noticias"],"inLanguage":"es","potentialAction":[{"@type":"CommentAction","name":"Comment","target":["https:\/\/noti-america.com\/site\/mexico\/2019\/09\/11\/anuncian-segunda-linea-de-cablebus-en-cdmx-aqui-los-detalles\/#respond"]}]},{"@type":"WebPage","@id":"https:\/\/noti-america.com\/site\/mexico\/2019\/09\/11\/anuncian-segunda-linea-de-cablebus-en-cdmx-aqui-los-detalles\/","url":"https:\/\/noti-america.com\/site\/mexico\/2019\/09\/11\/anuncian-segunda-linea-de-cablebus-en-cdmx-aqui-los-detalles\/","name":"Anuncian segunda l\u00ednea de Cableb\u00fas en CDMX; aqu\u00ed los detalles - M\u00e9xico","isPartOf":{"@id":"https:\/\/noti-america.com\/site\/mexico\/#website"},"primaryImageOfPage":{"@id":"https:\/\/noti-america.com\/site\/mexico\/2019\/09\/11\/anuncian-segunda-linea-de-cablebus-en-cdmx-aqui-los-detalles\/#primaryimage"},"image":{"@id":"https:\/\/noti-america.com\/site\/mexico\/2019\/09\/11\/anuncian-segunda-linea-de-cablebus-en-cdmx-aqui-los-detalles\/#primaryimage"},"thumbnailUrl":"https:\/\/noti-america.com\/site\/mexico\/wp-content\/uploads\/sites\/13\/2019\/09\/descarga-21.jpg","datePublished":"2019-09-11T18:17:16+00:00","breadcrumb":{"@id":"https:\/\/noti-america.com\/site\/mexico\/2019\/09\/11\/anuncian-segunda-linea-de-cablebus-en-cdmx-aqui-los-detalles\/#breadcrumb"},"inLanguage":"es","potentialAction":[{"@type":"ReadAction","target":["https:\/\/noti-america.com\/site\/mexico\/2019\/09\/11\/anuncian-segunda-linea-de-cablebus-en-cdmx-aqui-los-detalles\/"]}]},{"@type":"ImageObject","inLanguage":"es","@id":"https:\/\/noti-america.com\/site\/mexico\/2019\/09\/11\/anuncian-segunda-linea-de-cablebus-en-cdmx-aqui-los-detalles\/#primaryimage","url":"https:\/\/noti-america.com\/site\/mexico\/wp-content\/uploads\/sites\/13\/2019\/09\/descarga-21.jpg","contentUrl":"https:\/\/noti-america.com\/site\/mexico\/wp-content\/uploads\/sites\/13\/2019\/09\/descarga-21.jpg","width":750,"height":450},{"@type":"BreadcrumbList","@id":"https:\/\/noti-america.com\/site\/mexico\/2019\/09\/11\/anuncian-segunda-linea-de-cablebus-en-cdmx-aqui-los-detalles\/#breadcrumb","itemListElement":[{"@type":"ListItem","position":1,"name":"Portada","item":"https:\/\/noti-america.com\/site\/mexico\/"},{"@type":"ListItem","position":2,"name":"Anuncian segunda l\u00ednea de Cableb\u00fas en CDMX; aqu\u00ed los detalles"}]},{"@type":"WebSite","@id":"https:\/\/noti-america.com\/site\/mexico\/#website","url":"https:\/\/noti-america.com\/site\/mexico\/","name":"M\u00e9xico | Noti-America.com","description":"","publisher":{"@id":"https:\/\/noti-america.com\/site\/mexico\/#organization"},"potentialAction":[{"@type":"SearchAction","target":{"@type":"EntryPoint","urlTemplate":"https:\/\/noti-america.com\/site\/mexico\/?s={search_term_string}"},"query-input":{"@type":"PropertyValueSpecification","valueRequired":true,"valueName":"search_term_string"}}],"inLanguage":"es"},{"@type":"Organization","@id":"https:\/\/noti-america.com\/site\/mexico\/#organization","name":"Noti-America LLC | M\u00e9xico","url":"https:\/\/noti-america.com\/site\/mexico\/","logo":{"@type":"ImageObject","inLanguage":"es","@id":"https:\/\/noti-america.com\/site\/mexico\/#\/schema\/logo\/image\/","url":"https:\/\/noti-america.com\/site\/mexico\/wp-content\/uploads\/sites\/13\/2020\/07\/LogoNA-4x3-1.jpg","contentUrl":"https:\/\/noti-america.com\/site\/mexico\/wp-content\/uploads\/sites\/13\/2020\/07\/LogoNA-4x3-1.jpg","width":1236,"height":1080,"caption":"Noti-America LLC | M\u00e9xico"},"image":{"@id":"https:\/\/noti-america.com\/site\/mexico\/#\/schema\/logo\/image\/"}},{"@type":"Person","@id":"https:\/\/noti-america.com\/site\/mexico\/#\/schema\/person\/116dfa1d5f58a6410bc589e7e2e4028c","name":"Jos\u00e9 Manuel Estevanot","image":{"@type":"ImageObject","inLanguage":"es","@id":"https:\/\/secure.gravatar.com\/avatar\/ded57725a28e7e6babccb982bd748d931b24c97df39c4d9513b7745f918a0c87?s=96&d=mm&r=g","url":"https:\/\/secure.gravatar.com\/avatar\/ded57725a28e7e6babccb982bd748d931b24c97df39c4d9513b7745f918a0c87?s=96&d=mm&r=g","contentUrl":"https:\/\/secure.gravatar.com\/avatar\/ded57725a28e7e6babccb982bd748d931b24c97df39c4d9513b7745f918a0c87?s=96&d=mm&r=g","caption":"Jos\u00e9 Manuel Estevanot"},"url":"https:\/\/noti-america.com\/site\/mexico\/author\/jmestevanot\/"}]}},"_links":{"self":[{"href":"https:\/\/noti-america.com\/site\/mexico\/wp-json\/wp\/v2\/posts\/4392","targetHints":{"allow":["GET"]}}],"collection":[{"href":"https:\/\/noti-america.com\/site\/mexico\/wp-json\/wp\/v2\/posts"}],"about":[{"href":"https:\/\/noti-america.com\/site\/mexico\/wp-json\/wp\/v2\/types\/post"}],"author":[{"embeddable":true,"href":"https:\/\/noti-america.com\/site\/mexico\/wp-json\/wp\/v2\/users\/39"}],"replies":[{"embeddable":true,"href":"https:\/\/noti-america.com\/site\/mexico\/wp-json\/wp\/v2\/comments?post=4392"}],"version-history":[{"count":1,"href":"https:\/\/noti-america.com\/site\/mexico\/wp-json\/wp\/v2\/posts\/4392\/revisions"}],"predecessor-version":[{"id":4394,"href":"https:\/\/noti-america.com\/site\/mexico\/wp-json\/wp\/v2\/posts\/4392\/revisions\/4394"}],"wp:featuredmedia":[{"embeddable":true,"href":"https:\/\/noti-america.com\/site\/mexico\/wp-json\/wp\/v2\/media\/4393"}],"wp:attachment":[{"href":"https:\/\/noti-america.com\/site\/mexico\/wp-json\/wp\/v2\/media?parent=4392"}],"wp:term":[{"taxonomy":"category","embeddable":true,"href":"https:\/\/noti-america.com\/site\/mexico\/wp-json\/wp\/v2\/categories?post=4392"},{"taxonomy":"post_tag","embeddable":true,"href":"https:\/\/noti-america.com\/site\/mexico\/wp-json\/wp\/v2\/tags?post=4392"}],"curies":[{"name":"wp","href":"https:\/\/api.w.org\/{rel}","templated":true}]}}