{"id":4365,"date":"2019-09-11T04:56:19","date_gmt":"2019-09-11T04:56:19","guid":{"rendered":"http:\/\/noti-america.com\/site\/mexico\/?p=4365"},"modified":"2019-09-11T04:56:19","modified_gmt":"2019-09-11T04:56:19","slug":"mexico-pide-a-ee-uu-que-frene-el-trafico-de-armas-a-cambio-de-haber-reducido-el-flujo-migratorio","status":"publish","type":"post","link":"https:\/\/noti-america.com\/site\/mexico\/2019\/09\/11\/mexico-pide-a-ee-uu-que-frene-el-trafico-de-armas-a-cambio-de-haber-reducido-el-flujo-migratorio\/","title":{"rendered":"M\u00e9xico pide a EE UU que frene el tr\u00e1fico de armas a cambio de haber reducido el flujo migratorio"},"content":{"rendered":"<p><img loading=\"lazy\" decoding=\"async\" class=\"alignnone  wp-image-4366 aligncenter\" src=\"http:\/\/noti-america.com\/site\/mexico\/wp-content\/uploads\/sites\/13\/2019\/09\/descarga-16-300x200.jpg\" alt=\"\" width=\"374\" height=\"249\" srcset=\"https:\/\/noti-america.com\/site\/mexico\/wp-content\/uploads\/sites\/13\/2019\/09\/descarga-16-300x200.jpg 300w, https:\/\/noti-america.com\/site\/mexico\/wp-content\/uploads\/sites\/13\/2019\/09\/descarga-16-768x511.jpg 768w, https:\/\/noti-america.com\/site\/mexico\/wp-content\/uploads\/sites\/13\/2019\/09\/descarga-16-1024x682.jpg 1024w, https:\/\/noti-america.com\/site\/mexico\/wp-content\/uploads\/sites\/13\/2019\/09\/descarga-16-272x182.jpg 272w, https:\/\/noti-america.com\/site\/mexico\/wp-content\/uploads\/sites\/13\/2019\/09\/descarga-16.jpg 1960w\" sizes=\"auto, (max-width: 374px) 100vw, 374px\" \/><\/p>\n<p>&nbsp;<\/p>\n<h4>Fuente:\u00a0 https:\/\/elpais.com\/internacional<\/h4>\n<p>&nbsp;<\/p>\n<p>M\u00e9xico quiere dejar de hablar de migrantes y comenzar a hablar de armas con Estados Unidos. Con un sentimiento de satisfacci\u00f3n por haber hecho la tarea despu\u00e9s\u00a0de haber reducido un 56%\u00a0el flujo migratorio a Estados Unidos, la delegaci\u00f3n del Gobierno mexicano pis\u00f3 Washington este martes para reunirse con el vicepresidente Mike Pence. La intenci\u00f3n del grupo encabezado por Marcelo Ebrard, el canciller de Andr\u00e9s Manuel L\u00f3pez Obrador, era cambiar de tema tras la crisis desatada en mayo por el \u00e9xodo centroamericano. Los mexicanos han elegido poner sobre la mesa otro asunto espinoso en la relaci\u00f3n bilateral: las 567 armas que ingresan cada d\u00eda de forma ilegal a M\u00e9xico\u00a0\u201422 cada hora, seg\u00fan el Gobierno mexicano\u2014\u00a0y aumentan la sangr\u00eda en la ola de violencia.<\/p>\n<p>\u201cQueremos congelar el tr\u00e1fico de armas ilegales\u201d, dijo Ebrard la tarde de este martes tras su reuni\u00f3n con Pence. El encargado de Exteriores asegur\u00f3 que un grupo compuesto por funcionarios de ambos pa\u00edses comenzar\u00e1 a trabajar para informar mes a mes cu\u00e1ntas armas fueron introducidas a M\u00e9xico y de qu\u00e9 forma. \u201cQue yo sepa esto no se ha hecho nunca\u201d, ha informado Ebrard a la prensa. El canciller ya hab\u00eda presentado en julio la idea a su hom\u00f3logo Mike Pence, el secretario de Estado de Donald Trump, durante una visita a M\u00e9xico. No lo hab\u00eda planteado en la Casa Blanca.<\/p>\n<p>Hace algunos d\u00edas, el Fiscal para la zona norte de Chihuahua inform\u00f3 de que el 90% de las armas utilizadas en homicidios en Ciudad Ju\u00e1rez, que ha registrado en septiembre ocho asesinatos diarios, fueron adquiridas en tiendas de deportes de Texas y Nuevo M\u00e9xico. En muchas ocasiones ni siquiera pasaron 90 d\u00edas entre la compra de los rifles y pistolas y el crimen cometido al otro lado de la frontera.<\/p>\n<p>Nada de esto fue destacado por la Casa Blanca tras el encuentro<\/p>\n<p>&nbsp;<\/p>\n","protected":false},"excerpt":{"rendered":"<p>&nbsp; Fuente:\u00a0 https:\/\/elpais.com\/internacional &nbsp; M\u00e9xico quiere dejar de hablar de migrantes y comenzar a hablar de armas con Estados Unidos. Con un sentimiento de satisfacci\u00f3n por haber hecho la tarea despu\u00e9s\u00a0de haber reducido un&#46;&#46;&#46;<\/p>\n","protected":false},"author":39,"featured_media":4366,"comment_status":"open","ping_status":"open","sticky":false,"template":"","format":"standard","meta":{"_acf_changed":false,"om_disable_all_campaigns":false,"rop_custom_images_group":[],"rop_custom_messages_group":[],"rop_publish_now":"initial","rop_publish_now_accounts":{"twitter_242054905_242054905":""},"rop_publish_now_history":[],"rop_publish_now_status":"pending","_uf_show_specific_survey":0,"_uf_disable_surveys":false,"footnotes":""},"categories":[4],"tags":[558],"class_list":["post-4365","post","type-post","status-publish","format-standard","has-post-thumbnail","hentry","category-internacionales","tag-mexico-pide-a-ee-uu-que-frene-el-trafico-de-armas"],"acf":[],"aioseo_notices":[],"yoast_head":"<!-- This site is optimized with the Yoast SEO Premium plugin v24.9 (Yoast SEO v27.2) - https:\/\/yoast.com\/product\/yoast-seo-premium-wordpress\/ -->\n<title>M\u00e9xico pide a EE UU que frene el tr\u00e1fico de armas a cambio de haber reducido el flujo migratorio - M\u00e9xico<\/title>\n<meta name=\"robots\" content=\"index, follow, max-snippet:-1, max-image-preview:large, max-video-preview:-1\" \/>\n<link rel=\"canonical\" href=\"https:\/\/noti-america.com\/site\/mexico\/2019\/09\/11\/mexico-pide-a-ee-uu-que-frene-el-trafico-de-armas-a-cambio-de-haber-reducido-el-flujo-migratorio\/\" \/>\n<meta property=\"og:locale\" content=\"es_ES\" \/>\n<meta property=\"og:type\" content=\"article\" \/>\n<meta property=\"og:title\" content=\"M\u00e9xico pide a EE UU que frene el tr\u00e1fico de armas a cambio de haber reducido el flujo migratorio\" \/>\n<meta property=\"og:description\" content=\"&nbsp; Fuente:\u00a0 https:\/\/elpais.com\/internacional &nbsp; M\u00e9xico quiere dejar de hablar de migrantes y comenzar a hablar de armas con Estados Unidos. Con un sentimiento de satisfacci\u00f3n por haber hecho la tarea despu\u00e9s\u00a0de haber reducido un&#046;&#046;&#046;\" \/>\n<meta property=\"og:url\" content=\"https:\/\/noti-america.com\/site\/mexico\/2019\/09\/11\/mexico-pide-a-ee-uu-que-frene-el-trafico-de-armas-a-cambio-de-haber-reducido-el-flujo-migratorio\/\" \/>\n<meta property=\"og:site_name\" content=\"M\u00e9xico\" \/>\n<meta property=\"article:published_time\" content=\"2019-09-11T04:56:19+00:00\" \/>\n<meta property=\"og:image\" content=\"https:\/\/noti-america.com\/site\/mexico\/wp-content\/uploads\/sites\/13\/2019\/09\/descarga-16.jpg\" \/>\n\t<meta property=\"og:image:width\" content=\"1960\" \/>\n\t<meta property=\"og:image:height\" content=\"1305\" \/>\n\t<meta property=\"og:image:type\" content=\"image\/jpeg\" \/>\n<meta name=\"author\" content=\"Jos\u00e9 Manuel Estevanot\" \/>\n<meta name=\"twitter:card\" content=\"summary_large_image\" \/>\n<meta name=\"twitter:label1\" content=\"Escrito por\" \/>\n\t<meta name=\"twitter:data1\" content=\"Jos\u00e9 Manuel Estevanot\" \/>\n\t<meta name=\"twitter:label2\" content=\"Tiempo estimado de lectura\" \/>\n\t<meta name=\"twitter:data2\" content=\"2 minutos\" \/>\n<script type=\"application\/ld+json\" class=\"yoast-schema-graph\">{\"@context\":\"https:\/\/schema.org\",\"@graph\":[{\"@type\":\"Article\",\"@id\":\"https:\/\/noti-america.com\/site\/mexico\/2019\/09\/11\/mexico-pide-a-ee-uu-que-frene-el-trafico-de-armas-a-cambio-de-haber-reducido-el-flujo-migratorio\/#article\",\"isPartOf\":{\"@id\":\"https:\/\/noti-america.com\/site\/mexico\/2019\/09\/11\/mexico-pide-a-ee-uu-que-frene-el-trafico-de-armas-a-cambio-de-haber-reducido-el-flujo-migratorio\/\"},\"author\":{\"name\":\"Jos\u00e9 Manuel Estevanot\",\"@id\":\"https:\/\/noti-america.com\/site\/mexico\/#\/schema\/person\/116dfa1d5f58a6410bc589e7e2e4028c\"},\"headline\":\"M\u00e9xico pide a EE UU que frene el tr\u00e1fico de armas a cambio de haber reducido el flujo migratorio\",\"datePublished\":\"2019-09-11T04:56:19+00:00\",\"mainEntityOfPage\":{\"@id\":\"https:\/\/noti-america.com\/site\/mexico\/2019\/09\/11\/mexico-pide-a-ee-uu-que-frene-el-trafico-de-armas-a-cambio-de-haber-reducido-el-flujo-migratorio\/\"},\"wordCount\":357,\"commentCount\":0,\"publisher\":{\"@id\":\"https:\/\/noti-america.com\/site\/mexico\/#organization\"},\"image\":{\"@id\":\"https:\/\/noti-america.com\/site\/mexico\/2019\/09\/11\/mexico-pide-a-ee-uu-que-frene-el-trafico-de-armas-a-cambio-de-haber-reducido-el-flujo-migratorio\/#primaryimage\"},\"thumbnailUrl\":\"https:\/\/noti-america.com\/site\/mexico\/wp-content\/uploads\/sites\/13\/2019\/09\/descarga-16.jpg\",\"keywords\":[\"M\u00e9xico pide a EE UU que frene el tr\u00e1fico de armas\"],\"articleSection\":[\"Internacionales\"],\"inLanguage\":\"es\",\"potentialAction\":[{\"@type\":\"CommentAction\",\"name\":\"Comment\",\"target\":[\"https:\/\/noti-america.com\/site\/mexico\/2019\/09\/11\/mexico-pide-a-ee-uu-que-frene-el-trafico-de-armas-a-cambio-de-haber-reducido-el-flujo-migratorio\/#respond\"]}]},{\"@type\":\"WebPage\",\"@id\":\"https:\/\/noti-america.com\/site\/mexico\/2019\/09\/11\/mexico-pide-a-ee-uu-que-frene-el-trafico-de-armas-a-cambio-de-haber-reducido-el-flujo-migratorio\/\",\"url\":\"https:\/\/noti-america.com\/site\/mexico\/2019\/09\/11\/mexico-pide-a-ee-uu-que-frene-el-trafico-de-armas-a-cambio-de-haber-reducido-el-flujo-migratorio\/\",\"name\":\"M\u00e9xico pide a EE UU que frene el tr\u00e1fico de armas a cambio de haber reducido el flujo migratorio - M\u00e9xico\",\"isPartOf\":{\"@id\":\"https:\/\/noti-america.com\/site\/mexico\/#website\"},\"primaryImageOfPage\":{\"@id\":\"https:\/\/noti-america.com\/site\/mexico\/2019\/09\/11\/mexico-pide-a-ee-uu-que-frene-el-trafico-de-armas-a-cambio-de-haber-reducido-el-flujo-migratorio\/#primaryimage\"},\"image\":{\"@id\":\"https:\/\/noti-america.com\/site\/mexico\/2019\/09\/11\/mexico-pide-a-ee-uu-que-frene-el-trafico-de-armas-a-cambio-de-haber-reducido-el-flujo-migratorio\/#primaryimage\"},\"thumbnailUrl\":\"https:\/\/noti-america.com\/site\/mexico\/wp-content\/uploads\/sites\/13\/2019\/09\/descarga-16.jpg\",\"datePublished\":\"2019-09-11T04:56:19+00:00\",\"breadcrumb\":{\"@id\":\"https:\/\/noti-america.com\/site\/mexico\/2019\/09\/11\/mexico-pide-a-ee-uu-que-frene-el-trafico-de-armas-a-cambio-de-haber-reducido-el-flujo-migratorio\/#breadcrumb\"},\"inLanguage\":\"es\",\"potentialAction\":[{\"@type\":\"ReadAction\",\"target\":[\"https:\/\/noti-america.com\/site\/mexico\/2019\/09\/11\/mexico-pide-a-ee-uu-que-frene-el-trafico-de-armas-a-cambio-de-haber-reducido-el-flujo-migratorio\/\"]}]},{\"@type\":\"ImageObject\",\"inLanguage\":\"es\",\"@id\":\"https:\/\/noti-america.com\/site\/mexico\/2019\/09\/11\/mexico-pide-a-ee-uu-que-frene-el-trafico-de-armas-a-cambio-de-haber-reducido-el-flujo-migratorio\/#primaryimage\",\"url\":\"https:\/\/noti-america.com\/site\/mexico\/wp-content\/uploads\/sites\/13\/2019\/09\/descarga-16.jpg\",\"contentUrl\":\"https:\/\/noti-america.com\/site\/mexico\/wp-content\/uploads\/sites\/13\/2019\/09\/descarga-16.jpg\",\"width\":1960,\"height\":1305},{\"@type\":\"BreadcrumbList\",\"@id\":\"https:\/\/noti-america.com\/site\/mexico\/2019\/09\/11\/mexico-pide-a-ee-uu-que-frene-el-trafico-de-armas-a-cambio-de-haber-reducido-el-flujo-migratorio\/#breadcrumb\",\"itemListElement\":[{\"@type\":\"ListItem\",\"position\":1,\"name\":\"Portada\",\"item\":\"https:\/\/noti-america.com\/site\/mexico\/\"},{\"@type\":\"ListItem\",\"position\":2,\"name\":\"M\u00e9xico pide a EE UU que frene el tr\u00e1fico de armas a cambio de haber reducido el flujo migratorio\"}]},{\"@type\":\"WebSite\",\"@id\":\"https:\/\/noti-america.com\/site\/mexico\/#website\",\"url\":\"https:\/\/noti-america.com\/site\/mexico\/\",\"name\":\"M\u00e9xico | Noti-America.com\",\"description\":\"\",\"publisher\":{\"@id\":\"https:\/\/noti-america.com\/site\/mexico\/#organization\"},\"potentialAction\":[{\"@type\":\"SearchAction\",\"target\":{\"@type\":\"EntryPoint\",\"urlTemplate\":\"https:\/\/noti-america.com\/site\/mexico\/?s={search_term_string}\"},\"query-input\":{\"@type\":\"PropertyValueSpecification\",\"valueRequired\":true,\"valueName\":\"search_term_string\"}}],\"inLanguage\":\"es\"},{\"@type\":\"Organization\",\"@id\":\"https:\/\/noti-america.com\/site\/mexico\/#organization\",\"name\":\"Noti-America LLC | M\u00e9xico\",\"url\":\"https:\/\/noti-america.com\/site\/mexico\/\",\"logo\":{\"@type\":\"ImageObject\",\"inLanguage\":\"es\",\"@id\":\"https:\/\/noti-america.com\/site\/mexico\/#\/schema\/logo\/image\/\",\"url\":\"https:\/\/noti-america.com\/site\/mexico\/wp-content\/uploads\/sites\/13\/2020\/07\/LogoNA-4x3-1.jpg\",\"contentUrl\":\"https:\/\/noti-america.com\/site\/mexico\/wp-content\/uploads\/sites\/13\/2020\/07\/LogoNA-4x3-1.jpg\",\"width\":1236,\"height\":1080,\"caption\":\"Noti-America LLC | M\u00e9xico\"},\"image\":{\"@id\":\"https:\/\/noti-america.com\/site\/mexico\/#\/schema\/logo\/image\/\"}},{\"@type\":\"Person\",\"@id\":\"https:\/\/noti-america.com\/site\/mexico\/#\/schema\/person\/116dfa1d5f58a6410bc589e7e2e4028c\",\"name\":\"Jos\u00e9 Manuel Estevanot\",\"image\":{\"@type\":\"ImageObject\",\"inLanguage\":\"es\",\"@id\":\"https:\/\/secure.gravatar.com\/avatar\/ded57725a28e7e6babccb982bd748d931b24c97df39c4d9513b7745f918a0c87?s=96&d=mm&r=g\",\"url\":\"https:\/\/secure.gravatar.com\/avatar\/ded57725a28e7e6babccb982bd748d931b24c97df39c4d9513b7745f918a0c87?s=96&d=mm&r=g\",\"contentUrl\":\"https:\/\/secure.gravatar.com\/avatar\/ded57725a28e7e6babccb982bd748d931b24c97df39c4d9513b7745f918a0c87?s=96&d=mm&r=g\",\"caption\":\"Jos\u00e9 Manuel Estevanot\"},\"url\":\"https:\/\/noti-america.com\/site\/mexico\/author\/jmestevanot\/\"}]}<\/script>\n<!-- \/ Yoast SEO Premium plugin. -->","yoast_head_json":{"title":"M\u00e9xico pide a EE UU que frene el tr\u00e1fico de armas a cambio de haber reducido el flujo migratorio - M\u00e9xico","robots":{"index":"index","follow":"follow","max-snippet":"max-snippet:-1","max-image-preview":"max-image-preview:large","max-video-preview":"max-video-preview:-1"},"canonical":"https:\/\/noti-america.com\/site\/mexico\/2019\/09\/11\/mexico-pide-a-ee-uu-que-frene-el-trafico-de-armas-a-cambio-de-haber-reducido-el-flujo-migratorio\/","og_locale":"es_ES","og_type":"article","og_title":"M\u00e9xico pide a EE UU que frene el tr\u00e1fico de armas a cambio de haber reducido el flujo migratorio","og_description":"&nbsp; Fuente:\u00a0 https:\/\/elpais.com\/internacional &nbsp; M\u00e9xico quiere dejar de hablar de migrantes y comenzar a hablar de armas con Estados Unidos. Con un sentimiento de satisfacci\u00f3n por haber hecho la tarea despu\u00e9s\u00a0de haber reducido un&#46;&#46;&#46;","og_url":"https:\/\/noti-america.com\/site\/mexico\/2019\/09\/11\/mexico-pide-a-ee-uu-que-frene-el-trafico-de-armas-a-cambio-de-haber-reducido-el-flujo-migratorio\/","og_site_name":"M\u00e9xico","article_published_time":"2019-09-11T04:56:19+00:00","og_image":[{"width":1960,"height":1305,"url":"https:\/\/noti-america.com\/site\/mexico\/wp-content\/uploads\/sites\/13\/2019\/09\/descarga-16.jpg","type":"image\/jpeg"}],"author":"Jos\u00e9 Manuel Estevanot","twitter_card":"summary_large_image","twitter_misc":{"Escrito por":"Jos\u00e9 Manuel Estevanot","Tiempo estimado de lectura":"2 minutos"},"schema":{"@context":"https:\/\/schema.org","@graph":[{"@type":"Article","@id":"https:\/\/noti-america.com\/site\/mexico\/2019\/09\/11\/mexico-pide-a-ee-uu-que-frene-el-trafico-de-armas-a-cambio-de-haber-reducido-el-flujo-migratorio\/#article","isPartOf":{"@id":"https:\/\/noti-america.com\/site\/mexico\/2019\/09\/11\/mexico-pide-a-ee-uu-que-frene-el-trafico-de-armas-a-cambio-de-haber-reducido-el-flujo-migratorio\/"},"author":{"name":"Jos\u00e9 Manuel Estevanot","@id":"https:\/\/noti-america.com\/site\/mexico\/#\/schema\/person\/116dfa1d5f58a6410bc589e7e2e4028c"},"headline":"M\u00e9xico pide a EE UU que frene el tr\u00e1fico de armas a cambio de haber reducido el flujo migratorio","datePublished":"2019-09-11T04:56:19+00:00","mainEntityOfPage":{"@id":"https:\/\/noti-america.com\/site\/mexico\/2019\/09\/11\/mexico-pide-a-ee-uu-que-frene-el-trafico-de-armas-a-cambio-de-haber-reducido-el-flujo-migratorio\/"},"wordCount":357,"commentCount":0,"publisher":{"@id":"https:\/\/noti-america.com\/site\/mexico\/#organization"},"image":{"@id":"https:\/\/noti-america.com\/site\/mexico\/2019\/09\/11\/mexico-pide-a-ee-uu-que-frene-el-trafico-de-armas-a-cambio-de-haber-reducido-el-flujo-migratorio\/#primaryimage"},"thumbnailUrl":"https:\/\/noti-america.com\/site\/mexico\/wp-content\/uploads\/sites\/13\/2019\/09\/descarga-16.jpg","keywords":["M\u00e9xico pide a EE UU que frene el tr\u00e1fico de armas"],"articleSection":["Internacionales"],"inLanguage":"es","potentialAction":[{"@type":"CommentAction","name":"Comment","target":["https:\/\/noti-america.com\/site\/mexico\/2019\/09\/11\/mexico-pide-a-ee-uu-que-frene-el-trafico-de-armas-a-cambio-de-haber-reducido-el-flujo-migratorio\/#respond"]}]},{"@type":"WebPage","@id":"https:\/\/noti-america.com\/site\/mexico\/2019\/09\/11\/mexico-pide-a-ee-uu-que-frene-el-trafico-de-armas-a-cambio-de-haber-reducido-el-flujo-migratorio\/","url":"https:\/\/noti-america.com\/site\/mexico\/2019\/09\/11\/mexico-pide-a-ee-uu-que-frene-el-trafico-de-armas-a-cambio-de-haber-reducido-el-flujo-migratorio\/","name":"M\u00e9xico pide a EE UU que frene el tr\u00e1fico de armas a cambio de haber reducido el flujo migratorio - M\u00e9xico","isPartOf":{"@id":"https:\/\/noti-america.com\/site\/mexico\/#website"},"primaryImageOfPage":{"@id":"https:\/\/noti-america.com\/site\/mexico\/2019\/09\/11\/mexico-pide-a-ee-uu-que-frene-el-trafico-de-armas-a-cambio-de-haber-reducido-el-flujo-migratorio\/#primaryimage"},"image":{"@id":"https:\/\/noti-america.com\/site\/mexico\/2019\/09\/11\/mexico-pide-a-ee-uu-que-frene-el-trafico-de-armas-a-cambio-de-haber-reducido-el-flujo-migratorio\/#primaryimage"},"thumbnailUrl":"https:\/\/noti-america.com\/site\/mexico\/wp-content\/uploads\/sites\/13\/2019\/09\/descarga-16.jpg","datePublished":"2019-09-11T04:56:19+00:00","breadcrumb":{"@id":"https:\/\/noti-america.com\/site\/mexico\/2019\/09\/11\/mexico-pide-a-ee-uu-que-frene-el-trafico-de-armas-a-cambio-de-haber-reducido-el-flujo-migratorio\/#breadcrumb"},"inLanguage":"es","potentialAction":[{"@type":"ReadAction","target":["https:\/\/noti-america.com\/site\/mexico\/2019\/09\/11\/mexico-pide-a-ee-uu-que-frene-el-trafico-de-armas-a-cambio-de-haber-reducido-el-flujo-migratorio\/"]}]},{"@type":"ImageObject","inLanguage":"es","@id":"https:\/\/noti-america.com\/site\/mexico\/2019\/09\/11\/mexico-pide-a-ee-uu-que-frene-el-trafico-de-armas-a-cambio-de-haber-reducido-el-flujo-migratorio\/#primaryimage","url":"https:\/\/noti-america.com\/site\/mexico\/wp-content\/uploads\/sites\/13\/2019\/09\/descarga-16.jpg","contentUrl":"https:\/\/noti-america.com\/site\/mexico\/wp-content\/uploads\/sites\/13\/2019\/09\/descarga-16.jpg","width":1960,"height":1305},{"@type":"BreadcrumbList","@id":"https:\/\/noti-america.com\/site\/mexico\/2019\/09\/11\/mexico-pide-a-ee-uu-que-frene-el-trafico-de-armas-a-cambio-de-haber-reducido-el-flujo-migratorio\/#breadcrumb","itemListElement":[{"@type":"ListItem","position":1,"name":"Portada","item":"https:\/\/noti-america.com\/site\/mexico\/"},{"@type":"ListItem","position":2,"name":"M\u00e9xico pide a EE UU que frene el tr\u00e1fico de armas a cambio de haber reducido el flujo migratorio"}]},{"@type":"WebSite","@id":"https:\/\/noti-america.com\/site\/mexico\/#website","url":"https:\/\/noti-america.com\/site\/mexico\/","name":"M\u00e9xico | Noti-America.com","description":"","publisher":{"@id":"https:\/\/noti-america.com\/site\/mexico\/#organization"},"potentialAction":[{"@type":"SearchAction","target":{"@type":"EntryPoint","urlTemplate":"https:\/\/noti-america.com\/site\/mexico\/?s={search_term_string}"},"query-input":{"@type":"PropertyValueSpecification","valueRequired":true,"valueName":"search_term_string"}}],"inLanguage":"es"},{"@type":"Organization","@id":"https:\/\/noti-america.com\/site\/mexico\/#organization","name":"Noti-America LLC | M\u00e9xico","url":"https:\/\/noti-america.com\/site\/mexico\/","logo":{"@type":"ImageObject","inLanguage":"es","@id":"https:\/\/noti-america.com\/site\/mexico\/#\/schema\/logo\/image\/","url":"https:\/\/noti-america.com\/site\/mexico\/wp-content\/uploads\/sites\/13\/2020\/07\/LogoNA-4x3-1.jpg","contentUrl":"https:\/\/noti-america.com\/site\/mexico\/wp-content\/uploads\/sites\/13\/2020\/07\/LogoNA-4x3-1.jpg","width":1236,"height":1080,"caption":"Noti-America LLC | M\u00e9xico"},"image":{"@id":"https:\/\/noti-america.com\/site\/mexico\/#\/schema\/logo\/image\/"}},{"@type":"Person","@id":"https:\/\/noti-america.com\/site\/mexico\/#\/schema\/person\/116dfa1d5f58a6410bc589e7e2e4028c","name":"Jos\u00e9 Manuel Estevanot","image":{"@type":"ImageObject","inLanguage":"es","@id":"https:\/\/secure.gravatar.com\/avatar\/ded57725a28e7e6babccb982bd748d931b24c97df39c4d9513b7745f918a0c87?s=96&d=mm&r=g","url":"https:\/\/secure.gravatar.com\/avatar\/ded57725a28e7e6babccb982bd748d931b24c97df39c4d9513b7745f918a0c87?s=96&d=mm&r=g","contentUrl":"https:\/\/secure.gravatar.com\/avatar\/ded57725a28e7e6babccb982bd748d931b24c97df39c4d9513b7745f918a0c87?s=96&d=mm&r=g","caption":"Jos\u00e9 Manuel Estevanot"},"url":"https:\/\/noti-america.com\/site\/mexico\/author\/jmestevanot\/"}]}},"_links":{"self":[{"href":"https:\/\/noti-america.com\/site\/mexico\/wp-json\/wp\/v2\/posts\/4365","targetHints":{"allow":["GET"]}}],"collection":[{"href":"https:\/\/noti-america.com\/site\/mexico\/wp-json\/wp\/v2\/posts"}],"about":[{"href":"https:\/\/noti-america.com\/site\/mexico\/wp-json\/wp\/v2\/types\/post"}],"author":[{"embeddable":true,"href":"https:\/\/noti-america.com\/site\/mexico\/wp-json\/wp\/v2\/users\/39"}],"replies":[{"embeddable":true,"href":"https:\/\/noti-america.com\/site\/mexico\/wp-json\/wp\/v2\/comments?post=4365"}],"version-history":[{"count":1,"href":"https:\/\/noti-america.com\/site\/mexico\/wp-json\/wp\/v2\/posts\/4365\/revisions"}],"predecessor-version":[{"id":4367,"href":"https:\/\/noti-america.com\/site\/mexico\/wp-json\/wp\/v2\/posts\/4365\/revisions\/4367"}],"wp:featuredmedia":[{"embeddable":true,"href":"https:\/\/noti-america.com\/site\/mexico\/wp-json\/wp\/v2\/media\/4366"}],"wp:attachment":[{"href":"https:\/\/noti-america.com\/site\/mexico\/wp-json\/wp\/v2\/media?parent=4365"}],"wp:term":[{"taxonomy":"category","embeddable":true,"href":"https:\/\/noti-america.com\/site\/mexico\/wp-json\/wp\/v2\/categories?post=4365"},{"taxonomy":"post_tag","embeddable":true,"href":"https:\/\/noti-america.com\/site\/mexico\/wp-json\/wp\/v2\/tags?post=4365"}],"curies":[{"name":"wp","href":"https:\/\/api.w.org\/{rel}","templated":true}]}}