{"id":4356,"date":"2019-09-11T04:43:57","date_gmt":"2019-09-11T04:43:57","guid":{"rendered":"http:\/\/noti-america.com\/site\/mexico\/?p=4356"},"modified":"2019-09-11T04:43:57","modified_gmt":"2019-09-11T04:43:57","slug":"senado-eleva-a-delincuencia-organizada-la-falsificacion-de-facturas","status":"publish","type":"post","link":"https:\/\/noti-america.com\/site\/mexico\/2019\/09\/11\/senado-eleva-a-delincuencia-organizada-la-falsificacion-de-facturas\/","title":{"rendered":"Senado eleva a delincuencia organizada la falsificaci\u00f3n de facturas"},"content":{"rendered":"<h4><img loading=\"lazy\" decoding=\"async\" class=\"alignnone  wp-image-4357 aligncenter\" src=\"http:\/\/noti-america.com\/site\/mexico\/wp-content\/uploads\/sites\/13\/2019\/09\/descarga-11-300x180.jpg\" alt=\"\" width=\"542\" height=\"325\" srcset=\"https:\/\/noti-america.com\/site\/mexico\/wp-content\/uploads\/sites\/13\/2019\/09\/descarga-11-300x180.jpg 300w, https:\/\/noti-america.com\/site\/mexico\/wp-content\/uploads\/sites\/13\/2019\/09\/descarga-11.jpg 750w\" sizes=\"auto, (max-width: 542px) 100vw, 542px\" \/><\/h4>\n<h4><\/h4>\n<h4>Fuente:\u00a0 https:\/\/elpais.com\/<\/h4>\n<p>&nbsp;<\/p>\n<p dir=\"ltr\">El<strong>\u00a0Senado de la Rep\u00fablica aprob\u00f3<\/strong>\u00a0en lo\u00a0<strong>general<\/strong>,<strong>\u00a0con 82 votos<\/strong>\u00a0a favor y 34 en contra, diversas reformas para tipificar<strong>\u00a0<\/strong>como\u00a0<strong>delincuencia organizada<\/strong>\u00a0la\u00a0<strong>defraudaci\u00f3n fiscal<\/strong>\u00a0a trav\u00e9s de la compra-venta de<strong>\u00a0facturas falsas<\/strong>.<\/p>\n<p dir=\"ltr\"><em><strong>\u201cEsta iniciativa va contra los que facturan cerca de 30 millones de pesos para amparar el saqueo que se hace a trav\u00e9s de actos inexistentes. Para los pol\u00edticos que se vuelven delincuentes, para los delincuentes que se vuelven pol\u00edticos y se disfrazan de empresarios\u201d.\u00a0<u>Alejandro Armenta Mier, senador de Morena<\/u><\/strong><\/em><\/p>\n<p dir=\"ltr\">El Art\u00edculo 167\u00a0contempla<strong>\u00a0prisi\u00f3n preventiva oficiosa para la defraudaci\u00f3n fiscal\u00a0<\/strong>y su equiparable a trav\u00e9s de la expedici\u00f3n, venta, enajenaci\u00f3n, compra o adquisici\u00f3n de comprobantes fiscales que amparen operaciones inexistentes, falsas o actos jur\u00eddicos simulados.<\/p>\n<div class=\"tweeet-post\">\n<div class=\"SandboxRoot env-bp-min\" data-twitter-event-id=\"0\">\n<div id=\"twitter-widget-0\" class=\"EmbeddedTweet EmbeddedTweet--cta js-clickToOpenTarget\" lang=\"es\" data-click-to-open-target=\"https:\/\/twitter.com\/senadomexicano\/status\/1171555695306727425\" data-iframe-title=\"Tweet de Twitter\" data-scribe=\"page:tweet\" data-twitter-event-id=\"1\">\n<div class=\"EmbeddedTweet-ancestor EmbeddedTweet-ancestor--repliesRefresh\" data-scribe=\"section:conversation\">\n<blockquote class=\"Tweet Tweet--compact h-entry reply js-tweetIdInfo\" cite=\"https:\/\/twitter.com\/senadomexicano\/status\/1171463174937169926\" data-tweet-id=\"1171463174937169926\">\n<div class=\"Tweet-ancestorContainer Tweet-ancestorContainer--repliesRefresh\"><\/div>\n<\/blockquote>\n<\/div>\n<\/div>\n<\/div>\n<\/div>\n","protected":false},"excerpt":{"rendered":"<p>Fuente:\u00a0 https:\/\/elpais.com\/ &nbsp; El\u00a0Senado de la Rep\u00fablica aprob\u00f3\u00a0en lo\u00a0general,\u00a0con 82 votos\u00a0a favor y 34 en contra, diversas reformas para tipificar\u00a0como\u00a0delincuencia organizada\u00a0la\u00a0defraudaci\u00f3n fiscal\u00a0a trav\u00e9s de la compra-venta de\u00a0facturas falsas. \u201cEsta iniciativa va contra los que&#46;&#46;&#46;<\/p>\n","protected":false},"author":39,"featured_media":4357,"comment_status":"open","ping_status":"open","sticky":false,"template":"","format":"standard","meta":{"_acf_changed":false,"om_disable_all_campaigns":false,"rop_custom_images_group":[],"rop_custom_messages_group":[],"rop_publish_now":"initial","rop_publish_now_accounts":{"twitter_242054905_242054905":""},"rop_publish_now_history":[],"rop_publish_now_status":"pending","_uf_show_specific_survey":0,"_uf_disable_surveys":false,"footnotes":""},"categories":[337],"tags":[556],"class_list":["post-4356","post","type-post","status-publish","format-standard","has-post-thumbnail","hentry","category-noticias","tag-senado-eleva-a-delincuencia-organizada-la-falsificacion-de-facturas"],"acf":[],"aioseo_notices":[],"yoast_head":"<!-- This site is optimized with the Yoast SEO Premium plugin v24.9 (Yoast SEO v27.2) - https:\/\/yoast.com\/product\/yoast-seo-premium-wordpress\/ -->\n<title>Senado eleva a delincuencia organizada la falsificaci\u00f3n de facturas - M\u00e9xico<\/title>\n<meta name=\"robots\" content=\"index, follow, max-snippet:-1, max-image-preview:large, max-video-preview:-1\" \/>\n<link rel=\"canonical\" href=\"https:\/\/noti-america.com\/site\/mexico\/2019\/09\/11\/senado-eleva-a-delincuencia-organizada-la-falsificacion-de-facturas\/\" \/>\n<meta property=\"og:locale\" content=\"es_ES\" \/>\n<meta property=\"og:type\" content=\"article\" \/>\n<meta property=\"og:title\" content=\"Senado eleva a delincuencia organizada la falsificaci\u00f3n de facturas\" \/>\n<meta property=\"og:description\" content=\"Fuente:\u00a0 https:\/\/elpais.com\/ &nbsp; El\u00a0Senado de la Rep\u00fablica aprob\u00f3\u00a0en lo\u00a0general,\u00a0con 82 votos\u00a0a favor y 34 en contra, diversas reformas para tipificar\u00a0como\u00a0delincuencia organizada\u00a0la\u00a0defraudaci\u00f3n fiscal\u00a0a trav\u00e9s de la compra-venta de\u00a0facturas falsas. \u201cEsta iniciativa va contra los que&#046;&#046;&#046;\" \/>\n<meta property=\"og:url\" content=\"https:\/\/noti-america.com\/site\/mexico\/2019\/09\/11\/senado-eleva-a-delincuencia-organizada-la-falsificacion-de-facturas\/\" \/>\n<meta property=\"og:site_name\" content=\"M\u00e9xico\" \/>\n<meta property=\"article:published_time\" content=\"2019-09-11T04:43:57+00:00\" \/>\n<meta property=\"og:image\" content=\"https:\/\/noti-america.com\/site\/mexico\/wp-content\/uploads\/sites\/13\/2019\/09\/descarga-11.jpg\" \/>\n\t<meta property=\"og:image:width\" content=\"750\" \/>\n\t<meta property=\"og:image:height\" content=\"450\" \/>\n\t<meta property=\"og:image:type\" content=\"image\/jpeg\" \/>\n<meta name=\"author\" content=\"Jos\u00e9 Manuel Estevanot\" \/>\n<meta name=\"twitter:card\" content=\"summary_large_image\" \/>\n<meta name=\"twitter:label1\" content=\"Escrito por\" \/>\n\t<meta name=\"twitter:data1\" content=\"Jos\u00e9 Manuel Estevanot\" \/>\n\t<meta name=\"twitter:label2\" content=\"Tiempo estimado de lectura\" \/>\n\t<meta name=\"twitter:data2\" content=\"1 minuto\" \/>\n<script type=\"application\/ld+json\" class=\"yoast-schema-graph\">{\"@context\":\"https:\/\/schema.org\",\"@graph\":[{\"@type\":\"Article\",\"@id\":\"https:\/\/noti-america.com\/site\/mexico\/2019\/09\/11\/senado-eleva-a-delincuencia-organizada-la-falsificacion-de-facturas\/#article\",\"isPartOf\":{\"@id\":\"https:\/\/noti-america.com\/site\/mexico\/2019\/09\/11\/senado-eleva-a-delincuencia-organizada-la-falsificacion-de-facturas\/\"},\"author\":{\"name\":\"Jos\u00e9 Manuel Estevanot\",\"@id\":\"https:\/\/noti-america.com\/site\/mexico\/#\/schema\/person\/116dfa1d5f58a6410bc589e7e2e4028c\"},\"headline\":\"Senado eleva a delincuencia organizada la falsificaci\u00f3n de facturas\",\"datePublished\":\"2019-09-11T04:43:57+00:00\",\"mainEntityOfPage\":{\"@id\":\"https:\/\/noti-america.com\/site\/mexico\/2019\/09\/11\/senado-eleva-a-delincuencia-organizada-la-falsificacion-de-facturas\/\"},\"wordCount\":147,\"commentCount\":0,\"publisher\":{\"@id\":\"https:\/\/noti-america.com\/site\/mexico\/#organization\"},\"image\":{\"@id\":\"https:\/\/noti-america.com\/site\/mexico\/2019\/09\/11\/senado-eleva-a-delincuencia-organizada-la-falsificacion-de-facturas\/#primaryimage\"},\"thumbnailUrl\":\"https:\/\/noti-america.com\/site\/mexico\/wp-content\/uploads\/sites\/13\/2019\/09\/descarga-11.jpg\",\"keywords\":[\"Senado eleva a delincuencia organizada la falsificaci\u00f3n de facturas\"],\"articleSection\":[\"Noticias\"],\"inLanguage\":\"es\",\"potentialAction\":[{\"@type\":\"CommentAction\",\"name\":\"Comment\",\"target\":[\"https:\/\/noti-america.com\/site\/mexico\/2019\/09\/11\/senado-eleva-a-delincuencia-organizada-la-falsificacion-de-facturas\/#respond\"]}]},{\"@type\":\"WebPage\",\"@id\":\"https:\/\/noti-america.com\/site\/mexico\/2019\/09\/11\/senado-eleva-a-delincuencia-organizada-la-falsificacion-de-facturas\/\",\"url\":\"https:\/\/noti-america.com\/site\/mexico\/2019\/09\/11\/senado-eleva-a-delincuencia-organizada-la-falsificacion-de-facturas\/\",\"name\":\"Senado eleva a delincuencia organizada la falsificaci\u00f3n de facturas - M\u00e9xico\",\"isPartOf\":{\"@id\":\"https:\/\/noti-america.com\/site\/mexico\/#website\"},\"primaryImageOfPage\":{\"@id\":\"https:\/\/noti-america.com\/site\/mexico\/2019\/09\/11\/senado-eleva-a-delincuencia-organizada-la-falsificacion-de-facturas\/#primaryimage\"},\"image\":{\"@id\":\"https:\/\/noti-america.com\/site\/mexico\/2019\/09\/11\/senado-eleva-a-delincuencia-organizada-la-falsificacion-de-facturas\/#primaryimage\"},\"thumbnailUrl\":\"https:\/\/noti-america.com\/site\/mexico\/wp-content\/uploads\/sites\/13\/2019\/09\/descarga-11.jpg\",\"datePublished\":\"2019-09-11T04:43:57+00:00\",\"breadcrumb\":{\"@id\":\"https:\/\/noti-america.com\/site\/mexico\/2019\/09\/11\/senado-eleva-a-delincuencia-organizada-la-falsificacion-de-facturas\/#breadcrumb\"},\"inLanguage\":\"es\",\"potentialAction\":[{\"@type\":\"ReadAction\",\"target\":[\"https:\/\/noti-america.com\/site\/mexico\/2019\/09\/11\/senado-eleva-a-delincuencia-organizada-la-falsificacion-de-facturas\/\"]}]},{\"@type\":\"ImageObject\",\"inLanguage\":\"es\",\"@id\":\"https:\/\/noti-america.com\/site\/mexico\/2019\/09\/11\/senado-eleva-a-delincuencia-organizada-la-falsificacion-de-facturas\/#primaryimage\",\"url\":\"https:\/\/noti-america.com\/site\/mexico\/wp-content\/uploads\/sites\/13\/2019\/09\/descarga-11.jpg\",\"contentUrl\":\"https:\/\/noti-america.com\/site\/mexico\/wp-content\/uploads\/sites\/13\/2019\/09\/descarga-11.jpg\",\"width\":750,\"height\":450},{\"@type\":\"BreadcrumbList\",\"@id\":\"https:\/\/noti-america.com\/site\/mexico\/2019\/09\/11\/senado-eleva-a-delincuencia-organizada-la-falsificacion-de-facturas\/#breadcrumb\",\"itemListElement\":[{\"@type\":\"ListItem\",\"position\":1,\"name\":\"Portada\",\"item\":\"https:\/\/noti-america.com\/site\/mexico\/\"},{\"@type\":\"ListItem\",\"position\":2,\"name\":\"Senado eleva a delincuencia organizada la falsificaci\u00f3n de facturas\"}]},{\"@type\":\"WebSite\",\"@id\":\"https:\/\/noti-america.com\/site\/mexico\/#website\",\"url\":\"https:\/\/noti-america.com\/site\/mexico\/\",\"name\":\"M\u00e9xico | Noti-America.com\",\"description\":\"\",\"publisher\":{\"@id\":\"https:\/\/noti-america.com\/site\/mexico\/#organization\"},\"potentialAction\":[{\"@type\":\"SearchAction\",\"target\":{\"@type\":\"EntryPoint\",\"urlTemplate\":\"https:\/\/noti-america.com\/site\/mexico\/?s={search_term_string}\"},\"query-input\":{\"@type\":\"PropertyValueSpecification\",\"valueRequired\":true,\"valueName\":\"search_term_string\"}}],\"inLanguage\":\"es\"},{\"@type\":\"Organization\",\"@id\":\"https:\/\/noti-america.com\/site\/mexico\/#organization\",\"name\":\"Noti-America LLC | M\u00e9xico\",\"url\":\"https:\/\/noti-america.com\/site\/mexico\/\",\"logo\":{\"@type\":\"ImageObject\",\"inLanguage\":\"es\",\"@id\":\"https:\/\/noti-america.com\/site\/mexico\/#\/schema\/logo\/image\/\",\"url\":\"https:\/\/noti-america.com\/site\/mexico\/wp-content\/uploads\/sites\/13\/2020\/07\/LogoNA-4x3-1.jpg\",\"contentUrl\":\"https:\/\/noti-america.com\/site\/mexico\/wp-content\/uploads\/sites\/13\/2020\/07\/LogoNA-4x3-1.jpg\",\"width\":1236,\"height\":1080,\"caption\":\"Noti-America LLC | M\u00e9xico\"},\"image\":{\"@id\":\"https:\/\/noti-america.com\/site\/mexico\/#\/schema\/logo\/image\/\"}},{\"@type\":\"Person\",\"@id\":\"https:\/\/noti-america.com\/site\/mexico\/#\/schema\/person\/116dfa1d5f58a6410bc589e7e2e4028c\",\"name\":\"Jos\u00e9 Manuel Estevanot\",\"image\":{\"@type\":\"ImageObject\",\"inLanguage\":\"es\",\"@id\":\"https:\/\/secure.gravatar.com\/avatar\/ded57725a28e7e6babccb982bd748d931b24c97df39c4d9513b7745f918a0c87?s=96&d=mm&r=g\",\"url\":\"https:\/\/secure.gravatar.com\/avatar\/ded57725a28e7e6babccb982bd748d931b24c97df39c4d9513b7745f918a0c87?s=96&d=mm&r=g\",\"contentUrl\":\"https:\/\/secure.gravatar.com\/avatar\/ded57725a28e7e6babccb982bd748d931b24c97df39c4d9513b7745f918a0c87?s=96&d=mm&r=g\",\"caption\":\"Jos\u00e9 Manuel Estevanot\"},\"url\":\"https:\/\/noti-america.com\/site\/mexico\/author\/jmestevanot\/\"}]}<\/script>\n<!-- \/ Yoast SEO Premium plugin. -->","yoast_head_json":{"title":"Senado eleva a delincuencia organizada la falsificaci\u00f3n de facturas - M\u00e9xico","robots":{"index":"index","follow":"follow","max-snippet":"max-snippet:-1","max-image-preview":"max-image-preview:large","max-video-preview":"max-video-preview:-1"},"canonical":"https:\/\/noti-america.com\/site\/mexico\/2019\/09\/11\/senado-eleva-a-delincuencia-organizada-la-falsificacion-de-facturas\/","og_locale":"es_ES","og_type":"article","og_title":"Senado eleva a delincuencia organizada la falsificaci\u00f3n de facturas","og_description":"Fuente:\u00a0 https:\/\/elpais.com\/ &nbsp; El\u00a0Senado de la Rep\u00fablica aprob\u00f3\u00a0en lo\u00a0general,\u00a0con 82 votos\u00a0a favor y 34 en contra, diversas reformas para tipificar\u00a0como\u00a0delincuencia organizada\u00a0la\u00a0defraudaci\u00f3n fiscal\u00a0a trav\u00e9s de la compra-venta de\u00a0facturas falsas. \u201cEsta iniciativa va contra los que&#46;&#46;&#46;","og_url":"https:\/\/noti-america.com\/site\/mexico\/2019\/09\/11\/senado-eleva-a-delincuencia-organizada-la-falsificacion-de-facturas\/","og_site_name":"M\u00e9xico","article_published_time":"2019-09-11T04:43:57+00:00","og_image":[{"width":750,"height":450,"url":"https:\/\/noti-america.com\/site\/mexico\/wp-content\/uploads\/sites\/13\/2019\/09\/descarga-11.jpg","type":"image\/jpeg"}],"author":"Jos\u00e9 Manuel Estevanot","twitter_card":"summary_large_image","twitter_misc":{"Escrito por":"Jos\u00e9 Manuel Estevanot","Tiempo estimado de lectura":"1 minuto"},"schema":{"@context":"https:\/\/schema.org","@graph":[{"@type":"Article","@id":"https:\/\/noti-america.com\/site\/mexico\/2019\/09\/11\/senado-eleva-a-delincuencia-organizada-la-falsificacion-de-facturas\/#article","isPartOf":{"@id":"https:\/\/noti-america.com\/site\/mexico\/2019\/09\/11\/senado-eleva-a-delincuencia-organizada-la-falsificacion-de-facturas\/"},"author":{"name":"Jos\u00e9 Manuel Estevanot","@id":"https:\/\/noti-america.com\/site\/mexico\/#\/schema\/person\/116dfa1d5f58a6410bc589e7e2e4028c"},"headline":"Senado eleva a delincuencia organizada la falsificaci\u00f3n de facturas","datePublished":"2019-09-11T04:43:57+00:00","mainEntityOfPage":{"@id":"https:\/\/noti-america.com\/site\/mexico\/2019\/09\/11\/senado-eleva-a-delincuencia-organizada-la-falsificacion-de-facturas\/"},"wordCount":147,"commentCount":0,"publisher":{"@id":"https:\/\/noti-america.com\/site\/mexico\/#organization"},"image":{"@id":"https:\/\/noti-america.com\/site\/mexico\/2019\/09\/11\/senado-eleva-a-delincuencia-organizada-la-falsificacion-de-facturas\/#primaryimage"},"thumbnailUrl":"https:\/\/noti-america.com\/site\/mexico\/wp-content\/uploads\/sites\/13\/2019\/09\/descarga-11.jpg","keywords":["Senado eleva a delincuencia organizada la falsificaci\u00f3n de facturas"],"articleSection":["Noticias"],"inLanguage":"es","potentialAction":[{"@type":"CommentAction","name":"Comment","target":["https:\/\/noti-america.com\/site\/mexico\/2019\/09\/11\/senado-eleva-a-delincuencia-organizada-la-falsificacion-de-facturas\/#respond"]}]},{"@type":"WebPage","@id":"https:\/\/noti-america.com\/site\/mexico\/2019\/09\/11\/senado-eleva-a-delincuencia-organizada-la-falsificacion-de-facturas\/","url":"https:\/\/noti-america.com\/site\/mexico\/2019\/09\/11\/senado-eleva-a-delincuencia-organizada-la-falsificacion-de-facturas\/","name":"Senado eleva a delincuencia organizada la falsificaci\u00f3n de facturas - M\u00e9xico","isPartOf":{"@id":"https:\/\/noti-america.com\/site\/mexico\/#website"},"primaryImageOfPage":{"@id":"https:\/\/noti-america.com\/site\/mexico\/2019\/09\/11\/senado-eleva-a-delincuencia-organizada-la-falsificacion-de-facturas\/#primaryimage"},"image":{"@id":"https:\/\/noti-america.com\/site\/mexico\/2019\/09\/11\/senado-eleva-a-delincuencia-organizada-la-falsificacion-de-facturas\/#primaryimage"},"thumbnailUrl":"https:\/\/noti-america.com\/site\/mexico\/wp-content\/uploads\/sites\/13\/2019\/09\/descarga-11.jpg","datePublished":"2019-09-11T04:43:57+00:00","breadcrumb":{"@id":"https:\/\/noti-america.com\/site\/mexico\/2019\/09\/11\/senado-eleva-a-delincuencia-organizada-la-falsificacion-de-facturas\/#breadcrumb"},"inLanguage":"es","potentialAction":[{"@type":"ReadAction","target":["https:\/\/noti-america.com\/site\/mexico\/2019\/09\/11\/senado-eleva-a-delincuencia-organizada-la-falsificacion-de-facturas\/"]}]},{"@type":"ImageObject","inLanguage":"es","@id":"https:\/\/noti-america.com\/site\/mexico\/2019\/09\/11\/senado-eleva-a-delincuencia-organizada-la-falsificacion-de-facturas\/#primaryimage","url":"https:\/\/noti-america.com\/site\/mexico\/wp-content\/uploads\/sites\/13\/2019\/09\/descarga-11.jpg","contentUrl":"https:\/\/noti-america.com\/site\/mexico\/wp-content\/uploads\/sites\/13\/2019\/09\/descarga-11.jpg","width":750,"height":450},{"@type":"BreadcrumbList","@id":"https:\/\/noti-america.com\/site\/mexico\/2019\/09\/11\/senado-eleva-a-delincuencia-organizada-la-falsificacion-de-facturas\/#breadcrumb","itemListElement":[{"@type":"ListItem","position":1,"name":"Portada","item":"https:\/\/noti-america.com\/site\/mexico\/"},{"@type":"ListItem","position":2,"name":"Senado eleva a delincuencia organizada la falsificaci\u00f3n de facturas"}]},{"@type":"WebSite","@id":"https:\/\/noti-america.com\/site\/mexico\/#website","url":"https:\/\/noti-america.com\/site\/mexico\/","name":"M\u00e9xico | Noti-America.com","description":"","publisher":{"@id":"https:\/\/noti-america.com\/site\/mexico\/#organization"},"potentialAction":[{"@type":"SearchAction","target":{"@type":"EntryPoint","urlTemplate":"https:\/\/noti-america.com\/site\/mexico\/?s={search_term_string}"},"query-input":{"@type":"PropertyValueSpecification","valueRequired":true,"valueName":"search_term_string"}}],"inLanguage":"es"},{"@type":"Organization","@id":"https:\/\/noti-america.com\/site\/mexico\/#organization","name":"Noti-America LLC | M\u00e9xico","url":"https:\/\/noti-america.com\/site\/mexico\/","logo":{"@type":"ImageObject","inLanguage":"es","@id":"https:\/\/noti-america.com\/site\/mexico\/#\/schema\/logo\/image\/","url":"https:\/\/noti-america.com\/site\/mexico\/wp-content\/uploads\/sites\/13\/2020\/07\/LogoNA-4x3-1.jpg","contentUrl":"https:\/\/noti-america.com\/site\/mexico\/wp-content\/uploads\/sites\/13\/2020\/07\/LogoNA-4x3-1.jpg","width":1236,"height":1080,"caption":"Noti-America LLC | M\u00e9xico"},"image":{"@id":"https:\/\/noti-america.com\/site\/mexico\/#\/schema\/logo\/image\/"}},{"@type":"Person","@id":"https:\/\/noti-america.com\/site\/mexico\/#\/schema\/person\/116dfa1d5f58a6410bc589e7e2e4028c","name":"Jos\u00e9 Manuel Estevanot","image":{"@type":"ImageObject","inLanguage":"es","@id":"https:\/\/secure.gravatar.com\/avatar\/ded57725a28e7e6babccb982bd748d931b24c97df39c4d9513b7745f918a0c87?s=96&d=mm&r=g","url":"https:\/\/secure.gravatar.com\/avatar\/ded57725a28e7e6babccb982bd748d931b24c97df39c4d9513b7745f918a0c87?s=96&d=mm&r=g","contentUrl":"https:\/\/secure.gravatar.com\/avatar\/ded57725a28e7e6babccb982bd748d931b24c97df39c4d9513b7745f918a0c87?s=96&d=mm&r=g","caption":"Jos\u00e9 Manuel Estevanot"},"url":"https:\/\/noti-america.com\/site\/mexico\/author\/jmestevanot\/"}]}},"_links":{"self":[{"href":"https:\/\/noti-america.com\/site\/mexico\/wp-json\/wp\/v2\/posts\/4356","targetHints":{"allow":["GET"]}}],"collection":[{"href":"https:\/\/noti-america.com\/site\/mexico\/wp-json\/wp\/v2\/posts"}],"about":[{"href":"https:\/\/noti-america.com\/site\/mexico\/wp-json\/wp\/v2\/types\/post"}],"author":[{"embeddable":true,"href":"https:\/\/noti-america.com\/site\/mexico\/wp-json\/wp\/v2\/users\/39"}],"replies":[{"embeddable":true,"href":"https:\/\/noti-america.com\/site\/mexico\/wp-json\/wp\/v2\/comments?post=4356"}],"version-history":[{"count":1,"href":"https:\/\/noti-america.com\/site\/mexico\/wp-json\/wp\/v2\/posts\/4356\/revisions"}],"predecessor-version":[{"id":4358,"href":"https:\/\/noti-america.com\/site\/mexico\/wp-json\/wp\/v2\/posts\/4356\/revisions\/4358"}],"wp:featuredmedia":[{"embeddable":true,"href":"https:\/\/noti-america.com\/site\/mexico\/wp-json\/wp\/v2\/media\/4357"}],"wp:attachment":[{"href":"https:\/\/noti-america.com\/site\/mexico\/wp-json\/wp\/v2\/media?parent=4356"}],"wp:term":[{"taxonomy":"category","embeddable":true,"href":"https:\/\/noti-america.com\/site\/mexico\/wp-json\/wp\/v2\/categories?post=4356"},{"taxonomy":"post_tag","embeddable":true,"href":"https:\/\/noti-america.com\/site\/mexico\/wp-json\/wp\/v2\/tags?post=4356"}],"curies":[{"name":"wp","href":"https:\/\/api.w.org\/{rel}","templated":true}]}}