{"id":4338,"date":"2019-09-10T23:12:00","date_gmt":"2019-09-10T23:12:00","guid":{"rendered":"http:\/\/noti-america.com\/site\/mexico\/?p=4338"},"modified":"2019-09-10T23:12:00","modified_gmt":"2019-09-10T23:12:00","slug":"los-dos-temas-principales-de-reunion-ebrard-pence-en-washington","status":"publish","type":"post","link":"https:\/\/noti-america.com\/site\/mexico\/2019\/09\/10\/los-dos-temas-principales-de-reunion-ebrard-pence-en-washington\/","title":{"rendered":"Los dos temas principales de reuni\u00f3n Ebrard-Pence en Washington"},"content":{"rendered":"<p><img loading=\"lazy\" decoding=\"async\" class=\"alignnone  wp-image-4339 aligncenter\" src=\"http:\/\/noti-america.com\/site\/mexico\/wp-content\/uploads\/sites\/13\/2019\/09\/descarga-6-300x180.jpg\" alt=\"\" width=\"457\" height=\"274\" srcset=\"https:\/\/noti-america.com\/site\/mexico\/wp-content\/uploads\/sites\/13\/2019\/09\/descarga-6-300x180.jpg 300w, https:\/\/noti-america.com\/site\/mexico\/wp-content\/uploads\/sites\/13\/2019\/09\/descarga-6.jpg 750w\" sizes=\"auto, (max-width: 457px) 100vw, 457px\" \/><\/p>\n<p>&nbsp;<\/p>\n<p>Fuente:\u00a0 https:\/\/www.unotv.com\/noticias<\/p>\n<p>&nbsp;<\/p>\n<p dir=\"ltr\">Concluy\u00f3 la reuni\u00f3n entre el canciller mexicana,\u00a0<strong>Marcelo Ebrard<\/strong>, y el vicepresidente de Estados Unidos,\u00a0<strong>Mike Pence<\/strong>, llevada a cabo en\u00a0<strong>Washington\u00a0<\/strong>este martes en \u00abt\u00e9rminos amistosos\u00bb, lejos de las declaraciones del lunes del comisionado interino de la Oficina de Aduanas y Protecci\u00f3n Fronteriza de los Estados Unidos, Mark Morgan, que apuntaban a que \u00abM\u00e9xico deb\u00eda hacer m\u00e1s\u00bb para contener la migraci\u00f3n ilegal.<\/p>\n<p dir=\"ltr\"><strong>Principales temas abordados<\/strong><\/p>\n<p dir=\"ltr\">Fueron dos temas los principales abordados durante la reuni\u00f3n:\u00a0<strong>migraci\u00f3n y tr\u00e1fico il\u00edcita de armas de Estados Unidos a M\u00e9xico<\/strong>, inform\u00f3 Marcelo\u00a0<strong>Ebrard<\/strong>\u00a0en rueda de prensa.<\/p>\n<h3>Migraci\u00f3n<\/h3>\n<p dir=\"ltr\">Marcelo Ebrard afirm\u00f3 que la estrategia mexicana migratoria \u00abha dado resultados importantes\u00a0para que flujos migratorios se den de acuerdo a la ley\u00bb y, consecuencia de ello, \u00abha disminuido el flujo\u00bb de personas que buscan llegar a Estados Unidos pasando por M\u00e9xico.<\/p>\n<p dir=\"ltr\"><em><strong>\u201cLo que M\u00e9xico ha hecho, ha dado resultado, en s\u00edntesis\u201d,\u00a0<u>espet\u00f3 el funcionario mexicano.\u00a0<\/u><\/strong><\/em><\/p>\n<p dir=\"ltr\">A\u00f1adi\u00f3 que la tendencia a la baja es irreversible, por lo que las medidas llevadas a cabo por el Gobierno de\u00a0<strong>M\u00e9xico\u00a0<\/strong>ser\u00e1n permanentes, como la presencia de elementos de la\u00a0<strong>Guardia Nacional\u00a0<\/strong>en la frontera sur del pa\u00eds.<\/p>\n<p dir=\"ltr\">Destac\u00f3 que, para inhibir la migraci\u00f3n ilegal que proviene de Centroam\u00e9rica,\u00a0M\u00e9xico financia 60 mil empleos en Guatemala, Honduras y El Salvador.<\/p>\n<h3>Tr\u00e1fico ilegal de armas<\/h3>\n<p dir=\"ltr\">El secretario de\u00a0<strong>Relaciones Exteriores\u00a0<\/strong>inform\u00f3 que se acord\u00f3 congelar el tr\u00e1fico il\u00edcito de armas que llegan a M\u00e9xico desde Estados Unidos, para lo cual se estableci\u00f3 un grupo de trabajo bilateral, que revisar\u00e1 cada mes cu\u00e1ntas\u00a0<strong>armas provenientes de la Uni\u00f3n Americana llegan a territorio mexicano<\/strong>.<\/p>\n<h3>M\u00e9xico no ser\u00e1 un tercer pa\u00eds seguro<\/h3>\n<p dir=\"ltr\">\u00abNo aceptaremos que M\u00e9xico sea un tercer pa\u00eds seguro; ellos lo saben\u00bb, explic\u00f3\u00a0<strong>Marcelo Ebrard<\/strong>, a pregunta expresa de los reporteros.<\/p>\n<p dir=\"ltr\">\u00abVamos a seguir adelante\u00bb con las acciones de contenci\u00f3n de migraci\u00f3n ilegal realizadas hasta ahora, las cuales tienen el prop\u00f3sito de dotar de institucionalidad la frontera sur de M\u00e9xico.<\/p>\n","protected":false},"excerpt":{"rendered":"<p>&nbsp; Fuente:\u00a0 https:\/\/www.unotv.com\/noticias &nbsp; Concluy\u00f3 la reuni\u00f3n entre el canciller mexicana,\u00a0Marcelo Ebrard, y el vicepresidente de Estados Unidos,\u00a0Mike Pence, llevada a cabo en\u00a0Washington\u00a0este martes en \u00abt\u00e9rminos amistosos\u00bb, lejos de las declaraciones del lunes del&#46;&#46;&#46;<\/p>\n","protected":false},"author":39,"featured_media":4339,"comment_status":"open","ping_status":"open","sticky":false,"template":"","format":"standard","meta":{"_acf_changed":false,"om_disable_all_campaigns":false,"rop_custom_images_group":[],"rop_custom_messages_group":[],"rop_publish_now":"initial","rop_publish_now_accounts":{"twitter_242054905_242054905":""},"rop_publish_now_history":[],"rop_publish_now_status":"pending","_uf_show_specific_survey":0,"_uf_disable_surveys":false,"footnotes":""},"categories":[337],"tags":[553],"class_list":["post-4338","post","type-post","status-publish","format-standard","has-post-thumbnail","hentry","category-noticias","tag-los-dos-temas-principales-de-reunion-ebrard-pence"],"acf":[],"aioseo_notices":[],"yoast_head":"<!-- This site is optimized with the Yoast SEO Premium plugin v24.9 (Yoast SEO v27.2) - https:\/\/yoast.com\/product\/yoast-seo-premium-wordpress\/ -->\n<title>Los dos temas principales de reuni\u00f3n Ebrard-Pence en Washington - M\u00e9xico<\/title>\n<meta name=\"robots\" content=\"index, follow, max-snippet:-1, max-image-preview:large, max-video-preview:-1\" \/>\n<link rel=\"canonical\" href=\"https:\/\/noti-america.com\/site\/mexico\/2019\/09\/10\/los-dos-temas-principales-de-reunion-ebrard-pence-en-washington\/\" \/>\n<meta property=\"og:locale\" content=\"es_ES\" \/>\n<meta property=\"og:type\" content=\"article\" \/>\n<meta property=\"og:title\" content=\"Los dos temas principales de reuni\u00f3n Ebrard-Pence en Washington\" \/>\n<meta property=\"og:description\" content=\"&nbsp; Fuente:\u00a0 https:\/\/www.unotv.com\/noticias &nbsp; Concluy\u00f3 la reuni\u00f3n entre el canciller mexicana,\u00a0Marcelo Ebrard, y el vicepresidente de Estados Unidos,\u00a0Mike Pence, llevada a cabo en\u00a0Washington\u00a0este martes en \u00abt\u00e9rminos amistosos\u00bb, lejos de las declaraciones del lunes del&#046;&#046;&#046;\" \/>\n<meta property=\"og:url\" content=\"https:\/\/noti-america.com\/site\/mexico\/2019\/09\/10\/los-dos-temas-principales-de-reunion-ebrard-pence-en-washington\/\" \/>\n<meta property=\"og:site_name\" content=\"M\u00e9xico\" \/>\n<meta property=\"article:published_time\" content=\"2019-09-10T23:12:00+00:00\" \/>\n<meta property=\"og:image\" content=\"https:\/\/noti-america.com\/site\/mexico\/wp-content\/uploads\/sites\/13\/2019\/09\/descarga-6.jpg\" \/>\n\t<meta property=\"og:image:width\" content=\"750\" \/>\n\t<meta property=\"og:image:height\" content=\"450\" \/>\n\t<meta property=\"og:image:type\" content=\"image\/jpeg\" \/>\n<meta name=\"author\" content=\"Jos\u00e9 Manuel Estevanot\" \/>\n<meta name=\"twitter:card\" content=\"summary_large_image\" \/>\n<meta name=\"twitter:label1\" content=\"Escrito por\" \/>\n\t<meta name=\"twitter:data1\" content=\"Jos\u00e9 Manuel Estevanot\" \/>\n\t<meta name=\"twitter:label2\" content=\"Tiempo estimado de lectura\" \/>\n\t<meta name=\"twitter:data2\" content=\"2 minutos\" \/>\n<script type=\"application\/ld+json\" class=\"yoast-schema-graph\">{\"@context\":\"https:\/\/schema.org\",\"@graph\":[{\"@type\":\"Article\",\"@id\":\"https:\/\/noti-america.com\/site\/mexico\/2019\/09\/10\/los-dos-temas-principales-de-reunion-ebrard-pence-en-washington\/#article\",\"isPartOf\":{\"@id\":\"https:\/\/noti-america.com\/site\/mexico\/2019\/09\/10\/los-dos-temas-principales-de-reunion-ebrard-pence-en-washington\/\"},\"author\":{\"name\":\"Jos\u00e9 Manuel Estevanot\",\"@id\":\"https:\/\/noti-america.com\/site\/mexico\/#\/schema\/person\/116dfa1d5f58a6410bc589e7e2e4028c\"},\"headline\":\"Los dos temas principales de reuni\u00f3n Ebrard-Pence en Washington\",\"datePublished\":\"2019-09-10T23:12:00+00:00\",\"mainEntityOfPage\":{\"@id\":\"https:\/\/noti-america.com\/site\/mexico\/2019\/09\/10\/los-dos-temas-principales-de-reunion-ebrard-pence-en-washington\/\"},\"wordCount\":373,\"commentCount\":0,\"publisher\":{\"@id\":\"https:\/\/noti-america.com\/site\/mexico\/#organization\"},\"image\":{\"@id\":\"https:\/\/noti-america.com\/site\/mexico\/2019\/09\/10\/los-dos-temas-principales-de-reunion-ebrard-pence-en-washington\/#primaryimage\"},\"thumbnailUrl\":\"https:\/\/noti-america.com\/site\/mexico\/wp-content\/uploads\/sites\/13\/2019\/09\/descarga-6.jpg\",\"keywords\":[\"Los dos temas principales de reuni\u00f3n Ebrard-Pence\"],\"articleSection\":[\"Noticias\"],\"inLanguage\":\"es\",\"potentialAction\":[{\"@type\":\"CommentAction\",\"name\":\"Comment\",\"target\":[\"https:\/\/noti-america.com\/site\/mexico\/2019\/09\/10\/los-dos-temas-principales-de-reunion-ebrard-pence-en-washington\/#respond\"]}]},{\"@type\":\"WebPage\",\"@id\":\"https:\/\/noti-america.com\/site\/mexico\/2019\/09\/10\/los-dos-temas-principales-de-reunion-ebrard-pence-en-washington\/\",\"url\":\"https:\/\/noti-america.com\/site\/mexico\/2019\/09\/10\/los-dos-temas-principales-de-reunion-ebrard-pence-en-washington\/\",\"name\":\"Los dos temas principales de reuni\u00f3n Ebrard-Pence en Washington - M\u00e9xico\",\"isPartOf\":{\"@id\":\"https:\/\/noti-america.com\/site\/mexico\/#website\"},\"primaryImageOfPage\":{\"@id\":\"https:\/\/noti-america.com\/site\/mexico\/2019\/09\/10\/los-dos-temas-principales-de-reunion-ebrard-pence-en-washington\/#primaryimage\"},\"image\":{\"@id\":\"https:\/\/noti-america.com\/site\/mexico\/2019\/09\/10\/los-dos-temas-principales-de-reunion-ebrard-pence-en-washington\/#primaryimage\"},\"thumbnailUrl\":\"https:\/\/noti-america.com\/site\/mexico\/wp-content\/uploads\/sites\/13\/2019\/09\/descarga-6.jpg\",\"datePublished\":\"2019-09-10T23:12:00+00:00\",\"breadcrumb\":{\"@id\":\"https:\/\/noti-america.com\/site\/mexico\/2019\/09\/10\/los-dos-temas-principales-de-reunion-ebrard-pence-en-washington\/#breadcrumb\"},\"inLanguage\":\"es\",\"potentialAction\":[{\"@type\":\"ReadAction\",\"target\":[\"https:\/\/noti-america.com\/site\/mexico\/2019\/09\/10\/los-dos-temas-principales-de-reunion-ebrard-pence-en-washington\/\"]}]},{\"@type\":\"ImageObject\",\"inLanguage\":\"es\",\"@id\":\"https:\/\/noti-america.com\/site\/mexico\/2019\/09\/10\/los-dos-temas-principales-de-reunion-ebrard-pence-en-washington\/#primaryimage\",\"url\":\"https:\/\/noti-america.com\/site\/mexico\/wp-content\/uploads\/sites\/13\/2019\/09\/descarga-6.jpg\",\"contentUrl\":\"https:\/\/noti-america.com\/site\/mexico\/wp-content\/uploads\/sites\/13\/2019\/09\/descarga-6.jpg\",\"width\":750,\"height\":450},{\"@type\":\"BreadcrumbList\",\"@id\":\"https:\/\/noti-america.com\/site\/mexico\/2019\/09\/10\/los-dos-temas-principales-de-reunion-ebrard-pence-en-washington\/#breadcrumb\",\"itemListElement\":[{\"@type\":\"ListItem\",\"position\":1,\"name\":\"Portada\",\"item\":\"https:\/\/noti-america.com\/site\/mexico\/\"},{\"@type\":\"ListItem\",\"position\":2,\"name\":\"Los dos temas principales de reuni\u00f3n Ebrard-Pence en Washington\"}]},{\"@type\":\"WebSite\",\"@id\":\"https:\/\/noti-america.com\/site\/mexico\/#website\",\"url\":\"https:\/\/noti-america.com\/site\/mexico\/\",\"name\":\"M\u00e9xico | Noti-America.com\",\"description\":\"\",\"publisher\":{\"@id\":\"https:\/\/noti-america.com\/site\/mexico\/#organization\"},\"potentialAction\":[{\"@type\":\"SearchAction\",\"target\":{\"@type\":\"EntryPoint\",\"urlTemplate\":\"https:\/\/noti-america.com\/site\/mexico\/?s={search_term_string}\"},\"query-input\":{\"@type\":\"PropertyValueSpecification\",\"valueRequired\":true,\"valueName\":\"search_term_string\"}}],\"inLanguage\":\"es\"},{\"@type\":\"Organization\",\"@id\":\"https:\/\/noti-america.com\/site\/mexico\/#organization\",\"name\":\"Noti-America LLC | M\u00e9xico\",\"url\":\"https:\/\/noti-america.com\/site\/mexico\/\",\"logo\":{\"@type\":\"ImageObject\",\"inLanguage\":\"es\",\"@id\":\"https:\/\/noti-america.com\/site\/mexico\/#\/schema\/logo\/image\/\",\"url\":\"https:\/\/noti-america.com\/site\/mexico\/wp-content\/uploads\/sites\/13\/2020\/07\/LogoNA-4x3-1.jpg\",\"contentUrl\":\"https:\/\/noti-america.com\/site\/mexico\/wp-content\/uploads\/sites\/13\/2020\/07\/LogoNA-4x3-1.jpg\",\"width\":1236,\"height\":1080,\"caption\":\"Noti-America LLC | M\u00e9xico\"},\"image\":{\"@id\":\"https:\/\/noti-america.com\/site\/mexico\/#\/schema\/logo\/image\/\"}},{\"@type\":\"Person\",\"@id\":\"https:\/\/noti-america.com\/site\/mexico\/#\/schema\/person\/116dfa1d5f58a6410bc589e7e2e4028c\",\"name\":\"Jos\u00e9 Manuel Estevanot\",\"image\":{\"@type\":\"ImageObject\",\"inLanguage\":\"es\",\"@id\":\"https:\/\/secure.gravatar.com\/avatar\/ded57725a28e7e6babccb982bd748d931b24c97df39c4d9513b7745f918a0c87?s=96&d=mm&r=g\",\"url\":\"https:\/\/secure.gravatar.com\/avatar\/ded57725a28e7e6babccb982bd748d931b24c97df39c4d9513b7745f918a0c87?s=96&d=mm&r=g\",\"contentUrl\":\"https:\/\/secure.gravatar.com\/avatar\/ded57725a28e7e6babccb982bd748d931b24c97df39c4d9513b7745f918a0c87?s=96&d=mm&r=g\",\"caption\":\"Jos\u00e9 Manuel Estevanot\"},\"url\":\"https:\/\/noti-america.com\/site\/mexico\/author\/jmestevanot\/\"}]}<\/script>\n<!-- \/ Yoast SEO Premium plugin. -->","yoast_head_json":{"title":"Los dos temas principales de reuni\u00f3n Ebrard-Pence en Washington - M\u00e9xico","robots":{"index":"index","follow":"follow","max-snippet":"max-snippet:-1","max-image-preview":"max-image-preview:large","max-video-preview":"max-video-preview:-1"},"canonical":"https:\/\/noti-america.com\/site\/mexico\/2019\/09\/10\/los-dos-temas-principales-de-reunion-ebrard-pence-en-washington\/","og_locale":"es_ES","og_type":"article","og_title":"Los dos temas principales de reuni\u00f3n Ebrard-Pence en Washington","og_description":"&nbsp; Fuente:\u00a0 https:\/\/www.unotv.com\/noticias &nbsp; Concluy\u00f3 la reuni\u00f3n entre el canciller mexicana,\u00a0Marcelo Ebrard, y el vicepresidente de Estados Unidos,\u00a0Mike Pence, llevada a cabo en\u00a0Washington\u00a0este martes en \u00abt\u00e9rminos amistosos\u00bb, lejos de las declaraciones del lunes del&#46;&#46;&#46;","og_url":"https:\/\/noti-america.com\/site\/mexico\/2019\/09\/10\/los-dos-temas-principales-de-reunion-ebrard-pence-en-washington\/","og_site_name":"M\u00e9xico","article_published_time":"2019-09-10T23:12:00+00:00","og_image":[{"width":750,"height":450,"url":"https:\/\/noti-america.com\/site\/mexico\/wp-content\/uploads\/sites\/13\/2019\/09\/descarga-6.jpg","type":"image\/jpeg"}],"author":"Jos\u00e9 Manuel Estevanot","twitter_card":"summary_large_image","twitter_misc":{"Escrito por":"Jos\u00e9 Manuel Estevanot","Tiempo estimado de lectura":"2 minutos"},"schema":{"@context":"https:\/\/schema.org","@graph":[{"@type":"Article","@id":"https:\/\/noti-america.com\/site\/mexico\/2019\/09\/10\/los-dos-temas-principales-de-reunion-ebrard-pence-en-washington\/#article","isPartOf":{"@id":"https:\/\/noti-america.com\/site\/mexico\/2019\/09\/10\/los-dos-temas-principales-de-reunion-ebrard-pence-en-washington\/"},"author":{"name":"Jos\u00e9 Manuel Estevanot","@id":"https:\/\/noti-america.com\/site\/mexico\/#\/schema\/person\/116dfa1d5f58a6410bc589e7e2e4028c"},"headline":"Los dos temas principales de reuni\u00f3n Ebrard-Pence en Washington","datePublished":"2019-09-10T23:12:00+00:00","mainEntityOfPage":{"@id":"https:\/\/noti-america.com\/site\/mexico\/2019\/09\/10\/los-dos-temas-principales-de-reunion-ebrard-pence-en-washington\/"},"wordCount":373,"commentCount":0,"publisher":{"@id":"https:\/\/noti-america.com\/site\/mexico\/#organization"},"image":{"@id":"https:\/\/noti-america.com\/site\/mexico\/2019\/09\/10\/los-dos-temas-principales-de-reunion-ebrard-pence-en-washington\/#primaryimage"},"thumbnailUrl":"https:\/\/noti-america.com\/site\/mexico\/wp-content\/uploads\/sites\/13\/2019\/09\/descarga-6.jpg","keywords":["Los dos temas principales de reuni\u00f3n Ebrard-Pence"],"articleSection":["Noticias"],"inLanguage":"es","potentialAction":[{"@type":"CommentAction","name":"Comment","target":["https:\/\/noti-america.com\/site\/mexico\/2019\/09\/10\/los-dos-temas-principales-de-reunion-ebrard-pence-en-washington\/#respond"]}]},{"@type":"WebPage","@id":"https:\/\/noti-america.com\/site\/mexico\/2019\/09\/10\/los-dos-temas-principales-de-reunion-ebrard-pence-en-washington\/","url":"https:\/\/noti-america.com\/site\/mexico\/2019\/09\/10\/los-dos-temas-principales-de-reunion-ebrard-pence-en-washington\/","name":"Los dos temas principales de reuni\u00f3n Ebrard-Pence en Washington - M\u00e9xico","isPartOf":{"@id":"https:\/\/noti-america.com\/site\/mexico\/#website"},"primaryImageOfPage":{"@id":"https:\/\/noti-america.com\/site\/mexico\/2019\/09\/10\/los-dos-temas-principales-de-reunion-ebrard-pence-en-washington\/#primaryimage"},"image":{"@id":"https:\/\/noti-america.com\/site\/mexico\/2019\/09\/10\/los-dos-temas-principales-de-reunion-ebrard-pence-en-washington\/#primaryimage"},"thumbnailUrl":"https:\/\/noti-america.com\/site\/mexico\/wp-content\/uploads\/sites\/13\/2019\/09\/descarga-6.jpg","datePublished":"2019-09-10T23:12:00+00:00","breadcrumb":{"@id":"https:\/\/noti-america.com\/site\/mexico\/2019\/09\/10\/los-dos-temas-principales-de-reunion-ebrard-pence-en-washington\/#breadcrumb"},"inLanguage":"es","potentialAction":[{"@type":"ReadAction","target":["https:\/\/noti-america.com\/site\/mexico\/2019\/09\/10\/los-dos-temas-principales-de-reunion-ebrard-pence-en-washington\/"]}]},{"@type":"ImageObject","inLanguage":"es","@id":"https:\/\/noti-america.com\/site\/mexico\/2019\/09\/10\/los-dos-temas-principales-de-reunion-ebrard-pence-en-washington\/#primaryimage","url":"https:\/\/noti-america.com\/site\/mexico\/wp-content\/uploads\/sites\/13\/2019\/09\/descarga-6.jpg","contentUrl":"https:\/\/noti-america.com\/site\/mexico\/wp-content\/uploads\/sites\/13\/2019\/09\/descarga-6.jpg","width":750,"height":450},{"@type":"BreadcrumbList","@id":"https:\/\/noti-america.com\/site\/mexico\/2019\/09\/10\/los-dos-temas-principales-de-reunion-ebrard-pence-en-washington\/#breadcrumb","itemListElement":[{"@type":"ListItem","position":1,"name":"Portada","item":"https:\/\/noti-america.com\/site\/mexico\/"},{"@type":"ListItem","position":2,"name":"Los dos temas principales de reuni\u00f3n Ebrard-Pence en Washington"}]},{"@type":"WebSite","@id":"https:\/\/noti-america.com\/site\/mexico\/#website","url":"https:\/\/noti-america.com\/site\/mexico\/","name":"M\u00e9xico | Noti-America.com","description":"","publisher":{"@id":"https:\/\/noti-america.com\/site\/mexico\/#organization"},"potentialAction":[{"@type":"SearchAction","target":{"@type":"EntryPoint","urlTemplate":"https:\/\/noti-america.com\/site\/mexico\/?s={search_term_string}"},"query-input":{"@type":"PropertyValueSpecification","valueRequired":true,"valueName":"search_term_string"}}],"inLanguage":"es"},{"@type":"Organization","@id":"https:\/\/noti-america.com\/site\/mexico\/#organization","name":"Noti-America LLC | M\u00e9xico","url":"https:\/\/noti-america.com\/site\/mexico\/","logo":{"@type":"ImageObject","inLanguage":"es","@id":"https:\/\/noti-america.com\/site\/mexico\/#\/schema\/logo\/image\/","url":"https:\/\/noti-america.com\/site\/mexico\/wp-content\/uploads\/sites\/13\/2020\/07\/LogoNA-4x3-1.jpg","contentUrl":"https:\/\/noti-america.com\/site\/mexico\/wp-content\/uploads\/sites\/13\/2020\/07\/LogoNA-4x3-1.jpg","width":1236,"height":1080,"caption":"Noti-America LLC | M\u00e9xico"},"image":{"@id":"https:\/\/noti-america.com\/site\/mexico\/#\/schema\/logo\/image\/"}},{"@type":"Person","@id":"https:\/\/noti-america.com\/site\/mexico\/#\/schema\/person\/116dfa1d5f58a6410bc589e7e2e4028c","name":"Jos\u00e9 Manuel Estevanot","image":{"@type":"ImageObject","inLanguage":"es","@id":"https:\/\/secure.gravatar.com\/avatar\/ded57725a28e7e6babccb982bd748d931b24c97df39c4d9513b7745f918a0c87?s=96&d=mm&r=g","url":"https:\/\/secure.gravatar.com\/avatar\/ded57725a28e7e6babccb982bd748d931b24c97df39c4d9513b7745f918a0c87?s=96&d=mm&r=g","contentUrl":"https:\/\/secure.gravatar.com\/avatar\/ded57725a28e7e6babccb982bd748d931b24c97df39c4d9513b7745f918a0c87?s=96&d=mm&r=g","caption":"Jos\u00e9 Manuel Estevanot"},"url":"https:\/\/noti-america.com\/site\/mexico\/author\/jmestevanot\/"}]}},"_links":{"self":[{"href":"https:\/\/noti-america.com\/site\/mexico\/wp-json\/wp\/v2\/posts\/4338","targetHints":{"allow":["GET"]}}],"collection":[{"href":"https:\/\/noti-america.com\/site\/mexico\/wp-json\/wp\/v2\/posts"}],"about":[{"href":"https:\/\/noti-america.com\/site\/mexico\/wp-json\/wp\/v2\/types\/post"}],"author":[{"embeddable":true,"href":"https:\/\/noti-america.com\/site\/mexico\/wp-json\/wp\/v2\/users\/39"}],"replies":[{"embeddable":true,"href":"https:\/\/noti-america.com\/site\/mexico\/wp-json\/wp\/v2\/comments?post=4338"}],"version-history":[{"count":1,"href":"https:\/\/noti-america.com\/site\/mexico\/wp-json\/wp\/v2\/posts\/4338\/revisions"}],"predecessor-version":[{"id":4340,"href":"https:\/\/noti-america.com\/site\/mexico\/wp-json\/wp\/v2\/posts\/4338\/revisions\/4340"}],"wp:featuredmedia":[{"embeddable":true,"href":"https:\/\/noti-america.com\/site\/mexico\/wp-json\/wp\/v2\/media\/4339"}],"wp:attachment":[{"href":"https:\/\/noti-america.com\/site\/mexico\/wp-json\/wp\/v2\/media?parent=4338"}],"wp:term":[{"taxonomy":"category","embeddable":true,"href":"https:\/\/noti-america.com\/site\/mexico\/wp-json\/wp\/v2\/categories?post=4338"},{"taxonomy":"post_tag","embeddable":true,"href":"https:\/\/noti-america.com\/site\/mexico\/wp-json\/wp\/v2\/tags?post=4338"}],"curies":[{"name":"wp","href":"https:\/\/api.w.org\/{rel}","templated":true}]}}