{"id":394,"date":"2017-09-17T19:16:15","date_gmt":"2017-09-17T19:16:15","guid":{"rendered":"http:\/\/noti-america.com\/site\/mexico\/?p=394"},"modified":"2017-09-17T20:15:26","modified_gmt":"2017-09-17T20:15:26","slug":"el-gobernador-carlos-mendoza-davis-encabezo-la-segunda-sesion-del-consejo-estatal-de-proteccion-civil-donde-se-informo-sobre-las-medidas-preventivas-ante-las-posibles-afectaciones-por-el-huracan","status":"publish","type":"post","link":"https:\/\/noti-america.com\/site\/mexico\/2017\/09\/17\/el-gobernador-carlos-mendoza-davis-encabezo-la-segunda-sesion-del-consejo-estatal-de-proteccion-civil-donde-se-informo-sobre-las-medidas-preventivas-ante-las-posibles-afectaciones-por-el-huracan\/","title":{"rendered":"Gobernador de Baja California Sur en M\u00e9xico, informo sobre medidas preventivas ante las posibles afectaciones por el Hurac\u00e1n \u00abNorma\u00bb."},"content":{"rendered":"<p><img loading=\"lazy\" decoding=\"async\" class=\"size-medium wp-image-395 aligncenter\" src=\"http:\/\/noti-america.com\/site\/mexico\/wp-content\/uploads\/sites\/13\/2017\/09\/CMD_CONSEJO.NORMA2_-800x533-300x200.jpg\" alt=\"\" width=\"300\" height=\"200\" srcset=\"https:\/\/noti-america.com\/site\/mexico\/wp-content\/uploads\/sites\/13\/2017\/09\/CMD_CONSEJO.NORMA2_-800x533-300x200.jpg 300w, https:\/\/noti-america.com\/site\/mexico\/wp-content\/uploads\/sites\/13\/2017\/09\/CMD_CONSEJO.NORMA2_-800x533-768x512.jpg 768w, https:\/\/noti-america.com\/site\/mexico\/wp-content\/uploads\/sites\/13\/2017\/09\/CMD_CONSEJO.NORMA2_-800x533-272x182.jpg 272w, https:\/\/noti-america.com\/site\/mexico\/wp-content\/uploads\/sites\/13\/2017\/09\/CMD_CONSEJO.NORMA2_-800x533.jpg 800w\" sizes=\"auto, (max-width: 300px) 100vw, 300px\" \/><\/p>\n<p>El Gobernador Carlos Mendoza Davis, encabez\u00f3 la segunda sesi\u00f3n del Consejo Estatal de Protecci\u00f3n Civil, donde se inform\u00f3 sobre las medidas preventivas ante las posibles afectaciones por el hurac\u00e1n \u201cNorma\u201d.<\/p>\n<p>&nbsp;<\/p>\n<div class=\"textos-destacados\">\n<ul>\n<li>Continua la suspensi\u00f3n de clases en \u00a0los municipios de Los Cabos, La Paz y Comond\u00fa<\/li>\n<li>Cerrados los puertos de San Carlos, La Paz y Los Cabos a embarcaciones menores<\/li>\n<\/ul>\n<\/div>\n<p>\u201cEl trabajo conjunto de las instituciones con la sociedad civil, es fundamental para atender y prevenir emergencias; pues es gracias a esa uni\u00f3n de esfuerzos que podemos estar mejor preparados cuando de proteger a nuestra gente se trata\u201d, afirm\u00f3 el gobernador Carlos Mendoza Davis, al encabezar la segunda sesi\u00f3n del Consejo Estatal de Protecci\u00f3n Civil, con la participaci\u00f3n del alcalde de La Paz Armando Mart\u00ednez, as\u00ed como de titulares y representantes de las Fuerzas Armadas e instituciones de los tres niveles de gobierno.<\/p>\n<p>Durante la sesi\u00f3n Conagua inform\u00f3 sobre el pron\u00f3stico del hurac\u00e1n \u201cNorma\u201d categor\u00eda 1 en la escala Saffir-Simpson, con vientos sostenidos de 120 kil\u00f3metros por hora y rachas de hasta 150, ocasionando oleaje elevado de hasta cuatro metros, por lo que se prevee que para el d\u00eda lunes por la ma\u00f1ana impacte al norte de Los Cabos, dejando precipitaciones de hasta 200 mil\u00edmetros en todo el Estado.<\/p>\n<p>En ese sentido, se se\u00f1al\u00f3 que las brigadas de Protecci\u00f3n Civil est\u00e1n realizando recorridos por las zonas de mayor riesgo a fin de ubicar a las familias que requieran ser evacuadas y trasladadas a un albergue temporal.<\/p>\n<p>De igual manera, se indic\u00f3 que en coordinaci\u00f3n con la Secretar\u00eda de Educaci\u00f3n P\u00fablica se trabaja en la habilitaci\u00f3n de estos refugios temporales, principalmente en los municipios de Los Cabos, La Paz y Comond\u00fa. Asimismo se coordinan esfuerzos con la Secretar\u00eda de Salud con la finalidad de asegurar los servicios m\u00e9dicos a los albergados y a la poblaci\u00f3n en general durante el meteoro.<\/p>\n<p>Por su parte, la Comisi\u00f3n Federal de Electricidad inform\u00f3 la activaci\u00f3n del plan de contingencia dise\u00f1ado para garantizar el suministro de energ\u00eda a la poblaci\u00f3n o en su defecto resolver a la brevedad cualquier inconveniente.<\/p>\n<p>De la misma forma, la Segunda Zona Naval dio a conocer el cierre de los Puerto de San Carlos, La Paz y Los Cabos, para la navegaci\u00f3n de embarcaciones menores.<\/p>\n<p>Se puntualiz\u00f3 que de continuar el hurac\u00e1n \u201cNorma\u201d con su trayectoria, se confirma a la ciudadan\u00eda el abastecimiento de combustible hasta por ocho d\u00edas, as\u00ed como v\u00edveres por un lapso de 20 d\u00edas.<\/p>\n<p>\u201cHago un llamado reiterativo a la conciencia y la responsabilidad de los sudcalifornianos, a no poner en riesgo su vida ni la de sus familias y a atender las recomendaciones de las autoridades. La vida es sin duda lo m\u00e1s valioso que tenemos y no dudaremos en cumplir con el deber de protegerla y defenderla\u201d, a\u00f1adi\u00f3 el mandatario.<\/p>\n<h1>Carlos Mendoza exhort\u00f3 a la poblaci\u00f3n a mantener la calma, a no hacer compras de p\u00e1nico, pero, sobre todo a mantenerse debidamente informados sobre este fen\u00f3meno, para poder tomar las mejores medidas preventivas.<\/h1>\n","protected":false},"excerpt":{"rendered":"<p>El Gobernador Carlos Mendoza Davis, encabez\u00f3 la segunda sesi\u00f3n del Consejo Estatal de Protecci\u00f3n Civil, donde se inform\u00f3 sobre las medidas preventivas ante las posibles afectaciones por el hurac\u00e1n \u201cNorma\u201d. &nbsp; Continua la suspensi\u00f3n&#46;&#46;&#46;<\/p>\n","protected":false},"author":16,"featured_media":0,"comment_status":"open","ping_status":"open","sticky":false,"template":"","format":"standard","meta":{"_acf_changed":false,"om_disable_all_campaigns":false,"rop_custom_images_group":[],"rop_custom_messages_group":[],"rop_publish_now":"initial","rop_publish_now_accounts":{"twitter_242054905_242054905":""},"rop_publish_now_history":[],"rop_publish_now_status":"pending","_uf_show_specific_survey":0,"_uf_disable_surveys":false,"footnotes":""},"categories":[11],"tags":[],"class_list":["post-394","post","type-post","status-publish","format-standard","hentry","category-sucesos"],"acf":[],"aioseo_notices":[],"yoast_head":"<!-- This site is optimized with the Yoast SEO Premium plugin v24.9 (Yoast SEO v27.2) - https:\/\/yoast.com\/product\/yoast-seo-premium-wordpress\/ -->\n<title>Gobernador de Baja California Sur en M\u00e9xico, informo sobre medidas preventivas ante las posibles afectaciones por el Hurac\u00e1n &quot;Norma&quot;. - M\u00e9xico<\/title>\n<meta name=\"robots\" content=\"index, follow, max-snippet:-1, max-image-preview:large, max-video-preview:-1\" \/>\n<link rel=\"canonical\" href=\"https:\/\/noti-america.com\/site\/mexico\/2017\/09\/17\/el-gobernador-carlos-mendoza-davis-encabezo-la-segunda-sesion-del-consejo-estatal-de-proteccion-civil-donde-se-informo-sobre-las-medidas-preventivas-ante-las-posibles-afectaciones-por-el-huracan\/\" \/>\n<meta property=\"og:locale\" content=\"es_ES\" \/>\n<meta property=\"og:type\" content=\"article\" \/>\n<meta property=\"og:title\" content=\"Gobernador de Baja California Sur en M\u00e9xico, informo sobre medidas preventivas ante las posibles afectaciones por el Hurac\u00e1n &quot;Norma&quot;.\" \/>\n<meta property=\"og:description\" content=\"El Gobernador Carlos Mendoza Davis, encabez\u00f3 la segunda sesi\u00f3n del Consejo Estatal de Protecci\u00f3n Civil, donde se inform\u00f3 sobre las medidas preventivas ante las posibles afectaciones por el hurac\u00e1n \u201cNorma\u201d. &nbsp; Continua la suspensi\u00f3n&#046;&#046;&#046;\" \/>\n<meta property=\"og:url\" content=\"https:\/\/noti-america.com\/site\/mexico\/2017\/09\/17\/el-gobernador-carlos-mendoza-davis-encabezo-la-segunda-sesion-del-consejo-estatal-de-proteccion-civil-donde-se-informo-sobre-las-medidas-preventivas-ante-las-posibles-afectaciones-por-el-huracan\/\" \/>\n<meta property=\"og:site_name\" content=\"M\u00e9xico\" \/>\n<meta property=\"article:published_time\" content=\"2017-09-17T19:16:15+00:00\" \/>\n<meta property=\"article:modified_time\" content=\"2017-09-17T20:15:26+00:00\" \/>\n<meta property=\"og:image\" content=\"http:\/\/noti-america.com\/site\/mexico\/wp-content\/uploads\/sites\/13\/2017\/09\/CMD_CONSEJO.NORMA2_-800x533-300x200.jpg\" \/>\n<meta name=\"author\" content=\"Paloma Olachea\" \/>\n<meta name=\"twitter:card\" content=\"summary_large_image\" \/>\n<meta name=\"twitter:label1\" content=\"Escrito por\" \/>\n\t<meta name=\"twitter:data1\" content=\"Paloma Olachea\" \/>\n\t<meta name=\"twitter:label2\" content=\"Tiempo estimado de lectura\" \/>\n\t<meta name=\"twitter:data2\" content=\"3 minutos\" \/>\n<script type=\"application\/ld+json\" class=\"yoast-schema-graph\">{\"@context\":\"https:\/\/schema.org\",\"@graph\":[{\"@type\":\"Article\",\"@id\":\"https:\/\/noti-america.com\/site\/mexico\/2017\/09\/17\/el-gobernador-carlos-mendoza-davis-encabezo-la-segunda-sesion-del-consejo-estatal-de-proteccion-civil-donde-se-informo-sobre-las-medidas-preventivas-ante-las-posibles-afectaciones-por-el-huracan\/#article\",\"isPartOf\":{\"@id\":\"https:\/\/noti-america.com\/site\/mexico\/2017\/09\/17\/el-gobernador-carlos-mendoza-davis-encabezo-la-segunda-sesion-del-consejo-estatal-de-proteccion-civil-donde-se-informo-sobre-las-medidas-preventivas-ante-las-posibles-afectaciones-por-el-huracan\/\"},\"author\":{\"name\":\"Paloma Olachea\",\"@id\":\"https:\/\/noti-america.com\/site\/mexico\/#\/schema\/person\/0055de23daadb69055b7fe942f37dcf3\"},\"headline\":\"Gobernador de Baja California Sur en M\u00e9xico, informo sobre medidas preventivas ante las posibles afectaciones por el Hurac\u00e1n \u00abNorma\u00bb.\",\"datePublished\":\"2017-09-17T19:16:15+00:00\",\"dateModified\":\"2017-09-17T20:15:26+00:00\",\"mainEntityOfPage\":{\"@id\":\"https:\/\/noti-america.com\/site\/mexico\/2017\/09\/17\/el-gobernador-carlos-mendoza-davis-encabezo-la-segunda-sesion-del-consejo-estatal-de-proteccion-civil-donde-se-informo-sobre-las-medidas-preventivas-ante-las-posibles-afectaciones-por-el-huracan\/\"},\"wordCount\":558,\"commentCount\":0,\"publisher\":{\"@id\":\"https:\/\/noti-america.com\/site\/mexico\/#organization\"},\"image\":{\"@id\":\"https:\/\/noti-america.com\/site\/mexico\/2017\/09\/17\/el-gobernador-carlos-mendoza-davis-encabezo-la-segunda-sesion-del-consejo-estatal-de-proteccion-civil-donde-se-informo-sobre-las-medidas-preventivas-ante-las-posibles-afectaciones-por-el-huracan\/#primaryimage\"},\"thumbnailUrl\":\"http:\/\/noti-america.com\/site\/mexico\/wp-content\/uploads\/sites\/13\/2017\/09\/CMD_CONSEJO.NORMA2_-800x533-300x200.jpg\",\"articleSection\":[\"Sucesos\"],\"inLanguage\":\"es\",\"potentialAction\":[{\"@type\":\"CommentAction\",\"name\":\"Comment\",\"target\":[\"https:\/\/noti-america.com\/site\/mexico\/2017\/09\/17\/el-gobernador-carlos-mendoza-davis-encabezo-la-segunda-sesion-del-consejo-estatal-de-proteccion-civil-donde-se-informo-sobre-las-medidas-preventivas-ante-las-posibles-afectaciones-por-el-huracan\/#respond\"]}]},{\"@type\":\"WebPage\",\"@id\":\"https:\/\/noti-america.com\/site\/mexico\/2017\/09\/17\/el-gobernador-carlos-mendoza-davis-encabezo-la-segunda-sesion-del-consejo-estatal-de-proteccion-civil-donde-se-informo-sobre-las-medidas-preventivas-ante-las-posibles-afectaciones-por-el-huracan\/\",\"url\":\"https:\/\/noti-america.com\/site\/mexico\/2017\/09\/17\/el-gobernador-carlos-mendoza-davis-encabezo-la-segunda-sesion-del-consejo-estatal-de-proteccion-civil-donde-se-informo-sobre-las-medidas-preventivas-ante-las-posibles-afectaciones-por-el-huracan\/\",\"name\":\"Gobernador de Baja California Sur en M\u00e9xico, informo sobre medidas preventivas ante las posibles afectaciones por el Hurac\u00e1n \\\"Norma\\\". - M\u00e9xico\",\"isPartOf\":{\"@id\":\"https:\/\/noti-america.com\/site\/mexico\/#website\"},\"primaryImageOfPage\":{\"@id\":\"https:\/\/noti-america.com\/site\/mexico\/2017\/09\/17\/el-gobernador-carlos-mendoza-davis-encabezo-la-segunda-sesion-del-consejo-estatal-de-proteccion-civil-donde-se-informo-sobre-las-medidas-preventivas-ante-las-posibles-afectaciones-por-el-huracan\/#primaryimage\"},\"image\":{\"@id\":\"https:\/\/noti-america.com\/site\/mexico\/2017\/09\/17\/el-gobernador-carlos-mendoza-davis-encabezo-la-segunda-sesion-del-consejo-estatal-de-proteccion-civil-donde-se-informo-sobre-las-medidas-preventivas-ante-las-posibles-afectaciones-por-el-huracan\/#primaryimage\"},\"thumbnailUrl\":\"http:\/\/noti-america.com\/site\/mexico\/wp-content\/uploads\/sites\/13\/2017\/09\/CMD_CONSEJO.NORMA2_-800x533-300x200.jpg\",\"datePublished\":\"2017-09-17T19:16:15+00:00\",\"dateModified\":\"2017-09-17T20:15:26+00:00\",\"breadcrumb\":{\"@id\":\"https:\/\/noti-america.com\/site\/mexico\/2017\/09\/17\/el-gobernador-carlos-mendoza-davis-encabezo-la-segunda-sesion-del-consejo-estatal-de-proteccion-civil-donde-se-informo-sobre-las-medidas-preventivas-ante-las-posibles-afectaciones-por-el-huracan\/#breadcrumb\"},\"inLanguage\":\"es\",\"potentialAction\":[{\"@type\":\"ReadAction\",\"target\":[\"https:\/\/noti-america.com\/site\/mexico\/2017\/09\/17\/el-gobernador-carlos-mendoza-davis-encabezo-la-segunda-sesion-del-consejo-estatal-de-proteccion-civil-donde-se-informo-sobre-las-medidas-preventivas-ante-las-posibles-afectaciones-por-el-huracan\/\"]}]},{\"@type\":\"ImageObject\",\"inLanguage\":\"es\",\"@id\":\"https:\/\/noti-america.com\/site\/mexico\/2017\/09\/17\/el-gobernador-carlos-mendoza-davis-encabezo-la-segunda-sesion-del-consejo-estatal-de-proteccion-civil-donde-se-informo-sobre-las-medidas-preventivas-ante-las-posibles-afectaciones-por-el-huracan\/#primaryimage\",\"url\":\"https:\/\/noti-america.com\/site\/mexico\/wp-content\/uploads\/sites\/13\/2017\/09\/CMD_CONSEJO.NORMA2_-800x533.jpg\",\"contentUrl\":\"https:\/\/noti-america.com\/site\/mexico\/wp-content\/uploads\/sites\/13\/2017\/09\/CMD_CONSEJO.NORMA2_-800x533.jpg\",\"width\":800,\"height\":533},{\"@type\":\"BreadcrumbList\",\"@id\":\"https:\/\/noti-america.com\/site\/mexico\/2017\/09\/17\/el-gobernador-carlos-mendoza-davis-encabezo-la-segunda-sesion-del-consejo-estatal-de-proteccion-civil-donde-se-informo-sobre-las-medidas-preventivas-ante-las-posibles-afectaciones-por-el-huracan\/#breadcrumb\",\"itemListElement\":[{\"@type\":\"ListItem\",\"position\":1,\"name\":\"Portada\",\"item\":\"https:\/\/noti-america.com\/site\/mexico\/\"},{\"@type\":\"ListItem\",\"position\":2,\"name\":\"Gobernador de Baja California Sur en M\u00e9xico, informo sobre medidas preventivas ante las posibles afectaciones por el Hurac\u00e1n \u00abNorma\u00bb.\"}]},{\"@type\":\"WebSite\",\"@id\":\"https:\/\/noti-america.com\/site\/mexico\/#website\",\"url\":\"https:\/\/noti-america.com\/site\/mexico\/\",\"name\":\"M\u00e9xico | Noti-America.com\",\"description\":\"\",\"publisher\":{\"@id\":\"https:\/\/noti-america.com\/site\/mexico\/#organization\"},\"potentialAction\":[{\"@type\":\"SearchAction\",\"target\":{\"@type\":\"EntryPoint\",\"urlTemplate\":\"https:\/\/noti-america.com\/site\/mexico\/?s={search_term_string}\"},\"query-input\":{\"@type\":\"PropertyValueSpecification\",\"valueRequired\":true,\"valueName\":\"search_term_string\"}}],\"inLanguage\":\"es\"},{\"@type\":\"Organization\",\"@id\":\"https:\/\/noti-america.com\/site\/mexico\/#organization\",\"name\":\"Noti-America LLC | M\u00e9xico\",\"url\":\"https:\/\/noti-america.com\/site\/mexico\/\",\"logo\":{\"@type\":\"ImageObject\",\"inLanguage\":\"es\",\"@id\":\"https:\/\/noti-america.com\/site\/mexico\/#\/schema\/logo\/image\/\",\"url\":\"https:\/\/noti-america.com\/site\/mexico\/wp-content\/uploads\/sites\/13\/2020\/07\/LogoNA-4x3-1.jpg\",\"contentUrl\":\"https:\/\/noti-america.com\/site\/mexico\/wp-content\/uploads\/sites\/13\/2020\/07\/LogoNA-4x3-1.jpg\",\"width\":1236,\"height\":1080,\"caption\":\"Noti-America LLC | M\u00e9xico\"},\"image\":{\"@id\":\"https:\/\/noti-america.com\/site\/mexico\/#\/schema\/logo\/image\/\"}},{\"@type\":\"Person\",\"@id\":\"https:\/\/noti-america.com\/site\/mexico\/#\/schema\/person\/0055de23daadb69055b7fe942f37dcf3\",\"name\":\"Paloma Olachea\",\"image\":{\"@type\":\"ImageObject\",\"inLanguage\":\"es\",\"@id\":\"https:\/\/secure.gravatar.com\/avatar\/bdea3a4c796d2085779e77a5d654205f160117a0245752e5d3a2230b2f1e9cce?s=96&d=mm&r=g\",\"url\":\"https:\/\/secure.gravatar.com\/avatar\/bdea3a4c796d2085779e77a5d654205f160117a0245752e5d3a2230b2f1e9cce?s=96&d=mm&r=g\",\"contentUrl\":\"https:\/\/secure.gravatar.com\/avatar\/bdea3a4c796d2085779e77a5d654205f160117a0245752e5d3a2230b2f1e9cce?s=96&d=mm&r=g\",\"caption\":\"Paloma Olachea\"},\"description\":\"Egresada de La Universidad Aut\u00f3noma de Baja California Sur, en la Licenciatura de Comunicaci\u00f3n, donde aprendi\u00f3 de los grandes maestros de esta M\u00e1xima Casa de Estudios como lo son: La Maestra Brenda Ramirez, Maestra Rossana Almada, Aletxe Almada, Lic. Francisco Fuentes, Profr. Carrillo de Fotograf\u00eda, Dr. Ruben Olachea , critica cinematogr\u00e1fica en Diplomados, Padre Juan Gom\u00e9z, en el cual desarrollo los temas mas importantes de comunicaci\u00f3n Social y sus teor\u00edas, en el transcurso de estudios, realizo su servicio y practicas profesionales, en la Unidad de Atenci\u00f3n Ciudadana del Gobierno del Estado de Baja California Sur, como asistente de la Lic. Nilda Moreno Armenta, Jefa de departamento de control y gesti\u00f3n Gubernamental en el tiempo de el Lic. Sergio Barron Pinto quien era el Director de la instituci\u00f3n gubernamental. Directora de Click Fotograf\u00eda explica con detalle que ha trabajado para grandes industrias como La Revista Bajacalifornianos.net con el Empresario Edgar Barrag\u00e1n, donde se formo por primera vez en el \u00e1mbito Fotogr\u00e1fico en la Secci\u00f3n Sociales y Ciencia BCS, en la Empresa Metamorphosis de Lic. Yamel Arti\u00f1o, mercadologa, aprendi\u00f3 los diversos temas y t\u00e9cnicas en el ramo de la Mercadotecnia para diferentes empresas y la mas importante para la compa\u00f1\u00eda Telcel, contratada por la Gran Mujer Lic. Cristina Flores, propietaria de Anuncios y Letreros el autodominio, fortaleza y emprendedora al activarse con una comunicaci\u00f3n eficaz, una gran maestra y a la vez una mujer que no se limita a ning\u00fan trabajo publicitario, El Ing. Gerardo Valenzuela de la Empresa Radiof\u00f3nica Radio Mochis Sinaloa y Director de la Revista ABC, el cual tiene un gran aprecio aparte de maestro, Padrino, en el cual ella aprendi\u00f3 a desarrollarse en el \u00e1mbito period\u00edstico, a conocer mas a los grandes ilustres y corresponsales de diferentes medios, en otro punto importante le ha permitido desarrollarse durante 7 a\u00f1os en el \u00e1mbito de programas de edici\u00f3n publicitaria y ahora forma parte de la Asociaci\u00f3n Radio Pace\u00f1ita, Realiza el dise\u00f1o actual de la Revista La Discapacidad en Acci\u00f3n de el C. Francisco Diaz Zu\u00f1iga, entre otras trabajar en el \u00e1rea de ventas con la Dise\u00f1adora Gr\u00e1fica Carmen Wences, en el cual tambi\u00e9n obtuvo asesoramiento y preparaci\u00f3n, entre los medios period\u00edsticos laboro para Mauricio Diaz anterior Director Peninsular Digital, en diversas notas y obtuvo el cambio al \u00e1rea de estad\u00edstica. En la Delegaci\u00f3n de Cabo San Lucas Trabajo con el C. Lucio Chavira propietario de Los Cabos Tve el cual ve como su padre quien le dio apoyo, familia y le dio capacitaci\u00f3n en fotogr\u00e1fica La C. Julia Ruiz de Chavira, ademas de laborar con el Lic. Ricardo del Rio en diversos trabajos de video y edici\u00f3n. Entre sus tantas Actividades labora para La Secretaria de Educaci\u00f3n Publica, primeramente en el Subsistema de Escuelas T\u00e9cnicas y as\u00ed pasado al Subsistema de Telesecundaria, En el DIF Estatal de Baja California Sur, como tallerista y en los Negocios de Banner Publicitario, Alder Dise\u00f1o y Casa Productora Pitahaya Productions como Propietaria, de antemano destacamos una opci\u00f3n mas laboral en el Medio Digital Noti America en el cual su Jefe Rafael Pi\u00f1a Loaiza le da la oportunidad de dar a conocer las noticias a nivel internacional destacando primordial mente su pa\u00eds natal Mexico.\",\"url\":\"https:\/\/noti-america.com\/site\/mexico\/author\/polachea\/\"}]}<\/script>\n<!-- \/ Yoast SEO Premium plugin. -->","yoast_head_json":{"title":"Gobernador de Baja California Sur en M\u00e9xico, informo sobre medidas preventivas ante las posibles afectaciones por el Hurac\u00e1n \"Norma\". - M\u00e9xico","robots":{"index":"index","follow":"follow","max-snippet":"max-snippet:-1","max-image-preview":"max-image-preview:large","max-video-preview":"max-video-preview:-1"},"canonical":"https:\/\/noti-america.com\/site\/mexico\/2017\/09\/17\/el-gobernador-carlos-mendoza-davis-encabezo-la-segunda-sesion-del-consejo-estatal-de-proteccion-civil-donde-se-informo-sobre-las-medidas-preventivas-ante-las-posibles-afectaciones-por-el-huracan\/","og_locale":"es_ES","og_type":"article","og_title":"Gobernador de Baja California Sur en M\u00e9xico, informo sobre medidas preventivas ante las posibles afectaciones por el Hurac\u00e1n \"Norma\".","og_description":"El Gobernador Carlos Mendoza Davis, encabez\u00f3 la segunda sesi\u00f3n del Consejo Estatal de Protecci\u00f3n Civil, donde se inform\u00f3 sobre las medidas preventivas ante las posibles afectaciones por el hurac\u00e1n \u201cNorma\u201d. &nbsp; Continua la suspensi\u00f3n&#46;&#46;&#46;","og_url":"https:\/\/noti-america.com\/site\/mexico\/2017\/09\/17\/el-gobernador-carlos-mendoza-davis-encabezo-la-segunda-sesion-del-consejo-estatal-de-proteccion-civil-donde-se-informo-sobre-las-medidas-preventivas-ante-las-posibles-afectaciones-por-el-huracan\/","og_site_name":"M\u00e9xico","article_published_time":"2017-09-17T19:16:15+00:00","article_modified_time":"2017-09-17T20:15:26+00:00","og_image":[{"url":"http:\/\/noti-america.com\/site\/mexico\/wp-content\/uploads\/sites\/13\/2017\/09\/CMD_CONSEJO.NORMA2_-800x533-300x200.jpg","type":"","width":"","height":""}],"author":"Paloma Olachea","twitter_card":"summary_large_image","twitter_misc":{"Escrito por":"Paloma Olachea","Tiempo estimado de lectura":"3 minutos"},"schema":{"@context":"https:\/\/schema.org","@graph":[{"@type":"Article","@id":"https:\/\/noti-america.com\/site\/mexico\/2017\/09\/17\/el-gobernador-carlos-mendoza-davis-encabezo-la-segunda-sesion-del-consejo-estatal-de-proteccion-civil-donde-se-informo-sobre-las-medidas-preventivas-ante-las-posibles-afectaciones-por-el-huracan\/#article","isPartOf":{"@id":"https:\/\/noti-america.com\/site\/mexico\/2017\/09\/17\/el-gobernador-carlos-mendoza-davis-encabezo-la-segunda-sesion-del-consejo-estatal-de-proteccion-civil-donde-se-informo-sobre-las-medidas-preventivas-ante-las-posibles-afectaciones-por-el-huracan\/"},"author":{"name":"Paloma Olachea","@id":"https:\/\/noti-america.com\/site\/mexico\/#\/schema\/person\/0055de23daadb69055b7fe942f37dcf3"},"headline":"Gobernador de Baja California Sur en M\u00e9xico, informo sobre medidas preventivas ante las posibles afectaciones por el Hurac\u00e1n \u00abNorma\u00bb.","datePublished":"2017-09-17T19:16:15+00:00","dateModified":"2017-09-17T20:15:26+00:00","mainEntityOfPage":{"@id":"https:\/\/noti-america.com\/site\/mexico\/2017\/09\/17\/el-gobernador-carlos-mendoza-davis-encabezo-la-segunda-sesion-del-consejo-estatal-de-proteccion-civil-donde-se-informo-sobre-las-medidas-preventivas-ante-las-posibles-afectaciones-por-el-huracan\/"},"wordCount":558,"commentCount":0,"publisher":{"@id":"https:\/\/noti-america.com\/site\/mexico\/#organization"},"image":{"@id":"https:\/\/noti-america.com\/site\/mexico\/2017\/09\/17\/el-gobernador-carlos-mendoza-davis-encabezo-la-segunda-sesion-del-consejo-estatal-de-proteccion-civil-donde-se-informo-sobre-las-medidas-preventivas-ante-las-posibles-afectaciones-por-el-huracan\/#primaryimage"},"thumbnailUrl":"http:\/\/noti-america.com\/site\/mexico\/wp-content\/uploads\/sites\/13\/2017\/09\/CMD_CONSEJO.NORMA2_-800x533-300x200.jpg","articleSection":["Sucesos"],"inLanguage":"es","potentialAction":[{"@type":"CommentAction","name":"Comment","target":["https:\/\/noti-america.com\/site\/mexico\/2017\/09\/17\/el-gobernador-carlos-mendoza-davis-encabezo-la-segunda-sesion-del-consejo-estatal-de-proteccion-civil-donde-se-informo-sobre-las-medidas-preventivas-ante-las-posibles-afectaciones-por-el-huracan\/#respond"]}]},{"@type":"WebPage","@id":"https:\/\/noti-america.com\/site\/mexico\/2017\/09\/17\/el-gobernador-carlos-mendoza-davis-encabezo-la-segunda-sesion-del-consejo-estatal-de-proteccion-civil-donde-se-informo-sobre-las-medidas-preventivas-ante-las-posibles-afectaciones-por-el-huracan\/","url":"https:\/\/noti-america.com\/site\/mexico\/2017\/09\/17\/el-gobernador-carlos-mendoza-davis-encabezo-la-segunda-sesion-del-consejo-estatal-de-proteccion-civil-donde-se-informo-sobre-las-medidas-preventivas-ante-las-posibles-afectaciones-por-el-huracan\/","name":"Gobernador de Baja California Sur en M\u00e9xico, informo sobre medidas preventivas ante las posibles afectaciones por el Hurac\u00e1n \"Norma\". - M\u00e9xico","isPartOf":{"@id":"https:\/\/noti-america.com\/site\/mexico\/#website"},"primaryImageOfPage":{"@id":"https:\/\/noti-america.com\/site\/mexico\/2017\/09\/17\/el-gobernador-carlos-mendoza-davis-encabezo-la-segunda-sesion-del-consejo-estatal-de-proteccion-civil-donde-se-informo-sobre-las-medidas-preventivas-ante-las-posibles-afectaciones-por-el-huracan\/#primaryimage"},"image":{"@id":"https:\/\/noti-america.com\/site\/mexico\/2017\/09\/17\/el-gobernador-carlos-mendoza-davis-encabezo-la-segunda-sesion-del-consejo-estatal-de-proteccion-civil-donde-se-informo-sobre-las-medidas-preventivas-ante-las-posibles-afectaciones-por-el-huracan\/#primaryimage"},"thumbnailUrl":"http:\/\/noti-america.com\/site\/mexico\/wp-content\/uploads\/sites\/13\/2017\/09\/CMD_CONSEJO.NORMA2_-800x533-300x200.jpg","datePublished":"2017-09-17T19:16:15+00:00","dateModified":"2017-09-17T20:15:26+00:00","breadcrumb":{"@id":"https:\/\/noti-america.com\/site\/mexico\/2017\/09\/17\/el-gobernador-carlos-mendoza-davis-encabezo-la-segunda-sesion-del-consejo-estatal-de-proteccion-civil-donde-se-informo-sobre-las-medidas-preventivas-ante-las-posibles-afectaciones-por-el-huracan\/#breadcrumb"},"inLanguage":"es","potentialAction":[{"@type":"ReadAction","target":["https:\/\/noti-america.com\/site\/mexico\/2017\/09\/17\/el-gobernador-carlos-mendoza-davis-encabezo-la-segunda-sesion-del-consejo-estatal-de-proteccion-civil-donde-se-informo-sobre-las-medidas-preventivas-ante-las-posibles-afectaciones-por-el-huracan\/"]}]},{"@type":"ImageObject","inLanguage":"es","@id":"https:\/\/noti-america.com\/site\/mexico\/2017\/09\/17\/el-gobernador-carlos-mendoza-davis-encabezo-la-segunda-sesion-del-consejo-estatal-de-proteccion-civil-donde-se-informo-sobre-las-medidas-preventivas-ante-las-posibles-afectaciones-por-el-huracan\/#primaryimage","url":"https:\/\/noti-america.com\/site\/mexico\/wp-content\/uploads\/sites\/13\/2017\/09\/CMD_CONSEJO.NORMA2_-800x533.jpg","contentUrl":"https:\/\/noti-america.com\/site\/mexico\/wp-content\/uploads\/sites\/13\/2017\/09\/CMD_CONSEJO.NORMA2_-800x533.jpg","width":800,"height":533},{"@type":"BreadcrumbList","@id":"https:\/\/noti-america.com\/site\/mexico\/2017\/09\/17\/el-gobernador-carlos-mendoza-davis-encabezo-la-segunda-sesion-del-consejo-estatal-de-proteccion-civil-donde-se-informo-sobre-las-medidas-preventivas-ante-las-posibles-afectaciones-por-el-huracan\/#breadcrumb","itemListElement":[{"@type":"ListItem","position":1,"name":"Portada","item":"https:\/\/noti-america.com\/site\/mexico\/"},{"@type":"ListItem","position":2,"name":"Gobernador de Baja California Sur en M\u00e9xico, informo sobre medidas preventivas ante las posibles afectaciones por el Hurac\u00e1n \u00abNorma\u00bb."}]},{"@type":"WebSite","@id":"https:\/\/noti-america.com\/site\/mexico\/#website","url":"https:\/\/noti-america.com\/site\/mexico\/","name":"M\u00e9xico | Noti-America.com","description":"","publisher":{"@id":"https:\/\/noti-america.com\/site\/mexico\/#organization"},"potentialAction":[{"@type":"SearchAction","target":{"@type":"EntryPoint","urlTemplate":"https:\/\/noti-america.com\/site\/mexico\/?s={search_term_string}"},"query-input":{"@type":"PropertyValueSpecification","valueRequired":true,"valueName":"search_term_string"}}],"inLanguage":"es"},{"@type":"Organization","@id":"https:\/\/noti-america.com\/site\/mexico\/#organization","name":"Noti-America LLC | M\u00e9xico","url":"https:\/\/noti-america.com\/site\/mexico\/","logo":{"@type":"ImageObject","inLanguage":"es","@id":"https:\/\/noti-america.com\/site\/mexico\/#\/schema\/logo\/image\/","url":"https:\/\/noti-america.com\/site\/mexico\/wp-content\/uploads\/sites\/13\/2020\/07\/LogoNA-4x3-1.jpg","contentUrl":"https:\/\/noti-america.com\/site\/mexico\/wp-content\/uploads\/sites\/13\/2020\/07\/LogoNA-4x3-1.jpg","width":1236,"height":1080,"caption":"Noti-America LLC | M\u00e9xico"},"image":{"@id":"https:\/\/noti-america.com\/site\/mexico\/#\/schema\/logo\/image\/"}},{"@type":"Person","@id":"https:\/\/noti-america.com\/site\/mexico\/#\/schema\/person\/0055de23daadb69055b7fe942f37dcf3","name":"Paloma Olachea","image":{"@type":"ImageObject","inLanguage":"es","@id":"https:\/\/secure.gravatar.com\/avatar\/bdea3a4c796d2085779e77a5d654205f160117a0245752e5d3a2230b2f1e9cce?s=96&d=mm&r=g","url":"https:\/\/secure.gravatar.com\/avatar\/bdea3a4c796d2085779e77a5d654205f160117a0245752e5d3a2230b2f1e9cce?s=96&d=mm&r=g","contentUrl":"https:\/\/secure.gravatar.com\/avatar\/bdea3a4c796d2085779e77a5d654205f160117a0245752e5d3a2230b2f1e9cce?s=96&d=mm&r=g","caption":"Paloma Olachea"},"description":"Egresada de La Universidad Aut\u00f3noma de Baja California Sur, en la Licenciatura de Comunicaci\u00f3n, donde aprendi\u00f3 de los grandes maestros de esta M\u00e1xima Casa de Estudios como lo son: La Maestra Brenda Ramirez, Maestra Rossana Almada, Aletxe Almada, Lic. Francisco Fuentes, Profr. Carrillo de Fotograf\u00eda, Dr. Ruben Olachea , critica cinematogr\u00e1fica en Diplomados, Padre Juan Gom\u00e9z, en el cual desarrollo los temas mas importantes de comunicaci\u00f3n Social y sus teor\u00edas, en el transcurso de estudios, realizo su servicio y practicas profesionales, en la Unidad de Atenci\u00f3n Ciudadana del Gobierno del Estado de Baja California Sur, como asistente de la Lic. Nilda Moreno Armenta, Jefa de departamento de control y gesti\u00f3n Gubernamental en el tiempo de el Lic. Sergio Barron Pinto quien era el Director de la instituci\u00f3n gubernamental. Directora de Click Fotograf\u00eda explica con detalle que ha trabajado para grandes industrias como La Revista Bajacalifornianos.net con el Empresario Edgar Barrag\u00e1n, donde se formo por primera vez en el \u00e1mbito Fotogr\u00e1fico en la Secci\u00f3n Sociales y Ciencia BCS, en la Empresa Metamorphosis de Lic. Yamel Arti\u00f1o, mercadologa, aprendi\u00f3 los diversos temas y t\u00e9cnicas en el ramo de la Mercadotecnia para diferentes empresas y la mas importante para la compa\u00f1\u00eda Telcel, contratada por la Gran Mujer Lic. Cristina Flores, propietaria de Anuncios y Letreros el autodominio, fortaleza y emprendedora al activarse con una comunicaci\u00f3n eficaz, una gran maestra y a la vez una mujer que no se limita a ning\u00fan trabajo publicitario, El Ing. Gerardo Valenzuela de la Empresa Radiof\u00f3nica Radio Mochis Sinaloa y Director de la Revista ABC, el cual tiene un gran aprecio aparte de maestro, Padrino, en el cual ella aprendi\u00f3 a desarrollarse en el \u00e1mbito period\u00edstico, a conocer mas a los grandes ilustres y corresponsales de diferentes medios, en otro punto importante le ha permitido desarrollarse durante 7 a\u00f1os en el \u00e1mbito de programas de edici\u00f3n publicitaria y ahora forma parte de la Asociaci\u00f3n Radio Pace\u00f1ita, Realiza el dise\u00f1o actual de la Revista La Discapacidad en Acci\u00f3n de el C. Francisco Diaz Zu\u00f1iga, entre otras trabajar en el \u00e1rea de ventas con la Dise\u00f1adora Gr\u00e1fica Carmen Wences, en el cual tambi\u00e9n obtuvo asesoramiento y preparaci\u00f3n, entre los medios period\u00edsticos laboro para Mauricio Diaz anterior Director Peninsular Digital, en diversas notas y obtuvo el cambio al \u00e1rea de estad\u00edstica. En la Delegaci\u00f3n de Cabo San Lucas Trabajo con el C. Lucio Chavira propietario de Los Cabos Tve el cual ve como su padre quien le dio apoyo, familia y le dio capacitaci\u00f3n en fotogr\u00e1fica La C. Julia Ruiz de Chavira, ademas de laborar con el Lic. Ricardo del Rio en diversos trabajos de video y edici\u00f3n. Entre sus tantas Actividades labora para La Secretaria de Educaci\u00f3n Publica, primeramente en el Subsistema de Escuelas T\u00e9cnicas y as\u00ed pasado al Subsistema de Telesecundaria, En el DIF Estatal de Baja California Sur, como tallerista y en los Negocios de Banner Publicitario, Alder Dise\u00f1o y Casa Productora Pitahaya Productions como Propietaria, de antemano destacamos una opci\u00f3n mas laboral en el Medio Digital Noti America en el cual su Jefe Rafael Pi\u00f1a Loaiza le da la oportunidad de dar a conocer las noticias a nivel internacional destacando primordial mente su pa\u00eds natal Mexico.","url":"https:\/\/noti-america.com\/site\/mexico\/author\/polachea\/"}]}},"_links":{"self":[{"href":"https:\/\/noti-america.com\/site\/mexico\/wp-json\/wp\/v2\/posts\/394","targetHints":{"allow":["GET"]}}],"collection":[{"href":"https:\/\/noti-america.com\/site\/mexico\/wp-json\/wp\/v2\/posts"}],"about":[{"href":"https:\/\/noti-america.com\/site\/mexico\/wp-json\/wp\/v2\/types\/post"}],"author":[{"embeddable":true,"href":"https:\/\/noti-america.com\/site\/mexico\/wp-json\/wp\/v2\/users\/16"}],"replies":[{"embeddable":true,"href":"https:\/\/noti-america.com\/site\/mexico\/wp-json\/wp\/v2\/comments?post=394"}],"version-history":[{"count":4,"href":"https:\/\/noti-america.com\/site\/mexico\/wp-json\/wp\/v2\/posts\/394\/revisions"}],"predecessor-version":[{"id":397,"href":"https:\/\/noti-america.com\/site\/mexico\/wp-json\/wp\/v2\/posts\/394\/revisions\/397"}],"wp:attachment":[{"href":"https:\/\/noti-america.com\/site\/mexico\/wp-json\/wp\/v2\/media?parent=394"}],"wp:term":[{"taxonomy":"category","embeddable":true,"href":"https:\/\/noti-america.com\/site\/mexico\/wp-json\/wp\/v2\/categories?post=394"},{"taxonomy":"post_tag","embeddable":true,"href":"https:\/\/noti-america.com\/site\/mexico\/wp-json\/wp\/v2\/tags?post=394"}],"curies":[{"name":"wp","href":"https:\/\/api.w.org\/{rel}","templated":true}]}}