{"id":3899,"date":"2019-03-25T02:55:54","date_gmt":"2019-03-25T02:55:54","guid":{"rendered":"http:\/\/noti-america.com\/site\/mexico\/?p=3899"},"modified":"2019-03-25T02:55:54","modified_gmt":"2019-03-25T02:55:54","slug":"scooters-y-bicis-no-deben-circular-sobre-banqueta-reitera-semovi","status":"publish","type":"post","link":"https:\/\/noti-america.com\/site\/mexico\/2019\/03\/25\/scooters-y-bicis-no-deben-circular-sobre-banqueta-reitera-semovi\/","title":{"rendered":"Scooters y \u2018bicis\u2019 no deben circular sobre banqueta, reitera Semovi"},"content":{"rendered":"<h3><img loading=\"lazy\" decoding=\"async\" class=\"alignnone  wp-image-3900 aligncenter\" src=\"http:\/\/noti-america.com\/site\/mexico\/wp-content\/uploads\/sites\/13\/2019\/03\/1-50-300x225.jpg\" alt=\"\" width=\"459\" height=\"344\" srcset=\"https:\/\/noti-america.com\/site\/mexico\/wp-content\/uploads\/sites\/13\/2019\/03\/1-50-300x225.jpg 300w, https:\/\/noti-america.com\/site\/mexico\/wp-content\/uploads\/sites\/13\/2019\/03\/1-50.jpg 664w\" sizes=\"auto, (max-width: 459px) 100vw, 459px\" \/><\/h3>\n<h3><\/h3>\n<h3>Fuente:\u00a0 https:\/\/www.excelsior.com.mx\/<\/h3>\n<p>&nbsp;<\/p>\n<p class=\"letter-capitular\">La Secretar\u00eda de Movilidad (Semovi) reconoci\u00f3 que cometi\u00f3 un error en las recientes modificaciones que aplic\u00f3 en e<strong>l Reglamento de Tr\u00e1nsito\u00a0<\/strong>que entraran en vigor el 22 de abril.<\/p>\n<p>Se trata de lo relacionado con la prohibici\u00f3n de circulaci\u00f3n de<strong>\u00a0patines el\u00e9ctricos y bicicletas<\/strong>\u00a0sobre las banquetas.<\/p>\n<p>Pues en el Art\u00edculo 5 por un \u201cerror involuntario\u201d se incluy\u00f3 a veh\u00edculos de pedaleo asistido o con motor entre los modos autorizados para circular en las banquetas, comunic\u00f3 la dependencia.<\/p>\n<blockquote><p>Para subsanar este error, y as\u00ed evitar cualquier ambig\u00fcedad en la interpretaci\u00f3n, la Secretar\u00eda de Movilidad propondr\u00e1 una redacci\u00f3n m\u00e1s expl\u00edcita dentro del Reglamento de Tr\u00e1nsito, en la cual establezca que estos veh\u00edculos tienen prohibida su circulaci\u00f3n en la banqueta, a menos que sean utilizados por menores de 12 a\u00f1os y no cuenten con ninguna clase de pedaleo asistido ni motor.<\/p><\/blockquote>\n<blockquote><p>Asimismo, se establecer\u00e1 que los \u00fanicos veh\u00edculos el\u00e9ctricos habilitados para ocupar el espacio peatonal ser\u00e1n sillas de ruedas u otros dispositivos de apoyo a personas con discapacidad o movilidad limitada que no sobrepasen los 10 kil\u00f3metros por hora\u201d, indic\u00f3 Semovi en un comunicado.<\/p><\/blockquote>\n<p>La dependencia reiter\u00f3 que scooters y bicicletas<strong>\u00a0no podr\u00e1n circular en banquetas<\/strong>\u00a0y tendr\u00e1n que hacerlo en el arroyo vehicular.<\/p>\n<blockquote><p>De esta manera, se promover\u00e1 una cultura de adecuada convivencia entre los distintos usuarios de la v\u00eda, con base en reglas claras que garanticen la circulaci\u00f3n segura y libre de obst\u00e1culos para todos los peatones en la banqueta: ni\u00f1as, ni\u00f1os, personas de la tercera edad, con movilidad limitada o con discapacidad\u201d, indic\u00f3 Semovi.<\/p><\/blockquote>\n","protected":false},"excerpt":{"rendered":"<p>Fuente:\u00a0 https:\/\/www.excelsior.com.mx\/ &nbsp; La Secretar\u00eda de Movilidad (Semovi) reconoci\u00f3 que cometi\u00f3 un error en las recientes modificaciones que aplic\u00f3 en el Reglamento de Tr\u00e1nsito\u00a0que entraran en vigor el 22 de abril. Se trata de&#46;&#46;&#46;<\/p>\n","protected":false},"author":28,"featured_media":3900,"comment_status":"open","ping_status":"open","sticky":false,"template":"","format":"standard","meta":{"_acf_changed":false,"om_disable_all_campaigns":false,"rop_custom_images_group":[],"rop_custom_messages_group":[],"rop_publish_now":"initial","rop_publish_now_accounts":{"twitter_242054905_242054905":""},"rop_publish_now_history":[],"rop_publish_now_status":"pending","_uf_show_specific_survey":0,"_uf_disable_surveys":false,"footnotes":""},"categories":[337],"tags":[512,511],"class_list":["post-3899","post","type-post","status-publish","format-standard","has-post-thumbnail","hentry","category-noticias","tag-reitera-semovi","tag-scooters-y-bicis-no-deben-circular-sobre-banqueta"],"acf":[],"aioseo_notices":[],"yoast_head":"<!-- This site is optimized with the Yoast SEO Premium plugin v24.9 (Yoast SEO v27.2) - https:\/\/yoast.com\/product\/yoast-seo-premium-wordpress\/ -->\n<title>Scooters y \u2018bicis\u2019 no deben circular sobre banqueta, reitera Semovi - M\u00e9xico<\/title>\n<meta name=\"robots\" content=\"index, follow, max-snippet:-1, max-image-preview:large, max-video-preview:-1\" \/>\n<link rel=\"canonical\" href=\"https:\/\/noti-america.com\/site\/mexico\/2019\/03\/25\/scooters-y-bicis-no-deben-circular-sobre-banqueta-reitera-semovi\/\" \/>\n<meta property=\"og:locale\" content=\"es_ES\" \/>\n<meta property=\"og:type\" content=\"article\" \/>\n<meta property=\"og:title\" content=\"Scooters y \u2018bicis\u2019 no deben circular sobre banqueta, reitera Semovi\" \/>\n<meta property=\"og:description\" content=\"Fuente:\u00a0 https:\/\/www.excelsior.com.mx\/ &nbsp; La Secretar\u00eda de Movilidad (Semovi) reconoci\u00f3 que cometi\u00f3 un error en las recientes modificaciones que aplic\u00f3 en el Reglamento de Tr\u00e1nsito\u00a0que entraran en vigor el 22 de abril. Se trata de&#046;&#046;&#046;\" \/>\n<meta property=\"og:url\" content=\"https:\/\/noti-america.com\/site\/mexico\/2019\/03\/25\/scooters-y-bicis-no-deben-circular-sobre-banqueta-reitera-semovi\/\" \/>\n<meta property=\"og:site_name\" content=\"M\u00e9xico\" \/>\n<meta property=\"article:published_time\" content=\"2019-03-25T02:55:54+00:00\" \/>\n<meta property=\"og:image\" content=\"https:\/\/noti-america.com\/site\/mexico\/wp-content\/uploads\/sites\/13\/2019\/03\/1-50.jpg\" \/>\n\t<meta property=\"og:image:width\" content=\"664\" \/>\n\t<meta property=\"og:image:height\" content=\"498\" \/>\n\t<meta property=\"og:image:type\" content=\"image\/jpeg\" \/>\n<meta name=\"author\" content=\"Redacci\u00f3n NA-NY\" \/>\n<meta name=\"twitter:card\" content=\"summary_large_image\" \/>\n<meta name=\"twitter:label1\" content=\"Escrito por\" \/>\n\t<meta name=\"twitter:data1\" content=\"Redacci\u00f3n NA-NY\" \/>\n\t<meta name=\"twitter:label2\" content=\"Tiempo estimado de lectura\" \/>\n\t<meta name=\"twitter:data2\" content=\"1 minuto\" \/>\n<script type=\"application\/ld+json\" class=\"yoast-schema-graph\">{\"@context\":\"https:\/\/schema.org\",\"@graph\":[{\"@type\":\"Article\",\"@id\":\"https:\/\/noti-america.com\/site\/mexico\/2019\/03\/25\/scooters-y-bicis-no-deben-circular-sobre-banqueta-reitera-semovi\/#article\",\"isPartOf\":{\"@id\":\"https:\/\/noti-america.com\/site\/mexico\/2019\/03\/25\/scooters-y-bicis-no-deben-circular-sobre-banqueta-reitera-semovi\/\"},\"author\":{\"name\":\"Redacci\u00f3n NA-NY\",\"@id\":\"https:\/\/noti-america.com\/site\/mexico\/#\/schema\/person\/db5a6527aaddfc34b3753d557a1292f0\"},\"headline\":\"Scooters y \u2018bicis\u2019 no deben circular sobre banqueta, reitera Semovi\",\"datePublished\":\"2019-03-25T02:55:54+00:00\",\"mainEntityOfPage\":{\"@id\":\"https:\/\/noti-america.com\/site\/mexico\/2019\/03\/25\/scooters-y-bicis-no-deben-circular-sobre-banqueta-reitera-semovi\/\"},\"wordCount\":296,\"commentCount\":0,\"publisher\":{\"@id\":\"https:\/\/noti-america.com\/site\/mexico\/#organization\"},\"image\":{\"@id\":\"https:\/\/noti-america.com\/site\/mexico\/2019\/03\/25\/scooters-y-bicis-no-deben-circular-sobre-banqueta-reitera-semovi\/#primaryimage\"},\"thumbnailUrl\":\"https:\/\/noti-america.com\/site\/mexico\/wp-content\/uploads\/sites\/13\/2019\/03\/1-50.jpg\",\"keywords\":[\"reitera Semovi\",\"Scooters y \u2018bicis\u2019 no deben circular sobre banqueta\"],\"articleSection\":[\"Noticias\"],\"inLanguage\":\"es\",\"potentialAction\":[{\"@type\":\"CommentAction\",\"name\":\"Comment\",\"target\":[\"https:\/\/noti-america.com\/site\/mexico\/2019\/03\/25\/scooters-y-bicis-no-deben-circular-sobre-banqueta-reitera-semovi\/#respond\"]}]},{\"@type\":\"WebPage\",\"@id\":\"https:\/\/noti-america.com\/site\/mexico\/2019\/03\/25\/scooters-y-bicis-no-deben-circular-sobre-banqueta-reitera-semovi\/\",\"url\":\"https:\/\/noti-america.com\/site\/mexico\/2019\/03\/25\/scooters-y-bicis-no-deben-circular-sobre-banqueta-reitera-semovi\/\",\"name\":\"Scooters y \u2018bicis\u2019 no deben circular sobre banqueta, reitera Semovi - M\u00e9xico\",\"isPartOf\":{\"@id\":\"https:\/\/noti-america.com\/site\/mexico\/#website\"},\"primaryImageOfPage\":{\"@id\":\"https:\/\/noti-america.com\/site\/mexico\/2019\/03\/25\/scooters-y-bicis-no-deben-circular-sobre-banqueta-reitera-semovi\/#primaryimage\"},\"image\":{\"@id\":\"https:\/\/noti-america.com\/site\/mexico\/2019\/03\/25\/scooters-y-bicis-no-deben-circular-sobre-banqueta-reitera-semovi\/#primaryimage\"},\"thumbnailUrl\":\"https:\/\/noti-america.com\/site\/mexico\/wp-content\/uploads\/sites\/13\/2019\/03\/1-50.jpg\",\"datePublished\":\"2019-03-25T02:55:54+00:00\",\"breadcrumb\":{\"@id\":\"https:\/\/noti-america.com\/site\/mexico\/2019\/03\/25\/scooters-y-bicis-no-deben-circular-sobre-banqueta-reitera-semovi\/#breadcrumb\"},\"inLanguage\":\"es\",\"potentialAction\":[{\"@type\":\"ReadAction\",\"target\":[\"https:\/\/noti-america.com\/site\/mexico\/2019\/03\/25\/scooters-y-bicis-no-deben-circular-sobre-banqueta-reitera-semovi\/\"]}]},{\"@type\":\"ImageObject\",\"inLanguage\":\"es\",\"@id\":\"https:\/\/noti-america.com\/site\/mexico\/2019\/03\/25\/scooters-y-bicis-no-deben-circular-sobre-banqueta-reitera-semovi\/#primaryimage\",\"url\":\"https:\/\/noti-america.com\/site\/mexico\/wp-content\/uploads\/sites\/13\/2019\/03\/1-50.jpg\",\"contentUrl\":\"https:\/\/noti-america.com\/site\/mexico\/wp-content\/uploads\/sites\/13\/2019\/03\/1-50.jpg\",\"width\":664,\"height\":498},{\"@type\":\"BreadcrumbList\",\"@id\":\"https:\/\/noti-america.com\/site\/mexico\/2019\/03\/25\/scooters-y-bicis-no-deben-circular-sobre-banqueta-reitera-semovi\/#breadcrumb\",\"itemListElement\":[{\"@type\":\"ListItem\",\"position\":1,\"name\":\"Portada\",\"item\":\"https:\/\/noti-america.com\/site\/mexico\/\"},{\"@type\":\"ListItem\",\"position\":2,\"name\":\"Scooters y \u2018bicis\u2019 no deben circular sobre banqueta, reitera Semovi\"}]},{\"@type\":\"WebSite\",\"@id\":\"https:\/\/noti-america.com\/site\/mexico\/#website\",\"url\":\"https:\/\/noti-america.com\/site\/mexico\/\",\"name\":\"M\u00e9xico | Noti-America.com\",\"description\":\"\",\"publisher\":{\"@id\":\"https:\/\/noti-america.com\/site\/mexico\/#organization\"},\"potentialAction\":[{\"@type\":\"SearchAction\",\"target\":{\"@type\":\"EntryPoint\",\"urlTemplate\":\"https:\/\/noti-america.com\/site\/mexico\/?s={search_term_string}\"},\"query-input\":{\"@type\":\"PropertyValueSpecification\",\"valueRequired\":true,\"valueName\":\"search_term_string\"}}],\"inLanguage\":\"es\"},{\"@type\":\"Organization\",\"@id\":\"https:\/\/noti-america.com\/site\/mexico\/#organization\",\"name\":\"Noti-America LLC | M\u00e9xico\",\"url\":\"https:\/\/noti-america.com\/site\/mexico\/\",\"logo\":{\"@type\":\"ImageObject\",\"inLanguage\":\"es\",\"@id\":\"https:\/\/noti-america.com\/site\/mexico\/#\/schema\/logo\/image\/\",\"url\":\"https:\/\/noti-america.com\/site\/mexico\/wp-content\/uploads\/sites\/13\/2020\/07\/LogoNA-4x3-1.jpg\",\"contentUrl\":\"https:\/\/noti-america.com\/site\/mexico\/wp-content\/uploads\/sites\/13\/2020\/07\/LogoNA-4x3-1.jpg\",\"width\":1236,\"height\":1080,\"caption\":\"Noti-America LLC | M\u00e9xico\"},\"image\":{\"@id\":\"https:\/\/noti-america.com\/site\/mexico\/#\/schema\/logo\/image\/\"}},{\"@type\":\"Person\",\"@id\":\"https:\/\/noti-america.com\/site\/mexico\/#\/schema\/person\/db5a6527aaddfc34b3753d557a1292f0\",\"name\":\"Redacci\u00f3n NA-NY\",\"image\":{\"@type\":\"ImageObject\",\"inLanguage\":\"es\",\"@id\":\"https:\/\/secure.gravatar.com\/avatar\/2bd75bb500a8deb1390f777293a9af32d934c46613d2fbac7cceb2aaa2679ae8?s=96&d=mm&r=g\",\"url\":\"https:\/\/secure.gravatar.com\/avatar\/2bd75bb500a8deb1390f777293a9af32d934c46613d2fbac7cceb2aaa2679ae8?s=96&d=mm&r=g\",\"contentUrl\":\"https:\/\/secure.gravatar.com\/avatar\/2bd75bb500a8deb1390f777293a9af32d934c46613d2fbac7cceb2aaa2679ae8?s=96&d=mm&r=g\",\"caption\":\"Redacci\u00f3n NA-NY\"},\"url\":\"https:\/\/noti-america.com\/site\/mexico\/author\/redaccionny\/\"}]}<\/script>\n<!-- \/ Yoast SEO Premium plugin. -->","yoast_head_json":{"title":"Scooters y \u2018bicis\u2019 no deben circular sobre banqueta, reitera Semovi - M\u00e9xico","robots":{"index":"index","follow":"follow","max-snippet":"max-snippet:-1","max-image-preview":"max-image-preview:large","max-video-preview":"max-video-preview:-1"},"canonical":"https:\/\/noti-america.com\/site\/mexico\/2019\/03\/25\/scooters-y-bicis-no-deben-circular-sobre-banqueta-reitera-semovi\/","og_locale":"es_ES","og_type":"article","og_title":"Scooters y \u2018bicis\u2019 no deben circular sobre banqueta, reitera Semovi","og_description":"Fuente:\u00a0 https:\/\/www.excelsior.com.mx\/ &nbsp; La Secretar\u00eda de Movilidad (Semovi) reconoci\u00f3 que cometi\u00f3 un error en las recientes modificaciones que aplic\u00f3 en el Reglamento de Tr\u00e1nsito\u00a0que entraran en vigor el 22 de abril. Se trata de&#46;&#46;&#46;","og_url":"https:\/\/noti-america.com\/site\/mexico\/2019\/03\/25\/scooters-y-bicis-no-deben-circular-sobre-banqueta-reitera-semovi\/","og_site_name":"M\u00e9xico","article_published_time":"2019-03-25T02:55:54+00:00","og_image":[{"width":664,"height":498,"url":"https:\/\/noti-america.com\/site\/mexico\/wp-content\/uploads\/sites\/13\/2019\/03\/1-50.jpg","type":"image\/jpeg"}],"author":"Redacci\u00f3n NA-NY","twitter_card":"summary_large_image","twitter_misc":{"Escrito por":"Redacci\u00f3n NA-NY","Tiempo estimado de lectura":"1 minuto"},"schema":{"@context":"https:\/\/schema.org","@graph":[{"@type":"Article","@id":"https:\/\/noti-america.com\/site\/mexico\/2019\/03\/25\/scooters-y-bicis-no-deben-circular-sobre-banqueta-reitera-semovi\/#article","isPartOf":{"@id":"https:\/\/noti-america.com\/site\/mexico\/2019\/03\/25\/scooters-y-bicis-no-deben-circular-sobre-banqueta-reitera-semovi\/"},"author":{"name":"Redacci\u00f3n NA-NY","@id":"https:\/\/noti-america.com\/site\/mexico\/#\/schema\/person\/db5a6527aaddfc34b3753d557a1292f0"},"headline":"Scooters y \u2018bicis\u2019 no deben circular sobre banqueta, reitera Semovi","datePublished":"2019-03-25T02:55:54+00:00","mainEntityOfPage":{"@id":"https:\/\/noti-america.com\/site\/mexico\/2019\/03\/25\/scooters-y-bicis-no-deben-circular-sobre-banqueta-reitera-semovi\/"},"wordCount":296,"commentCount":0,"publisher":{"@id":"https:\/\/noti-america.com\/site\/mexico\/#organization"},"image":{"@id":"https:\/\/noti-america.com\/site\/mexico\/2019\/03\/25\/scooters-y-bicis-no-deben-circular-sobre-banqueta-reitera-semovi\/#primaryimage"},"thumbnailUrl":"https:\/\/noti-america.com\/site\/mexico\/wp-content\/uploads\/sites\/13\/2019\/03\/1-50.jpg","keywords":["reitera Semovi","Scooters y \u2018bicis\u2019 no deben circular sobre banqueta"],"articleSection":["Noticias"],"inLanguage":"es","potentialAction":[{"@type":"CommentAction","name":"Comment","target":["https:\/\/noti-america.com\/site\/mexico\/2019\/03\/25\/scooters-y-bicis-no-deben-circular-sobre-banqueta-reitera-semovi\/#respond"]}]},{"@type":"WebPage","@id":"https:\/\/noti-america.com\/site\/mexico\/2019\/03\/25\/scooters-y-bicis-no-deben-circular-sobre-banqueta-reitera-semovi\/","url":"https:\/\/noti-america.com\/site\/mexico\/2019\/03\/25\/scooters-y-bicis-no-deben-circular-sobre-banqueta-reitera-semovi\/","name":"Scooters y \u2018bicis\u2019 no deben circular sobre banqueta, reitera Semovi - M\u00e9xico","isPartOf":{"@id":"https:\/\/noti-america.com\/site\/mexico\/#website"},"primaryImageOfPage":{"@id":"https:\/\/noti-america.com\/site\/mexico\/2019\/03\/25\/scooters-y-bicis-no-deben-circular-sobre-banqueta-reitera-semovi\/#primaryimage"},"image":{"@id":"https:\/\/noti-america.com\/site\/mexico\/2019\/03\/25\/scooters-y-bicis-no-deben-circular-sobre-banqueta-reitera-semovi\/#primaryimage"},"thumbnailUrl":"https:\/\/noti-america.com\/site\/mexico\/wp-content\/uploads\/sites\/13\/2019\/03\/1-50.jpg","datePublished":"2019-03-25T02:55:54+00:00","breadcrumb":{"@id":"https:\/\/noti-america.com\/site\/mexico\/2019\/03\/25\/scooters-y-bicis-no-deben-circular-sobre-banqueta-reitera-semovi\/#breadcrumb"},"inLanguage":"es","potentialAction":[{"@type":"ReadAction","target":["https:\/\/noti-america.com\/site\/mexico\/2019\/03\/25\/scooters-y-bicis-no-deben-circular-sobre-banqueta-reitera-semovi\/"]}]},{"@type":"ImageObject","inLanguage":"es","@id":"https:\/\/noti-america.com\/site\/mexico\/2019\/03\/25\/scooters-y-bicis-no-deben-circular-sobre-banqueta-reitera-semovi\/#primaryimage","url":"https:\/\/noti-america.com\/site\/mexico\/wp-content\/uploads\/sites\/13\/2019\/03\/1-50.jpg","contentUrl":"https:\/\/noti-america.com\/site\/mexico\/wp-content\/uploads\/sites\/13\/2019\/03\/1-50.jpg","width":664,"height":498},{"@type":"BreadcrumbList","@id":"https:\/\/noti-america.com\/site\/mexico\/2019\/03\/25\/scooters-y-bicis-no-deben-circular-sobre-banqueta-reitera-semovi\/#breadcrumb","itemListElement":[{"@type":"ListItem","position":1,"name":"Portada","item":"https:\/\/noti-america.com\/site\/mexico\/"},{"@type":"ListItem","position":2,"name":"Scooters y \u2018bicis\u2019 no deben circular sobre banqueta, reitera Semovi"}]},{"@type":"WebSite","@id":"https:\/\/noti-america.com\/site\/mexico\/#website","url":"https:\/\/noti-america.com\/site\/mexico\/","name":"M\u00e9xico | Noti-America.com","description":"","publisher":{"@id":"https:\/\/noti-america.com\/site\/mexico\/#organization"},"potentialAction":[{"@type":"SearchAction","target":{"@type":"EntryPoint","urlTemplate":"https:\/\/noti-america.com\/site\/mexico\/?s={search_term_string}"},"query-input":{"@type":"PropertyValueSpecification","valueRequired":true,"valueName":"search_term_string"}}],"inLanguage":"es"},{"@type":"Organization","@id":"https:\/\/noti-america.com\/site\/mexico\/#organization","name":"Noti-America LLC | M\u00e9xico","url":"https:\/\/noti-america.com\/site\/mexico\/","logo":{"@type":"ImageObject","inLanguage":"es","@id":"https:\/\/noti-america.com\/site\/mexico\/#\/schema\/logo\/image\/","url":"https:\/\/noti-america.com\/site\/mexico\/wp-content\/uploads\/sites\/13\/2020\/07\/LogoNA-4x3-1.jpg","contentUrl":"https:\/\/noti-america.com\/site\/mexico\/wp-content\/uploads\/sites\/13\/2020\/07\/LogoNA-4x3-1.jpg","width":1236,"height":1080,"caption":"Noti-America LLC | M\u00e9xico"},"image":{"@id":"https:\/\/noti-america.com\/site\/mexico\/#\/schema\/logo\/image\/"}},{"@type":"Person","@id":"https:\/\/noti-america.com\/site\/mexico\/#\/schema\/person\/db5a6527aaddfc34b3753d557a1292f0","name":"Redacci\u00f3n NA-NY","image":{"@type":"ImageObject","inLanguage":"es","@id":"https:\/\/secure.gravatar.com\/avatar\/2bd75bb500a8deb1390f777293a9af32d934c46613d2fbac7cceb2aaa2679ae8?s=96&d=mm&r=g","url":"https:\/\/secure.gravatar.com\/avatar\/2bd75bb500a8deb1390f777293a9af32d934c46613d2fbac7cceb2aaa2679ae8?s=96&d=mm&r=g","contentUrl":"https:\/\/secure.gravatar.com\/avatar\/2bd75bb500a8deb1390f777293a9af32d934c46613d2fbac7cceb2aaa2679ae8?s=96&d=mm&r=g","caption":"Redacci\u00f3n NA-NY"},"url":"https:\/\/noti-america.com\/site\/mexico\/author\/redaccionny\/"}]}},"_links":{"self":[{"href":"https:\/\/noti-america.com\/site\/mexico\/wp-json\/wp\/v2\/posts\/3899","targetHints":{"allow":["GET"]}}],"collection":[{"href":"https:\/\/noti-america.com\/site\/mexico\/wp-json\/wp\/v2\/posts"}],"about":[{"href":"https:\/\/noti-america.com\/site\/mexico\/wp-json\/wp\/v2\/types\/post"}],"author":[{"embeddable":true,"href":"https:\/\/noti-america.com\/site\/mexico\/wp-json\/wp\/v2\/users\/28"}],"replies":[{"embeddable":true,"href":"https:\/\/noti-america.com\/site\/mexico\/wp-json\/wp\/v2\/comments?post=3899"}],"version-history":[{"count":2,"href":"https:\/\/noti-america.com\/site\/mexico\/wp-json\/wp\/v2\/posts\/3899\/revisions"}],"predecessor-version":[{"id":3913,"href":"https:\/\/noti-america.com\/site\/mexico\/wp-json\/wp\/v2\/posts\/3899\/revisions\/3913"}],"wp:featuredmedia":[{"embeddable":true,"href":"https:\/\/noti-america.com\/site\/mexico\/wp-json\/wp\/v2\/media\/3900"}],"wp:attachment":[{"href":"https:\/\/noti-america.com\/site\/mexico\/wp-json\/wp\/v2\/media?parent=3899"}],"wp:term":[{"taxonomy":"category","embeddable":true,"href":"https:\/\/noti-america.com\/site\/mexico\/wp-json\/wp\/v2\/categories?post=3899"},{"taxonomy":"post_tag","embeddable":true,"href":"https:\/\/noti-america.com\/site\/mexico\/wp-json\/wp\/v2\/tags?post=3899"}],"curies":[{"name":"wp","href":"https:\/\/api.w.org\/{rel}","templated":true}]}}